{"id":44557,"date":"2023-08-12T22:17:39","date_gmt":"2023-08-12T21:17:39","guid":{"rendered":"https:\/\/lasentinelle.dz\/?p=44557"},"modified":"2023-08-12T22:17:41","modified_gmt":"2023-08-12T21:17:41","slug":"bilan-des-operations-de-lanp-un-terroriste-et-12-elements-de-soutien-arretes-en-juillet","status":"publish","type":"post","link":"https:\/\/lasentinelle.dz\/index.php\/2023\/08\/12\/bilan-des-operations-de-lanp-un-terroriste-et-12-elements-de-soutien-arretes-en-juillet\/","title":{"rendered":"Bilan des op\u00e9rations de l\u2019ANP\u00a0: Un terroriste et 12 \u00e9l\u00e9ments de soutien arr\u00eat\u00e9s\u00a0 en juillet"},"content":{"rendered":"\n<p>Les \u00e9l\u00e9ments de l\u2019Arm\u00e9e nationale populaire (ANP) ont arr\u00eat\u00e9&nbsp; un terroriste et 12 \u00e9l\u00e9ments de soutien aux groupes terroristes, alors qu\u2019un autre terroriste s\u2019est rendu aux autorit\u00e9s militaires durant le mois de juillet dernier, a indiqu\u00e9 un communiqu\u00e9 du minist\u00e8re de la D\u00e9fense nationale rendu public vendredi. Selon la m\u00eame source, 25 armes \u00e0 feu ont \u00e9t\u00e9 r\u00e9cup\u00e9r\u00e9es et une bombe de confection artisanale a \u00e9t\u00e9 d\u00e9couverte et d\u00e9truite. Par ailleurs, et au titre du bilan op\u00e9rationnel de l\u2019ANP pour le m\u00eame mois, les d\u00e9tachements de l\u2019ANP ont mis en \u00e9chec des tentatives d\u2019introduction, via les fronti\u00e8res avec le Maroc, de quantit\u00e9s de substances narcotiques et saisis 191,29 qx de kif, 37,8 kg de coca\u00efne et 832, 166 comprim\u00e9s&nbsp; psychotropes.&nbsp; Ces op\u00e9rations&nbsp; men\u00e9es par des d\u00e9tachements de l\u2019ANP&nbsp; ont donn\u00e9 lieu \u00e0 la mise hors d\u2019\u00e9tat de nuire \u00e0&nbsp; 179 narcotrafiquants, a pr\u00e9cis\u00e9 le MDN.&nbsp; Dans le cadre de la lutte contre la contrebande et l\u2019orpaillage illicite, la m\u00eame source a fait \u00e9tat de l\u2019arrestation de 850 individus et la saisie de 745 groupes \u00e9lectrog\u00e8nes, 359 marteaux piqueurs et 12 d\u00e9tecteurs de m\u00e9taux ainsi que 79 v\u00e9hicules tous types. Ont&nbsp; \u00e9galement&nbsp; \u00e9t\u00e9 saisis&nbsp; durant le m\u00eame mois 59 408 litres de carburant, a ajout\u00e9 ledit communiqu\u00e9. Au volet de l\u2019immigration clandestine les forces de l\u2019ANP ont arr\u00eat\u00e9 1194 immigrants clandestins de diff\u00e9rentes nationalit\u00e9s, a conclut le communiqu\u00e9 du MDN.<\/p>\n\n\n\n<p><strong>Sofia Chahine<\/strong><\/p>\n","protected":false},"excerpt":{"rendered":"<p>Les \u00e9l\u00e9ments de l\u2019Arm\u00e9e nationale populaire (ANP) ont arr\u00eat\u00e9&nbsp; un terroriste et 12 \u00e9l\u00e9ments de soutien aux groupes terroristes, alors<\/p>\n","protected":false},"author":3,"featured_media":31868,"comment_status":"open","ping_status":"closed","sticky":false,"template":"","format":"standard","meta":{"colormag_page_container_layout":"default_layout","colormag_page_sidebar_layout":"default_layout","om_disable_all_campaigns":false,"_monsterinsights_skip_tracking":false,"_monsterinsights_sitenote_active":false,"_monsterinsights_sitenote_note":"","_monsterinsights_sitenote_category":0,"footnotes":"","_wpscppro_dont_share_socialmedia":false,"_wpscppro_custom_social_share_image":0,"_facebook_share_type":"","_twitter_share_type":"","_linkedin_share_type":"","_pinterest_share_type":"","_linkedin_share_type_page":"","_instagram_share_type":"","_medium_share_type":"","_threads_share_type":"","_google_business_share_type":"","_selected_social_profile":[],"_wpsp_enable_custom_social_template":false,"_wpsp_social_scheduling":{"enabled":false,"datetime":null,"platforms":[],"status":"template_only","dateOption":"today","timeOption":"now","customDays":"","customHours":"","customDate":"","customTime":"","schedulingType":"absolute"},"_wpsp_active_default_template":true},"categories":[27],"tags":[],"class_list":["post-44557","post","type-post","status-publish","format-standard","has-post-thumbnail","hentry","category-actualite"],"aioseo_notices":[],"yoast_head":"<!-- This site is optimized with the Yoast SEO plugin v27.5 - https:\/\/yoast.com\/product\/yoast-seo-wordpress\/ -->\n<title>Bilan des op\u00e9rations de l\u2019ANP\u00a0: Un terroriste et 12 \u00e9l\u00e9ments de soutien arr\u00eat\u00e9s\u00a0 en juillet - La Sentinelle<\/title>\n<meta name=\"robots\" content=\"index, follow, max-snippet:-1, max-image-preview:large, max-video-preview:-1\" \/>\n<link rel=\"canonical\" href=\"https:\/\/lasentinelle.dz\/index.php\/2023\/08\/12\/bilan-des-operations-de-lanp-un-terroriste-et-12-elements-de-soutien-arretes-en-juillet\/\" \/>\n<meta property=\"og:locale\" content=\"fr_FR\" \/>\n<meta property=\"og:type\" content=\"article\" \/>\n<meta property=\"og:title\" content=\"Bilan des op\u00e9rations de l\u2019ANP\u00a0: Un terroriste et 12 \u00e9l\u00e9ments de soutien arr\u00eat\u00e9s\u00a0 en juillet - La Sentinelle\" \/>\n<meta property=\"og:description\" content=\"Les \u00e9l\u00e9ments de l\u2019Arm\u00e9e nationale populaire (ANP) ont arr\u00eat\u00e9&nbsp; un terroriste et 12 \u00e9l\u00e9ments de soutien aux groupes terroristes, alors\" \/>\n<meta property=\"og:url\" content=\"https:\/\/lasentinelle.dz\/index.php\/2023\/08\/12\/bilan-des-operations-de-lanp-un-terroriste-et-12-elements-de-soutien-arretes-en-juillet\/\" \/>\n<meta property=\"og:site_name\" content=\"La Sentinelle\" \/>\n<meta property=\"article:publisher\" content=\"https:\/\/www.facebook.com\/La-Sentinelle-104059864394773\" \/>\n<meta property=\"article:published_time\" content=\"2023-08-12T21:17:39+00:00\" \/>\n<meta property=\"article:modified_time\" content=\"2023-08-12T21:17:41+00:00\" \/>\n<meta property=\"og:image\" content=\"https:\/\/lasentinelle.dz\/wp-content\/uploads\/2022\/11\/MDN.png\" \/>\n\t<meta property=\"og:image:width\" content=\"1350\" \/>\n\t<meta property=\"og:image:height\" content=\"900\" \/>\n\t<meta property=\"og:image:type\" content=\"image\/png\" \/>\n<meta name=\"author\" content=\"La Sentinelle\" \/>\n<meta name=\"twitter:card\" content=\"summary_large_image\" \/>\n<meta name=\"twitter:label1\" content=\"\u00c9crit par\" \/>\n\t<meta name=\"twitter:data1\" content=\"La Sentinelle\" \/>\n\t<meta name=\"twitter:label2\" content=\"Dur\u00e9e de lecture estim\u00e9e\" \/>\n\t<meta name=\"twitter:data2\" content=\"2 minutes\" \/>\n<script type=\"application\/ld+json\" class=\"yoast-schema-graph\">{\"@context\":\"https:\\\/\\\/schema.org\",\"@graph\":[{\"@type\":\"Article\",\"@id\":\"https:\\\/\\\/lasentinelle.dz\\\/index.php\\\/2023\\\/08\\\/12\\\/bilan-des-operations-de-lanp-un-terroriste-et-12-elements-de-soutien-arretes-en-juillet\\\/#article\",\"isPartOf\":{\"@id\":\"https:\\\/\\\/lasentinelle.dz\\\/index.php\\\/2023\\\/08\\\/12\\\/bilan-des-operations-de-lanp-un-terroriste-et-12-elements-de-soutien-arretes-en-juillet\\\/\"},\"author\":{\"name\":\"La Sentinelle\",\"@id\":\"https:\\\/\\\/lasentinelle.dz\\\/#\\\/schema\\\/person\\\/d865044e22e70a75174ce8bcad3acfb3\"},\"headline\":\"Bilan des op\u00e9rations de l\u2019ANP\u00a0: Un terroriste et 12 \u00e9l\u00e9ments de soutien arr\u00eat\u00e9s\u00a0 en juillet\",\"datePublished\":\"2023-08-12T21:17:39+00:00\",\"dateModified\":\"2023-08-12T21:17:41+00:00\",\"mainEntityOfPage\":{\"@id\":\"https:\\\/\\\/lasentinelle.dz\\\/index.php\\\/2023\\\/08\\\/12\\\/bilan-des-operations-de-lanp-un-terroriste-et-12-elements-de-soutien-arretes-en-juillet\\\/\"},\"wordCount\":287,\"commentCount\":0,\"publisher\":{\"@id\":\"https:\\\/\\\/lasentinelle.dz\\\/#organization\"},\"image\":{\"@id\":\"https:\\\/\\\/lasentinelle.dz\\\/index.php\\\/2023\\\/08\\\/12\\\/bilan-des-operations-de-lanp-un-terroriste-et-12-elements-de-soutien-arretes-en-juillet\\\/#primaryimage\"},\"thumbnailUrl\":\"https:\\\/\\\/lasentinelle.dz\\\/wp-content\\\/uploads\\\/2022\\\/11\\\/MDN.png\",\"articleSection\":[\"Actualit\u00e9\"],\"inLanguage\":\"fr-FR\",\"potentialAction\":[{\"@type\":\"CommentAction\",\"name\":\"Comment\",\"target\":[\"https:\\\/\\\/lasentinelle.dz\\\/index.php\\\/2023\\\/08\\\/12\\\/bilan-des-operations-de-lanp-un-terroriste-et-12-elements-de-soutien-arretes-en-juillet\\\/#respond\"]}]},{\"@type\":\"WebPage\",\"@id\":\"https:\\\/\\\/lasentinelle.dz\\\/index.php\\\/2023\\\/08\\\/12\\\/bilan-des-operations-de-lanp-un-terroriste-et-12-elements-de-soutien-arretes-en-juillet\\\/\",\"url\":\"https:\\\/\\\/lasentinelle.dz\\\/index.php\\\/2023\\\/08\\\/12\\\/bilan-des-operations-de-lanp-un-terroriste-et-12-elements-de-soutien-arretes-en-juillet\\\/\",\"name\":\"Bilan des op\u00e9rations de l\u2019ANP\u00a0: Un terroriste et 12 \u00e9l\u00e9ments de soutien arr\u00eat\u00e9s\u00a0 en juillet - La Sentinelle\",\"isPartOf\":{\"@id\":\"https:\\\/\\\/lasentinelle.dz\\\/#website\"},\"primaryImageOfPage\":{\"@id\":\"https:\\\/\\\/lasentinelle.dz\\\/index.php\\\/2023\\\/08\\\/12\\\/bilan-des-operations-de-lanp-un-terroriste-et-12-elements-de-soutien-arretes-en-juillet\\\/#primaryimage\"},\"image\":{\"@id\":\"https:\\\/\\\/lasentinelle.dz\\\/index.php\\\/2023\\\/08\\\/12\\\/bilan-des-operations-de-lanp-un-terroriste-et-12-elements-de-soutien-arretes-en-juillet\\\/#primaryimage\"},\"thumbnailUrl\":\"https:\\\/\\\/lasentinelle.dz\\\/wp-content\\\/uploads\\\/2022\\\/11\\\/MDN.png\",\"datePublished\":\"2023-08-12T21:17:39+00:00\",\"dateModified\":\"2023-08-12T21:17:41+00:00\",\"breadcrumb\":{\"@id\":\"https:\\\/\\\/lasentinelle.dz\\\/index.php\\\/2023\\\/08\\\/12\\\/bilan-des-operations-de-lanp-un-terroriste-et-12-elements-de-soutien-arretes-en-juillet\\\/#breadcrumb\"},\"inLanguage\":\"fr-FR\",\"potentialAction\":[{\"@type\":\"ReadAction\",\"target\":[\"https:\\\/\\\/lasentinelle.dz\\\/index.php\\\/2023\\\/08\\\/12\\\/bilan-des-operations-de-lanp-un-terroriste-et-12-elements-de-soutien-arretes-en-juillet\\\/\"]}]},{\"@type\":\"ImageObject\",\"inLanguage\":\"fr-FR\",\"@id\":\"https:\\\/\\\/lasentinelle.dz\\\/index.php\\\/2023\\\/08\\\/12\\\/bilan-des-operations-de-lanp-un-terroriste-et-12-elements-de-soutien-arretes-en-juillet\\\/#primaryimage\",\"url\":\"https:\\\/\\\/lasentinelle.dz\\\/wp-content\\\/uploads\\\/2022\\\/11\\\/MDN.png\",\"contentUrl\":\"https:\\\/\\\/lasentinelle.dz\\\/wp-content\\\/uploads\\\/2022\\\/11\\\/MDN.png\",\"width\":1350,\"height\":900},{\"@type\":\"BreadcrumbList\",\"@id\":\"https:\\\/\\\/lasentinelle.dz\\\/index.php\\\/2023\\\/08\\\/12\\\/bilan-des-operations-de-lanp-un-terroriste-et-12-elements-de-soutien-arretes-en-juillet\\\/#breadcrumb\",\"itemListElement\":[{\"@type\":\"ListItem\",\"position\":1,\"name\":\"Accueil\",\"item\":\"https:\\\/\\\/lasentinelle.dz\\\/\"},{\"@type\":\"ListItem\",\"position\":2,\"name\":\"Bilan des op\u00e9rations de l\u2019ANP\u00a0: Un terroriste et 12 \u00e9l\u00e9ments de soutien arr\u00eat\u00e9s\u00a0 en juillet\"}]},{\"@type\":\"WebSite\",\"@id\":\"https:\\\/\\\/lasentinelle.dz\\\/#website\",\"url\":\"https:\\\/\\\/lasentinelle.dz\\\/\",\"name\":\"La Sentinelle\",\"description\":\"Quotidien national d&#039;information\",\"publisher\":{\"@id\":\"https:\\\/\\\/lasentinelle.dz\\\/#organization\"},\"potentialAction\":[{\"@type\":\"SearchAction\",\"target\":{\"@type\":\"EntryPoint\",\"urlTemplate\":\"https:\\\/\\\/lasentinelle.dz\\\/?s={search_term_string}\"},\"query-input\":{\"@type\":\"PropertyValueSpecification\",\"valueRequired\":true,\"valueName\":\"search_term_string\"}}],\"inLanguage\":\"fr-FR\"},{\"@type\":\"Organization\",\"@id\":\"https:\\\/\\\/lasentinelle.dz\\\/#organization\",\"name\":\"Quotidien La Sentinelle\",\"url\":\"https:\\\/\\\/lasentinelle.dz\\\/\",\"logo\":{\"@type\":\"ImageObject\",\"inLanguage\":\"fr-FR\",\"@id\":\"https:\\\/\\\/lasentinelle.dz\\\/#\\\/schema\\\/logo\\\/image\\\/\",\"url\":\"https:\\\/\\\/lasentinelle.dz\\\/wp-content\\\/uploads\\\/2021\\\/09\\\/logo-sentinelleSLOGAN-1.png\",\"contentUrl\":\"https:\\\/\\\/lasentinelle.dz\\\/wp-content\\\/uploads\\\/2021\\\/09\\\/logo-sentinelleSLOGAN-1.png\",\"width\":615,\"height\":142,\"caption\":\"Quotidien La Sentinelle\"},\"image\":{\"@id\":\"https:\\\/\\\/lasentinelle.dz\\\/#\\\/schema\\\/logo\\\/image\\\/\"},\"sameAs\":[\"https:\\\/\\\/www.facebook.com\\\/La-Sentinelle-104059864394773\"]},{\"@type\":\"Person\",\"@id\":\"https:\\\/\\\/lasentinelle.dz\\\/#\\\/schema\\\/person\\\/d865044e22e70a75174ce8bcad3acfb3\",\"name\":\"La Sentinelle\",\"image\":{\"@type\":\"ImageObject\",\"inLanguage\":\"fr-FR\",\"@id\":\"https:\\\/\\\/secure.gravatar.com\\\/avatar\\\/57de8e5d4b15d43fb361a71fbb36338450fe67865b528a43dd10ef7c51a20392?s=96&d=mm&r=g\",\"url\":\"https:\\\/\\\/secure.gravatar.com\\\/avatar\\\/57de8e5d4b15d43fb361a71fbb36338450fe67865b528a43dd10ef7c51a20392?s=96&d=mm&r=g\",\"contentUrl\":\"https:\\\/\\\/secure.gravatar.com\\\/avatar\\\/57de8e5d4b15d43fb361a71fbb36338450fe67865b528a43dd10ef7c51a20392?s=96&d=mm&r=g\",\"caption\":\"La Sentinelle\"},\"sameAs\":[\"http:\\\/\\\/www.lasentinelle.dz\"],\"url\":\"https:\\\/\\\/lasentinelle.dz\\\/author\\\/redaction\\\/\"}]}<\/script>\n<!-- \/ Yoast SEO plugin. -->","yoast_head_json":{"title":"Bilan des op\u00e9rations de l\u2019ANP\u00a0: Un terroriste et 12 \u00e9l\u00e9ments de soutien arr\u00eat\u00e9s\u00a0 en juillet - La Sentinelle","robots":{"index":"index","follow":"follow","max-snippet":"max-snippet:-1","max-image-preview":"max-image-preview:large","max-video-preview":"max-video-preview:-1"},"canonical":"https:\/\/lasentinelle.dz\/index.php\/2023\/08\/12\/bilan-des-operations-de-lanp-un-terroriste-et-12-elements-de-soutien-arretes-en-juillet\/","og_locale":"fr_FR","og_type":"article","og_title":"Bilan des op\u00e9rations de l\u2019ANP\u00a0: Un terroriste et 12 \u00e9l\u00e9ments de soutien arr\u00eat\u00e9s\u00a0 en juillet - La Sentinelle","og_description":"Les \u00e9l\u00e9ments de l\u2019Arm\u00e9e nationale populaire (ANP) ont arr\u00eat\u00e9&nbsp; un terroriste et 12 \u00e9l\u00e9ments de soutien aux groupes terroristes, alors","og_url":"https:\/\/lasentinelle.dz\/index.php\/2023\/08\/12\/bilan-des-operations-de-lanp-un-terroriste-et-12-elements-de-soutien-arretes-en-juillet\/","og_site_name":"La Sentinelle","article_publisher":"https:\/\/www.facebook.com\/La-Sentinelle-104059864394773","article_published_time":"2023-08-12T21:17:39+00:00","article_modified_time":"2023-08-12T21:17:41+00:00","og_image":[{"width":1350,"height":900,"url":"https:\/\/lasentinelle.dz\/wp-content\/uploads\/2022\/11\/MDN.png","type":"image\/png"}],"author":"La Sentinelle","twitter_card":"summary_large_image","twitter_misc":{"\u00c9crit par":"La Sentinelle","Dur\u00e9e de lecture estim\u00e9e":"2 minutes"},"schema":{"@context":"https:\/\/schema.org","@graph":[{"@type":"Article","@id":"https:\/\/lasentinelle.dz\/index.php\/2023\/08\/12\/bilan-des-operations-de-lanp-un-terroriste-et-12-elements-de-soutien-arretes-en-juillet\/#article","isPartOf":{"@id":"https:\/\/lasentinelle.dz\/index.php\/2023\/08\/12\/bilan-des-operations-de-lanp-un-terroriste-et-12-elements-de-soutien-arretes-en-juillet\/"},"author":{"name":"La Sentinelle","@id":"https:\/\/lasentinelle.dz\/#\/schema\/person\/d865044e22e70a75174ce8bcad3acfb3"},"headline":"Bilan des op\u00e9rations de l\u2019ANP\u00a0: Un terroriste et 12 \u00e9l\u00e9ments de soutien arr\u00eat\u00e9s\u00a0 en juillet","datePublished":"2023-08-12T21:17:39+00:00","dateModified":"2023-08-12T21:17:41+00:00","mainEntityOfPage":{"@id":"https:\/\/lasentinelle.dz\/index.php\/2023\/08\/12\/bilan-des-operations-de-lanp-un-terroriste-et-12-elements-de-soutien-arretes-en-juillet\/"},"wordCount":287,"commentCount":0,"publisher":{"@id":"https:\/\/lasentinelle.dz\/#organization"},"image":{"@id":"https:\/\/lasentinelle.dz\/index.php\/2023\/08\/12\/bilan-des-operations-de-lanp-un-terroriste-et-12-elements-de-soutien-arretes-en-juillet\/#primaryimage"},"thumbnailUrl":"https:\/\/lasentinelle.dz\/wp-content\/uploads\/2022\/11\/MDN.png","articleSection":["Actualit\u00e9"],"inLanguage":"fr-FR","potentialAction":[{"@type":"CommentAction","name":"Comment","target":["https:\/\/lasentinelle.dz\/index.php\/2023\/08\/12\/bilan-des-operations-de-lanp-un-terroriste-et-12-elements-de-soutien-arretes-en-juillet\/#respond"]}]},{"@type":"WebPage","@id":"https:\/\/lasentinelle.dz\/index.php\/2023\/08\/12\/bilan-des-operations-de-lanp-un-terroriste-et-12-elements-de-soutien-arretes-en-juillet\/","url":"https:\/\/lasentinelle.dz\/index.php\/2023\/08\/12\/bilan-des-operations-de-lanp-un-terroriste-et-12-elements-de-soutien-arretes-en-juillet\/","name":"Bilan des op\u00e9rations de l\u2019ANP\u00a0: Un terroriste et 12 \u00e9l\u00e9ments de soutien arr\u00eat\u00e9s\u00a0 en juillet - La Sentinelle","isPartOf":{"@id":"https:\/\/lasentinelle.dz\/#website"},"primaryImageOfPage":{"@id":"https:\/\/lasentinelle.dz\/index.php\/2023\/08\/12\/bilan-des-operations-de-lanp-un-terroriste-et-12-elements-de-soutien-arretes-en-juillet\/#primaryimage"},"image":{"@id":"https:\/\/lasentinelle.dz\/index.php\/2023\/08\/12\/bilan-des-operations-de-lanp-un-terroriste-et-12-elements-de-soutien-arretes-en-juillet\/#primaryimage"},"thumbnailUrl":"https:\/\/lasentinelle.dz\/wp-content\/uploads\/2022\/11\/MDN.png","datePublished":"2023-08-12T21:17:39+00:00","dateModified":"2023-08-12T21:17:41+00:00","breadcrumb":{"@id":"https:\/\/lasentinelle.dz\/index.php\/2023\/08\/12\/bilan-des-operations-de-lanp-un-terroriste-et-12-elements-de-soutien-arretes-en-juillet\/#breadcrumb"},"inLanguage":"fr-FR","potentialAction":[{"@type":"ReadAction","target":["https:\/\/lasentinelle.dz\/index.php\/2023\/08\/12\/bilan-des-operations-de-lanp-un-terroriste-et-12-elements-de-soutien-arretes-en-juillet\/"]}]},{"@type":"ImageObject","inLanguage":"fr-FR","@id":"https:\/\/lasentinelle.dz\/index.php\/2023\/08\/12\/bilan-des-operations-de-lanp-un-terroriste-et-12-elements-de-soutien-arretes-en-juillet\/#primaryimage","url":"https:\/\/lasentinelle.dz\/wp-content\/uploads\/2022\/11\/MDN.png","contentUrl":"https:\/\/lasentinelle.dz\/wp-content\/uploads\/2022\/11\/MDN.png","width":1350,"height":900},{"@type":"BreadcrumbList","@id":"https:\/\/lasentinelle.dz\/index.php\/2023\/08\/12\/bilan-des-operations-de-lanp-un-terroriste-et-12-elements-de-soutien-arretes-en-juillet\/#breadcrumb","itemListElement":[{"@type":"ListItem","position":1,"name":"Accueil","item":"https:\/\/lasentinelle.dz\/"},{"@type":"ListItem","position":2,"name":"Bilan des op\u00e9rations de l\u2019ANP\u00a0: Un terroriste et 12 \u00e9l\u00e9ments de soutien arr\u00eat\u00e9s\u00a0 en juillet"}]},{"@type":"WebSite","@id":"https:\/\/lasentinelle.dz\/#website","url":"https:\/\/lasentinelle.dz\/","name":"La Sentinelle","description":"Quotidien national d&#039;information","publisher":{"@id":"https:\/\/lasentinelle.dz\/#organization"},"potentialAction":[{"@type":"SearchAction","target":{"@type":"EntryPoint","urlTemplate":"https:\/\/lasentinelle.dz\/?s={search_term_string}"},"query-input":{"@type":"PropertyValueSpecification","valueRequired":true,"valueName":"search_term_string"}}],"inLanguage":"fr-FR"},{"@type":"Organization","@id":"https:\/\/lasentinelle.dz\/#organization","name":"Quotidien La Sentinelle","url":"https:\/\/lasentinelle.dz\/","logo":{"@type":"ImageObject","inLanguage":"fr-FR","@id":"https:\/\/lasentinelle.dz\/#\/schema\/logo\/image\/","url":"https:\/\/lasentinelle.dz\/wp-content\/uploads\/2021\/09\/logo-sentinelleSLOGAN-1.png","contentUrl":"https:\/\/lasentinelle.dz\/wp-content\/uploads\/2021\/09\/logo-sentinelleSLOGAN-1.png","width":615,"height":142,"caption":"Quotidien La Sentinelle"},"image":{"@id":"https:\/\/lasentinelle.dz\/#\/schema\/logo\/image\/"},"sameAs":["https:\/\/www.facebook.com\/La-Sentinelle-104059864394773"]},{"@type":"Person","@id":"https:\/\/lasentinelle.dz\/#\/schema\/person\/d865044e22e70a75174ce8bcad3acfb3","name":"La Sentinelle","image":{"@type":"ImageObject","inLanguage":"fr-FR","@id":"https:\/\/secure.gravatar.com\/avatar\/57de8e5d4b15d43fb361a71fbb36338450fe67865b528a43dd10ef7c51a20392?s=96&d=mm&r=g","url":"https:\/\/secure.gravatar.com\/avatar\/57de8e5d4b15d43fb361a71fbb36338450fe67865b528a43dd10ef7c51a20392?s=96&d=mm&r=g","contentUrl":"https:\/\/secure.gravatar.com\/avatar\/57de8e5d4b15d43fb361a71fbb36338450fe67865b528a43dd10ef7c51a20392?s=96&d=mm&r=g","caption":"La Sentinelle"},"sameAs":["http:\/\/www.lasentinelle.dz"],"url":"https:\/\/lasentinelle.dz\/author\/redaction\/"}]}},"_links":{"self":[{"href":"https:\/\/lasentinelle.dz\/index.php\/wp-json\/wp\/v2\/posts\/44557","targetHints":{"allow":["GET"]}}],"collection":[{"href":"https:\/\/lasentinelle.dz\/index.php\/wp-json\/wp\/v2\/posts"}],"about":[{"href":"https:\/\/lasentinelle.dz\/index.php\/wp-json\/wp\/v2\/types\/post"}],"author":[{"embeddable":true,"href":"https:\/\/lasentinelle.dz\/index.php\/wp-json\/wp\/v2\/users\/3"}],"replies":[{"embeddable":true,"href":"https:\/\/lasentinelle.dz\/index.php\/wp-json\/wp\/v2\/comments?post=44557"}],"version-history":[{"count":1,"href":"https:\/\/lasentinelle.dz\/index.php\/wp-json\/wp\/v2\/posts\/44557\/revisions"}],"predecessor-version":[{"id":44558,"href":"https:\/\/lasentinelle.dz\/index.php\/wp-json\/wp\/v2\/posts\/44557\/revisions\/44558"}],"wp:featuredmedia":[{"embeddable":true,"href":"https:\/\/lasentinelle.dz\/index.php\/wp-json\/wp\/v2\/media\/31868"}],"wp:attachment":[{"href":"https:\/\/lasentinelle.dz\/index.php\/wp-json\/wp\/v2\/media?parent=44557"}],"wp:term":[{"taxonomy":"category","embeddable":true,"href":"https:\/\/lasentinelle.dz\/index.php\/wp-json\/wp\/v2\/categories?post=44557"},{"taxonomy":"post_tag","embeddable":true,"href":"https:\/\/lasentinelle.dz\/index.php\/wp-json\/wp\/v2\/tags?post=44557"}],"curies":[{"name":"wp","href":"https:\/\/api.w.org\/{rel}","templated":true}]}}