{"id":44559,"date":"2023-08-12T22:19:14","date_gmt":"2023-08-12T21:19:14","guid":{"rendered":"https:\/\/lasentinelle.dz\/?p=44559"},"modified":"2023-08-12T22:19:16","modified_gmt":"2023-08-12T21:19:16","slug":"le-nouveau-cadre-reglementaire-entre-en-vigueur-des-missions-elargies-pour-les-huissiers-de-justice","status":"publish","type":"post","link":"https:\/\/lasentinelle.dz\/index.php\/2023\/08\/12\/le-nouveau-cadre-reglementaire-entre-en-vigueur-des-missions-elargies-pour-les-huissiers-de-justice\/","title":{"rendered":"Le nouveau cadre r\u00e9glementaire entre en vigueur\u00a0: Des missions \u00e9largies pour les huissiers de justice"},"content":{"rendered":"\n<p>La nouvelle loi r\u00e9gissant la profession d\u2019huissier de justice vient d\u2019\u00eatre promulgu\u00e9e et publi\u00e9e dans la derni\u00e8re livraison du Journal officiel. Le nouveau cadre r\u00e9glementaire qui entre ainsi en vigueur renforce la protection l\u00e9gale de l\u2019huissier de justice et \u00e9largit ses comp\u00e9tences notamment en imposant des obligations de d\u00e9claration de soup\u00e7ons dans le cadre de la lutte contre la corruption et le blanchiment d\u2019argent.<\/p>\n\n\n\n<p>En effet le texte dat\u00e9 du 5 ao\u00fbt et sign\u00e9 par le pr\u00e9sident de la R\u00e9publique, Abdelmadjid Tebboune, s\u2019inscrit dans le cadre des r\u00e9formes destin\u00e9es \u00e0 consolider les assises de l\u2019\u00c9tat de droit et a pour objectif de modifier la loi n\u00b0 06-03 du 20 f\u00e9vrier 2006 portant organisation de la profession d\u2019huissier de justice. Le texte vise \u00e0 revoir le fondement de la profession et son r\u00f4le dans l\u2019ex\u00e9cution de d\u00e9cisions de justice, mais aussi de consolider la protection des huissiers de justice. Ainsi le texte stipule d\u2019entr\u00e9e que \u00ab&nbsp;\u2019office public d\u2019huissier de justice jouit de la protection l\u00e9gale. Nul ne peut l\u2019inspecter ou saisir les pi\u00e8ces qui y sont d\u00e9pos\u00e9es que sur mandat judiciaire pr\u00e9alable \u00e9crit, en pr\u00e9sence de l\u2019huissier de justice concern\u00e9 ou de son repr\u00e9sentant, du pr\u00e9sident de la chambre r\u00e9gionale des huissiers de justice ou de son repr\u00e9sentant et apr\u00e8s les avoir d\u00fbment saisis&nbsp;\u00bb. Et d\u2019ajouter qu\u2019\u00ab&nbsp;en cas d&rsquo;extr\u00eame n\u00e9cessit\u00e9, et sur mandat judiciaire pr\u00e9alable \u00e9crit et apr\u00e8s saisine du pr\u00e9sident de la chambre r\u00e9gionale des huissiers de justice, l\u2019inspection et la saisine des pi\u00e8ces peuvent \u00eatre effectu\u00e9es sans la pr\u00e9sence des personnes mentionn\u00e9es&nbsp;\u00bb. Le texte met en place, toutefois, de nouvelles mesures pour garantir le respect des r\u00e8gles par les huissiers de justice.<\/p>\n\n\n\n<p><strong>Des pr\u00e9rogatives \u00e9largies<\/strong><\/p>\n\n\n\n<p>Ainsi en plus de la cr\u00e9ation d\u2019une Chambre nationale de chambres r\u00e9gionales des huissiers de justice, charg\u00e9es de veiller au respect des r\u00e8gles, de nouveaux crit\u00e8res pour l\u2019acc\u00e8s \u00e0 la profession ont \u00e9t\u00e9 mis en place. Le texte cr\u00e9\u00e9 ainsi, un certificat d\u2019aptitude \u00e0 la profession d\u2019huissier de justice, adoss\u00e9 \u00e0 un concours d\u2019acc\u00e8s \u00e0 la formation en vue de l\u2019obtention dudit certificat et organis\u00e9 par le minist\u00e8re de la Justice. Les nouvelles dispositions imposent aussi \u00e0 l\u2019huissier de justice d&rsquo;adopter la num\u00e9risation et d&rsquo;enregistrer les documents en versions papier et \u00e9lectronique. Le nouveau texte permettra \u00e9galement \u00e0 l&rsquo;huissier de recourir \u00e0 la signature et \u00e0 la certification \u00e9lectroniques stipul\u00e9es dans la loi 15-03 du 1er f\u00e9vrier 2015 relative \u00e0 la modernisation de la justice. Par ailleurs, gr\u00e2ce au nouveau texte \u00e9largit les comp\u00e9tences et pr\u00e9rogatives des huissiers de justice qui reprennent les activit\u00e9s des commissaires-priseurs. Ces derniers sont d\u2019ailleurs absorb\u00e9s par la profession d\u2019huissier de justice. \u00ab Les commissaires-priseurs en exercice sont int\u00e9gr\u00e9s dans la profession d\u2019huissier de justice, ils exercent les fonctions qui sont attribu\u00e9es aux huissiers de justice et sont soumis aux dispositions relatives \u00e0 la pr\u00e9sente loi, d\u00e8s sa promulgation&nbsp;\u00bb, pr\u00e9cise le texte. Des mesures ont \u00e9galement \u00e9t\u00e9 introduite pour \u00e9largir les missions des huissiers de justice pour leur adosser des obligations en mati\u00e8re de lutte contre le blanchiment d&rsquo;argent et l&rsquo;atteinte aux deniers publics. Ainsi, la nouvelle loi impose aux huissiers de justice \u00ab&nbsp;de d\u00e9clarer \u00e0 l\u2019organe sp\u00e9cialis\u00e9 dans le renseignement financier, toute op\u00e9ration lorsqu\u2019elle porte sur des capitaux paraissant provenir d\u2019une infraction ou destin\u00e9s au blanchiment de capitaux et\/ou au financement du terrorisme et\/ou au financement de la prolif\u00e9ration des armes de destruction massive&nbsp;\u00bb. \u00ab&nbsp;L\u2019huissier de justice est, \u00e9galement, tenu de d\u00e9clarer au procureur de la R\u00e9publique comp\u00e9tent tout cas qui lui est soumis pouvant porter atteinte, directement ou indirectement, aux deniers publics&nbsp;\u00bb, stipule le texte. La profession est \u00e9galement concern\u00e9e par les dispositions relatives aux contradictions avec les mandats \u00e9lectifs. La loi stipule ainsi que \u00ab&nbsp;l\u2019huissier de justice candidat \u00e0 un mandat parlementaire ou candidat \u00e0 une assembl\u00e9e populaire locale \u00e9lue, doit en informer, imm\u00e9diatement, le minist\u00e8re de la justice et la chambre r\u00e9gionale concern\u00e9e, et d\u00e8s la proclamation des r\u00e9sultats d\u00e9finitifs, en cas de son \u00e9lection&nbsp;\u00bb. \u00ab&nbsp;En cas d\u2019\u00e9lection du candidat \u00e0 un mandat parlementaire ou \u00e0 la pr\u00e9sidence d\u2019une assembl\u00e9e populaire locale \u00e9lue, ou y occupe un poste permanent, conform\u00e9ment \u00e0 la l\u00e9gislation en vigueur, le ministre de la justice, garde des sceaux, prend une d\u00e9cision d\u2019omission \u00e0 l\u2019\u00e9gard du concern\u00e9 et d\u00e9signe, sur proposition de la chambre r\u00e9gionale pour la gestion temporaire, un huissier de justice charg\u00e9 d\u2019exp\u00e9dier les affaires courantes. L&rsquo;huissier de justice \u00e9lu est r\u00e9int\u00e9gr\u00e9 dans la profession apr\u00e8s la fin de son mandat ou l&rsquo;abandon de son exercice, par d\u00e9cision du ministre de la justice, garde des sceaux \u00bb, pr\u00e9cise-t-on enfin.<\/p>\n\n\n\n<p><strong>Samir Benisid<\/strong><\/p>\n","protected":false},"excerpt":{"rendered":"<p>La nouvelle loi r\u00e9gissant la profession d\u2019huissier de justice vient d\u2019\u00eatre promulgu\u00e9e et publi\u00e9e dans la derni\u00e8re livraison du Journal<\/p>\n","protected":false},"author":3,"featured_media":41837,"comment_status":"open","ping_status":"closed","sticky":false,"template":"","format":"standard","meta":{"colormag_page_container_layout":"default_layout","colormag_page_sidebar_layout":"default_layout","om_disable_all_campaigns":false,"_monsterinsights_skip_tracking":false,"_monsterinsights_sitenote_active":false,"_monsterinsights_sitenote_note":"","_monsterinsights_sitenote_category":0,"footnotes":"","_wpscppro_dont_share_socialmedia":false,"_wpscppro_custom_social_share_image":0,"_facebook_share_type":"","_twitter_share_type":"","_linkedin_share_type":"","_pinterest_share_type":"","_linkedin_share_type_page":"","_instagram_share_type":"","_medium_share_type":"","_threads_share_type":"","_google_business_share_type":"","_selected_social_profile":[],"_wpsp_enable_custom_social_template":false,"_wpsp_social_scheduling":{"enabled":false,"datetime":null,"platforms":[],"status":"template_only","dateOption":"today","timeOption":"now","customDays":"","customHours":"","customDate":"","customTime":"","schedulingType":"absolute"},"_wpsp_active_default_template":true},"categories":[52,27],"tags":[],"class_list":["post-44559","post","type-post","status-publish","format-standard","has-post-thumbnail","hentry","category-a-la-une","category-actualite"],"aioseo_notices":[],"yoast_head":"<!-- This site is optimized with the Yoast SEO plugin v27.5 - https:\/\/yoast.com\/product\/yoast-seo-wordpress\/ -->\n<title>Le nouveau cadre r\u00e9glementaire entre en vigueur\u00a0: Des missions \u00e9largies pour les huissiers de justice - La Sentinelle<\/title>\n<meta name=\"robots\" content=\"index, follow, max-snippet:-1, max-image-preview:large, max-video-preview:-1\" \/>\n<link rel=\"canonical\" href=\"https:\/\/lasentinelle.dz\/index.php\/2023\/08\/12\/le-nouveau-cadre-reglementaire-entre-en-vigueur-des-missions-elargies-pour-les-huissiers-de-justice\/\" \/>\n<meta property=\"og:locale\" content=\"fr_FR\" \/>\n<meta property=\"og:type\" content=\"article\" \/>\n<meta property=\"og:title\" content=\"Le nouveau cadre r\u00e9glementaire entre en vigueur\u00a0: Des missions \u00e9largies pour les huissiers de justice - La Sentinelle\" \/>\n<meta property=\"og:description\" content=\"La nouvelle loi r\u00e9gissant la profession d\u2019huissier de justice vient d\u2019\u00eatre promulgu\u00e9e et publi\u00e9e dans la derni\u00e8re livraison du Journal\" \/>\n<meta property=\"og:url\" content=\"https:\/\/lasentinelle.dz\/index.php\/2023\/08\/12\/le-nouveau-cadre-reglementaire-entre-en-vigueur-des-missions-elargies-pour-les-huissiers-de-justice\/\" \/>\n<meta property=\"og:site_name\" content=\"La Sentinelle\" \/>\n<meta property=\"article:publisher\" content=\"https:\/\/www.facebook.com\/La-Sentinelle-104059864394773\" \/>\n<meta property=\"article:published_time\" content=\"2023-08-12T21:19:14+00:00\" \/>\n<meta property=\"article:modified_time\" content=\"2023-08-12T21:19:16+00:00\" \/>\n<meta property=\"og:image\" content=\"https:\/\/lasentinelle.dz\/wp-content\/uploads\/2023\/05\/Justice.png\" \/>\n\t<meta property=\"og:image:width\" content=\"1579\" \/>\n\t<meta property=\"og:image:height\" content=\"900\" \/>\n\t<meta property=\"og:image:type\" content=\"image\/png\" \/>\n<meta name=\"author\" content=\"La Sentinelle\" \/>\n<meta name=\"twitter:card\" content=\"summary_large_image\" \/>\n<meta name=\"twitter:label1\" content=\"\u00c9crit par\" \/>\n\t<meta name=\"twitter:data1\" content=\"La Sentinelle\" \/>\n\t<meta name=\"twitter:label2\" content=\"Dur\u00e9e de lecture estim\u00e9e\" \/>\n\t<meta name=\"twitter:data2\" content=\"4 minutes\" \/>\n<script type=\"application\/ld+json\" class=\"yoast-schema-graph\">{\"@context\":\"https:\\\/\\\/schema.org\",\"@graph\":[{\"@type\":\"Article\",\"@id\":\"https:\\\/\\\/lasentinelle.dz\\\/index.php\\\/2023\\\/08\\\/12\\\/le-nouveau-cadre-reglementaire-entre-en-vigueur-des-missions-elargies-pour-les-huissiers-de-justice\\\/#article\",\"isPartOf\":{\"@id\":\"https:\\\/\\\/lasentinelle.dz\\\/index.php\\\/2023\\\/08\\\/12\\\/le-nouveau-cadre-reglementaire-entre-en-vigueur-des-missions-elargies-pour-les-huissiers-de-justice\\\/\"},\"author\":{\"name\":\"La Sentinelle\",\"@id\":\"https:\\\/\\\/lasentinelle.dz\\\/#\\\/schema\\\/person\\\/d865044e22e70a75174ce8bcad3acfb3\"},\"headline\":\"Le nouveau cadre r\u00e9glementaire entre en vigueur\u00a0: Des missions \u00e9largies pour les huissiers de justice\",\"datePublished\":\"2023-08-12T21:19:14+00:00\",\"dateModified\":\"2023-08-12T21:19:16+00:00\",\"mainEntityOfPage\":{\"@id\":\"https:\\\/\\\/lasentinelle.dz\\\/index.php\\\/2023\\\/08\\\/12\\\/le-nouveau-cadre-reglementaire-entre-en-vigueur-des-missions-elargies-pour-les-huissiers-de-justice\\\/\"},\"wordCount\":896,\"commentCount\":0,\"publisher\":{\"@id\":\"https:\\\/\\\/lasentinelle.dz\\\/#organization\"},\"image\":{\"@id\":\"https:\\\/\\\/lasentinelle.dz\\\/index.php\\\/2023\\\/08\\\/12\\\/le-nouveau-cadre-reglementaire-entre-en-vigueur-des-missions-elargies-pour-les-huissiers-de-justice\\\/#primaryimage\"},\"thumbnailUrl\":\"https:\\\/\\\/lasentinelle.dz\\\/wp-content\\\/uploads\\\/2023\\\/05\\\/Justice.png\",\"articleSection\":[\"\u00c0 la Une\",\"Actualit\u00e9\"],\"inLanguage\":\"fr-FR\",\"potentialAction\":[{\"@type\":\"CommentAction\",\"name\":\"Comment\",\"target\":[\"https:\\\/\\\/lasentinelle.dz\\\/index.php\\\/2023\\\/08\\\/12\\\/le-nouveau-cadre-reglementaire-entre-en-vigueur-des-missions-elargies-pour-les-huissiers-de-justice\\\/#respond\"]}]},{\"@type\":\"WebPage\",\"@id\":\"https:\\\/\\\/lasentinelle.dz\\\/index.php\\\/2023\\\/08\\\/12\\\/le-nouveau-cadre-reglementaire-entre-en-vigueur-des-missions-elargies-pour-les-huissiers-de-justice\\\/\",\"url\":\"https:\\\/\\\/lasentinelle.dz\\\/index.php\\\/2023\\\/08\\\/12\\\/le-nouveau-cadre-reglementaire-entre-en-vigueur-des-missions-elargies-pour-les-huissiers-de-justice\\\/\",\"name\":\"Le nouveau cadre r\u00e9glementaire entre en vigueur\u00a0: Des missions \u00e9largies pour les huissiers de justice - La Sentinelle\",\"isPartOf\":{\"@id\":\"https:\\\/\\\/lasentinelle.dz\\\/#website\"},\"primaryImageOfPage\":{\"@id\":\"https:\\\/\\\/lasentinelle.dz\\\/index.php\\\/2023\\\/08\\\/12\\\/le-nouveau-cadre-reglementaire-entre-en-vigueur-des-missions-elargies-pour-les-huissiers-de-justice\\\/#primaryimage\"},\"image\":{\"@id\":\"https:\\\/\\\/lasentinelle.dz\\\/index.php\\\/2023\\\/08\\\/12\\\/le-nouveau-cadre-reglementaire-entre-en-vigueur-des-missions-elargies-pour-les-huissiers-de-justice\\\/#primaryimage\"},\"thumbnailUrl\":\"https:\\\/\\\/lasentinelle.dz\\\/wp-content\\\/uploads\\\/2023\\\/05\\\/Justice.png\",\"datePublished\":\"2023-08-12T21:19:14+00:00\",\"dateModified\":\"2023-08-12T21:19:16+00:00\",\"breadcrumb\":{\"@id\":\"https:\\\/\\\/lasentinelle.dz\\\/index.php\\\/2023\\\/08\\\/12\\\/le-nouveau-cadre-reglementaire-entre-en-vigueur-des-missions-elargies-pour-les-huissiers-de-justice\\\/#breadcrumb\"},\"inLanguage\":\"fr-FR\",\"potentialAction\":[{\"@type\":\"ReadAction\",\"target\":[\"https:\\\/\\\/lasentinelle.dz\\\/index.php\\\/2023\\\/08\\\/12\\\/le-nouveau-cadre-reglementaire-entre-en-vigueur-des-missions-elargies-pour-les-huissiers-de-justice\\\/\"]}]},{\"@type\":\"ImageObject\",\"inLanguage\":\"fr-FR\",\"@id\":\"https:\\\/\\\/lasentinelle.dz\\\/index.php\\\/2023\\\/08\\\/12\\\/le-nouveau-cadre-reglementaire-entre-en-vigueur-des-missions-elargies-pour-les-huissiers-de-justice\\\/#primaryimage\",\"url\":\"https:\\\/\\\/lasentinelle.dz\\\/wp-content\\\/uploads\\\/2023\\\/05\\\/Justice.png\",\"contentUrl\":\"https:\\\/\\\/lasentinelle.dz\\\/wp-content\\\/uploads\\\/2023\\\/05\\\/Justice.png\",\"width\":1579,\"height\":900},{\"@type\":\"BreadcrumbList\",\"@id\":\"https:\\\/\\\/lasentinelle.dz\\\/index.php\\\/2023\\\/08\\\/12\\\/le-nouveau-cadre-reglementaire-entre-en-vigueur-des-missions-elargies-pour-les-huissiers-de-justice\\\/#breadcrumb\",\"itemListElement\":[{\"@type\":\"ListItem\",\"position\":1,\"name\":\"Accueil\",\"item\":\"https:\\\/\\\/lasentinelle.dz\\\/\"},{\"@type\":\"ListItem\",\"position\":2,\"name\":\"Le nouveau cadre r\u00e9glementaire entre en vigueur\u00a0: Des missions \u00e9largies pour les huissiers de justice\"}]},{\"@type\":\"WebSite\",\"@id\":\"https:\\\/\\\/lasentinelle.dz\\\/#website\",\"url\":\"https:\\\/\\\/lasentinelle.dz\\\/\",\"name\":\"La Sentinelle\",\"description\":\"Quotidien national d&#039;information\",\"publisher\":{\"@id\":\"https:\\\/\\\/lasentinelle.dz\\\/#organization\"},\"potentialAction\":[{\"@type\":\"SearchAction\",\"target\":{\"@type\":\"EntryPoint\",\"urlTemplate\":\"https:\\\/\\\/lasentinelle.dz\\\/?s={search_term_string}\"},\"query-input\":{\"@type\":\"PropertyValueSpecification\",\"valueRequired\":true,\"valueName\":\"search_term_string\"}}],\"inLanguage\":\"fr-FR\"},{\"@type\":\"Organization\",\"@id\":\"https:\\\/\\\/lasentinelle.dz\\\/#organization\",\"name\":\"Quotidien La Sentinelle\",\"url\":\"https:\\\/\\\/lasentinelle.dz\\\/\",\"logo\":{\"@type\":\"ImageObject\",\"inLanguage\":\"fr-FR\",\"@id\":\"https:\\\/\\\/lasentinelle.dz\\\/#\\\/schema\\\/logo\\\/image\\\/\",\"url\":\"https:\\\/\\\/lasentinelle.dz\\\/wp-content\\\/uploads\\\/2021\\\/09\\\/logo-sentinelleSLOGAN-1.png\",\"contentUrl\":\"https:\\\/\\\/lasentinelle.dz\\\/wp-content\\\/uploads\\\/2021\\\/09\\\/logo-sentinelleSLOGAN-1.png\",\"width\":615,\"height\":142,\"caption\":\"Quotidien La Sentinelle\"},\"image\":{\"@id\":\"https:\\\/\\\/lasentinelle.dz\\\/#\\\/schema\\\/logo\\\/image\\\/\"},\"sameAs\":[\"https:\\\/\\\/www.facebook.com\\\/La-Sentinelle-104059864394773\"]},{\"@type\":\"Person\",\"@id\":\"https:\\\/\\\/lasentinelle.dz\\\/#\\\/schema\\\/person\\\/d865044e22e70a75174ce8bcad3acfb3\",\"name\":\"La Sentinelle\",\"image\":{\"@type\":\"ImageObject\",\"inLanguage\":\"fr-FR\",\"@id\":\"https:\\\/\\\/secure.gravatar.com\\\/avatar\\\/57de8e5d4b15d43fb361a71fbb36338450fe67865b528a43dd10ef7c51a20392?s=96&d=mm&r=g\",\"url\":\"https:\\\/\\\/secure.gravatar.com\\\/avatar\\\/57de8e5d4b15d43fb361a71fbb36338450fe67865b528a43dd10ef7c51a20392?s=96&d=mm&r=g\",\"contentUrl\":\"https:\\\/\\\/secure.gravatar.com\\\/avatar\\\/57de8e5d4b15d43fb361a71fbb36338450fe67865b528a43dd10ef7c51a20392?s=96&d=mm&r=g\",\"caption\":\"La Sentinelle\"},\"sameAs\":[\"http:\\\/\\\/www.lasentinelle.dz\"],\"url\":\"https:\\\/\\\/lasentinelle.dz\\\/author\\\/redaction\\\/\"}]}<\/script>\n<!-- \/ Yoast SEO plugin. -->","yoast_head_json":{"title":"Le nouveau cadre r\u00e9glementaire entre en vigueur\u00a0: Des missions \u00e9largies pour les huissiers de justice - La Sentinelle","robots":{"index":"index","follow":"follow","max-snippet":"max-snippet:-1","max-image-preview":"max-image-preview:large","max-video-preview":"max-video-preview:-1"},"canonical":"https:\/\/lasentinelle.dz\/index.php\/2023\/08\/12\/le-nouveau-cadre-reglementaire-entre-en-vigueur-des-missions-elargies-pour-les-huissiers-de-justice\/","og_locale":"fr_FR","og_type":"article","og_title":"Le nouveau cadre r\u00e9glementaire entre en vigueur\u00a0: Des missions \u00e9largies pour les huissiers de justice - La Sentinelle","og_description":"La nouvelle loi r\u00e9gissant la profession d\u2019huissier de justice vient d\u2019\u00eatre promulgu\u00e9e et publi\u00e9e dans la derni\u00e8re livraison du Journal","og_url":"https:\/\/lasentinelle.dz\/index.php\/2023\/08\/12\/le-nouveau-cadre-reglementaire-entre-en-vigueur-des-missions-elargies-pour-les-huissiers-de-justice\/","og_site_name":"La Sentinelle","article_publisher":"https:\/\/www.facebook.com\/La-Sentinelle-104059864394773","article_published_time":"2023-08-12T21:19:14+00:00","article_modified_time":"2023-08-12T21:19:16+00:00","og_image":[{"width":1579,"height":900,"url":"https:\/\/lasentinelle.dz\/wp-content\/uploads\/2023\/05\/Justice.png","type":"image\/png"}],"author":"La Sentinelle","twitter_card":"summary_large_image","twitter_misc":{"\u00c9crit par":"La Sentinelle","Dur\u00e9e de lecture estim\u00e9e":"4 minutes"},"schema":{"@context":"https:\/\/schema.org","@graph":[{"@type":"Article","@id":"https:\/\/lasentinelle.dz\/index.php\/2023\/08\/12\/le-nouveau-cadre-reglementaire-entre-en-vigueur-des-missions-elargies-pour-les-huissiers-de-justice\/#article","isPartOf":{"@id":"https:\/\/lasentinelle.dz\/index.php\/2023\/08\/12\/le-nouveau-cadre-reglementaire-entre-en-vigueur-des-missions-elargies-pour-les-huissiers-de-justice\/"},"author":{"name":"La Sentinelle","@id":"https:\/\/lasentinelle.dz\/#\/schema\/person\/d865044e22e70a75174ce8bcad3acfb3"},"headline":"Le nouveau cadre r\u00e9glementaire entre en vigueur\u00a0: Des missions \u00e9largies pour les huissiers de justice","datePublished":"2023-08-12T21:19:14+00:00","dateModified":"2023-08-12T21:19:16+00:00","mainEntityOfPage":{"@id":"https:\/\/lasentinelle.dz\/index.php\/2023\/08\/12\/le-nouveau-cadre-reglementaire-entre-en-vigueur-des-missions-elargies-pour-les-huissiers-de-justice\/"},"wordCount":896,"commentCount":0,"publisher":{"@id":"https:\/\/lasentinelle.dz\/#organization"},"image":{"@id":"https:\/\/lasentinelle.dz\/index.php\/2023\/08\/12\/le-nouveau-cadre-reglementaire-entre-en-vigueur-des-missions-elargies-pour-les-huissiers-de-justice\/#primaryimage"},"thumbnailUrl":"https:\/\/lasentinelle.dz\/wp-content\/uploads\/2023\/05\/Justice.png","articleSection":["\u00c0 la Une","Actualit\u00e9"],"inLanguage":"fr-FR","potentialAction":[{"@type":"CommentAction","name":"Comment","target":["https:\/\/lasentinelle.dz\/index.php\/2023\/08\/12\/le-nouveau-cadre-reglementaire-entre-en-vigueur-des-missions-elargies-pour-les-huissiers-de-justice\/#respond"]}]},{"@type":"WebPage","@id":"https:\/\/lasentinelle.dz\/index.php\/2023\/08\/12\/le-nouveau-cadre-reglementaire-entre-en-vigueur-des-missions-elargies-pour-les-huissiers-de-justice\/","url":"https:\/\/lasentinelle.dz\/index.php\/2023\/08\/12\/le-nouveau-cadre-reglementaire-entre-en-vigueur-des-missions-elargies-pour-les-huissiers-de-justice\/","name":"Le nouveau cadre r\u00e9glementaire entre en vigueur\u00a0: Des missions \u00e9largies pour les huissiers de justice - La Sentinelle","isPartOf":{"@id":"https:\/\/lasentinelle.dz\/#website"},"primaryImageOfPage":{"@id":"https:\/\/lasentinelle.dz\/index.php\/2023\/08\/12\/le-nouveau-cadre-reglementaire-entre-en-vigueur-des-missions-elargies-pour-les-huissiers-de-justice\/#primaryimage"},"image":{"@id":"https:\/\/lasentinelle.dz\/index.php\/2023\/08\/12\/le-nouveau-cadre-reglementaire-entre-en-vigueur-des-missions-elargies-pour-les-huissiers-de-justice\/#primaryimage"},"thumbnailUrl":"https:\/\/lasentinelle.dz\/wp-content\/uploads\/2023\/05\/Justice.png","datePublished":"2023-08-12T21:19:14+00:00","dateModified":"2023-08-12T21:19:16+00:00","breadcrumb":{"@id":"https:\/\/lasentinelle.dz\/index.php\/2023\/08\/12\/le-nouveau-cadre-reglementaire-entre-en-vigueur-des-missions-elargies-pour-les-huissiers-de-justice\/#breadcrumb"},"inLanguage":"fr-FR","potentialAction":[{"@type":"ReadAction","target":["https:\/\/lasentinelle.dz\/index.php\/2023\/08\/12\/le-nouveau-cadre-reglementaire-entre-en-vigueur-des-missions-elargies-pour-les-huissiers-de-justice\/"]}]},{"@type":"ImageObject","inLanguage":"fr-FR","@id":"https:\/\/lasentinelle.dz\/index.php\/2023\/08\/12\/le-nouveau-cadre-reglementaire-entre-en-vigueur-des-missions-elargies-pour-les-huissiers-de-justice\/#primaryimage","url":"https:\/\/lasentinelle.dz\/wp-content\/uploads\/2023\/05\/Justice.png","contentUrl":"https:\/\/lasentinelle.dz\/wp-content\/uploads\/2023\/05\/Justice.png","width":1579,"height":900},{"@type":"BreadcrumbList","@id":"https:\/\/lasentinelle.dz\/index.php\/2023\/08\/12\/le-nouveau-cadre-reglementaire-entre-en-vigueur-des-missions-elargies-pour-les-huissiers-de-justice\/#breadcrumb","itemListElement":[{"@type":"ListItem","position":1,"name":"Accueil","item":"https:\/\/lasentinelle.dz\/"},{"@type":"ListItem","position":2,"name":"Le nouveau cadre r\u00e9glementaire entre en vigueur\u00a0: Des missions \u00e9largies pour les huissiers de justice"}]},{"@type":"WebSite","@id":"https:\/\/lasentinelle.dz\/#website","url":"https:\/\/lasentinelle.dz\/","name":"La Sentinelle","description":"Quotidien national d&#039;information","publisher":{"@id":"https:\/\/lasentinelle.dz\/#organization"},"potentialAction":[{"@type":"SearchAction","target":{"@type":"EntryPoint","urlTemplate":"https:\/\/lasentinelle.dz\/?s={search_term_string}"},"query-input":{"@type":"PropertyValueSpecification","valueRequired":true,"valueName":"search_term_string"}}],"inLanguage":"fr-FR"},{"@type":"Organization","@id":"https:\/\/lasentinelle.dz\/#organization","name":"Quotidien La Sentinelle","url":"https:\/\/lasentinelle.dz\/","logo":{"@type":"ImageObject","inLanguage":"fr-FR","@id":"https:\/\/lasentinelle.dz\/#\/schema\/logo\/image\/","url":"https:\/\/lasentinelle.dz\/wp-content\/uploads\/2021\/09\/logo-sentinelleSLOGAN-1.png","contentUrl":"https:\/\/lasentinelle.dz\/wp-content\/uploads\/2021\/09\/logo-sentinelleSLOGAN-1.png","width":615,"height":142,"caption":"Quotidien La Sentinelle"},"image":{"@id":"https:\/\/lasentinelle.dz\/#\/schema\/logo\/image\/"},"sameAs":["https:\/\/www.facebook.com\/La-Sentinelle-104059864394773"]},{"@type":"Person","@id":"https:\/\/lasentinelle.dz\/#\/schema\/person\/d865044e22e70a75174ce8bcad3acfb3","name":"La Sentinelle","image":{"@type":"ImageObject","inLanguage":"fr-FR","@id":"https:\/\/secure.gravatar.com\/avatar\/57de8e5d4b15d43fb361a71fbb36338450fe67865b528a43dd10ef7c51a20392?s=96&d=mm&r=g","url":"https:\/\/secure.gravatar.com\/avatar\/57de8e5d4b15d43fb361a71fbb36338450fe67865b528a43dd10ef7c51a20392?s=96&d=mm&r=g","contentUrl":"https:\/\/secure.gravatar.com\/avatar\/57de8e5d4b15d43fb361a71fbb36338450fe67865b528a43dd10ef7c51a20392?s=96&d=mm&r=g","caption":"La Sentinelle"},"sameAs":["http:\/\/www.lasentinelle.dz"],"url":"https:\/\/lasentinelle.dz\/author\/redaction\/"}]}},"_links":{"self":[{"href":"https:\/\/lasentinelle.dz\/index.php\/wp-json\/wp\/v2\/posts\/44559","targetHints":{"allow":["GET"]}}],"collection":[{"href":"https:\/\/lasentinelle.dz\/index.php\/wp-json\/wp\/v2\/posts"}],"about":[{"href":"https:\/\/lasentinelle.dz\/index.php\/wp-json\/wp\/v2\/types\/post"}],"author":[{"embeddable":true,"href":"https:\/\/lasentinelle.dz\/index.php\/wp-json\/wp\/v2\/users\/3"}],"replies":[{"embeddable":true,"href":"https:\/\/lasentinelle.dz\/index.php\/wp-json\/wp\/v2\/comments?post=44559"}],"version-history":[{"count":1,"href":"https:\/\/lasentinelle.dz\/index.php\/wp-json\/wp\/v2\/posts\/44559\/revisions"}],"predecessor-version":[{"id":44560,"href":"https:\/\/lasentinelle.dz\/index.php\/wp-json\/wp\/v2\/posts\/44559\/revisions\/44560"}],"wp:featuredmedia":[{"embeddable":true,"href":"https:\/\/lasentinelle.dz\/index.php\/wp-json\/wp\/v2\/media\/41837"}],"wp:attachment":[{"href":"https:\/\/lasentinelle.dz\/index.php\/wp-json\/wp\/v2\/media?parent=44559"}],"wp:term":[{"taxonomy":"category","embeddable":true,"href":"https:\/\/lasentinelle.dz\/index.php\/wp-json\/wp\/v2\/categories?post=44559"},{"taxonomy":"post_tag","embeddable":true,"href":"https:\/\/lasentinelle.dz\/index.php\/wp-json\/wp\/v2\/tags?post=44559"}],"curies":[{"name":"wp","href":"https:\/\/api.w.org\/{rel}","templated":true}]}}