{"id":44578,"date":"2023-08-13T21:47:53","date_gmt":"2023-08-13T20:47:53","guid":{"rendered":"https:\/\/lasentinelle.dz\/?p=44578"},"modified":"2023-08-13T21:47:56","modified_gmt":"2023-08-13T20:47:56","slug":"presidence-de-la-faf-la-date-limite-de-depot-des-candidatures-reportee","status":"publish","type":"post","link":"https:\/\/lasentinelle.dz\/index.php\/2023\/08\/13\/presidence-de-la-faf-la-date-limite-de-depot-des-candidatures-reportee\/","title":{"rendered":"Pr\u00e9sidence de la FAF\u00a0: La date limite de d\u00e9p\u00f4t des candidatures report\u00e9e"},"content":{"rendered":"\n<p>La date limite de d\u00e9p\u00f4t des dossiers de candidature pour l\u2019\u00e9lection du nouveau pr\u00e9sident de la FAF, initialement programm\u00e9e pour ce dimanche 13 ao\u00fbt \u00e0 16h00, a \u00e9t\u00e9 report\u00e9e au dimanche 27 ao\u00fbt 2023 \u00e0 16h00, a indiqu\u00e9 la F\u00e9d\u00e9ration alg\u00e9rienne de football (FAF) sur son site officiel.<\/p>\n\n\n\n<p>\u00ab&nbsp;En concertation avec les membres de la Commission \u00e9lectorale, pr\u00e9sid\u00e9e par Ali Malek, et pour permettre aux \u00e9ventuels candidats de compl\u00e9ter leurs dossiers respectifs, le secr\u00e9taire g\u00e9n\u00e9ral de la F\u00e9d\u00e9ration alg\u00e9rienne de football Mounir D\u2019bichi informe que les d\u00e9lais de d\u00e9p\u00f4t des dossiers de candidature pour l\u2019\u00e9lection du pr\u00e9sident de la FAF sont report\u00e9s au dimanche 27 ao\u00fbt 2023 \u00e0 16h00&nbsp;\u00bb, indique la FAF. De ce fait, le nouveau calendrier \u00e9lectoral sera d\u00e9cal\u00e9 et rendu public dans les tous prochains jours, pr\u00e9cise la m\u00eame source. Djahid Zefizef, \u00e9lu le 7 juillet 2022 en remplacement de Charaf-Eddine Amara (\u00e9galement d\u00e9missionnaire), a annonc\u00e9 sa d\u00e9mission le 16 juillet dernier, apr\u00e8s avoir \u00e9chou\u00e9 \u00e0 se faire \u00e9lire au Comit\u00e9 ex\u00e9cutif (COMEX) de la Conf\u00e9d\u00e9ration africaine (CAF), lors des \u00e9lections tenues le jeudi 13 juillet \u00e0 Abidjan (C\u00f4te d&rsquo;Ivoire). Le secr\u00e9taire g\u00e9n\u00e9ral de la FAF Mounir D&rsquo;bichi a \u00e9t\u00e9 charg\u00e9 de la gestion courante jusqu\u2019\u00e0 la tenue de l\u2019AG \u00e9lective. Le successeur de Zefizef doit \u00eatre \u00e9lu pour pr\u00e9sider aux destin\u00e9es de la FAF jusqu\u2019\u00e0 la fin du mandat olympique en 2025. Les \u00e9ventuels candidats devront r\u00e9pondre \u00e0 un certain cahier des charges, notamment pour ce qui est des conditions mise en place par le MJS en ce qui concerne le fonctionnement des associations sportives. La FAF a rappel\u00e9 les candidats aux postes de pr\u00e9sident et de membres du Bureau f\u00e9d\u00e9ral qu\u2019ils doivent r\u00e9pondre aux conditions d\u2019\u00e9ligibilit\u00e9, entre autres, \u00eatre de nationalit\u00e9 alg\u00e9rienne, \u00eatre \u00e2g\u00e9 au minimum de 25 ans, jouir de ses droits civils et civiques, ne pas avoir fait l\u2019objet d\u2019une sanction sportive grave telle que pr\u00e9vue par les statuts et r\u00e8glements de la FAF et\/ou d\u2019une mesure disciplinaire prononc\u00e9e conform\u00e9ment aux lois et r\u00e8glements en vigueur, ne pas avoir fait l\u2019objet d\u2019une condamnation \u00e0 une peine infamante, \u00eatre \u00e0 jour de leurs cotisations vis-\u00e0-vis de la FAF, et avoir un niveau de formation justifi\u00e9 d\u2019un niveau universitaire ou d\u2019un enseignement voir une formation sup\u00e9rieure sanctionn\u00e9e par les dipl\u00f4mes correspondants de l\u2019enseignement sup\u00e9rieur alg\u00e9rien.<\/p>\n\n\n\n<p>R.S.<\/p>\n","protected":false},"excerpt":{"rendered":"<p>La date limite de d\u00e9p\u00f4t des dossiers de candidature pour l\u2019\u00e9lection du nouveau pr\u00e9sident de la FAF, initialement programm\u00e9e pour<\/p>\n","protected":false},"author":3,"featured_media":35310,"comment_status":"open","ping_status":"closed","sticky":false,"template":"","format":"standard","meta":{"colormag_page_container_layout":"default_layout","colormag_page_sidebar_layout":"default_layout","om_disable_all_campaigns":false,"_monsterinsights_skip_tracking":false,"_monsterinsights_sitenote_active":false,"_monsterinsights_sitenote_note":"","_monsterinsights_sitenote_category":0,"footnotes":"","_wpscppro_dont_share_socialmedia":false,"_wpscppro_custom_social_share_image":0,"_facebook_share_type":"","_twitter_share_type":"","_linkedin_share_type":"","_pinterest_share_type":"","_linkedin_share_type_page":"","_instagram_share_type":"","_medium_share_type":"","_threads_share_type":"","_google_business_share_type":"","_selected_social_profile":[],"_wpsp_enable_custom_social_template":false,"_wpsp_social_scheduling":{"enabled":false,"datetime":null,"platforms":[],"status":"template_only","dateOption":"today","timeOption":"now","customDays":"","customHours":"","customDate":"","customTime":"","schedulingType":"absolute"},"_wpsp_active_default_template":true},"categories":[33],"tags":[],"class_list":["post-44578","post","type-post","status-publish","format-standard","has-post-thumbnail","hentry","category-sports"],"aioseo_notices":[],"yoast_head":"<!-- This site is optimized with the Yoast SEO plugin v27.5 - https:\/\/yoast.com\/product\/yoast-seo-wordpress\/ -->\n<title>Pr\u00e9sidence de la FAF\u00a0: La date limite de d\u00e9p\u00f4t des candidatures report\u00e9e - La Sentinelle<\/title>\n<meta name=\"robots\" content=\"index, follow, max-snippet:-1, max-image-preview:large, max-video-preview:-1\" \/>\n<link rel=\"canonical\" href=\"https:\/\/lasentinelle.dz\/index.php\/2023\/08\/13\/presidence-de-la-faf-la-date-limite-de-depot-des-candidatures-reportee\/\" \/>\n<meta property=\"og:locale\" content=\"fr_FR\" \/>\n<meta property=\"og:type\" content=\"article\" \/>\n<meta property=\"og:title\" content=\"Pr\u00e9sidence de la FAF\u00a0: La date limite de d\u00e9p\u00f4t des candidatures report\u00e9e - La Sentinelle\" \/>\n<meta property=\"og:description\" content=\"La date limite de d\u00e9p\u00f4t des dossiers de candidature pour l\u2019\u00e9lection du nouveau pr\u00e9sident de la FAF, initialement programm\u00e9e pour\" \/>\n<meta property=\"og:url\" content=\"https:\/\/lasentinelle.dz\/index.php\/2023\/08\/13\/presidence-de-la-faf-la-date-limite-de-depot-des-candidatures-reportee\/\" \/>\n<meta property=\"og:site_name\" content=\"La Sentinelle\" \/>\n<meta property=\"article:publisher\" content=\"https:\/\/www.facebook.com\/La-Sentinelle-104059864394773\" \/>\n<meta property=\"article:published_time\" content=\"2023-08-13T20:47:53+00:00\" \/>\n<meta property=\"article:modified_time\" content=\"2023-08-13T20:47:56+00:00\" \/>\n<meta property=\"og:image\" content=\"https:\/\/lasentinelle.dz\/wp-content\/uploads\/2023\/01\/FAF-1.jpeg\" \/>\n\t<meta property=\"og:image:width\" content=\"297\" \/>\n\t<meta property=\"og:image:height\" content=\"170\" \/>\n\t<meta property=\"og:image:type\" content=\"image\/jpeg\" \/>\n<meta name=\"author\" content=\"La Sentinelle\" \/>\n<meta name=\"twitter:card\" content=\"summary_large_image\" \/>\n<meta name=\"twitter:label1\" content=\"\u00c9crit par\" \/>\n\t<meta name=\"twitter:data1\" content=\"La Sentinelle\" \/>\n\t<meta name=\"twitter:label2\" content=\"Dur\u00e9e de lecture estim\u00e9e\" \/>\n\t<meta name=\"twitter:data2\" content=\"2 minutes\" \/>\n<script type=\"application\/ld+json\" class=\"yoast-schema-graph\">{\"@context\":\"https:\\\/\\\/schema.org\",\"@graph\":[{\"@type\":\"Article\",\"@id\":\"https:\\\/\\\/lasentinelle.dz\\\/index.php\\\/2023\\\/08\\\/13\\\/presidence-de-la-faf-la-date-limite-de-depot-des-candidatures-reportee\\\/#article\",\"isPartOf\":{\"@id\":\"https:\\\/\\\/lasentinelle.dz\\\/index.php\\\/2023\\\/08\\\/13\\\/presidence-de-la-faf-la-date-limite-de-depot-des-candidatures-reportee\\\/\"},\"author\":{\"name\":\"La Sentinelle\",\"@id\":\"https:\\\/\\\/lasentinelle.dz\\\/#\\\/schema\\\/person\\\/d865044e22e70a75174ce8bcad3acfb3\"},\"headline\":\"Pr\u00e9sidence de la FAF\u00a0: La date limite de d\u00e9p\u00f4t des candidatures report\u00e9e\",\"datePublished\":\"2023-08-13T20:47:53+00:00\",\"dateModified\":\"2023-08-13T20:47:56+00:00\",\"mainEntityOfPage\":{\"@id\":\"https:\\\/\\\/lasentinelle.dz\\\/index.php\\\/2023\\\/08\\\/13\\\/presidence-de-la-faf-la-date-limite-de-depot-des-candidatures-reportee\\\/\"},\"wordCount\":455,\"commentCount\":0,\"publisher\":{\"@id\":\"https:\\\/\\\/lasentinelle.dz\\\/#organization\"},\"image\":{\"@id\":\"https:\\\/\\\/lasentinelle.dz\\\/index.php\\\/2023\\\/08\\\/13\\\/presidence-de-la-faf-la-date-limite-de-depot-des-candidatures-reportee\\\/#primaryimage\"},\"thumbnailUrl\":\"https:\\\/\\\/lasentinelle.dz\\\/wp-content\\\/uploads\\\/2023\\\/01\\\/FAF-1.jpeg\",\"articleSection\":[\"Sports\"],\"inLanguage\":\"fr-FR\",\"potentialAction\":[{\"@type\":\"CommentAction\",\"name\":\"Comment\",\"target\":[\"https:\\\/\\\/lasentinelle.dz\\\/index.php\\\/2023\\\/08\\\/13\\\/presidence-de-la-faf-la-date-limite-de-depot-des-candidatures-reportee\\\/#respond\"]}]},{\"@type\":\"WebPage\",\"@id\":\"https:\\\/\\\/lasentinelle.dz\\\/index.php\\\/2023\\\/08\\\/13\\\/presidence-de-la-faf-la-date-limite-de-depot-des-candidatures-reportee\\\/\",\"url\":\"https:\\\/\\\/lasentinelle.dz\\\/index.php\\\/2023\\\/08\\\/13\\\/presidence-de-la-faf-la-date-limite-de-depot-des-candidatures-reportee\\\/\",\"name\":\"Pr\u00e9sidence de la FAF\u00a0: La date limite de d\u00e9p\u00f4t des candidatures report\u00e9e - La Sentinelle\",\"isPartOf\":{\"@id\":\"https:\\\/\\\/lasentinelle.dz\\\/#website\"},\"primaryImageOfPage\":{\"@id\":\"https:\\\/\\\/lasentinelle.dz\\\/index.php\\\/2023\\\/08\\\/13\\\/presidence-de-la-faf-la-date-limite-de-depot-des-candidatures-reportee\\\/#primaryimage\"},\"image\":{\"@id\":\"https:\\\/\\\/lasentinelle.dz\\\/index.php\\\/2023\\\/08\\\/13\\\/presidence-de-la-faf-la-date-limite-de-depot-des-candidatures-reportee\\\/#primaryimage\"},\"thumbnailUrl\":\"https:\\\/\\\/lasentinelle.dz\\\/wp-content\\\/uploads\\\/2023\\\/01\\\/FAF-1.jpeg\",\"datePublished\":\"2023-08-13T20:47:53+00:00\",\"dateModified\":\"2023-08-13T20:47:56+00:00\",\"breadcrumb\":{\"@id\":\"https:\\\/\\\/lasentinelle.dz\\\/index.php\\\/2023\\\/08\\\/13\\\/presidence-de-la-faf-la-date-limite-de-depot-des-candidatures-reportee\\\/#breadcrumb\"},\"inLanguage\":\"fr-FR\",\"potentialAction\":[{\"@type\":\"ReadAction\",\"target\":[\"https:\\\/\\\/lasentinelle.dz\\\/index.php\\\/2023\\\/08\\\/13\\\/presidence-de-la-faf-la-date-limite-de-depot-des-candidatures-reportee\\\/\"]}]},{\"@type\":\"ImageObject\",\"inLanguage\":\"fr-FR\",\"@id\":\"https:\\\/\\\/lasentinelle.dz\\\/index.php\\\/2023\\\/08\\\/13\\\/presidence-de-la-faf-la-date-limite-de-depot-des-candidatures-reportee\\\/#primaryimage\",\"url\":\"https:\\\/\\\/lasentinelle.dz\\\/wp-content\\\/uploads\\\/2023\\\/01\\\/FAF-1.jpeg\",\"contentUrl\":\"https:\\\/\\\/lasentinelle.dz\\\/wp-content\\\/uploads\\\/2023\\\/01\\\/FAF-1.jpeg\",\"width\":297,\"height\":170},{\"@type\":\"BreadcrumbList\",\"@id\":\"https:\\\/\\\/lasentinelle.dz\\\/index.php\\\/2023\\\/08\\\/13\\\/presidence-de-la-faf-la-date-limite-de-depot-des-candidatures-reportee\\\/#breadcrumb\",\"itemListElement\":[{\"@type\":\"ListItem\",\"position\":1,\"name\":\"Accueil\",\"item\":\"https:\\\/\\\/lasentinelle.dz\\\/\"},{\"@type\":\"ListItem\",\"position\":2,\"name\":\"Pr\u00e9sidence de la FAF\u00a0: La date limite de d\u00e9p\u00f4t des candidatures report\u00e9e\"}]},{\"@type\":\"WebSite\",\"@id\":\"https:\\\/\\\/lasentinelle.dz\\\/#website\",\"url\":\"https:\\\/\\\/lasentinelle.dz\\\/\",\"name\":\"La Sentinelle\",\"description\":\"Quotidien national d&#039;information\",\"publisher\":{\"@id\":\"https:\\\/\\\/lasentinelle.dz\\\/#organization\"},\"potentialAction\":[{\"@type\":\"SearchAction\",\"target\":{\"@type\":\"EntryPoint\",\"urlTemplate\":\"https:\\\/\\\/lasentinelle.dz\\\/?s={search_term_string}\"},\"query-input\":{\"@type\":\"PropertyValueSpecification\",\"valueRequired\":true,\"valueName\":\"search_term_string\"}}],\"inLanguage\":\"fr-FR\"},{\"@type\":\"Organization\",\"@id\":\"https:\\\/\\\/lasentinelle.dz\\\/#organization\",\"name\":\"Quotidien La Sentinelle\",\"url\":\"https:\\\/\\\/lasentinelle.dz\\\/\",\"logo\":{\"@type\":\"ImageObject\",\"inLanguage\":\"fr-FR\",\"@id\":\"https:\\\/\\\/lasentinelle.dz\\\/#\\\/schema\\\/logo\\\/image\\\/\",\"url\":\"https:\\\/\\\/lasentinelle.dz\\\/wp-content\\\/uploads\\\/2021\\\/09\\\/logo-sentinelleSLOGAN-1.png\",\"contentUrl\":\"https:\\\/\\\/lasentinelle.dz\\\/wp-content\\\/uploads\\\/2021\\\/09\\\/logo-sentinelleSLOGAN-1.png\",\"width\":615,\"height\":142,\"caption\":\"Quotidien La Sentinelle\"},\"image\":{\"@id\":\"https:\\\/\\\/lasentinelle.dz\\\/#\\\/schema\\\/logo\\\/image\\\/\"},\"sameAs\":[\"https:\\\/\\\/www.facebook.com\\\/La-Sentinelle-104059864394773\"]},{\"@type\":\"Person\",\"@id\":\"https:\\\/\\\/lasentinelle.dz\\\/#\\\/schema\\\/person\\\/d865044e22e70a75174ce8bcad3acfb3\",\"name\":\"La Sentinelle\",\"image\":{\"@type\":\"ImageObject\",\"inLanguage\":\"fr-FR\",\"@id\":\"https:\\\/\\\/secure.gravatar.com\\\/avatar\\\/57de8e5d4b15d43fb361a71fbb36338450fe67865b528a43dd10ef7c51a20392?s=96&d=mm&r=g\",\"url\":\"https:\\\/\\\/secure.gravatar.com\\\/avatar\\\/57de8e5d4b15d43fb361a71fbb36338450fe67865b528a43dd10ef7c51a20392?s=96&d=mm&r=g\",\"contentUrl\":\"https:\\\/\\\/secure.gravatar.com\\\/avatar\\\/57de8e5d4b15d43fb361a71fbb36338450fe67865b528a43dd10ef7c51a20392?s=96&d=mm&r=g\",\"caption\":\"La Sentinelle\"},\"sameAs\":[\"http:\\\/\\\/www.lasentinelle.dz\"],\"url\":\"https:\\\/\\\/lasentinelle.dz\\\/author\\\/redaction\\\/\"}]}<\/script>\n<!-- \/ Yoast SEO plugin. -->","yoast_head_json":{"title":"Pr\u00e9sidence de la FAF\u00a0: La date limite de d\u00e9p\u00f4t des candidatures report\u00e9e - La Sentinelle","robots":{"index":"index","follow":"follow","max-snippet":"max-snippet:-1","max-image-preview":"max-image-preview:large","max-video-preview":"max-video-preview:-1"},"canonical":"https:\/\/lasentinelle.dz\/index.php\/2023\/08\/13\/presidence-de-la-faf-la-date-limite-de-depot-des-candidatures-reportee\/","og_locale":"fr_FR","og_type":"article","og_title":"Pr\u00e9sidence de la FAF\u00a0: La date limite de d\u00e9p\u00f4t des candidatures report\u00e9e - La Sentinelle","og_description":"La date limite de d\u00e9p\u00f4t des dossiers de candidature pour l\u2019\u00e9lection du nouveau pr\u00e9sident de la FAF, initialement programm\u00e9e pour","og_url":"https:\/\/lasentinelle.dz\/index.php\/2023\/08\/13\/presidence-de-la-faf-la-date-limite-de-depot-des-candidatures-reportee\/","og_site_name":"La Sentinelle","article_publisher":"https:\/\/www.facebook.com\/La-Sentinelle-104059864394773","article_published_time":"2023-08-13T20:47:53+00:00","article_modified_time":"2023-08-13T20:47:56+00:00","og_image":[{"width":297,"height":170,"url":"https:\/\/lasentinelle.dz\/wp-content\/uploads\/2023\/01\/FAF-1.jpeg","type":"image\/jpeg"}],"author":"La Sentinelle","twitter_card":"summary_large_image","twitter_misc":{"\u00c9crit par":"La Sentinelle","Dur\u00e9e de lecture estim\u00e9e":"2 minutes"},"schema":{"@context":"https:\/\/schema.org","@graph":[{"@type":"Article","@id":"https:\/\/lasentinelle.dz\/index.php\/2023\/08\/13\/presidence-de-la-faf-la-date-limite-de-depot-des-candidatures-reportee\/#article","isPartOf":{"@id":"https:\/\/lasentinelle.dz\/index.php\/2023\/08\/13\/presidence-de-la-faf-la-date-limite-de-depot-des-candidatures-reportee\/"},"author":{"name":"La Sentinelle","@id":"https:\/\/lasentinelle.dz\/#\/schema\/person\/d865044e22e70a75174ce8bcad3acfb3"},"headline":"Pr\u00e9sidence de la FAF\u00a0: La date limite de d\u00e9p\u00f4t des candidatures report\u00e9e","datePublished":"2023-08-13T20:47:53+00:00","dateModified":"2023-08-13T20:47:56+00:00","mainEntityOfPage":{"@id":"https:\/\/lasentinelle.dz\/index.php\/2023\/08\/13\/presidence-de-la-faf-la-date-limite-de-depot-des-candidatures-reportee\/"},"wordCount":455,"commentCount":0,"publisher":{"@id":"https:\/\/lasentinelle.dz\/#organization"},"image":{"@id":"https:\/\/lasentinelle.dz\/index.php\/2023\/08\/13\/presidence-de-la-faf-la-date-limite-de-depot-des-candidatures-reportee\/#primaryimage"},"thumbnailUrl":"https:\/\/lasentinelle.dz\/wp-content\/uploads\/2023\/01\/FAF-1.jpeg","articleSection":["Sports"],"inLanguage":"fr-FR","potentialAction":[{"@type":"CommentAction","name":"Comment","target":["https:\/\/lasentinelle.dz\/index.php\/2023\/08\/13\/presidence-de-la-faf-la-date-limite-de-depot-des-candidatures-reportee\/#respond"]}]},{"@type":"WebPage","@id":"https:\/\/lasentinelle.dz\/index.php\/2023\/08\/13\/presidence-de-la-faf-la-date-limite-de-depot-des-candidatures-reportee\/","url":"https:\/\/lasentinelle.dz\/index.php\/2023\/08\/13\/presidence-de-la-faf-la-date-limite-de-depot-des-candidatures-reportee\/","name":"Pr\u00e9sidence de la FAF\u00a0: La date limite de d\u00e9p\u00f4t des candidatures report\u00e9e - La Sentinelle","isPartOf":{"@id":"https:\/\/lasentinelle.dz\/#website"},"primaryImageOfPage":{"@id":"https:\/\/lasentinelle.dz\/index.php\/2023\/08\/13\/presidence-de-la-faf-la-date-limite-de-depot-des-candidatures-reportee\/#primaryimage"},"image":{"@id":"https:\/\/lasentinelle.dz\/index.php\/2023\/08\/13\/presidence-de-la-faf-la-date-limite-de-depot-des-candidatures-reportee\/#primaryimage"},"thumbnailUrl":"https:\/\/lasentinelle.dz\/wp-content\/uploads\/2023\/01\/FAF-1.jpeg","datePublished":"2023-08-13T20:47:53+00:00","dateModified":"2023-08-13T20:47:56+00:00","breadcrumb":{"@id":"https:\/\/lasentinelle.dz\/index.php\/2023\/08\/13\/presidence-de-la-faf-la-date-limite-de-depot-des-candidatures-reportee\/#breadcrumb"},"inLanguage":"fr-FR","potentialAction":[{"@type":"ReadAction","target":["https:\/\/lasentinelle.dz\/index.php\/2023\/08\/13\/presidence-de-la-faf-la-date-limite-de-depot-des-candidatures-reportee\/"]}]},{"@type":"ImageObject","inLanguage":"fr-FR","@id":"https:\/\/lasentinelle.dz\/index.php\/2023\/08\/13\/presidence-de-la-faf-la-date-limite-de-depot-des-candidatures-reportee\/#primaryimage","url":"https:\/\/lasentinelle.dz\/wp-content\/uploads\/2023\/01\/FAF-1.jpeg","contentUrl":"https:\/\/lasentinelle.dz\/wp-content\/uploads\/2023\/01\/FAF-1.jpeg","width":297,"height":170},{"@type":"BreadcrumbList","@id":"https:\/\/lasentinelle.dz\/index.php\/2023\/08\/13\/presidence-de-la-faf-la-date-limite-de-depot-des-candidatures-reportee\/#breadcrumb","itemListElement":[{"@type":"ListItem","position":1,"name":"Accueil","item":"https:\/\/lasentinelle.dz\/"},{"@type":"ListItem","position":2,"name":"Pr\u00e9sidence de la FAF\u00a0: La date limite de d\u00e9p\u00f4t des candidatures report\u00e9e"}]},{"@type":"WebSite","@id":"https:\/\/lasentinelle.dz\/#website","url":"https:\/\/lasentinelle.dz\/","name":"La Sentinelle","description":"Quotidien national d&#039;information","publisher":{"@id":"https:\/\/lasentinelle.dz\/#organization"},"potentialAction":[{"@type":"SearchAction","target":{"@type":"EntryPoint","urlTemplate":"https:\/\/lasentinelle.dz\/?s={search_term_string}"},"query-input":{"@type":"PropertyValueSpecification","valueRequired":true,"valueName":"search_term_string"}}],"inLanguage":"fr-FR"},{"@type":"Organization","@id":"https:\/\/lasentinelle.dz\/#organization","name":"Quotidien La Sentinelle","url":"https:\/\/lasentinelle.dz\/","logo":{"@type":"ImageObject","inLanguage":"fr-FR","@id":"https:\/\/lasentinelle.dz\/#\/schema\/logo\/image\/","url":"https:\/\/lasentinelle.dz\/wp-content\/uploads\/2021\/09\/logo-sentinelleSLOGAN-1.png","contentUrl":"https:\/\/lasentinelle.dz\/wp-content\/uploads\/2021\/09\/logo-sentinelleSLOGAN-1.png","width":615,"height":142,"caption":"Quotidien La Sentinelle"},"image":{"@id":"https:\/\/lasentinelle.dz\/#\/schema\/logo\/image\/"},"sameAs":["https:\/\/www.facebook.com\/La-Sentinelle-104059864394773"]},{"@type":"Person","@id":"https:\/\/lasentinelle.dz\/#\/schema\/person\/d865044e22e70a75174ce8bcad3acfb3","name":"La Sentinelle","image":{"@type":"ImageObject","inLanguage":"fr-FR","@id":"https:\/\/secure.gravatar.com\/avatar\/57de8e5d4b15d43fb361a71fbb36338450fe67865b528a43dd10ef7c51a20392?s=96&d=mm&r=g","url":"https:\/\/secure.gravatar.com\/avatar\/57de8e5d4b15d43fb361a71fbb36338450fe67865b528a43dd10ef7c51a20392?s=96&d=mm&r=g","contentUrl":"https:\/\/secure.gravatar.com\/avatar\/57de8e5d4b15d43fb361a71fbb36338450fe67865b528a43dd10ef7c51a20392?s=96&d=mm&r=g","caption":"La Sentinelle"},"sameAs":["http:\/\/www.lasentinelle.dz"],"url":"https:\/\/lasentinelle.dz\/author\/redaction\/"}]}},"_links":{"self":[{"href":"https:\/\/lasentinelle.dz\/index.php\/wp-json\/wp\/v2\/posts\/44578","targetHints":{"allow":["GET"]}}],"collection":[{"href":"https:\/\/lasentinelle.dz\/index.php\/wp-json\/wp\/v2\/posts"}],"about":[{"href":"https:\/\/lasentinelle.dz\/index.php\/wp-json\/wp\/v2\/types\/post"}],"author":[{"embeddable":true,"href":"https:\/\/lasentinelle.dz\/index.php\/wp-json\/wp\/v2\/users\/3"}],"replies":[{"embeddable":true,"href":"https:\/\/lasentinelle.dz\/index.php\/wp-json\/wp\/v2\/comments?post=44578"}],"version-history":[{"count":1,"href":"https:\/\/lasentinelle.dz\/index.php\/wp-json\/wp\/v2\/posts\/44578\/revisions"}],"predecessor-version":[{"id":44579,"href":"https:\/\/lasentinelle.dz\/index.php\/wp-json\/wp\/v2\/posts\/44578\/revisions\/44579"}],"wp:featuredmedia":[{"embeddable":true,"href":"https:\/\/lasentinelle.dz\/index.php\/wp-json\/wp\/v2\/media\/35310"}],"wp:attachment":[{"href":"https:\/\/lasentinelle.dz\/index.php\/wp-json\/wp\/v2\/media?parent=44578"}],"wp:term":[{"taxonomy":"category","embeddable":true,"href":"https:\/\/lasentinelle.dz\/index.php\/wp-json\/wp\/v2\/categories?post=44578"},{"taxonomy":"post_tag","embeddable":true,"href":"https:\/\/lasentinelle.dz\/index.php\/wp-json\/wp\/v2\/tags?post=44578"}],"curies":[{"name":"wp","href":"https:\/\/api.w.org\/{rel}","templated":true}]}}