{"id":44590,"date":"2023-08-13T22:39:26","date_gmt":"2023-08-13T21:39:26","guid":{"rendered":"https:\/\/lasentinelle.dz\/?p=44590"},"modified":"2023-08-13T22:39:28","modified_gmt":"2023-08-13T21:39:28","slug":"hausse-des-prix-des-climatiseurs-une-enquete-lancee","status":"publish","type":"post","link":"https:\/\/lasentinelle.dz\/index.php\/2023\/08\/13\/hausse-des-prix-des-climatiseurs-une-enquete-lancee\/","title":{"rendered":"Hausse des prix des climatiseurs\u00a0: Une enqu\u00eate lanc\u00e9e"},"content":{"rendered":"\n<p>Apr\u00e8s la hausse des prix des produits de large consommation, c\u2019est au tour des produits \u00e9lectrom\u00e9nagers d\u2019\u00eatre touch\u00e9s par cette inflation. C\u2019est le cas particuli\u00e8rement des climatiseurs dont les prix affichent, depuis trois mois, une augmentation inexpliqu\u00e9e. Une hausse attribu\u00e9e par le minist\u00e8re du Commerce et de la Promotion des exportations \u00e0 la sp\u00e9culation. Ce qui a donn\u00e9 lieu \u00e0 l\u2019ouverture d\u2019une enqu\u00eate au niveau des Directions du Commerce. Il faut dire que cette hausse fulgurante des prix des de certains \u00e9quipements \u00e9lectrom\u00e9nagers, surtout les climatiseurs a suscit\u00e9 la r\u00e9action, au d\u00e9but du mois en cours, du ministre du Commerce et de la Promotion des exportations, Tayeb Zitouni, qui a indiqu\u00e9 qu\u2019en 2023, le march\u00e9 national a vu l\u2019introduction de 782.000 climatiseurs contre 400.000 unit\u00e9s en 2022. Excluant ainsi le probl\u00e8me de la \u00ab&nbsp;disponibilit\u00e9&nbsp;\u00bb ou de tension sur l\u2019offre qui aurait pu motiver cette hausse des prix. Le ministre ainsi point\u00e9 du doigt \u00ab&nbsp;certains commer\u00e7ants qui profitent de la derni\u00e8re vague de chaleurs qu\u2019a connue le pays pour augmenter les prix des climatiseurs de mani\u00e8re al\u00e9atoire&nbsp;\u00bb. Il a, en outre, rappel\u00e9 que ses services prendraient des mesures dissuasives \u00e0 l\u2019encontre des contrevenants. Or, en d\u00e9pit des explications du ministre et de ses mises en gardes, les prix de ces \u00e9quipements n\u2019ont pas fl\u00e9chi d\u2019un iota. C\u2019est dans ce contexte qu\u2019une enqu\u00eate a \u00e9t\u00e9 ouverte par les services du commerce. C\u2019est le cas \u00e0 Annaba o\u00f9 la Direction du commerce a ouvert une enqu\u00eate sur les prix et la disponibilit\u00e9 des climatiseurs. Une enqu\u00eate devant remonter la cha\u00eene de distribution afin de situer le dysfonctionnement \u00e0 l\u2019origine de la flamb\u00e9e des prix des climatiseurs \u00e0 Annaba. Les brigades de contr\u00f4le sillonnent depuis quelques jours, les diff\u00e9rents commerces d\u2019\u00e9lectrom\u00e9nagers et leurs entrep\u00f4ts avec v\u00e9rification de factures. Les brigades anti-fraudes ont exig\u00e9 l\u2019affichage des prix des \u00e9quipements m\u00e9nagers, dont entre autres les climatiseurs. Aux termes des op\u00e9rations de contr\u00f4les, il a \u00e9t\u00e9 relev\u00e9 une hausse des prix de tous les appareils \u00e9lectrom\u00e9nagers. Des augmentations variant entre 10 et 15% atteignant parfois les 40%. C\u2019est le cas particuli\u00e8rement des climatiseurs dont les prix varient entre 85 000 da et 130 000 DA. Une situation qui a par ailleurs provoqu\u00e9 un boom dans les ventes par facilit\u00e9. Cette pratique controvers\u00e9e en raison des taux d\u2019int\u00e9r\u00eats appliqu\u00e9s, reste incontournable pour le consommateur qui n&rsquo;a pas d\u2019autre alternative. Les contr\u00f4leurs de la direction du commerce, sont sur le pied de guerre, afin de r\u00e9guler le march\u00e9 de l\u2019\u00e9lectrom\u00e9nager. Ils ont aussi pour objectif d\u2019identifier et sanctionner les sp\u00e9culateurs. Une t\u00e2che pas facile, quand les grossistes et les d\u00e9taillants se renvoient la balle pour expliquer cette augmentation outrageante. En attendant les r\u00e9sultats de cette enqu\u00eate qui s\u2019\u00e9tale le long de la semaine, il est utile de rappeler que, le minist\u00e8re du Commerce avait pris, en 2020, plusieurs mesures visant le renforcement des m\u00e9canismes de contr\u00f4le des activit\u00e9s commerciales et des diff\u00e9rents produits locaux ou import\u00e9s circulant sur le march\u00e9 national. Il a \u00e9t\u00e9 proc\u00e9d\u00e9 \u00e0 la r\u00e9vision et de l\u2019actualisation des m\u00e9thodes et modes de contr\u00f4le sur le march\u00e9, \u00e0 travers l\u2019\u00e9laboration d\u2019un d\u00e9cret ex\u00e9cutif fixant le mod\u00e8le des proc\u00e8s-verbaux de constat des contraventions li\u00e9es aux pratiques commerciales. De m\u00eame qu\u2019il a \u00e9t\u00e9 \u00e9galement proc\u00e9d\u00e9 \u00e0 l\u2019\u00e9laboration de deux projets de d\u00e9crets ex\u00e9cutifs, le premier fixant les modalit\u00e9s de contr\u00f4le des produits et le second fixant les donn\u00e9es obligatoires et le mod\u00e8le des rapports d\u2019enqu\u00eates. Le d\u00e9partement de tutelle avait finalis\u00e9 la r\u00e9vision et l\u2019actualisation de 04 guides, \u00e0 savoir le guide de l\u2019inspecteur de r\u00e9pression de la fraude, le guide des crit\u00e8res analytiques de contr\u00f4le de la conformit\u00e9, le guide de contr\u00f4le des appareils \u00e9lectrom\u00e9nagers et le guide d\u2019\u00e9valuation des laboratoires d\u2019exp\u00e9riences et d\u2019analyse de la qualit\u00e9. En mati\u00e8re de contr\u00f4le des importations et de la lutte contre la contrefa\u00e7on, une loi-cadre portant lutte contre la contrefa\u00e7on a \u00e9t\u00e9 \u00e9labor\u00e9e. En mati\u00e8re d\u2019enqu\u00eates \u00e9conomiques, le minist\u00e8re en a r\u00e9alis\u00e9 plusieurs sur les activit\u00e9s commerciales des d\u00e9tenteurs de registres de commerce de vente en d\u00e9tail \u00e2g\u00e9s plus de 70 ans et les importateurs de moins de 25 ans, ainsi que les commer\u00e7ants de gros, et ce, en coordination avec les services de la s\u00fbret\u00e9 nationale. Le minist\u00e8re du Commerce a \u00e9galement ouvert des enqu\u00eates sur la production et la distribution de l\u2019huile de table, la gestion de la caisse de compensation des frais de transports en faveur des wilayas du sud, ainsi que les registres de commerce des ressortissants \u00e9trangers et les bureaux de liaison.<\/p>\n\n\n\n<p><strong>Sofia Chahine<\/strong><\/p>\n","protected":false},"excerpt":{"rendered":"<p>Apr\u00e8s la hausse des prix des produits de large consommation, c\u2019est au tour des produits \u00e9lectrom\u00e9nagers d\u2019\u00eatre touch\u00e9s par cette<\/p>\n","protected":false},"author":3,"featured_media":44591,"comment_status":"open","ping_status":"closed","sticky":false,"template":"","format":"standard","meta":{"colormag_page_container_layout":"default_layout","colormag_page_sidebar_layout":"default_layout","om_disable_all_campaigns":false,"_monsterinsights_skip_tracking":false,"_monsterinsights_sitenote_active":false,"_monsterinsights_sitenote_note":"","_monsterinsights_sitenote_category":0,"footnotes":"","_wpscppro_dont_share_socialmedia":false,"_wpscppro_custom_social_share_image":0,"_facebook_share_type":"","_twitter_share_type":"","_linkedin_share_type":"","_pinterest_share_type":"","_linkedin_share_type_page":"","_instagram_share_type":"","_medium_share_type":"","_threads_share_type":"","_google_business_share_type":"","_selected_social_profile":[],"_wpsp_enable_custom_social_template":false,"_wpsp_social_scheduling":{"enabled":false,"datetime":null,"platforms":[],"status":"template_only","dateOption":"today","timeOption":"now","customDays":"","customHours":"","customDate":"","customTime":"","schedulingType":"absolute"},"_wpsp_active_default_template":true},"categories":[52,27],"tags":[],"class_list":["post-44590","post","type-post","status-publish","format-standard","has-post-thumbnail","hentry","category-a-la-une","category-actualite"],"aioseo_notices":[],"yoast_head":"<!-- This site is optimized with the Yoast SEO plugin v27.5 - https:\/\/yoast.com\/product\/yoast-seo-wordpress\/ -->\n<title>Hausse des prix des climatiseurs\u00a0: Une enqu\u00eate lanc\u00e9e - La Sentinelle<\/title>\n<meta name=\"robots\" content=\"index, follow, max-snippet:-1, max-image-preview:large, max-video-preview:-1\" \/>\n<link rel=\"canonical\" href=\"https:\/\/lasentinelle.dz\/index.php\/2023\/08\/13\/hausse-des-prix-des-climatiseurs-une-enquete-lancee\/\" \/>\n<meta property=\"og:locale\" content=\"fr_FR\" \/>\n<meta property=\"og:type\" content=\"article\" \/>\n<meta property=\"og:title\" content=\"Hausse des prix des climatiseurs\u00a0: Une enqu\u00eate lanc\u00e9e - La Sentinelle\" \/>\n<meta property=\"og:description\" content=\"Apr\u00e8s la hausse des prix des produits de large consommation, c\u2019est au tour des produits \u00e9lectrom\u00e9nagers d\u2019\u00eatre touch\u00e9s par cette\" \/>\n<meta property=\"og:url\" content=\"https:\/\/lasentinelle.dz\/index.php\/2023\/08\/13\/hausse-des-prix-des-climatiseurs-une-enquete-lancee\/\" \/>\n<meta property=\"og:site_name\" content=\"La Sentinelle\" \/>\n<meta property=\"article:publisher\" content=\"https:\/\/www.facebook.com\/La-Sentinelle-104059864394773\" \/>\n<meta property=\"article:published_time\" content=\"2023-08-13T21:39:26+00:00\" \/>\n<meta property=\"article:modified_time\" content=\"2023-08-13T21:39:28+00:00\" \/>\n<meta property=\"og:image\" content=\"https:\/\/lasentinelle.dz\/wp-content\/uploads\/2023\/08\/ministere-du-Commerce.jpeg\" \/>\n\t<meta property=\"og:image:width\" content=\"580\" \/>\n\t<meta property=\"og:image:height\" content=\"350\" \/>\n\t<meta property=\"og:image:type\" content=\"image\/jpeg\" \/>\n<meta name=\"author\" content=\"La Sentinelle\" \/>\n<meta name=\"twitter:card\" content=\"summary_large_image\" \/>\n<meta name=\"twitter:label1\" content=\"\u00c9crit par\" \/>\n\t<meta name=\"twitter:data1\" content=\"La Sentinelle\" \/>\n\t<meta name=\"twitter:label2\" content=\"Dur\u00e9e de lecture estim\u00e9e\" \/>\n\t<meta name=\"twitter:data2\" content=\"4 minutes\" \/>\n<script type=\"application\/ld+json\" class=\"yoast-schema-graph\">{\"@context\":\"https:\\\/\\\/schema.org\",\"@graph\":[{\"@type\":\"Article\",\"@id\":\"https:\\\/\\\/lasentinelle.dz\\\/index.php\\\/2023\\\/08\\\/13\\\/hausse-des-prix-des-climatiseurs-une-enquete-lancee\\\/#article\",\"isPartOf\":{\"@id\":\"https:\\\/\\\/lasentinelle.dz\\\/index.php\\\/2023\\\/08\\\/13\\\/hausse-des-prix-des-climatiseurs-une-enquete-lancee\\\/\"},\"author\":{\"name\":\"La Sentinelle\",\"@id\":\"https:\\\/\\\/lasentinelle.dz\\\/#\\\/schema\\\/person\\\/d865044e22e70a75174ce8bcad3acfb3\"},\"headline\":\"Hausse des prix des climatiseurs\u00a0: Une enqu\u00eate lanc\u00e9e\",\"datePublished\":\"2023-08-13T21:39:26+00:00\",\"dateModified\":\"2023-08-13T21:39:28+00:00\",\"mainEntityOfPage\":{\"@id\":\"https:\\\/\\\/lasentinelle.dz\\\/index.php\\\/2023\\\/08\\\/13\\\/hausse-des-prix-des-climatiseurs-une-enquete-lancee\\\/\"},\"wordCount\":872,\"commentCount\":0,\"publisher\":{\"@id\":\"https:\\\/\\\/lasentinelle.dz\\\/#organization\"},\"image\":{\"@id\":\"https:\\\/\\\/lasentinelle.dz\\\/index.php\\\/2023\\\/08\\\/13\\\/hausse-des-prix-des-climatiseurs-une-enquete-lancee\\\/#primaryimage\"},\"thumbnailUrl\":\"https:\\\/\\\/lasentinelle.dz\\\/wp-content\\\/uploads\\\/2023\\\/08\\\/ministere-du-Commerce.jpeg\",\"articleSection\":[\"\u00c0 la Une\",\"Actualit\u00e9\"],\"inLanguage\":\"fr-FR\",\"potentialAction\":[{\"@type\":\"CommentAction\",\"name\":\"Comment\",\"target\":[\"https:\\\/\\\/lasentinelle.dz\\\/index.php\\\/2023\\\/08\\\/13\\\/hausse-des-prix-des-climatiseurs-une-enquete-lancee\\\/#respond\"]}]},{\"@type\":\"WebPage\",\"@id\":\"https:\\\/\\\/lasentinelle.dz\\\/index.php\\\/2023\\\/08\\\/13\\\/hausse-des-prix-des-climatiseurs-une-enquete-lancee\\\/\",\"url\":\"https:\\\/\\\/lasentinelle.dz\\\/index.php\\\/2023\\\/08\\\/13\\\/hausse-des-prix-des-climatiseurs-une-enquete-lancee\\\/\",\"name\":\"Hausse des prix des climatiseurs\u00a0: Une enqu\u00eate lanc\u00e9e - La Sentinelle\",\"isPartOf\":{\"@id\":\"https:\\\/\\\/lasentinelle.dz\\\/#website\"},\"primaryImageOfPage\":{\"@id\":\"https:\\\/\\\/lasentinelle.dz\\\/index.php\\\/2023\\\/08\\\/13\\\/hausse-des-prix-des-climatiseurs-une-enquete-lancee\\\/#primaryimage\"},\"image\":{\"@id\":\"https:\\\/\\\/lasentinelle.dz\\\/index.php\\\/2023\\\/08\\\/13\\\/hausse-des-prix-des-climatiseurs-une-enquete-lancee\\\/#primaryimage\"},\"thumbnailUrl\":\"https:\\\/\\\/lasentinelle.dz\\\/wp-content\\\/uploads\\\/2023\\\/08\\\/ministere-du-Commerce.jpeg\",\"datePublished\":\"2023-08-13T21:39:26+00:00\",\"dateModified\":\"2023-08-13T21:39:28+00:00\",\"breadcrumb\":{\"@id\":\"https:\\\/\\\/lasentinelle.dz\\\/index.php\\\/2023\\\/08\\\/13\\\/hausse-des-prix-des-climatiseurs-une-enquete-lancee\\\/#breadcrumb\"},\"inLanguage\":\"fr-FR\",\"potentialAction\":[{\"@type\":\"ReadAction\",\"target\":[\"https:\\\/\\\/lasentinelle.dz\\\/index.php\\\/2023\\\/08\\\/13\\\/hausse-des-prix-des-climatiseurs-une-enquete-lancee\\\/\"]}]},{\"@type\":\"ImageObject\",\"inLanguage\":\"fr-FR\",\"@id\":\"https:\\\/\\\/lasentinelle.dz\\\/index.php\\\/2023\\\/08\\\/13\\\/hausse-des-prix-des-climatiseurs-une-enquete-lancee\\\/#primaryimage\",\"url\":\"https:\\\/\\\/lasentinelle.dz\\\/wp-content\\\/uploads\\\/2023\\\/08\\\/ministere-du-Commerce.jpeg\",\"contentUrl\":\"https:\\\/\\\/lasentinelle.dz\\\/wp-content\\\/uploads\\\/2023\\\/08\\\/ministere-du-Commerce.jpeg\",\"width\":580,\"height\":350},{\"@type\":\"BreadcrumbList\",\"@id\":\"https:\\\/\\\/lasentinelle.dz\\\/index.php\\\/2023\\\/08\\\/13\\\/hausse-des-prix-des-climatiseurs-une-enquete-lancee\\\/#breadcrumb\",\"itemListElement\":[{\"@type\":\"ListItem\",\"position\":1,\"name\":\"Accueil\",\"item\":\"https:\\\/\\\/lasentinelle.dz\\\/\"},{\"@type\":\"ListItem\",\"position\":2,\"name\":\"Hausse des prix des climatiseurs\u00a0: Une enqu\u00eate lanc\u00e9e\"}]},{\"@type\":\"WebSite\",\"@id\":\"https:\\\/\\\/lasentinelle.dz\\\/#website\",\"url\":\"https:\\\/\\\/lasentinelle.dz\\\/\",\"name\":\"La Sentinelle\",\"description\":\"Quotidien national d&#039;information\",\"publisher\":{\"@id\":\"https:\\\/\\\/lasentinelle.dz\\\/#organization\"},\"potentialAction\":[{\"@type\":\"SearchAction\",\"target\":{\"@type\":\"EntryPoint\",\"urlTemplate\":\"https:\\\/\\\/lasentinelle.dz\\\/?s={search_term_string}\"},\"query-input\":{\"@type\":\"PropertyValueSpecification\",\"valueRequired\":true,\"valueName\":\"search_term_string\"}}],\"inLanguage\":\"fr-FR\"},{\"@type\":\"Organization\",\"@id\":\"https:\\\/\\\/lasentinelle.dz\\\/#organization\",\"name\":\"Quotidien La Sentinelle\",\"url\":\"https:\\\/\\\/lasentinelle.dz\\\/\",\"logo\":{\"@type\":\"ImageObject\",\"inLanguage\":\"fr-FR\",\"@id\":\"https:\\\/\\\/lasentinelle.dz\\\/#\\\/schema\\\/logo\\\/image\\\/\",\"url\":\"https:\\\/\\\/lasentinelle.dz\\\/wp-content\\\/uploads\\\/2021\\\/09\\\/logo-sentinelleSLOGAN-1.png\",\"contentUrl\":\"https:\\\/\\\/lasentinelle.dz\\\/wp-content\\\/uploads\\\/2021\\\/09\\\/logo-sentinelleSLOGAN-1.png\",\"width\":615,\"height\":142,\"caption\":\"Quotidien La Sentinelle\"},\"image\":{\"@id\":\"https:\\\/\\\/lasentinelle.dz\\\/#\\\/schema\\\/logo\\\/image\\\/\"},\"sameAs\":[\"https:\\\/\\\/www.facebook.com\\\/La-Sentinelle-104059864394773\"]},{\"@type\":\"Person\",\"@id\":\"https:\\\/\\\/lasentinelle.dz\\\/#\\\/schema\\\/person\\\/d865044e22e70a75174ce8bcad3acfb3\",\"name\":\"La Sentinelle\",\"image\":{\"@type\":\"ImageObject\",\"inLanguage\":\"fr-FR\",\"@id\":\"https:\\\/\\\/secure.gravatar.com\\\/avatar\\\/57de8e5d4b15d43fb361a71fbb36338450fe67865b528a43dd10ef7c51a20392?s=96&d=mm&r=g\",\"url\":\"https:\\\/\\\/secure.gravatar.com\\\/avatar\\\/57de8e5d4b15d43fb361a71fbb36338450fe67865b528a43dd10ef7c51a20392?s=96&d=mm&r=g\",\"contentUrl\":\"https:\\\/\\\/secure.gravatar.com\\\/avatar\\\/57de8e5d4b15d43fb361a71fbb36338450fe67865b528a43dd10ef7c51a20392?s=96&d=mm&r=g\",\"caption\":\"La Sentinelle\"},\"sameAs\":[\"http:\\\/\\\/www.lasentinelle.dz\"],\"url\":\"https:\\\/\\\/lasentinelle.dz\\\/author\\\/redaction\\\/\"}]}<\/script>\n<!-- \/ Yoast SEO plugin. -->","yoast_head_json":{"title":"Hausse des prix des climatiseurs\u00a0: Une enqu\u00eate lanc\u00e9e - La Sentinelle","robots":{"index":"index","follow":"follow","max-snippet":"max-snippet:-1","max-image-preview":"max-image-preview:large","max-video-preview":"max-video-preview:-1"},"canonical":"https:\/\/lasentinelle.dz\/index.php\/2023\/08\/13\/hausse-des-prix-des-climatiseurs-une-enquete-lancee\/","og_locale":"fr_FR","og_type":"article","og_title":"Hausse des prix des climatiseurs\u00a0: Une enqu\u00eate lanc\u00e9e - La Sentinelle","og_description":"Apr\u00e8s la hausse des prix des produits de large consommation, c\u2019est au tour des produits \u00e9lectrom\u00e9nagers d\u2019\u00eatre touch\u00e9s par cette","og_url":"https:\/\/lasentinelle.dz\/index.php\/2023\/08\/13\/hausse-des-prix-des-climatiseurs-une-enquete-lancee\/","og_site_name":"La Sentinelle","article_publisher":"https:\/\/www.facebook.com\/La-Sentinelle-104059864394773","article_published_time":"2023-08-13T21:39:26+00:00","article_modified_time":"2023-08-13T21:39:28+00:00","og_image":[{"width":580,"height":350,"url":"https:\/\/lasentinelle.dz\/wp-content\/uploads\/2023\/08\/ministere-du-Commerce.jpeg","type":"image\/jpeg"}],"author":"La Sentinelle","twitter_card":"summary_large_image","twitter_misc":{"\u00c9crit par":"La Sentinelle","Dur\u00e9e de lecture estim\u00e9e":"4 minutes"},"schema":{"@context":"https:\/\/schema.org","@graph":[{"@type":"Article","@id":"https:\/\/lasentinelle.dz\/index.php\/2023\/08\/13\/hausse-des-prix-des-climatiseurs-une-enquete-lancee\/#article","isPartOf":{"@id":"https:\/\/lasentinelle.dz\/index.php\/2023\/08\/13\/hausse-des-prix-des-climatiseurs-une-enquete-lancee\/"},"author":{"name":"La Sentinelle","@id":"https:\/\/lasentinelle.dz\/#\/schema\/person\/d865044e22e70a75174ce8bcad3acfb3"},"headline":"Hausse des prix des climatiseurs\u00a0: Une enqu\u00eate lanc\u00e9e","datePublished":"2023-08-13T21:39:26+00:00","dateModified":"2023-08-13T21:39:28+00:00","mainEntityOfPage":{"@id":"https:\/\/lasentinelle.dz\/index.php\/2023\/08\/13\/hausse-des-prix-des-climatiseurs-une-enquete-lancee\/"},"wordCount":872,"commentCount":0,"publisher":{"@id":"https:\/\/lasentinelle.dz\/#organization"},"image":{"@id":"https:\/\/lasentinelle.dz\/index.php\/2023\/08\/13\/hausse-des-prix-des-climatiseurs-une-enquete-lancee\/#primaryimage"},"thumbnailUrl":"https:\/\/lasentinelle.dz\/wp-content\/uploads\/2023\/08\/ministere-du-Commerce.jpeg","articleSection":["\u00c0 la Une","Actualit\u00e9"],"inLanguage":"fr-FR","potentialAction":[{"@type":"CommentAction","name":"Comment","target":["https:\/\/lasentinelle.dz\/index.php\/2023\/08\/13\/hausse-des-prix-des-climatiseurs-une-enquete-lancee\/#respond"]}]},{"@type":"WebPage","@id":"https:\/\/lasentinelle.dz\/index.php\/2023\/08\/13\/hausse-des-prix-des-climatiseurs-une-enquete-lancee\/","url":"https:\/\/lasentinelle.dz\/index.php\/2023\/08\/13\/hausse-des-prix-des-climatiseurs-une-enquete-lancee\/","name":"Hausse des prix des climatiseurs\u00a0: Une enqu\u00eate lanc\u00e9e - La Sentinelle","isPartOf":{"@id":"https:\/\/lasentinelle.dz\/#website"},"primaryImageOfPage":{"@id":"https:\/\/lasentinelle.dz\/index.php\/2023\/08\/13\/hausse-des-prix-des-climatiseurs-une-enquete-lancee\/#primaryimage"},"image":{"@id":"https:\/\/lasentinelle.dz\/index.php\/2023\/08\/13\/hausse-des-prix-des-climatiseurs-une-enquete-lancee\/#primaryimage"},"thumbnailUrl":"https:\/\/lasentinelle.dz\/wp-content\/uploads\/2023\/08\/ministere-du-Commerce.jpeg","datePublished":"2023-08-13T21:39:26+00:00","dateModified":"2023-08-13T21:39:28+00:00","breadcrumb":{"@id":"https:\/\/lasentinelle.dz\/index.php\/2023\/08\/13\/hausse-des-prix-des-climatiseurs-une-enquete-lancee\/#breadcrumb"},"inLanguage":"fr-FR","potentialAction":[{"@type":"ReadAction","target":["https:\/\/lasentinelle.dz\/index.php\/2023\/08\/13\/hausse-des-prix-des-climatiseurs-une-enquete-lancee\/"]}]},{"@type":"ImageObject","inLanguage":"fr-FR","@id":"https:\/\/lasentinelle.dz\/index.php\/2023\/08\/13\/hausse-des-prix-des-climatiseurs-une-enquete-lancee\/#primaryimage","url":"https:\/\/lasentinelle.dz\/wp-content\/uploads\/2023\/08\/ministere-du-Commerce.jpeg","contentUrl":"https:\/\/lasentinelle.dz\/wp-content\/uploads\/2023\/08\/ministere-du-Commerce.jpeg","width":580,"height":350},{"@type":"BreadcrumbList","@id":"https:\/\/lasentinelle.dz\/index.php\/2023\/08\/13\/hausse-des-prix-des-climatiseurs-une-enquete-lancee\/#breadcrumb","itemListElement":[{"@type":"ListItem","position":1,"name":"Accueil","item":"https:\/\/lasentinelle.dz\/"},{"@type":"ListItem","position":2,"name":"Hausse des prix des climatiseurs\u00a0: Une enqu\u00eate lanc\u00e9e"}]},{"@type":"WebSite","@id":"https:\/\/lasentinelle.dz\/#website","url":"https:\/\/lasentinelle.dz\/","name":"La Sentinelle","description":"Quotidien national d&#039;information","publisher":{"@id":"https:\/\/lasentinelle.dz\/#organization"},"potentialAction":[{"@type":"SearchAction","target":{"@type":"EntryPoint","urlTemplate":"https:\/\/lasentinelle.dz\/?s={search_term_string}"},"query-input":{"@type":"PropertyValueSpecification","valueRequired":true,"valueName":"search_term_string"}}],"inLanguage":"fr-FR"},{"@type":"Organization","@id":"https:\/\/lasentinelle.dz\/#organization","name":"Quotidien La Sentinelle","url":"https:\/\/lasentinelle.dz\/","logo":{"@type":"ImageObject","inLanguage":"fr-FR","@id":"https:\/\/lasentinelle.dz\/#\/schema\/logo\/image\/","url":"https:\/\/lasentinelle.dz\/wp-content\/uploads\/2021\/09\/logo-sentinelleSLOGAN-1.png","contentUrl":"https:\/\/lasentinelle.dz\/wp-content\/uploads\/2021\/09\/logo-sentinelleSLOGAN-1.png","width":615,"height":142,"caption":"Quotidien La Sentinelle"},"image":{"@id":"https:\/\/lasentinelle.dz\/#\/schema\/logo\/image\/"},"sameAs":["https:\/\/www.facebook.com\/La-Sentinelle-104059864394773"]},{"@type":"Person","@id":"https:\/\/lasentinelle.dz\/#\/schema\/person\/d865044e22e70a75174ce8bcad3acfb3","name":"La Sentinelle","image":{"@type":"ImageObject","inLanguage":"fr-FR","@id":"https:\/\/secure.gravatar.com\/avatar\/57de8e5d4b15d43fb361a71fbb36338450fe67865b528a43dd10ef7c51a20392?s=96&d=mm&r=g","url":"https:\/\/secure.gravatar.com\/avatar\/57de8e5d4b15d43fb361a71fbb36338450fe67865b528a43dd10ef7c51a20392?s=96&d=mm&r=g","contentUrl":"https:\/\/secure.gravatar.com\/avatar\/57de8e5d4b15d43fb361a71fbb36338450fe67865b528a43dd10ef7c51a20392?s=96&d=mm&r=g","caption":"La Sentinelle"},"sameAs":["http:\/\/www.lasentinelle.dz"],"url":"https:\/\/lasentinelle.dz\/author\/redaction\/"}]}},"_links":{"self":[{"href":"https:\/\/lasentinelle.dz\/index.php\/wp-json\/wp\/v2\/posts\/44590","targetHints":{"allow":["GET"]}}],"collection":[{"href":"https:\/\/lasentinelle.dz\/index.php\/wp-json\/wp\/v2\/posts"}],"about":[{"href":"https:\/\/lasentinelle.dz\/index.php\/wp-json\/wp\/v2\/types\/post"}],"author":[{"embeddable":true,"href":"https:\/\/lasentinelle.dz\/index.php\/wp-json\/wp\/v2\/users\/3"}],"replies":[{"embeddable":true,"href":"https:\/\/lasentinelle.dz\/index.php\/wp-json\/wp\/v2\/comments?post=44590"}],"version-history":[{"count":1,"href":"https:\/\/lasentinelle.dz\/index.php\/wp-json\/wp\/v2\/posts\/44590\/revisions"}],"predecessor-version":[{"id":44592,"href":"https:\/\/lasentinelle.dz\/index.php\/wp-json\/wp\/v2\/posts\/44590\/revisions\/44592"}],"wp:featuredmedia":[{"embeddable":true,"href":"https:\/\/lasentinelle.dz\/index.php\/wp-json\/wp\/v2\/media\/44591"}],"wp:attachment":[{"href":"https:\/\/lasentinelle.dz\/index.php\/wp-json\/wp\/v2\/media?parent=44590"}],"wp:term":[{"taxonomy":"category","embeddable":true,"href":"https:\/\/lasentinelle.dz\/index.php\/wp-json\/wp\/v2\/categories?post=44590"},{"taxonomy":"post_tag","embeddable":true,"href":"https:\/\/lasentinelle.dz\/index.php\/wp-json\/wp\/v2\/tags?post=44590"}],"curies":[{"name":"wp","href":"https:\/\/api.w.org\/{rel}","templated":true}]}}