{"id":44633,"date":"2023-08-14T20:03:09","date_gmt":"2023-08-14T19:03:09","guid":{"rendered":"https:\/\/lasentinelle.dz\/?p=44633"},"modified":"2023-08-14T20:03:10","modified_gmt":"2023-08-14T19:03:10","slug":"paulownia-moringa-et-arganier-la-dgf-lance-un-programme-de-plantations-despeces-a-valeur-economique","status":"publish","type":"post","link":"https:\/\/lasentinelle.dz\/index.php\/2023\/08\/14\/paulownia-moringa-et-arganier-la-dgf-lance-un-programme-de-plantations-despeces-a-valeur-economique\/","title":{"rendered":"Paulownia, moringa et arganier\u00a0: La DGF lance un programme de plantations d\u2019esp\u00e8ces \u00e0 valeur \u00e9conomique"},"content":{"rendered":"\n<p>La Direction g\u00e9n\u00e9rale des for\u00eats a lanc\u00e9 un programme de nouvelles esp\u00e8ces floristiques \u00e0 haute valeur \u00e9conomique \u00e0 l\u2019image du paulownia, de l\u2019argan et du moringa. Ainsi, une op\u00e9ration de plantation d&rsquo;une nouvelle esp\u00e8ce floristique, le paulownia, sera lanc\u00e9e d\u00e8s octobre prochain, sur des parcelles, dans trois wilayas. La sous directrice du reboisement et des p\u00e9pini\u00e8res \u00e0 la Direction g\u00e9n\u00e9rale des for\u00eats, Sabrina Rachedi, a indiqu\u00e9 dans un entretien \u00e0 l\u2019APS, que les wilayas de Tipasa, S\u00e9tif&nbsp; et Djelfa, trois zones aux caract\u00e9ristiques climatiques distinctes, minutieusement choisies pour observer l&rsquo;\u00e9volution et l&rsquo;acclimatation de cette esp\u00e8ce, dont concern\u00e9es par la plantation du paulownia qui d\u00e9butera juste apr\u00e8s la tomb\u00e9e des premi\u00e8res pluies qui permettront d&rsquo;humidifier le sol et faciliteront l&rsquo;adaptation de jeunes plants en dormance. Elle ajoute que l&rsquo;introduction de nouvelles esp\u00e8ces n&rsquo;intervient pas de mani\u00e8re \u00a0\u00bbal\u00e9atoire\u00a0\u00bb, mais elle est pr\u00e9c\u00e9d\u00e9e par une \u00e9tude minutieuse et des essais et la plantation de l&rsquo;essence est men\u00e9e sur des petites surfaces, \u00a0\u00bb\u00e0 la lisi\u00e8re des for\u00eats, dans les endroits o\u00f9 il y a des poches vides ou encore des maquis d\u00e9grad\u00e9s\u00a0\u00bb. \u00a0\u00bbLa pr\u00e9servation de la qualit\u00e9 g\u00e9n\u00e9tique autochtone de la for\u00eat alg\u00e9rienne demeure la mission principale du secteur des for\u00eats\u00a0\u00bb, assure-t-elle Le paulownia est appr\u00e9ci\u00e9 pour son bois, et est utilis\u00e9 pour stabiliser les sols, fournir le fourrage, outre l&rsquo;exploitation de ses feuilles et fibres dans le domaine m\u00e9dicinale, et l&rsquo;industrie cosm\u00e9tiques et textiles, a fait savoir la responsable Le paulownia, une esp\u00e8ce dite \u00a0\u00bbinvasive\u00a0\u00bb, caract\u00e9ris\u00e9e par une&nbsp; croissance rapide,&nbsp; peut atteindre jusqu&rsquo;\u00e0&nbsp; 7 m\u00e8tres de haut, \u00e0 seulement trois ans, et culmine \u00e0 maturit\u00e9 entre 10 et 20 m\u00e8tres, et est capable de supporter des degr\u00e9s de chaleur allant jusqu&rsquo;\u00e0 50 degr\u00e9s, rel\u00e8ve la m\u00eame responsable. Elle avance&nbsp; dans ce sillage deux exp\u00e9riences de plantation de paulownia, lanc\u00e9es&nbsp; en Alg\u00e9rie, avant la&nbsp; d\u00e9cision d&rsquo;introduction de cette essence. \u00a0\u00bbUne&nbsp; premi\u00e8re exp\u00e9rience concluante de plantation de paulownia a \u00e9t\u00e9 men\u00e9e dans une exploitation de statut priv\u00e9 \u00e0 Ch\u00e9raga depuis 2019, et l\u00e0, on a atteint l&rsquo;\u00e9tape de la premi\u00e8re coupe, qui permet \u00e0 cette esp\u00e8ce de pousser en hauteur et en diam\u00e8tre\u00a0\u00bb, souligne-t-elle. &nbsp;Aussi, une exp\u00e9rience \u00a0\u00bbtr\u00e8s r\u00e9ussie\u00a0\u00bb de multiplication du paulownia in vitro, a \u00e9t\u00e9 men\u00e9e par un laboratoire \u00e0 Blida, ajoute Mme Rachedi.<\/p>\n\n\n\n<p>Toujours en termes des exp\u00e9riences concluantes d&rsquo;introduction de nouvelles esp\u00e8ces, la sous directrice du reboisement et des p\u00e9pini\u00e8res, a cit\u00e9 \u00e9galement le moringa, un petit arbre de 10 m\u00e8tres maximum, r\u00e9sistant&nbsp; \u00e0 la s\u00e9cheresse et capable de se d\u00e9velopper aussi bien sur des sols riches que pauvres et dont la valeur nutritive de ses feuilles a \u00e9t\u00e9 prouv\u00e9e scientifiquement, et son apport \u00e9conomique est mis en avant \u00e0 l&rsquo;\u00e9chelle mondiale. \u00a0\u00bbAvant l&rsquo;introduction du moringa, des tests sur cette essence ont \u00e9t\u00e9 men\u00e9s \u00e0 l&rsquo;arboretum du Merdja, \u00e0 Blida et sur la base des r\u00e9sultats, la plantation de cet arbre a \u00e9t\u00e9 valid\u00e9e\u00a0\u00bb, note Mme Rachedi. Le moringa a \u00e9t\u00e9 plant\u00e9 sur des parcelles au Sud, \u00e0 Ghardaia, Illizi, Tindouf, Adrar Timmimoun et a donn\u00e9 \u00a0\u00bbde bons r\u00e9sultats d&rsquo;acclimatation aux conditions les plus rudes\u00a0\u00bb. Dans le m\u00eame sillage, la responsable a rappel\u00e9 le programme de d\u00e9veloppement de la culture de l&rsquo;arganier, affirmant que des r\u00e9sultats \u00a0\u00bbprobants\u00a0\u00bb ont \u00e9t\u00e9 constat\u00e9s \u00e0 Mostaganem et Chlef notamment. \u00a0\u00bbNous oeuvrons \u00e0 assurer les conditions ad\u00e9quates pour r\u00e9ussir le reboisement de cet arbre end\u00e9mique. On travaille sur la qualit\u00e9 de l&rsquo;huile et s&rsquo;assurer qu&rsquo;elle sera de la m\u00eame bonne qualit\u00e9 que celles des aires d&rsquo;origines, \u00e0 Tindouf, Adrar et Timimoun\u00a0\u00bb, souligne-t-elle. &nbsp;S&rsquo;agissant du d\u00e9veloppement des esp\u00e8ces rustiques, Mme Rachedi a \u00e9voqu\u00e9 le programme de d\u00e9veloppement de ces esp\u00e8ces, chapeaut\u00e9 par la DGF. &nbsp;\u00ab\u00a0Les esp\u00e8ces rustiques, comme le caroubier, le ch\u00e2taignier, le ch\u00eane vert ou encore le pistachier existent d\u00e9j\u00e0 dans le cort\u00e8ge floristique, mais connaissent un int\u00e9r\u00eat particulier de la part des investisseurs dans divers domaines et nous nous employons \u00e0 accompagner la demande tout en oeuvrant \u00e0 pr\u00e9server la souche originelle de ces esp\u00e8ces\u00a0\u00bb, souligne-t-elle. Selon les donn\u00e9es de la DGF, la for\u00eat alg\u00e9rienne est constitu\u00e9e de diff\u00e9rentes essences dont, le Pin d&rsquo;Alep qui repr\u00e9sente 67% de la superficie globale des for\u00eats, aux c\u00f4t\u00e9s du ch\u00eane li\u00e8ge, du c\u00e8dre, de eucalyptus, et le pin maritime notamment.<\/p>\n\n\n\n<p>Chokri Hafed<\/p>\n","protected":false},"excerpt":{"rendered":"<p>La Direction g\u00e9n\u00e9rale des for\u00eats a lanc\u00e9 un programme de nouvelles esp\u00e8ces floristiques \u00e0 haute valeur \u00e9conomique \u00e0 l\u2019image du<\/p>\n","protected":false},"author":3,"featured_media":44634,"comment_status":"open","ping_status":"closed","sticky":false,"template":"","format":"standard","meta":{"colormag_page_container_layout":"default_layout","colormag_page_sidebar_layout":"default_layout","om_disable_all_campaigns":false,"_monsterinsights_skip_tracking":false,"_monsterinsights_sitenote_active":false,"_monsterinsights_sitenote_note":"","_monsterinsights_sitenote_category":0,"footnotes":"","_wpscppro_dont_share_socialmedia":false,"_wpscppro_custom_social_share_image":0,"_facebook_share_type":"","_twitter_share_type":"","_linkedin_share_type":"","_pinterest_share_type":"","_linkedin_share_type_page":"","_instagram_share_type":"","_medium_share_type":"","_threads_share_type":"","_google_business_share_type":"","_selected_social_profile":[],"_wpsp_enable_custom_social_template":false,"_wpsp_social_scheduling":{"enabled":false,"datetime":null,"platforms":[],"status":"template_only","dateOption":"today","timeOption":"now","customDays":"","customHours":"","customDate":"","customTime":"","schedulingType":"absolute"},"_wpsp_active_default_template":true},"categories":[29],"tags":[],"class_list":["post-44633","post","type-post","status-publish","format-standard","has-post-thumbnail","hentry","category-economie"],"aioseo_notices":[],"yoast_head":"<!-- This site is optimized with the Yoast SEO plugin v27.5 - https:\/\/yoast.com\/product\/yoast-seo-wordpress\/ -->\n<title>Paulownia, moringa et arganier\u00a0: La DGF lance un programme de plantations d\u2019esp\u00e8ces \u00e0 valeur \u00e9conomique - La Sentinelle<\/title>\n<meta name=\"robots\" content=\"index, follow, max-snippet:-1, max-image-preview:large, max-video-preview:-1\" \/>\n<link rel=\"canonical\" href=\"https:\/\/lasentinelle.dz\/index.php\/2023\/08\/14\/paulownia-moringa-et-arganier-la-dgf-lance-un-programme-de-plantations-despeces-a-valeur-economique\/\" \/>\n<meta property=\"og:locale\" content=\"fr_FR\" \/>\n<meta property=\"og:type\" content=\"article\" \/>\n<meta property=\"og:title\" content=\"Paulownia, moringa et arganier\u00a0: La DGF lance un programme de plantations d\u2019esp\u00e8ces \u00e0 valeur \u00e9conomique - La Sentinelle\" \/>\n<meta property=\"og:description\" content=\"La Direction g\u00e9n\u00e9rale des for\u00eats a lanc\u00e9 un programme de nouvelles esp\u00e8ces floristiques \u00e0 haute valeur \u00e9conomique \u00e0 l\u2019image du\" \/>\n<meta property=\"og:url\" content=\"https:\/\/lasentinelle.dz\/index.php\/2023\/08\/14\/paulownia-moringa-et-arganier-la-dgf-lance-un-programme-de-plantations-despeces-a-valeur-economique\/\" \/>\n<meta property=\"og:site_name\" content=\"La Sentinelle\" \/>\n<meta property=\"article:publisher\" content=\"https:\/\/www.facebook.com\/La-Sentinelle-104059864394773\" \/>\n<meta property=\"article:published_time\" content=\"2023-08-14T19:03:09+00:00\" \/>\n<meta property=\"article:modified_time\" content=\"2023-08-14T19:03:10+00:00\" \/>\n<meta property=\"og:image\" content=\"https:\/\/lasentinelle.dz\/wp-content\/uploads\/2023\/08\/paulownia.jpeg\" \/>\n\t<meta property=\"og:image:width\" content=\"1100\" \/>\n\t<meta property=\"og:image:height\" content=\"619\" \/>\n\t<meta property=\"og:image:type\" content=\"image\/jpeg\" \/>\n<meta name=\"author\" content=\"La Sentinelle\" \/>\n<meta name=\"twitter:card\" content=\"summary_large_image\" \/>\n<meta name=\"twitter:label1\" content=\"\u00c9crit par\" \/>\n\t<meta name=\"twitter:data1\" content=\"La Sentinelle\" \/>\n\t<meta name=\"twitter:label2\" content=\"Dur\u00e9e de lecture estim\u00e9e\" \/>\n\t<meta name=\"twitter:data2\" content=\"4 minutes\" \/>\n<script type=\"application\/ld+json\" class=\"yoast-schema-graph\">{\"@context\":\"https:\\\/\\\/schema.org\",\"@graph\":[{\"@type\":\"Article\",\"@id\":\"https:\\\/\\\/lasentinelle.dz\\\/index.php\\\/2023\\\/08\\\/14\\\/paulownia-moringa-et-arganier-la-dgf-lance-un-programme-de-plantations-despeces-a-valeur-economique\\\/#article\",\"isPartOf\":{\"@id\":\"https:\\\/\\\/lasentinelle.dz\\\/index.php\\\/2023\\\/08\\\/14\\\/paulownia-moringa-et-arganier-la-dgf-lance-un-programme-de-plantations-despeces-a-valeur-economique\\\/\"},\"author\":{\"name\":\"La Sentinelle\",\"@id\":\"https:\\\/\\\/lasentinelle.dz\\\/#\\\/schema\\\/person\\\/d865044e22e70a75174ce8bcad3acfb3\"},\"headline\":\"Paulownia, moringa et arganier\u00a0: La DGF lance un programme de plantations d\u2019esp\u00e8ces \u00e0 valeur \u00e9conomique\",\"datePublished\":\"2023-08-14T19:03:09+00:00\",\"dateModified\":\"2023-08-14T19:03:10+00:00\",\"mainEntityOfPage\":{\"@id\":\"https:\\\/\\\/lasentinelle.dz\\\/index.php\\\/2023\\\/08\\\/14\\\/paulownia-moringa-et-arganier-la-dgf-lance-un-programme-de-plantations-despeces-a-valeur-economique\\\/\"},\"wordCount\":833,\"commentCount\":0,\"publisher\":{\"@id\":\"https:\\\/\\\/lasentinelle.dz\\\/#organization\"},\"image\":{\"@id\":\"https:\\\/\\\/lasentinelle.dz\\\/index.php\\\/2023\\\/08\\\/14\\\/paulownia-moringa-et-arganier-la-dgf-lance-un-programme-de-plantations-despeces-a-valeur-economique\\\/#primaryimage\"},\"thumbnailUrl\":\"https:\\\/\\\/lasentinelle.dz\\\/wp-content\\\/uploads\\\/2023\\\/08\\\/paulownia.jpeg\",\"articleSection\":[\"\u00c9conomie\"],\"inLanguage\":\"fr-FR\",\"potentialAction\":[{\"@type\":\"CommentAction\",\"name\":\"Comment\",\"target\":[\"https:\\\/\\\/lasentinelle.dz\\\/index.php\\\/2023\\\/08\\\/14\\\/paulownia-moringa-et-arganier-la-dgf-lance-un-programme-de-plantations-despeces-a-valeur-economique\\\/#respond\"]}]},{\"@type\":\"WebPage\",\"@id\":\"https:\\\/\\\/lasentinelle.dz\\\/index.php\\\/2023\\\/08\\\/14\\\/paulownia-moringa-et-arganier-la-dgf-lance-un-programme-de-plantations-despeces-a-valeur-economique\\\/\",\"url\":\"https:\\\/\\\/lasentinelle.dz\\\/index.php\\\/2023\\\/08\\\/14\\\/paulownia-moringa-et-arganier-la-dgf-lance-un-programme-de-plantations-despeces-a-valeur-economique\\\/\",\"name\":\"Paulownia, moringa et arganier\u00a0: La DGF lance un programme de plantations d\u2019esp\u00e8ces \u00e0 valeur \u00e9conomique - La Sentinelle\",\"isPartOf\":{\"@id\":\"https:\\\/\\\/lasentinelle.dz\\\/#website\"},\"primaryImageOfPage\":{\"@id\":\"https:\\\/\\\/lasentinelle.dz\\\/index.php\\\/2023\\\/08\\\/14\\\/paulownia-moringa-et-arganier-la-dgf-lance-un-programme-de-plantations-despeces-a-valeur-economique\\\/#primaryimage\"},\"image\":{\"@id\":\"https:\\\/\\\/lasentinelle.dz\\\/index.php\\\/2023\\\/08\\\/14\\\/paulownia-moringa-et-arganier-la-dgf-lance-un-programme-de-plantations-despeces-a-valeur-economique\\\/#primaryimage\"},\"thumbnailUrl\":\"https:\\\/\\\/lasentinelle.dz\\\/wp-content\\\/uploads\\\/2023\\\/08\\\/paulownia.jpeg\",\"datePublished\":\"2023-08-14T19:03:09+00:00\",\"dateModified\":\"2023-08-14T19:03:10+00:00\",\"breadcrumb\":{\"@id\":\"https:\\\/\\\/lasentinelle.dz\\\/index.php\\\/2023\\\/08\\\/14\\\/paulownia-moringa-et-arganier-la-dgf-lance-un-programme-de-plantations-despeces-a-valeur-economique\\\/#breadcrumb\"},\"inLanguage\":\"fr-FR\",\"potentialAction\":[{\"@type\":\"ReadAction\",\"target\":[\"https:\\\/\\\/lasentinelle.dz\\\/index.php\\\/2023\\\/08\\\/14\\\/paulownia-moringa-et-arganier-la-dgf-lance-un-programme-de-plantations-despeces-a-valeur-economique\\\/\"]}]},{\"@type\":\"ImageObject\",\"inLanguage\":\"fr-FR\",\"@id\":\"https:\\\/\\\/lasentinelle.dz\\\/index.php\\\/2023\\\/08\\\/14\\\/paulownia-moringa-et-arganier-la-dgf-lance-un-programme-de-plantations-despeces-a-valeur-economique\\\/#primaryimage\",\"url\":\"https:\\\/\\\/lasentinelle.dz\\\/wp-content\\\/uploads\\\/2023\\\/08\\\/paulownia.jpeg\",\"contentUrl\":\"https:\\\/\\\/lasentinelle.dz\\\/wp-content\\\/uploads\\\/2023\\\/08\\\/paulownia.jpeg\",\"width\":1100,\"height\":619},{\"@type\":\"BreadcrumbList\",\"@id\":\"https:\\\/\\\/lasentinelle.dz\\\/index.php\\\/2023\\\/08\\\/14\\\/paulownia-moringa-et-arganier-la-dgf-lance-un-programme-de-plantations-despeces-a-valeur-economique\\\/#breadcrumb\",\"itemListElement\":[{\"@type\":\"ListItem\",\"position\":1,\"name\":\"Accueil\",\"item\":\"https:\\\/\\\/lasentinelle.dz\\\/\"},{\"@type\":\"ListItem\",\"position\":2,\"name\":\"Paulownia, moringa et arganier\u00a0: La DGF lance un programme de plantations d\u2019esp\u00e8ces \u00e0 valeur \u00e9conomique\"}]},{\"@type\":\"WebSite\",\"@id\":\"https:\\\/\\\/lasentinelle.dz\\\/#website\",\"url\":\"https:\\\/\\\/lasentinelle.dz\\\/\",\"name\":\"La Sentinelle\",\"description\":\"Quotidien national d&#039;information\",\"publisher\":{\"@id\":\"https:\\\/\\\/lasentinelle.dz\\\/#organization\"},\"potentialAction\":[{\"@type\":\"SearchAction\",\"target\":{\"@type\":\"EntryPoint\",\"urlTemplate\":\"https:\\\/\\\/lasentinelle.dz\\\/?s={search_term_string}\"},\"query-input\":{\"@type\":\"PropertyValueSpecification\",\"valueRequired\":true,\"valueName\":\"search_term_string\"}}],\"inLanguage\":\"fr-FR\"},{\"@type\":\"Organization\",\"@id\":\"https:\\\/\\\/lasentinelle.dz\\\/#organization\",\"name\":\"Quotidien La Sentinelle\",\"url\":\"https:\\\/\\\/lasentinelle.dz\\\/\",\"logo\":{\"@type\":\"ImageObject\",\"inLanguage\":\"fr-FR\",\"@id\":\"https:\\\/\\\/lasentinelle.dz\\\/#\\\/schema\\\/logo\\\/image\\\/\",\"url\":\"https:\\\/\\\/lasentinelle.dz\\\/wp-content\\\/uploads\\\/2021\\\/09\\\/logo-sentinelleSLOGAN-1.png\",\"contentUrl\":\"https:\\\/\\\/lasentinelle.dz\\\/wp-content\\\/uploads\\\/2021\\\/09\\\/logo-sentinelleSLOGAN-1.png\",\"width\":615,\"height\":142,\"caption\":\"Quotidien La Sentinelle\"},\"image\":{\"@id\":\"https:\\\/\\\/lasentinelle.dz\\\/#\\\/schema\\\/logo\\\/image\\\/\"},\"sameAs\":[\"https:\\\/\\\/www.facebook.com\\\/La-Sentinelle-104059864394773\"]},{\"@type\":\"Person\",\"@id\":\"https:\\\/\\\/lasentinelle.dz\\\/#\\\/schema\\\/person\\\/d865044e22e70a75174ce8bcad3acfb3\",\"name\":\"La Sentinelle\",\"image\":{\"@type\":\"ImageObject\",\"inLanguage\":\"fr-FR\",\"@id\":\"https:\\\/\\\/secure.gravatar.com\\\/avatar\\\/57de8e5d4b15d43fb361a71fbb36338450fe67865b528a43dd10ef7c51a20392?s=96&d=mm&r=g\",\"url\":\"https:\\\/\\\/secure.gravatar.com\\\/avatar\\\/57de8e5d4b15d43fb361a71fbb36338450fe67865b528a43dd10ef7c51a20392?s=96&d=mm&r=g\",\"contentUrl\":\"https:\\\/\\\/secure.gravatar.com\\\/avatar\\\/57de8e5d4b15d43fb361a71fbb36338450fe67865b528a43dd10ef7c51a20392?s=96&d=mm&r=g\",\"caption\":\"La Sentinelle\"},\"sameAs\":[\"http:\\\/\\\/www.lasentinelle.dz\"],\"url\":\"https:\\\/\\\/lasentinelle.dz\\\/author\\\/redaction\\\/\"}]}<\/script>\n<!-- \/ Yoast SEO plugin. -->","yoast_head_json":{"title":"Paulownia, moringa et arganier\u00a0: La DGF lance un programme de plantations d\u2019esp\u00e8ces \u00e0 valeur \u00e9conomique - La Sentinelle","robots":{"index":"index","follow":"follow","max-snippet":"max-snippet:-1","max-image-preview":"max-image-preview:large","max-video-preview":"max-video-preview:-1"},"canonical":"https:\/\/lasentinelle.dz\/index.php\/2023\/08\/14\/paulownia-moringa-et-arganier-la-dgf-lance-un-programme-de-plantations-despeces-a-valeur-economique\/","og_locale":"fr_FR","og_type":"article","og_title":"Paulownia, moringa et arganier\u00a0: La DGF lance un programme de plantations d\u2019esp\u00e8ces \u00e0 valeur \u00e9conomique - La Sentinelle","og_description":"La Direction g\u00e9n\u00e9rale des for\u00eats a lanc\u00e9 un programme de nouvelles esp\u00e8ces floristiques \u00e0 haute valeur \u00e9conomique \u00e0 l\u2019image du","og_url":"https:\/\/lasentinelle.dz\/index.php\/2023\/08\/14\/paulownia-moringa-et-arganier-la-dgf-lance-un-programme-de-plantations-despeces-a-valeur-economique\/","og_site_name":"La Sentinelle","article_publisher":"https:\/\/www.facebook.com\/La-Sentinelle-104059864394773","article_published_time":"2023-08-14T19:03:09+00:00","article_modified_time":"2023-08-14T19:03:10+00:00","og_image":[{"width":1100,"height":619,"url":"https:\/\/lasentinelle.dz\/wp-content\/uploads\/2023\/08\/paulownia.jpeg","type":"image\/jpeg"}],"author":"La Sentinelle","twitter_card":"summary_large_image","twitter_misc":{"\u00c9crit par":"La Sentinelle","Dur\u00e9e de lecture estim\u00e9e":"4 minutes"},"schema":{"@context":"https:\/\/schema.org","@graph":[{"@type":"Article","@id":"https:\/\/lasentinelle.dz\/index.php\/2023\/08\/14\/paulownia-moringa-et-arganier-la-dgf-lance-un-programme-de-plantations-despeces-a-valeur-economique\/#article","isPartOf":{"@id":"https:\/\/lasentinelle.dz\/index.php\/2023\/08\/14\/paulownia-moringa-et-arganier-la-dgf-lance-un-programme-de-plantations-despeces-a-valeur-economique\/"},"author":{"name":"La Sentinelle","@id":"https:\/\/lasentinelle.dz\/#\/schema\/person\/d865044e22e70a75174ce8bcad3acfb3"},"headline":"Paulownia, moringa et arganier\u00a0: La DGF lance un programme de plantations d\u2019esp\u00e8ces \u00e0 valeur \u00e9conomique","datePublished":"2023-08-14T19:03:09+00:00","dateModified":"2023-08-14T19:03:10+00:00","mainEntityOfPage":{"@id":"https:\/\/lasentinelle.dz\/index.php\/2023\/08\/14\/paulownia-moringa-et-arganier-la-dgf-lance-un-programme-de-plantations-despeces-a-valeur-economique\/"},"wordCount":833,"commentCount":0,"publisher":{"@id":"https:\/\/lasentinelle.dz\/#organization"},"image":{"@id":"https:\/\/lasentinelle.dz\/index.php\/2023\/08\/14\/paulownia-moringa-et-arganier-la-dgf-lance-un-programme-de-plantations-despeces-a-valeur-economique\/#primaryimage"},"thumbnailUrl":"https:\/\/lasentinelle.dz\/wp-content\/uploads\/2023\/08\/paulownia.jpeg","articleSection":["\u00c9conomie"],"inLanguage":"fr-FR","potentialAction":[{"@type":"CommentAction","name":"Comment","target":["https:\/\/lasentinelle.dz\/index.php\/2023\/08\/14\/paulownia-moringa-et-arganier-la-dgf-lance-un-programme-de-plantations-despeces-a-valeur-economique\/#respond"]}]},{"@type":"WebPage","@id":"https:\/\/lasentinelle.dz\/index.php\/2023\/08\/14\/paulownia-moringa-et-arganier-la-dgf-lance-un-programme-de-plantations-despeces-a-valeur-economique\/","url":"https:\/\/lasentinelle.dz\/index.php\/2023\/08\/14\/paulownia-moringa-et-arganier-la-dgf-lance-un-programme-de-plantations-despeces-a-valeur-economique\/","name":"Paulownia, moringa et arganier\u00a0: La DGF lance un programme de plantations d\u2019esp\u00e8ces \u00e0 valeur \u00e9conomique - La Sentinelle","isPartOf":{"@id":"https:\/\/lasentinelle.dz\/#website"},"primaryImageOfPage":{"@id":"https:\/\/lasentinelle.dz\/index.php\/2023\/08\/14\/paulownia-moringa-et-arganier-la-dgf-lance-un-programme-de-plantations-despeces-a-valeur-economique\/#primaryimage"},"image":{"@id":"https:\/\/lasentinelle.dz\/index.php\/2023\/08\/14\/paulownia-moringa-et-arganier-la-dgf-lance-un-programme-de-plantations-despeces-a-valeur-economique\/#primaryimage"},"thumbnailUrl":"https:\/\/lasentinelle.dz\/wp-content\/uploads\/2023\/08\/paulownia.jpeg","datePublished":"2023-08-14T19:03:09+00:00","dateModified":"2023-08-14T19:03:10+00:00","breadcrumb":{"@id":"https:\/\/lasentinelle.dz\/index.php\/2023\/08\/14\/paulownia-moringa-et-arganier-la-dgf-lance-un-programme-de-plantations-despeces-a-valeur-economique\/#breadcrumb"},"inLanguage":"fr-FR","potentialAction":[{"@type":"ReadAction","target":["https:\/\/lasentinelle.dz\/index.php\/2023\/08\/14\/paulownia-moringa-et-arganier-la-dgf-lance-un-programme-de-plantations-despeces-a-valeur-economique\/"]}]},{"@type":"ImageObject","inLanguage":"fr-FR","@id":"https:\/\/lasentinelle.dz\/index.php\/2023\/08\/14\/paulownia-moringa-et-arganier-la-dgf-lance-un-programme-de-plantations-despeces-a-valeur-economique\/#primaryimage","url":"https:\/\/lasentinelle.dz\/wp-content\/uploads\/2023\/08\/paulownia.jpeg","contentUrl":"https:\/\/lasentinelle.dz\/wp-content\/uploads\/2023\/08\/paulownia.jpeg","width":1100,"height":619},{"@type":"BreadcrumbList","@id":"https:\/\/lasentinelle.dz\/index.php\/2023\/08\/14\/paulownia-moringa-et-arganier-la-dgf-lance-un-programme-de-plantations-despeces-a-valeur-economique\/#breadcrumb","itemListElement":[{"@type":"ListItem","position":1,"name":"Accueil","item":"https:\/\/lasentinelle.dz\/"},{"@type":"ListItem","position":2,"name":"Paulownia, moringa et arganier\u00a0: La DGF lance un programme de plantations d\u2019esp\u00e8ces \u00e0 valeur \u00e9conomique"}]},{"@type":"WebSite","@id":"https:\/\/lasentinelle.dz\/#website","url":"https:\/\/lasentinelle.dz\/","name":"La Sentinelle","description":"Quotidien national d&#039;information","publisher":{"@id":"https:\/\/lasentinelle.dz\/#organization"},"potentialAction":[{"@type":"SearchAction","target":{"@type":"EntryPoint","urlTemplate":"https:\/\/lasentinelle.dz\/?s={search_term_string}"},"query-input":{"@type":"PropertyValueSpecification","valueRequired":true,"valueName":"search_term_string"}}],"inLanguage":"fr-FR"},{"@type":"Organization","@id":"https:\/\/lasentinelle.dz\/#organization","name":"Quotidien La Sentinelle","url":"https:\/\/lasentinelle.dz\/","logo":{"@type":"ImageObject","inLanguage":"fr-FR","@id":"https:\/\/lasentinelle.dz\/#\/schema\/logo\/image\/","url":"https:\/\/lasentinelle.dz\/wp-content\/uploads\/2021\/09\/logo-sentinelleSLOGAN-1.png","contentUrl":"https:\/\/lasentinelle.dz\/wp-content\/uploads\/2021\/09\/logo-sentinelleSLOGAN-1.png","width":615,"height":142,"caption":"Quotidien La Sentinelle"},"image":{"@id":"https:\/\/lasentinelle.dz\/#\/schema\/logo\/image\/"},"sameAs":["https:\/\/www.facebook.com\/La-Sentinelle-104059864394773"]},{"@type":"Person","@id":"https:\/\/lasentinelle.dz\/#\/schema\/person\/d865044e22e70a75174ce8bcad3acfb3","name":"La Sentinelle","image":{"@type":"ImageObject","inLanguage":"fr-FR","@id":"https:\/\/secure.gravatar.com\/avatar\/57de8e5d4b15d43fb361a71fbb36338450fe67865b528a43dd10ef7c51a20392?s=96&d=mm&r=g","url":"https:\/\/secure.gravatar.com\/avatar\/57de8e5d4b15d43fb361a71fbb36338450fe67865b528a43dd10ef7c51a20392?s=96&d=mm&r=g","contentUrl":"https:\/\/secure.gravatar.com\/avatar\/57de8e5d4b15d43fb361a71fbb36338450fe67865b528a43dd10ef7c51a20392?s=96&d=mm&r=g","caption":"La Sentinelle"},"sameAs":["http:\/\/www.lasentinelle.dz"],"url":"https:\/\/lasentinelle.dz\/author\/redaction\/"}]}},"_links":{"self":[{"href":"https:\/\/lasentinelle.dz\/index.php\/wp-json\/wp\/v2\/posts\/44633","targetHints":{"allow":["GET"]}}],"collection":[{"href":"https:\/\/lasentinelle.dz\/index.php\/wp-json\/wp\/v2\/posts"}],"about":[{"href":"https:\/\/lasentinelle.dz\/index.php\/wp-json\/wp\/v2\/types\/post"}],"author":[{"embeddable":true,"href":"https:\/\/lasentinelle.dz\/index.php\/wp-json\/wp\/v2\/users\/3"}],"replies":[{"embeddable":true,"href":"https:\/\/lasentinelle.dz\/index.php\/wp-json\/wp\/v2\/comments?post=44633"}],"version-history":[{"count":1,"href":"https:\/\/lasentinelle.dz\/index.php\/wp-json\/wp\/v2\/posts\/44633\/revisions"}],"predecessor-version":[{"id":44635,"href":"https:\/\/lasentinelle.dz\/index.php\/wp-json\/wp\/v2\/posts\/44633\/revisions\/44635"}],"wp:featuredmedia":[{"embeddable":true,"href":"https:\/\/lasentinelle.dz\/index.php\/wp-json\/wp\/v2\/media\/44634"}],"wp:attachment":[{"href":"https:\/\/lasentinelle.dz\/index.php\/wp-json\/wp\/v2\/media?parent=44633"}],"wp:term":[{"taxonomy":"category","embeddable":true,"href":"https:\/\/lasentinelle.dz\/index.php\/wp-json\/wp\/v2\/categories?post=44633"},{"taxonomy":"post_tag","embeddable":true,"href":"https:\/\/lasentinelle.dz\/index.php\/wp-json\/wp\/v2\/tags?post=44633"}],"curies":[{"name":"wp","href":"https:\/\/api.w.org\/{rel}","templated":true}]}}