{"id":44636,"date":"2023-08-14T20:03:59","date_gmt":"2023-08-14T19:03:59","guid":{"rendered":"https:\/\/lasentinelle.dz\/?p=44636"},"modified":"2023-08-14T20:04:01","modified_gmt":"2023-08-14T19:04:01","slug":"changement-climatique-le-plan-national-dadaptation-lance-en-partenariat-avec-le-pund","status":"publish","type":"post","link":"https:\/\/lasentinelle.dz\/index.php\/2023\/08\/14\/changement-climatique-le-plan-national-dadaptation-lance-en-partenariat-avec-le-pund\/","title":{"rendered":"Changement climatique\u00a0: Le Plan national d\u2019adaptation lanc\u00e9 en partenariat avec le PUND"},"content":{"rendered":"\n<p>L\u2019Alg\u00e9rie vient de lancer son plan d\u2019adaptation au changement climatique en partenariat avec le Programme des Nations Unies pour le d\u00e9veloppement (PNUD). En effet, le document de lancement du projet de r\u00e9alisation du Plan national d&rsquo;adaptation (PNA) aux changements climatiques a \u00e9t\u00e9 sign\u00e9, dimanche \u00e0 Alger, par les minist\u00e8res de l&rsquo;Environnement et des Energies renouvelables et des Affaires \u00e9trang\u00e8res et de la Communaut\u00e9 nationale \u00e0 l&rsquo;\u00e9tranger et le PNUD.&nbsp; Adopt\u00e9 en septembre 2019, le PNC comporte 155 projets, dont 76 relatifs \u00e0 la r\u00e9duction des \u00e9missions de gaz \u00e0 effet de serre et 63 autres relatifs \u00e0 l&rsquo;adaptation aux changements climatiques. Il est utile de rappeler dans ce contexte que juste apr\u00e8s la ratification de l&rsquo;Accord de Paris sur le climat, en octobre 2016, l&rsquo;Alg\u00e9rie avait lanc\u00e9 une consultation nationale, sous l&rsquo;\u00e9gide du minist\u00e8re de l&rsquo;Environnement et avec la participation de 18 d\u00e9partements minist\u00e9riels, pour l&rsquo;\u00e9laboration du Plan national Climat (PNC). Il faut dire que l\u2019adaptation au changement climatique rev\u00eat une importance particuli\u00e8re au regard des ph\u00e9nom\u00e8nes climatiques extr\u00eames qu\u2019il induit et de leur impact sur la s\u00e9curit\u00e9 des populations et sur l\u2019activit\u00e9 \u00e9conomique et humaine. L\u2019ONU a d\u2019ailleurs r\u00e9cemment interpell\u00e9 les gouvernements sur la n\u00e9cessit\u00e9 de prendre en compte la nouvelle donne impos\u00e9e par le changement climatique et de mettre en place des strat\u00e9gies pour s\u2019y adapter.&nbsp; La ministre du secteur, Fazia Dahleb, a soulign\u00e9 \u00e0 l\u2019occasion de la c\u00e9r\u00e9monie de lancement du PNC l&rsquo;importance de ce Plan, qui sera r\u00e9alis\u00e9 en partenariat avec les minist\u00e8res de l&rsquo;Environnement et des Energies renouvelables et des Affaires \u00e9trang\u00e8res et de la Communaut\u00e9 nationale \u00e0 l&rsquo;\u00e9tranger et du PNUD. Dans ce contexte, la ministre a rappel\u00e9 que l&rsquo;Alg\u00e9rie avait sollicit\u00e9, en 2018, le Fonds vert pour le climat, via le PNUD, en vue de l&rsquo;accompagner dans la r\u00e9alisation du Plan national d&rsquo;adaptation aux changements climatiques, suivant le plan-type adopt\u00e9 par la Commission nationale Climat. En avril 2023, l&rsquo;Alg\u00e9rie a pu obtenir un financement estim\u00e9 \u00e0 3 millions de dollars du Fonds vert pour le climat, \u00ab\u00a0apr\u00e8s d&rsquo;inlassables efforts\u00a0\u00bb, selon Mme Dahleb, qui a relev\u00e9 dans ce cadre les difficult\u00e9s pour les pays africains d&rsquo;obtenir des financements ext\u00e9rieurs et l&rsquo;exclusion dont ils p\u00e2tissent en la mati\u00e8re. \u00ab\u00a0L&rsquo;Alg\u00e9rie soutient et \u0153uvre pour la transition vers des modes de production et de consommation durables, en recourant \u00e0 des technologies \u00e0 faibles \u00e9missions, selon nos propres capacit\u00e9s et conditions\u00a0\u00bb, a ajout\u00e9 la ministre.<\/p>\n\n\n\n<p>La ministre a enfin tenu \u00e0 souligne que \u00ab\u00a0les pays avanc\u00e9s qui ont une responsabilit\u00e9 historique dans les changements climatiques n&rsquo;ont pas tenu leurs engagements conform\u00e9ment aux exigences de l&rsquo;Accord de Paris en mati\u00e8re de financement, alors que nous avons \u00e0 subir la part la plus importante des effets n\u00e9gatifs de ces changements, qui impactent de mani\u00e8re directe notre s\u00e9curit\u00e9 alimentaire, hydrique et \u00e9nerg\u00e9tique\u00a0\u00bb.<\/p>\n\n\n\n<p><strong>Chokri Hafed<\/strong><\/p>\n","protected":false},"excerpt":{"rendered":"<p>L\u2019Alg\u00e9rie vient de lancer son plan d\u2019adaptation au changement climatique en partenariat avec le Programme des Nations Unies pour le<\/p>\n","protected":false},"author":3,"featured_media":44637,"comment_status":"open","ping_status":"closed","sticky":false,"template":"","format":"standard","meta":{"colormag_page_container_layout":"default_layout","colormag_page_sidebar_layout":"default_layout","om_disable_all_campaigns":false,"_monsterinsights_skip_tracking":false,"_monsterinsights_sitenote_active":false,"_monsterinsights_sitenote_note":"","_monsterinsights_sitenote_category":0,"footnotes":"","_wpscppro_dont_share_socialmedia":false,"_wpscppro_custom_social_share_image":0,"_facebook_share_type":"","_twitter_share_type":"","_linkedin_share_type":"","_pinterest_share_type":"","_linkedin_share_type_page":"","_instagram_share_type":"","_medium_share_type":"","_threads_share_type":"","_google_business_share_type":"","_selected_social_profile":[],"_wpsp_enable_custom_social_template":false,"_wpsp_social_scheduling":{"enabled":false,"datetime":null,"platforms":[],"status":"template_only","dateOption":"today","timeOption":"now","customDays":"","customHours":"","customDate":"","customTime":"","schedulingType":"absolute"},"_wpsp_active_default_template":true},"categories":[52,27],"tags":[],"class_list":["post-44636","post","type-post","status-publish","format-standard","has-post-thumbnail","hentry","category-a-la-une","category-actualite"],"aioseo_notices":[],"yoast_head":"<!-- This site is optimized with the Yoast SEO plugin v27.5 - https:\/\/yoast.com\/product\/yoast-seo-wordpress\/ -->\n<title>Changement climatique\u00a0: Le Plan national d\u2019adaptation lanc\u00e9 en partenariat avec le PUND - La Sentinelle<\/title>\n<meta name=\"robots\" content=\"index, follow, max-snippet:-1, max-image-preview:large, max-video-preview:-1\" \/>\n<link rel=\"canonical\" href=\"https:\/\/lasentinelle.dz\/index.php\/2023\/08\/14\/changement-climatique-le-plan-national-dadaptation-lance-en-partenariat-avec-le-pund\/\" \/>\n<meta property=\"og:locale\" content=\"fr_FR\" \/>\n<meta property=\"og:type\" content=\"article\" \/>\n<meta property=\"og:title\" content=\"Changement climatique\u00a0: Le Plan national d\u2019adaptation lanc\u00e9 en partenariat avec le PUND - La Sentinelle\" \/>\n<meta property=\"og:description\" content=\"L\u2019Alg\u00e9rie vient de lancer son plan d\u2019adaptation au changement climatique en partenariat avec le Programme des Nations Unies pour le\" \/>\n<meta property=\"og:url\" content=\"https:\/\/lasentinelle.dz\/index.php\/2023\/08\/14\/changement-climatique-le-plan-national-dadaptation-lance-en-partenariat-avec-le-pund\/\" \/>\n<meta property=\"og:site_name\" content=\"La Sentinelle\" \/>\n<meta property=\"article:publisher\" content=\"https:\/\/www.facebook.com\/La-Sentinelle-104059864394773\" \/>\n<meta property=\"article:published_time\" content=\"2023-08-14T19:03:59+00:00\" \/>\n<meta property=\"article:modified_time\" content=\"2023-08-14T19:04:01+00:00\" \/>\n<meta property=\"og:image\" content=\"https:\/\/lasentinelle.dz\/wp-content\/uploads\/2023\/08\/PNA.jpeg\" \/>\n\t<meta property=\"og:image:width\" content=\"580\" \/>\n\t<meta property=\"og:image:height\" content=\"350\" \/>\n\t<meta property=\"og:image:type\" content=\"image\/jpeg\" \/>\n<meta name=\"author\" content=\"La Sentinelle\" \/>\n<meta name=\"twitter:card\" content=\"summary_large_image\" \/>\n<meta name=\"twitter:label1\" content=\"\u00c9crit par\" \/>\n\t<meta name=\"twitter:data1\" content=\"La Sentinelle\" \/>\n\t<meta name=\"twitter:label2\" content=\"Dur\u00e9e de lecture estim\u00e9e\" \/>\n\t<meta name=\"twitter:data2\" content=\"3 minutes\" \/>\n<script type=\"application\/ld+json\" class=\"yoast-schema-graph\">{\"@context\":\"https:\\\/\\\/schema.org\",\"@graph\":[{\"@type\":\"Article\",\"@id\":\"https:\\\/\\\/lasentinelle.dz\\\/index.php\\\/2023\\\/08\\\/14\\\/changement-climatique-le-plan-national-dadaptation-lance-en-partenariat-avec-le-pund\\\/#article\",\"isPartOf\":{\"@id\":\"https:\\\/\\\/lasentinelle.dz\\\/index.php\\\/2023\\\/08\\\/14\\\/changement-climatique-le-plan-national-dadaptation-lance-en-partenariat-avec-le-pund\\\/\"},\"author\":{\"name\":\"La Sentinelle\",\"@id\":\"https:\\\/\\\/lasentinelle.dz\\\/#\\\/schema\\\/person\\\/d865044e22e70a75174ce8bcad3acfb3\"},\"headline\":\"Changement climatique\u00a0: Le Plan national d\u2019adaptation lanc\u00e9 en partenariat avec le PUND\",\"datePublished\":\"2023-08-14T19:03:59+00:00\",\"dateModified\":\"2023-08-14T19:04:01+00:00\",\"mainEntityOfPage\":{\"@id\":\"https:\\\/\\\/lasentinelle.dz\\\/index.php\\\/2023\\\/08\\\/14\\\/changement-climatique-le-plan-national-dadaptation-lance-en-partenariat-avec-le-pund\\\/\"},\"wordCount\":531,\"commentCount\":0,\"publisher\":{\"@id\":\"https:\\\/\\\/lasentinelle.dz\\\/#organization\"},\"image\":{\"@id\":\"https:\\\/\\\/lasentinelle.dz\\\/index.php\\\/2023\\\/08\\\/14\\\/changement-climatique-le-plan-national-dadaptation-lance-en-partenariat-avec-le-pund\\\/#primaryimage\"},\"thumbnailUrl\":\"https:\\\/\\\/lasentinelle.dz\\\/wp-content\\\/uploads\\\/2023\\\/08\\\/PNA.jpeg\",\"articleSection\":[\"\u00c0 la Une\",\"Actualit\u00e9\"],\"inLanguage\":\"fr-FR\",\"potentialAction\":[{\"@type\":\"CommentAction\",\"name\":\"Comment\",\"target\":[\"https:\\\/\\\/lasentinelle.dz\\\/index.php\\\/2023\\\/08\\\/14\\\/changement-climatique-le-plan-national-dadaptation-lance-en-partenariat-avec-le-pund\\\/#respond\"]}]},{\"@type\":\"WebPage\",\"@id\":\"https:\\\/\\\/lasentinelle.dz\\\/index.php\\\/2023\\\/08\\\/14\\\/changement-climatique-le-plan-national-dadaptation-lance-en-partenariat-avec-le-pund\\\/\",\"url\":\"https:\\\/\\\/lasentinelle.dz\\\/index.php\\\/2023\\\/08\\\/14\\\/changement-climatique-le-plan-national-dadaptation-lance-en-partenariat-avec-le-pund\\\/\",\"name\":\"Changement climatique\u00a0: Le Plan national d\u2019adaptation lanc\u00e9 en partenariat avec le PUND - La Sentinelle\",\"isPartOf\":{\"@id\":\"https:\\\/\\\/lasentinelle.dz\\\/#website\"},\"primaryImageOfPage\":{\"@id\":\"https:\\\/\\\/lasentinelle.dz\\\/index.php\\\/2023\\\/08\\\/14\\\/changement-climatique-le-plan-national-dadaptation-lance-en-partenariat-avec-le-pund\\\/#primaryimage\"},\"image\":{\"@id\":\"https:\\\/\\\/lasentinelle.dz\\\/index.php\\\/2023\\\/08\\\/14\\\/changement-climatique-le-plan-national-dadaptation-lance-en-partenariat-avec-le-pund\\\/#primaryimage\"},\"thumbnailUrl\":\"https:\\\/\\\/lasentinelle.dz\\\/wp-content\\\/uploads\\\/2023\\\/08\\\/PNA.jpeg\",\"datePublished\":\"2023-08-14T19:03:59+00:00\",\"dateModified\":\"2023-08-14T19:04:01+00:00\",\"breadcrumb\":{\"@id\":\"https:\\\/\\\/lasentinelle.dz\\\/index.php\\\/2023\\\/08\\\/14\\\/changement-climatique-le-plan-national-dadaptation-lance-en-partenariat-avec-le-pund\\\/#breadcrumb\"},\"inLanguage\":\"fr-FR\",\"potentialAction\":[{\"@type\":\"ReadAction\",\"target\":[\"https:\\\/\\\/lasentinelle.dz\\\/index.php\\\/2023\\\/08\\\/14\\\/changement-climatique-le-plan-national-dadaptation-lance-en-partenariat-avec-le-pund\\\/\"]}]},{\"@type\":\"ImageObject\",\"inLanguage\":\"fr-FR\",\"@id\":\"https:\\\/\\\/lasentinelle.dz\\\/index.php\\\/2023\\\/08\\\/14\\\/changement-climatique-le-plan-national-dadaptation-lance-en-partenariat-avec-le-pund\\\/#primaryimage\",\"url\":\"https:\\\/\\\/lasentinelle.dz\\\/wp-content\\\/uploads\\\/2023\\\/08\\\/PNA.jpeg\",\"contentUrl\":\"https:\\\/\\\/lasentinelle.dz\\\/wp-content\\\/uploads\\\/2023\\\/08\\\/PNA.jpeg\",\"width\":580,\"height\":350},{\"@type\":\"BreadcrumbList\",\"@id\":\"https:\\\/\\\/lasentinelle.dz\\\/index.php\\\/2023\\\/08\\\/14\\\/changement-climatique-le-plan-national-dadaptation-lance-en-partenariat-avec-le-pund\\\/#breadcrumb\",\"itemListElement\":[{\"@type\":\"ListItem\",\"position\":1,\"name\":\"Accueil\",\"item\":\"https:\\\/\\\/lasentinelle.dz\\\/\"},{\"@type\":\"ListItem\",\"position\":2,\"name\":\"Changement climatique\u00a0: Le Plan national d\u2019adaptation lanc\u00e9 en partenariat avec le PUND\"}]},{\"@type\":\"WebSite\",\"@id\":\"https:\\\/\\\/lasentinelle.dz\\\/#website\",\"url\":\"https:\\\/\\\/lasentinelle.dz\\\/\",\"name\":\"La Sentinelle\",\"description\":\"Quotidien national d&#039;information\",\"publisher\":{\"@id\":\"https:\\\/\\\/lasentinelle.dz\\\/#organization\"},\"potentialAction\":[{\"@type\":\"SearchAction\",\"target\":{\"@type\":\"EntryPoint\",\"urlTemplate\":\"https:\\\/\\\/lasentinelle.dz\\\/?s={search_term_string}\"},\"query-input\":{\"@type\":\"PropertyValueSpecification\",\"valueRequired\":true,\"valueName\":\"search_term_string\"}}],\"inLanguage\":\"fr-FR\"},{\"@type\":\"Organization\",\"@id\":\"https:\\\/\\\/lasentinelle.dz\\\/#organization\",\"name\":\"Quotidien La Sentinelle\",\"url\":\"https:\\\/\\\/lasentinelle.dz\\\/\",\"logo\":{\"@type\":\"ImageObject\",\"inLanguage\":\"fr-FR\",\"@id\":\"https:\\\/\\\/lasentinelle.dz\\\/#\\\/schema\\\/logo\\\/image\\\/\",\"url\":\"https:\\\/\\\/lasentinelle.dz\\\/wp-content\\\/uploads\\\/2021\\\/09\\\/logo-sentinelleSLOGAN-1.png\",\"contentUrl\":\"https:\\\/\\\/lasentinelle.dz\\\/wp-content\\\/uploads\\\/2021\\\/09\\\/logo-sentinelleSLOGAN-1.png\",\"width\":615,\"height\":142,\"caption\":\"Quotidien La Sentinelle\"},\"image\":{\"@id\":\"https:\\\/\\\/lasentinelle.dz\\\/#\\\/schema\\\/logo\\\/image\\\/\"},\"sameAs\":[\"https:\\\/\\\/www.facebook.com\\\/La-Sentinelle-104059864394773\"]},{\"@type\":\"Person\",\"@id\":\"https:\\\/\\\/lasentinelle.dz\\\/#\\\/schema\\\/person\\\/d865044e22e70a75174ce8bcad3acfb3\",\"name\":\"La Sentinelle\",\"image\":{\"@type\":\"ImageObject\",\"inLanguage\":\"fr-FR\",\"@id\":\"https:\\\/\\\/secure.gravatar.com\\\/avatar\\\/57de8e5d4b15d43fb361a71fbb36338450fe67865b528a43dd10ef7c51a20392?s=96&d=mm&r=g\",\"url\":\"https:\\\/\\\/secure.gravatar.com\\\/avatar\\\/57de8e5d4b15d43fb361a71fbb36338450fe67865b528a43dd10ef7c51a20392?s=96&d=mm&r=g\",\"contentUrl\":\"https:\\\/\\\/secure.gravatar.com\\\/avatar\\\/57de8e5d4b15d43fb361a71fbb36338450fe67865b528a43dd10ef7c51a20392?s=96&d=mm&r=g\",\"caption\":\"La Sentinelle\"},\"sameAs\":[\"http:\\\/\\\/www.lasentinelle.dz\"],\"url\":\"https:\\\/\\\/lasentinelle.dz\\\/author\\\/redaction\\\/\"}]}<\/script>\n<!-- \/ Yoast SEO plugin. -->","yoast_head_json":{"title":"Changement climatique\u00a0: Le Plan national d\u2019adaptation lanc\u00e9 en partenariat avec le PUND - La Sentinelle","robots":{"index":"index","follow":"follow","max-snippet":"max-snippet:-1","max-image-preview":"max-image-preview:large","max-video-preview":"max-video-preview:-1"},"canonical":"https:\/\/lasentinelle.dz\/index.php\/2023\/08\/14\/changement-climatique-le-plan-national-dadaptation-lance-en-partenariat-avec-le-pund\/","og_locale":"fr_FR","og_type":"article","og_title":"Changement climatique\u00a0: Le Plan national d\u2019adaptation lanc\u00e9 en partenariat avec le PUND - La Sentinelle","og_description":"L\u2019Alg\u00e9rie vient de lancer son plan d\u2019adaptation au changement climatique en partenariat avec le Programme des Nations Unies pour le","og_url":"https:\/\/lasentinelle.dz\/index.php\/2023\/08\/14\/changement-climatique-le-plan-national-dadaptation-lance-en-partenariat-avec-le-pund\/","og_site_name":"La Sentinelle","article_publisher":"https:\/\/www.facebook.com\/La-Sentinelle-104059864394773","article_published_time":"2023-08-14T19:03:59+00:00","article_modified_time":"2023-08-14T19:04:01+00:00","og_image":[{"width":580,"height":350,"url":"https:\/\/lasentinelle.dz\/wp-content\/uploads\/2023\/08\/PNA.jpeg","type":"image\/jpeg"}],"author":"La Sentinelle","twitter_card":"summary_large_image","twitter_misc":{"\u00c9crit par":"La Sentinelle","Dur\u00e9e de lecture estim\u00e9e":"3 minutes"},"schema":{"@context":"https:\/\/schema.org","@graph":[{"@type":"Article","@id":"https:\/\/lasentinelle.dz\/index.php\/2023\/08\/14\/changement-climatique-le-plan-national-dadaptation-lance-en-partenariat-avec-le-pund\/#article","isPartOf":{"@id":"https:\/\/lasentinelle.dz\/index.php\/2023\/08\/14\/changement-climatique-le-plan-national-dadaptation-lance-en-partenariat-avec-le-pund\/"},"author":{"name":"La Sentinelle","@id":"https:\/\/lasentinelle.dz\/#\/schema\/person\/d865044e22e70a75174ce8bcad3acfb3"},"headline":"Changement climatique\u00a0: Le Plan national d\u2019adaptation lanc\u00e9 en partenariat avec le PUND","datePublished":"2023-08-14T19:03:59+00:00","dateModified":"2023-08-14T19:04:01+00:00","mainEntityOfPage":{"@id":"https:\/\/lasentinelle.dz\/index.php\/2023\/08\/14\/changement-climatique-le-plan-national-dadaptation-lance-en-partenariat-avec-le-pund\/"},"wordCount":531,"commentCount":0,"publisher":{"@id":"https:\/\/lasentinelle.dz\/#organization"},"image":{"@id":"https:\/\/lasentinelle.dz\/index.php\/2023\/08\/14\/changement-climatique-le-plan-national-dadaptation-lance-en-partenariat-avec-le-pund\/#primaryimage"},"thumbnailUrl":"https:\/\/lasentinelle.dz\/wp-content\/uploads\/2023\/08\/PNA.jpeg","articleSection":["\u00c0 la Une","Actualit\u00e9"],"inLanguage":"fr-FR","potentialAction":[{"@type":"CommentAction","name":"Comment","target":["https:\/\/lasentinelle.dz\/index.php\/2023\/08\/14\/changement-climatique-le-plan-national-dadaptation-lance-en-partenariat-avec-le-pund\/#respond"]}]},{"@type":"WebPage","@id":"https:\/\/lasentinelle.dz\/index.php\/2023\/08\/14\/changement-climatique-le-plan-national-dadaptation-lance-en-partenariat-avec-le-pund\/","url":"https:\/\/lasentinelle.dz\/index.php\/2023\/08\/14\/changement-climatique-le-plan-national-dadaptation-lance-en-partenariat-avec-le-pund\/","name":"Changement climatique\u00a0: Le Plan national d\u2019adaptation lanc\u00e9 en partenariat avec le PUND - La Sentinelle","isPartOf":{"@id":"https:\/\/lasentinelle.dz\/#website"},"primaryImageOfPage":{"@id":"https:\/\/lasentinelle.dz\/index.php\/2023\/08\/14\/changement-climatique-le-plan-national-dadaptation-lance-en-partenariat-avec-le-pund\/#primaryimage"},"image":{"@id":"https:\/\/lasentinelle.dz\/index.php\/2023\/08\/14\/changement-climatique-le-plan-national-dadaptation-lance-en-partenariat-avec-le-pund\/#primaryimage"},"thumbnailUrl":"https:\/\/lasentinelle.dz\/wp-content\/uploads\/2023\/08\/PNA.jpeg","datePublished":"2023-08-14T19:03:59+00:00","dateModified":"2023-08-14T19:04:01+00:00","breadcrumb":{"@id":"https:\/\/lasentinelle.dz\/index.php\/2023\/08\/14\/changement-climatique-le-plan-national-dadaptation-lance-en-partenariat-avec-le-pund\/#breadcrumb"},"inLanguage":"fr-FR","potentialAction":[{"@type":"ReadAction","target":["https:\/\/lasentinelle.dz\/index.php\/2023\/08\/14\/changement-climatique-le-plan-national-dadaptation-lance-en-partenariat-avec-le-pund\/"]}]},{"@type":"ImageObject","inLanguage":"fr-FR","@id":"https:\/\/lasentinelle.dz\/index.php\/2023\/08\/14\/changement-climatique-le-plan-national-dadaptation-lance-en-partenariat-avec-le-pund\/#primaryimage","url":"https:\/\/lasentinelle.dz\/wp-content\/uploads\/2023\/08\/PNA.jpeg","contentUrl":"https:\/\/lasentinelle.dz\/wp-content\/uploads\/2023\/08\/PNA.jpeg","width":580,"height":350},{"@type":"BreadcrumbList","@id":"https:\/\/lasentinelle.dz\/index.php\/2023\/08\/14\/changement-climatique-le-plan-national-dadaptation-lance-en-partenariat-avec-le-pund\/#breadcrumb","itemListElement":[{"@type":"ListItem","position":1,"name":"Accueil","item":"https:\/\/lasentinelle.dz\/"},{"@type":"ListItem","position":2,"name":"Changement climatique\u00a0: Le Plan national d\u2019adaptation lanc\u00e9 en partenariat avec le PUND"}]},{"@type":"WebSite","@id":"https:\/\/lasentinelle.dz\/#website","url":"https:\/\/lasentinelle.dz\/","name":"La Sentinelle","description":"Quotidien national d&#039;information","publisher":{"@id":"https:\/\/lasentinelle.dz\/#organization"},"potentialAction":[{"@type":"SearchAction","target":{"@type":"EntryPoint","urlTemplate":"https:\/\/lasentinelle.dz\/?s={search_term_string}"},"query-input":{"@type":"PropertyValueSpecification","valueRequired":true,"valueName":"search_term_string"}}],"inLanguage":"fr-FR"},{"@type":"Organization","@id":"https:\/\/lasentinelle.dz\/#organization","name":"Quotidien La Sentinelle","url":"https:\/\/lasentinelle.dz\/","logo":{"@type":"ImageObject","inLanguage":"fr-FR","@id":"https:\/\/lasentinelle.dz\/#\/schema\/logo\/image\/","url":"https:\/\/lasentinelle.dz\/wp-content\/uploads\/2021\/09\/logo-sentinelleSLOGAN-1.png","contentUrl":"https:\/\/lasentinelle.dz\/wp-content\/uploads\/2021\/09\/logo-sentinelleSLOGAN-1.png","width":615,"height":142,"caption":"Quotidien La Sentinelle"},"image":{"@id":"https:\/\/lasentinelle.dz\/#\/schema\/logo\/image\/"},"sameAs":["https:\/\/www.facebook.com\/La-Sentinelle-104059864394773"]},{"@type":"Person","@id":"https:\/\/lasentinelle.dz\/#\/schema\/person\/d865044e22e70a75174ce8bcad3acfb3","name":"La Sentinelle","image":{"@type":"ImageObject","inLanguage":"fr-FR","@id":"https:\/\/secure.gravatar.com\/avatar\/57de8e5d4b15d43fb361a71fbb36338450fe67865b528a43dd10ef7c51a20392?s=96&d=mm&r=g","url":"https:\/\/secure.gravatar.com\/avatar\/57de8e5d4b15d43fb361a71fbb36338450fe67865b528a43dd10ef7c51a20392?s=96&d=mm&r=g","contentUrl":"https:\/\/secure.gravatar.com\/avatar\/57de8e5d4b15d43fb361a71fbb36338450fe67865b528a43dd10ef7c51a20392?s=96&d=mm&r=g","caption":"La Sentinelle"},"sameAs":["http:\/\/www.lasentinelle.dz"],"url":"https:\/\/lasentinelle.dz\/author\/redaction\/"}]}},"_links":{"self":[{"href":"https:\/\/lasentinelle.dz\/index.php\/wp-json\/wp\/v2\/posts\/44636","targetHints":{"allow":["GET"]}}],"collection":[{"href":"https:\/\/lasentinelle.dz\/index.php\/wp-json\/wp\/v2\/posts"}],"about":[{"href":"https:\/\/lasentinelle.dz\/index.php\/wp-json\/wp\/v2\/types\/post"}],"author":[{"embeddable":true,"href":"https:\/\/lasentinelle.dz\/index.php\/wp-json\/wp\/v2\/users\/3"}],"replies":[{"embeddable":true,"href":"https:\/\/lasentinelle.dz\/index.php\/wp-json\/wp\/v2\/comments?post=44636"}],"version-history":[{"count":1,"href":"https:\/\/lasentinelle.dz\/index.php\/wp-json\/wp\/v2\/posts\/44636\/revisions"}],"predecessor-version":[{"id":44638,"href":"https:\/\/lasentinelle.dz\/index.php\/wp-json\/wp\/v2\/posts\/44636\/revisions\/44638"}],"wp:featuredmedia":[{"embeddable":true,"href":"https:\/\/lasentinelle.dz\/index.php\/wp-json\/wp\/v2\/media\/44637"}],"wp:attachment":[{"href":"https:\/\/lasentinelle.dz\/index.php\/wp-json\/wp\/v2\/media?parent=44636"}],"wp:term":[{"taxonomy":"category","embeddable":true,"href":"https:\/\/lasentinelle.dz\/index.php\/wp-json\/wp\/v2\/categories?post=44636"},{"taxonomy":"post_tag","embeddable":true,"href":"https:\/\/lasentinelle.dz\/index.php\/wp-json\/wp\/v2\/tags?post=44636"}],"curies":[{"name":"wp","href":"https:\/\/api.w.org\/{rel}","templated":true}]}}