{"id":44659,"date":"2023-08-15T21:32:42","date_gmt":"2023-08-15T20:32:42","guid":{"rendered":"https:\/\/lasentinelle.dz\/?p=44659"},"modified":"2023-08-15T21:32:43","modified_gmt":"2023-08-15T20:32:43","slug":"cisjordanie-occupee-2-palestiniens-tombent-en-martyrs","status":"publish","type":"post","link":"https:\/\/lasentinelle.dz\/index.php\/2023\/08\/15\/cisjordanie-occupee-2-palestiniens-tombent-en-martyrs\/","title":{"rendered":"Cisjordanie occup\u00e9e\u00a0: 2 Palestiniens tombent en martyrs"},"content":{"rendered":"\n<p>Deux Palestiniens sont tomb\u00e9s en martyrs dans la nuit de lundi \u00e0 mardi sous les balles des forces de l\u2019occupation sioniste dans la ville d\u2019Ariha en Cisjordanie occup\u00e9e, a annonc\u00e9 le minist\u00e8re palestinien de la Sant\u00e9. \u00ab Qusay Omar Suleiman Al-Walaji (16 ans) et Mohammed Ribhi Njoom (25 ans) sont morts apr\u00e8s avoir re\u00e7u une balle dans la poitrine tir\u00e9e par les soldats de l\u2019occupation lors de l\u2019agression sur Ariha \u00e0 l\u2019aube aujourd\u2019hui \u00bb, a indiqu\u00e9 le minist\u00e8re de la Sant\u00e9. Pour sa part, le directeur de l\u2019h\u00f4pital de la ville d\u2019Ariha, Nasser al-Anani, a d\u00e9clar\u00e9 que les deux jeunes tu\u00e9s avaient \u00e9t\u00e9 touch\u00e9s \u00ab en plein c\u0153ur \u00bb. Deux autres personnes bless\u00e9es ont \u00e9t\u00e9 hospitalis\u00e9es, a-t-il ajout\u00e9.<\/p>\n\n\n\n<p>Ces nouveaux martyrs surviennent sur fond de flamb\u00e9e des agressions sionistes dans les territoires palestiniens. Depuis le d\u00e9but de l\u2019ann\u00e9e, au moins 216 Palestiniens, son tomb\u00e9s en martyrs lors des attaques men\u00e9es par l\u2019occupant, selon des sources palestiniennes.<\/p>\n\n\n\n<p>Notons sur un autre volet que la Commission des affaires des d\u00e9tenus et ex-d\u00e9tenus a soulign\u00e9 que les autorit\u00e9s de l\u2019occupation sioniste continuent de d\u00e9tenir 170 enfants palestiniens dans les prisons \u00ab Ofer \u00bb, \u00ab Megiddo \u00bb et \u00ab Damon \u00bb, dans \u00ab des conditions tr\u00e8s difficiles \u00bb. Dans un rapport publi\u00e9 mardi, et cit\u00e9 par l\u2019agence Wafa, la Commission a d\u00e9clar\u00e9 que ces prisons manquent du minimum vital et humain, car les enfants d\u00e9tenus sont soumis \u00e0 des m\u00e9thodes de torture contraires aux normes internationales des droits de l\u2019homme. Elle a soulign\u00e9 que les violations contre les enfants dans les prisons d\u2019occupation \u00ab ne se sont jamais produites dans l\u2019histoire des droits et des nations \u00bb, constituant une honte pour les organisations internationales des droits de l\u2019homme, qui n\u2019ont pas pu assurer le niveau minimum de protection pour ces enfants \u00bb.<\/p>\n\n\n\n<p>R.I.<\/p>\n","protected":false},"excerpt":{"rendered":"<p>Deux Palestiniens sont tomb\u00e9s en martyrs dans la nuit de lundi \u00e0 mardi sous les balles des forces de l\u2019occupation<\/p>\n","protected":false},"author":3,"featured_media":42669,"comment_status":"open","ping_status":"closed","sticky":false,"template":"","format":"standard","meta":{"colormag_page_container_layout":"default_layout","colormag_page_sidebar_layout":"default_layout","om_disable_all_campaigns":false,"_monsterinsights_skip_tracking":false,"_monsterinsights_sitenote_active":false,"_monsterinsights_sitenote_note":"","_monsterinsights_sitenote_category":0,"footnotes":"","_wpscppro_dont_share_socialmedia":false,"_wpscppro_custom_social_share_image":0,"_facebook_share_type":"","_twitter_share_type":"","_linkedin_share_type":"","_pinterest_share_type":"","_linkedin_share_type_page":"","_instagram_share_type":"","_medium_share_type":"","_threads_share_type":"","_google_business_share_type":"","_selected_social_profile":[],"_wpsp_enable_custom_social_template":false,"_wpsp_social_scheduling":{"enabled":false,"datetime":null,"platforms":[],"status":"template_only","dateOption":"today","timeOption":"now","customDays":"","customHours":"","customDate":"","customTime":"","schedulingType":"absolute"},"_wpsp_active_default_template":true},"categories":[37],"tags":[],"class_list":["post-44659","post","type-post","status-publish","format-standard","has-post-thumbnail","hentry","category-monde"],"aioseo_notices":[],"yoast_head":"<!-- This site is optimized with the Yoast SEO plugin v27.5 - https:\/\/yoast.com\/product\/yoast-seo-wordpress\/ -->\n<title>Cisjordanie occup\u00e9e\u00a0: 2 Palestiniens tombent en martyrs - La Sentinelle<\/title>\n<meta name=\"robots\" content=\"index, follow, max-snippet:-1, max-image-preview:large, max-video-preview:-1\" \/>\n<link rel=\"canonical\" href=\"https:\/\/lasentinelle.dz\/index.php\/2023\/08\/15\/cisjordanie-occupee-2-palestiniens-tombent-en-martyrs\/\" \/>\n<meta property=\"og:locale\" content=\"fr_FR\" \/>\n<meta property=\"og:type\" content=\"article\" \/>\n<meta property=\"og:title\" content=\"Cisjordanie occup\u00e9e\u00a0: 2 Palestiniens tombent en martyrs - La Sentinelle\" \/>\n<meta property=\"og:description\" content=\"Deux Palestiniens sont tomb\u00e9s en martyrs dans la nuit de lundi \u00e0 mardi sous les balles des forces de l\u2019occupation\" \/>\n<meta property=\"og:url\" content=\"https:\/\/lasentinelle.dz\/index.php\/2023\/08\/15\/cisjordanie-occupee-2-palestiniens-tombent-en-martyrs\/\" \/>\n<meta property=\"og:site_name\" content=\"La Sentinelle\" \/>\n<meta property=\"article:publisher\" content=\"https:\/\/www.facebook.com\/La-Sentinelle-104059864394773\" \/>\n<meta property=\"article:published_time\" content=\"2023-08-15T20:32:42+00:00\" \/>\n<meta property=\"article:modified_time\" content=\"2023-08-15T20:32:43+00:00\" \/>\n<meta property=\"og:image\" content=\"https:\/\/lasentinelle.dz\/wp-content\/uploads\/2023\/06\/palestine-1.jpeg\" \/>\n\t<meta property=\"og:image:width\" content=\"1170\" \/>\n\t<meta property=\"og:image:height\" content=\"650\" \/>\n\t<meta property=\"og:image:type\" content=\"image\/jpeg\" \/>\n<meta name=\"author\" content=\"La Sentinelle\" \/>\n<meta name=\"twitter:card\" content=\"summary_large_image\" \/>\n<meta name=\"twitter:label1\" content=\"\u00c9crit par\" \/>\n\t<meta name=\"twitter:data1\" content=\"La Sentinelle\" \/>\n\t<meta name=\"twitter:label2\" content=\"Dur\u00e9e de lecture estim\u00e9e\" \/>\n\t<meta name=\"twitter:data2\" content=\"2 minutes\" \/>\n<script type=\"application\/ld+json\" class=\"yoast-schema-graph\">{\"@context\":\"https:\\\/\\\/schema.org\",\"@graph\":[{\"@type\":\"Article\",\"@id\":\"https:\\\/\\\/lasentinelle.dz\\\/index.php\\\/2023\\\/08\\\/15\\\/cisjordanie-occupee-2-palestiniens-tombent-en-martyrs\\\/#article\",\"isPartOf\":{\"@id\":\"https:\\\/\\\/lasentinelle.dz\\\/index.php\\\/2023\\\/08\\\/15\\\/cisjordanie-occupee-2-palestiniens-tombent-en-martyrs\\\/\"},\"author\":{\"name\":\"La Sentinelle\",\"@id\":\"https:\\\/\\\/lasentinelle.dz\\\/#\\\/schema\\\/person\\\/d865044e22e70a75174ce8bcad3acfb3\"},\"headline\":\"Cisjordanie occup\u00e9e\u00a0: 2 Palestiniens tombent en martyrs\",\"datePublished\":\"2023-08-15T20:32:42+00:00\",\"dateModified\":\"2023-08-15T20:32:43+00:00\",\"mainEntityOfPage\":{\"@id\":\"https:\\\/\\\/lasentinelle.dz\\\/index.php\\\/2023\\\/08\\\/15\\\/cisjordanie-occupee-2-palestiniens-tombent-en-martyrs\\\/\"},\"wordCount\":329,\"commentCount\":0,\"publisher\":{\"@id\":\"https:\\\/\\\/lasentinelle.dz\\\/#organization\"},\"image\":{\"@id\":\"https:\\\/\\\/lasentinelle.dz\\\/index.php\\\/2023\\\/08\\\/15\\\/cisjordanie-occupee-2-palestiniens-tombent-en-martyrs\\\/#primaryimage\"},\"thumbnailUrl\":\"https:\\\/\\\/lasentinelle.dz\\\/wp-content\\\/uploads\\\/2023\\\/06\\\/palestine-1.jpeg\",\"articleSection\":[\"Monde\"],\"inLanguage\":\"fr-FR\",\"potentialAction\":[{\"@type\":\"CommentAction\",\"name\":\"Comment\",\"target\":[\"https:\\\/\\\/lasentinelle.dz\\\/index.php\\\/2023\\\/08\\\/15\\\/cisjordanie-occupee-2-palestiniens-tombent-en-martyrs\\\/#respond\"]}]},{\"@type\":\"WebPage\",\"@id\":\"https:\\\/\\\/lasentinelle.dz\\\/index.php\\\/2023\\\/08\\\/15\\\/cisjordanie-occupee-2-palestiniens-tombent-en-martyrs\\\/\",\"url\":\"https:\\\/\\\/lasentinelle.dz\\\/index.php\\\/2023\\\/08\\\/15\\\/cisjordanie-occupee-2-palestiniens-tombent-en-martyrs\\\/\",\"name\":\"Cisjordanie occup\u00e9e\u00a0: 2 Palestiniens tombent en martyrs - La Sentinelle\",\"isPartOf\":{\"@id\":\"https:\\\/\\\/lasentinelle.dz\\\/#website\"},\"primaryImageOfPage\":{\"@id\":\"https:\\\/\\\/lasentinelle.dz\\\/index.php\\\/2023\\\/08\\\/15\\\/cisjordanie-occupee-2-palestiniens-tombent-en-martyrs\\\/#primaryimage\"},\"image\":{\"@id\":\"https:\\\/\\\/lasentinelle.dz\\\/index.php\\\/2023\\\/08\\\/15\\\/cisjordanie-occupee-2-palestiniens-tombent-en-martyrs\\\/#primaryimage\"},\"thumbnailUrl\":\"https:\\\/\\\/lasentinelle.dz\\\/wp-content\\\/uploads\\\/2023\\\/06\\\/palestine-1.jpeg\",\"datePublished\":\"2023-08-15T20:32:42+00:00\",\"dateModified\":\"2023-08-15T20:32:43+00:00\",\"breadcrumb\":{\"@id\":\"https:\\\/\\\/lasentinelle.dz\\\/index.php\\\/2023\\\/08\\\/15\\\/cisjordanie-occupee-2-palestiniens-tombent-en-martyrs\\\/#breadcrumb\"},\"inLanguage\":\"fr-FR\",\"potentialAction\":[{\"@type\":\"ReadAction\",\"target\":[\"https:\\\/\\\/lasentinelle.dz\\\/index.php\\\/2023\\\/08\\\/15\\\/cisjordanie-occupee-2-palestiniens-tombent-en-martyrs\\\/\"]}]},{\"@type\":\"ImageObject\",\"inLanguage\":\"fr-FR\",\"@id\":\"https:\\\/\\\/lasentinelle.dz\\\/index.php\\\/2023\\\/08\\\/15\\\/cisjordanie-occupee-2-palestiniens-tombent-en-martyrs\\\/#primaryimage\",\"url\":\"https:\\\/\\\/lasentinelle.dz\\\/wp-content\\\/uploads\\\/2023\\\/06\\\/palestine-1.jpeg\",\"contentUrl\":\"https:\\\/\\\/lasentinelle.dz\\\/wp-content\\\/uploads\\\/2023\\\/06\\\/palestine-1.jpeg\",\"width\":1170,\"height\":650},{\"@type\":\"BreadcrumbList\",\"@id\":\"https:\\\/\\\/lasentinelle.dz\\\/index.php\\\/2023\\\/08\\\/15\\\/cisjordanie-occupee-2-palestiniens-tombent-en-martyrs\\\/#breadcrumb\",\"itemListElement\":[{\"@type\":\"ListItem\",\"position\":1,\"name\":\"Accueil\",\"item\":\"https:\\\/\\\/lasentinelle.dz\\\/\"},{\"@type\":\"ListItem\",\"position\":2,\"name\":\"Cisjordanie occup\u00e9e\u00a0: 2 Palestiniens tombent en martyrs\"}]},{\"@type\":\"WebSite\",\"@id\":\"https:\\\/\\\/lasentinelle.dz\\\/#website\",\"url\":\"https:\\\/\\\/lasentinelle.dz\\\/\",\"name\":\"La Sentinelle\",\"description\":\"Quotidien national d&#039;information\",\"publisher\":{\"@id\":\"https:\\\/\\\/lasentinelle.dz\\\/#organization\"},\"potentialAction\":[{\"@type\":\"SearchAction\",\"target\":{\"@type\":\"EntryPoint\",\"urlTemplate\":\"https:\\\/\\\/lasentinelle.dz\\\/?s={search_term_string}\"},\"query-input\":{\"@type\":\"PropertyValueSpecification\",\"valueRequired\":true,\"valueName\":\"search_term_string\"}}],\"inLanguage\":\"fr-FR\"},{\"@type\":\"Organization\",\"@id\":\"https:\\\/\\\/lasentinelle.dz\\\/#organization\",\"name\":\"Quotidien La Sentinelle\",\"url\":\"https:\\\/\\\/lasentinelle.dz\\\/\",\"logo\":{\"@type\":\"ImageObject\",\"inLanguage\":\"fr-FR\",\"@id\":\"https:\\\/\\\/lasentinelle.dz\\\/#\\\/schema\\\/logo\\\/image\\\/\",\"url\":\"https:\\\/\\\/lasentinelle.dz\\\/wp-content\\\/uploads\\\/2021\\\/09\\\/logo-sentinelleSLOGAN-1.png\",\"contentUrl\":\"https:\\\/\\\/lasentinelle.dz\\\/wp-content\\\/uploads\\\/2021\\\/09\\\/logo-sentinelleSLOGAN-1.png\",\"width\":615,\"height\":142,\"caption\":\"Quotidien La Sentinelle\"},\"image\":{\"@id\":\"https:\\\/\\\/lasentinelle.dz\\\/#\\\/schema\\\/logo\\\/image\\\/\"},\"sameAs\":[\"https:\\\/\\\/www.facebook.com\\\/La-Sentinelle-104059864394773\"]},{\"@type\":\"Person\",\"@id\":\"https:\\\/\\\/lasentinelle.dz\\\/#\\\/schema\\\/person\\\/d865044e22e70a75174ce8bcad3acfb3\",\"name\":\"La Sentinelle\",\"image\":{\"@type\":\"ImageObject\",\"inLanguage\":\"fr-FR\",\"@id\":\"https:\\\/\\\/secure.gravatar.com\\\/avatar\\\/57de8e5d4b15d43fb361a71fbb36338450fe67865b528a43dd10ef7c51a20392?s=96&d=mm&r=g\",\"url\":\"https:\\\/\\\/secure.gravatar.com\\\/avatar\\\/57de8e5d4b15d43fb361a71fbb36338450fe67865b528a43dd10ef7c51a20392?s=96&d=mm&r=g\",\"contentUrl\":\"https:\\\/\\\/secure.gravatar.com\\\/avatar\\\/57de8e5d4b15d43fb361a71fbb36338450fe67865b528a43dd10ef7c51a20392?s=96&d=mm&r=g\",\"caption\":\"La Sentinelle\"},\"sameAs\":[\"http:\\\/\\\/www.lasentinelle.dz\"],\"url\":\"https:\\\/\\\/lasentinelle.dz\\\/author\\\/redaction\\\/\"}]}<\/script>\n<!-- \/ Yoast SEO plugin. -->","yoast_head_json":{"title":"Cisjordanie occup\u00e9e\u00a0: 2 Palestiniens tombent en martyrs - La Sentinelle","robots":{"index":"index","follow":"follow","max-snippet":"max-snippet:-1","max-image-preview":"max-image-preview:large","max-video-preview":"max-video-preview:-1"},"canonical":"https:\/\/lasentinelle.dz\/index.php\/2023\/08\/15\/cisjordanie-occupee-2-palestiniens-tombent-en-martyrs\/","og_locale":"fr_FR","og_type":"article","og_title":"Cisjordanie occup\u00e9e\u00a0: 2 Palestiniens tombent en martyrs - La Sentinelle","og_description":"Deux Palestiniens sont tomb\u00e9s en martyrs dans la nuit de lundi \u00e0 mardi sous les balles des forces de l\u2019occupation","og_url":"https:\/\/lasentinelle.dz\/index.php\/2023\/08\/15\/cisjordanie-occupee-2-palestiniens-tombent-en-martyrs\/","og_site_name":"La Sentinelle","article_publisher":"https:\/\/www.facebook.com\/La-Sentinelle-104059864394773","article_published_time":"2023-08-15T20:32:42+00:00","article_modified_time":"2023-08-15T20:32:43+00:00","og_image":[{"width":1170,"height":650,"url":"https:\/\/lasentinelle.dz\/wp-content\/uploads\/2023\/06\/palestine-1.jpeg","type":"image\/jpeg"}],"author":"La Sentinelle","twitter_card":"summary_large_image","twitter_misc":{"\u00c9crit par":"La Sentinelle","Dur\u00e9e de lecture estim\u00e9e":"2 minutes"},"schema":{"@context":"https:\/\/schema.org","@graph":[{"@type":"Article","@id":"https:\/\/lasentinelle.dz\/index.php\/2023\/08\/15\/cisjordanie-occupee-2-palestiniens-tombent-en-martyrs\/#article","isPartOf":{"@id":"https:\/\/lasentinelle.dz\/index.php\/2023\/08\/15\/cisjordanie-occupee-2-palestiniens-tombent-en-martyrs\/"},"author":{"name":"La Sentinelle","@id":"https:\/\/lasentinelle.dz\/#\/schema\/person\/d865044e22e70a75174ce8bcad3acfb3"},"headline":"Cisjordanie occup\u00e9e\u00a0: 2 Palestiniens tombent en martyrs","datePublished":"2023-08-15T20:32:42+00:00","dateModified":"2023-08-15T20:32:43+00:00","mainEntityOfPage":{"@id":"https:\/\/lasentinelle.dz\/index.php\/2023\/08\/15\/cisjordanie-occupee-2-palestiniens-tombent-en-martyrs\/"},"wordCount":329,"commentCount":0,"publisher":{"@id":"https:\/\/lasentinelle.dz\/#organization"},"image":{"@id":"https:\/\/lasentinelle.dz\/index.php\/2023\/08\/15\/cisjordanie-occupee-2-palestiniens-tombent-en-martyrs\/#primaryimage"},"thumbnailUrl":"https:\/\/lasentinelle.dz\/wp-content\/uploads\/2023\/06\/palestine-1.jpeg","articleSection":["Monde"],"inLanguage":"fr-FR","potentialAction":[{"@type":"CommentAction","name":"Comment","target":["https:\/\/lasentinelle.dz\/index.php\/2023\/08\/15\/cisjordanie-occupee-2-palestiniens-tombent-en-martyrs\/#respond"]}]},{"@type":"WebPage","@id":"https:\/\/lasentinelle.dz\/index.php\/2023\/08\/15\/cisjordanie-occupee-2-palestiniens-tombent-en-martyrs\/","url":"https:\/\/lasentinelle.dz\/index.php\/2023\/08\/15\/cisjordanie-occupee-2-palestiniens-tombent-en-martyrs\/","name":"Cisjordanie occup\u00e9e\u00a0: 2 Palestiniens tombent en martyrs - La Sentinelle","isPartOf":{"@id":"https:\/\/lasentinelle.dz\/#website"},"primaryImageOfPage":{"@id":"https:\/\/lasentinelle.dz\/index.php\/2023\/08\/15\/cisjordanie-occupee-2-palestiniens-tombent-en-martyrs\/#primaryimage"},"image":{"@id":"https:\/\/lasentinelle.dz\/index.php\/2023\/08\/15\/cisjordanie-occupee-2-palestiniens-tombent-en-martyrs\/#primaryimage"},"thumbnailUrl":"https:\/\/lasentinelle.dz\/wp-content\/uploads\/2023\/06\/palestine-1.jpeg","datePublished":"2023-08-15T20:32:42+00:00","dateModified":"2023-08-15T20:32:43+00:00","breadcrumb":{"@id":"https:\/\/lasentinelle.dz\/index.php\/2023\/08\/15\/cisjordanie-occupee-2-palestiniens-tombent-en-martyrs\/#breadcrumb"},"inLanguage":"fr-FR","potentialAction":[{"@type":"ReadAction","target":["https:\/\/lasentinelle.dz\/index.php\/2023\/08\/15\/cisjordanie-occupee-2-palestiniens-tombent-en-martyrs\/"]}]},{"@type":"ImageObject","inLanguage":"fr-FR","@id":"https:\/\/lasentinelle.dz\/index.php\/2023\/08\/15\/cisjordanie-occupee-2-palestiniens-tombent-en-martyrs\/#primaryimage","url":"https:\/\/lasentinelle.dz\/wp-content\/uploads\/2023\/06\/palestine-1.jpeg","contentUrl":"https:\/\/lasentinelle.dz\/wp-content\/uploads\/2023\/06\/palestine-1.jpeg","width":1170,"height":650},{"@type":"BreadcrumbList","@id":"https:\/\/lasentinelle.dz\/index.php\/2023\/08\/15\/cisjordanie-occupee-2-palestiniens-tombent-en-martyrs\/#breadcrumb","itemListElement":[{"@type":"ListItem","position":1,"name":"Accueil","item":"https:\/\/lasentinelle.dz\/"},{"@type":"ListItem","position":2,"name":"Cisjordanie occup\u00e9e\u00a0: 2 Palestiniens tombent en martyrs"}]},{"@type":"WebSite","@id":"https:\/\/lasentinelle.dz\/#website","url":"https:\/\/lasentinelle.dz\/","name":"La Sentinelle","description":"Quotidien national d&#039;information","publisher":{"@id":"https:\/\/lasentinelle.dz\/#organization"},"potentialAction":[{"@type":"SearchAction","target":{"@type":"EntryPoint","urlTemplate":"https:\/\/lasentinelle.dz\/?s={search_term_string}"},"query-input":{"@type":"PropertyValueSpecification","valueRequired":true,"valueName":"search_term_string"}}],"inLanguage":"fr-FR"},{"@type":"Organization","@id":"https:\/\/lasentinelle.dz\/#organization","name":"Quotidien La Sentinelle","url":"https:\/\/lasentinelle.dz\/","logo":{"@type":"ImageObject","inLanguage":"fr-FR","@id":"https:\/\/lasentinelle.dz\/#\/schema\/logo\/image\/","url":"https:\/\/lasentinelle.dz\/wp-content\/uploads\/2021\/09\/logo-sentinelleSLOGAN-1.png","contentUrl":"https:\/\/lasentinelle.dz\/wp-content\/uploads\/2021\/09\/logo-sentinelleSLOGAN-1.png","width":615,"height":142,"caption":"Quotidien La Sentinelle"},"image":{"@id":"https:\/\/lasentinelle.dz\/#\/schema\/logo\/image\/"},"sameAs":["https:\/\/www.facebook.com\/La-Sentinelle-104059864394773"]},{"@type":"Person","@id":"https:\/\/lasentinelle.dz\/#\/schema\/person\/d865044e22e70a75174ce8bcad3acfb3","name":"La Sentinelle","image":{"@type":"ImageObject","inLanguage":"fr-FR","@id":"https:\/\/secure.gravatar.com\/avatar\/57de8e5d4b15d43fb361a71fbb36338450fe67865b528a43dd10ef7c51a20392?s=96&d=mm&r=g","url":"https:\/\/secure.gravatar.com\/avatar\/57de8e5d4b15d43fb361a71fbb36338450fe67865b528a43dd10ef7c51a20392?s=96&d=mm&r=g","contentUrl":"https:\/\/secure.gravatar.com\/avatar\/57de8e5d4b15d43fb361a71fbb36338450fe67865b528a43dd10ef7c51a20392?s=96&d=mm&r=g","caption":"La Sentinelle"},"sameAs":["http:\/\/www.lasentinelle.dz"],"url":"https:\/\/lasentinelle.dz\/author\/redaction\/"}]}},"_links":{"self":[{"href":"https:\/\/lasentinelle.dz\/index.php\/wp-json\/wp\/v2\/posts\/44659","targetHints":{"allow":["GET"]}}],"collection":[{"href":"https:\/\/lasentinelle.dz\/index.php\/wp-json\/wp\/v2\/posts"}],"about":[{"href":"https:\/\/lasentinelle.dz\/index.php\/wp-json\/wp\/v2\/types\/post"}],"author":[{"embeddable":true,"href":"https:\/\/lasentinelle.dz\/index.php\/wp-json\/wp\/v2\/users\/3"}],"replies":[{"embeddable":true,"href":"https:\/\/lasentinelle.dz\/index.php\/wp-json\/wp\/v2\/comments?post=44659"}],"version-history":[{"count":1,"href":"https:\/\/lasentinelle.dz\/index.php\/wp-json\/wp\/v2\/posts\/44659\/revisions"}],"predecessor-version":[{"id":44660,"href":"https:\/\/lasentinelle.dz\/index.php\/wp-json\/wp\/v2\/posts\/44659\/revisions\/44660"}],"wp:featuredmedia":[{"embeddable":true,"href":"https:\/\/lasentinelle.dz\/index.php\/wp-json\/wp\/v2\/media\/42669"}],"wp:attachment":[{"href":"https:\/\/lasentinelle.dz\/index.php\/wp-json\/wp\/v2\/media?parent=44659"}],"wp:term":[{"taxonomy":"category","embeddable":true,"href":"https:\/\/lasentinelle.dz\/index.php\/wp-json\/wp\/v2\/categories?post=44659"},{"taxonomy":"post_tag","embeddable":true,"href":"https:\/\/lasentinelle.dz\/index.php\/wp-json\/wp\/v2\/tags?post=44659"}],"curies":[{"name":"wp","href":"https:\/\/api.w.org\/{rel}","templated":true}]}}