{"id":4467,"date":"2021-08-16T23:55:00","date_gmt":"2021-08-16T22:55:00","guid":{"rendered":"https:\/\/lasentinelle.dz\/?p=4467"},"modified":"2021-08-17T14:52:28","modified_gmt":"2021-08-17T13:52:28","slug":"reseaux-sociaux-mettre-fin-a-lanarchie","status":"publish","type":"post","link":"https:\/\/lasentinelle.dz\/index.php\/2021\/08\/16\/reseaux-sociaux-mettre-fin-a-lanarchie\/","title":{"rendered":"R\u00e9seaux sociaux : Mettre fin \u00e0 l\u2019anarchie"},"content":{"rendered":"\n<p>Le Premier ministre, ministre des Finances, A\u00efmene Benabderrahmane, a pr\u00e9sid\u00e9 dimanche dernier, une r\u00e9union du gouvernement, consacr\u00e9e aux secteurs de la Justice, l&rsquo;Enseignement sup\u00e9rieur, l&rsquo;Energie, des Transports et l\u2019Environnement ainsi que les Relations avec le Parlement.<\/p>\n\n\n\n<p>Apr\u00e8s avoir observ\u00e9 une minute de silence en hommage aux martyrs civils et militaires des derniers incendies de for\u00eat qui ont touch\u00e9 certaines wilayas du pays, le gouvernement a entam\u00e9 ses travaux, selon l\u2019APS, par la pr\u00e9sentation du ministre de la Justice, Garde des sceaux,d\u2019un avant-projet d\u2019ordonnance modifiant et compl\u00e9tant l\u2019ordonnance n&nbsp; 66-155 du 08 juin 1966 portant code de proc\u00e9dure p\u00e9nale.<\/p>\n\n\n\n<p>Cet amendement vise essentiellement \u00e0 instituer un p\u00f4le p\u00e9nal sp\u00e9cialis\u00e9 pour les infractions li\u00e9es aux technologies de l\u2019information et de la communication. Ce p\u00f4le \u00e0 comp\u00e9tence nationale est charg\u00e9 notamment des infractions et crimes relatifs \u00e0 la diffusion et \u00e0 la propagation d\u2019informations mensong\u00e8res de nature \u00e0 porter atteinte \u00e0 la s\u00e9curit\u00e9 publique et \u00e0 la stabilit\u00e9 de la soci\u00e9t\u00e9, indique la m\u00eame source. Ce nouveau p\u00f4le est appel\u00e9, selon les sp\u00e9cialistes, \u00e0 examiner les affaires li\u00e9es aux infractions commises par les usagers de la toile et des r\u00e9seaux sociaux. Ces derniers sont devenus, ces derniers jours, un v\u00e9ritable \u00abd\u00e9fouloir de certains activistes politiciens qui n\u2019ont pas cess\u00e9 de semer les graines de la haine, de la division, du racisme et de l\u2019extr\u00e9misme notamment en Kabylie ou les sieurs du mouvement s\u00e9paratiste MAK sont tr\u00e8s actifs et les adeptes de la Badissia-Novembaria \u00e0 l\u2019instar de certains journalistes et politicards qui profitent, aussi, du climat de tension actuelle pour d\u00e9verser leur anti-kabyle\u00bb. Ces sp\u00e9cialistes estiment que la cr\u00e9ation de nouveau p\u00f4le p\u00e9nal sp\u00e9cialis\u00e9 permettra principalement \u00abde mettre de l\u2019ordre dans ce capharna\u00fcm des r\u00e9seaux sociaux o\u00f9 pullulent des fanatiques et des pyromanes qui attisent davantage la haine et le racisme en toute impunit\u00e9 \u00bb, pr\u00e9cisant au passage que \u00abce nouveau p\u00f4le jouera le r\u00f4le de r\u00e9gulateur et de gendarme de la toile et des r\u00e9seaux sociaux qui commencent \u00e0 devenir un v\u00e9ritable casse-t\u00eate chinois pour les pouvoirs publics, allant m\u00eame jusque constituer une v\u00e9ritable menace \u00e0 la s\u00e9curit\u00e9 nationale\u00bb. Et ce de l\u2019aveu du ministre de la Communication, M. Ammar Belhimer qui a plaid\u00e9 en faveur de la sauvegarde du patrimoine num\u00e9rique nationale contre les menaces provenant des r\u00e9seaux sociaux notamment facebook. Ceci, nous am\u00e8ne \u00e0 s\u2019interroger sur le sort de la loi 20-05 du 28 avril 2020 relative \u00e0 la pr\u00e9vention et \u00e0 la lutte contre la discrimination et le discours de haine et sa non-application sur le terrain.<\/p>\n\n\n\n<p>Fai\u00e7al Bedjaoui<\/p>\n","protected":false},"excerpt":{"rendered":"<p>Le Premier ministre, ministre des Finances, A\u00efmene Benabderrahmane, a pr\u00e9sid\u00e9 dimanche dernier, une r\u00e9union du gouvernement, consacr\u00e9e aux secteurs de<\/p>\n","protected":false},"author":3,"featured_media":4469,"comment_status":"open","ping_status":"closed","sticky":false,"template":"","format":"standard","meta":{"colormag_page_container_layout":"default_layout","colormag_page_sidebar_layout":"default_layout","om_disable_all_campaigns":false,"_monsterinsights_skip_tracking":false,"_monsterinsights_sitenote_active":false,"_monsterinsights_sitenote_note":"","_monsterinsights_sitenote_category":0,"footnotes":"","_wpscppro_dont_share_socialmedia":false,"_wpscppro_custom_social_share_image":0,"_facebook_share_type":"","_twitter_share_type":"","_linkedin_share_type":"","_pinterest_share_type":"","_linkedin_share_type_page":"","_instagram_share_type":"","_medium_share_type":"","_threads_share_type":"","_google_business_share_type":"","_selected_social_profile":[],"_wpsp_enable_custom_social_template":false,"_wpsp_social_scheduling":{"enabled":false,"datetime":null,"platforms":[],"status":"template_only","dateOption":"today","timeOption":"now","customDays":"","customHours":"","customDate":"","customTime":"","schedulingType":"absolute"},"_wpsp_active_default_template":true},"categories":[52,27],"tags":[],"class_list":["post-4467","post","type-post","status-publish","format-standard","has-post-thumbnail","hentry","category-a-la-une","category-actualite"],"aioseo_notices":[],"yoast_head":"<!-- This site is optimized with the Yoast SEO plugin v27.5 - https:\/\/yoast.com\/product\/yoast-seo-wordpress\/ -->\n<title>R\u00e9seaux sociaux : Mettre fin \u00e0 l\u2019anarchie - La Sentinelle<\/title>\n<meta name=\"robots\" content=\"index, follow, max-snippet:-1, max-image-preview:large, max-video-preview:-1\" \/>\n<link rel=\"canonical\" href=\"https:\/\/lasentinelle.dz\/index.php\/2021\/08\/16\/reseaux-sociaux-mettre-fin-a-lanarchie\/\" \/>\n<meta property=\"og:locale\" content=\"fr_FR\" \/>\n<meta property=\"og:type\" content=\"article\" \/>\n<meta property=\"og:title\" content=\"R\u00e9seaux sociaux : Mettre fin \u00e0 l\u2019anarchie - La Sentinelle\" \/>\n<meta property=\"og:description\" content=\"Le Premier ministre, ministre des Finances, A\u00efmene Benabderrahmane, a pr\u00e9sid\u00e9 dimanche dernier, une r\u00e9union du gouvernement, consacr\u00e9e aux secteurs de\" \/>\n<meta property=\"og:url\" content=\"https:\/\/lasentinelle.dz\/index.php\/2021\/08\/16\/reseaux-sociaux-mettre-fin-a-lanarchie\/\" \/>\n<meta property=\"og:site_name\" content=\"La Sentinelle\" \/>\n<meta property=\"article:publisher\" content=\"https:\/\/www.facebook.com\/La-Sentinelle-104059864394773\" \/>\n<meta property=\"article:published_time\" content=\"2021-08-16T22:55:00+00:00\" \/>\n<meta property=\"article:modified_time\" content=\"2021-08-17T13:52:28+00:00\" \/>\n<meta property=\"og:image\" content=\"https:\/\/lasentinelle.dz\/wp-content\/uploads\/2021\/08\/pistolet-facebook.png\" \/>\n\t<meta property=\"og:image:width\" content=\"900\" \/>\n\t<meta property=\"og:image:height\" content=\"500\" \/>\n\t<meta property=\"og:image:type\" content=\"image\/png\" \/>\n<meta name=\"author\" content=\"La Sentinelle\" \/>\n<meta name=\"twitter:card\" content=\"summary_large_image\" \/>\n<meta name=\"twitter:label1\" content=\"\u00c9crit par\" \/>\n\t<meta name=\"twitter:data1\" content=\"La Sentinelle\" \/>\n\t<meta name=\"twitter:label2\" content=\"Dur\u00e9e de lecture estim\u00e9e\" \/>\n\t<meta name=\"twitter:data2\" content=\"2 minutes\" \/>\n<script type=\"application\/ld+json\" class=\"yoast-schema-graph\">{\"@context\":\"https:\\\/\\\/schema.org\",\"@graph\":[{\"@type\":\"Article\",\"@id\":\"https:\\\/\\\/lasentinelle.dz\\\/index.php\\\/2021\\\/08\\\/16\\\/reseaux-sociaux-mettre-fin-a-lanarchie\\\/#article\",\"isPartOf\":{\"@id\":\"https:\\\/\\\/lasentinelle.dz\\\/index.php\\\/2021\\\/08\\\/16\\\/reseaux-sociaux-mettre-fin-a-lanarchie\\\/\"},\"author\":{\"name\":\"La Sentinelle\",\"@id\":\"https:\\\/\\\/lasentinelle.dz\\\/#\\\/schema\\\/person\\\/d865044e22e70a75174ce8bcad3acfb3\"},\"headline\":\"R\u00e9seaux sociaux : Mettre fin \u00e0 l\u2019anarchie\",\"datePublished\":\"2021-08-16T22:55:00+00:00\",\"dateModified\":\"2021-08-17T13:52:28+00:00\",\"mainEntityOfPage\":{\"@id\":\"https:\\\/\\\/lasentinelle.dz\\\/index.php\\\/2021\\\/08\\\/16\\\/reseaux-sociaux-mettre-fin-a-lanarchie\\\/\"},\"wordCount\":477,\"commentCount\":0,\"publisher\":{\"@id\":\"https:\\\/\\\/lasentinelle.dz\\\/#organization\"},\"image\":{\"@id\":\"https:\\\/\\\/lasentinelle.dz\\\/index.php\\\/2021\\\/08\\\/16\\\/reseaux-sociaux-mettre-fin-a-lanarchie\\\/#primaryimage\"},\"thumbnailUrl\":\"https:\\\/\\\/lasentinelle.dz\\\/wp-content\\\/uploads\\\/2021\\\/08\\\/pistolet-facebook.png\",\"articleSection\":[\"\u00c0 la Une\",\"Actualit\u00e9\"],\"inLanguage\":\"fr-FR\",\"potentialAction\":[{\"@type\":\"CommentAction\",\"name\":\"Comment\",\"target\":[\"https:\\\/\\\/lasentinelle.dz\\\/index.php\\\/2021\\\/08\\\/16\\\/reseaux-sociaux-mettre-fin-a-lanarchie\\\/#respond\"]}]},{\"@type\":\"WebPage\",\"@id\":\"https:\\\/\\\/lasentinelle.dz\\\/index.php\\\/2021\\\/08\\\/16\\\/reseaux-sociaux-mettre-fin-a-lanarchie\\\/\",\"url\":\"https:\\\/\\\/lasentinelle.dz\\\/index.php\\\/2021\\\/08\\\/16\\\/reseaux-sociaux-mettre-fin-a-lanarchie\\\/\",\"name\":\"R\u00e9seaux sociaux : Mettre fin \u00e0 l\u2019anarchie - La Sentinelle\",\"isPartOf\":{\"@id\":\"https:\\\/\\\/lasentinelle.dz\\\/#website\"},\"primaryImageOfPage\":{\"@id\":\"https:\\\/\\\/lasentinelle.dz\\\/index.php\\\/2021\\\/08\\\/16\\\/reseaux-sociaux-mettre-fin-a-lanarchie\\\/#primaryimage\"},\"image\":{\"@id\":\"https:\\\/\\\/lasentinelle.dz\\\/index.php\\\/2021\\\/08\\\/16\\\/reseaux-sociaux-mettre-fin-a-lanarchie\\\/#primaryimage\"},\"thumbnailUrl\":\"https:\\\/\\\/lasentinelle.dz\\\/wp-content\\\/uploads\\\/2021\\\/08\\\/pistolet-facebook.png\",\"datePublished\":\"2021-08-16T22:55:00+00:00\",\"dateModified\":\"2021-08-17T13:52:28+00:00\",\"breadcrumb\":{\"@id\":\"https:\\\/\\\/lasentinelle.dz\\\/index.php\\\/2021\\\/08\\\/16\\\/reseaux-sociaux-mettre-fin-a-lanarchie\\\/#breadcrumb\"},\"inLanguage\":\"fr-FR\",\"potentialAction\":[{\"@type\":\"ReadAction\",\"target\":[\"https:\\\/\\\/lasentinelle.dz\\\/index.php\\\/2021\\\/08\\\/16\\\/reseaux-sociaux-mettre-fin-a-lanarchie\\\/\"]}]},{\"@type\":\"ImageObject\",\"inLanguage\":\"fr-FR\",\"@id\":\"https:\\\/\\\/lasentinelle.dz\\\/index.php\\\/2021\\\/08\\\/16\\\/reseaux-sociaux-mettre-fin-a-lanarchie\\\/#primaryimage\",\"url\":\"https:\\\/\\\/lasentinelle.dz\\\/wp-content\\\/uploads\\\/2021\\\/08\\\/pistolet-facebook.png\",\"contentUrl\":\"https:\\\/\\\/lasentinelle.dz\\\/wp-content\\\/uploads\\\/2021\\\/08\\\/pistolet-facebook.png\",\"width\":900,\"height\":500},{\"@type\":\"BreadcrumbList\",\"@id\":\"https:\\\/\\\/lasentinelle.dz\\\/index.php\\\/2021\\\/08\\\/16\\\/reseaux-sociaux-mettre-fin-a-lanarchie\\\/#breadcrumb\",\"itemListElement\":[{\"@type\":\"ListItem\",\"position\":1,\"name\":\"Accueil\",\"item\":\"https:\\\/\\\/lasentinelle.dz\\\/\"},{\"@type\":\"ListItem\",\"position\":2,\"name\":\"R\u00e9seaux sociaux : Mettre fin \u00e0 l\u2019anarchie\"}]},{\"@type\":\"WebSite\",\"@id\":\"https:\\\/\\\/lasentinelle.dz\\\/#website\",\"url\":\"https:\\\/\\\/lasentinelle.dz\\\/\",\"name\":\"La Sentinelle\",\"description\":\"Quotidien national d&#039;information\",\"publisher\":{\"@id\":\"https:\\\/\\\/lasentinelle.dz\\\/#organization\"},\"potentialAction\":[{\"@type\":\"SearchAction\",\"target\":{\"@type\":\"EntryPoint\",\"urlTemplate\":\"https:\\\/\\\/lasentinelle.dz\\\/?s={search_term_string}\"},\"query-input\":{\"@type\":\"PropertyValueSpecification\",\"valueRequired\":true,\"valueName\":\"search_term_string\"}}],\"inLanguage\":\"fr-FR\"},{\"@type\":\"Organization\",\"@id\":\"https:\\\/\\\/lasentinelle.dz\\\/#organization\",\"name\":\"Quotidien La Sentinelle\",\"url\":\"https:\\\/\\\/lasentinelle.dz\\\/\",\"logo\":{\"@type\":\"ImageObject\",\"inLanguage\":\"fr-FR\",\"@id\":\"https:\\\/\\\/lasentinelle.dz\\\/#\\\/schema\\\/logo\\\/image\\\/\",\"url\":\"https:\\\/\\\/lasentinelle.dz\\\/wp-content\\\/uploads\\\/2021\\\/09\\\/logo-sentinelleSLOGAN-1.png\",\"contentUrl\":\"https:\\\/\\\/lasentinelle.dz\\\/wp-content\\\/uploads\\\/2021\\\/09\\\/logo-sentinelleSLOGAN-1.png\",\"width\":615,\"height\":142,\"caption\":\"Quotidien La Sentinelle\"},\"image\":{\"@id\":\"https:\\\/\\\/lasentinelle.dz\\\/#\\\/schema\\\/logo\\\/image\\\/\"},\"sameAs\":[\"https:\\\/\\\/www.facebook.com\\\/La-Sentinelle-104059864394773\"]},{\"@type\":\"Person\",\"@id\":\"https:\\\/\\\/lasentinelle.dz\\\/#\\\/schema\\\/person\\\/d865044e22e70a75174ce8bcad3acfb3\",\"name\":\"La Sentinelle\",\"image\":{\"@type\":\"ImageObject\",\"inLanguage\":\"fr-FR\",\"@id\":\"https:\\\/\\\/secure.gravatar.com\\\/avatar\\\/57de8e5d4b15d43fb361a71fbb36338450fe67865b528a43dd10ef7c51a20392?s=96&d=mm&r=g\",\"url\":\"https:\\\/\\\/secure.gravatar.com\\\/avatar\\\/57de8e5d4b15d43fb361a71fbb36338450fe67865b528a43dd10ef7c51a20392?s=96&d=mm&r=g\",\"contentUrl\":\"https:\\\/\\\/secure.gravatar.com\\\/avatar\\\/57de8e5d4b15d43fb361a71fbb36338450fe67865b528a43dd10ef7c51a20392?s=96&d=mm&r=g\",\"caption\":\"La Sentinelle\"},\"sameAs\":[\"http:\\\/\\\/www.lasentinelle.dz\"],\"url\":\"https:\\\/\\\/lasentinelle.dz\\\/author\\\/redaction\\\/\"}]}<\/script>\n<!-- \/ Yoast SEO plugin. -->","yoast_head_json":{"title":"R\u00e9seaux sociaux : Mettre fin \u00e0 l\u2019anarchie - La Sentinelle","robots":{"index":"index","follow":"follow","max-snippet":"max-snippet:-1","max-image-preview":"max-image-preview:large","max-video-preview":"max-video-preview:-1"},"canonical":"https:\/\/lasentinelle.dz\/index.php\/2021\/08\/16\/reseaux-sociaux-mettre-fin-a-lanarchie\/","og_locale":"fr_FR","og_type":"article","og_title":"R\u00e9seaux sociaux : Mettre fin \u00e0 l\u2019anarchie - La Sentinelle","og_description":"Le Premier ministre, ministre des Finances, A\u00efmene Benabderrahmane, a pr\u00e9sid\u00e9 dimanche dernier, une r\u00e9union du gouvernement, consacr\u00e9e aux secteurs de","og_url":"https:\/\/lasentinelle.dz\/index.php\/2021\/08\/16\/reseaux-sociaux-mettre-fin-a-lanarchie\/","og_site_name":"La Sentinelle","article_publisher":"https:\/\/www.facebook.com\/La-Sentinelle-104059864394773","article_published_time":"2021-08-16T22:55:00+00:00","article_modified_time":"2021-08-17T13:52:28+00:00","og_image":[{"width":900,"height":500,"url":"https:\/\/lasentinelle.dz\/wp-content\/uploads\/2021\/08\/pistolet-facebook.png","type":"image\/png"}],"author":"La Sentinelle","twitter_card":"summary_large_image","twitter_misc":{"\u00c9crit par":"La Sentinelle","Dur\u00e9e de lecture estim\u00e9e":"2 minutes"},"schema":{"@context":"https:\/\/schema.org","@graph":[{"@type":"Article","@id":"https:\/\/lasentinelle.dz\/index.php\/2021\/08\/16\/reseaux-sociaux-mettre-fin-a-lanarchie\/#article","isPartOf":{"@id":"https:\/\/lasentinelle.dz\/index.php\/2021\/08\/16\/reseaux-sociaux-mettre-fin-a-lanarchie\/"},"author":{"name":"La Sentinelle","@id":"https:\/\/lasentinelle.dz\/#\/schema\/person\/d865044e22e70a75174ce8bcad3acfb3"},"headline":"R\u00e9seaux sociaux : Mettre fin \u00e0 l\u2019anarchie","datePublished":"2021-08-16T22:55:00+00:00","dateModified":"2021-08-17T13:52:28+00:00","mainEntityOfPage":{"@id":"https:\/\/lasentinelle.dz\/index.php\/2021\/08\/16\/reseaux-sociaux-mettre-fin-a-lanarchie\/"},"wordCount":477,"commentCount":0,"publisher":{"@id":"https:\/\/lasentinelle.dz\/#organization"},"image":{"@id":"https:\/\/lasentinelle.dz\/index.php\/2021\/08\/16\/reseaux-sociaux-mettre-fin-a-lanarchie\/#primaryimage"},"thumbnailUrl":"https:\/\/lasentinelle.dz\/wp-content\/uploads\/2021\/08\/pistolet-facebook.png","articleSection":["\u00c0 la Une","Actualit\u00e9"],"inLanguage":"fr-FR","potentialAction":[{"@type":"CommentAction","name":"Comment","target":["https:\/\/lasentinelle.dz\/index.php\/2021\/08\/16\/reseaux-sociaux-mettre-fin-a-lanarchie\/#respond"]}]},{"@type":"WebPage","@id":"https:\/\/lasentinelle.dz\/index.php\/2021\/08\/16\/reseaux-sociaux-mettre-fin-a-lanarchie\/","url":"https:\/\/lasentinelle.dz\/index.php\/2021\/08\/16\/reseaux-sociaux-mettre-fin-a-lanarchie\/","name":"R\u00e9seaux sociaux : Mettre fin \u00e0 l\u2019anarchie - La Sentinelle","isPartOf":{"@id":"https:\/\/lasentinelle.dz\/#website"},"primaryImageOfPage":{"@id":"https:\/\/lasentinelle.dz\/index.php\/2021\/08\/16\/reseaux-sociaux-mettre-fin-a-lanarchie\/#primaryimage"},"image":{"@id":"https:\/\/lasentinelle.dz\/index.php\/2021\/08\/16\/reseaux-sociaux-mettre-fin-a-lanarchie\/#primaryimage"},"thumbnailUrl":"https:\/\/lasentinelle.dz\/wp-content\/uploads\/2021\/08\/pistolet-facebook.png","datePublished":"2021-08-16T22:55:00+00:00","dateModified":"2021-08-17T13:52:28+00:00","breadcrumb":{"@id":"https:\/\/lasentinelle.dz\/index.php\/2021\/08\/16\/reseaux-sociaux-mettre-fin-a-lanarchie\/#breadcrumb"},"inLanguage":"fr-FR","potentialAction":[{"@type":"ReadAction","target":["https:\/\/lasentinelle.dz\/index.php\/2021\/08\/16\/reseaux-sociaux-mettre-fin-a-lanarchie\/"]}]},{"@type":"ImageObject","inLanguage":"fr-FR","@id":"https:\/\/lasentinelle.dz\/index.php\/2021\/08\/16\/reseaux-sociaux-mettre-fin-a-lanarchie\/#primaryimage","url":"https:\/\/lasentinelle.dz\/wp-content\/uploads\/2021\/08\/pistolet-facebook.png","contentUrl":"https:\/\/lasentinelle.dz\/wp-content\/uploads\/2021\/08\/pistolet-facebook.png","width":900,"height":500},{"@type":"BreadcrumbList","@id":"https:\/\/lasentinelle.dz\/index.php\/2021\/08\/16\/reseaux-sociaux-mettre-fin-a-lanarchie\/#breadcrumb","itemListElement":[{"@type":"ListItem","position":1,"name":"Accueil","item":"https:\/\/lasentinelle.dz\/"},{"@type":"ListItem","position":2,"name":"R\u00e9seaux sociaux : Mettre fin \u00e0 l\u2019anarchie"}]},{"@type":"WebSite","@id":"https:\/\/lasentinelle.dz\/#website","url":"https:\/\/lasentinelle.dz\/","name":"La Sentinelle","description":"Quotidien national d&#039;information","publisher":{"@id":"https:\/\/lasentinelle.dz\/#organization"},"potentialAction":[{"@type":"SearchAction","target":{"@type":"EntryPoint","urlTemplate":"https:\/\/lasentinelle.dz\/?s={search_term_string}"},"query-input":{"@type":"PropertyValueSpecification","valueRequired":true,"valueName":"search_term_string"}}],"inLanguage":"fr-FR"},{"@type":"Organization","@id":"https:\/\/lasentinelle.dz\/#organization","name":"Quotidien La Sentinelle","url":"https:\/\/lasentinelle.dz\/","logo":{"@type":"ImageObject","inLanguage":"fr-FR","@id":"https:\/\/lasentinelle.dz\/#\/schema\/logo\/image\/","url":"https:\/\/lasentinelle.dz\/wp-content\/uploads\/2021\/09\/logo-sentinelleSLOGAN-1.png","contentUrl":"https:\/\/lasentinelle.dz\/wp-content\/uploads\/2021\/09\/logo-sentinelleSLOGAN-1.png","width":615,"height":142,"caption":"Quotidien La Sentinelle"},"image":{"@id":"https:\/\/lasentinelle.dz\/#\/schema\/logo\/image\/"},"sameAs":["https:\/\/www.facebook.com\/La-Sentinelle-104059864394773"]},{"@type":"Person","@id":"https:\/\/lasentinelle.dz\/#\/schema\/person\/d865044e22e70a75174ce8bcad3acfb3","name":"La Sentinelle","image":{"@type":"ImageObject","inLanguage":"fr-FR","@id":"https:\/\/secure.gravatar.com\/avatar\/57de8e5d4b15d43fb361a71fbb36338450fe67865b528a43dd10ef7c51a20392?s=96&d=mm&r=g","url":"https:\/\/secure.gravatar.com\/avatar\/57de8e5d4b15d43fb361a71fbb36338450fe67865b528a43dd10ef7c51a20392?s=96&d=mm&r=g","contentUrl":"https:\/\/secure.gravatar.com\/avatar\/57de8e5d4b15d43fb361a71fbb36338450fe67865b528a43dd10ef7c51a20392?s=96&d=mm&r=g","caption":"La Sentinelle"},"sameAs":["http:\/\/www.lasentinelle.dz"],"url":"https:\/\/lasentinelle.dz\/author\/redaction\/"}]}},"_links":{"self":[{"href":"https:\/\/lasentinelle.dz\/index.php\/wp-json\/wp\/v2\/posts\/4467","targetHints":{"allow":["GET"]}}],"collection":[{"href":"https:\/\/lasentinelle.dz\/index.php\/wp-json\/wp\/v2\/posts"}],"about":[{"href":"https:\/\/lasentinelle.dz\/index.php\/wp-json\/wp\/v2\/types\/post"}],"author":[{"embeddable":true,"href":"https:\/\/lasentinelle.dz\/index.php\/wp-json\/wp\/v2\/users\/3"}],"replies":[{"embeddable":true,"href":"https:\/\/lasentinelle.dz\/index.php\/wp-json\/wp\/v2\/comments?post=4467"}],"version-history":[{"count":1,"href":"https:\/\/lasentinelle.dz\/index.php\/wp-json\/wp\/v2\/posts\/4467\/revisions"}],"predecessor-version":[{"id":4470,"href":"https:\/\/lasentinelle.dz\/index.php\/wp-json\/wp\/v2\/posts\/4467\/revisions\/4470"}],"wp:featuredmedia":[{"embeddable":true,"href":"https:\/\/lasentinelle.dz\/index.php\/wp-json\/wp\/v2\/media\/4469"}],"wp:attachment":[{"href":"https:\/\/lasentinelle.dz\/index.php\/wp-json\/wp\/v2\/media?parent=4467"}],"wp:term":[{"taxonomy":"category","embeddable":true,"href":"https:\/\/lasentinelle.dz\/index.php\/wp-json\/wp\/v2\/categories?post=4467"},{"taxonomy":"post_tag","embeddable":true,"href":"https:\/\/lasentinelle.dz\/index.php\/wp-json\/wp\/v2\/tags?post=4467"}],"curies":[{"name":"wp","href":"https:\/\/api.w.org\/{rel}","templated":true}]}}