{"id":44718,"date":"2023-08-16T21:46:24","date_gmt":"2023-08-16T20:46:24","guid":{"rendered":"https:\/\/lasentinelle.dz\/?p=44718"},"modified":"2023-08-16T21:46:26","modified_gmt":"2023-08-16T20:46:26","slug":"cap-sur-la-relance-des-entreprises-publiques","status":"publish","type":"post","link":"https:\/\/lasentinelle.dz\/index.php\/2023\/08\/16\/cap-sur-la-relance-des-entreprises-publiques\/","title":{"rendered":"Cap sur la relance des entreprises publiques"},"content":{"rendered":"\n<p>Le ministre de l\u2019Industrie et de la Production pharmaceutique a, une nouvelle fois, affirm\u00e9 que l\u2019\u00c9tat n\u2019abandonnera pas les entreprises publiques, assurant de la volont\u00e9 des pouvoirs publics de les relancer. Une relance qui ne s\u2019appuiera toutefois pas sur une \u00e9ni\u00e8me op\u00e9ration d\u2019assainissement, mais sur la refonte du management et l\u2019ouverture au partenariat.<\/p>\n\n\n\n<p>L\u2019Ex\u00e9cutif lance un programme de r\u00e9habilitation de l\u2019outil de production nationale qui rel\u00e8ve du secteur public marchand. Un plan qui s\u2019appuie sur la refonte du management des entreprises et groupes publics pour imposer une gestion par objectifs assise sur des contrats de performance. Le Gouvernement mise \u00e9galement sur l\u2019ouverture du capital de certaines de ces entreprises publiques, ou leur orientation avec des partenariats avec des op\u00e9rateurs nationaux ou \u00e9trangers, dans la finalit\u00e9 d\u2019adapter la gestion et la gouvernance de ces entit\u00e9s et d\u2019adapter leurs process de production et de commercialisation aux besoins du march\u00e9. Les pouvoirs publics ambitionnent ainsi de s\u2019appuyer sur des valeurs s\u00fbres de l\u2019industrie nationale qui ont toutes les chances d\u2019\u00eatre viables pour en faire les fers de lance de la politique de r\u00e9industrialisation et de diversification de l\u2019\u00e9conomie nationale. &nbsp;Ainsi et apr\u00e8s la visite samedi du Premier ministre, A\u00efmene Benabderrahmane, au complexe sid\u00e9rurgique d\u2019El-Hadjar, et de la visite du ministre de l\u2019Industrie et de la Production pharmaceutique, Ali Aoun, \u00e0 l\u2019Eniem Tizi-Ouzou, ce dernier s\u2019est rendu ce mercredi au si\u00e8ge de l\u2019Entreprise nationale des industries \u00e9lectroniques (Enie) \u00e0 Sidi Bel-Abb\u00e8s. Le premier responsable du secteur a d\u2019ailleurs tenu \u00e0 adresser les m\u00eames messages que lors de son d\u00e9placement la semaine derni\u00e8re \u00e0 Tizi-Ouzou. &nbsp;Lors d\u2019une visite inopin\u00e9e effectu\u00e9e, le ministre assur\u00e9 de l\u2019accompagnement de l\u2019\u00c9tat&nbsp; de cette entreprise, qui rel\u00e8ve tout comme l\u2019Eniem du groupe public Elec El-Djaza\u00efr, dans le cadre d\u2019une relance qu\u2019il estime n\u00e9cessaire. Il a ainsi indiqu\u00e9 que \u00ab l\u2019Etat n\u2019abandonne pas ses entreprises \u00e9conomiques et \u0153uvre \u00e0 leur accompagnement pour \u00eatre une valeur ajout\u00e9e et contribuer \u00e0 la redynamisation de l\u2019\u00e9conomie nationale \u00bb.<\/p>\n\n\n\n<p>Bien que l\u2019Enie ne soit pas dans une situation aussi pr\u00e9caire que l\u2019Eniem et ce gr\u00e2ce \u00e0 la diversification de ses activit\u00e9s dans le domaine de la production de panneaux photovolta\u00efques et de produits informatiques, au-del\u00e0 de la r\u00e9putation de ses t\u00e9l\u00e9viseurs, le ministre a soulign\u00e9 la n\u00e9cessit\u00e9 pour l\u2019entreprise de s\u2019imposer de nouveau sur le march\u00e9, gr\u00e2ce \u00e0 la refonte de sa gestion, mais aussi la r\u00e9habilitation et l\u2019\u00e9largissement de son r\u00e9seau de commercialisation. Ali Aoun a expliqu\u00e9, dans une d\u00e9claration \u00e0 l\u2019APS, que \u00ab les efforts doivent \u00eatre coordonn\u00e9s entre les diff\u00e9rents cadres de gestion de l\u2019entreprise afin de la r\u00e9organiser et d\u2019assurer une gestion plus efficace de mani\u00e8re \u00e0 valoriser les activit\u00e9s de ses diff\u00e9rentes unit\u00e9s de production capables d\u2019apporter une valeur ajout\u00e9e sur le march\u00e9 alg\u00e9rien \u00bb, notant qu\u2019 \u00ab il y a une forte volont\u00e9 de la part des responsables actuels de l\u2019ENIE de la faire progresser et de renforcer sa position sur le march\u00e9 national \u00bb.<\/p>\n\n\n\n<p><strong>Vers l\u2019ouverture du capital de l\u2019Eniem<\/strong><\/p>\n\n\n\n<p>Dans ce contexte, il a insist\u00e9 sur la n\u00e9cessit\u00e9 de changer le \u00ab mod\u00e8le traditionnel de gestion \u00bb de l\u2019ENIE, avec la garantie d\u2019un \u00ab accompagnement, afin de relancer sa production, notamment en ce qui concerne la production des t\u00e9l\u00e9viseurs, de laquelle elle tire sa renomm\u00e9e, depuis sa cr\u00e9ation \u00bb, signalant l\u2019importance de \u00ab renforcer et de rouvrir les unit\u00e9s de vente commerciales de la soci\u00e9t\u00e9 \u00bb dans toutes les r\u00e9gions du pays, apr\u00e8s un arr\u00eat ces derniers temps \u00bb. M. Aoun a appel\u00e9 \u00e9galement \u00e0 \u00ab surmonter tous les obstacles auxquels fait face cette entreprise nationale, qui emploie plus de 1.200 salari\u00e9s, et \u00e0 l\u2019accompagner en vue de conclure des accords de partenariat avec diverses entreprises nationales et m\u00eame \u00e9trang\u00e8res, afin de renforcer ses capacit\u00e9s financi\u00e8res et d\u2019assurer une utilisation optimale de ses ressources humaines et mat\u00e9rielles \u00bb.&nbsp; Le ministre a donn\u00e9 des instructions strictes pour \u00e9laborer un plan de travail efficace afin d\u2019acc\u00e9der avec force sur le march\u00e9 national, et pour acc\u00e9l\u00e9rer l\u2019avancement du nouveau programme de l\u2019entreprise, notamment en ce qui concerne la production de tablettes \u00e9lectroniques, dans le cadre de la convention sign\u00e9e avec le secteur de l\u2019\u00e9ducation nationale. &nbsp;Il est utile de rappeler dans ce contexte qu\u2019un plan de relance de l\u2019Eniem Tizi-Ouzou a \u00e9t\u00e9 examin\u00e9 lundi lors d\u2019une rencontre qui a r\u00e9uni le ministre de l\u2019Industrie, le P-DG de l\u2019entreprise, des repr\u00e9sentants du Conseil des participations de l\u2019\u00c9tat, ainsi que le partenaire social. Une r\u00e9union qui a permis de mobiliser un cr\u00e9dit d\u2019exploitation pour financer l\u2019approvisionnement en intrants et relancer la production des lignes de l\u2019entreprise, en attendant l\u2019ouverture de son capital.<\/p>\n\n\n\n<p><strong>Samira Ghrib<\/strong><\/p>\n","protected":false},"excerpt":{"rendered":"<p>Le ministre de l\u2019Industrie et de la Production pharmaceutique a, une nouvelle fois, affirm\u00e9 que l\u2019\u00c9tat n\u2019abandonnera pas les entreprises<\/p>\n","protected":false},"author":3,"featured_media":44719,"comment_status":"open","ping_status":"closed","sticky":false,"template":"","format":"standard","meta":{"colormag_page_container_layout":"default_layout","colormag_page_sidebar_layout":"default_layout","om_disable_all_campaigns":false,"_monsterinsights_skip_tracking":false,"_monsterinsights_sitenote_active":false,"_monsterinsights_sitenote_note":"","_monsterinsights_sitenote_category":0,"footnotes":"","_wpscppro_dont_share_socialmedia":false,"_wpscppro_custom_social_share_image":0,"_facebook_share_type":"","_twitter_share_type":"","_linkedin_share_type":"","_pinterest_share_type":"","_linkedin_share_type_page":"","_instagram_share_type":"","_medium_share_type":"","_threads_share_type":"","_google_business_share_type":"","_selected_social_profile":[],"_wpsp_enable_custom_social_template":false,"_wpsp_social_scheduling":{"enabled":false,"datetime":null,"platforms":[],"status":"template_only","dateOption":"today","timeOption":"now","customDays":"","customHours":"","customDate":"","customTime":"","schedulingType":"absolute"},"_wpsp_active_default_template":true},"categories":[52,29],"tags":[],"class_list":["post-44718","post","type-post","status-publish","format-standard","has-post-thumbnail","hentry","category-a-la-une","category-economie"],"aioseo_notices":[],"yoast_head":"<!-- This site is optimized with the Yoast SEO plugin v27.5 - https:\/\/yoast.com\/product\/yoast-seo-wordpress\/ -->\n<title>Cap sur la relance des entreprises publiques - La Sentinelle<\/title>\n<meta name=\"robots\" content=\"index, follow, max-snippet:-1, max-image-preview:large, max-video-preview:-1\" \/>\n<link rel=\"canonical\" href=\"https:\/\/lasentinelle.dz\/index.php\/2023\/08\/16\/cap-sur-la-relance-des-entreprises-publiques\/\" \/>\n<meta property=\"og:locale\" content=\"fr_FR\" \/>\n<meta property=\"og:type\" content=\"article\" \/>\n<meta property=\"og:title\" content=\"Cap sur la relance des entreprises publiques - La Sentinelle\" \/>\n<meta property=\"og:description\" content=\"Le ministre de l\u2019Industrie et de la Production pharmaceutique a, une nouvelle fois, affirm\u00e9 que l\u2019\u00c9tat n\u2019abandonnera pas les entreprises\" \/>\n<meta property=\"og:url\" content=\"https:\/\/lasentinelle.dz\/index.php\/2023\/08\/16\/cap-sur-la-relance-des-entreprises-publiques\/\" \/>\n<meta property=\"og:site_name\" content=\"La Sentinelle\" \/>\n<meta property=\"article:publisher\" content=\"https:\/\/www.facebook.com\/La-Sentinelle-104059864394773\" \/>\n<meta property=\"article:published_time\" content=\"2023-08-16T20:46:24+00:00\" \/>\n<meta property=\"article:modified_time\" content=\"2023-08-16T20:46:26+00:00\" \/>\n<meta property=\"og:image\" content=\"https:\/\/lasentinelle.dz\/wp-content\/uploads\/2023\/08\/ENIE.jpeg\" \/>\n\t<meta property=\"og:image:width\" content=\"640\" \/>\n\t<meta property=\"og:image:height\" content=\"399\" \/>\n\t<meta property=\"og:image:type\" content=\"image\/jpeg\" \/>\n<meta name=\"author\" content=\"La Sentinelle\" \/>\n<meta name=\"twitter:card\" content=\"summary_large_image\" \/>\n<meta name=\"twitter:label1\" content=\"\u00c9crit par\" \/>\n\t<meta name=\"twitter:data1\" content=\"La Sentinelle\" \/>\n\t<meta name=\"twitter:label2\" content=\"Dur\u00e9e de lecture estim\u00e9e\" \/>\n\t<meta name=\"twitter:data2\" content=\"4 minutes\" \/>\n<script type=\"application\/ld+json\" class=\"yoast-schema-graph\">{\"@context\":\"https:\\\/\\\/schema.org\",\"@graph\":[{\"@type\":\"Article\",\"@id\":\"https:\\\/\\\/lasentinelle.dz\\\/index.php\\\/2023\\\/08\\\/16\\\/cap-sur-la-relance-des-entreprises-publiques\\\/#article\",\"isPartOf\":{\"@id\":\"https:\\\/\\\/lasentinelle.dz\\\/index.php\\\/2023\\\/08\\\/16\\\/cap-sur-la-relance-des-entreprises-publiques\\\/\"},\"author\":{\"name\":\"La Sentinelle\",\"@id\":\"https:\\\/\\\/lasentinelle.dz\\\/#\\\/schema\\\/person\\\/d865044e22e70a75174ce8bcad3acfb3\"},\"headline\":\"Cap sur la relance des entreprises publiques\",\"datePublished\":\"2023-08-16T20:46:24+00:00\",\"dateModified\":\"2023-08-16T20:46:26+00:00\",\"mainEntityOfPage\":{\"@id\":\"https:\\\/\\\/lasentinelle.dz\\\/index.php\\\/2023\\\/08\\\/16\\\/cap-sur-la-relance-des-entreprises-publiques\\\/\"},\"wordCount\":877,\"commentCount\":0,\"publisher\":{\"@id\":\"https:\\\/\\\/lasentinelle.dz\\\/#organization\"},\"image\":{\"@id\":\"https:\\\/\\\/lasentinelle.dz\\\/index.php\\\/2023\\\/08\\\/16\\\/cap-sur-la-relance-des-entreprises-publiques\\\/#primaryimage\"},\"thumbnailUrl\":\"https:\\\/\\\/lasentinelle.dz\\\/wp-content\\\/uploads\\\/2023\\\/08\\\/ENIE.jpeg\",\"articleSection\":[\"\u00c0 la Une\",\"\u00c9conomie\"],\"inLanguage\":\"fr-FR\",\"potentialAction\":[{\"@type\":\"CommentAction\",\"name\":\"Comment\",\"target\":[\"https:\\\/\\\/lasentinelle.dz\\\/index.php\\\/2023\\\/08\\\/16\\\/cap-sur-la-relance-des-entreprises-publiques\\\/#respond\"]}]},{\"@type\":\"WebPage\",\"@id\":\"https:\\\/\\\/lasentinelle.dz\\\/index.php\\\/2023\\\/08\\\/16\\\/cap-sur-la-relance-des-entreprises-publiques\\\/\",\"url\":\"https:\\\/\\\/lasentinelle.dz\\\/index.php\\\/2023\\\/08\\\/16\\\/cap-sur-la-relance-des-entreprises-publiques\\\/\",\"name\":\"Cap sur la relance des entreprises publiques - La Sentinelle\",\"isPartOf\":{\"@id\":\"https:\\\/\\\/lasentinelle.dz\\\/#website\"},\"primaryImageOfPage\":{\"@id\":\"https:\\\/\\\/lasentinelle.dz\\\/index.php\\\/2023\\\/08\\\/16\\\/cap-sur-la-relance-des-entreprises-publiques\\\/#primaryimage\"},\"image\":{\"@id\":\"https:\\\/\\\/lasentinelle.dz\\\/index.php\\\/2023\\\/08\\\/16\\\/cap-sur-la-relance-des-entreprises-publiques\\\/#primaryimage\"},\"thumbnailUrl\":\"https:\\\/\\\/lasentinelle.dz\\\/wp-content\\\/uploads\\\/2023\\\/08\\\/ENIE.jpeg\",\"datePublished\":\"2023-08-16T20:46:24+00:00\",\"dateModified\":\"2023-08-16T20:46:26+00:00\",\"breadcrumb\":{\"@id\":\"https:\\\/\\\/lasentinelle.dz\\\/index.php\\\/2023\\\/08\\\/16\\\/cap-sur-la-relance-des-entreprises-publiques\\\/#breadcrumb\"},\"inLanguage\":\"fr-FR\",\"potentialAction\":[{\"@type\":\"ReadAction\",\"target\":[\"https:\\\/\\\/lasentinelle.dz\\\/index.php\\\/2023\\\/08\\\/16\\\/cap-sur-la-relance-des-entreprises-publiques\\\/\"]}]},{\"@type\":\"ImageObject\",\"inLanguage\":\"fr-FR\",\"@id\":\"https:\\\/\\\/lasentinelle.dz\\\/index.php\\\/2023\\\/08\\\/16\\\/cap-sur-la-relance-des-entreprises-publiques\\\/#primaryimage\",\"url\":\"https:\\\/\\\/lasentinelle.dz\\\/wp-content\\\/uploads\\\/2023\\\/08\\\/ENIE.jpeg\",\"contentUrl\":\"https:\\\/\\\/lasentinelle.dz\\\/wp-content\\\/uploads\\\/2023\\\/08\\\/ENIE.jpeg\",\"width\":640,\"height\":399},{\"@type\":\"BreadcrumbList\",\"@id\":\"https:\\\/\\\/lasentinelle.dz\\\/index.php\\\/2023\\\/08\\\/16\\\/cap-sur-la-relance-des-entreprises-publiques\\\/#breadcrumb\",\"itemListElement\":[{\"@type\":\"ListItem\",\"position\":1,\"name\":\"Accueil\",\"item\":\"https:\\\/\\\/lasentinelle.dz\\\/\"},{\"@type\":\"ListItem\",\"position\":2,\"name\":\"Cap sur la relance des entreprises publiques\"}]},{\"@type\":\"WebSite\",\"@id\":\"https:\\\/\\\/lasentinelle.dz\\\/#website\",\"url\":\"https:\\\/\\\/lasentinelle.dz\\\/\",\"name\":\"La Sentinelle\",\"description\":\"Quotidien national d&#039;information\",\"publisher\":{\"@id\":\"https:\\\/\\\/lasentinelle.dz\\\/#organization\"},\"potentialAction\":[{\"@type\":\"SearchAction\",\"target\":{\"@type\":\"EntryPoint\",\"urlTemplate\":\"https:\\\/\\\/lasentinelle.dz\\\/?s={search_term_string}\"},\"query-input\":{\"@type\":\"PropertyValueSpecification\",\"valueRequired\":true,\"valueName\":\"search_term_string\"}}],\"inLanguage\":\"fr-FR\"},{\"@type\":\"Organization\",\"@id\":\"https:\\\/\\\/lasentinelle.dz\\\/#organization\",\"name\":\"Quotidien La Sentinelle\",\"url\":\"https:\\\/\\\/lasentinelle.dz\\\/\",\"logo\":{\"@type\":\"ImageObject\",\"inLanguage\":\"fr-FR\",\"@id\":\"https:\\\/\\\/lasentinelle.dz\\\/#\\\/schema\\\/logo\\\/image\\\/\",\"url\":\"https:\\\/\\\/lasentinelle.dz\\\/wp-content\\\/uploads\\\/2021\\\/09\\\/logo-sentinelleSLOGAN-1.png\",\"contentUrl\":\"https:\\\/\\\/lasentinelle.dz\\\/wp-content\\\/uploads\\\/2021\\\/09\\\/logo-sentinelleSLOGAN-1.png\",\"width\":615,\"height\":142,\"caption\":\"Quotidien La Sentinelle\"},\"image\":{\"@id\":\"https:\\\/\\\/lasentinelle.dz\\\/#\\\/schema\\\/logo\\\/image\\\/\"},\"sameAs\":[\"https:\\\/\\\/www.facebook.com\\\/La-Sentinelle-104059864394773\"]},{\"@type\":\"Person\",\"@id\":\"https:\\\/\\\/lasentinelle.dz\\\/#\\\/schema\\\/person\\\/d865044e22e70a75174ce8bcad3acfb3\",\"name\":\"La Sentinelle\",\"image\":{\"@type\":\"ImageObject\",\"inLanguage\":\"fr-FR\",\"@id\":\"https:\\\/\\\/secure.gravatar.com\\\/avatar\\\/57de8e5d4b15d43fb361a71fbb36338450fe67865b528a43dd10ef7c51a20392?s=96&d=mm&r=g\",\"url\":\"https:\\\/\\\/secure.gravatar.com\\\/avatar\\\/57de8e5d4b15d43fb361a71fbb36338450fe67865b528a43dd10ef7c51a20392?s=96&d=mm&r=g\",\"contentUrl\":\"https:\\\/\\\/secure.gravatar.com\\\/avatar\\\/57de8e5d4b15d43fb361a71fbb36338450fe67865b528a43dd10ef7c51a20392?s=96&d=mm&r=g\",\"caption\":\"La Sentinelle\"},\"sameAs\":[\"http:\\\/\\\/www.lasentinelle.dz\"],\"url\":\"https:\\\/\\\/lasentinelle.dz\\\/author\\\/redaction\\\/\"}]}<\/script>\n<!-- \/ Yoast SEO plugin. -->","yoast_head_json":{"title":"Cap sur la relance des entreprises publiques - La Sentinelle","robots":{"index":"index","follow":"follow","max-snippet":"max-snippet:-1","max-image-preview":"max-image-preview:large","max-video-preview":"max-video-preview:-1"},"canonical":"https:\/\/lasentinelle.dz\/index.php\/2023\/08\/16\/cap-sur-la-relance-des-entreprises-publiques\/","og_locale":"fr_FR","og_type":"article","og_title":"Cap sur la relance des entreprises publiques - La Sentinelle","og_description":"Le ministre de l\u2019Industrie et de la Production pharmaceutique a, une nouvelle fois, affirm\u00e9 que l\u2019\u00c9tat n\u2019abandonnera pas les entreprises","og_url":"https:\/\/lasentinelle.dz\/index.php\/2023\/08\/16\/cap-sur-la-relance-des-entreprises-publiques\/","og_site_name":"La Sentinelle","article_publisher":"https:\/\/www.facebook.com\/La-Sentinelle-104059864394773","article_published_time":"2023-08-16T20:46:24+00:00","article_modified_time":"2023-08-16T20:46:26+00:00","og_image":[{"width":640,"height":399,"url":"https:\/\/lasentinelle.dz\/wp-content\/uploads\/2023\/08\/ENIE.jpeg","type":"image\/jpeg"}],"author":"La Sentinelle","twitter_card":"summary_large_image","twitter_misc":{"\u00c9crit par":"La Sentinelle","Dur\u00e9e de lecture estim\u00e9e":"4 minutes"},"schema":{"@context":"https:\/\/schema.org","@graph":[{"@type":"Article","@id":"https:\/\/lasentinelle.dz\/index.php\/2023\/08\/16\/cap-sur-la-relance-des-entreprises-publiques\/#article","isPartOf":{"@id":"https:\/\/lasentinelle.dz\/index.php\/2023\/08\/16\/cap-sur-la-relance-des-entreprises-publiques\/"},"author":{"name":"La Sentinelle","@id":"https:\/\/lasentinelle.dz\/#\/schema\/person\/d865044e22e70a75174ce8bcad3acfb3"},"headline":"Cap sur la relance des entreprises publiques","datePublished":"2023-08-16T20:46:24+00:00","dateModified":"2023-08-16T20:46:26+00:00","mainEntityOfPage":{"@id":"https:\/\/lasentinelle.dz\/index.php\/2023\/08\/16\/cap-sur-la-relance-des-entreprises-publiques\/"},"wordCount":877,"commentCount":0,"publisher":{"@id":"https:\/\/lasentinelle.dz\/#organization"},"image":{"@id":"https:\/\/lasentinelle.dz\/index.php\/2023\/08\/16\/cap-sur-la-relance-des-entreprises-publiques\/#primaryimage"},"thumbnailUrl":"https:\/\/lasentinelle.dz\/wp-content\/uploads\/2023\/08\/ENIE.jpeg","articleSection":["\u00c0 la Une","\u00c9conomie"],"inLanguage":"fr-FR","potentialAction":[{"@type":"CommentAction","name":"Comment","target":["https:\/\/lasentinelle.dz\/index.php\/2023\/08\/16\/cap-sur-la-relance-des-entreprises-publiques\/#respond"]}]},{"@type":"WebPage","@id":"https:\/\/lasentinelle.dz\/index.php\/2023\/08\/16\/cap-sur-la-relance-des-entreprises-publiques\/","url":"https:\/\/lasentinelle.dz\/index.php\/2023\/08\/16\/cap-sur-la-relance-des-entreprises-publiques\/","name":"Cap sur la relance des entreprises publiques - La Sentinelle","isPartOf":{"@id":"https:\/\/lasentinelle.dz\/#website"},"primaryImageOfPage":{"@id":"https:\/\/lasentinelle.dz\/index.php\/2023\/08\/16\/cap-sur-la-relance-des-entreprises-publiques\/#primaryimage"},"image":{"@id":"https:\/\/lasentinelle.dz\/index.php\/2023\/08\/16\/cap-sur-la-relance-des-entreprises-publiques\/#primaryimage"},"thumbnailUrl":"https:\/\/lasentinelle.dz\/wp-content\/uploads\/2023\/08\/ENIE.jpeg","datePublished":"2023-08-16T20:46:24+00:00","dateModified":"2023-08-16T20:46:26+00:00","breadcrumb":{"@id":"https:\/\/lasentinelle.dz\/index.php\/2023\/08\/16\/cap-sur-la-relance-des-entreprises-publiques\/#breadcrumb"},"inLanguage":"fr-FR","potentialAction":[{"@type":"ReadAction","target":["https:\/\/lasentinelle.dz\/index.php\/2023\/08\/16\/cap-sur-la-relance-des-entreprises-publiques\/"]}]},{"@type":"ImageObject","inLanguage":"fr-FR","@id":"https:\/\/lasentinelle.dz\/index.php\/2023\/08\/16\/cap-sur-la-relance-des-entreprises-publiques\/#primaryimage","url":"https:\/\/lasentinelle.dz\/wp-content\/uploads\/2023\/08\/ENIE.jpeg","contentUrl":"https:\/\/lasentinelle.dz\/wp-content\/uploads\/2023\/08\/ENIE.jpeg","width":640,"height":399},{"@type":"BreadcrumbList","@id":"https:\/\/lasentinelle.dz\/index.php\/2023\/08\/16\/cap-sur-la-relance-des-entreprises-publiques\/#breadcrumb","itemListElement":[{"@type":"ListItem","position":1,"name":"Accueil","item":"https:\/\/lasentinelle.dz\/"},{"@type":"ListItem","position":2,"name":"Cap sur la relance des entreprises publiques"}]},{"@type":"WebSite","@id":"https:\/\/lasentinelle.dz\/#website","url":"https:\/\/lasentinelle.dz\/","name":"La Sentinelle","description":"Quotidien national d&#039;information","publisher":{"@id":"https:\/\/lasentinelle.dz\/#organization"},"potentialAction":[{"@type":"SearchAction","target":{"@type":"EntryPoint","urlTemplate":"https:\/\/lasentinelle.dz\/?s={search_term_string}"},"query-input":{"@type":"PropertyValueSpecification","valueRequired":true,"valueName":"search_term_string"}}],"inLanguage":"fr-FR"},{"@type":"Organization","@id":"https:\/\/lasentinelle.dz\/#organization","name":"Quotidien La Sentinelle","url":"https:\/\/lasentinelle.dz\/","logo":{"@type":"ImageObject","inLanguage":"fr-FR","@id":"https:\/\/lasentinelle.dz\/#\/schema\/logo\/image\/","url":"https:\/\/lasentinelle.dz\/wp-content\/uploads\/2021\/09\/logo-sentinelleSLOGAN-1.png","contentUrl":"https:\/\/lasentinelle.dz\/wp-content\/uploads\/2021\/09\/logo-sentinelleSLOGAN-1.png","width":615,"height":142,"caption":"Quotidien La Sentinelle"},"image":{"@id":"https:\/\/lasentinelle.dz\/#\/schema\/logo\/image\/"},"sameAs":["https:\/\/www.facebook.com\/La-Sentinelle-104059864394773"]},{"@type":"Person","@id":"https:\/\/lasentinelle.dz\/#\/schema\/person\/d865044e22e70a75174ce8bcad3acfb3","name":"La Sentinelle","image":{"@type":"ImageObject","inLanguage":"fr-FR","@id":"https:\/\/secure.gravatar.com\/avatar\/57de8e5d4b15d43fb361a71fbb36338450fe67865b528a43dd10ef7c51a20392?s=96&d=mm&r=g","url":"https:\/\/secure.gravatar.com\/avatar\/57de8e5d4b15d43fb361a71fbb36338450fe67865b528a43dd10ef7c51a20392?s=96&d=mm&r=g","contentUrl":"https:\/\/secure.gravatar.com\/avatar\/57de8e5d4b15d43fb361a71fbb36338450fe67865b528a43dd10ef7c51a20392?s=96&d=mm&r=g","caption":"La Sentinelle"},"sameAs":["http:\/\/www.lasentinelle.dz"],"url":"https:\/\/lasentinelle.dz\/author\/redaction\/"}]}},"_links":{"self":[{"href":"https:\/\/lasentinelle.dz\/index.php\/wp-json\/wp\/v2\/posts\/44718","targetHints":{"allow":["GET"]}}],"collection":[{"href":"https:\/\/lasentinelle.dz\/index.php\/wp-json\/wp\/v2\/posts"}],"about":[{"href":"https:\/\/lasentinelle.dz\/index.php\/wp-json\/wp\/v2\/types\/post"}],"author":[{"embeddable":true,"href":"https:\/\/lasentinelle.dz\/index.php\/wp-json\/wp\/v2\/users\/3"}],"replies":[{"embeddable":true,"href":"https:\/\/lasentinelle.dz\/index.php\/wp-json\/wp\/v2\/comments?post=44718"}],"version-history":[{"count":1,"href":"https:\/\/lasentinelle.dz\/index.php\/wp-json\/wp\/v2\/posts\/44718\/revisions"}],"predecessor-version":[{"id":44720,"href":"https:\/\/lasentinelle.dz\/index.php\/wp-json\/wp\/v2\/posts\/44718\/revisions\/44720"}],"wp:featuredmedia":[{"embeddable":true,"href":"https:\/\/lasentinelle.dz\/index.php\/wp-json\/wp\/v2\/media\/44719"}],"wp:attachment":[{"href":"https:\/\/lasentinelle.dz\/index.php\/wp-json\/wp\/v2\/media?parent=44718"}],"wp:term":[{"taxonomy":"category","embeddable":true,"href":"https:\/\/lasentinelle.dz\/index.php\/wp-json\/wp\/v2\/categories?post=44718"},{"taxonomy":"post_tag","embeddable":true,"href":"https:\/\/lasentinelle.dz\/index.php\/wp-json\/wp\/v2\/tags?post=44718"}],"curies":[{"name":"wp","href":"https:\/\/api.w.org\/{rel}","templated":true}]}}