{"id":4473,"date":"2021-08-16T23:50:00","date_gmt":"2021-08-16T22:50:00","guid":{"rendered":"https:\/\/lasentinelle.dz\/?p=4473"},"modified":"2021-08-17T14:54:05","modified_gmt":"2021-08-17T13:54:05","slug":"bilan-provisoire-des-incendies-a-bejaia-plus-de-4-000-hectares-ravages","status":"publish","type":"post","link":"https:\/\/lasentinelle.dz\/index.php\/2021\/08\/16\/bilan-provisoire-des-incendies-a-bejaia-plus-de-4-000-hectares-ravages\/","title":{"rendered":"Bilan provisoire des incendies \u00e0 B\u00e9ja\u00efa : Plus de 4.000 hectares ravag\u00e9s"},"content":{"rendered":"\n<p>Pas moins de 4.160 hectares ont \u00e9t\u00e9 ravag\u00e9 \u00e0 B\u00e9ja\u00efa, selon un bilan provisoire publi\u00e9 par la cellule de communication de la Protection civile laquelle fait partde foyerstoujours en activit\u00e9 dans les r\u00e9gions de Souk El Tenine, Adekar et Barbacha et Darguina ainsi que Boukhlifa.&nbsp; La m\u00eame source indique toutefois que \u00ab ces foyers ne sont pas tr\u00e8s importants car ils ne d\u00e9passent pas une superficie d\u2019un hectare \u00bb.<\/p>\n\n\n\n<p>Les services de la CRMAen coordination avec les services agricoles de B\u00e9ja\u00efa, commencent \u00e0 recueillir des informations quant aux pertes subies par les agriculteurs et les \u00e9leveurs.Les pertes en diff\u00e9rents arbres fruitiers, notamment l\u2019olivier, se chiffrent en milliers \u00e0 travers toute la r\u00e9gion, en plus des figuiers et diff\u00e9rentes esp\u00e8ces comme le ch\u00eane li\u00e8ge, le carroubier, le pin maritime en plus de centaines de ruches et de poulaillers.Cinq personnes ont p\u00e9ri dans ces incendies, dont quatre d\u2019une m\u00eame famille du c\u00f4t\u00e9 d\u2019Ait Sidi Ali et un autre dans la r\u00e9gion d\u2019Aokas.Selon des t\u00e9moignages que nous avons recueillis aupr\u00e8s de personnes \u00e2g\u00e9es, jamais ils n\u2019avaient v\u00e9cu des incendies de cette ampleur, d\u00e9plorant tout de m\u00eame l\u2019absence d\u2019entretien des champs et des espaces situ\u00e9s \u00e0 la lisi\u00e8re des for\u00eats.<\/p>\n\n\n\n<p>\u00ab Je suis \u00e2g\u00e9 de quatre vingt-six ans.De ma vie je n\u2019ai vu d\u2019aussi gigantesques feux, ravageant tout sur leur passage \u00bb, nous a d\u00e9clar\u00e9 El Hadj El Hachemi, indiquant que lorsq\u2019il \u00e9tait jeune, les habitants des villages proc\u00e9daient avant l\u2019arriv\u00e9e des grandes chaleurs \u00e0 des nettoyages et \u00e0 des op\u00e9rations de d\u00e9sherbages \u00e0 travers leurs champs et les espaces situ\u00e9s aux alentours des massifs forestiers, ce qui limite selon lui, l\u2019ampleur des incendies.<\/p>\n\n\n\n<p>Une tradition qui n\u2019existe pratiquement plus dans les villages en Kabylie ou ailleurs, malgr\u00e9 les campagnes de sensibilisations appelant \u00e0 des op\u00e9rations de nettoyages et de d\u00e9sherbages pour \u00e9viter les grands incendies.<\/p>\n\n\n\n<p>A ces n\u00e9gligences devenues depuis plusieurs ann\u00e9es monnaie courante, se greffe le probl\u00e8me des d\u00e9charges sauvages que l\u2019on voit partout.Les images parlent, en effet, d\u2019elles m\u00eames.Il n\u2019existe pratiquement plus un espace forestier entretenu et qui n\u2019est pas envahi de toutes sortes de d\u00e9tritus, allant du verre jusqu\u2019au plastic et autres produits pouvant \u00eatre \u00e0 l\u2019origine de d\u00e9parts de feux.<\/p>\n\n\n\n<p>On ne sait pas encore si la le\u00e7on de ces incendies sera oui ou non retenue mais une chose est certaine, comme l\u2019ont affirm\u00e9 des \u00e9l\u00e9ments de la Protection civile, tous ces d\u00e9tails, allant d\u2019une simple op\u00e9ration de d\u00e9sherbage jusqu\u2019\u00e0 celles qui consistent \u00e0 \u00e9liminer les d\u00e9charges sauvages \u00e0 travers les for\u00eats, sont des gestes qui peuvent r\u00e9duire l\u2019ampleur des incendies fussent-ils d\u2019origine criminelles.<\/p>\n\n\n\n<p>B. Amrani<\/p>\n","protected":false},"excerpt":{"rendered":"<p>Pas moins de 4.160 hectares ont \u00e9t\u00e9 ravag\u00e9 \u00e0 B\u00e9ja\u00efa, selon un bilan provisoire publi\u00e9 par la cellule de communication<\/p>\n","protected":false},"author":3,"featured_media":4055,"comment_status":"open","ping_status":"closed","sticky":false,"template":"","format":"standard","meta":{"colormag_page_container_layout":"default_layout","colormag_page_sidebar_layout":"default_layout","om_disable_all_campaigns":false,"_monsterinsights_skip_tracking":false,"_monsterinsights_sitenote_active":false,"_monsterinsights_sitenote_note":"","_monsterinsights_sitenote_category":0,"footnotes":"","_wpscppro_dont_share_socialmedia":false,"_wpscppro_custom_social_share_image":0,"_facebook_share_type":"","_twitter_share_type":"","_linkedin_share_type":"","_pinterest_share_type":"","_linkedin_share_type_page":"","_instagram_share_type":"","_medium_share_type":"","_threads_share_type":"","_google_business_share_type":"","_selected_social_profile":[],"_wpsp_enable_custom_social_template":false,"_wpsp_social_scheduling":{"enabled":false,"datetime":null,"platforms":[],"status":"template_only","dateOption":"today","timeOption":"now","customDays":"","customHours":"","customDate":"","customTime":"","schedulingType":"absolute"},"_wpsp_active_default_template":true},"categories":[27],"tags":[],"class_list":["post-4473","post","type-post","status-publish","format-standard","has-post-thumbnail","hentry","category-actualite"],"aioseo_notices":[],"yoast_head":"<!-- This site is optimized with the Yoast SEO plugin v27.5 - https:\/\/yoast.com\/product\/yoast-seo-wordpress\/ -->\n<title>Bilan provisoire des incendies \u00e0 B\u00e9ja\u00efa : Plus de 4.000 hectares ravag\u00e9s - La Sentinelle<\/title>\n<meta name=\"robots\" content=\"index, follow, max-snippet:-1, max-image-preview:large, max-video-preview:-1\" \/>\n<link rel=\"canonical\" href=\"https:\/\/lasentinelle.dz\/index.php\/2021\/08\/16\/bilan-provisoire-des-incendies-a-bejaia-plus-de-4-000-hectares-ravages\/\" \/>\n<meta property=\"og:locale\" content=\"fr_FR\" \/>\n<meta property=\"og:type\" content=\"article\" \/>\n<meta property=\"og:title\" content=\"Bilan provisoire des incendies \u00e0 B\u00e9ja\u00efa : Plus de 4.000 hectares ravag\u00e9s - La Sentinelle\" \/>\n<meta property=\"og:description\" content=\"Pas moins de 4.160 hectares ont \u00e9t\u00e9 ravag\u00e9 \u00e0 B\u00e9ja\u00efa, selon un bilan provisoire publi\u00e9 par la cellule de communication\" \/>\n<meta property=\"og:url\" content=\"https:\/\/lasentinelle.dz\/index.php\/2021\/08\/16\/bilan-provisoire-des-incendies-a-bejaia-plus-de-4-000-hectares-ravages\/\" \/>\n<meta property=\"og:site_name\" content=\"La Sentinelle\" \/>\n<meta property=\"article:publisher\" content=\"https:\/\/www.facebook.com\/La-Sentinelle-104059864394773\" \/>\n<meta property=\"article:published_time\" content=\"2021-08-16T22:50:00+00:00\" \/>\n<meta property=\"article:modified_time\" content=\"2021-08-17T13:54:05+00:00\" \/>\n<meta property=\"og:image\" content=\"https:\/\/lasentinelle.dz\/wp-content\/uploads\/2021\/08\/benivol.png\" \/>\n\t<meta property=\"og:image:width\" content=\"506\" \/>\n\t<meta property=\"og:image:height\" content=\"900\" \/>\n\t<meta property=\"og:image:type\" content=\"image\/png\" \/>\n<meta name=\"author\" content=\"La Sentinelle\" \/>\n<meta name=\"twitter:card\" content=\"summary_large_image\" \/>\n<meta name=\"twitter:label1\" content=\"\u00c9crit par\" \/>\n\t<meta name=\"twitter:data1\" content=\"La Sentinelle\" \/>\n\t<meta name=\"twitter:label2\" content=\"Dur\u00e9e de lecture estim\u00e9e\" \/>\n\t<meta name=\"twitter:data2\" content=\"2 minutes\" \/>\n<script type=\"application\/ld+json\" class=\"yoast-schema-graph\">{\"@context\":\"https:\\\/\\\/schema.org\",\"@graph\":[{\"@type\":\"Article\",\"@id\":\"https:\\\/\\\/lasentinelle.dz\\\/index.php\\\/2021\\\/08\\\/16\\\/bilan-provisoire-des-incendies-a-bejaia-plus-de-4-000-hectares-ravages\\\/#article\",\"isPartOf\":{\"@id\":\"https:\\\/\\\/lasentinelle.dz\\\/index.php\\\/2021\\\/08\\\/16\\\/bilan-provisoire-des-incendies-a-bejaia-plus-de-4-000-hectares-ravages\\\/\"},\"author\":{\"name\":\"La Sentinelle\",\"@id\":\"https:\\\/\\\/lasentinelle.dz\\\/#\\\/schema\\\/person\\\/d865044e22e70a75174ce8bcad3acfb3\"},\"headline\":\"Bilan provisoire des incendies \u00e0 B\u00e9ja\u00efa : Plus de 4.000 hectares ravag\u00e9s\",\"datePublished\":\"2021-08-16T22:50:00+00:00\",\"dateModified\":\"2021-08-17T13:54:05+00:00\",\"mainEntityOfPage\":{\"@id\":\"https:\\\/\\\/lasentinelle.dz\\\/index.php\\\/2021\\\/08\\\/16\\\/bilan-provisoire-des-incendies-a-bejaia-plus-de-4-000-hectares-ravages\\\/\"},\"wordCount\":504,\"commentCount\":0,\"publisher\":{\"@id\":\"https:\\\/\\\/lasentinelle.dz\\\/#organization\"},\"image\":{\"@id\":\"https:\\\/\\\/lasentinelle.dz\\\/index.php\\\/2021\\\/08\\\/16\\\/bilan-provisoire-des-incendies-a-bejaia-plus-de-4-000-hectares-ravages\\\/#primaryimage\"},\"thumbnailUrl\":\"https:\\\/\\\/lasentinelle.dz\\\/wp-content\\\/uploads\\\/2021\\\/08\\\/benivol.png\",\"articleSection\":[\"Actualit\u00e9\"],\"inLanguage\":\"fr-FR\",\"potentialAction\":[{\"@type\":\"CommentAction\",\"name\":\"Comment\",\"target\":[\"https:\\\/\\\/lasentinelle.dz\\\/index.php\\\/2021\\\/08\\\/16\\\/bilan-provisoire-des-incendies-a-bejaia-plus-de-4-000-hectares-ravages\\\/#respond\"]}]},{\"@type\":\"WebPage\",\"@id\":\"https:\\\/\\\/lasentinelle.dz\\\/index.php\\\/2021\\\/08\\\/16\\\/bilan-provisoire-des-incendies-a-bejaia-plus-de-4-000-hectares-ravages\\\/\",\"url\":\"https:\\\/\\\/lasentinelle.dz\\\/index.php\\\/2021\\\/08\\\/16\\\/bilan-provisoire-des-incendies-a-bejaia-plus-de-4-000-hectares-ravages\\\/\",\"name\":\"Bilan provisoire des incendies \u00e0 B\u00e9ja\u00efa : Plus de 4.000 hectares ravag\u00e9s - La Sentinelle\",\"isPartOf\":{\"@id\":\"https:\\\/\\\/lasentinelle.dz\\\/#website\"},\"primaryImageOfPage\":{\"@id\":\"https:\\\/\\\/lasentinelle.dz\\\/index.php\\\/2021\\\/08\\\/16\\\/bilan-provisoire-des-incendies-a-bejaia-plus-de-4-000-hectares-ravages\\\/#primaryimage\"},\"image\":{\"@id\":\"https:\\\/\\\/lasentinelle.dz\\\/index.php\\\/2021\\\/08\\\/16\\\/bilan-provisoire-des-incendies-a-bejaia-plus-de-4-000-hectares-ravages\\\/#primaryimage\"},\"thumbnailUrl\":\"https:\\\/\\\/lasentinelle.dz\\\/wp-content\\\/uploads\\\/2021\\\/08\\\/benivol.png\",\"datePublished\":\"2021-08-16T22:50:00+00:00\",\"dateModified\":\"2021-08-17T13:54:05+00:00\",\"breadcrumb\":{\"@id\":\"https:\\\/\\\/lasentinelle.dz\\\/index.php\\\/2021\\\/08\\\/16\\\/bilan-provisoire-des-incendies-a-bejaia-plus-de-4-000-hectares-ravages\\\/#breadcrumb\"},\"inLanguage\":\"fr-FR\",\"potentialAction\":[{\"@type\":\"ReadAction\",\"target\":[\"https:\\\/\\\/lasentinelle.dz\\\/index.php\\\/2021\\\/08\\\/16\\\/bilan-provisoire-des-incendies-a-bejaia-plus-de-4-000-hectares-ravages\\\/\"]}]},{\"@type\":\"ImageObject\",\"inLanguage\":\"fr-FR\",\"@id\":\"https:\\\/\\\/lasentinelle.dz\\\/index.php\\\/2021\\\/08\\\/16\\\/bilan-provisoire-des-incendies-a-bejaia-plus-de-4-000-hectares-ravages\\\/#primaryimage\",\"url\":\"https:\\\/\\\/lasentinelle.dz\\\/wp-content\\\/uploads\\\/2021\\\/08\\\/benivol.png\",\"contentUrl\":\"https:\\\/\\\/lasentinelle.dz\\\/wp-content\\\/uploads\\\/2021\\\/08\\\/benivol.png\",\"width\":506,\"height\":900},{\"@type\":\"BreadcrumbList\",\"@id\":\"https:\\\/\\\/lasentinelle.dz\\\/index.php\\\/2021\\\/08\\\/16\\\/bilan-provisoire-des-incendies-a-bejaia-plus-de-4-000-hectares-ravages\\\/#breadcrumb\",\"itemListElement\":[{\"@type\":\"ListItem\",\"position\":1,\"name\":\"Accueil\",\"item\":\"https:\\\/\\\/lasentinelle.dz\\\/\"},{\"@type\":\"ListItem\",\"position\":2,\"name\":\"Bilan provisoire des incendies \u00e0 B\u00e9ja\u00efa : Plus de 4.000 hectares ravag\u00e9s\"}]},{\"@type\":\"WebSite\",\"@id\":\"https:\\\/\\\/lasentinelle.dz\\\/#website\",\"url\":\"https:\\\/\\\/lasentinelle.dz\\\/\",\"name\":\"La Sentinelle\",\"description\":\"Quotidien national d&#039;information\",\"publisher\":{\"@id\":\"https:\\\/\\\/lasentinelle.dz\\\/#organization\"},\"potentialAction\":[{\"@type\":\"SearchAction\",\"target\":{\"@type\":\"EntryPoint\",\"urlTemplate\":\"https:\\\/\\\/lasentinelle.dz\\\/?s={search_term_string}\"},\"query-input\":{\"@type\":\"PropertyValueSpecification\",\"valueRequired\":true,\"valueName\":\"search_term_string\"}}],\"inLanguage\":\"fr-FR\"},{\"@type\":\"Organization\",\"@id\":\"https:\\\/\\\/lasentinelle.dz\\\/#organization\",\"name\":\"Quotidien La Sentinelle\",\"url\":\"https:\\\/\\\/lasentinelle.dz\\\/\",\"logo\":{\"@type\":\"ImageObject\",\"inLanguage\":\"fr-FR\",\"@id\":\"https:\\\/\\\/lasentinelle.dz\\\/#\\\/schema\\\/logo\\\/image\\\/\",\"url\":\"https:\\\/\\\/lasentinelle.dz\\\/wp-content\\\/uploads\\\/2021\\\/09\\\/logo-sentinelleSLOGAN-1.png\",\"contentUrl\":\"https:\\\/\\\/lasentinelle.dz\\\/wp-content\\\/uploads\\\/2021\\\/09\\\/logo-sentinelleSLOGAN-1.png\",\"width\":615,\"height\":142,\"caption\":\"Quotidien La Sentinelle\"},\"image\":{\"@id\":\"https:\\\/\\\/lasentinelle.dz\\\/#\\\/schema\\\/logo\\\/image\\\/\"},\"sameAs\":[\"https:\\\/\\\/www.facebook.com\\\/La-Sentinelle-104059864394773\"]},{\"@type\":\"Person\",\"@id\":\"https:\\\/\\\/lasentinelle.dz\\\/#\\\/schema\\\/person\\\/d865044e22e70a75174ce8bcad3acfb3\",\"name\":\"La Sentinelle\",\"image\":{\"@type\":\"ImageObject\",\"inLanguage\":\"fr-FR\",\"@id\":\"https:\\\/\\\/secure.gravatar.com\\\/avatar\\\/57de8e5d4b15d43fb361a71fbb36338450fe67865b528a43dd10ef7c51a20392?s=96&d=mm&r=g\",\"url\":\"https:\\\/\\\/secure.gravatar.com\\\/avatar\\\/57de8e5d4b15d43fb361a71fbb36338450fe67865b528a43dd10ef7c51a20392?s=96&d=mm&r=g\",\"contentUrl\":\"https:\\\/\\\/secure.gravatar.com\\\/avatar\\\/57de8e5d4b15d43fb361a71fbb36338450fe67865b528a43dd10ef7c51a20392?s=96&d=mm&r=g\",\"caption\":\"La Sentinelle\"},\"sameAs\":[\"http:\\\/\\\/www.lasentinelle.dz\"],\"url\":\"https:\\\/\\\/lasentinelle.dz\\\/author\\\/redaction\\\/\"}]}<\/script>\n<!-- \/ Yoast SEO plugin. -->","yoast_head_json":{"title":"Bilan provisoire des incendies \u00e0 B\u00e9ja\u00efa : Plus de 4.000 hectares ravag\u00e9s - La Sentinelle","robots":{"index":"index","follow":"follow","max-snippet":"max-snippet:-1","max-image-preview":"max-image-preview:large","max-video-preview":"max-video-preview:-1"},"canonical":"https:\/\/lasentinelle.dz\/index.php\/2021\/08\/16\/bilan-provisoire-des-incendies-a-bejaia-plus-de-4-000-hectares-ravages\/","og_locale":"fr_FR","og_type":"article","og_title":"Bilan provisoire des incendies \u00e0 B\u00e9ja\u00efa : Plus de 4.000 hectares ravag\u00e9s - La Sentinelle","og_description":"Pas moins de 4.160 hectares ont \u00e9t\u00e9 ravag\u00e9 \u00e0 B\u00e9ja\u00efa, selon un bilan provisoire publi\u00e9 par la cellule de communication","og_url":"https:\/\/lasentinelle.dz\/index.php\/2021\/08\/16\/bilan-provisoire-des-incendies-a-bejaia-plus-de-4-000-hectares-ravages\/","og_site_name":"La Sentinelle","article_publisher":"https:\/\/www.facebook.com\/La-Sentinelle-104059864394773","article_published_time":"2021-08-16T22:50:00+00:00","article_modified_time":"2021-08-17T13:54:05+00:00","og_image":[{"width":506,"height":900,"url":"https:\/\/lasentinelle.dz\/wp-content\/uploads\/2021\/08\/benivol.png","type":"image\/png"}],"author":"La Sentinelle","twitter_card":"summary_large_image","twitter_misc":{"\u00c9crit par":"La Sentinelle","Dur\u00e9e de lecture estim\u00e9e":"2 minutes"},"schema":{"@context":"https:\/\/schema.org","@graph":[{"@type":"Article","@id":"https:\/\/lasentinelle.dz\/index.php\/2021\/08\/16\/bilan-provisoire-des-incendies-a-bejaia-plus-de-4-000-hectares-ravages\/#article","isPartOf":{"@id":"https:\/\/lasentinelle.dz\/index.php\/2021\/08\/16\/bilan-provisoire-des-incendies-a-bejaia-plus-de-4-000-hectares-ravages\/"},"author":{"name":"La Sentinelle","@id":"https:\/\/lasentinelle.dz\/#\/schema\/person\/d865044e22e70a75174ce8bcad3acfb3"},"headline":"Bilan provisoire des incendies \u00e0 B\u00e9ja\u00efa : Plus de 4.000 hectares ravag\u00e9s","datePublished":"2021-08-16T22:50:00+00:00","dateModified":"2021-08-17T13:54:05+00:00","mainEntityOfPage":{"@id":"https:\/\/lasentinelle.dz\/index.php\/2021\/08\/16\/bilan-provisoire-des-incendies-a-bejaia-plus-de-4-000-hectares-ravages\/"},"wordCount":504,"commentCount":0,"publisher":{"@id":"https:\/\/lasentinelle.dz\/#organization"},"image":{"@id":"https:\/\/lasentinelle.dz\/index.php\/2021\/08\/16\/bilan-provisoire-des-incendies-a-bejaia-plus-de-4-000-hectares-ravages\/#primaryimage"},"thumbnailUrl":"https:\/\/lasentinelle.dz\/wp-content\/uploads\/2021\/08\/benivol.png","articleSection":["Actualit\u00e9"],"inLanguage":"fr-FR","potentialAction":[{"@type":"CommentAction","name":"Comment","target":["https:\/\/lasentinelle.dz\/index.php\/2021\/08\/16\/bilan-provisoire-des-incendies-a-bejaia-plus-de-4-000-hectares-ravages\/#respond"]}]},{"@type":"WebPage","@id":"https:\/\/lasentinelle.dz\/index.php\/2021\/08\/16\/bilan-provisoire-des-incendies-a-bejaia-plus-de-4-000-hectares-ravages\/","url":"https:\/\/lasentinelle.dz\/index.php\/2021\/08\/16\/bilan-provisoire-des-incendies-a-bejaia-plus-de-4-000-hectares-ravages\/","name":"Bilan provisoire des incendies \u00e0 B\u00e9ja\u00efa : Plus de 4.000 hectares ravag\u00e9s - La Sentinelle","isPartOf":{"@id":"https:\/\/lasentinelle.dz\/#website"},"primaryImageOfPage":{"@id":"https:\/\/lasentinelle.dz\/index.php\/2021\/08\/16\/bilan-provisoire-des-incendies-a-bejaia-plus-de-4-000-hectares-ravages\/#primaryimage"},"image":{"@id":"https:\/\/lasentinelle.dz\/index.php\/2021\/08\/16\/bilan-provisoire-des-incendies-a-bejaia-plus-de-4-000-hectares-ravages\/#primaryimage"},"thumbnailUrl":"https:\/\/lasentinelle.dz\/wp-content\/uploads\/2021\/08\/benivol.png","datePublished":"2021-08-16T22:50:00+00:00","dateModified":"2021-08-17T13:54:05+00:00","breadcrumb":{"@id":"https:\/\/lasentinelle.dz\/index.php\/2021\/08\/16\/bilan-provisoire-des-incendies-a-bejaia-plus-de-4-000-hectares-ravages\/#breadcrumb"},"inLanguage":"fr-FR","potentialAction":[{"@type":"ReadAction","target":["https:\/\/lasentinelle.dz\/index.php\/2021\/08\/16\/bilan-provisoire-des-incendies-a-bejaia-plus-de-4-000-hectares-ravages\/"]}]},{"@type":"ImageObject","inLanguage":"fr-FR","@id":"https:\/\/lasentinelle.dz\/index.php\/2021\/08\/16\/bilan-provisoire-des-incendies-a-bejaia-plus-de-4-000-hectares-ravages\/#primaryimage","url":"https:\/\/lasentinelle.dz\/wp-content\/uploads\/2021\/08\/benivol.png","contentUrl":"https:\/\/lasentinelle.dz\/wp-content\/uploads\/2021\/08\/benivol.png","width":506,"height":900},{"@type":"BreadcrumbList","@id":"https:\/\/lasentinelle.dz\/index.php\/2021\/08\/16\/bilan-provisoire-des-incendies-a-bejaia-plus-de-4-000-hectares-ravages\/#breadcrumb","itemListElement":[{"@type":"ListItem","position":1,"name":"Accueil","item":"https:\/\/lasentinelle.dz\/"},{"@type":"ListItem","position":2,"name":"Bilan provisoire des incendies \u00e0 B\u00e9ja\u00efa : Plus de 4.000 hectares ravag\u00e9s"}]},{"@type":"WebSite","@id":"https:\/\/lasentinelle.dz\/#website","url":"https:\/\/lasentinelle.dz\/","name":"La Sentinelle","description":"Quotidien national d&#039;information","publisher":{"@id":"https:\/\/lasentinelle.dz\/#organization"},"potentialAction":[{"@type":"SearchAction","target":{"@type":"EntryPoint","urlTemplate":"https:\/\/lasentinelle.dz\/?s={search_term_string}"},"query-input":{"@type":"PropertyValueSpecification","valueRequired":true,"valueName":"search_term_string"}}],"inLanguage":"fr-FR"},{"@type":"Organization","@id":"https:\/\/lasentinelle.dz\/#organization","name":"Quotidien La Sentinelle","url":"https:\/\/lasentinelle.dz\/","logo":{"@type":"ImageObject","inLanguage":"fr-FR","@id":"https:\/\/lasentinelle.dz\/#\/schema\/logo\/image\/","url":"https:\/\/lasentinelle.dz\/wp-content\/uploads\/2021\/09\/logo-sentinelleSLOGAN-1.png","contentUrl":"https:\/\/lasentinelle.dz\/wp-content\/uploads\/2021\/09\/logo-sentinelleSLOGAN-1.png","width":615,"height":142,"caption":"Quotidien La Sentinelle"},"image":{"@id":"https:\/\/lasentinelle.dz\/#\/schema\/logo\/image\/"},"sameAs":["https:\/\/www.facebook.com\/La-Sentinelle-104059864394773"]},{"@type":"Person","@id":"https:\/\/lasentinelle.dz\/#\/schema\/person\/d865044e22e70a75174ce8bcad3acfb3","name":"La Sentinelle","image":{"@type":"ImageObject","inLanguage":"fr-FR","@id":"https:\/\/secure.gravatar.com\/avatar\/57de8e5d4b15d43fb361a71fbb36338450fe67865b528a43dd10ef7c51a20392?s=96&d=mm&r=g","url":"https:\/\/secure.gravatar.com\/avatar\/57de8e5d4b15d43fb361a71fbb36338450fe67865b528a43dd10ef7c51a20392?s=96&d=mm&r=g","contentUrl":"https:\/\/secure.gravatar.com\/avatar\/57de8e5d4b15d43fb361a71fbb36338450fe67865b528a43dd10ef7c51a20392?s=96&d=mm&r=g","caption":"La Sentinelle"},"sameAs":["http:\/\/www.lasentinelle.dz"],"url":"https:\/\/lasentinelle.dz\/author\/redaction\/"}]}},"_links":{"self":[{"href":"https:\/\/lasentinelle.dz\/index.php\/wp-json\/wp\/v2\/posts\/4473","targetHints":{"allow":["GET"]}}],"collection":[{"href":"https:\/\/lasentinelle.dz\/index.php\/wp-json\/wp\/v2\/posts"}],"about":[{"href":"https:\/\/lasentinelle.dz\/index.php\/wp-json\/wp\/v2\/types\/post"}],"author":[{"embeddable":true,"href":"https:\/\/lasentinelle.dz\/index.php\/wp-json\/wp\/v2\/users\/3"}],"replies":[{"embeddable":true,"href":"https:\/\/lasentinelle.dz\/index.php\/wp-json\/wp\/v2\/comments?post=4473"}],"version-history":[{"count":1,"href":"https:\/\/lasentinelle.dz\/index.php\/wp-json\/wp\/v2\/posts\/4473\/revisions"}],"predecessor-version":[{"id":4476,"href":"https:\/\/lasentinelle.dz\/index.php\/wp-json\/wp\/v2\/posts\/4473\/revisions\/4476"}],"wp:featuredmedia":[{"embeddable":true,"href":"https:\/\/lasentinelle.dz\/index.php\/wp-json\/wp\/v2\/media\/4055"}],"wp:attachment":[{"href":"https:\/\/lasentinelle.dz\/index.php\/wp-json\/wp\/v2\/media?parent=4473"}],"wp:term":[{"taxonomy":"category","embeddable":true,"href":"https:\/\/lasentinelle.dz\/index.php\/wp-json\/wp\/v2\/categories?post=4473"},{"taxonomy":"post_tag","embeddable":true,"href":"https:\/\/lasentinelle.dz\/index.php\/wp-json\/wp\/v2\/tags?post=4473"}],"curies":[{"name":"wp","href":"https:\/\/api.w.org\/{rel}","templated":true}]}}