{"id":448,"date":"2020-10-08T18:45:32","date_gmt":"2020-10-08T17:45:32","guid":{"rendered":"http:\/\/lasentinelle.dz\/?p=448"},"modified":"2020-10-08T18:45:54","modified_gmt":"2020-10-08T17:45:54","slug":"tlemcen-vernissage-de-lexposition-reperes-en-fragments-dismahane-mezouar","status":"publish","type":"post","link":"https:\/\/lasentinelle.dz\/index.php\/2020\/10\/08\/tlemcen-vernissage-de-lexposition-reperes-en-fragments-dismahane-mezouar\/","title":{"rendered":"Tlemcen: vernissage de l\u2019exposition \u00ab\u00a0Rep\u00e8res en fragments\u00a0\u00bb d\u2019Ismahane Mezouar"},"content":{"rendered":"\n<p> L\u2019exposition \u00ab\u00a0Rep\u00e8res en fragments\u00a0\u00bb de la jeune plasticienne Ismahane Mezouar s\u2019est ouverte, jeudi apr\u00e8s-midi au Mus\u00e9e d\u2019art et d\u2019histoire de la ville de Tlemcen, en pr\u00e9sence d\u2019un nombre d\u2019artistes et de responsables du secteur de la culture de la wilaya de Tlemcen, dans le strict respect du protocole sanitaire mis en place pour lutter contre la Covid-19.<\/p>\n\n\n\n<p>Organis\u00e9e par le Centre des arts et des expositions (CAREX) de Tlemcen, qui reprend ses activit\u00e9s apr\u00e8s une interruption de plusieurs mois \u00e0 cause de la pand\u00e9mie de Covid-19, cette exposition individuelle est la premi\u00e8re du genre de cette jeune artiste tlemc\u00e9nienne qui invite, \u00e0 travers ses vingt-deux tableaux, les visiteurs \u00e0 plonger dans ses \u00e9motions et ses sensations qui d\u00e9laissent le r\u00e9alisme pictural pour laisser place \u00e0 l\u2019atmosph\u00e8re et \u00e0 la couleur, \u00e0 la perspective et \u00e0 la d\u00e9composition du mouvement comme furent les pr\u00e9curseurs de l\u2019art abstrait.<\/p>\n\n\n\n<p>\u00ab\u00a0Je peins comme cela me vient\u00a0\u00bb, a confi\u00e9 la jeune artiste dans sa premi\u00e8re exposition individuelle \u00ab\u00a0Rep\u00e8res en fragments\u00a0\u00bb, qui constitue, selon elle, \u00ab\u00a0le fruit de son inspiration et l\u2019espace dans lequel elle laisse libre cours \u00e0 ses \u00e9motions et ses sensations\u00a0\u00bb. Tr\u00e8s philosophiques et abstraites, les \u0153uvres d\u2019Ismahane poussent l\u2019Etre \u00e0 r\u00e9fl\u00e9chir dans les profondeurs de l\u2019\u00e2me.<\/p>\n\n\n\n<p>Par cette exposition, le Centre des arts et des expositions tente de suivre les tendances artistiques les plus pris\u00e9es dans le monde artistique et ainsi, accompagner et encourager les jeunes artistes talentueux dans leur cr\u00e9ation, a indiqu\u00e9 le directeur du CAREX, Amine Boudefla.<\/p>\n\n\n\n<p>L&rsquo;exposition constitue \u00ab\u00a0une invitation de voyage \u00e0 l\u2019int\u00e9rieur d\u2019un parcours artistique, d\u2019une vision philosophique de la vie et d\u2019une exp\u00e9rience humaine\u00a0\u00bb de cette jeune artiste ayant \u00e0 son actif plusieurs participations dans des expositions collectives \u00e0 Alger, Oran et Tlemcen, a-t-il soulign\u00e9.<\/p>\n\n\n\n<p>L\u2019exposition \u00ab\u00a0Rep\u00e8res en fragments\u00a0\u00bb restera ouverte au public jusqu\u2019\u00e0 la fin du mois d\u2019octobre courant pour permettre aux fans des arts plastiques d\u2019admirer la beaut\u00e9 des \u0153uvres et des cr\u00e9ations d\u2019Ismahane Mezouar et de renouer par ailleurs progressivement avec les activit\u00e9s culturelles. APS<\/p>\n","protected":false},"excerpt":{"rendered":"<p>L\u2019exposition \u00ab\u00a0Rep\u00e8res en fragments\u00a0\u00bb de la jeune plasticienne Ismahane Mezouar s\u2019est ouverte, jeudi apr\u00e8s-midi au Mus\u00e9e d\u2019art et d\u2019histoire de<\/p>\n","protected":false},"author":3,"featured_media":0,"comment_status":"open","ping_status":"closed","sticky":false,"template":"","format":"standard","meta":{"colormag_page_container_layout":"default_layout","colormag_page_sidebar_layout":"default_layout","om_disable_all_campaigns":false,"_monsterinsights_skip_tracking":false,"_monsterinsights_sitenote_active":false,"_monsterinsights_sitenote_note":"","_monsterinsights_sitenote_category":0,"footnotes":"","_wpscppro_dont_share_socialmedia":false,"_wpscppro_custom_social_share_image":0,"_facebook_share_type":"","_twitter_share_type":"","_linkedin_share_type":"","_pinterest_share_type":"","_linkedin_share_type_page":"","_instagram_share_type":"","_medium_share_type":"","_threads_share_type":"","_google_business_share_type":"","_selected_social_profile":[],"_wpsp_enable_custom_social_template":false,"_wpsp_social_scheduling":{"enabled":false,"datetime":null,"platforms":[],"status":"template_only","dateOption":"today","timeOption":"now","customDays":"","customHours":"","customDate":"","customTime":"","schedulingType":"absolute"},"_wpsp_active_default_template":true},"categories":[36],"tags":[],"class_list":["post-448","post","type-post","status-publish","format-standard","hentry","category-culture"],"aioseo_notices":[],"yoast_head":"<!-- This site is optimized with the Yoast SEO plugin v27.5 - https:\/\/yoast.com\/product\/yoast-seo-wordpress\/ -->\n<title>Tlemcen: vernissage de l\u2019exposition &quot;Rep\u00e8res en fragments&quot; d\u2019Ismahane Mezouar - La Sentinelle<\/title>\n<meta name=\"robots\" content=\"index, follow, max-snippet:-1, max-image-preview:large, max-video-preview:-1\" \/>\n<link rel=\"canonical\" href=\"https:\/\/lasentinelle.dz\/index.php\/2020\/10\/08\/tlemcen-vernissage-de-lexposition-reperes-en-fragments-dismahane-mezouar\/\" \/>\n<meta property=\"og:locale\" content=\"fr_FR\" \/>\n<meta property=\"og:type\" content=\"article\" \/>\n<meta property=\"og:title\" content=\"Tlemcen: vernissage de l\u2019exposition &quot;Rep\u00e8res en fragments&quot; d\u2019Ismahane Mezouar - La Sentinelle\" \/>\n<meta property=\"og:description\" content=\"L\u2019exposition \u00ab\u00a0Rep\u00e8res en fragments\u00a0\u00bb de la jeune plasticienne Ismahane Mezouar s\u2019est ouverte, jeudi apr\u00e8s-midi au Mus\u00e9e d\u2019art et d\u2019histoire de\" \/>\n<meta property=\"og:url\" content=\"https:\/\/lasentinelle.dz\/index.php\/2020\/10\/08\/tlemcen-vernissage-de-lexposition-reperes-en-fragments-dismahane-mezouar\/\" \/>\n<meta property=\"og:site_name\" content=\"La Sentinelle\" \/>\n<meta property=\"article:publisher\" content=\"https:\/\/www.facebook.com\/La-Sentinelle-104059864394773\" \/>\n<meta property=\"article:published_time\" content=\"2020-10-08T17:45:32+00:00\" \/>\n<meta property=\"article:modified_time\" content=\"2020-10-08T17:45:54+00:00\" \/>\n<meta property=\"og:image\" content=\"https:\/\/lasentinelle.dz\/wp-content\/uploads\/2020\/10\/fragments.jpg\" \/>\n\t<meta property=\"og:image:width\" content=\"580\" \/>\n\t<meta property=\"og:image:height\" content=\"350\" \/>\n\t<meta property=\"og:image:type\" content=\"image\/jpeg\" \/>\n<meta name=\"author\" content=\"La Sentinelle\" \/>\n<meta name=\"twitter:card\" content=\"summary_large_image\" \/>\n<meta name=\"twitter:label1\" content=\"\u00c9crit par\" \/>\n\t<meta name=\"twitter:data1\" content=\"La Sentinelle\" \/>\n\t<meta name=\"twitter:label2\" content=\"Dur\u00e9e de lecture estim\u00e9e\" \/>\n\t<meta name=\"twitter:data2\" content=\"2 minutes\" \/>\n<script type=\"application\/ld+json\" class=\"yoast-schema-graph\">{\"@context\":\"https:\\\/\\\/schema.org\",\"@graph\":[{\"@type\":\"Article\",\"@id\":\"https:\\\/\\\/lasentinelle.dz\\\/index.php\\\/2020\\\/10\\\/08\\\/tlemcen-vernissage-de-lexposition-reperes-en-fragments-dismahane-mezouar\\\/#article\",\"isPartOf\":{\"@id\":\"https:\\\/\\\/lasentinelle.dz\\\/index.php\\\/2020\\\/10\\\/08\\\/tlemcen-vernissage-de-lexposition-reperes-en-fragments-dismahane-mezouar\\\/\"},\"author\":{\"name\":\"La Sentinelle\",\"@id\":\"https:\\\/\\\/lasentinelle.dz\\\/#\\\/schema\\\/person\\\/d865044e22e70a75174ce8bcad3acfb3\"},\"headline\":\"Tlemcen: vernissage de l\u2019exposition \u00ab\u00a0Rep\u00e8res en fragments\u00a0\u00bb d\u2019Ismahane Mezouar\",\"datePublished\":\"2020-10-08T17:45:32+00:00\",\"dateModified\":\"2020-10-08T17:45:54+00:00\",\"mainEntityOfPage\":{\"@id\":\"https:\\\/\\\/lasentinelle.dz\\\/index.php\\\/2020\\\/10\\\/08\\\/tlemcen-vernissage-de-lexposition-reperes-en-fragments-dismahane-mezouar\\\/\"},\"wordCount\":380,\"commentCount\":0,\"publisher\":{\"@id\":\"https:\\\/\\\/lasentinelle.dz\\\/#organization\"},\"articleSection\":[\"Culture\"],\"inLanguage\":\"fr-FR\",\"potentialAction\":[{\"@type\":\"CommentAction\",\"name\":\"Comment\",\"target\":[\"https:\\\/\\\/lasentinelle.dz\\\/index.php\\\/2020\\\/10\\\/08\\\/tlemcen-vernissage-de-lexposition-reperes-en-fragments-dismahane-mezouar\\\/#respond\"]}]},{\"@type\":\"WebPage\",\"@id\":\"https:\\\/\\\/lasentinelle.dz\\\/index.php\\\/2020\\\/10\\\/08\\\/tlemcen-vernissage-de-lexposition-reperes-en-fragments-dismahane-mezouar\\\/\",\"url\":\"https:\\\/\\\/lasentinelle.dz\\\/index.php\\\/2020\\\/10\\\/08\\\/tlemcen-vernissage-de-lexposition-reperes-en-fragments-dismahane-mezouar\\\/\",\"name\":\"Tlemcen: vernissage de l\u2019exposition \\\"Rep\u00e8res en fragments\\\" d\u2019Ismahane Mezouar - La Sentinelle\",\"isPartOf\":{\"@id\":\"https:\\\/\\\/lasentinelle.dz\\\/#website\"},\"datePublished\":\"2020-10-08T17:45:32+00:00\",\"dateModified\":\"2020-10-08T17:45:54+00:00\",\"breadcrumb\":{\"@id\":\"https:\\\/\\\/lasentinelle.dz\\\/index.php\\\/2020\\\/10\\\/08\\\/tlemcen-vernissage-de-lexposition-reperes-en-fragments-dismahane-mezouar\\\/#breadcrumb\"},\"inLanguage\":\"fr-FR\",\"potentialAction\":[{\"@type\":\"ReadAction\",\"target\":[\"https:\\\/\\\/lasentinelle.dz\\\/index.php\\\/2020\\\/10\\\/08\\\/tlemcen-vernissage-de-lexposition-reperes-en-fragments-dismahane-mezouar\\\/\"]}]},{\"@type\":\"BreadcrumbList\",\"@id\":\"https:\\\/\\\/lasentinelle.dz\\\/index.php\\\/2020\\\/10\\\/08\\\/tlemcen-vernissage-de-lexposition-reperes-en-fragments-dismahane-mezouar\\\/#breadcrumb\",\"itemListElement\":[{\"@type\":\"ListItem\",\"position\":1,\"name\":\"Accueil\",\"item\":\"https:\\\/\\\/lasentinelle.dz\\\/\"},{\"@type\":\"ListItem\",\"position\":2,\"name\":\"Tlemcen: vernissage de l\u2019exposition \u00ab\u00a0Rep\u00e8res en fragments\u00a0\u00bb d\u2019Ismahane Mezouar\"}]},{\"@type\":\"WebSite\",\"@id\":\"https:\\\/\\\/lasentinelle.dz\\\/#website\",\"url\":\"https:\\\/\\\/lasentinelle.dz\\\/\",\"name\":\"La Sentinelle\",\"description\":\"Quotidien national d&#039;information\",\"publisher\":{\"@id\":\"https:\\\/\\\/lasentinelle.dz\\\/#organization\"},\"potentialAction\":[{\"@type\":\"SearchAction\",\"target\":{\"@type\":\"EntryPoint\",\"urlTemplate\":\"https:\\\/\\\/lasentinelle.dz\\\/?s={search_term_string}\"},\"query-input\":{\"@type\":\"PropertyValueSpecification\",\"valueRequired\":true,\"valueName\":\"search_term_string\"}}],\"inLanguage\":\"fr-FR\"},{\"@type\":\"Organization\",\"@id\":\"https:\\\/\\\/lasentinelle.dz\\\/#organization\",\"name\":\"Quotidien La Sentinelle\",\"url\":\"https:\\\/\\\/lasentinelle.dz\\\/\",\"logo\":{\"@type\":\"ImageObject\",\"inLanguage\":\"fr-FR\",\"@id\":\"https:\\\/\\\/lasentinelle.dz\\\/#\\\/schema\\\/logo\\\/image\\\/\",\"url\":\"https:\\\/\\\/lasentinelle.dz\\\/wp-content\\\/uploads\\\/2021\\\/09\\\/logo-sentinelleSLOGAN-1.png\",\"contentUrl\":\"https:\\\/\\\/lasentinelle.dz\\\/wp-content\\\/uploads\\\/2021\\\/09\\\/logo-sentinelleSLOGAN-1.png\",\"width\":615,\"height\":142,\"caption\":\"Quotidien La Sentinelle\"},\"image\":{\"@id\":\"https:\\\/\\\/lasentinelle.dz\\\/#\\\/schema\\\/logo\\\/image\\\/\"},\"sameAs\":[\"https:\\\/\\\/www.facebook.com\\\/La-Sentinelle-104059864394773\"]},{\"@type\":\"Person\",\"@id\":\"https:\\\/\\\/lasentinelle.dz\\\/#\\\/schema\\\/person\\\/d865044e22e70a75174ce8bcad3acfb3\",\"name\":\"La Sentinelle\",\"image\":{\"@type\":\"ImageObject\",\"inLanguage\":\"fr-FR\",\"@id\":\"https:\\\/\\\/secure.gravatar.com\\\/avatar\\\/57de8e5d4b15d43fb361a71fbb36338450fe67865b528a43dd10ef7c51a20392?s=96&d=mm&r=g\",\"url\":\"https:\\\/\\\/secure.gravatar.com\\\/avatar\\\/57de8e5d4b15d43fb361a71fbb36338450fe67865b528a43dd10ef7c51a20392?s=96&d=mm&r=g\",\"contentUrl\":\"https:\\\/\\\/secure.gravatar.com\\\/avatar\\\/57de8e5d4b15d43fb361a71fbb36338450fe67865b528a43dd10ef7c51a20392?s=96&d=mm&r=g\",\"caption\":\"La Sentinelle\"},\"sameAs\":[\"http:\\\/\\\/www.lasentinelle.dz\"],\"url\":\"https:\\\/\\\/lasentinelle.dz\\\/author\\\/redaction\\\/\"}]}<\/script>\n<!-- \/ Yoast SEO plugin. -->","yoast_head_json":{"title":"Tlemcen: vernissage de l\u2019exposition \"Rep\u00e8res en fragments\" d\u2019Ismahane Mezouar - La Sentinelle","robots":{"index":"index","follow":"follow","max-snippet":"max-snippet:-1","max-image-preview":"max-image-preview:large","max-video-preview":"max-video-preview:-1"},"canonical":"https:\/\/lasentinelle.dz\/index.php\/2020\/10\/08\/tlemcen-vernissage-de-lexposition-reperes-en-fragments-dismahane-mezouar\/","og_locale":"fr_FR","og_type":"article","og_title":"Tlemcen: vernissage de l\u2019exposition \"Rep\u00e8res en fragments\" d\u2019Ismahane Mezouar - La Sentinelle","og_description":"L\u2019exposition \u00ab\u00a0Rep\u00e8res en fragments\u00a0\u00bb de la jeune plasticienne Ismahane Mezouar s\u2019est ouverte, jeudi apr\u00e8s-midi au Mus\u00e9e d\u2019art et d\u2019histoire de","og_url":"https:\/\/lasentinelle.dz\/index.php\/2020\/10\/08\/tlemcen-vernissage-de-lexposition-reperes-en-fragments-dismahane-mezouar\/","og_site_name":"La Sentinelle","article_publisher":"https:\/\/www.facebook.com\/La-Sentinelle-104059864394773","article_published_time":"2020-10-08T17:45:32+00:00","article_modified_time":"2020-10-08T17:45:54+00:00","og_image":[{"width":580,"height":350,"url":"https:\/\/lasentinelle.dz\/wp-content\/uploads\/2020\/10\/fragments.jpg","type":"image\/jpeg"}],"author":"La Sentinelle","twitter_card":"summary_large_image","twitter_misc":{"\u00c9crit par":"La Sentinelle","Dur\u00e9e de lecture estim\u00e9e":"2 minutes"},"schema":{"@context":"https:\/\/schema.org","@graph":[{"@type":"Article","@id":"https:\/\/lasentinelle.dz\/index.php\/2020\/10\/08\/tlemcen-vernissage-de-lexposition-reperes-en-fragments-dismahane-mezouar\/#article","isPartOf":{"@id":"https:\/\/lasentinelle.dz\/index.php\/2020\/10\/08\/tlemcen-vernissage-de-lexposition-reperes-en-fragments-dismahane-mezouar\/"},"author":{"name":"La Sentinelle","@id":"https:\/\/lasentinelle.dz\/#\/schema\/person\/d865044e22e70a75174ce8bcad3acfb3"},"headline":"Tlemcen: vernissage de l\u2019exposition \u00ab\u00a0Rep\u00e8res en fragments\u00a0\u00bb d\u2019Ismahane Mezouar","datePublished":"2020-10-08T17:45:32+00:00","dateModified":"2020-10-08T17:45:54+00:00","mainEntityOfPage":{"@id":"https:\/\/lasentinelle.dz\/index.php\/2020\/10\/08\/tlemcen-vernissage-de-lexposition-reperes-en-fragments-dismahane-mezouar\/"},"wordCount":380,"commentCount":0,"publisher":{"@id":"https:\/\/lasentinelle.dz\/#organization"},"articleSection":["Culture"],"inLanguage":"fr-FR","potentialAction":[{"@type":"CommentAction","name":"Comment","target":["https:\/\/lasentinelle.dz\/index.php\/2020\/10\/08\/tlemcen-vernissage-de-lexposition-reperes-en-fragments-dismahane-mezouar\/#respond"]}]},{"@type":"WebPage","@id":"https:\/\/lasentinelle.dz\/index.php\/2020\/10\/08\/tlemcen-vernissage-de-lexposition-reperes-en-fragments-dismahane-mezouar\/","url":"https:\/\/lasentinelle.dz\/index.php\/2020\/10\/08\/tlemcen-vernissage-de-lexposition-reperes-en-fragments-dismahane-mezouar\/","name":"Tlemcen: vernissage de l\u2019exposition \"Rep\u00e8res en fragments\" d\u2019Ismahane Mezouar - La Sentinelle","isPartOf":{"@id":"https:\/\/lasentinelle.dz\/#website"},"datePublished":"2020-10-08T17:45:32+00:00","dateModified":"2020-10-08T17:45:54+00:00","breadcrumb":{"@id":"https:\/\/lasentinelle.dz\/index.php\/2020\/10\/08\/tlemcen-vernissage-de-lexposition-reperes-en-fragments-dismahane-mezouar\/#breadcrumb"},"inLanguage":"fr-FR","potentialAction":[{"@type":"ReadAction","target":["https:\/\/lasentinelle.dz\/index.php\/2020\/10\/08\/tlemcen-vernissage-de-lexposition-reperes-en-fragments-dismahane-mezouar\/"]}]},{"@type":"BreadcrumbList","@id":"https:\/\/lasentinelle.dz\/index.php\/2020\/10\/08\/tlemcen-vernissage-de-lexposition-reperes-en-fragments-dismahane-mezouar\/#breadcrumb","itemListElement":[{"@type":"ListItem","position":1,"name":"Accueil","item":"https:\/\/lasentinelle.dz\/"},{"@type":"ListItem","position":2,"name":"Tlemcen: vernissage de l\u2019exposition \u00ab\u00a0Rep\u00e8res en fragments\u00a0\u00bb d\u2019Ismahane Mezouar"}]},{"@type":"WebSite","@id":"https:\/\/lasentinelle.dz\/#website","url":"https:\/\/lasentinelle.dz\/","name":"La Sentinelle","description":"Quotidien national d&#039;information","publisher":{"@id":"https:\/\/lasentinelle.dz\/#organization"},"potentialAction":[{"@type":"SearchAction","target":{"@type":"EntryPoint","urlTemplate":"https:\/\/lasentinelle.dz\/?s={search_term_string}"},"query-input":{"@type":"PropertyValueSpecification","valueRequired":true,"valueName":"search_term_string"}}],"inLanguage":"fr-FR"},{"@type":"Organization","@id":"https:\/\/lasentinelle.dz\/#organization","name":"Quotidien La Sentinelle","url":"https:\/\/lasentinelle.dz\/","logo":{"@type":"ImageObject","inLanguage":"fr-FR","@id":"https:\/\/lasentinelle.dz\/#\/schema\/logo\/image\/","url":"https:\/\/lasentinelle.dz\/wp-content\/uploads\/2021\/09\/logo-sentinelleSLOGAN-1.png","contentUrl":"https:\/\/lasentinelle.dz\/wp-content\/uploads\/2021\/09\/logo-sentinelleSLOGAN-1.png","width":615,"height":142,"caption":"Quotidien La Sentinelle"},"image":{"@id":"https:\/\/lasentinelle.dz\/#\/schema\/logo\/image\/"},"sameAs":["https:\/\/www.facebook.com\/La-Sentinelle-104059864394773"]},{"@type":"Person","@id":"https:\/\/lasentinelle.dz\/#\/schema\/person\/d865044e22e70a75174ce8bcad3acfb3","name":"La Sentinelle","image":{"@type":"ImageObject","inLanguage":"fr-FR","@id":"https:\/\/secure.gravatar.com\/avatar\/57de8e5d4b15d43fb361a71fbb36338450fe67865b528a43dd10ef7c51a20392?s=96&d=mm&r=g","url":"https:\/\/secure.gravatar.com\/avatar\/57de8e5d4b15d43fb361a71fbb36338450fe67865b528a43dd10ef7c51a20392?s=96&d=mm&r=g","contentUrl":"https:\/\/secure.gravatar.com\/avatar\/57de8e5d4b15d43fb361a71fbb36338450fe67865b528a43dd10ef7c51a20392?s=96&d=mm&r=g","caption":"La Sentinelle"},"sameAs":["http:\/\/www.lasentinelle.dz"],"url":"https:\/\/lasentinelle.dz\/author\/redaction\/"}]}},"_links":{"self":[{"href":"https:\/\/lasentinelle.dz\/index.php\/wp-json\/wp\/v2\/posts\/448","targetHints":{"allow":["GET"]}}],"collection":[{"href":"https:\/\/lasentinelle.dz\/index.php\/wp-json\/wp\/v2\/posts"}],"about":[{"href":"https:\/\/lasentinelle.dz\/index.php\/wp-json\/wp\/v2\/types\/post"}],"author":[{"embeddable":true,"href":"https:\/\/lasentinelle.dz\/index.php\/wp-json\/wp\/v2\/users\/3"}],"replies":[{"embeddable":true,"href":"https:\/\/lasentinelle.dz\/index.php\/wp-json\/wp\/v2\/comments?post=448"}],"version-history":[{"count":0,"href":"https:\/\/lasentinelle.dz\/index.php\/wp-json\/wp\/v2\/posts\/448\/revisions"}],"wp:attachment":[{"href":"https:\/\/lasentinelle.dz\/index.php\/wp-json\/wp\/v2\/media?parent=448"}],"wp:term":[{"taxonomy":"category","embeddable":true,"href":"https:\/\/lasentinelle.dz\/index.php\/wp-json\/wp\/v2\/categories?post=448"},{"taxonomy":"post_tag","embeddable":true,"href":"https:\/\/lasentinelle.dz\/index.php\/wp-json\/wp\/v2\/tags?post=448"}],"curies":[{"name":"wp","href":"https:\/\/api.w.org\/{rel}","templated":true}]}}