{"id":44805,"date":"2023-08-20T21:49:27","date_gmt":"2023-08-20T20:49:27","guid":{"rendered":"https:\/\/lasentinelle.dz\/?p=44805"},"modified":"2023-08-20T21:49:29","modified_gmt":"2023-08-20T20:49:29","slug":"annaba-les-elus-de-lapc-del-bouni-sur-le-terrain","status":"publish","type":"post","link":"https:\/\/lasentinelle.dz\/index.php\/2023\/08\/20\/annaba-les-elus-de-lapc-del-bouni-sur-le-terrain\/","title":{"rendered":"Annaba\u00a0: Les \u00e9lus de l\u2019APC d\u2019El Bouni sur le terrain"},"content":{"rendered":"\n<p>Les membres de l\u2019Assembl\u00e9e populaire communale d\u2019El Bouni ont adopt\u00e9 une d\u00e9marche premi\u00e8re en son genre dans toute la wilaya d\u2019Annaba, en quittant leurs bureaux pour investir le terrain.<\/p>\n\n\n\n<p>Pour les \u00e9lus d\u2019El Bouni, les sorties sur le terrain sont le seul moyen pour \u00e9valuer le d\u00e9veloppement de la commune et relever les d\u00e9faillances et les manquements en la mati\u00e8re. \u00c0 cet effet, le pr\u00e9sident de l\u2019APC et ses adjoints ont effectu\u00e9 une sortie dans le cadre de la mise en \u0153uvre de plusieurs projets retenus dans le cadre du budget communal. Au programme de cette sortie, les \u00e9lus de l\u2019APC d\u2019El Bouni ont consacr\u00e9 la premi\u00e8re halte au centre-ville et \u00e0 la r\u00e9alisation de la route menant vers la localit\u00e9 de Bouza\u00e2roura. Sur place l\u2019ex\u00e9cutif s\u2019est enquis du projet de r\u00e9seau d\u2019assainissement, dont le suivi sera assur\u00e9 par l\u2019adjoint du maire charg\u00e9 des travaux par int\u00e9rim et par l\u2019adjoint responsable de la localit\u00e9 de Bouza\u00e2roura. Autre projet de d\u00e9veloppement inspect\u00e9, celui de la r\u00e9alisation d\u2019une route dans la cit\u00e9 des 80 logements ruraux, dont les travaux sont d\u00e9j\u00e0 en cours. Dans le m\u00eame sillage, le collectif communal d\u2019El Bouni a contr\u00f4l\u00e9 les travaux de r\u00e9alisation d\u2019un r\u00e9seau d\u2019\u00e9clairage public dont devra b\u00e9n\u00e9ficier la petite agglom\u00e9ration de Ain Chehoud. L\u2019objectif est d\u2019\u00e9clairer les rues et sentier de cette zone d\u2019ombre, relevant de la daira d\u2019El Bouni, gr\u00e2ce l\u00e0 des lampes \u00e0 diode \u00e9lectroluminescente (LED). Au terme de cette sortie salu\u00e9e par les habitants d\u2019El Bouni, le collectif d\u2019\u00e9lus de l\u2019APC d\u2019El Bouni a pr\u00e9vu de lancer l\u2019am\u00e9nagement d\u2019une route et de trottoirs dans le quartier El Hasnaoui, (Sarouel). Le m\u00eame am\u00e9nagement sera \u00e9galement r\u00e9alis\u00e9 dans la cit\u00e9 Sotramest. Il s\u2019agit d\u2019une route \u00e0 double sens et qui s\u2019\u00e9tend depuis la ligne du chemin de fer jusqu\u2019\u00e0 la localit\u00e9 de Sarouel. Ce tron\u00e7on avait, convient-il de le souligner, \u00e9t\u00e9 r\u00e9clam\u00e9 depuis plusieurs ann\u00e9es revendiqu\u00e9 par les habitants. Mieux, ce projet avait \u00e9t\u00e9 inscrit par plusieurs APC, mais il n\u2019a \u00e9t\u00e9 mis en application que par l\u2019actuelle Assembl\u00e9e Populaire Communale. Pour ce qui est du p\u00f4le urbain d\u2019A\u00efn Djebara, un projet d\u2019une route a \u00e9t\u00e9 retenu, pour relier les deux parties de ce p\u00f4le r\u00e9sidentiel. La localit\u00e9 d\u2019El Berka Zarga, dont certains quartiers endurent le martyre faute de raccordement aux r\u00e9seaux \u00e9nerg\u00e9tiques vitaux, devra b\u00e9n\u00e9ficier de l\u2019alimentation en gaz de ville et en \u00e9lectricit\u00e9. Il en est de m\u00eame pour les habitants d\u2019Oued Enil qui, gr\u00e2ce \u00e0 l\u2019installation d\u2019un transformateur \u00e9lectrique, ont \u00e9t\u00e9 enfin aliment\u00e9s aux r\u00e9seaux \u00e9nerg\u00e9tiques, comme constat\u00e9 par le collectif communal d\u2019El Bouni. D\u2019autres visites sont programm\u00e9es afin d\u2019\u00e9valuer le taux de d\u00e9veloppement et surtout parer aux carences susceptibles d\u2019entraver l\u2019am\u00e9lioration du cadre de vie des habitants des diff\u00e9rentes cit\u00e9s et quartiers de la commune d\u2019El Bouni. En mati\u00e8re de protection d\u2019environnement, la vice-pr\u00e9sidente charg\u00e9e de la protection de l\u2019environnement a entam\u00e9 une vaste campagne de nettoyage et de d\u00e9sherbage. Une initiative \u00e0 laquelle ont adh\u00e9r\u00e9 tous les acteurs concern\u00e9s, dont les citoyens qui ont occup\u00e9 les premiers rangs, depuis la cit\u00e9 des 450 lgts jusqu\u2019 aux alentours du March\u00e9 d\u2019Int\u00e9r\u00eat National (MIN) pour la vente en gros des fruits et des l\u00e9gumes. Selon certains membres du collectif d\u2019\u00e9lus d\u2019El Bouni, investir le terrain \u00ab c\u2019est se rapprocher du citoyen pour s\u2019enqu\u00e9rir de pr\u00e8s de ses besoins, les plus \u00e9l\u00e9mentaires mais surtout l\u00e9gitimes \u00bb.<\/p>\n\n\n\n<p><strong>Sofia Chahine<\/strong><\/p>\n","protected":false},"excerpt":{"rendered":"<p>Les membres de l\u2019Assembl\u00e9e populaire communale d\u2019El Bouni ont adopt\u00e9 une d\u00e9marche premi\u00e8re en son genre dans toute la wilaya<\/p>\n","protected":false},"author":3,"featured_media":44806,"comment_status":"open","ping_status":"closed","sticky":false,"template":"","format":"standard","meta":{"colormag_page_container_layout":"default_layout","colormag_page_sidebar_layout":"default_layout","om_disable_all_campaigns":false,"_monsterinsights_skip_tracking":false,"_monsterinsights_sitenote_active":false,"_monsterinsights_sitenote_note":"","_monsterinsights_sitenote_category":0,"footnotes":"","_wpscppro_dont_share_socialmedia":false,"_wpscppro_custom_social_share_image":0,"_facebook_share_type":"","_twitter_share_type":"","_linkedin_share_type":"","_pinterest_share_type":"","_linkedin_share_type_page":"","_instagram_share_type":"","_medium_share_type":"","_threads_share_type":"","_google_business_share_type":"","_selected_social_profile":[],"_wpsp_enable_custom_social_template":false,"_wpsp_social_scheduling":{"enabled":false,"datetime":null,"platforms":[],"status":"template_only","dateOption":"today","timeOption":"now","customDays":"","customHours":"","customDate":"","customTime":"","schedulingType":"absolute"},"_wpsp_active_default_template":true},"categories":[31],"tags":[],"class_list":["post-44805","post","type-post","status-publish","format-standard","has-post-thumbnail","hentry","category-regions"],"aioseo_notices":[],"yoast_head":"<!-- This site is optimized with the Yoast SEO plugin v27.5 - https:\/\/yoast.com\/product\/yoast-seo-wordpress\/ -->\n<title>Annaba\u00a0: Les \u00e9lus de l\u2019APC d\u2019El Bouni sur le terrain - La Sentinelle<\/title>\n<meta name=\"robots\" content=\"index, follow, max-snippet:-1, max-image-preview:large, max-video-preview:-1\" \/>\n<link rel=\"canonical\" href=\"https:\/\/lasentinelle.dz\/index.php\/2023\/08\/20\/annaba-les-elus-de-lapc-del-bouni-sur-le-terrain\/\" \/>\n<meta property=\"og:locale\" content=\"fr_FR\" \/>\n<meta property=\"og:type\" content=\"article\" \/>\n<meta property=\"og:title\" content=\"Annaba\u00a0: Les \u00e9lus de l\u2019APC d\u2019El Bouni sur le terrain - La Sentinelle\" \/>\n<meta property=\"og:description\" content=\"Les membres de l\u2019Assembl\u00e9e populaire communale d\u2019El Bouni ont adopt\u00e9 une d\u00e9marche premi\u00e8re en son genre dans toute la wilaya\" \/>\n<meta property=\"og:url\" content=\"https:\/\/lasentinelle.dz\/index.php\/2023\/08\/20\/annaba-les-elus-de-lapc-del-bouni-sur-le-terrain\/\" \/>\n<meta property=\"og:site_name\" content=\"La Sentinelle\" \/>\n<meta property=\"article:publisher\" content=\"https:\/\/www.facebook.com\/La-Sentinelle-104059864394773\" \/>\n<meta property=\"article:published_time\" content=\"2023-08-20T20:49:27+00:00\" \/>\n<meta property=\"article:modified_time\" content=\"2023-08-20T20:49:29+00:00\" \/>\n<meta property=\"og:image\" content=\"https:\/\/lasentinelle.dz\/wp-content\/uploads\/2023\/08\/el-bouni.jpeg\" \/>\n\t<meta property=\"og:image:width\" content=\"548\" \/>\n\t<meta property=\"og:image:height\" content=\"318\" \/>\n\t<meta property=\"og:image:type\" content=\"image\/jpeg\" \/>\n<meta name=\"author\" content=\"La Sentinelle\" \/>\n<meta name=\"twitter:card\" content=\"summary_large_image\" \/>\n<meta name=\"twitter:label1\" content=\"\u00c9crit par\" \/>\n\t<meta name=\"twitter:data1\" content=\"La Sentinelle\" \/>\n\t<meta name=\"twitter:label2\" content=\"Dur\u00e9e de lecture estim\u00e9e\" \/>\n\t<meta name=\"twitter:data2\" content=\"3 minutes\" \/>\n<script type=\"application\/ld+json\" class=\"yoast-schema-graph\">{\"@context\":\"https:\\\/\\\/schema.org\",\"@graph\":[{\"@type\":\"Article\",\"@id\":\"https:\\\/\\\/lasentinelle.dz\\\/index.php\\\/2023\\\/08\\\/20\\\/annaba-les-elus-de-lapc-del-bouni-sur-le-terrain\\\/#article\",\"isPartOf\":{\"@id\":\"https:\\\/\\\/lasentinelle.dz\\\/index.php\\\/2023\\\/08\\\/20\\\/annaba-les-elus-de-lapc-del-bouni-sur-le-terrain\\\/\"},\"author\":{\"name\":\"La Sentinelle\",\"@id\":\"https:\\\/\\\/lasentinelle.dz\\\/#\\\/schema\\\/person\\\/d865044e22e70a75174ce8bcad3acfb3\"},\"headline\":\"Annaba\u00a0: Les \u00e9lus de l\u2019APC d\u2019El Bouni sur le terrain\",\"datePublished\":\"2023-08-20T20:49:27+00:00\",\"dateModified\":\"2023-08-20T20:49:29+00:00\",\"mainEntityOfPage\":{\"@id\":\"https:\\\/\\\/lasentinelle.dz\\\/index.php\\\/2023\\\/08\\\/20\\\/annaba-les-elus-de-lapc-del-bouni-sur-le-terrain\\\/\"},\"wordCount\":676,\"commentCount\":0,\"publisher\":{\"@id\":\"https:\\\/\\\/lasentinelle.dz\\\/#organization\"},\"image\":{\"@id\":\"https:\\\/\\\/lasentinelle.dz\\\/index.php\\\/2023\\\/08\\\/20\\\/annaba-les-elus-de-lapc-del-bouni-sur-le-terrain\\\/#primaryimage\"},\"thumbnailUrl\":\"https:\\\/\\\/lasentinelle.dz\\\/wp-content\\\/uploads\\\/2023\\\/08\\\/el-bouni.jpeg\",\"articleSection\":[\"R\u00e9gions\"],\"inLanguage\":\"fr-FR\",\"potentialAction\":[{\"@type\":\"CommentAction\",\"name\":\"Comment\",\"target\":[\"https:\\\/\\\/lasentinelle.dz\\\/index.php\\\/2023\\\/08\\\/20\\\/annaba-les-elus-de-lapc-del-bouni-sur-le-terrain\\\/#respond\"]}]},{\"@type\":\"WebPage\",\"@id\":\"https:\\\/\\\/lasentinelle.dz\\\/index.php\\\/2023\\\/08\\\/20\\\/annaba-les-elus-de-lapc-del-bouni-sur-le-terrain\\\/\",\"url\":\"https:\\\/\\\/lasentinelle.dz\\\/index.php\\\/2023\\\/08\\\/20\\\/annaba-les-elus-de-lapc-del-bouni-sur-le-terrain\\\/\",\"name\":\"Annaba\u00a0: Les \u00e9lus de l\u2019APC d\u2019El Bouni sur le terrain - La Sentinelle\",\"isPartOf\":{\"@id\":\"https:\\\/\\\/lasentinelle.dz\\\/#website\"},\"primaryImageOfPage\":{\"@id\":\"https:\\\/\\\/lasentinelle.dz\\\/index.php\\\/2023\\\/08\\\/20\\\/annaba-les-elus-de-lapc-del-bouni-sur-le-terrain\\\/#primaryimage\"},\"image\":{\"@id\":\"https:\\\/\\\/lasentinelle.dz\\\/index.php\\\/2023\\\/08\\\/20\\\/annaba-les-elus-de-lapc-del-bouni-sur-le-terrain\\\/#primaryimage\"},\"thumbnailUrl\":\"https:\\\/\\\/lasentinelle.dz\\\/wp-content\\\/uploads\\\/2023\\\/08\\\/el-bouni.jpeg\",\"datePublished\":\"2023-08-20T20:49:27+00:00\",\"dateModified\":\"2023-08-20T20:49:29+00:00\",\"breadcrumb\":{\"@id\":\"https:\\\/\\\/lasentinelle.dz\\\/index.php\\\/2023\\\/08\\\/20\\\/annaba-les-elus-de-lapc-del-bouni-sur-le-terrain\\\/#breadcrumb\"},\"inLanguage\":\"fr-FR\",\"potentialAction\":[{\"@type\":\"ReadAction\",\"target\":[\"https:\\\/\\\/lasentinelle.dz\\\/index.php\\\/2023\\\/08\\\/20\\\/annaba-les-elus-de-lapc-del-bouni-sur-le-terrain\\\/\"]}]},{\"@type\":\"ImageObject\",\"inLanguage\":\"fr-FR\",\"@id\":\"https:\\\/\\\/lasentinelle.dz\\\/index.php\\\/2023\\\/08\\\/20\\\/annaba-les-elus-de-lapc-del-bouni-sur-le-terrain\\\/#primaryimage\",\"url\":\"https:\\\/\\\/lasentinelle.dz\\\/wp-content\\\/uploads\\\/2023\\\/08\\\/el-bouni.jpeg\",\"contentUrl\":\"https:\\\/\\\/lasentinelle.dz\\\/wp-content\\\/uploads\\\/2023\\\/08\\\/el-bouni.jpeg\",\"width\":548,\"height\":318},{\"@type\":\"BreadcrumbList\",\"@id\":\"https:\\\/\\\/lasentinelle.dz\\\/index.php\\\/2023\\\/08\\\/20\\\/annaba-les-elus-de-lapc-del-bouni-sur-le-terrain\\\/#breadcrumb\",\"itemListElement\":[{\"@type\":\"ListItem\",\"position\":1,\"name\":\"Accueil\",\"item\":\"https:\\\/\\\/lasentinelle.dz\\\/\"},{\"@type\":\"ListItem\",\"position\":2,\"name\":\"Annaba\u00a0: Les \u00e9lus de l\u2019APC d\u2019El Bouni sur le terrain\"}]},{\"@type\":\"WebSite\",\"@id\":\"https:\\\/\\\/lasentinelle.dz\\\/#website\",\"url\":\"https:\\\/\\\/lasentinelle.dz\\\/\",\"name\":\"La Sentinelle\",\"description\":\"Quotidien national d&#039;information\",\"publisher\":{\"@id\":\"https:\\\/\\\/lasentinelle.dz\\\/#organization\"},\"potentialAction\":[{\"@type\":\"SearchAction\",\"target\":{\"@type\":\"EntryPoint\",\"urlTemplate\":\"https:\\\/\\\/lasentinelle.dz\\\/?s={search_term_string}\"},\"query-input\":{\"@type\":\"PropertyValueSpecification\",\"valueRequired\":true,\"valueName\":\"search_term_string\"}}],\"inLanguage\":\"fr-FR\"},{\"@type\":\"Organization\",\"@id\":\"https:\\\/\\\/lasentinelle.dz\\\/#organization\",\"name\":\"Quotidien La Sentinelle\",\"url\":\"https:\\\/\\\/lasentinelle.dz\\\/\",\"logo\":{\"@type\":\"ImageObject\",\"inLanguage\":\"fr-FR\",\"@id\":\"https:\\\/\\\/lasentinelle.dz\\\/#\\\/schema\\\/logo\\\/image\\\/\",\"url\":\"https:\\\/\\\/lasentinelle.dz\\\/wp-content\\\/uploads\\\/2021\\\/09\\\/logo-sentinelleSLOGAN-1.png\",\"contentUrl\":\"https:\\\/\\\/lasentinelle.dz\\\/wp-content\\\/uploads\\\/2021\\\/09\\\/logo-sentinelleSLOGAN-1.png\",\"width\":615,\"height\":142,\"caption\":\"Quotidien La Sentinelle\"},\"image\":{\"@id\":\"https:\\\/\\\/lasentinelle.dz\\\/#\\\/schema\\\/logo\\\/image\\\/\"},\"sameAs\":[\"https:\\\/\\\/www.facebook.com\\\/La-Sentinelle-104059864394773\"]},{\"@type\":\"Person\",\"@id\":\"https:\\\/\\\/lasentinelle.dz\\\/#\\\/schema\\\/person\\\/d865044e22e70a75174ce8bcad3acfb3\",\"name\":\"La Sentinelle\",\"image\":{\"@type\":\"ImageObject\",\"inLanguage\":\"fr-FR\",\"@id\":\"https:\\\/\\\/secure.gravatar.com\\\/avatar\\\/57de8e5d4b15d43fb361a71fbb36338450fe67865b528a43dd10ef7c51a20392?s=96&d=mm&r=g\",\"url\":\"https:\\\/\\\/secure.gravatar.com\\\/avatar\\\/57de8e5d4b15d43fb361a71fbb36338450fe67865b528a43dd10ef7c51a20392?s=96&d=mm&r=g\",\"contentUrl\":\"https:\\\/\\\/secure.gravatar.com\\\/avatar\\\/57de8e5d4b15d43fb361a71fbb36338450fe67865b528a43dd10ef7c51a20392?s=96&d=mm&r=g\",\"caption\":\"La Sentinelle\"},\"sameAs\":[\"http:\\\/\\\/www.lasentinelle.dz\"],\"url\":\"https:\\\/\\\/lasentinelle.dz\\\/author\\\/redaction\\\/\"}]}<\/script>\n<!-- \/ Yoast SEO plugin. -->","yoast_head_json":{"title":"Annaba\u00a0: Les \u00e9lus de l\u2019APC d\u2019El Bouni sur le terrain - La Sentinelle","robots":{"index":"index","follow":"follow","max-snippet":"max-snippet:-1","max-image-preview":"max-image-preview:large","max-video-preview":"max-video-preview:-1"},"canonical":"https:\/\/lasentinelle.dz\/index.php\/2023\/08\/20\/annaba-les-elus-de-lapc-del-bouni-sur-le-terrain\/","og_locale":"fr_FR","og_type":"article","og_title":"Annaba\u00a0: Les \u00e9lus de l\u2019APC d\u2019El Bouni sur le terrain - La Sentinelle","og_description":"Les membres de l\u2019Assembl\u00e9e populaire communale d\u2019El Bouni ont adopt\u00e9 une d\u00e9marche premi\u00e8re en son genre dans toute la wilaya","og_url":"https:\/\/lasentinelle.dz\/index.php\/2023\/08\/20\/annaba-les-elus-de-lapc-del-bouni-sur-le-terrain\/","og_site_name":"La Sentinelle","article_publisher":"https:\/\/www.facebook.com\/La-Sentinelle-104059864394773","article_published_time":"2023-08-20T20:49:27+00:00","article_modified_time":"2023-08-20T20:49:29+00:00","og_image":[{"width":548,"height":318,"url":"https:\/\/lasentinelle.dz\/wp-content\/uploads\/2023\/08\/el-bouni.jpeg","type":"image\/jpeg"}],"author":"La Sentinelle","twitter_card":"summary_large_image","twitter_misc":{"\u00c9crit par":"La Sentinelle","Dur\u00e9e de lecture estim\u00e9e":"3 minutes"},"schema":{"@context":"https:\/\/schema.org","@graph":[{"@type":"Article","@id":"https:\/\/lasentinelle.dz\/index.php\/2023\/08\/20\/annaba-les-elus-de-lapc-del-bouni-sur-le-terrain\/#article","isPartOf":{"@id":"https:\/\/lasentinelle.dz\/index.php\/2023\/08\/20\/annaba-les-elus-de-lapc-del-bouni-sur-le-terrain\/"},"author":{"name":"La Sentinelle","@id":"https:\/\/lasentinelle.dz\/#\/schema\/person\/d865044e22e70a75174ce8bcad3acfb3"},"headline":"Annaba\u00a0: Les \u00e9lus de l\u2019APC d\u2019El Bouni sur le terrain","datePublished":"2023-08-20T20:49:27+00:00","dateModified":"2023-08-20T20:49:29+00:00","mainEntityOfPage":{"@id":"https:\/\/lasentinelle.dz\/index.php\/2023\/08\/20\/annaba-les-elus-de-lapc-del-bouni-sur-le-terrain\/"},"wordCount":676,"commentCount":0,"publisher":{"@id":"https:\/\/lasentinelle.dz\/#organization"},"image":{"@id":"https:\/\/lasentinelle.dz\/index.php\/2023\/08\/20\/annaba-les-elus-de-lapc-del-bouni-sur-le-terrain\/#primaryimage"},"thumbnailUrl":"https:\/\/lasentinelle.dz\/wp-content\/uploads\/2023\/08\/el-bouni.jpeg","articleSection":["R\u00e9gions"],"inLanguage":"fr-FR","potentialAction":[{"@type":"CommentAction","name":"Comment","target":["https:\/\/lasentinelle.dz\/index.php\/2023\/08\/20\/annaba-les-elus-de-lapc-del-bouni-sur-le-terrain\/#respond"]}]},{"@type":"WebPage","@id":"https:\/\/lasentinelle.dz\/index.php\/2023\/08\/20\/annaba-les-elus-de-lapc-del-bouni-sur-le-terrain\/","url":"https:\/\/lasentinelle.dz\/index.php\/2023\/08\/20\/annaba-les-elus-de-lapc-del-bouni-sur-le-terrain\/","name":"Annaba\u00a0: Les \u00e9lus de l\u2019APC d\u2019El Bouni sur le terrain - La Sentinelle","isPartOf":{"@id":"https:\/\/lasentinelle.dz\/#website"},"primaryImageOfPage":{"@id":"https:\/\/lasentinelle.dz\/index.php\/2023\/08\/20\/annaba-les-elus-de-lapc-del-bouni-sur-le-terrain\/#primaryimage"},"image":{"@id":"https:\/\/lasentinelle.dz\/index.php\/2023\/08\/20\/annaba-les-elus-de-lapc-del-bouni-sur-le-terrain\/#primaryimage"},"thumbnailUrl":"https:\/\/lasentinelle.dz\/wp-content\/uploads\/2023\/08\/el-bouni.jpeg","datePublished":"2023-08-20T20:49:27+00:00","dateModified":"2023-08-20T20:49:29+00:00","breadcrumb":{"@id":"https:\/\/lasentinelle.dz\/index.php\/2023\/08\/20\/annaba-les-elus-de-lapc-del-bouni-sur-le-terrain\/#breadcrumb"},"inLanguage":"fr-FR","potentialAction":[{"@type":"ReadAction","target":["https:\/\/lasentinelle.dz\/index.php\/2023\/08\/20\/annaba-les-elus-de-lapc-del-bouni-sur-le-terrain\/"]}]},{"@type":"ImageObject","inLanguage":"fr-FR","@id":"https:\/\/lasentinelle.dz\/index.php\/2023\/08\/20\/annaba-les-elus-de-lapc-del-bouni-sur-le-terrain\/#primaryimage","url":"https:\/\/lasentinelle.dz\/wp-content\/uploads\/2023\/08\/el-bouni.jpeg","contentUrl":"https:\/\/lasentinelle.dz\/wp-content\/uploads\/2023\/08\/el-bouni.jpeg","width":548,"height":318},{"@type":"BreadcrumbList","@id":"https:\/\/lasentinelle.dz\/index.php\/2023\/08\/20\/annaba-les-elus-de-lapc-del-bouni-sur-le-terrain\/#breadcrumb","itemListElement":[{"@type":"ListItem","position":1,"name":"Accueil","item":"https:\/\/lasentinelle.dz\/"},{"@type":"ListItem","position":2,"name":"Annaba\u00a0: Les \u00e9lus de l\u2019APC d\u2019El Bouni sur le terrain"}]},{"@type":"WebSite","@id":"https:\/\/lasentinelle.dz\/#website","url":"https:\/\/lasentinelle.dz\/","name":"La Sentinelle","description":"Quotidien national d&#039;information","publisher":{"@id":"https:\/\/lasentinelle.dz\/#organization"},"potentialAction":[{"@type":"SearchAction","target":{"@type":"EntryPoint","urlTemplate":"https:\/\/lasentinelle.dz\/?s={search_term_string}"},"query-input":{"@type":"PropertyValueSpecification","valueRequired":true,"valueName":"search_term_string"}}],"inLanguage":"fr-FR"},{"@type":"Organization","@id":"https:\/\/lasentinelle.dz\/#organization","name":"Quotidien La Sentinelle","url":"https:\/\/lasentinelle.dz\/","logo":{"@type":"ImageObject","inLanguage":"fr-FR","@id":"https:\/\/lasentinelle.dz\/#\/schema\/logo\/image\/","url":"https:\/\/lasentinelle.dz\/wp-content\/uploads\/2021\/09\/logo-sentinelleSLOGAN-1.png","contentUrl":"https:\/\/lasentinelle.dz\/wp-content\/uploads\/2021\/09\/logo-sentinelleSLOGAN-1.png","width":615,"height":142,"caption":"Quotidien La Sentinelle"},"image":{"@id":"https:\/\/lasentinelle.dz\/#\/schema\/logo\/image\/"},"sameAs":["https:\/\/www.facebook.com\/La-Sentinelle-104059864394773"]},{"@type":"Person","@id":"https:\/\/lasentinelle.dz\/#\/schema\/person\/d865044e22e70a75174ce8bcad3acfb3","name":"La Sentinelle","image":{"@type":"ImageObject","inLanguage":"fr-FR","@id":"https:\/\/secure.gravatar.com\/avatar\/57de8e5d4b15d43fb361a71fbb36338450fe67865b528a43dd10ef7c51a20392?s=96&d=mm&r=g","url":"https:\/\/secure.gravatar.com\/avatar\/57de8e5d4b15d43fb361a71fbb36338450fe67865b528a43dd10ef7c51a20392?s=96&d=mm&r=g","contentUrl":"https:\/\/secure.gravatar.com\/avatar\/57de8e5d4b15d43fb361a71fbb36338450fe67865b528a43dd10ef7c51a20392?s=96&d=mm&r=g","caption":"La Sentinelle"},"sameAs":["http:\/\/www.lasentinelle.dz"],"url":"https:\/\/lasentinelle.dz\/author\/redaction\/"}]}},"_links":{"self":[{"href":"https:\/\/lasentinelle.dz\/index.php\/wp-json\/wp\/v2\/posts\/44805","targetHints":{"allow":["GET"]}}],"collection":[{"href":"https:\/\/lasentinelle.dz\/index.php\/wp-json\/wp\/v2\/posts"}],"about":[{"href":"https:\/\/lasentinelle.dz\/index.php\/wp-json\/wp\/v2\/types\/post"}],"author":[{"embeddable":true,"href":"https:\/\/lasentinelle.dz\/index.php\/wp-json\/wp\/v2\/users\/3"}],"replies":[{"embeddable":true,"href":"https:\/\/lasentinelle.dz\/index.php\/wp-json\/wp\/v2\/comments?post=44805"}],"version-history":[{"count":1,"href":"https:\/\/lasentinelle.dz\/index.php\/wp-json\/wp\/v2\/posts\/44805\/revisions"}],"predecessor-version":[{"id":44807,"href":"https:\/\/lasentinelle.dz\/index.php\/wp-json\/wp\/v2\/posts\/44805\/revisions\/44807"}],"wp:featuredmedia":[{"embeddable":true,"href":"https:\/\/lasentinelle.dz\/index.php\/wp-json\/wp\/v2\/media\/44806"}],"wp:attachment":[{"href":"https:\/\/lasentinelle.dz\/index.php\/wp-json\/wp\/v2\/media?parent=44805"}],"wp:term":[{"taxonomy":"category","embeddable":true,"href":"https:\/\/lasentinelle.dz\/index.php\/wp-json\/wp\/v2\/categories?post=44805"},{"taxonomy":"post_tag","embeddable":true,"href":"https:\/\/lasentinelle.dz\/index.php\/wp-json\/wp\/v2\/tags?post=44805"}],"curies":[{"name":"wp","href":"https:\/\/api.w.org\/{rel}","templated":true}]}}