{"id":44808,"date":"2023-08-20T21:51:40","date_gmt":"2023-08-20T20:51:40","guid":{"rendered":"https:\/\/lasentinelle.dz\/?p=44808"},"modified":"2023-08-20T21:51:42","modified_gmt":"2023-08-20T20:51:42","slug":"feux-de-foret-13-incendies-enregistres-dans-plusieurs-wilayas-en-une-journee","status":"publish","type":"post","link":"https:\/\/lasentinelle.dz\/index.php\/2023\/08\/20\/feux-de-foret-13-incendies-enregistres-dans-plusieurs-wilayas-en-une-journee\/","title":{"rendered":"Feux de for\u00eat\u00a0: 13 incendies enregistr\u00e9s dans plusieurs wilayas en une journ\u00e9e"},"content":{"rendered":"\n<p>Une nouvelle vague de chaleur affecte plusieurs wilayas de pays depuis quelques jours, et qui se traduit par le d\u00e9clenchement de plusieurs incendies, sans provoquer de pertes humaines, fort heureusement. Ainsi, pas moins de 13 incendies de for\u00eats ont \u00e9t\u00e9 enregistr\u00e9s entre la journ\u00e9e de samedi et de dimanche, a indiqu\u00e9 le bilan quotidien de la Direction g\u00e9n\u00e9rale de la Protection civile. Selon un communiqu\u00e9 de la DGPC, ses services sont intervenus dans le cadre du dispositif de lutte contre les incendies de for\u00eat et de r\u00e9colte pour l\u2019extinction de 25 incendies du couvert v\u00e9g\u00e9tal dont 13 incendies de for\u00eats, 03 incendies de Maquis, 03 incendies de broussailles, 05 incendies de botte de foin, et un incendie de palmeraie \u00e0 travers plusieurs wilayas du territoire national. Et de souligner que l\u2019intervention rapide des \u00e9quipes de la Protection civile a permis de circonscrire ces incendies et d\u2019\u00e9viter leurs propagations vers le reste du couvert v\u00e9g\u00e9tal, alors que \u00ab&nbsp;l\u2019op\u00e9ration d\u2019extinction de quatre incendies de for\u00eats se poursuit&nbsp;\u00bb, dont 03 au niveau de la wilaya de B\u00e9jaia, \u00e0 travers les communes d\u2019Ait Rezine, Berbacha et Ouzelagu\u00e9ne, ou la Protection civile &nbsp;ont proc\u00e9d\u00e9 l\u2019\u00e9vacuation par pr\u00e9caution de 10 familles du village Talla et 03 famille du village Bir, ainsi qu\u2019un incendie dans la wilaya de Tizi Ouzou.<\/p>\n\n\n\n<p>Rappelons que les services de la Protection civile ont affirm\u00e9, samedi, des feux de for\u00eat qui se sont d\u00e9clar\u00e9s dans plusieurs wilayas du Centre et de l&rsquo;Est du pays.<\/p>\n\n\n\n<p>Le bilan g\u00e9n\u00e9ral avanc\u00e9 par les services de la Protection civile, jusqu&rsquo;\u00e0 18h (samedi), fait \u00e9tat de la poursuite des efforts en vue de l&rsquo;extinction des feux d\u00e9clar\u00e9s aux niveau des for\u00eats de Ouizrane dans la commune d&rsquo;Ighil, Tala (Barbacha) et Tamdagh (Ouzellaguen) \u00e0 B\u00e9jaia, alors que l&rsquo;incendie d\u00e9clench\u00e9 dans la for\u00eat de Djoua dans la m\u00eame wilaya a \u00e9t\u00e9 compl\u00e9tement \u00e9teint. Les \u00e9l\u00e9ments de la protection civile poursuivent leurs efforts dans l&rsquo;objectif d&rsquo;\u00e9teindre les incendies d\u00e9clar\u00e9s dans la for\u00eat de Bouakba dans la commune d&rsquo;Ouled Yahia Khedrouche (Jijel) ainsi que la for\u00eat du Village Chekbou dans la commune de Djaafra (Bordj Bou Arreridj). Les efforts se poursuivent \u00e9galement pour l&rsquo;extinction des incendies d\u00e9clench\u00e9s dans les for\u00eats du village d\u2019Iguersaf\u00e8ne et de Tagmoul dans la commune d&rsquo;A\u00eft Mahmoud (Tizi Ouzou) en sus d&rsquo;un autre incendie dans la for\u00eat d&rsquo;El-Ismailia-Sabt Ballot dans la commune de Baata (M\u00e9d\u00e9a). Les pompiers ont r\u00e9ussi, par ailleurs, l&rsquo;extinction compl\u00e8te des feux qui se sont d\u00e9clar\u00e9s dans la for\u00eat de Tighanimet dans la commune de Lamsara (Khenchela).<\/p>\n\n\n\n<p>R.N.<\/p>\n","protected":false},"excerpt":{"rendered":"<p>Une nouvelle vague de chaleur affecte plusieurs wilayas de pays depuis quelques jours, et qui se traduit par le d\u00e9clenchement<\/p>\n","protected":false},"author":3,"featured_media":40979,"comment_status":"open","ping_status":"closed","sticky":false,"template":"","format":"standard","meta":{"colormag_page_container_layout":"default_layout","colormag_page_sidebar_layout":"default_layout","om_disable_all_campaigns":false,"_monsterinsights_skip_tracking":false,"_monsterinsights_sitenote_active":false,"_monsterinsights_sitenote_note":"","_monsterinsights_sitenote_category":0,"footnotes":"","_wpscppro_dont_share_socialmedia":false,"_wpscppro_custom_social_share_image":0,"_facebook_share_type":"","_twitter_share_type":"","_linkedin_share_type":"","_pinterest_share_type":"","_linkedin_share_type_page":"","_instagram_share_type":"","_medium_share_type":"","_threads_share_type":"","_google_business_share_type":"","_selected_social_profile":[],"_wpsp_enable_custom_social_template":false,"_wpsp_social_scheduling":{"enabled":false,"datetime":null,"platforms":[],"status":"template_only","dateOption":"today","timeOption":"now","customDays":"","customHours":"","customDate":"","customTime":"","schedulingType":"absolute"},"_wpsp_active_default_template":true},"categories":[27],"tags":[],"class_list":["post-44808","post","type-post","status-publish","format-standard","has-post-thumbnail","hentry","category-actualite"],"aioseo_notices":[],"yoast_head":"<!-- This site is optimized with the Yoast SEO plugin v27.5 - https:\/\/yoast.com\/product\/yoast-seo-wordpress\/ -->\n<title>Feux de for\u00eat\u00a0: 13 incendies enregistr\u00e9s dans plusieurs wilayas en une journ\u00e9e - La Sentinelle<\/title>\n<meta name=\"robots\" content=\"index, follow, max-snippet:-1, max-image-preview:large, max-video-preview:-1\" \/>\n<link rel=\"canonical\" href=\"https:\/\/lasentinelle.dz\/index.php\/2023\/08\/20\/feux-de-foret-13-incendies-enregistres-dans-plusieurs-wilayas-en-une-journee\/\" \/>\n<meta property=\"og:locale\" content=\"fr_FR\" \/>\n<meta property=\"og:type\" content=\"article\" \/>\n<meta property=\"og:title\" content=\"Feux de for\u00eat\u00a0: 13 incendies enregistr\u00e9s dans plusieurs wilayas en une journ\u00e9e - La Sentinelle\" \/>\n<meta property=\"og:description\" content=\"Une nouvelle vague de chaleur affecte plusieurs wilayas de pays depuis quelques jours, et qui se traduit par le d\u00e9clenchement\" \/>\n<meta property=\"og:url\" content=\"https:\/\/lasentinelle.dz\/index.php\/2023\/08\/20\/feux-de-foret-13-incendies-enregistres-dans-plusieurs-wilayas-en-une-journee\/\" \/>\n<meta property=\"og:site_name\" content=\"La Sentinelle\" \/>\n<meta property=\"article:publisher\" content=\"https:\/\/www.facebook.com\/La-Sentinelle-104059864394773\" \/>\n<meta property=\"article:published_time\" content=\"2023-08-20T20:51:40+00:00\" \/>\n<meta property=\"article:modified_time\" content=\"2023-08-20T20:51:42+00:00\" \/>\n<meta property=\"og:image\" content=\"https:\/\/lasentinelle.dz\/wp-content\/uploads\/2023\/05\/incendies-.png\" \/>\n\t<meta property=\"og:image:width\" content=\"1200\" \/>\n\t<meta property=\"og:image:height\" content=\"900\" \/>\n\t<meta property=\"og:image:type\" content=\"image\/png\" \/>\n<meta name=\"author\" content=\"La Sentinelle\" \/>\n<meta name=\"twitter:card\" content=\"summary_large_image\" \/>\n<meta name=\"twitter:label1\" content=\"\u00c9crit par\" \/>\n\t<meta name=\"twitter:data1\" content=\"La Sentinelle\" \/>\n\t<meta name=\"twitter:label2\" content=\"Dur\u00e9e de lecture estim\u00e9e\" \/>\n\t<meta name=\"twitter:data2\" content=\"3 minutes\" \/>\n<script type=\"application\/ld+json\" class=\"yoast-schema-graph\">{\"@context\":\"https:\\\/\\\/schema.org\",\"@graph\":[{\"@type\":\"Article\",\"@id\":\"https:\\\/\\\/lasentinelle.dz\\\/index.php\\\/2023\\\/08\\\/20\\\/feux-de-foret-13-incendies-enregistres-dans-plusieurs-wilayas-en-une-journee\\\/#article\",\"isPartOf\":{\"@id\":\"https:\\\/\\\/lasentinelle.dz\\\/index.php\\\/2023\\\/08\\\/20\\\/feux-de-foret-13-incendies-enregistres-dans-plusieurs-wilayas-en-une-journee\\\/\"},\"author\":{\"name\":\"La Sentinelle\",\"@id\":\"https:\\\/\\\/lasentinelle.dz\\\/#\\\/schema\\\/person\\\/d865044e22e70a75174ce8bcad3acfb3\"},\"headline\":\"Feux de for\u00eat\u00a0: 13 incendies enregistr\u00e9s dans plusieurs wilayas en une journ\u00e9e\",\"datePublished\":\"2023-08-20T20:51:40+00:00\",\"dateModified\":\"2023-08-20T20:51:42+00:00\",\"mainEntityOfPage\":{\"@id\":\"https:\\\/\\\/lasentinelle.dz\\\/index.php\\\/2023\\\/08\\\/20\\\/feux-de-foret-13-incendies-enregistres-dans-plusieurs-wilayas-en-une-journee\\\/\"},\"wordCount\":491,\"commentCount\":0,\"publisher\":{\"@id\":\"https:\\\/\\\/lasentinelle.dz\\\/#organization\"},\"image\":{\"@id\":\"https:\\\/\\\/lasentinelle.dz\\\/index.php\\\/2023\\\/08\\\/20\\\/feux-de-foret-13-incendies-enregistres-dans-plusieurs-wilayas-en-une-journee\\\/#primaryimage\"},\"thumbnailUrl\":\"https:\\\/\\\/lasentinelle.dz\\\/wp-content\\\/uploads\\\/2023\\\/05\\\/incendies-.png\",\"articleSection\":[\"Actualit\u00e9\"],\"inLanguage\":\"fr-FR\",\"potentialAction\":[{\"@type\":\"CommentAction\",\"name\":\"Comment\",\"target\":[\"https:\\\/\\\/lasentinelle.dz\\\/index.php\\\/2023\\\/08\\\/20\\\/feux-de-foret-13-incendies-enregistres-dans-plusieurs-wilayas-en-une-journee\\\/#respond\"]}]},{\"@type\":\"WebPage\",\"@id\":\"https:\\\/\\\/lasentinelle.dz\\\/index.php\\\/2023\\\/08\\\/20\\\/feux-de-foret-13-incendies-enregistres-dans-plusieurs-wilayas-en-une-journee\\\/\",\"url\":\"https:\\\/\\\/lasentinelle.dz\\\/index.php\\\/2023\\\/08\\\/20\\\/feux-de-foret-13-incendies-enregistres-dans-plusieurs-wilayas-en-une-journee\\\/\",\"name\":\"Feux de for\u00eat\u00a0: 13 incendies enregistr\u00e9s dans plusieurs wilayas en une journ\u00e9e - La Sentinelle\",\"isPartOf\":{\"@id\":\"https:\\\/\\\/lasentinelle.dz\\\/#website\"},\"primaryImageOfPage\":{\"@id\":\"https:\\\/\\\/lasentinelle.dz\\\/index.php\\\/2023\\\/08\\\/20\\\/feux-de-foret-13-incendies-enregistres-dans-plusieurs-wilayas-en-une-journee\\\/#primaryimage\"},\"image\":{\"@id\":\"https:\\\/\\\/lasentinelle.dz\\\/index.php\\\/2023\\\/08\\\/20\\\/feux-de-foret-13-incendies-enregistres-dans-plusieurs-wilayas-en-une-journee\\\/#primaryimage\"},\"thumbnailUrl\":\"https:\\\/\\\/lasentinelle.dz\\\/wp-content\\\/uploads\\\/2023\\\/05\\\/incendies-.png\",\"datePublished\":\"2023-08-20T20:51:40+00:00\",\"dateModified\":\"2023-08-20T20:51:42+00:00\",\"breadcrumb\":{\"@id\":\"https:\\\/\\\/lasentinelle.dz\\\/index.php\\\/2023\\\/08\\\/20\\\/feux-de-foret-13-incendies-enregistres-dans-plusieurs-wilayas-en-une-journee\\\/#breadcrumb\"},\"inLanguage\":\"fr-FR\",\"potentialAction\":[{\"@type\":\"ReadAction\",\"target\":[\"https:\\\/\\\/lasentinelle.dz\\\/index.php\\\/2023\\\/08\\\/20\\\/feux-de-foret-13-incendies-enregistres-dans-plusieurs-wilayas-en-une-journee\\\/\"]}]},{\"@type\":\"ImageObject\",\"inLanguage\":\"fr-FR\",\"@id\":\"https:\\\/\\\/lasentinelle.dz\\\/index.php\\\/2023\\\/08\\\/20\\\/feux-de-foret-13-incendies-enregistres-dans-plusieurs-wilayas-en-une-journee\\\/#primaryimage\",\"url\":\"https:\\\/\\\/lasentinelle.dz\\\/wp-content\\\/uploads\\\/2023\\\/05\\\/incendies-.png\",\"contentUrl\":\"https:\\\/\\\/lasentinelle.dz\\\/wp-content\\\/uploads\\\/2023\\\/05\\\/incendies-.png\",\"width\":1200,\"height\":900},{\"@type\":\"BreadcrumbList\",\"@id\":\"https:\\\/\\\/lasentinelle.dz\\\/index.php\\\/2023\\\/08\\\/20\\\/feux-de-foret-13-incendies-enregistres-dans-plusieurs-wilayas-en-une-journee\\\/#breadcrumb\",\"itemListElement\":[{\"@type\":\"ListItem\",\"position\":1,\"name\":\"Accueil\",\"item\":\"https:\\\/\\\/lasentinelle.dz\\\/\"},{\"@type\":\"ListItem\",\"position\":2,\"name\":\"Feux de for\u00eat\u00a0: 13 incendies enregistr\u00e9s dans plusieurs wilayas en une journ\u00e9e\"}]},{\"@type\":\"WebSite\",\"@id\":\"https:\\\/\\\/lasentinelle.dz\\\/#website\",\"url\":\"https:\\\/\\\/lasentinelle.dz\\\/\",\"name\":\"La Sentinelle\",\"description\":\"Quotidien national d&#039;information\",\"publisher\":{\"@id\":\"https:\\\/\\\/lasentinelle.dz\\\/#organization\"},\"potentialAction\":[{\"@type\":\"SearchAction\",\"target\":{\"@type\":\"EntryPoint\",\"urlTemplate\":\"https:\\\/\\\/lasentinelle.dz\\\/?s={search_term_string}\"},\"query-input\":{\"@type\":\"PropertyValueSpecification\",\"valueRequired\":true,\"valueName\":\"search_term_string\"}}],\"inLanguage\":\"fr-FR\"},{\"@type\":\"Organization\",\"@id\":\"https:\\\/\\\/lasentinelle.dz\\\/#organization\",\"name\":\"Quotidien La Sentinelle\",\"url\":\"https:\\\/\\\/lasentinelle.dz\\\/\",\"logo\":{\"@type\":\"ImageObject\",\"inLanguage\":\"fr-FR\",\"@id\":\"https:\\\/\\\/lasentinelle.dz\\\/#\\\/schema\\\/logo\\\/image\\\/\",\"url\":\"https:\\\/\\\/lasentinelle.dz\\\/wp-content\\\/uploads\\\/2021\\\/09\\\/logo-sentinelleSLOGAN-1.png\",\"contentUrl\":\"https:\\\/\\\/lasentinelle.dz\\\/wp-content\\\/uploads\\\/2021\\\/09\\\/logo-sentinelleSLOGAN-1.png\",\"width\":615,\"height\":142,\"caption\":\"Quotidien La Sentinelle\"},\"image\":{\"@id\":\"https:\\\/\\\/lasentinelle.dz\\\/#\\\/schema\\\/logo\\\/image\\\/\"},\"sameAs\":[\"https:\\\/\\\/www.facebook.com\\\/La-Sentinelle-104059864394773\"]},{\"@type\":\"Person\",\"@id\":\"https:\\\/\\\/lasentinelle.dz\\\/#\\\/schema\\\/person\\\/d865044e22e70a75174ce8bcad3acfb3\",\"name\":\"La Sentinelle\",\"image\":{\"@type\":\"ImageObject\",\"inLanguage\":\"fr-FR\",\"@id\":\"https:\\\/\\\/secure.gravatar.com\\\/avatar\\\/57de8e5d4b15d43fb361a71fbb36338450fe67865b528a43dd10ef7c51a20392?s=96&d=mm&r=g\",\"url\":\"https:\\\/\\\/secure.gravatar.com\\\/avatar\\\/57de8e5d4b15d43fb361a71fbb36338450fe67865b528a43dd10ef7c51a20392?s=96&d=mm&r=g\",\"contentUrl\":\"https:\\\/\\\/secure.gravatar.com\\\/avatar\\\/57de8e5d4b15d43fb361a71fbb36338450fe67865b528a43dd10ef7c51a20392?s=96&d=mm&r=g\",\"caption\":\"La Sentinelle\"},\"sameAs\":[\"http:\\\/\\\/www.lasentinelle.dz\"],\"url\":\"https:\\\/\\\/lasentinelle.dz\\\/author\\\/redaction\\\/\"}]}<\/script>\n<!-- \/ Yoast SEO plugin. -->","yoast_head_json":{"title":"Feux de for\u00eat\u00a0: 13 incendies enregistr\u00e9s dans plusieurs wilayas en une journ\u00e9e - La Sentinelle","robots":{"index":"index","follow":"follow","max-snippet":"max-snippet:-1","max-image-preview":"max-image-preview:large","max-video-preview":"max-video-preview:-1"},"canonical":"https:\/\/lasentinelle.dz\/index.php\/2023\/08\/20\/feux-de-foret-13-incendies-enregistres-dans-plusieurs-wilayas-en-une-journee\/","og_locale":"fr_FR","og_type":"article","og_title":"Feux de for\u00eat\u00a0: 13 incendies enregistr\u00e9s dans plusieurs wilayas en une journ\u00e9e - La Sentinelle","og_description":"Une nouvelle vague de chaleur affecte plusieurs wilayas de pays depuis quelques jours, et qui se traduit par le d\u00e9clenchement","og_url":"https:\/\/lasentinelle.dz\/index.php\/2023\/08\/20\/feux-de-foret-13-incendies-enregistres-dans-plusieurs-wilayas-en-une-journee\/","og_site_name":"La Sentinelle","article_publisher":"https:\/\/www.facebook.com\/La-Sentinelle-104059864394773","article_published_time":"2023-08-20T20:51:40+00:00","article_modified_time":"2023-08-20T20:51:42+00:00","og_image":[{"width":1200,"height":900,"url":"https:\/\/lasentinelle.dz\/wp-content\/uploads\/2023\/05\/incendies-.png","type":"image\/png"}],"author":"La Sentinelle","twitter_card":"summary_large_image","twitter_misc":{"\u00c9crit par":"La Sentinelle","Dur\u00e9e de lecture estim\u00e9e":"3 minutes"},"schema":{"@context":"https:\/\/schema.org","@graph":[{"@type":"Article","@id":"https:\/\/lasentinelle.dz\/index.php\/2023\/08\/20\/feux-de-foret-13-incendies-enregistres-dans-plusieurs-wilayas-en-une-journee\/#article","isPartOf":{"@id":"https:\/\/lasentinelle.dz\/index.php\/2023\/08\/20\/feux-de-foret-13-incendies-enregistres-dans-plusieurs-wilayas-en-une-journee\/"},"author":{"name":"La Sentinelle","@id":"https:\/\/lasentinelle.dz\/#\/schema\/person\/d865044e22e70a75174ce8bcad3acfb3"},"headline":"Feux de for\u00eat\u00a0: 13 incendies enregistr\u00e9s dans plusieurs wilayas en une journ\u00e9e","datePublished":"2023-08-20T20:51:40+00:00","dateModified":"2023-08-20T20:51:42+00:00","mainEntityOfPage":{"@id":"https:\/\/lasentinelle.dz\/index.php\/2023\/08\/20\/feux-de-foret-13-incendies-enregistres-dans-plusieurs-wilayas-en-une-journee\/"},"wordCount":491,"commentCount":0,"publisher":{"@id":"https:\/\/lasentinelle.dz\/#organization"},"image":{"@id":"https:\/\/lasentinelle.dz\/index.php\/2023\/08\/20\/feux-de-foret-13-incendies-enregistres-dans-plusieurs-wilayas-en-une-journee\/#primaryimage"},"thumbnailUrl":"https:\/\/lasentinelle.dz\/wp-content\/uploads\/2023\/05\/incendies-.png","articleSection":["Actualit\u00e9"],"inLanguage":"fr-FR","potentialAction":[{"@type":"CommentAction","name":"Comment","target":["https:\/\/lasentinelle.dz\/index.php\/2023\/08\/20\/feux-de-foret-13-incendies-enregistres-dans-plusieurs-wilayas-en-une-journee\/#respond"]}]},{"@type":"WebPage","@id":"https:\/\/lasentinelle.dz\/index.php\/2023\/08\/20\/feux-de-foret-13-incendies-enregistres-dans-plusieurs-wilayas-en-une-journee\/","url":"https:\/\/lasentinelle.dz\/index.php\/2023\/08\/20\/feux-de-foret-13-incendies-enregistres-dans-plusieurs-wilayas-en-une-journee\/","name":"Feux de for\u00eat\u00a0: 13 incendies enregistr\u00e9s dans plusieurs wilayas en une journ\u00e9e - La Sentinelle","isPartOf":{"@id":"https:\/\/lasentinelle.dz\/#website"},"primaryImageOfPage":{"@id":"https:\/\/lasentinelle.dz\/index.php\/2023\/08\/20\/feux-de-foret-13-incendies-enregistres-dans-plusieurs-wilayas-en-une-journee\/#primaryimage"},"image":{"@id":"https:\/\/lasentinelle.dz\/index.php\/2023\/08\/20\/feux-de-foret-13-incendies-enregistres-dans-plusieurs-wilayas-en-une-journee\/#primaryimage"},"thumbnailUrl":"https:\/\/lasentinelle.dz\/wp-content\/uploads\/2023\/05\/incendies-.png","datePublished":"2023-08-20T20:51:40+00:00","dateModified":"2023-08-20T20:51:42+00:00","breadcrumb":{"@id":"https:\/\/lasentinelle.dz\/index.php\/2023\/08\/20\/feux-de-foret-13-incendies-enregistres-dans-plusieurs-wilayas-en-une-journee\/#breadcrumb"},"inLanguage":"fr-FR","potentialAction":[{"@type":"ReadAction","target":["https:\/\/lasentinelle.dz\/index.php\/2023\/08\/20\/feux-de-foret-13-incendies-enregistres-dans-plusieurs-wilayas-en-une-journee\/"]}]},{"@type":"ImageObject","inLanguage":"fr-FR","@id":"https:\/\/lasentinelle.dz\/index.php\/2023\/08\/20\/feux-de-foret-13-incendies-enregistres-dans-plusieurs-wilayas-en-une-journee\/#primaryimage","url":"https:\/\/lasentinelle.dz\/wp-content\/uploads\/2023\/05\/incendies-.png","contentUrl":"https:\/\/lasentinelle.dz\/wp-content\/uploads\/2023\/05\/incendies-.png","width":1200,"height":900},{"@type":"BreadcrumbList","@id":"https:\/\/lasentinelle.dz\/index.php\/2023\/08\/20\/feux-de-foret-13-incendies-enregistres-dans-plusieurs-wilayas-en-une-journee\/#breadcrumb","itemListElement":[{"@type":"ListItem","position":1,"name":"Accueil","item":"https:\/\/lasentinelle.dz\/"},{"@type":"ListItem","position":2,"name":"Feux de for\u00eat\u00a0: 13 incendies enregistr\u00e9s dans plusieurs wilayas en une journ\u00e9e"}]},{"@type":"WebSite","@id":"https:\/\/lasentinelle.dz\/#website","url":"https:\/\/lasentinelle.dz\/","name":"La Sentinelle","description":"Quotidien national d&#039;information","publisher":{"@id":"https:\/\/lasentinelle.dz\/#organization"},"potentialAction":[{"@type":"SearchAction","target":{"@type":"EntryPoint","urlTemplate":"https:\/\/lasentinelle.dz\/?s={search_term_string}"},"query-input":{"@type":"PropertyValueSpecification","valueRequired":true,"valueName":"search_term_string"}}],"inLanguage":"fr-FR"},{"@type":"Organization","@id":"https:\/\/lasentinelle.dz\/#organization","name":"Quotidien La Sentinelle","url":"https:\/\/lasentinelle.dz\/","logo":{"@type":"ImageObject","inLanguage":"fr-FR","@id":"https:\/\/lasentinelle.dz\/#\/schema\/logo\/image\/","url":"https:\/\/lasentinelle.dz\/wp-content\/uploads\/2021\/09\/logo-sentinelleSLOGAN-1.png","contentUrl":"https:\/\/lasentinelle.dz\/wp-content\/uploads\/2021\/09\/logo-sentinelleSLOGAN-1.png","width":615,"height":142,"caption":"Quotidien La Sentinelle"},"image":{"@id":"https:\/\/lasentinelle.dz\/#\/schema\/logo\/image\/"},"sameAs":["https:\/\/www.facebook.com\/La-Sentinelle-104059864394773"]},{"@type":"Person","@id":"https:\/\/lasentinelle.dz\/#\/schema\/person\/d865044e22e70a75174ce8bcad3acfb3","name":"La Sentinelle","image":{"@type":"ImageObject","inLanguage":"fr-FR","@id":"https:\/\/secure.gravatar.com\/avatar\/57de8e5d4b15d43fb361a71fbb36338450fe67865b528a43dd10ef7c51a20392?s=96&d=mm&r=g","url":"https:\/\/secure.gravatar.com\/avatar\/57de8e5d4b15d43fb361a71fbb36338450fe67865b528a43dd10ef7c51a20392?s=96&d=mm&r=g","contentUrl":"https:\/\/secure.gravatar.com\/avatar\/57de8e5d4b15d43fb361a71fbb36338450fe67865b528a43dd10ef7c51a20392?s=96&d=mm&r=g","caption":"La Sentinelle"},"sameAs":["http:\/\/www.lasentinelle.dz"],"url":"https:\/\/lasentinelle.dz\/author\/redaction\/"}]}},"_links":{"self":[{"href":"https:\/\/lasentinelle.dz\/index.php\/wp-json\/wp\/v2\/posts\/44808","targetHints":{"allow":["GET"]}}],"collection":[{"href":"https:\/\/lasentinelle.dz\/index.php\/wp-json\/wp\/v2\/posts"}],"about":[{"href":"https:\/\/lasentinelle.dz\/index.php\/wp-json\/wp\/v2\/types\/post"}],"author":[{"embeddable":true,"href":"https:\/\/lasentinelle.dz\/index.php\/wp-json\/wp\/v2\/users\/3"}],"replies":[{"embeddable":true,"href":"https:\/\/lasentinelle.dz\/index.php\/wp-json\/wp\/v2\/comments?post=44808"}],"version-history":[{"count":1,"href":"https:\/\/lasentinelle.dz\/index.php\/wp-json\/wp\/v2\/posts\/44808\/revisions"}],"predecessor-version":[{"id":44809,"href":"https:\/\/lasentinelle.dz\/index.php\/wp-json\/wp\/v2\/posts\/44808\/revisions\/44809"}],"wp:featuredmedia":[{"embeddable":true,"href":"https:\/\/lasentinelle.dz\/index.php\/wp-json\/wp\/v2\/media\/40979"}],"wp:attachment":[{"href":"https:\/\/lasentinelle.dz\/index.php\/wp-json\/wp\/v2\/media?parent=44808"}],"wp:term":[{"taxonomy":"category","embeddable":true,"href":"https:\/\/lasentinelle.dz\/index.php\/wp-json\/wp\/v2\/categories?post=44808"},{"taxonomy":"post_tag","embeddable":true,"href":"https:\/\/lasentinelle.dz\/index.php\/wp-json\/wp\/v2\/tags?post=44808"}],"curies":[{"name":"wp","href":"https:\/\/api.w.org\/{rel}","templated":true}]}}