{"id":44817,"date":"2023-08-20T21:56:06","date_gmt":"2023-08-20T20:56:06","guid":{"rendered":"https:\/\/lasentinelle.dz\/?p=44817"},"modified":"2023-08-20T21:56:08","modified_gmt":"2023-08-20T20:56:08","slug":"gaz-naturel-lalgerie-consolide-sa-place-de-premier-fournisseur-de-lespagne","status":"publish","type":"post","link":"https:\/\/lasentinelle.dz\/index.php\/2023\/08\/20\/gaz-naturel-lalgerie-consolide-sa-place-de-premier-fournisseur-de-lespagne\/","title":{"rendered":"Gaz naturel\u00a0: L\u2019Alg\u00e9rie consolide sa place de premier fournisseur de l\u2019Espagne"},"content":{"rendered":"\n<p>L\u2019Alg\u00e9rie a consolid\u00e9 sa place de premier fournisseur de gaz naturel de l\u2019Espagne au mois de juillet dernier en garantissant pr\u00e8s de 30% des approvisionnement gaziers du march\u00e9 espagnol. &nbsp;Selon les donn\u00e9es de l\u2019op\u00e9rateur espagnol de gestion des infrastructures \u00e9nerg\u00e9tiques&nbsp; Enagas, l\u2019Alg\u00e9rie se positionne comme le principal fournisseur de gaz naturel de l&rsquo;Espagne pour les sept premiers mois de l\u2019ann\u00e9e 2023. L\u2019Alg\u00e9rie se positionne comme premier fournisseur de l\u2019Espagne en gaz au mois de juillet dernier, avec des livraisons totales de de 9 106 gigavattheures (GWh), couvrant ainsi 28,7 % de la demande mensuelle, selon les donn\u00e9es du dernier bulletin d&rsquo;Enag\u00e1s.<\/p>\n\n\n\n<p>Sur les sept premiers mois de l&rsquo;ann\u00e9e, l\u2019Alg\u00e9rie a fourni plus de 59 100 GWh de gaz \u00e0 l\u2019Espagne, couvrant 25 % de la demande totale jusqu&rsquo;en juillet et retrouve ainsi sa place historique de principal fournisseur de l\u2019Espagne en gaz, conjoncturellement c\u00e9d\u00e9e aux Etats-Unis. Sonatrach et le groupe \u00e9nerg\u00e9tique espagnol Naturgy ont \u00e9tabli un nouveau tarif applicable r\u00e9troactivement aux volumes livr\u00e9s jusqu\u2019\u00e0 fin 2022 et sont \u00e9galement convenus de poursuivre cette ann\u00e9e la n\u00e9gociation des tarifs. Les deux pays sont reli\u00e9s par le gazoduc sous-marin Medgaz de 757 kilom\u00e8tres. L\u2019Alg\u00e9rie se place aussi devant la Russie qui couvre 21,1 % de la demande de gaz naturel de l&rsquo;Espagne avec qui avec 49 909 GWh. La Russie occupe \u00e9galement la place de second fournisseur au mois de juillet, en fournissant 27,6 % de la demande totale. Le gaz US n&rsquo;arrive qu\u2019en troisi\u00e8me place en r\u00e9pondant \u00e0 19,1 % de la demande totale cette ann\u00e9e, devant le Nigeria avec 13,9 %.<\/p>\n\n\n\n<p>De son c\u00f4t\u00e9, la demande nationale de gaz naturel au mois de juillet a enregistr\u00e9 une baisse de 15,9 % par rapport \u00e0 la m\u00eame p\u00e9riode de l&rsquo;ann\u00e9e pr\u00e9c\u00e9dente, avec 26 199 GWh. En revanche, la demande conventionnelle a augment\u00e9 de 13 %, tandis que celle du secteur \u00e9lectrique a chut\u00e9 de 39,4 %.<\/p>\n\n\n\n<p>Au cours des sept premiers mois de l&rsquo;ann\u00e9e, la consommation de gaz naturel a recul\u00e9 de 14 % par rapport \u00e0 la m\u00eame p\u00e9riode de 2022, avec 192 517 GWh.<\/p>\n\n\n\n<p>Samira Ghrib<\/p>\n","protected":false},"excerpt":{"rendered":"<p>L\u2019Alg\u00e9rie a consolid\u00e9 sa place de premier fournisseur de gaz naturel de l\u2019Espagne au mois de juillet dernier en garantissant<\/p>\n","protected":false},"author":3,"featured_media":37885,"comment_status":"open","ping_status":"closed","sticky":false,"template":"","format":"standard","meta":{"colormag_page_container_layout":"default_layout","colormag_page_sidebar_layout":"default_layout","om_disable_all_campaigns":false,"_monsterinsights_skip_tracking":false,"_monsterinsights_sitenote_active":false,"_monsterinsights_sitenote_note":"","_monsterinsights_sitenote_category":0,"footnotes":"","_wpscppro_dont_share_socialmedia":false,"_wpscppro_custom_social_share_image":0,"_facebook_share_type":"","_twitter_share_type":"","_linkedin_share_type":"","_pinterest_share_type":"","_linkedin_share_type_page":"","_instagram_share_type":"","_medium_share_type":"","_threads_share_type":"","_google_business_share_type":"","_selected_social_profile":[],"_wpsp_enable_custom_social_template":false,"_wpsp_social_scheduling":{"enabled":false,"datetime":null,"platforms":[],"status":"template_only","dateOption":"today","timeOption":"now","customDays":"","customHours":"","customDate":"","customTime":"","schedulingType":"absolute"},"_wpsp_active_default_template":true},"categories":[52,29],"tags":[],"class_list":["post-44817","post","type-post","status-publish","format-standard","has-post-thumbnail","hentry","category-a-la-une","category-economie"],"aioseo_notices":[],"yoast_head":"<!-- This site is optimized with the Yoast SEO plugin v27.5 - https:\/\/yoast.com\/product\/yoast-seo-wordpress\/ -->\n<title>Gaz naturel\u00a0: L\u2019Alg\u00e9rie consolide sa place de premier fournisseur de l\u2019Espagne - La Sentinelle<\/title>\n<meta name=\"robots\" content=\"index, follow, max-snippet:-1, max-image-preview:large, max-video-preview:-1\" \/>\n<link rel=\"canonical\" href=\"https:\/\/lasentinelle.dz\/index.php\/2023\/08\/20\/gaz-naturel-lalgerie-consolide-sa-place-de-premier-fournisseur-de-lespagne\/\" \/>\n<meta property=\"og:locale\" content=\"fr_FR\" \/>\n<meta property=\"og:type\" content=\"article\" \/>\n<meta property=\"og:title\" content=\"Gaz naturel\u00a0: L\u2019Alg\u00e9rie consolide sa place de premier fournisseur de l\u2019Espagne - La Sentinelle\" \/>\n<meta property=\"og:description\" content=\"L\u2019Alg\u00e9rie a consolid\u00e9 sa place de premier fournisseur de gaz naturel de l\u2019Espagne au mois de juillet dernier en garantissant\" \/>\n<meta property=\"og:url\" content=\"https:\/\/lasentinelle.dz\/index.php\/2023\/08\/20\/gaz-naturel-lalgerie-consolide-sa-place-de-premier-fournisseur-de-lespagne\/\" \/>\n<meta property=\"og:site_name\" content=\"La Sentinelle\" \/>\n<meta property=\"article:publisher\" content=\"https:\/\/www.facebook.com\/La-Sentinelle-104059864394773\" \/>\n<meta property=\"article:published_time\" content=\"2023-08-20T20:56:06+00:00\" \/>\n<meta property=\"article:modified_time\" content=\"2023-08-20T20:56:08+00:00\" \/>\n<meta property=\"og:image\" content=\"https:\/\/lasentinelle.dz\/wp-content\/uploads\/2023\/03\/gaz.png\" \/>\n\t<meta property=\"og:image:width\" content=\"1406\" \/>\n\t<meta property=\"og:image:height\" content=\"900\" \/>\n\t<meta property=\"og:image:type\" content=\"image\/png\" \/>\n<meta name=\"author\" content=\"La Sentinelle\" \/>\n<meta name=\"twitter:card\" content=\"summary_large_image\" \/>\n<meta name=\"twitter:label1\" content=\"\u00c9crit par\" \/>\n\t<meta name=\"twitter:data1\" content=\"La Sentinelle\" \/>\n\t<meta name=\"twitter:label2\" content=\"Dur\u00e9e de lecture estim\u00e9e\" \/>\n\t<meta name=\"twitter:data2\" content=\"2 minutes\" \/>\n<script type=\"application\/ld+json\" class=\"yoast-schema-graph\">{\"@context\":\"https:\\\/\\\/schema.org\",\"@graph\":[{\"@type\":\"Article\",\"@id\":\"https:\\\/\\\/lasentinelle.dz\\\/index.php\\\/2023\\\/08\\\/20\\\/gaz-naturel-lalgerie-consolide-sa-place-de-premier-fournisseur-de-lespagne\\\/#article\",\"isPartOf\":{\"@id\":\"https:\\\/\\\/lasentinelle.dz\\\/index.php\\\/2023\\\/08\\\/20\\\/gaz-naturel-lalgerie-consolide-sa-place-de-premier-fournisseur-de-lespagne\\\/\"},\"author\":{\"name\":\"La Sentinelle\",\"@id\":\"https:\\\/\\\/lasentinelle.dz\\\/#\\\/schema\\\/person\\\/d865044e22e70a75174ce8bcad3acfb3\"},\"headline\":\"Gaz naturel\u00a0: L\u2019Alg\u00e9rie consolide sa place de premier fournisseur de l\u2019Espagne\",\"datePublished\":\"2023-08-20T20:56:06+00:00\",\"dateModified\":\"2023-08-20T20:56:08+00:00\",\"mainEntityOfPage\":{\"@id\":\"https:\\\/\\\/lasentinelle.dz\\\/index.php\\\/2023\\\/08\\\/20\\\/gaz-naturel-lalgerie-consolide-sa-place-de-premier-fournisseur-de-lespagne\\\/\"},\"wordCount\":378,\"commentCount\":0,\"publisher\":{\"@id\":\"https:\\\/\\\/lasentinelle.dz\\\/#organization\"},\"image\":{\"@id\":\"https:\\\/\\\/lasentinelle.dz\\\/index.php\\\/2023\\\/08\\\/20\\\/gaz-naturel-lalgerie-consolide-sa-place-de-premier-fournisseur-de-lespagne\\\/#primaryimage\"},\"thumbnailUrl\":\"https:\\\/\\\/lasentinelle.dz\\\/wp-content\\\/uploads\\\/2023\\\/03\\\/gaz.png\",\"articleSection\":[\"\u00c0 la Une\",\"\u00c9conomie\"],\"inLanguage\":\"fr-FR\",\"potentialAction\":[{\"@type\":\"CommentAction\",\"name\":\"Comment\",\"target\":[\"https:\\\/\\\/lasentinelle.dz\\\/index.php\\\/2023\\\/08\\\/20\\\/gaz-naturel-lalgerie-consolide-sa-place-de-premier-fournisseur-de-lespagne\\\/#respond\"]}]},{\"@type\":\"WebPage\",\"@id\":\"https:\\\/\\\/lasentinelle.dz\\\/index.php\\\/2023\\\/08\\\/20\\\/gaz-naturel-lalgerie-consolide-sa-place-de-premier-fournisseur-de-lespagne\\\/\",\"url\":\"https:\\\/\\\/lasentinelle.dz\\\/index.php\\\/2023\\\/08\\\/20\\\/gaz-naturel-lalgerie-consolide-sa-place-de-premier-fournisseur-de-lespagne\\\/\",\"name\":\"Gaz naturel\u00a0: L\u2019Alg\u00e9rie consolide sa place de premier fournisseur de l\u2019Espagne - La Sentinelle\",\"isPartOf\":{\"@id\":\"https:\\\/\\\/lasentinelle.dz\\\/#website\"},\"primaryImageOfPage\":{\"@id\":\"https:\\\/\\\/lasentinelle.dz\\\/index.php\\\/2023\\\/08\\\/20\\\/gaz-naturel-lalgerie-consolide-sa-place-de-premier-fournisseur-de-lespagne\\\/#primaryimage\"},\"image\":{\"@id\":\"https:\\\/\\\/lasentinelle.dz\\\/index.php\\\/2023\\\/08\\\/20\\\/gaz-naturel-lalgerie-consolide-sa-place-de-premier-fournisseur-de-lespagne\\\/#primaryimage\"},\"thumbnailUrl\":\"https:\\\/\\\/lasentinelle.dz\\\/wp-content\\\/uploads\\\/2023\\\/03\\\/gaz.png\",\"datePublished\":\"2023-08-20T20:56:06+00:00\",\"dateModified\":\"2023-08-20T20:56:08+00:00\",\"breadcrumb\":{\"@id\":\"https:\\\/\\\/lasentinelle.dz\\\/index.php\\\/2023\\\/08\\\/20\\\/gaz-naturel-lalgerie-consolide-sa-place-de-premier-fournisseur-de-lespagne\\\/#breadcrumb\"},\"inLanguage\":\"fr-FR\",\"potentialAction\":[{\"@type\":\"ReadAction\",\"target\":[\"https:\\\/\\\/lasentinelle.dz\\\/index.php\\\/2023\\\/08\\\/20\\\/gaz-naturel-lalgerie-consolide-sa-place-de-premier-fournisseur-de-lespagne\\\/\"]}]},{\"@type\":\"ImageObject\",\"inLanguage\":\"fr-FR\",\"@id\":\"https:\\\/\\\/lasentinelle.dz\\\/index.php\\\/2023\\\/08\\\/20\\\/gaz-naturel-lalgerie-consolide-sa-place-de-premier-fournisseur-de-lespagne\\\/#primaryimage\",\"url\":\"https:\\\/\\\/lasentinelle.dz\\\/wp-content\\\/uploads\\\/2023\\\/03\\\/gaz.png\",\"contentUrl\":\"https:\\\/\\\/lasentinelle.dz\\\/wp-content\\\/uploads\\\/2023\\\/03\\\/gaz.png\",\"width\":1406,\"height\":900},{\"@type\":\"BreadcrumbList\",\"@id\":\"https:\\\/\\\/lasentinelle.dz\\\/index.php\\\/2023\\\/08\\\/20\\\/gaz-naturel-lalgerie-consolide-sa-place-de-premier-fournisseur-de-lespagne\\\/#breadcrumb\",\"itemListElement\":[{\"@type\":\"ListItem\",\"position\":1,\"name\":\"Accueil\",\"item\":\"https:\\\/\\\/lasentinelle.dz\\\/\"},{\"@type\":\"ListItem\",\"position\":2,\"name\":\"Gaz naturel\u00a0: L\u2019Alg\u00e9rie consolide sa place de premier fournisseur de l\u2019Espagne\"}]},{\"@type\":\"WebSite\",\"@id\":\"https:\\\/\\\/lasentinelle.dz\\\/#website\",\"url\":\"https:\\\/\\\/lasentinelle.dz\\\/\",\"name\":\"La Sentinelle\",\"description\":\"Quotidien national d&#039;information\",\"publisher\":{\"@id\":\"https:\\\/\\\/lasentinelle.dz\\\/#organization\"},\"potentialAction\":[{\"@type\":\"SearchAction\",\"target\":{\"@type\":\"EntryPoint\",\"urlTemplate\":\"https:\\\/\\\/lasentinelle.dz\\\/?s={search_term_string}\"},\"query-input\":{\"@type\":\"PropertyValueSpecification\",\"valueRequired\":true,\"valueName\":\"search_term_string\"}}],\"inLanguage\":\"fr-FR\"},{\"@type\":\"Organization\",\"@id\":\"https:\\\/\\\/lasentinelle.dz\\\/#organization\",\"name\":\"Quotidien La Sentinelle\",\"url\":\"https:\\\/\\\/lasentinelle.dz\\\/\",\"logo\":{\"@type\":\"ImageObject\",\"inLanguage\":\"fr-FR\",\"@id\":\"https:\\\/\\\/lasentinelle.dz\\\/#\\\/schema\\\/logo\\\/image\\\/\",\"url\":\"https:\\\/\\\/lasentinelle.dz\\\/wp-content\\\/uploads\\\/2021\\\/09\\\/logo-sentinelleSLOGAN-1.png\",\"contentUrl\":\"https:\\\/\\\/lasentinelle.dz\\\/wp-content\\\/uploads\\\/2021\\\/09\\\/logo-sentinelleSLOGAN-1.png\",\"width\":615,\"height\":142,\"caption\":\"Quotidien La Sentinelle\"},\"image\":{\"@id\":\"https:\\\/\\\/lasentinelle.dz\\\/#\\\/schema\\\/logo\\\/image\\\/\"},\"sameAs\":[\"https:\\\/\\\/www.facebook.com\\\/La-Sentinelle-104059864394773\"]},{\"@type\":\"Person\",\"@id\":\"https:\\\/\\\/lasentinelle.dz\\\/#\\\/schema\\\/person\\\/d865044e22e70a75174ce8bcad3acfb3\",\"name\":\"La Sentinelle\",\"image\":{\"@type\":\"ImageObject\",\"inLanguage\":\"fr-FR\",\"@id\":\"https:\\\/\\\/secure.gravatar.com\\\/avatar\\\/57de8e5d4b15d43fb361a71fbb36338450fe67865b528a43dd10ef7c51a20392?s=96&d=mm&r=g\",\"url\":\"https:\\\/\\\/secure.gravatar.com\\\/avatar\\\/57de8e5d4b15d43fb361a71fbb36338450fe67865b528a43dd10ef7c51a20392?s=96&d=mm&r=g\",\"contentUrl\":\"https:\\\/\\\/secure.gravatar.com\\\/avatar\\\/57de8e5d4b15d43fb361a71fbb36338450fe67865b528a43dd10ef7c51a20392?s=96&d=mm&r=g\",\"caption\":\"La Sentinelle\"},\"sameAs\":[\"http:\\\/\\\/www.lasentinelle.dz\"],\"url\":\"https:\\\/\\\/lasentinelle.dz\\\/author\\\/redaction\\\/\"}]}<\/script>\n<!-- \/ Yoast SEO plugin. -->","yoast_head_json":{"title":"Gaz naturel\u00a0: L\u2019Alg\u00e9rie consolide sa place de premier fournisseur de l\u2019Espagne - La Sentinelle","robots":{"index":"index","follow":"follow","max-snippet":"max-snippet:-1","max-image-preview":"max-image-preview:large","max-video-preview":"max-video-preview:-1"},"canonical":"https:\/\/lasentinelle.dz\/index.php\/2023\/08\/20\/gaz-naturel-lalgerie-consolide-sa-place-de-premier-fournisseur-de-lespagne\/","og_locale":"fr_FR","og_type":"article","og_title":"Gaz naturel\u00a0: L\u2019Alg\u00e9rie consolide sa place de premier fournisseur de l\u2019Espagne - La Sentinelle","og_description":"L\u2019Alg\u00e9rie a consolid\u00e9 sa place de premier fournisseur de gaz naturel de l\u2019Espagne au mois de juillet dernier en garantissant","og_url":"https:\/\/lasentinelle.dz\/index.php\/2023\/08\/20\/gaz-naturel-lalgerie-consolide-sa-place-de-premier-fournisseur-de-lespagne\/","og_site_name":"La Sentinelle","article_publisher":"https:\/\/www.facebook.com\/La-Sentinelle-104059864394773","article_published_time":"2023-08-20T20:56:06+00:00","article_modified_time":"2023-08-20T20:56:08+00:00","og_image":[{"width":1406,"height":900,"url":"https:\/\/lasentinelle.dz\/wp-content\/uploads\/2023\/03\/gaz.png","type":"image\/png"}],"author":"La Sentinelle","twitter_card":"summary_large_image","twitter_misc":{"\u00c9crit par":"La Sentinelle","Dur\u00e9e de lecture estim\u00e9e":"2 minutes"},"schema":{"@context":"https:\/\/schema.org","@graph":[{"@type":"Article","@id":"https:\/\/lasentinelle.dz\/index.php\/2023\/08\/20\/gaz-naturel-lalgerie-consolide-sa-place-de-premier-fournisseur-de-lespagne\/#article","isPartOf":{"@id":"https:\/\/lasentinelle.dz\/index.php\/2023\/08\/20\/gaz-naturel-lalgerie-consolide-sa-place-de-premier-fournisseur-de-lespagne\/"},"author":{"name":"La Sentinelle","@id":"https:\/\/lasentinelle.dz\/#\/schema\/person\/d865044e22e70a75174ce8bcad3acfb3"},"headline":"Gaz naturel\u00a0: L\u2019Alg\u00e9rie consolide sa place de premier fournisseur de l\u2019Espagne","datePublished":"2023-08-20T20:56:06+00:00","dateModified":"2023-08-20T20:56:08+00:00","mainEntityOfPage":{"@id":"https:\/\/lasentinelle.dz\/index.php\/2023\/08\/20\/gaz-naturel-lalgerie-consolide-sa-place-de-premier-fournisseur-de-lespagne\/"},"wordCount":378,"commentCount":0,"publisher":{"@id":"https:\/\/lasentinelle.dz\/#organization"},"image":{"@id":"https:\/\/lasentinelle.dz\/index.php\/2023\/08\/20\/gaz-naturel-lalgerie-consolide-sa-place-de-premier-fournisseur-de-lespagne\/#primaryimage"},"thumbnailUrl":"https:\/\/lasentinelle.dz\/wp-content\/uploads\/2023\/03\/gaz.png","articleSection":["\u00c0 la Une","\u00c9conomie"],"inLanguage":"fr-FR","potentialAction":[{"@type":"CommentAction","name":"Comment","target":["https:\/\/lasentinelle.dz\/index.php\/2023\/08\/20\/gaz-naturel-lalgerie-consolide-sa-place-de-premier-fournisseur-de-lespagne\/#respond"]}]},{"@type":"WebPage","@id":"https:\/\/lasentinelle.dz\/index.php\/2023\/08\/20\/gaz-naturel-lalgerie-consolide-sa-place-de-premier-fournisseur-de-lespagne\/","url":"https:\/\/lasentinelle.dz\/index.php\/2023\/08\/20\/gaz-naturel-lalgerie-consolide-sa-place-de-premier-fournisseur-de-lespagne\/","name":"Gaz naturel\u00a0: L\u2019Alg\u00e9rie consolide sa place de premier fournisseur de l\u2019Espagne - La Sentinelle","isPartOf":{"@id":"https:\/\/lasentinelle.dz\/#website"},"primaryImageOfPage":{"@id":"https:\/\/lasentinelle.dz\/index.php\/2023\/08\/20\/gaz-naturel-lalgerie-consolide-sa-place-de-premier-fournisseur-de-lespagne\/#primaryimage"},"image":{"@id":"https:\/\/lasentinelle.dz\/index.php\/2023\/08\/20\/gaz-naturel-lalgerie-consolide-sa-place-de-premier-fournisseur-de-lespagne\/#primaryimage"},"thumbnailUrl":"https:\/\/lasentinelle.dz\/wp-content\/uploads\/2023\/03\/gaz.png","datePublished":"2023-08-20T20:56:06+00:00","dateModified":"2023-08-20T20:56:08+00:00","breadcrumb":{"@id":"https:\/\/lasentinelle.dz\/index.php\/2023\/08\/20\/gaz-naturel-lalgerie-consolide-sa-place-de-premier-fournisseur-de-lespagne\/#breadcrumb"},"inLanguage":"fr-FR","potentialAction":[{"@type":"ReadAction","target":["https:\/\/lasentinelle.dz\/index.php\/2023\/08\/20\/gaz-naturel-lalgerie-consolide-sa-place-de-premier-fournisseur-de-lespagne\/"]}]},{"@type":"ImageObject","inLanguage":"fr-FR","@id":"https:\/\/lasentinelle.dz\/index.php\/2023\/08\/20\/gaz-naturel-lalgerie-consolide-sa-place-de-premier-fournisseur-de-lespagne\/#primaryimage","url":"https:\/\/lasentinelle.dz\/wp-content\/uploads\/2023\/03\/gaz.png","contentUrl":"https:\/\/lasentinelle.dz\/wp-content\/uploads\/2023\/03\/gaz.png","width":1406,"height":900},{"@type":"BreadcrumbList","@id":"https:\/\/lasentinelle.dz\/index.php\/2023\/08\/20\/gaz-naturel-lalgerie-consolide-sa-place-de-premier-fournisseur-de-lespagne\/#breadcrumb","itemListElement":[{"@type":"ListItem","position":1,"name":"Accueil","item":"https:\/\/lasentinelle.dz\/"},{"@type":"ListItem","position":2,"name":"Gaz naturel\u00a0: L\u2019Alg\u00e9rie consolide sa place de premier fournisseur de l\u2019Espagne"}]},{"@type":"WebSite","@id":"https:\/\/lasentinelle.dz\/#website","url":"https:\/\/lasentinelle.dz\/","name":"La Sentinelle","description":"Quotidien national d&#039;information","publisher":{"@id":"https:\/\/lasentinelle.dz\/#organization"},"potentialAction":[{"@type":"SearchAction","target":{"@type":"EntryPoint","urlTemplate":"https:\/\/lasentinelle.dz\/?s={search_term_string}"},"query-input":{"@type":"PropertyValueSpecification","valueRequired":true,"valueName":"search_term_string"}}],"inLanguage":"fr-FR"},{"@type":"Organization","@id":"https:\/\/lasentinelle.dz\/#organization","name":"Quotidien La Sentinelle","url":"https:\/\/lasentinelle.dz\/","logo":{"@type":"ImageObject","inLanguage":"fr-FR","@id":"https:\/\/lasentinelle.dz\/#\/schema\/logo\/image\/","url":"https:\/\/lasentinelle.dz\/wp-content\/uploads\/2021\/09\/logo-sentinelleSLOGAN-1.png","contentUrl":"https:\/\/lasentinelle.dz\/wp-content\/uploads\/2021\/09\/logo-sentinelleSLOGAN-1.png","width":615,"height":142,"caption":"Quotidien La Sentinelle"},"image":{"@id":"https:\/\/lasentinelle.dz\/#\/schema\/logo\/image\/"},"sameAs":["https:\/\/www.facebook.com\/La-Sentinelle-104059864394773"]},{"@type":"Person","@id":"https:\/\/lasentinelle.dz\/#\/schema\/person\/d865044e22e70a75174ce8bcad3acfb3","name":"La Sentinelle","image":{"@type":"ImageObject","inLanguage":"fr-FR","@id":"https:\/\/secure.gravatar.com\/avatar\/57de8e5d4b15d43fb361a71fbb36338450fe67865b528a43dd10ef7c51a20392?s=96&d=mm&r=g","url":"https:\/\/secure.gravatar.com\/avatar\/57de8e5d4b15d43fb361a71fbb36338450fe67865b528a43dd10ef7c51a20392?s=96&d=mm&r=g","contentUrl":"https:\/\/secure.gravatar.com\/avatar\/57de8e5d4b15d43fb361a71fbb36338450fe67865b528a43dd10ef7c51a20392?s=96&d=mm&r=g","caption":"La Sentinelle"},"sameAs":["http:\/\/www.lasentinelle.dz"],"url":"https:\/\/lasentinelle.dz\/author\/redaction\/"}]}},"_links":{"self":[{"href":"https:\/\/lasentinelle.dz\/index.php\/wp-json\/wp\/v2\/posts\/44817","targetHints":{"allow":["GET"]}}],"collection":[{"href":"https:\/\/lasentinelle.dz\/index.php\/wp-json\/wp\/v2\/posts"}],"about":[{"href":"https:\/\/lasentinelle.dz\/index.php\/wp-json\/wp\/v2\/types\/post"}],"author":[{"embeddable":true,"href":"https:\/\/lasentinelle.dz\/index.php\/wp-json\/wp\/v2\/users\/3"}],"replies":[{"embeddable":true,"href":"https:\/\/lasentinelle.dz\/index.php\/wp-json\/wp\/v2\/comments?post=44817"}],"version-history":[{"count":1,"href":"https:\/\/lasentinelle.dz\/index.php\/wp-json\/wp\/v2\/posts\/44817\/revisions"}],"predecessor-version":[{"id":44818,"href":"https:\/\/lasentinelle.dz\/index.php\/wp-json\/wp\/v2\/posts\/44817\/revisions\/44818"}],"wp:featuredmedia":[{"embeddable":true,"href":"https:\/\/lasentinelle.dz\/index.php\/wp-json\/wp\/v2\/media\/37885"}],"wp:attachment":[{"href":"https:\/\/lasentinelle.dz\/index.php\/wp-json\/wp\/v2\/media?parent=44817"}],"wp:term":[{"taxonomy":"category","embeddable":true,"href":"https:\/\/lasentinelle.dz\/index.php\/wp-json\/wp\/v2\/categories?post=44817"},{"taxonomy":"post_tag","embeddable":true,"href":"https:\/\/lasentinelle.dz\/index.php\/wp-json\/wp\/v2\/tags?post=44817"}],"curies":[{"name":"wp","href":"https:\/\/api.w.org\/{rel}","templated":true}]}}