{"id":44819,"date":"2023-08-20T21:57:21","date_gmt":"2023-08-20T20:57:21","guid":{"rendered":"https:\/\/lasentinelle.dz\/?p=44819"},"modified":"2023-08-20T21:57:22","modified_gmt":"2023-08-20T20:57:22","slug":"disponibilite-du-sucre-et-des-legumes-secs-les-assurances-du-ministre-du-commerce","status":"publish","type":"post","link":"https:\/\/lasentinelle.dz\/index.php\/2023\/08\/20\/disponibilite-du-sucre-et-des-legumes-secs-les-assurances-du-ministre-du-commerce\/","title":{"rendered":"Disponibilit\u00e9 du sucre et des l\u00e9gumes secs\u00a0: Les assurances du ministre du Commerce"},"content":{"rendered":"\n<p>Le ministre du Commerce et de la Promotion des exportations, Tayeb Zitouni, a assur\u00e9 hier que son d\u00e9partement s\u2019\u00e9vertue \u00e0 renforcer les contr\u00f4les sur les march\u00e9s du sucre et des l\u00e9gumes secs afin de garantir la disponibilit\u00e9 de ces produits alimentaires et faire barrage aux pratiques sp\u00e9culatives. Au cours d\u2019une visite qu\u2019il a effectu\u00e9e dimanche au niveau de l\u2019unit\u00e9 de production de sucre du groupe \u00ab&nbsp;La Belle&nbsp;\u00bb dans la wilaya de Boumerd\u00e8s, le ministre a d\u2019abord tenu \u00e0 rappeler que le prix du sucre est subventionn\u00e9 par l\u2019\u00c9tat, \u00e0 travers les exon\u00e9rations des droits sur ce produits d\u2019ailleurs import\u00e9. D\u2019o\u00f9 la n\u00e9cessit\u00e9 selon lui, de ma\u00eetriser les circuits de distribution du circuit. Il a soulign\u00e9 dans ce sens que les pouvoirs publics, mettent en place des m\u00e9canismes pour contr\u00f4ler le circuit de distribution de ce produit alimentaire de base depuis sa sortie d\u2019usine jusqu\u2019\u00e0 la mise \u00e0 disposition du consommateur, notamment \u00e0 travers la num\u00e9risation du contr\u00f4le. Il a \u00e9galement soulign\u00e9 la n\u00e9cessit\u00e9 de d\u00e9terminer avec pr\u00e9cision la destination du produit subventionn\u00e9, que ce soit vers les m\u00e9nages, les p\u00e2tissiers ou encore les industries agro-alimentaires, notamment les producteurs de boissons. Et d\u2019ajouter qu\u2019il \u00e9tait aujourd\u2019hui n\u00e9cessaire de r\u00e9duire le taux de sucre dans les boissons. &nbsp;Pour Tayeb Zitouni, qui a soulign\u00e9 que le budget allou\u00e9 \u00e0 la subvention du sucre blanc et l\u2019huile raffin\u00e9 dans le cadre de la loi de Finances 2023, est estim\u00e9 \u00e0 38,5 milliards de DA, &nbsp;l\u2019auto-contr\u00f4le doit \u00eatre un r\u00e9flexe, chez tous les acteurs dans la fili\u00e8re sucre blanc, afin de r\u00e9duire la charge des autorit\u00e9s comp\u00e9tentes.<\/p>\n\n\n\n<p>Le ministre a \u00e9galement point\u00e9 du doigt les sp\u00e9culateurs et les \u00ab&nbsp;professionnels de l\u2019import&nbsp;\u00bb qui tentent, selon lui de provoquer des tensions sur le march\u00e9 afin d\u2019inciter les autorit\u00e9s \u00e0 recourir \u00e0 de nouvelles importations. Il cite dans ce sens le cas particulier des l\u00e9gumes secs. Il a soutenu ainsi la d\u00e9cision de maintenir le monopole de l\u2019Office alg\u00e9rien interprofessionnel des c\u00e9r\u00e9ales. S\u2019il reconna\u00eet que l\u2019OAIC a d\u2019abord d\u00fb ma\u00eetriser les circuits de distribution des l\u00e9gumineuses contr\u00f4l\u00e9s jusque-l\u00e0 par des op\u00e9rateurs priv\u00e9s, il annonce que l\u2019Office dispose aujourd\u2019hui d\u2019un millier de points de vente pour commercialiser le produit. Il assure ainsi de disponibilit\u00e9 des l\u00e9gumineuses en quantit\u00e9s suffisantes, annon\u00e7ant l\u2019existence de stocks estim\u00e9s \u00e0 55 000 tonnes de l\u00e9gumineuses qui seront mises sur le march\u00e9 \u00e0 partir de septembre.\u00a0\u00bbNous voulons fournir tous les produits au consommateur au meilleur prix et avec la meilleure qualit\u00e9\u00a0\u00bb, assure-t-il.&nbsp; Dans le m\u00eame contexte, Zitouni a \u00e9galement indiqu\u00e9 que les \u00e9quipes de contr\u00f4le continuaient leur travail sur le terrain pour \u00e9liminer toutes les formes de sp\u00e9culation illicite.<\/p>\n\n\n\n<p><strong>Samir Benisid<\/strong><\/p>\n","protected":false},"excerpt":{"rendered":"<p>Le ministre du Commerce et de la Promotion des exportations, Tayeb Zitouni, a assur\u00e9 hier que son d\u00e9partement s\u2019\u00e9vertue \u00e0<\/p>\n","protected":false},"author":3,"featured_media":38493,"comment_status":"open","ping_status":"closed","sticky":false,"template":"","format":"standard","meta":{"colormag_page_container_layout":"default_layout","colormag_page_sidebar_layout":"default_layout","om_disable_all_campaigns":false,"_monsterinsights_skip_tracking":false,"_monsterinsights_sitenote_active":false,"_monsterinsights_sitenote_note":"","_monsterinsights_sitenote_category":0,"footnotes":"","_wpscppro_dont_share_socialmedia":false,"_wpscppro_custom_social_share_image":0,"_facebook_share_type":"","_twitter_share_type":"","_linkedin_share_type":"","_pinterest_share_type":"","_linkedin_share_type_page":"","_instagram_share_type":"","_medium_share_type":"","_threads_share_type":"","_google_business_share_type":"","_selected_social_profile":[],"_wpsp_enable_custom_social_template":false,"_wpsp_social_scheduling":{"enabled":false,"datetime":null,"platforms":[],"status":"template_only","dateOption":"today","timeOption":"now","customDays":"","customHours":"","customDate":"","customTime":"","schedulingType":"absolute"},"_wpsp_active_default_template":true},"categories":[52,29],"tags":[],"class_list":["post-44819","post","type-post","status-publish","format-standard","has-post-thumbnail","hentry","category-a-la-une","category-economie"],"aioseo_notices":[],"yoast_head":"<!-- This site is optimized with the Yoast SEO plugin v27.5 - https:\/\/yoast.com\/product\/yoast-seo-wordpress\/ -->\n<title>Disponibilit\u00e9 du sucre et des l\u00e9gumes secs\u00a0: Les assurances du ministre du Commerce - La Sentinelle<\/title>\n<meta name=\"robots\" content=\"index, follow, max-snippet:-1, max-image-preview:large, max-video-preview:-1\" \/>\n<link rel=\"canonical\" href=\"https:\/\/lasentinelle.dz\/index.php\/2023\/08\/20\/disponibilite-du-sucre-et-des-legumes-secs-les-assurances-du-ministre-du-commerce\/\" \/>\n<meta property=\"og:locale\" content=\"fr_FR\" \/>\n<meta property=\"og:type\" content=\"article\" \/>\n<meta property=\"og:title\" content=\"Disponibilit\u00e9 du sucre et des l\u00e9gumes secs\u00a0: Les assurances du ministre du Commerce - La Sentinelle\" \/>\n<meta property=\"og:description\" content=\"Le ministre du Commerce et de la Promotion des exportations, Tayeb Zitouni, a assur\u00e9 hier que son d\u00e9partement s\u2019\u00e9vertue \u00e0\" \/>\n<meta property=\"og:url\" content=\"https:\/\/lasentinelle.dz\/index.php\/2023\/08\/20\/disponibilite-du-sucre-et-des-legumes-secs-les-assurances-du-ministre-du-commerce\/\" \/>\n<meta property=\"og:site_name\" content=\"La Sentinelle\" \/>\n<meta property=\"article:publisher\" content=\"https:\/\/www.facebook.com\/La-Sentinelle-104059864394773\" \/>\n<meta property=\"article:published_time\" content=\"2023-08-20T20:57:21+00:00\" \/>\n<meta property=\"article:modified_time\" content=\"2023-08-20T20:57:22+00:00\" \/>\n<meta property=\"og:image\" content=\"https:\/\/lasentinelle.dz\/wp-content\/uploads\/2023\/03\/zitouni.png\" \/>\n\t<meta property=\"og:image:width\" content=\"1350\" \/>\n\t<meta property=\"og:image:height\" content=\"900\" \/>\n\t<meta property=\"og:image:type\" content=\"image\/png\" \/>\n<meta name=\"author\" content=\"La Sentinelle\" \/>\n<meta name=\"twitter:card\" content=\"summary_large_image\" \/>\n<meta name=\"twitter:label1\" content=\"\u00c9crit par\" \/>\n\t<meta name=\"twitter:data1\" content=\"La Sentinelle\" \/>\n\t<meta name=\"twitter:label2\" content=\"Dur\u00e9e de lecture estim\u00e9e\" \/>\n\t<meta name=\"twitter:data2\" content=\"3 minutes\" \/>\n<script type=\"application\/ld+json\" class=\"yoast-schema-graph\">{\"@context\":\"https:\\\/\\\/schema.org\",\"@graph\":[{\"@type\":\"Article\",\"@id\":\"https:\\\/\\\/lasentinelle.dz\\\/index.php\\\/2023\\\/08\\\/20\\\/disponibilite-du-sucre-et-des-legumes-secs-les-assurances-du-ministre-du-commerce\\\/#article\",\"isPartOf\":{\"@id\":\"https:\\\/\\\/lasentinelle.dz\\\/index.php\\\/2023\\\/08\\\/20\\\/disponibilite-du-sucre-et-des-legumes-secs-les-assurances-du-ministre-du-commerce\\\/\"},\"author\":{\"name\":\"La Sentinelle\",\"@id\":\"https:\\\/\\\/lasentinelle.dz\\\/#\\\/schema\\\/person\\\/d865044e22e70a75174ce8bcad3acfb3\"},\"headline\":\"Disponibilit\u00e9 du sucre et des l\u00e9gumes secs\u00a0: Les assurances du ministre du Commerce\",\"datePublished\":\"2023-08-20T20:57:21+00:00\",\"dateModified\":\"2023-08-20T20:57:22+00:00\",\"mainEntityOfPage\":{\"@id\":\"https:\\\/\\\/lasentinelle.dz\\\/index.php\\\/2023\\\/08\\\/20\\\/disponibilite-du-sucre-et-des-legumes-secs-les-assurances-du-ministre-du-commerce\\\/\"},\"wordCount\":516,\"commentCount\":0,\"publisher\":{\"@id\":\"https:\\\/\\\/lasentinelle.dz\\\/#organization\"},\"image\":{\"@id\":\"https:\\\/\\\/lasentinelle.dz\\\/index.php\\\/2023\\\/08\\\/20\\\/disponibilite-du-sucre-et-des-legumes-secs-les-assurances-du-ministre-du-commerce\\\/#primaryimage\"},\"thumbnailUrl\":\"https:\\\/\\\/lasentinelle.dz\\\/wp-content\\\/uploads\\\/2023\\\/03\\\/zitouni.png\",\"articleSection\":[\"\u00c0 la Une\",\"\u00c9conomie\"],\"inLanguage\":\"fr-FR\",\"potentialAction\":[{\"@type\":\"CommentAction\",\"name\":\"Comment\",\"target\":[\"https:\\\/\\\/lasentinelle.dz\\\/index.php\\\/2023\\\/08\\\/20\\\/disponibilite-du-sucre-et-des-legumes-secs-les-assurances-du-ministre-du-commerce\\\/#respond\"]}]},{\"@type\":\"WebPage\",\"@id\":\"https:\\\/\\\/lasentinelle.dz\\\/index.php\\\/2023\\\/08\\\/20\\\/disponibilite-du-sucre-et-des-legumes-secs-les-assurances-du-ministre-du-commerce\\\/\",\"url\":\"https:\\\/\\\/lasentinelle.dz\\\/index.php\\\/2023\\\/08\\\/20\\\/disponibilite-du-sucre-et-des-legumes-secs-les-assurances-du-ministre-du-commerce\\\/\",\"name\":\"Disponibilit\u00e9 du sucre et des l\u00e9gumes secs\u00a0: Les assurances du ministre du Commerce - La Sentinelle\",\"isPartOf\":{\"@id\":\"https:\\\/\\\/lasentinelle.dz\\\/#website\"},\"primaryImageOfPage\":{\"@id\":\"https:\\\/\\\/lasentinelle.dz\\\/index.php\\\/2023\\\/08\\\/20\\\/disponibilite-du-sucre-et-des-legumes-secs-les-assurances-du-ministre-du-commerce\\\/#primaryimage\"},\"image\":{\"@id\":\"https:\\\/\\\/lasentinelle.dz\\\/index.php\\\/2023\\\/08\\\/20\\\/disponibilite-du-sucre-et-des-legumes-secs-les-assurances-du-ministre-du-commerce\\\/#primaryimage\"},\"thumbnailUrl\":\"https:\\\/\\\/lasentinelle.dz\\\/wp-content\\\/uploads\\\/2023\\\/03\\\/zitouni.png\",\"datePublished\":\"2023-08-20T20:57:21+00:00\",\"dateModified\":\"2023-08-20T20:57:22+00:00\",\"breadcrumb\":{\"@id\":\"https:\\\/\\\/lasentinelle.dz\\\/index.php\\\/2023\\\/08\\\/20\\\/disponibilite-du-sucre-et-des-legumes-secs-les-assurances-du-ministre-du-commerce\\\/#breadcrumb\"},\"inLanguage\":\"fr-FR\",\"potentialAction\":[{\"@type\":\"ReadAction\",\"target\":[\"https:\\\/\\\/lasentinelle.dz\\\/index.php\\\/2023\\\/08\\\/20\\\/disponibilite-du-sucre-et-des-legumes-secs-les-assurances-du-ministre-du-commerce\\\/\"]}]},{\"@type\":\"ImageObject\",\"inLanguage\":\"fr-FR\",\"@id\":\"https:\\\/\\\/lasentinelle.dz\\\/index.php\\\/2023\\\/08\\\/20\\\/disponibilite-du-sucre-et-des-legumes-secs-les-assurances-du-ministre-du-commerce\\\/#primaryimage\",\"url\":\"https:\\\/\\\/lasentinelle.dz\\\/wp-content\\\/uploads\\\/2023\\\/03\\\/zitouni.png\",\"contentUrl\":\"https:\\\/\\\/lasentinelle.dz\\\/wp-content\\\/uploads\\\/2023\\\/03\\\/zitouni.png\",\"width\":1350,\"height\":900},{\"@type\":\"BreadcrumbList\",\"@id\":\"https:\\\/\\\/lasentinelle.dz\\\/index.php\\\/2023\\\/08\\\/20\\\/disponibilite-du-sucre-et-des-legumes-secs-les-assurances-du-ministre-du-commerce\\\/#breadcrumb\",\"itemListElement\":[{\"@type\":\"ListItem\",\"position\":1,\"name\":\"Accueil\",\"item\":\"https:\\\/\\\/lasentinelle.dz\\\/\"},{\"@type\":\"ListItem\",\"position\":2,\"name\":\"Disponibilit\u00e9 du sucre et des l\u00e9gumes secs\u00a0: Les assurances du ministre du Commerce\"}]},{\"@type\":\"WebSite\",\"@id\":\"https:\\\/\\\/lasentinelle.dz\\\/#website\",\"url\":\"https:\\\/\\\/lasentinelle.dz\\\/\",\"name\":\"La Sentinelle\",\"description\":\"Quotidien national d&#039;information\",\"publisher\":{\"@id\":\"https:\\\/\\\/lasentinelle.dz\\\/#organization\"},\"potentialAction\":[{\"@type\":\"SearchAction\",\"target\":{\"@type\":\"EntryPoint\",\"urlTemplate\":\"https:\\\/\\\/lasentinelle.dz\\\/?s={search_term_string}\"},\"query-input\":{\"@type\":\"PropertyValueSpecification\",\"valueRequired\":true,\"valueName\":\"search_term_string\"}}],\"inLanguage\":\"fr-FR\"},{\"@type\":\"Organization\",\"@id\":\"https:\\\/\\\/lasentinelle.dz\\\/#organization\",\"name\":\"Quotidien La Sentinelle\",\"url\":\"https:\\\/\\\/lasentinelle.dz\\\/\",\"logo\":{\"@type\":\"ImageObject\",\"inLanguage\":\"fr-FR\",\"@id\":\"https:\\\/\\\/lasentinelle.dz\\\/#\\\/schema\\\/logo\\\/image\\\/\",\"url\":\"https:\\\/\\\/lasentinelle.dz\\\/wp-content\\\/uploads\\\/2021\\\/09\\\/logo-sentinelleSLOGAN-1.png\",\"contentUrl\":\"https:\\\/\\\/lasentinelle.dz\\\/wp-content\\\/uploads\\\/2021\\\/09\\\/logo-sentinelleSLOGAN-1.png\",\"width\":615,\"height\":142,\"caption\":\"Quotidien La Sentinelle\"},\"image\":{\"@id\":\"https:\\\/\\\/lasentinelle.dz\\\/#\\\/schema\\\/logo\\\/image\\\/\"},\"sameAs\":[\"https:\\\/\\\/www.facebook.com\\\/La-Sentinelle-104059864394773\"]},{\"@type\":\"Person\",\"@id\":\"https:\\\/\\\/lasentinelle.dz\\\/#\\\/schema\\\/person\\\/d865044e22e70a75174ce8bcad3acfb3\",\"name\":\"La Sentinelle\",\"image\":{\"@type\":\"ImageObject\",\"inLanguage\":\"fr-FR\",\"@id\":\"https:\\\/\\\/secure.gravatar.com\\\/avatar\\\/57de8e5d4b15d43fb361a71fbb36338450fe67865b528a43dd10ef7c51a20392?s=96&d=mm&r=g\",\"url\":\"https:\\\/\\\/secure.gravatar.com\\\/avatar\\\/57de8e5d4b15d43fb361a71fbb36338450fe67865b528a43dd10ef7c51a20392?s=96&d=mm&r=g\",\"contentUrl\":\"https:\\\/\\\/secure.gravatar.com\\\/avatar\\\/57de8e5d4b15d43fb361a71fbb36338450fe67865b528a43dd10ef7c51a20392?s=96&d=mm&r=g\",\"caption\":\"La Sentinelle\"},\"sameAs\":[\"http:\\\/\\\/www.lasentinelle.dz\"],\"url\":\"https:\\\/\\\/lasentinelle.dz\\\/author\\\/redaction\\\/\"}]}<\/script>\n<!-- \/ Yoast SEO plugin. -->","yoast_head_json":{"title":"Disponibilit\u00e9 du sucre et des l\u00e9gumes secs\u00a0: Les assurances du ministre du Commerce - La Sentinelle","robots":{"index":"index","follow":"follow","max-snippet":"max-snippet:-1","max-image-preview":"max-image-preview:large","max-video-preview":"max-video-preview:-1"},"canonical":"https:\/\/lasentinelle.dz\/index.php\/2023\/08\/20\/disponibilite-du-sucre-et-des-legumes-secs-les-assurances-du-ministre-du-commerce\/","og_locale":"fr_FR","og_type":"article","og_title":"Disponibilit\u00e9 du sucre et des l\u00e9gumes secs\u00a0: Les assurances du ministre du Commerce - La Sentinelle","og_description":"Le ministre du Commerce et de la Promotion des exportations, Tayeb Zitouni, a assur\u00e9 hier que son d\u00e9partement s\u2019\u00e9vertue \u00e0","og_url":"https:\/\/lasentinelle.dz\/index.php\/2023\/08\/20\/disponibilite-du-sucre-et-des-legumes-secs-les-assurances-du-ministre-du-commerce\/","og_site_name":"La Sentinelle","article_publisher":"https:\/\/www.facebook.com\/La-Sentinelle-104059864394773","article_published_time":"2023-08-20T20:57:21+00:00","article_modified_time":"2023-08-20T20:57:22+00:00","og_image":[{"width":1350,"height":900,"url":"https:\/\/lasentinelle.dz\/wp-content\/uploads\/2023\/03\/zitouni.png","type":"image\/png"}],"author":"La Sentinelle","twitter_card":"summary_large_image","twitter_misc":{"\u00c9crit par":"La Sentinelle","Dur\u00e9e de lecture estim\u00e9e":"3 minutes"},"schema":{"@context":"https:\/\/schema.org","@graph":[{"@type":"Article","@id":"https:\/\/lasentinelle.dz\/index.php\/2023\/08\/20\/disponibilite-du-sucre-et-des-legumes-secs-les-assurances-du-ministre-du-commerce\/#article","isPartOf":{"@id":"https:\/\/lasentinelle.dz\/index.php\/2023\/08\/20\/disponibilite-du-sucre-et-des-legumes-secs-les-assurances-du-ministre-du-commerce\/"},"author":{"name":"La Sentinelle","@id":"https:\/\/lasentinelle.dz\/#\/schema\/person\/d865044e22e70a75174ce8bcad3acfb3"},"headline":"Disponibilit\u00e9 du sucre et des l\u00e9gumes secs\u00a0: Les assurances du ministre du Commerce","datePublished":"2023-08-20T20:57:21+00:00","dateModified":"2023-08-20T20:57:22+00:00","mainEntityOfPage":{"@id":"https:\/\/lasentinelle.dz\/index.php\/2023\/08\/20\/disponibilite-du-sucre-et-des-legumes-secs-les-assurances-du-ministre-du-commerce\/"},"wordCount":516,"commentCount":0,"publisher":{"@id":"https:\/\/lasentinelle.dz\/#organization"},"image":{"@id":"https:\/\/lasentinelle.dz\/index.php\/2023\/08\/20\/disponibilite-du-sucre-et-des-legumes-secs-les-assurances-du-ministre-du-commerce\/#primaryimage"},"thumbnailUrl":"https:\/\/lasentinelle.dz\/wp-content\/uploads\/2023\/03\/zitouni.png","articleSection":["\u00c0 la Une","\u00c9conomie"],"inLanguage":"fr-FR","potentialAction":[{"@type":"CommentAction","name":"Comment","target":["https:\/\/lasentinelle.dz\/index.php\/2023\/08\/20\/disponibilite-du-sucre-et-des-legumes-secs-les-assurances-du-ministre-du-commerce\/#respond"]}]},{"@type":"WebPage","@id":"https:\/\/lasentinelle.dz\/index.php\/2023\/08\/20\/disponibilite-du-sucre-et-des-legumes-secs-les-assurances-du-ministre-du-commerce\/","url":"https:\/\/lasentinelle.dz\/index.php\/2023\/08\/20\/disponibilite-du-sucre-et-des-legumes-secs-les-assurances-du-ministre-du-commerce\/","name":"Disponibilit\u00e9 du sucre et des l\u00e9gumes secs\u00a0: Les assurances du ministre du Commerce - La Sentinelle","isPartOf":{"@id":"https:\/\/lasentinelle.dz\/#website"},"primaryImageOfPage":{"@id":"https:\/\/lasentinelle.dz\/index.php\/2023\/08\/20\/disponibilite-du-sucre-et-des-legumes-secs-les-assurances-du-ministre-du-commerce\/#primaryimage"},"image":{"@id":"https:\/\/lasentinelle.dz\/index.php\/2023\/08\/20\/disponibilite-du-sucre-et-des-legumes-secs-les-assurances-du-ministre-du-commerce\/#primaryimage"},"thumbnailUrl":"https:\/\/lasentinelle.dz\/wp-content\/uploads\/2023\/03\/zitouni.png","datePublished":"2023-08-20T20:57:21+00:00","dateModified":"2023-08-20T20:57:22+00:00","breadcrumb":{"@id":"https:\/\/lasentinelle.dz\/index.php\/2023\/08\/20\/disponibilite-du-sucre-et-des-legumes-secs-les-assurances-du-ministre-du-commerce\/#breadcrumb"},"inLanguage":"fr-FR","potentialAction":[{"@type":"ReadAction","target":["https:\/\/lasentinelle.dz\/index.php\/2023\/08\/20\/disponibilite-du-sucre-et-des-legumes-secs-les-assurances-du-ministre-du-commerce\/"]}]},{"@type":"ImageObject","inLanguage":"fr-FR","@id":"https:\/\/lasentinelle.dz\/index.php\/2023\/08\/20\/disponibilite-du-sucre-et-des-legumes-secs-les-assurances-du-ministre-du-commerce\/#primaryimage","url":"https:\/\/lasentinelle.dz\/wp-content\/uploads\/2023\/03\/zitouni.png","contentUrl":"https:\/\/lasentinelle.dz\/wp-content\/uploads\/2023\/03\/zitouni.png","width":1350,"height":900},{"@type":"BreadcrumbList","@id":"https:\/\/lasentinelle.dz\/index.php\/2023\/08\/20\/disponibilite-du-sucre-et-des-legumes-secs-les-assurances-du-ministre-du-commerce\/#breadcrumb","itemListElement":[{"@type":"ListItem","position":1,"name":"Accueil","item":"https:\/\/lasentinelle.dz\/"},{"@type":"ListItem","position":2,"name":"Disponibilit\u00e9 du sucre et des l\u00e9gumes secs\u00a0: Les assurances du ministre du Commerce"}]},{"@type":"WebSite","@id":"https:\/\/lasentinelle.dz\/#website","url":"https:\/\/lasentinelle.dz\/","name":"La Sentinelle","description":"Quotidien national d&#039;information","publisher":{"@id":"https:\/\/lasentinelle.dz\/#organization"},"potentialAction":[{"@type":"SearchAction","target":{"@type":"EntryPoint","urlTemplate":"https:\/\/lasentinelle.dz\/?s={search_term_string}"},"query-input":{"@type":"PropertyValueSpecification","valueRequired":true,"valueName":"search_term_string"}}],"inLanguage":"fr-FR"},{"@type":"Organization","@id":"https:\/\/lasentinelle.dz\/#organization","name":"Quotidien La Sentinelle","url":"https:\/\/lasentinelle.dz\/","logo":{"@type":"ImageObject","inLanguage":"fr-FR","@id":"https:\/\/lasentinelle.dz\/#\/schema\/logo\/image\/","url":"https:\/\/lasentinelle.dz\/wp-content\/uploads\/2021\/09\/logo-sentinelleSLOGAN-1.png","contentUrl":"https:\/\/lasentinelle.dz\/wp-content\/uploads\/2021\/09\/logo-sentinelleSLOGAN-1.png","width":615,"height":142,"caption":"Quotidien La Sentinelle"},"image":{"@id":"https:\/\/lasentinelle.dz\/#\/schema\/logo\/image\/"},"sameAs":["https:\/\/www.facebook.com\/La-Sentinelle-104059864394773"]},{"@type":"Person","@id":"https:\/\/lasentinelle.dz\/#\/schema\/person\/d865044e22e70a75174ce8bcad3acfb3","name":"La Sentinelle","image":{"@type":"ImageObject","inLanguage":"fr-FR","@id":"https:\/\/secure.gravatar.com\/avatar\/57de8e5d4b15d43fb361a71fbb36338450fe67865b528a43dd10ef7c51a20392?s=96&d=mm&r=g","url":"https:\/\/secure.gravatar.com\/avatar\/57de8e5d4b15d43fb361a71fbb36338450fe67865b528a43dd10ef7c51a20392?s=96&d=mm&r=g","contentUrl":"https:\/\/secure.gravatar.com\/avatar\/57de8e5d4b15d43fb361a71fbb36338450fe67865b528a43dd10ef7c51a20392?s=96&d=mm&r=g","caption":"La Sentinelle"},"sameAs":["http:\/\/www.lasentinelle.dz"],"url":"https:\/\/lasentinelle.dz\/author\/redaction\/"}]}},"_links":{"self":[{"href":"https:\/\/lasentinelle.dz\/index.php\/wp-json\/wp\/v2\/posts\/44819","targetHints":{"allow":["GET"]}}],"collection":[{"href":"https:\/\/lasentinelle.dz\/index.php\/wp-json\/wp\/v2\/posts"}],"about":[{"href":"https:\/\/lasentinelle.dz\/index.php\/wp-json\/wp\/v2\/types\/post"}],"author":[{"embeddable":true,"href":"https:\/\/lasentinelle.dz\/index.php\/wp-json\/wp\/v2\/users\/3"}],"replies":[{"embeddable":true,"href":"https:\/\/lasentinelle.dz\/index.php\/wp-json\/wp\/v2\/comments?post=44819"}],"version-history":[{"count":1,"href":"https:\/\/lasentinelle.dz\/index.php\/wp-json\/wp\/v2\/posts\/44819\/revisions"}],"predecessor-version":[{"id":44820,"href":"https:\/\/lasentinelle.dz\/index.php\/wp-json\/wp\/v2\/posts\/44819\/revisions\/44820"}],"wp:featuredmedia":[{"embeddable":true,"href":"https:\/\/lasentinelle.dz\/index.php\/wp-json\/wp\/v2\/media\/38493"}],"wp:attachment":[{"href":"https:\/\/lasentinelle.dz\/index.php\/wp-json\/wp\/v2\/media?parent=44819"}],"wp:term":[{"taxonomy":"category","embeddable":true,"href":"https:\/\/lasentinelle.dz\/index.php\/wp-json\/wp\/v2\/categories?post=44819"},{"taxonomy":"post_tag","embeddable":true,"href":"https:\/\/lasentinelle.dz\/index.php\/wp-json\/wp\/v2\/tags?post=44819"}],"curies":[{"name":"wp","href":"https:\/\/api.w.org\/{rel}","templated":true}]}}