{"id":44831,"date":"2023-08-21T20:47:04","date_gmt":"2023-08-21T19:47:04","guid":{"rendered":"https:\/\/lasentinelle.dz\/?p=44831"},"modified":"2023-08-21T20:47:05","modified_gmt":"2023-08-21T19:47:05","slug":"championnat-du-monde-de-para-powerlifting-la-selection-nationale-compte-obtenir-de-bons-resultats","status":"publish","type":"post","link":"https:\/\/lasentinelle.dz\/index.php\/2023\/08\/21\/championnat-du-monde-de-para-powerlifting-la-selection-nationale-compte-obtenir-de-bons-resultats\/","title":{"rendered":"Championnat du Monde de Para-powerlifting\u00a0: La S\u00e9lection nationale compte obtenir de bons r\u00e9sultats"},"content":{"rendered":"\n<p>Avec sept athl\u00e8tes engag\u00e9s dont deux filles et un junior, le handisport alg\u00e9rien compte laisser une bonne empreinte lors de ces mondiaux qui ont drain\u00e9&nbsp; une participation record de quelques 160 para-powerlifters.<\/p>\n\n\n\n<p>Le junior Chams Eddine Boudraa sera le premier athl\u00e8te de la S\u00e9lection nationale de para-powerlifting \u00e0 entrer en lice lors des Championnats du monde de la discipline, lesquels se tiennent du 22 au 30 ao\u00fbt en cours \u00e0 Dubai. Un tournoi qui est, rappelons-le, qualificatif aux Jeux paralympiques de Paris-2024, et dont la r\u00e9union technique a \u00e9t\u00e9 tenue, dimanche en soir\u00e9e en pr\u00e9sence des repr\u00e9sentants de 80 pays.<\/p>\n\n\n\n<p>Chams Eddine Boudraa est engag\u00e9 dans sa cat\u00e9gorie des 49kg. Le repr\u00e9sentant alg\u00e9rien aura face \u00e0 lui, 13 comp\u00e9titeurs de diff\u00e9rents pays. C&rsquo;est un rendez-vous qui rev\u00eat une grande importance, non seulement parce que c&rsquo;est un championnat du monde, mais surtout car il est qualificatif aux JP-2024 de Paris. Pour cet objectif, les champions du monde de la discipline se sont d\u00e9plac\u00e9s pour engranger des points suppl\u00e9mentaires afin d&rsquo;assurer leurs pr\u00e9sence en France l&rsquo;\u00e9t\u00e9 prochain. Apr\u00e8s Chems Eddine Boudraa, les autres concurrents enchaineront jusqu&rsquo;au 29 ao\u00fbt, et parmi eux le m\u00e9daill\u00e9 de bronze et chef de file de l&rsquo;\u00e9quipe nationale, Hocine Bettir qui entrera en lice samedi prochain aux c\u00f4t\u00e9s de sa compatriote Nacera Merar (79kg). Les athl\u00e8tes alg\u00e9riens s\u00e9lectionn\u00e9s pour les joutes de Duba\u00ef, viseront les meilleures charges possibles et pour cela, ils se sont arm\u00e9s d&rsquo;une tr\u00e8s grande volont\u00e9 et d&rsquo;un bon moral, combien important dans ce genre de comp\u00e9tition. \u00ab\u00a0Nous sommes pr\u00eats pour le tournoi auquel on s&rsquo;est bien pr\u00e9par\u00e9. Il est s\u00fbr que ces mondiaux seront les plus difficiles, et pour cette raison on doit \u00eatre concentr\u00e9s du d\u00e9but jusqu&rsquo;\u00e0 la fin du concours, tout en souhaitant que nos efforts dans la pr\u00e9paration soient r\u00e9compens\u00e9s de bonnes performances, et \u00e9videmment une qualification aux JP-2024, qui reste l&rsquo;objectif principal de chaque athl\u00e8te\u00a0\u00bb, a affirm\u00e9 Bettir qui, avec sa longue exp\u00e9rience des grands \u00e9v\u00e9nements, tentera de galvaniser ses co\u00e9quipiers.<\/p>\n\n\n\n<p>R.S.<\/p>\n\n\n\n<p><\/p>\n\n\n\n<p><strong>Programme de comp\u00e9tition des para-powerlifteurs alg\u00e9riens<\/strong><\/p>\n\n\n\n<p>23 ao\u00fbt 2023 (06h30): Beyor Hadj Ahmed (49kg)<\/p>\n\n\n\n<p>24 ao\u00fbt 2023 (13h00): Samira Guerioua (45kg)<\/p>\n\n\n\n<p>26 ao\u00fbt 2023 :<\/p>\n\n\n\n<p>13h00:&nbsp; Hocine Bettir (65kg)<\/p>\n\n\n\n<p>09h10 : Nacera Merar (79kg)<\/p>\n\n\n\n<p>28 ao\u00fbt 2023 (14h30): Khodja Aymen (59kg)<\/p>\n\n\n\n<p>29 ao\u00fbt 2023 (10h30): Hadj Ali Mohamed (88kg).<\/p>\n","protected":false},"excerpt":{"rendered":"<p>Avec sept athl\u00e8tes engag\u00e9s dont deux filles et un junior, le handisport alg\u00e9rien compte laisser une bonne empreinte lors de<\/p>\n","protected":false},"author":3,"featured_media":1135,"comment_status":"open","ping_status":"closed","sticky":false,"template":"","format":"standard","meta":{"colormag_page_container_layout":"default_layout","colormag_page_sidebar_layout":"default_layout","om_disable_all_campaigns":false,"_monsterinsights_skip_tracking":false,"_monsterinsights_sitenote_active":false,"_monsterinsights_sitenote_note":"","_monsterinsights_sitenote_category":0,"footnotes":"","_wpscppro_dont_share_socialmedia":false,"_wpscppro_custom_social_share_image":0,"_facebook_share_type":"","_twitter_share_type":"","_linkedin_share_type":"","_pinterest_share_type":"","_linkedin_share_type_page":"","_instagram_share_type":"","_medium_share_type":"","_threads_share_type":"","_google_business_share_type":"","_selected_social_profile":[],"_wpsp_enable_custom_social_template":false,"_wpsp_social_scheduling":{"enabled":false,"datetime":null,"platforms":[],"status":"template_only","dateOption":"today","timeOption":"now","customDays":"","customHours":"","customDate":"","customTime":"","schedulingType":"absolute"},"_wpsp_active_default_template":true},"categories":[33],"tags":[],"class_list":["post-44831","post","type-post","status-publish","format-standard","has-post-thumbnail","hentry","category-sports"],"aioseo_notices":[],"yoast_head":"<!-- This site is optimized with the Yoast SEO plugin v27.5 - https:\/\/yoast.com\/product\/yoast-seo-wordpress\/ -->\n<title>Championnat du Monde de Para-powerlifting\u00a0: La S\u00e9lection nationale compte obtenir de bons r\u00e9sultats - La Sentinelle<\/title>\n<meta name=\"robots\" content=\"index, follow, max-snippet:-1, max-image-preview:large, max-video-preview:-1\" \/>\n<link rel=\"canonical\" href=\"https:\/\/lasentinelle.dz\/index.php\/2023\/08\/21\/championnat-du-monde-de-para-powerlifting-la-selection-nationale-compte-obtenir-de-bons-resultats\/\" \/>\n<meta property=\"og:locale\" content=\"fr_FR\" \/>\n<meta property=\"og:type\" content=\"article\" \/>\n<meta property=\"og:title\" content=\"Championnat du Monde de Para-powerlifting\u00a0: La S\u00e9lection nationale compte obtenir de bons r\u00e9sultats - La Sentinelle\" \/>\n<meta property=\"og:description\" content=\"Avec sept athl\u00e8tes engag\u00e9s dont deux filles et un junior, le handisport alg\u00e9rien compte laisser une bonne empreinte lors de\" \/>\n<meta property=\"og:url\" content=\"https:\/\/lasentinelle.dz\/index.php\/2023\/08\/21\/championnat-du-monde-de-para-powerlifting-la-selection-nationale-compte-obtenir-de-bons-resultats\/\" \/>\n<meta property=\"og:site_name\" content=\"La Sentinelle\" \/>\n<meta property=\"article:publisher\" content=\"https:\/\/www.facebook.com\/La-Sentinelle-104059864394773\" \/>\n<meta property=\"article:published_time\" content=\"2023-08-21T19:47:04+00:00\" \/>\n<meta property=\"article:modified_time\" content=\"2023-08-21T19:47:05+00:00\" \/>\n<meta property=\"og:image\" content=\"https:\/\/lasentinelle.dz\/wp-content\/uploads\/2021\/07\/LPowerlifting-et-bodybuilding-.png\" \/>\n\t<meta property=\"og:image:width\" content=\"1070\" \/>\n\t<meta property=\"og:image:height\" content=\"675\" \/>\n\t<meta property=\"og:image:type\" content=\"image\/png\" \/>\n<meta name=\"author\" content=\"La Sentinelle\" \/>\n<meta name=\"twitter:card\" content=\"summary_large_image\" \/>\n<meta name=\"twitter:label1\" content=\"\u00c9crit par\" \/>\n\t<meta name=\"twitter:data1\" content=\"La Sentinelle\" \/>\n\t<meta name=\"twitter:label2\" content=\"Dur\u00e9e de lecture estim\u00e9e\" \/>\n\t<meta name=\"twitter:data2\" content=\"2 minutes\" \/>\n<script type=\"application\/ld+json\" class=\"yoast-schema-graph\">{\"@context\":\"https:\\\/\\\/schema.org\",\"@graph\":[{\"@type\":\"Article\",\"@id\":\"https:\\\/\\\/lasentinelle.dz\\\/index.php\\\/2023\\\/08\\\/21\\\/championnat-du-monde-de-para-powerlifting-la-selection-nationale-compte-obtenir-de-bons-resultats\\\/#article\",\"isPartOf\":{\"@id\":\"https:\\\/\\\/lasentinelle.dz\\\/index.php\\\/2023\\\/08\\\/21\\\/championnat-du-monde-de-para-powerlifting-la-selection-nationale-compte-obtenir-de-bons-resultats\\\/\"},\"author\":{\"name\":\"La Sentinelle\",\"@id\":\"https:\\\/\\\/lasentinelle.dz\\\/#\\\/schema\\\/person\\\/d865044e22e70a75174ce8bcad3acfb3\"},\"headline\":\"Championnat du Monde de Para-powerlifting\u00a0: La S\u00e9lection nationale compte obtenir de bons r\u00e9sultats\",\"datePublished\":\"2023-08-21T19:47:04+00:00\",\"dateModified\":\"2023-08-21T19:47:05+00:00\",\"mainEntityOfPage\":{\"@id\":\"https:\\\/\\\/lasentinelle.dz\\\/index.php\\\/2023\\\/08\\\/21\\\/championnat-du-monde-de-para-powerlifting-la-selection-nationale-compte-obtenir-de-bons-resultats\\\/\"},\"wordCount\":439,\"commentCount\":0,\"publisher\":{\"@id\":\"https:\\\/\\\/lasentinelle.dz\\\/#organization\"},\"image\":{\"@id\":\"https:\\\/\\\/lasentinelle.dz\\\/index.php\\\/2023\\\/08\\\/21\\\/championnat-du-monde-de-para-powerlifting-la-selection-nationale-compte-obtenir-de-bons-resultats\\\/#primaryimage\"},\"thumbnailUrl\":\"https:\\\/\\\/lasentinelle.dz\\\/wp-content\\\/uploads\\\/2021\\\/07\\\/LPowerlifting-et-bodybuilding-.png\",\"articleSection\":[\"Sports\"],\"inLanguage\":\"fr-FR\",\"potentialAction\":[{\"@type\":\"CommentAction\",\"name\":\"Comment\",\"target\":[\"https:\\\/\\\/lasentinelle.dz\\\/index.php\\\/2023\\\/08\\\/21\\\/championnat-du-monde-de-para-powerlifting-la-selection-nationale-compte-obtenir-de-bons-resultats\\\/#respond\"]}]},{\"@type\":\"WebPage\",\"@id\":\"https:\\\/\\\/lasentinelle.dz\\\/index.php\\\/2023\\\/08\\\/21\\\/championnat-du-monde-de-para-powerlifting-la-selection-nationale-compte-obtenir-de-bons-resultats\\\/\",\"url\":\"https:\\\/\\\/lasentinelle.dz\\\/index.php\\\/2023\\\/08\\\/21\\\/championnat-du-monde-de-para-powerlifting-la-selection-nationale-compte-obtenir-de-bons-resultats\\\/\",\"name\":\"Championnat du Monde de Para-powerlifting\u00a0: La S\u00e9lection nationale compte obtenir de bons r\u00e9sultats - La Sentinelle\",\"isPartOf\":{\"@id\":\"https:\\\/\\\/lasentinelle.dz\\\/#website\"},\"primaryImageOfPage\":{\"@id\":\"https:\\\/\\\/lasentinelle.dz\\\/index.php\\\/2023\\\/08\\\/21\\\/championnat-du-monde-de-para-powerlifting-la-selection-nationale-compte-obtenir-de-bons-resultats\\\/#primaryimage\"},\"image\":{\"@id\":\"https:\\\/\\\/lasentinelle.dz\\\/index.php\\\/2023\\\/08\\\/21\\\/championnat-du-monde-de-para-powerlifting-la-selection-nationale-compte-obtenir-de-bons-resultats\\\/#primaryimage\"},\"thumbnailUrl\":\"https:\\\/\\\/lasentinelle.dz\\\/wp-content\\\/uploads\\\/2021\\\/07\\\/LPowerlifting-et-bodybuilding-.png\",\"datePublished\":\"2023-08-21T19:47:04+00:00\",\"dateModified\":\"2023-08-21T19:47:05+00:00\",\"breadcrumb\":{\"@id\":\"https:\\\/\\\/lasentinelle.dz\\\/index.php\\\/2023\\\/08\\\/21\\\/championnat-du-monde-de-para-powerlifting-la-selection-nationale-compte-obtenir-de-bons-resultats\\\/#breadcrumb\"},\"inLanguage\":\"fr-FR\",\"potentialAction\":[{\"@type\":\"ReadAction\",\"target\":[\"https:\\\/\\\/lasentinelle.dz\\\/index.php\\\/2023\\\/08\\\/21\\\/championnat-du-monde-de-para-powerlifting-la-selection-nationale-compte-obtenir-de-bons-resultats\\\/\"]}]},{\"@type\":\"ImageObject\",\"inLanguage\":\"fr-FR\",\"@id\":\"https:\\\/\\\/lasentinelle.dz\\\/index.php\\\/2023\\\/08\\\/21\\\/championnat-du-monde-de-para-powerlifting-la-selection-nationale-compte-obtenir-de-bons-resultats\\\/#primaryimage\",\"url\":\"https:\\\/\\\/lasentinelle.dz\\\/wp-content\\\/uploads\\\/2021\\\/07\\\/LPowerlifting-et-bodybuilding-.png\",\"contentUrl\":\"https:\\\/\\\/lasentinelle.dz\\\/wp-content\\\/uploads\\\/2021\\\/07\\\/LPowerlifting-et-bodybuilding-.png\",\"width\":1070,\"height\":675},{\"@type\":\"BreadcrumbList\",\"@id\":\"https:\\\/\\\/lasentinelle.dz\\\/index.php\\\/2023\\\/08\\\/21\\\/championnat-du-monde-de-para-powerlifting-la-selection-nationale-compte-obtenir-de-bons-resultats\\\/#breadcrumb\",\"itemListElement\":[{\"@type\":\"ListItem\",\"position\":1,\"name\":\"Accueil\",\"item\":\"https:\\\/\\\/lasentinelle.dz\\\/\"},{\"@type\":\"ListItem\",\"position\":2,\"name\":\"Championnat du Monde de Para-powerlifting\u00a0: La S\u00e9lection nationale compte obtenir de bons r\u00e9sultats\"}]},{\"@type\":\"WebSite\",\"@id\":\"https:\\\/\\\/lasentinelle.dz\\\/#website\",\"url\":\"https:\\\/\\\/lasentinelle.dz\\\/\",\"name\":\"La Sentinelle\",\"description\":\"Quotidien national d&#039;information\",\"publisher\":{\"@id\":\"https:\\\/\\\/lasentinelle.dz\\\/#organization\"},\"potentialAction\":[{\"@type\":\"SearchAction\",\"target\":{\"@type\":\"EntryPoint\",\"urlTemplate\":\"https:\\\/\\\/lasentinelle.dz\\\/?s={search_term_string}\"},\"query-input\":{\"@type\":\"PropertyValueSpecification\",\"valueRequired\":true,\"valueName\":\"search_term_string\"}}],\"inLanguage\":\"fr-FR\"},{\"@type\":\"Organization\",\"@id\":\"https:\\\/\\\/lasentinelle.dz\\\/#organization\",\"name\":\"Quotidien La Sentinelle\",\"url\":\"https:\\\/\\\/lasentinelle.dz\\\/\",\"logo\":{\"@type\":\"ImageObject\",\"inLanguage\":\"fr-FR\",\"@id\":\"https:\\\/\\\/lasentinelle.dz\\\/#\\\/schema\\\/logo\\\/image\\\/\",\"url\":\"https:\\\/\\\/lasentinelle.dz\\\/wp-content\\\/uploads\\\/2021\\\/09\\\/logo-sentinelleSLOGAN-1.png\",\"contentUrl\":\"https:\\\/\\\/lasentinelle.dz\\\/wp-content\\\/uploads\\\/2021\\\/09\\\/logo-sentinelleSLOGAN-1.png\",\"width\":615,\"height\":142,\"caption\":\"Quotidien La Sentinelle\"},\"image\":{\"@id\":\"https:\\\/\\\/lasentinelle.dz\\\/#\\\/schema\\\/logo\\\/image\\\/\"},\"sameAs\":[\"https:\\\/\\\/www.facebook.com\\\/La-Sentinelle-104059864394773\"]},{\"@type\":\"Person\",\"@id\":\"https:\\\/\\\/lasentinelle.dz\\\/#\\\/schema\\\/person\\\/d865044e22e70a75174ce8bcad3acfb3\",\"name\":\"La Sentinelle\",\"image\":{\"@type\":\"ImageObject\",\"inLanguage\":\"fr-FR\",\"@id\":\"https:\\\/\\\/secure.gravatar.com\\\/avatar\\\/57de8e5d4b15d43fb361a71fbb36338450fe67865b528a43dd10ef7c51a20392?s=96&d=mm&r=g\",\"url\":\"https:\\\/\\\/secure.gravatar.com\\\/avatar\\\/57de8e5d4b15d43fb361a71fbb36338450fe67865b528a43dd10ef7c51a20392?s=96&d=mm&r=g\",\"contentUrl\":\"https:\\\/\\\/secure.gravatar.com\\\/avatar\\\/57de8e5d4b15d43fb361a71fbb36338450fe67865b528a43dd10ef7c51a20392?s=96&d=mm&r=g\",\"caption\":\"La Sentinelle\"},\"sameAs\":[\"http:\\\/\\\/www.lasentinelle.dz\"],\"url\":\"https:\\\/\\\/lasentinelle.dz\\\/author\\\/redaction\\\/\"}]}<\/script>\n<!-- \/ Yoast SEO plugin. -->","yoast_head_json":{"title":"Championnat du Monde de Para-powerlifting\u00a0: La S\u00e9lection nationale compte obtenir de bons r\u00e9sultats - La Sentinelle","robots":{"index":"index","follow":"follow","max-snippet":"max-snippet:-1","max-image-preview":"max-image-preview:large","max-video-preview":"max-video-preview:-1"},"canonical":"https:\/\/lasentinelle.dz\/index.php\/2023\/08\/21\/championnat-du-monde-de-para-powerlifting-la-selection-nationale-compte-obtenir-de-bons-resultats\/","og_locale":"fr_FR","og_type":"article","og_title":"Championnat du Monde de Para-powerlifting\u00a0: La S\u00e9lection nationale compte obtenir de bons r\u00e9sultats - La Sentinelle","og_description":"Avec sept athl\u00e8tes engag\u00e9s dont deux filles et un junior, le handisport alg\u00e9rien compte laisser une bonne empreinte lors de","og_url":"https:\/\/lasentinelle.dz\/index.php\/2023\/08\/21\/championnat-du-monde-de-para-powerlifting-la-selection-nationale-compte-obtenir-de-bons-resultats\/","og_site_name":"La Sentinelle","article_publisher":"https:\/\/www.facebook.com\/La-Sentinelle-104059864394773","article_published_time":"2023-08-21T19:47:04+00:00","article_modified_time":"2023-08-21T19:47:05+00:00","og_image":[{"width":1070,"height":675,"url":"https:\/\/lasentinelle.dz\/wp-content\/uploads\/2021\/07\/LPowerlifting-et-bodybuilding-.png","type":"image\/png"}],"author":"La Sentinelle","twitter_card":"summary_large_image","twitter_misc":{"\u00c9crit par":"La Sentinelle","Dur\u00e9e de lecture estim\u00e9e":"2 minutes"},"schema":{"@context":"https:\/\/schema.org","@graph":[{"@type":"Article","@id":"https:\/\/lasentinelle.dz\/index.php\/2023\/08\/21\/championnat-du-monde-de-para-powerlifting-la-selection-nationale-compte-obtenir-de-bons-resultats\/#article","isPartOf":{"@id":"https:\/\/lasentinelle.dz\/index.php\/2023\/08\/21\/championnat-du-monde-de-para-powerlifting-la-selection-nationale-compte-obtenir-de-bons-resultats\/"},"author":{"name":"La Sentinelle","@id":"https:\/\/lasentinelle.dz\/#\/schema\/person\/d865044e22e70a75174ce8bcad3acfb3"},"headline":"Championnat du Monde de Para-powerlifting\u00a0: La S\u00e9lection nationale compte obtenir de bons r\u00e9sultats","datePublished":"2023-08-21T19:47:04+00:00","dateModified":"2023-08-21T19:47:05+00:00","mainEntityOfPage":{"@id":"https:\/\/lasentinelle.dz\/index.php\/2023\/08\/21\/championnat-du-monde-de-para-powerlifting-la-selection-nationale-compte-obtenir-de-bons-resultats\/"},"wordCount":439,"commentCount":0,"publisher":{"@id":"https:\/\/lasentinelle.dz\/#organization"},"image":{"@id":"https:\/\/lasentinelle.dz\/index.php\/2023\/08\/21\/championnat-du-monde-de-para-powerlifting-la-selection-nationale-compte-obtenir-de-bons-resultats\/#primaryimage"},"thumbnailUrl":"https:\/\/lasentinelle.dz\/wp-content\/uploads\/2021\/07\/LPowerlifting-et-bodybuilding-.png","articleSection":["Sports"],"inLanguage":"fr-FR","potentialAction":[{"@type":"CommentAction","name":"Comment","target":["https:\/\/lasentinelle.dz\/index.php\/2023\/08\/21\/championnat-du-monde-de-para-powerlifting-la-selection-nationale-compte-obtenir-de-bons-resultats\/#respond"]}]},{"@type":"WebPage","@id":"https:\/\/lasentinelle.dz\/index.php\/2023\/08\/21\/championnat-du-monde-de-para-powerlifting-la-selection-nationale-compte-obtenir-de-bons-resultats\/","url":"https:\/\/lasentinelle.dz\/index.php\/2023\/08\/21\/championnat-du-monde-de-para-powerlifting-la-selection-nationale-compte-obtenir-de-bons-resultats\/","name":"Championnat du Monde de Para-powerlifting\u00a0: La S\u00e9lection nationale compte obtenir de bons r\u00e9sultats - La Sentinelle","isPartOf":{"@id":"https:\/\/lasentinelle.dz\/#website"},"primaryImageOfPage":{"@id":"https:\/\/lasentinelle.dz\/index.php\/2023\/08\/21\/championnat-du-monde-de-para-powerlifting-la-selection-nationale-compte-obtenir-de-bons-resultats\/#primaryimage"},"image":{"@id":"https:\/\/lasentinelle.dz\/index.php\/2023\/08\/21\/championnat-du-monde-de-para-powerlifting-la-selection-nationale-compte-obtenir-de-bons-resultats\/#primaryimage"},"thumbnailUrl":"https:\/\/lasentinelle.dz\/wp-content\/uploads\/2021\/07\/LPowerlifting-et-bodybuilding-.png","datePublished":"2023-08-21T19:47:04+00:00","dateModified":"2023-08-21T19:47:05+00:00","breadcrumb":{"@id":"https:\/\/lasentinelle.dz\/index.php\/2023\/08\/21\/championnat-du-monde-de-para-powerlifting-la-selection-nationale-compte-obtenir-de-bons-resultats\/#breadcrumb"},"inLanguage":"fr-FR","potentialAction":[{"@type":"ReadAction","target":["https:\/\/lasentinelle.dz\/index.php\/2023\/08\/21\/championnat-du-monde-de-para-powerlifting-la-selection-nationale-compte-obtenir-de-bons-resultats\/"]}]},{"@type":"ImageObject","inLanguage":"fr-FR","@id":"https:\/\/lasentinelle.dz\/index.php\/2023\/08\/21\/championnat-du-monde-de-para-powerlifting-la-selection-nationale-compte-obtenir-de-bons-resultats\/#primaryimage","url":"https:\/\/lasentinelle.dz\/wp-content\/uploads\/2021\/07\/LPowerlifting-et-bodybuilding-.png","contentUrl":"https:\/\/lasentinelle.dz\/wp-content\/uploads\/2021\/07\/LPowerlifting-et-bodybuilding-.png","width":1070,"height":675},{"@type":"BreadcrumbList","@id":"https:\/\/lasentinelle.dz\/index.php\/2023\/08\/21\/championnat-du-monde-de-para-powerlifting-la-selection-nationale-compte-obtenir-de-bons-resultats\/#breadcrumb","itemListElement":[{"@type":"ListItem","position":1,"name":"Accueil","item":"https:\/\/lasentinelle.dz\/"},{"@type":"ListItem","position":2,"name":"Championnat du Monde de Para-powerlifting\u00a0: La S\u00e9lection nationale compte obtenir de bons r\u00e9sultats"}]},{"@type":"WebSite","@id":"https:\/\/lasentinelle.dz\/#website","url":"https:\/\/lasentinelle.dz\/","name":"La Sentinelle","description":"Quotidien national d&#039;information","publisher":{"@id":"https:\/\/lasentinelle.dz\/#organization"},"potentialAction":[{"@type":"SearchAction","target":{"@type":"EntryPoint","urlTemplate":"https:\/\/lasentinelle.dz\/?s={search_term_string}"},"query-input":{"@type":"PropertyValueSpecification","valueRequired":true,"valueName":"search_term_string"}}],"inLanguage":"fr-FR"},{"@type":"Organization","@id":"https:\/\/lasentinelle.dz\/#organization","name":"Quotidien La Sentinelle","url":"https:\/\/lasentinelle.dz\/","logo":{"@type":"ImageObject","inLanguage":"fr-FR","@id":"https:\/\/lasentinelle.dz\/#\/schema\/logo\/image\/","url":"https:\/\/lasentinelle.dz\/wp-content\/uploads\/2021\/09\/logo-sentinelleSLOGAN-1.png","contentUrl":"https:\/\/lasentinelle.dz\/wp-content\/uploads\/2021\/09\/logo-sentinelleSLOGAN-1.png","width":615,"height":142,"caption":"Quotidien La Sentinelle"},"image":{"@id":"https:\/\/lasentinelle.dz\/#\/schema\/logo\/image\/"},"sameAs":["https:\/\/www.facebook.com\/La-Sentinelle-104059864394773"]},{"@type":"Person","@id":"https:\/\/lasentinelle.dz\/#\/schema\/person\/d865044e22e70a75174ce8bcad3acfb3","name":"La Sentinelle","image":{"@type":"ImageObject","inLanguage":"fr-FR","@id":"https:\/\/secure.gravatar.com\/avatar\/57de8e5d4b15d43fb361a71fbb36338450fe67865b528a43dd10ef7c51a20392?s=96&d=mm&r=g","url":"https:\/\/secure.gravatar.com\/avatar\/57de8e5d4b15d43fb361a71fbb36338450fe67865b528a43dd10ef7c51a20392?s=96&d=mm&r=g","contentUrl":"https:\/\/secure.gravatar.com\/avatar\/57de8e5d4b15d43fb361a71fbb36338450fe67865b528a43dd10ef7c51a20392?s=96&d=mm&r=g","caption":"La Sentinelle"},"sameAs":["http:\/\/www.lasentinelle.dz"],"url":"https:\/\/lasentinelle.dz\/author\/redaction\/"}]}},"_links":{"self":[{"href":"https:\/\/lasentinelle.dz\/index.php\/wp-json\/wp\/v2\/posts\/44831","targetHints":{"allow":["GET"]}}],"collection":[{"href":"https:\/\/lasentinelle.dz\/index.php\/wp-json\/wp\/v2\/posts"}],"about":[{"href":"https:\/\/lasentinelle.dz\/index.php\/wp-json\/wp\/v2\/types\/post"}],"author":[{"embeddable":true,"href":"https:\/\/lasentinelle.dz\/index.php\/wp-json\/wp\/v2\/users\/3"}],"replies":[{"embeddable":true,"href":"https:\/\/lasentinelle.dz\/index.php\/wp-json\/wp\/v2\/comments?post=44831"}],"version-history":[{"count":1,"href":"https:\/\/lasentinelle.dz\/index.php\/wp-json\/wp\/v2\/posts\/44831\/revisions"}],"predecessor-version":[{"id":44832,"href":"https:\/\/lasentinelle.dz\/index.php\/wp-json\/wp\/v2\/posts\/44831\/revisions\/44832"}],"wp:featuredmedia":[{"embeddable":true,"href":"https:\/\/lasentinelle.dz\/index.php\/wp-json\/wp\/v2\/media\/1135"}],"wp:attachment":[{"href":"https:\/\/lasentinelle.dz\/index.php\/wp-json\/wp\/v2\/media?parent=44831"}],"wp:term":[{"taxonomy":"category","embeddable":true,"href":"https:\/\/lasentinelle.dz\/index.php\/wp-json\/wp\/v2\/categories?post=44831"},{"taxonomy":"post_tag","embeddable":true,"href":"https:\/\/lasentinelle.dz\/index.php\/wp-json\/wp\/v2\/tags?post=44831"}],"curies":[{"name":"wp","href":"https:\/\/api.w.org\/{rel}","templated":true}]}}