{"id":44834,"date":"2023-08-21T20:48:32","date_gmt":"2023-08-21T19:48:32","guid":{"rendered":"https:\/\/lasentinelle.dz\/?p=44834"},"modified":"2023-08-21T20:48:34","modified_gmt":"2023-08-21T19:48:34","slug":"comite-olympique-algerien-cap-sur-les-jo-de-paris","status":"publish","type":"post","link":"https:\/\/lasentinelle.dz\/index.php\/2023\/08\/21\/comite-olympique-algerien-cap-sur-les-jo-de-paris\/","title":{"rendered":"Comit\u00e9 olympique alg\u00e9rien\u00a0: Cap sur les JO de Paris"},"content":{"rendered":"\n<p>Le Secr\u00e9taire g\u00e9n\u00e9ral du Comit\u00e9 olympique et sportif alg\u00e9rien (COA) Khe\u00efreddine Barbari, a assur\u00e9 hier que tous les moyens n\u00e9cessaires seront fournis aux sportifs alg\u00e9riens pour leur permettre de s&rsquo;illustrer lors des JO de Paris-2024.<\/p>\n\n\n\n<p>Le premier responsable du COA a indiqu\u00e9 lors du forum sportif organis\u00e9 par une cha\u00eene de t\u00e9l\u00e9vision priv\u00e9e que les espoirs du Comit\u00e9 reposait sur huit athl\u00e8tes pour remporter des m\u00e9dailles lors des JO pr\u00e9vus du 26 juillet au 11 ao\u00fbt 2024. \u00ab\u00a0Nos pr\u00e9visions sont r\u00e9parties sur trois niveaux pour d\u00e9crocher des m\u00e9dailles aux JO-2024. Le premier niveau est compos\u00e9 d&rsquo;athl\u00e8tes de l&rsquo;\u00e9quipe d&rsquo;athl\u00e9tisme, puisque nous visons \u00e0 remporter une m\u00e9daille au 800 m par Slimane Moula, Djamel Sedjati, ou Mohamed Ali Gouaned, en plus de Yasser Mohamed Tahar Triki dans le triple saut. Ces athl\u00e8tes d\u00e9tiennent des performances qui leur permettent de monter sur le podium olympique. Il y a \u00e9galement la boxeuse Imane Khelif qui a les moyens pour devenir championne olympique\u00a0\u00bb, a-t-il affirm\u00e9. Et d&rsquo;encha\u00eener : \u00ab\u00a0Le deuxi\u00e8me niveau est compos\u00e9 du judoka Driss Messaoud qui vient de se distinguer au tournoi de Zagreb. Par rapport \u00e0 son jeune \u00e2ge (20 ans), il est en constante progression. La F\u00e9d\u00e9ration est en train de l&rsquo;accompagner. Il se trouve actuellement en pr\u00e9paration au Paris SG en compagnie d&rsquo;autres athl\u00e8tes mondiaux de renom. Dans le troisi\u00e8me niveau, on retrouve le lutteur Bachir Sid Azara (5e aux JO-2020 de Tokyo) et l&rsquo;halt\u00e9rophile Walid Bidani, deux athl\u00e8tes qui ont la qualit\u00e9 pour r\u00e9aliser d&rsquo;excellents r\u00e9sultats pour peu qu&rsquo;ils atteignent un bon degr\u00e9 de pr\u00e9paration et qu&rsquo;ils soient \u00e9pargn\u00e9s par les blessures\u00a0\u00bb.&nbsp; Barbari, \u00e9galement pr\u00e9sident de la F\u00e9d\u00e9ration alg\u00e9rienne de cyclisme (FAC), a soulign\u00e9 que le COA ambitionne de faire qualifier le maximum d&rsquo;athl\u00e8tes alg\u00e9riens \u00e0 Paris. La d\u00e9l\u00e9gation alg\u00e9rienne aux JO-2024 devrait \u00eatre compos\u00e9e de 30 sportifs, selon les pr\u00e9visions du COA. Interrog\u00e9 sur les chances de l&rsquo;Alg\u00e9rie aux JO 2024, Barbari s&rsquo;est montr\u00e9 r\u00e9aliste : \u00ab\u00a0Nous devons \u00eatre sinc\u00e8res avec le public sportif, l&rsquo;Alg\u00e9rie a les moyens de remporter des m\u00e9dailles dans quelques disciplines seulement. On ne peut pas exiger \u00e0 une f\u00e9d\u00e9ration une m\u00e9daille olympique, alors que sa discipline est absente au niveau international, ce serait illogique\u00a0\u00bb, tout en donnant des exemples de certains pays qui investissent dans certains sports aux d\u00e9pens d&rsquo;autres. Le SG du COA a rappel\u00e9 que l&rsquo;Alg\u00e9rie a remport\u00e9 un total de 17 m\u00e9dailles depuis l&rsquo;ind\u00e9pendance, dont cinq en vermeil. \u00ab\u00a0Nous avons nos traditions en athl\u00e9tisme, en judo, et au boxe. Franchement, je m&rsquo;attends \u00e0 des m\u00e9dailles dans ces trois disciplines. Si nous d\u00e9crocherons des breloques dans d&rsquo;autres sports ce serait une surprise\u00a0\u00bb. Lors des JO-2020 de Tokyo, la d\u00e9l\u00e9gation alg\u00e9rienne \u00e9tait compos\u00e9e de 39 athl\u00e8tes dans 14 sports, mais les r\u00e9sultats n&rsquo;ont pas suivi, \u00e0 l&rsquo;exception de Yasser Mohamed Tahar Triki et Imane Khelif, 5es au classement de leur sport respectif, alors Bachir Sid Azara (24 ans) s&rsquo;est content\u00e9 de la 7e place en lutte gr\u00e9co-romaine.<\/p>\n\n\n\n<p>R.S.<\/p>\n","protected":false},"excerpt":{"rendered":"<p>Le Secr\u00e9taire g\u00e9n\u00e9ral du Comit\u00e9 olympique et sportif alg\u00e9rien (COA) Khe\u00efreddine Barbari, a assur\u00e9 hier que tous les moyens n\u00e9cessaires<\/p>\n","protected":false},"author":3,"featured_media":44792,"comment_status":"open","ping_status":"closed","sticky":false,"template":"","format":"standard","meta":{"colormag_page_container_layout":"default_layout","colormag_page_sidebar_layout":"default_layout","om_disable_all_campaigns":false,"_monsterinsights_skip_tracking":false,"_monsterinsights_sitenote_active":false,"_monsterinsights_sitenote_note":"","_monsterinsights_sitenote_category":0,"footnotes":"","_wpscppro_dont_share_socialmedia":false,"_wpscppro_custom_social_share_image":0,"_facebook_share_type":"","_twitter_share_type":"","_linkedin_share_type":"","_pinterest_share_type":"","_linkedin_share_type_page":"","_instagram_share_type":"","_medium_share_type":"","_threads_share_type":"","_google_business_share_type":"","_selected_social_profile":[],"_wpsp_enable_custom_social_template":false,"_wpsp_social_scheduling":{"enabled":false,"datetime":null,"platforms":[],"status":"template_only","dateOption":"today","timeOption":"now","customDays":"","customHours":"","customDate":"","customTime":"","schedulingType":"absolute"},"_wpsp_active_default_template":true},"categories":[52,33],"tags":[],"class_list":["post-44834","post","type-post","status-publish","format-standard","has-post-thumbnail","hentry","category-a-la-une","category-sports"],"aioseo_notices":[],"yoast_head":"<!-- This site is optimized with the Yoast SEO plugin v27.5 - https:\/\/yoast.com\/product\/yoast-seo-wordpress\/ -->\n<title>Comit\u00e9 olympique alg\u00e9rien\u00a0: Cap sur les JO de Paris - La Sentinelle<\/title>\n<meta name=\"robots\" content=\"index, follow, max-snippet:-1, max-image-preview:large, max-video-preview:-1\" \/>\n<link rel=\"canonical\" href=\"https:\/\/lasentinelle.dz\/index.php\/2023\/08\/21\/comite-olympique-algerien-cap-sur-les-jo-de-paris\/\" \/>\n<meta property=\"og:locale\" content=\"fr_FR\" \/>\n<meta property=\"og:type\" content=\"article\" \/>\n<meta property=\"og:title\" content=\"Comit\u00e9 olympique alg\u00e9rien\u00a0: Cap sur les JO de Paris - La Sentinelle\" \/>\n<meta property=\"og:description\" content=\"Le Secr\u00e9taire g\u00e9n\u00e9ral du Comit\u00e9 olympique et sportif alg\u00e9rien (COA) Khe\u00efreddine Barbari, a assur\u00e9 hier que tous les moyens n\u00e9cessaires\" \/>\n<meta property=\"og:url\" content=\"https:\/\/lasentinelle.dz\/index.php\/2023\/08\/21\/comite-olympique-algerien-cap-sur-les-jo-de-paris\/\" \/>\n<meta property=\"og:site_name\" content=\"La Sentinelle\" \/>\n<meta property=\"article:publisher\" content=\"https:\/\/www.facebook.com\/La-Sentinelle-104059864394773\" \/>\n<meta property=\"article:published_time\" content=\"2023-08-21T19:48:32+00:00\" \/>\n<meta property=\"article:modified_time\" content=\"2023-08-21T19:48:34+00:00\" \/>\n<meta property=\"og:image\" content=\"https:\/\/lasentinelle.dz\/wp-content\/uploads\/2023\/08\/athletisme.webp\" \/>\n\t<meta property=\"og:image:width\" content=\"900\" \/>\n\t<meta property=\"og:image:height\" content=\"675\" \/>\n\t<meta property=\"og:image:type\" content=\"image\/webp\" \/>\n<meta name=\"author\" content=\"La Sentinelle\" \/>\n<meta name=\"twitter:card\" content=\"summary_large_image\" \/>\n<meta name=\"twitter:label1\" content=\"\u00c9crit par\" \/>\n\t<meta name=\"twitter:data1\" content=\"La Sentinelle\" \/>\n\t<meta name=\"twitter:label2\" content=\"Dur\u00e9e de lecture estim\u00e9e\" \/>\n\t<meta name=\"twitter:data2\" content=\"3 minutes\" \/>\n<script type=\"application\/ld+json\" class=\"yoast-schema-graph\">{\"@context\":\"https:\\\/\\\/schema.org\",\"@graph\":[{\"@type\":\"Article\",\"@id\":\"https:\\\/\\\/lasentinelle.dz\\\/index.php\\\/2023\\\/08\\\/21\\\/comite-olympique-algerien-cap-sur-les-jo-de-paris\\\/#article\",\"isPartOf\":{\"@id\":\"https:\\\/\\\/lasentinelle.dz\\\/index.php\\\/2023\\\/08\\\/21\\\/comite-olympique-algerien-cap-sur-les-jo-de-paris\\\/\"},\"author\":{\"name\":\"La Sentinelle\",\"@id\":\"https:\\\/\\\/lasentinelle.dz\\\/#\\\/schema\\\/person\\\/d865044e22e70a75174ce8bcad3acfb3\"},\"headline\":\"Comit\u00e9 olympique alg\u00e9rien\u00a0: Cap sur les JO de Paris\",\"datePublished\":\"2023-08-21T19:48:32+00:00\",\"dateModified\":\"2023-08-21T19:48:34+00:00\",\"mainEntityOfPage\":{\"@id\":\"https:\\\/\\\/lasentinelle.dz\\\/index.php\\\/2023\\\/08\\\/21\\\/comite-olympique-algerien-cap-sur-les-jo-de-paris\\\/\"},\"wordCount\":573,\"commentCount\":0,\"publisher\":{\"@id\":\"https:\\\/\\\/lasentinelle.dz\\\/#organization\"},\"image\":{\"@id\":\"https:\\\/\\\/lasentinelle.dz\\\/index.php\\\/2023\\\/08\\\/21\\\/comite-olympique-algerien-cap-sur-les-jo-de-paris\\\/#primaryimage\"},\"thumbnailUrl\":\"https:\\\/\\\/lasentinelle.dz\\\/wp-content\\\/uploads\\\/2023\\\/08\\\/athletisme.webp\",\"articleSection\":[\"\u00c0 la Une\",\"Sports\"],\"inLanguage\":\"fr-FR\",\"potentialAction\":[{\"@type\":\"CommentAction\",\"name\":\"Comment\",\"target\":[\"https:\\\/\\\/lasentinelle.dz\\\/index.php\\\/2023\\\/08\\\/21\\\/comite-olympique-algerien-cap-sur-les-jo-de-paris\\\/#respond\"]}]},{\"@type\":\"WebPage\",\"@id\":\"https:\\\/\\\/lasentinelle.dz\\\/index.php\\\/2023\\\/08\\\/21\\\/comite-olympique-algerien-cap-sur-les-jo-de-paris\\\/\",\"url\":\"https:\\\/\\\/lasentinelle.dz\\\/index.php\\\/2023\\\/08\\\/21\\\/comite-olympique-algerien-cap-sur-les-jo-de-paris\\\/\",\"name\":\"Comit\u00e9 olympique alg\u00e9rien\u00a0: Cap sur les JO de Paris - La Sentinelle\",\"isPartOf\":{\"@id\":\"https:\\\/\\\/lasentinelle.dz\\\/#website\"},\"primaryImageOfPage\":{\"@id\":\"https:\\\/\\\/lasentinelle.dz\\\/index.php\\\/2023\\\/08\\\/21\\\/comite-olympique-algerien-cap-sur-les-jo-de-paris\\\/#primaryimage\"},\"image\":{\"@id\":\"https:\\\/\\\/lasentinelle.dz\\\/index.php\\\/2023\\\/08\\\/21\\\/comite-olympique-algerien-cap-sur-les-jo-de-paris\\\/#primaryimage\"},\"thumbnailUrl\":\"https:\\\/\\\/lasentinelle.dz\\\/wp-content\\\/uploads\\\/2023\\\/08\\\/athletisme.webp\",\"datePublished\":\"2023-08-21T19:48:32+00:00\",\"dateModified\":\"2023-08-21T19:48:34+00:00\",\"breadcrumb\":{\"@id\":\"https:\\\/\\\/lasentinelle.dz\\\/index.php\\\/2023\\\/08\\\/21\\\/comite-olympique-algerien-cap-sur-les-jo-de-paris\\\/#breadcrumb\"},\"inLanguage\":\"fr-FR\",\"potentialAction\":[{\"@type\":\"ReadAction\",\"target\":[\"https:\\\/\\\/lasentinelle.dz\\\/index.php\\\/2023\\\/08\\\/21\\\/comite-olympique-algerien-cap-sur-les-jo-de-paris\\\/\"]}]},{\"@type\":\"ImageObject\",\"inLanguage\":\"fr-FR\",\"@id\":\"https:\\\/\\\/lasentinelle.dz\\\/index.php\\\/2023\\\/08\\\/21\\\/comite-olympique-algerien-cap-sur-les-jo-de-paris\\\/#primaryimage\",\"url\":\"https:\\\/\\\/lasentinelle.dz\\\/wp-content\\\/uploads\\\/2023\\\/08\\\/athletisme.webp\",\"contentUrl\":\"https:\\\/\\\/lasentinelle.dz\\\/wp-content\\\/uploads\\\/2023\\\/08\\\/athletisme.webp\",\"width\":900,\"height\":675},{\"@type\":\"BreadcrumbList\",\"@id\":\"https:\\\/\\\/lasentinelle.dz\\\/index.php\\\/2023\\\/08\\\/21\\\/comite-olympique-algerien-cap-sur-les-jo-de-paris\\\/#breadcrumb\",\"itemListElement\":[{\"@type\":\"ListItem\",\"position\":1,\"name\":\"Accueil\",\"item\":\"https:\\\/\\\/lasentinelle.dz\\\/\"},{\"@type\":\"ListItem\",\"position\":2,\"name\":\"Comit\u00e9 olympique alg\u00e9rien\u00a0: Cap sur les JO de Paris\"}]},{\"@type\":\"WebSite\",\"@id\":\"https:\\\/\\\/lasentinelle.dz\\\/#website\",\"url\":\"https:\\\/\\\/lasentinelle.dz\\\/\",\"name\":\"La Sentinelle\",\"description\":\"Quotidien national d&#039;information\",\"publisher\":{\"@id\":\"https:\\\/\\\/lasentinelle.dz\\\/#organization\"},\"potentialAction\":[{\"@type\":\"SearchAction\",\"target\":{\"@type\":\"EntryPoint\",\"urlTemplate\":\"https:\\\/\\\/lasentinelle.dz\\\/?s={search_term_string}\"},\"query-input\":{\"@type\":\"PropertyValueSpecification\",\"valueRequired\":true,\"valueName\":\"search_term_string\"}}],\"inLanguage\":\"fr-FR\"},{\"@type\":\"Organization\",\"@id\":\"https:\\\/\\\/lasentinelle.dz\\\/#organization\",\"name\":\"Quotidien La Sentinelle\",\"url\":\"https:\\\/\\\/lasentinelle.dz\\\/\",\"logo\":{\"@type\":\"ImageObject\",\"inLanguage\":\"fr-FR\",\"@id\":\"https:\\\/\\\/lasentinelle.dz\\\/#\\\/schema\\\/logo\\\/image\\\/\",\"url\":\"https:\\\/\\\/lasentinelle.dz\\\/wp-content\\\/uploads\\\/2021\\\/09\\\/logo-sentinelleSLOGAN-1.png\",\"contentUrl\":\"https:\\\/\\\/lasentinelle.dz\\\/wp-content\\\/uploads\\\/2021\\\/09\\\/logo-sentinelleSLOGAN-1.png\",\"width\":615,\"height\":142,\"caption\":\"Quotidien La Sentinelle\"},\"image\":{\"@id\":\"https:\\\/\\\/lasentinelle.dz\\\/#\\\/schema\\\/logo\\\/image\\\/\"},\"sameAs\":[\"https:\\\/\\\/www.facebook.com\\\/La-Sentinelle-104059864394773\"]},{\"@type\":\"Person\",\"@id\":\"https:\\\/\\\/lasentinelle.dz\\\/#\\\/schema\\\/person\\\/d865044e22e70a75174ce8bcad3acfb3\",\"name\":\"La Sentinelle\",\"image\":{\"@type\":\"ImageObject\",\"inLanguage\":\"fr-FR\",\"@id\":\"https:\\\/\\\/secure.gravatar.com\\\/avatar\\\/57de8e5d4b15d43fb361a71fbb36338450fe67865b528a43dd10ef7c51a20392?s=96&d=mm&r=g\",\"url\":\"https:\\\/\\\/secure.gravatar.com\\\/avatar\\\/57de8e5d4b15d43fb361a71fbb36338450fe67865b528a43dd10ef7c51a20392?s=96&d=mm&r=g\",\"contentUrl\":\"https:\\\/\\\/secure.gravatar.com\\\/avatar\\\/57de8e5d4b15d43fb361a71fbb36338450fe67865b528a43dd10ef7c51a20392?s=96&d=mm&r=g\",\"caption\":\"La Sentinelle\"},\"sameAs\":[\"http:\\\/\\\/www.lasentinelle.dz\"],\"url\":\"https:\\\/\\\/lasentinelle.dz\\\/author\\\/redaction\\\/\"}]}<\/script>\n<!-- \/ Yoast SEO plugin. -->","yoast_head_json":{"title":"Comit\u00e9 olympique alg\u00e9rien\u00a0: Cap sur les JO de Paris - La Sentinelle","robots":{"index":"index","follow":"follow","max-snippet":"max-snippet:-1","max-image-preview":"max-image-preview:large","max-video-preview":"max-video-preview:-1"},"canonical":"https:\/\/lasentinelle.dz\/index.php\/2023\/08\/21\/comite-olympique-algerien-cap-sur-les-jo-de-paris\/","og_locale":"fr_FR","og_type":"article","og_title":"Comit\u00e9 olympique alg\u00e9rien\u00a0: Cap sur les JO de Paris - La Sentinelle","og_description":"Le Secr\u00e9taire g\u00e9n\u00e9ral du Comit\u00e9 olympique et sportif alg\u00e9rien (COA) Khe\u00efreddine Barbari, a assur\u00e9 hier que tous les moyens n\u00e9cessaires","og_url":"https:\/\/lasentinelle.dz\/index.php\/2023\/08\/21\/comite-olympique-algerien-cap-sur-les-jo-de-paris\/","og_site_name":"La Sentinelle","article_publisher":"https:\/\/www.facebook.com\/La-Sentinelle-104059864394773","article_published_time":"2023-08-21T19:48:32+00:00","article_modified_time":"2023-08-21T19:48:34+00:00","og_image":[{"width":900,"height":675,"url":"https:\/\/lasentinelle.dz\/wp-content\/uploads\/2023\/08\/athletisme.webp","type":"image\/webp"}],"author":"La Sentinelle","twitter_card":"summary_large_image","twitter_misc":{"\u00c9crit par":"La Sentinelle","Dur\u00e9e de lecture estim\u00e9e":"3 minutes"},"schema":{"@context":"https:\/\/schema.org","@graph":[{"@type":"Article","@id":"https:\/\/lasentinelle.dz\/index.php\/2023\/08\/21\/comite-olympique-algerien-cap-sur-les-jo-de-paris\/#article","isPartOf":{"@id":"https:\/\/lasentinelle.dz\/index.php\/2023\/08\/21\/comite-olympique-algerien-cap-sur-les-jo-de-paris\/"},"author":{"name":"La Sentinelle","@id":"https:\/\/lasentinelle.dz\/#\/schema\/person\/d865044e22e70a75174ce8bcad3acfb3"},"headline":"Comit\u00e9 olympique alg\u00e9rien\u00a0: Cap sur les JO de Paris","datePublished":"2023-08-21T19:48:32+00:00","dateModified":"2023-08-21T19:48:34+00:00","mainEntityOfPage":{"@id":"https:\/\/lasentinelle.dz\/index.php\/2023\/08\/21\/comite-olympique-algerien-cap-sur-les-jo-de-paris\/"},"wordCount":573,"commentCount":0,"publisher":{"@id":"https:\/\/lasentinelle.dz\/#organization"},"image":{"@id":"https:\/\/lasentinelle.dz\/index.php\/2023\/08\/21\/comite-olympique-algerien-cap-sur-les-jo-de-paris\/#primaryimage"},"thumbnailUrl":"https:\/\/lasentinelle.dz\/wp-content\/uploads\/2023\/08\/athletisme.webp","articleSection":["\u00c0 la Une","Sports"],"inLanguage":"fr-FR","potentialAction":[{"@type":"CommentAction","name":"Comment","target":["https:\/\/lasentinelle.dz\/index.php\/2023\/08\/21\/comite-olympique-algerien-cap-sur-les-jo-de-paris\/#respond"]}]},{"@type":"WebPage","@id":"https:\/\/lasentinelle.dz\/index.php\/2023\/08\/21\/comite-olympique-algerien-cap-sur-les-jo-de-paris\/","url":"https:\/\/lasentinelle.dz\/index.php\/2023\/08\/21\/comite-olympique-algerien-cap-sur-les-jo-de-paris\/","name":"Comit\u00e9 olympique alg\u00e9rien\u00a0: Cap sur les JO de Paris - La Sentinelle","isPartOf":{"@id":"https:\/\/lasentinelle.dz\/#website"},"primaryImageOfPage":{"@id":"https:\/\/lasentinelle.dz\/index.php\/2023\/08\/21\/comite-olympique-algerien-cap-sur-les-jo-de-paris\/#primaryimage"},"image":{"@id":"https:\/\/lasentinelle.dz\/index.php\/2023\/08\/21\/comite-olympique-algerien-cap-sur-les-jo-de-paris\/#primaryimage"},"thumbnailUrl":"https:\/\/lasentinelle.dz\/wp-content\/uploads\/2023\/08\/athletisme.webp","datePublished":"2023-08-21T19:48:32+00:00","dateModified":"2023-08-21T19:48:34+00:00","breadcrumb":{"@id":"https:\/\/lasentinelle.dz\/index.php\/2023\/08\/21\/comite-olympique-algerien-cap-sur-les-jo-de-paris\/#breadcrumb"},"inLanguage":"fr-FR","potentialAction":[{"@type":"ReadAction","target":["https:\/\/lasentinelle.dz\/index.php\/2023\/08\/21\/comite-olympique-algerien-cap-sur-les-jo-de-paris\/"]}]},{"@type":"ImageObject","inLanguage":"fr-FR","@id":"https:\/\/lasentinelle.dz\/index.php\/2023\/08\/21\/comite-olympique-algerien-cap-sur-les-jo-de-paris\/#primaryimage","url":"https:\/\/lasentinelle.dz\/wp-content\/uploads\/2023\/08\/athletisme.webp","contentUrl":"https:\/\/lasentinelle.dz\/wp-content\/uploads\/2023\/08\/athletisme.webp","width":900,"height":675},{"@type":"BreadcrumbList","@id":"https:\/\/lasentinelle.dz\/index.php\/2023\/08\/21\/comite-olympique-algerien-cap-sur-les-jo-de-paris\/#breadcrumb","itemListElement":[{"@type":"ListItem","position":1,"name":"Accueil","item":"https:\/\/lasentinelle.dz\/"},{"@type":"ListItem","position":2,"name":"Comit\u00e9 olympique alg\u00e9rien\u00a0: Cap sur les JO de Paris"}]},{"@type":"WebSite","@id":"https:\/\/lasentinelle.dz\/#website","url":"https:\/\/lasentinelle.dz\/","name":"La Sentinelle","description":"Quotidien national d&#039;information","publisher":{"@id":"https:\/\/lasentinelle.dz\/#organization"},"potentialAction":[{"@type":"SearchAction","target":{"@type":"EntryPoint","urlTemplate":"https:\/\/lasentinelle.dz\/?s={search_term_string}"},"query-input":{"@type":"PropertyValueSpecification","valueRequired":true,"valueName":"search_term_string"}}],"inLanguage":"fr-FR"},{"@type":"Organization","@id":"https:\/\/lasentinelle.dz\/#organization","name":"Quotidien La Sentinelle","url":"https:\/\/lasentinelle.dz\/","logo":{"@type":"ImageObject","inLanguage":"fr-FR","@id":"https:\/\/lasentinelle.dz\/#\/schema\/logo\/image\/","url":"https:\/\/lasentinelle.dz\/wp-content\/uploads\/2021\/09\/logo-sentinelleSLOGAN-1.png","contentUrl":"https:\/\/lasentinelle.dz\/wp-content\/uploads\/2021\/09\/logo-sentinelleSLOGAN-1.png","width":615,"height":142,"caption":"Quotidien La Sentinelle"},"image":{"@id":"https:\/\/lasentinelle.dz\/#\/schema\/logo\/image\/"},"sameAs":["https:\/\/www.facebook.com\/La-Sentinelle-104059864394773"]},{"@type":"Person","@id":"https:\/\/lasentinelle.dz\/#\/schema\/person\/d865044e22e70a75174ce8bcad3acfb3","name":"La Sentinelle","image":{"@type":"ImageObject","inLanguage":"fr-FR","@id":"https:\/\/secure.gravatar.com\/avatar\/57de8e5d4b15d43fb361a71fbb36338450fe67865b528a43dd10ef7c51a20392?s=96&d=mm&r=g","url":"https:\/\/secure.gravatar.com\/avatar\/57de8e5d4b15d43fb361a71fbb36338450fe67865b528a43dd10ef7c51a20392?s=96&d=mm&r=g","contentUrl":"https:\/\/secure.gravatar.com\/avatar\/57de8e5d4b15d43fb361a71fbb36338450fe67865b528a43dd10ef7c51a20392?s=96&d=mm&r=g","caption":"La Sentinelle"},"sameAs":["http:\/\/www.lasentinelle.dz"],"url":"https:\/\/lasentinelle.dz\/author\/redaction\/"}]}},"_links":{"self":[{"href":"https:\/\/lasentinelle.dz\/index.php\/wp-json\/wp\/v2\/posts\/44834","targetHints":{"allow":["GET"]}}],"collection":[{"href":"https:\/\/lasentinelle.dz\/index.php\/wp-json\/wp\/v2\/posts"}],"about":[{"href":"https:\/\/lasentinelle.dz\/index.php\/wp-json\/wp\/v2\/types\/post"}],"author":[{"embeddable":true,"href":"https:\/\/lasentinelle.dz\/index.php\/wp-json\/wp\/v2\/users\/3"}],"replies":[{"embeddable":true,"href":"https:\/\/lasentinelle.dz\/index.php\/wp-json\/wp\/v2\/comments?post=44834"}],"version-history":[{"count":1,"href":"https:\/\/lasentinelle.dz\/index.php\/wp-json\/wp\/v2\/posts\/44834\/revisions"}],"predecessor-version":[{"id":44836,"href":"https:\/\/lasentinelle.dz\/index.php\/wp-json\/wp\/v2\/posts\/44834\/revisions\/44836"}],"wp:featuredmedia":[{"embeddable":true,"href":"https:\/\/lasentinelle.dz\/index.php\/wp-json\/wp\/v2\/media\/44792"}],"wp:attachment":[{"href":"https:\/\/lasentinelle.dz\/index.php\/wp-json\/wp\/v2\/media?parent=44834"}],"wp:term":[{"taxonomy":"category","embeddable":true,"href":"https:\/\/lasentinelle.dz\/index.php\/wp-json\/wp\/v2\/categories?post=44834"},{"taxonomy":"post_tag","embeddable":true,"href":"https:\/\/lasentinelle.dz\/index.php\/wp-json\/wp\/v2\/tags?post=44834"}],"curies":[{"name":"wp","href":"https:\/\/api.w.org\/{rel}","templated":true}]}}