{"id":44877,"date":"2023-08-22T20:58:46","date_gmt":"2023-08-22T19:58:46","guid":{"rendered":"https:\/\/lasentinelle.dz\/?p=44877"},"modified":"2023-08-22T20:58:47","modified_gmt":"2023-08-22T19:58:47","slug":"henni-insiste-sur-le-role-central-de-lagriculture-saharienne","status":"publish","type":"post","link":"https:\/\/lasentinelle.dz\/index.php\/2023\/08\/22\/henni-insiste-sur-le-role-central-de-lagriculture-saharienne\/","title":{"rendered":"Henni insiste sur le r\u00f4le central de l\u2019agriculture saharienne"},"content":{"rendered":"\n<p>L\u2019Alg\u00e9rie mise la consolidation de sa s\u00e9curit\u00e9 alimentaire \u00e0 travers le d\u00e9veloppement de la culture des produits alimentaires de base comme le bl\u00e9, l\u2019aliment de b\u00e9tail, les graines ol\u00e9agineuses et la betterave sucri\u00e8re. Le pr\u00e9sident de la R\u00e9publique a d\u2019ailleurs fix\u00e9, au cours des assises nationales de l\u2019agriculture, l\u2019objectif d\u2019atteindre l\u2019autosuffisance en bl\u00e9 d\u00e8s 2024-2025. Pour ce faire, le d\u00e9partement de l\u2019agriculture mise sur le d\u00e9veloppement de l\u2019agriculture saharienne, laquelle peut permettre de garantir des rendements importants \u00e0 l\u2019hectare. Un objectif de nouveau soulign\u00e9 lundi, par le ministre&nbsp; de l\u2019Agriculture et du D\u00e9veloppement rural, Mohamed Abdelhafid Henni, au cours d\u2019une visite de travail dans la wilaya de Touggourt. Celui-ci a soulign\u00e9 qu\u2019il convient d\u2019investir dans les atouts agricoles que rec\u00e8le le Sud du pays, pour la r\u00e9alisation de l\u2019autosuffisance alimentaire et relever les d\u00e9fis conjoncturels et d\u2019avenir&nbsp;\u00bb, avant d\u2019ajouter que ce d\u00e9fi est justement la mission \u00e0 laquelle s&rsquo;attelle son d\u00e9partement minist\u00e9riel. \u00ab\u00a0La wilaya de Touggourt rec\u00e8le d\u2019importantes potentialit\u00e9s agricoles lui permettant de jouer un premier r\u00f4le en termes de rentabilit\u00e9 agricole qualitative\u00a0\u00bb, a indiqu\u00e9 le ministre ajoutant qu\u2019 \u00ab\u00a0il appartient de d\u00e9ployer davantage d\u2019efforts pour promouvoir les opportunit\u00e9s d\u2019investissement dans ce secteur et de diversifier la production agricole, notamment dans les fili\u00e8res strat\u00e9giques\u00a0\u00bb. Il a, \u00e0 ce titre, indiqu\u00e9 que \u00ab\u00a0la strat\u00e9gie du secteur de l\u2019agriculture se focalise sur l\u2019encouragement et le d\u00e9veloppement des produits strat\u00e9giques, comme les c\u00e9r\u00e9ales, les fourrages, la betterave sucri\u00e8re, le tournesol, avant de mettre l\u2019accent sur \u00ab\u00a0la n\u00e9cessit\u00e9 d\u2019\u00e9tendre les superficies ph\u0153nicicoles dans la r\u00e9gion en vue de promouvoir la production datti\u00e8re et, par cons\u00e9quent, les opportunit\u00e9s d\u2019exportation de ce produit strat\u00e9gique\u00a0\u00bb. Apr\u00e8s avoir suivi un expos\u00e9 succinct sur la situation du secteur de l\u2019agriculture dans cette r\u00e9gion, M. Henni a exhort\u00e9 les responsables et agriculteurs de redoubler d\u2019efforts pour promouvoir et diversifier la production. L\u2019on rel\u00e8ve, dans ce cadre, que la wilaya de Touggourt a r\u00e9alis\u00e9, au titre de la derni\u00e8re saison agricole, une production de dattes de plus d\u2019un (1) million de quintaux (QX), toutes vari\u00e9t\u00e9s confondues, d\u2019une autre de plus de 4.602 QX d\u2019olives et d\u2019une r\u00e9colte c\u00e9r\u00e9ali\u00e8re de 238,4 QX.<\/p>\n\n\n\n<p><strong>Samir Benisid<\/strong><\/p>\n","protected":false},"excerpt":{"rendered":"<p>L\u2019Alg\u00e9rie mise la consolidation de sa s\u00e9curit\u00e9 alimentaire \u00e0 travers le d\u00e9veloppement de la culture des produits alimentaires de base<\/p>\n","protected":false},"author":3,"featured_media":34578,"comment_status":"open","ping_status":"closed","sticky":false,"template":"","format":"standard","meta":{"colormag_page_container_layout":"default_layout","colormag_page_sidebar_layout":"default_layout","om_disable_all_campaigns":false,"_monsterinsights_skip_tracking":false,"_monsterinsights_sitenote_active":false,"_monsterinsights_sitenote_note":"","_monsterinsights_sitenote_category":0,"footnotes":"","_wpscppro_dont_share_socialmedia":false,"_wpscppro_custom_social_share_image":0,"_facebook_share_type":"","_twitter_share_type":"","_linkedin_share_type":"","_pinterest_share_type":"","_linkedin_share_type_page":"","_instagram_share_type":"","_medium_share_type":"","_threads_share_type":"","_google_business_share_type":"","_selected_social_profile":[],"_wpsp_enable_custom_social_template":false,"_wpsp_social_scheduling":{"enabled":false,"datetime":null,"platforms":[],"status":"template_only","dateOption":"today","timeOption":"now","customDays":"","customHours":"","customDate":"","customTime":"","schedulingType":"absolute"},"_wpsp_active_default_template":true},"categories":[52,29],"tags":[],"class_list":["post-44877","post","type-post","status-publish","format-standard","has-post-thumbnail","hentry","category-a-la-une","category-economie"],"aioseo_notices":[],"yoast_head":"<!-- This site is optimized with the Yoast SEO plugin v27.5 - https:\/\/yoast.com\/product\/yoast-seo-wordpress\/ -->\n<title>Henni insiste sur le r\u00f4le central de l\u2019agriculture saharienne - La Sentinelle<\/title>\n<meta name=\"robots\" content=\"index, follow, max-snippet:-1, max-image-preview:large, max-video-preview:-1\" \/>\n<link rel=\"canonical\" href=\"https:\/\/lasentinelle.dz\/index.php\/2023\/08\/22\/henni-insiste-sur-le-role-central-de-lagriculture-saharienne\/\" \/>\n<meta property=\"og:locale\" content=\"fr_FR\" \/>\n<meta property=\"og:type\" content=\"article\" \/>\n<meta property=\"og:title\" content=\"Henni insiste sur le r\u00f4le central de l\u2019agriculture saharienne - La Sentinelle\" \/>\n<meta property=\"og:description\" content=\"L\u2019Alg\u00e9rie mise la consolidation de sa s\u00e9curit\u00e9 alimentaire \u00e0 travers le d\u00e9veloppement de la culture des produits alimentaires de base\" \/>\n<meta property=\"og:url\" content=\"https:\/\/lasentinelle.dz\/index.php\/2023\/08\/22\/henni-insiste-sur-le-role-central-de-lagriculture-saharienne\/\" \/>\n<meta property=\"og:site_name\" content=\"La Sentinelle\" \/>\n<meta property=\"article:publisher\" content=\"https:\/\/www.facebook.com\/La-Sentinelle-104059864394773\" \/>\n<meta property=\"article:published_time\" content=\"2023-08-22T19:58:46+00:00\" \/>\n<meta property=\"article:modified_time\" content=\"2023-08-22T19:58:47+00:00\" \/>\n<meta property=\"og:image\" content=\"https:\/\/lasentinelle.dz\/wp-content\/uploads\/2023\/01\/cereales-1.png\" \/>\n\t<meta property=\"og:image:width\" content=\"1391\" \/>\n\t<meta property=\"og:image:height\" content=\"900\" \/>\n\t<meta property=\"og:image:type\" content=\"image\/png\" \/>\n<meta name=\"author\" content=\"La Sentinelle\" \/>\n<meta name=\"twitter:card\" content=\"summary_large_image\" \/>\n<meta name=\"twitter:label1\" content=\"\u00c9crit par\" \/>\n\t<meta name=\"twitter:data1\" content=\"La Sentinelle\" \/>\n\t<meta name=\"twitter:label2\" content=\"Dur\u00e9e de lecture estim\u00e9e\" \/>\n\t<meta name=\"twitter:data2\" content=\"2 minutes\" \/>\n<script type=\"application\/ld+json\" class=\"yoast-schema-graph\">{\"@context\":\"https:\\\/\\\/schema.org\",\"@graph\":[{\"@type\":\"Article\",\"@id\":\"https:\\\/\\\/lasentinelle.dz\\\/index.php\\\/2023\\\/08\\\/22\\\/henni-insiste-sur-le-role-central-de-lagriculture-saharienne\\\/#article\",\"isPartOf\":{\"@id\":\"https:\\\/\\\/lasentinelle.dz\\\/index.php\\\/2023\\\/08\\\/22\\\/henni-insiste-sur-le-role-central-de-lagriculture-saharienne\\\/\"},\"author\":{\"name\":\"La Sentinelle\",\"@id\":\"https:\\\/\\\/lasentinelle.dz\\\/#\\\/schema\\\/person\\\/d865044e22e70a75174ce8bcad3acfb3\"},\"headline\":\"Henni insiste sur le r\u00f4le central de l\u2019agriculture saharienne\",\"datePublished\":\"2023-08-22T19:58:46+00:00\",\"dateModified\":\"2023-08-22T19:58:47+00:00\",\"mainEntityOfPage\":{\"@id\":\"https:\\\/\\\/lasentinelle.dz\\\/index.php\\\/2023\\\/08\\\/22\\\/henni-insiste-sur-le-role-central-de-lagriculture-saharienne\\\/\"},\"wordCount\":440,\"commentCount\":0,\"publisher\":{\"@id\":\"https:\\\/\\\/lasentinelle.dz\\\/#organization\"},\"image\":{\"@id\":\"https:\\\/\\\/lasentinelle.dz\\\/index.php\\\/2023\\\/08\\\/22\\\/henni-insiste-sur-le-role-central-de-lagriculture-saharienne\\\/#primaryimage\"},\"thumbnailUrl\":\"https:\\\/\\\/lasentinelle.dz\\\/wp-content\\\/uploads\\\/2023\\\/01\\\/cereales-1.png\",\"articleSection\":[\"\u00c0 la Une\",\"\u00c9conomie\"],\"inLanguage\":\"fr-FR\",\"potentialAction\":[{\"@type\":\"CommentAction\",\"name\":\"Comment\",\"target\":[\"https:\\\/\\\/lasentinelle.dz\\\/index.php\\\/2023\\\/08\\\/22\\\/henni-insiste-sur-le-role-central-de-lagriculture-saharienne\\\/#respond\"]}]},{\"@type\":\"WebPage\",\"@id\":\"https:\\\/\\\/lasentinelle.dz\\\/index.php\\\/2023\\\/08\\\/22\\\/henni-insiste-sur-le-role-central-de-lagriculture-saharienne\\\/\",\"url\":\"https:\\\/\\\/lasentinelle.dz\\\/index.php\\\/2023\\\/08\\\/22\\\/henni-insiste-sur-le-role-central-de-lagriculture-saharienne\\\/\",\"name\":\"Henni insiste sur le r\u00f4le central de l\u2019agriculture saharienne - La Sentinelle\",\"isPartOf\":{\"@id\":\"https:\\\/\\\/lasentinelle.dz\\\/#website\"},\"primaryImageOfPage\":{\"@id\":\"https:\\\/\\\/lasentinelle.dz\\\/index.php\\\/2023\\\/08\\\/22\\\/henni-insiste-sur-le-role-central-de-lagriculture-saharienne\\\/#primaryimage\"},\"image\":{\"@id\":\"https:\\\/\\\/lasentinelle.dz\\\/index.php\\\/2023\\\/08\\\/22\\\/henni-insiste-sur-le-role-central-de-lagriculture-saharienne\\\/#primaryimage\"},\"thumbnailUrl\":\"https:\\\/\\\/lasentinelle.dz\\\/wp-content\\\/uploads\\\/2023\\\/01\\\/cereales-1.png\",\"datePublished\":\"2023-08-22T19:58:46+00:00\",\"dateModified\":\"2023-08-22T19:58:47+00:00\",\"breadcrumb\":{\"@id\":\"https:\\\/\\\/lasentinelle.dz\\\/index.php\\\/2023\\\/08\\\/22\\\/henni-insiste-sur-le-role-central-de-lagriculture-saharienne\\\/#breadcrumb\"},\"inLanguage\":\"fr-FR\",\"potentialAction\":[{\"@type\":\"ReadAction\",\"target\":[\"https:\\\/\\\/lasentinelle.dz\\\/index.php\\\/2023\\\/08\\\/22\\\/henni-insiste-sur-le-role-central-de-lagriculture-saharienne\\\/\"]}]},{\"@type\":\"ImageObject\",\"inLanguage\":\"fr-FR\",\"@id\":\"https:\\\/\\\/lasentinelle.dz\\\/index.php\\\/2023\\\/08\\\/22\\\/henni-insiste-sur-le-role-central-de-lagriculture-saharienne\\\/#primaryimage\",\"url\":\"https:\\\/\\\/lasentinelle.dz\\\/wp-content\\\/uploads\\\/2023\\\/01\\\/cereales-1.png\",\"contentUrl\":\"https:\\\/\\\/lasentinelle.dz\\\/wp-content\\\/uploads\\\/2023\\\/01\\\/cereales-1.png\",\"width\":1391,\"height\":900},{\"@type\":\"BreadcrumbList\",\"@id\":\"https:\\\/\\\/lasentinelle.dz\\\/index.php\\\/2023\\\/08\\\/22\\\/henni-insiste-sur-le-role-central-de-lagriculture-saharienne\\\/#breadcrumb\",\"itemListElement\":[{\"@type\":\"ListItem\",\"position\":1,\"name\":\"Accueil\",\"item\":\"https:\\\/\\\/lasentinelle.dz\\\/\"},{\"@type\":\"ListItem\",\"position\":2,\"name\":\"Henni insiste sur le r\u00f4le central de l\u2019agriculture saharienne\"}]},{\"@type\":\"WebSite\",\"@id\":\"https:\\\/\\\/lasentinelle.dz\\\/#website\",\"url\":\"https:\\\/\\\/lasentinelle.dz\\\/\",\"name\":\"La Sentinelle\",\"description\":\"Quotidien national d&#039;information\",\"publisher\":{\"@id\":\"https:\\\/\\\/lasentinelle.dz\\\/#organization\"},\"potentialAction\":[{\"@type\":\"SearchAction\",\"target\":{\"@type\":\"EntryPoint\",\"urlTemplate\":\"https:\\\/\\\/lasentinelle.dz\\\/?s={search_term_string}\"},\"query-input\":{\"@type\":\"PropertyValueSpecification\",\"valueRequired\":true,\"valueName\":\"search_term_string\"}}],\"inLanguage\":\"fr-FR\"},{\"@type\":\"Organization\",\"@id\":\"https:\\\/\\\/lasentinelle.dz\\\/#organization\",\"name\":\"Quotidien La Sentinelle\",\"url\":\"https:\\\/\\\/lasentinelle.dz\\\/\",\"logo\":{\"@type\":\"ImageObject\",\"inLanguage\":\"fr-FR\",\"@id\":\"https:\\\/\\\/lasentinelle.dz\\\/#\\\/schema\\\/logo\\\/image\\\/\",\"url\":\"https:\\\/\\\/lasentinelle.dz\\\/wp-content\\\/uploads\\\/2021\\\/09\\\/logo-sentinelleSLOGAN-1.png\",\"contentUrl\":\"https:\\\/\\\/lasentinelle.dz\\\/wp-content\\\/uploads\\\/2021\\\/09\\\/logo-sentinelleSLOGAN-1.png\",\"width\":615,\"height\":142,\"caption\":\"Quotidien La Sentinelle\"},\"image\":{\"@id\":\"https:\\\/\\\/lasentinelle.dz\\\/#\\\/schema\\\/logo\\\/image\\\/\"},\"sameAs\":[\"https:\\\/\\\/www.facebook.com\\\/La-Sentinelle-104059864394773\"]},{\"@type\":\"Person\",\"@id\":\"https:\\\/\\\/lasentinelle.dz\\\/#\\\/schema\\\/person\\\/d865044e22e70a75174ce8bcad3acfb3\",\"name\":\"La Sentinelle\",\"image\":{\"@type\":\"ImageObject\",\"inLanguage\":\"fr-FR\",\"@id\":\"https:\\\/\\\/secure.gravatar.com\\\/avatar\\\/57de8e5d4b15d43fb361a71fbb36338450fe67865b528a43dd10ef7c51a20392?s=96&d=mm&r=g\",\"url\":\"https:\\\/\\\/secure.gravatar.com\\\/avatar\\\/57de8e5d4b15d43fb361a71fbb36338450fe67865b528a43dd10ef7c51a20392?s=96&d=mm&r=g\",\"contentUrl\":\"https:\\\/\\\/secure.gravatar.com\\\/avatar\\\/57de8e5d4b15d43fb361a71fbb36338450fe67865b528a43dd10ef7c51a20392?s=96&d=mm&r=g\",\"caption\":\"La Sentinelle\"},\"sameAs\":[\"http:\\\/\\\/www.lasentinelle.dz\"],\"url\":\"https:\\\/\\\/lasentinelle.dz\\\/author\\\/redaction\\\/\"}]}<\/script>\n<!-- \/ Yoast SEO plugin. -->","yoast_head_json":{"title":"Henni insiste sur le r\u00f4le central de l\u2019agriculture saharienne - La Sentinelle","robots":{"index":"index","follow":"follow","max-snippet":"max-snippet:-1","max-image-preview":"max-image-preview:large","max-video-preview":"max-video-preview:-1"},"canonical":"https:\/\/lasentinelle.dz\/index.php\/2023\/08\/22\/henni-insiste-sur-le-role-central-de-lagriculture-saharienne\/","og_locale":"fr_FR","og_type":"article","og_title":"Henni insiste sur le r\u00f4le central de l\u2019agriculture saharienne - La Sentinelle","og_description":"L\u2019Alg\u00e9rie mise la consolidation de sa s\u00e9curit\u00e9 alimentaire \u00e0 travers le d\u00e9veloppement de la culture des produits alimentaires de base","og_url":"https:\/\/lasentinelle.dz\/index.php\/2023\/08\/22\/henni-insiste-sur-le-role-central-de-lagriculture-saharienne\/","og_site_name":"La Sentinelle","article_publisher":"https:\/\/www.facebook.com\/La-Sentinelle-104059864394773","article_published_time":"2023-08-22T19:58:46+00:00","article_modified_time":"2023-08-22T19:58:47+00:00","og_image":[{"width":1391,"height":900,"url":"https:\/\/lasentinelle.dz\/wp-content\/uploads\/2023\/01\/cereales-1.png","type":"image\/png"}],"author":"La Sentinelle","twitter_card":"summary_large_image","twitter_misc":{"\u00c9crit par":"La Sentinelle","Dur\u00e9e de lecture estim\u00e9e":"2 minutes"},"schema":{"@context":"https:\/\/schema.org","@graph":[{"@type":"Article","@id":"https:\/\/lasentinelle.dz\/index.php\/2023\/08\/22\/henni-insiste-sur-le-role-central-de-lagriculture-saharienne\/#article","isPartOf":{"@id":"https:\/\/lasentinelle.dz\/index.php\/2023\/08\/22\/henni-insiste-sur-le-role-central-de-lagriculture-saharienne\/"},"author":{"name":"La Sentinelle","@id":"https:\/\/lasentinelle.dz\/#\/schema\/person\/d865044e22e70a75174ce8bcad3acfb3"},"headline":"Henni insiste sur le r\u00f4le central de l\u2019agriculture saharienne","datePublished":"2023-08-22T19:58:46+00:00","dateModified":"2023-08-22T19:58:47+00:00","mainEntityOfPage":{"@id":"https:\/\/lasentinelle.dz\/index.php\/2023\/08\/22\/henni-insiste-sur-le-role-central-de-lagriculture-saharienne\/"},"wordCount":440,"commentCount":0,"publisher":{"@id":"https:\/\/lasentinelle.dz\/#organization"},"image":{"@id":"https:\/\/lasentinelle.dz\/index.php\/2023\/08\/22\/henni-insiste-sur-le-role-central-de-lagriculture-saharienne\/#primaryimage"},"thumbnailUrl":"https:\/\/lasentinelle.dz\/wp-content\/uploads\/2023\/01\/cereales-1.png","articleSection":["\u00c0 la Une","\u00c9conomie"],"inLanguage":"fr-FR","potentialAction":[{"@type":"CommentAction","name":"Comment","target":["https:\/\/lasentinelle.dz\/index.php\/2023\/08\/22\/henni-insiste-sur-le-role-central-de-lagriculture-saharienne\/#respond"]}]},{"@type":"WebPage","@id":"https:\/\/lasentinelle.dz\/index.php\/2023\/08\/22\/henni-insiste-sur-le-role-central-de-lagriculture-saharienne\/","url":"https:\/\/lasentinelle.dz\/index.php\/2023\/08\/22\/henni-insiste-sur-le-role-central-de-lagriculture-saharienne\/","name":"Henni insiste sur le r\u00f4le central de l\u2019agriculture saharienne - La Sentinelle","isPartOf":{"@id":"https:\/\/lasentinelle.dz\/#website"},"primaryImageOfPage":{"@id":"https:\/\/lasentinelle.dz\/index.php\/2023\/08\/22\/henni-insiste-sur-le-role-central-de-lagriculture-saharienne\/#primaryimage"},"image":{"@id":"https:\/\/lasentinelle.dz\/index.php\/2023\/08\/22\/henni-insiste-sur-le-role-central-de-lagriculture-saharienne\/#primaryimage"},"thumbnailUrl":"https:\/\/lasentinelle.dz\/wp-content\/uploads\/2023\/01\/cereales-1.png","datePublished":"2023-08-22T19:58:46+00:00","dateModified":"2023-08-22T19:58:47+00:00","breadcrumb":{"@id":"https:\/\/lasentinelle.dz\/index.php\/2023\/08\/22\/henni-insiste-sur-le-role-central-de-lagriculture-saharienne\/#breadcrumb"},"inLanguage":"fr-FR","potentialAction":[{"@type":"ReadAction","target":["https:\/\/lasentinelle.dz\/index.php\/2023\/08\/22\/henni-insiste-sur-le-role-central-de-lagriculture-saharienne\/"]}]},{"@type":"ImageObject","inLanguage":"fr-FR","@id":"https:\/\/lasentinelle.dz\/index.php\/2023\/08\/22\/henni-insiste-sur-le-role-central-de-lagriculture-saharienne\/#primaryimage","url":"https:\/\/lasentinelle.dz\/wp-content\/uploads\/2023\/01\/cereales-1.png","contentUrl":"https:\/\/lasentinelle.dz\/wp-content\/uploads\/2023\/01\/cereales-1.png","width":1391,"height":900},{"@type":"BreadcrumbList","@id":"https:\/\/lasentinelle.dz\/index.php\/2023\/08\/22\/henni-insiste-sur-le-role-central-de-lagriculture-saharienne\/#breadcrumb","itemListElement":[{"@type":"ListItem","position":1,"name":"Accueil","item":"https:\/\/lasentinelle.dz\/"},{"@type":"ListItem","position":2,"name":"Henni insiste sur le r\u00f4le central de l\u2019agriculture saharienne"}]},{"@type":"WebSite","@id":"https:\/\/lasentinelle.dz\/#website","url":"https:\/\/lasentinelle.dz\/","name":"La Sentinelle","description":"Quotidien national d&#039;information","publisher":{"@id":"https:\/\/lasentinelle.dz\/#organization"},"potentialAction":[{"@type":"SearchAction","target":{"@type":"EntryPoint","urlTemplate":"https:\/\/lasentinelle.dz\/?s={search_term_string}"},"query-input":{"@type":"PropertyValueSpecification","valueRequired":true,"valueName":"search_term_string"}}],"inLanguage":"fr-FR"},{"@type":"Organization","@id":"https:\/\/lasentinelle.dz\/#organization","name":"Quotidien La Sentinelle","url":"https:\/\/lasentinelle.dz\/","logo":{"@type":"ImageObject","inLanguage":"fr-FR","@id":"https:\/\/lasentinelle.dz\/#\/schema\/logo\/image\/","url":"https:\/\/lasentinelle.dz\/wp-content\/uploads\/2021\/09\/logo-sentinelleSLOGAN-1.png","contentUrl":"https:\/\/lasentinelle.dz\/wp-content\/uploads\/2021\/09\/logo-sentinelleSLOGAN-1.png","width":615,"height":142,"caption":"Quotidien La Sentinelle"},"image":{"@id":"https:\/\/lasentinelle.dz\/#\/schema\/logo\/image\/"},"sameAs":["https:\/\/www.facebook.com\/La-Sentinelle-104059864394773"]},{"@type":"Person","@id":"https:\/\/lasentinelle.dz\/#\/schema\/person\/d865044e22e70a75174ce8bcad3acfb3","name":"La Sentinelle","image":{"@type":"ImageObject","inLanguage":"fr-FR","@id":"https:\/\/secure.gravatar.com\/avatar\/57de8e5d4b15d43fb361a71fbb36338450fe67865b528a43dd10ef7c51a20392?s=96&d=mm&r=g","url":"https:\/\/secure.gravatar.com\/avatar\/57de8e5d4b15d43fb361a71fbb36338450fe67865b528a43dd10ef7c51a20392?s=96&d=mm&r=g","contentUrl":"https:\/\/secure.gravatar.com\/avatar\/57de8e5d4b15d43fb361a71fbb36338450fe67865b528a43dd10ef7c51a20392?s=96&d=mm&r=g","caption":"La Sentinelle"},"sameAs":["http:\/\/www.lasentinelle.dz"],"url":"https:\/\/lasentinelle.dz\/author\/redaction\/"}]}},"_links":{"self":[{"href":"https:\/\/lasentinelle.dz\/index.php\/wp-json\/wp\/v2\/posts\/44877","targetHints":{"allow":["GET"]}}],"collection":[{"href":"https:\/\/lasentinelle.dz\/index.php\/wp-json\/wp\/v2\/posts"}],"about":[{"href":"https:\/\/lasentinelle.dz\/index.php\/wp-json\/wp\/v2\/types\/post"}],"author":[{"embeddable":true,"href":"https:\/\/lasentinelle.dz\/index.php\/wp-json\/wp\/v2\/users\/3"}],"replies":[{"embeddable":true,"href":"https:\/\/lasentinelle.dz\/index.php\/wp-json\/wp\/v2\/comments?post=44877"}],"version-history":[{"count":1,"href":"https:\/\/lasentinelle.dz\/index.php\/wp-json\/wp\/v2\/posts\/44877\/revisions"}],"predecessor-version":[{"id":44878,"href":"https:\/\/lasentinelle.dz\/index.php\/wp-json\/wp\/v2\/posts\/44877\/revisions\/44878"}],"wp:featuredmedia":[{"embeddable":true,"href":"https:\/\/lasentinelle.dz\/index.php\/wp-json\/wp\/v2\/media\/34578"}],"wp:attachment":[{"href":"https:\/\/lasentinelle.dz\/index.php\/wp-json\/wp\/v2\/media?parent=44877"}],"wp:term":[{"taxonomy":"category","embeddable":true,"href":"https:\/\/lasentinelle.dz\/index.php\/wp-json\/wp\/v2\/categories?post=44877"},{"taxonomy":"post_tag","embeddable":true,"href":"https:\/\/lasentinelle.dz\/index.php\/wp-json\/wp\/v2\/tags?post=44877"}],"curies":[{"name":"wp","href":"https:\/\/api.w.org\/{rel}","templated":true}]}}