{"id":44882,"date":"2023-08-22T21:06:29","date_gmt":"2023-08-22T20:06:29","guid":{"rendered":"https:\/\/lasentinelle.dz\/?p=44882"},"modified":"2023-08-22T21:06:31","modified_gmt":"2023-08-22T20:06:31","slug":"les-walis-sommes-daccelerer-les-preparatifs-de-la-rentree","status":"publish","type":"post","link":"https:\/\/lasentinelle.dz\/index.php\/2023\/08\/22\/les-walis-sommes-daccelerer-les-preparatifs-de-la-rentree\/","title":{"rendered":"Les walis somm\u00e9s d\u2019acc\u00e9l\u00e9rer les pr\u00e9paratifs de la rentr\u00e9e"},"content":{"rendered":"\n<p>&nbsp;Le ministre de l&rsquo;Int\u00e9rieur, des Collectivit\u00e9s locales et de l&rsquo;Am\u00e9nagement du territoire, Brahim Merad a adress\u00e9 une s\u00e9rie d\u2019instruction aux walis pour r\u00e9gler toutes les questions d&rsquo;ordre organisationnel afin d&rsquo;assurer une rentr\u00e9e scolaire r\u00e9ussie et s\u00fbre au niveau des \u00e9coles primaires en pr\u00e9vision de la prochaine rentr\u00e9e scolaire 2023-2024, et ce en coordination avec toutes les parties prenantes au niveau local, a indiqu\u00e9 mardi un communiqu\u00e9 du minist\u00e8re. La note du ministre accord\u00e9 \u00ab\u00a0une grande importance \u00e0 la qualit\u00e9 des services scolaires fournis, \u00e0 l&rsquo;am\u00e9nagement des \u00e9coles primaires et des structures y relevant\u00a0\u00bb. Elle a ainsi soulign\u00e9l&rsquo;importance \u00ab\u00a0d&rsquo;acc\u00e9l\u00e9rer la validation de la liste des \u00e9l\u00e8ves concern\u00e9s par la prime scolaire pour assurer son versement aux b\u00e9n\u00e9ficiaires avant la rentr\u00e9e scolaire, et de r\u00e9unir les meilleures conditions de scolarisation, notamment en ce qui concerne la cantine et le transport scolaires\u00a0\u00bb.<\/p>\n\n\n\n<p>Ainsi, il est pr\u00e9conis\u00e9 \u00ab\u00a0d&rsquo;assurer des repas aux \u00e9l\u00e8ves, \u00e0 partir du premier jour de la rentr\u00e9e et de veiller au parach\u00e8vement des op\u00e9rations d&rsquo;approvisionnement des cantines scolaires et de r\u00e8glement de toutes les d\u00e9penses li\u00e9es \u00e0 la gestion des cantines dans les plus brefs d\u00e9lais, avec la mobilisation d&rsquo;un nombre suffisant d&rsquo;agents\u00a0\u00bb. M. Merad a insist\u00e9, en outre, sur \u00ab\u00a0l&rsquo;importance d&rsquo;arr\u00eater un programme de transport scolaire sp\u00e9cial, permanent et r\u00e9gulier couvrant toutes les lignes concern\u00e9es, notamment pour les r\u00e9gions \u00e9loign\u00e9es et enclav\u00e9es, ainsi que les quartiers \u00e0 forte densit\u00e9 d\u00e9mographique, et ce \u00e0 travers la mobilisation de tous les bus disponibles au niveau des parcs communaux, la r\u00e9paration des bus en panne et leur maintenance p\u00e9riodique\u00a0\u00bb. Le ministre n&rsquo;a pas \u00e9cart\u00e9 la possibilit\u00e9 de \u00ab\u00a0recourir en cas de besoin, \u00e0 la conclusion de conventions avec des op\u00e9rateurs priv\u00e9s pour couvrir le manque enregistr\u00e9 en mati\u00e8re de transport des \u00e9l\u00e8ves\u00a0\u00bb, pr\u00e9cise la m\u00eame source.<\/p>\n\n\n\n<p>L&rsquo;accent a \u00e9galement \u00e9t\u00e9 mis dans le document sur \u00ab\u00a0la n\u00e9cessit\u00e9 de r\u00e9ceptionner, avant la rentr\u00e9e scolaire, toutes les structures programm\u00e9es afin de desserrer la pression que pourraient connaitre certaines r\u00e9gions. Il s&rsquo;agira, dans ce cadre, de s&rsquo;assurer de leur pr\u00e9paration et de la disponibilit\u00e9 des besoins essentiels, de finaliser les travaux de maintenance et d&rsquo;assurer le chauffage des \u00e9coles de mani\u00e8re r\u00e9guli\u00e8re, permanente et s\u00fbre, notamment dans les r\u00e9gions montagneuses et rurales, tout en assurant le gardiennage et la s\u00e9curisation des abords des \u00e9coles primaires\u00a0\u00bb. Les walis ont \u00e9t\u00e9 invit\u00e9s \u00e9galement \u00e0 \u00ab\u00a0veiller \u00e0 la s\u00e9curit\u00e9 routi\u00e8re sur la voie publique, et ce en coordination avec les diff\u00e9rents services de s\u00e9curit\u00e9\u00a0\u00bb \u00ab\u00a0En cons\u00e9cration des valeurs de concertation, l&rsquo;instruction a port\u00e9 sur la n\u00e9cessit\u00e9 de relancer le Conseil de coordination et de concertation qui regroupe tous les acteurs de la famille de l&rsquo;\u00e9ducation et les responsables locaux, repr\u00e9sentant l&rsquo;ensemble des secteurs concern\u00e9s, au niveau de chaque commune\u00a0\u00bb, selon le communiqu\u00e9. \u00ab\u00a0La tenue d&rsquo;une r\u00e9union p\u00e9riodique et r\u00e9guli\u00e8re du Conseil a \u00e9galement \u00e9t\u00e9 soulign\u00e9e, vu qu&rsquo;il s&rsquo;agit d&rsquo;un espace efficace de prise de d\u00e9cisions ad\u00e9quates en termes de conditions de scolarit\u00e9\u00a0\u00bb, conclut le document.<\/p>\n\n\n\n<p>R.N.<\/p>\n","protected":false},"excerpt":{"rendered":"<p>&nbsp;Le ministre de l&rsquo;Int\u00e9rieur, des Collectivit\u00e9s locales et de l&rsquo;Am\u00e9nagement du territoire, Brahim Merad a adress\u00e9 une s\u00e9rie d\u2019instruction aux<\/p>\n","protected":false},"author":3,"featured_media":42887,"comment_status":"open","ping_status":"closed","sticky":false,"template":"","format":"standard","meta":{"colormag_page_container_layout":"default_layout","colormag_page_sidebar_layout":"default_layout","om_disable_all_campaigns":false,"_monsterinsights_skip_tracking":false,"_monsterinsights_sitenote_active":false,"_monsterinsights_sitenote_note":"","_monsterinsights_sitenote_category":0,"footnotes":"","_wpscppro_dont_share_socialmedia":false,"_wpscppro_custom_social_share_image":0,"_facebook_share_type":"","_twitter_share_type":"","_linkedin_share_type":"","_pinterest_share_type":"","_linkedin_share_type_page":"","_instagram_share_type":"","_medium_share_type":"","_threads_share_type":"","_google_business_share_type":"","_selected_social_profile":[],"_wpsp_enable_custom_social_template":false,"_wpsp_social_scheduling":{"enabled":false,"datetime":null,"platforms":[],"status":"template_only","dateOption":"today","timeOption":"now","customDays":"","customHours":"","customDate":"","customTime":"","schedulingType":"absolute"},"_wpsp_active_default_template":true},"categories":[27],"tags":[],"class_list":["post-44882","post","type-post","status-publish","format-standard","has-post-thumbnail","hentry","category-actualite"],"aioseo_notices":[],"yoast_head":"<!-- This site is optimized with the Yoast SEO plugin v27.5 - https:\/\/yoast.com\/product\/yoast-seo-wordpress\/ -->\n<title>Les walis somm\u00e9s d\u2019acc\u00e9l\u00e9rer les pr\u00e9paratifs de la rentr\u00e9e - La Sentinelle<\/title>\n<meta name=\"robots\" content=\"index, follow, max-snippet:-1, max-image-preview:large, max-video-preview:-1\" \/>\n<link rel=\"canonical\" href=\"https:\/\/lasentinelle.dz\/index.php\/2023\/08\/22\/les-walis-sommes-daccelerer-les-preparatifs-de-la-rentree\/\" \/>\n<meta property=\"og:locale\" content=\"fr_FR\" \/>\n<meta property=\"og:type\" content=\"article\" \/>\n<meta property=\"og:title\" content=\"Les walis somm\u00e9s d\u2019acc\u00e9l\u00e9rer les pr\u00e9paratifs de la rentr\u00e9e - La Sentinelle\" \/>\n<meta property=\"og:description\" content=\"&nbsp;Le ministre de l&rsquo;Int\u00e9rieur, des Collectivit\u00e9s locales et de l&rsquo;Am\u00e9nagement du territoire, Brahim Merad a adress\u00e9 une s\u00e9rie d\u2019instruction aux\" \/>\n<meta property=\"og:url\" content=\"https:\/\/lasentinelle.dz\/index.php\/2023\/08\/22\/les-walis-sommes-daccelerer-les-preparatifs-de-la-rentree\/\" \/>\n<meta property=\"og:site_name\" content=\"La Sentinelle\" \/>\n<meta property=\"article:publisher\" content=\"https:\/\/www.facebook.com\/La-Sentinelle-104059864394773\" \/>\n<meta property=\"article:published_time\" content=\"2023-08-22T20:06:29+00:00\" \/>\n<meta property=\"article:modified_time\" content=\"2023-08-22T20:06:31+00:00\" \/>\n<meta property=\"og:image\" content=\"https:\/\/lasentinelle.dz\/wp-content\/uploads\/2023\/06\/merad.png\" \/>\n\t<meta property=\"og:image:width\" content=\"1182\" \/>\n\t<meta property=\"og:image:height\" content=\"892\" \/>\n\t<meta property=\"og:image:type\" content=\"image\/png\" \/>\n<meta name=\"author\" content=\"La Sentinelle\" \/>\n<meta name=\"twitter:card\" content=\"summary_large_image\" \/>\n<meta name=\"twitter:label1\" content=\"\u00c9crit par\" \/>\n\t<meta name=\"twitter:data1\" content=\"La Sentinelle\" \/>\n\t<meta name=\"twitter:label2\" content=\"Dur\u00e9e de lecture estim\u00e9e\" \/>\n\t<meta name=\"twitter:data2\" content=\"3 minutes\" \/>\n<script type=\"application\/ld+json\" class=\"yoast-schema-graph\">{\"@context\":\"https:\\\/\\\/schema.org\",\"@graph\":[{\"@type\":\"Article\",\"@id\":\"https:\\\/\\\/lasentinelle.dz\\\/index.php\\\/2023\\\/08\\\/22\\\/les-walis-sommes-daccelerer-les-preparatifs-de-la-rentree\\\/#article\",\"isPartOf\":{\"@id\":\"https:\\\/\\\/lasentinelle.dz\\\/index.php\\\/2023\\\/08\\\/22\\\/les-walis-sommes-daccelerer-les-preparatifs-de-la-rentree\\\/\"},\"author\":{\"name\":\"La Sentinelle\",\"@id\":\"https:\\\/\\\/lasentinelle.dz\\\/#\\\/schema\\\/person\\\/d865044e22e70a75174ce8bcad3acfb3\"},\"headline\":\"Les walis somm\u00e9s d\u2019acc\u00e9l\u00e9rer les pr\u00e9paratifs de la rentr\u00e9e\",\"datePublished\":\"2023-08-22T20:06:29+00:00\",\"dateModified\":\"2023-08-22T20:06:31+00:00\",\"mainEntityOfPage\":{\"@id\":\"https:\\\/\\\/lasentinelle.dz\\\/index.php\\\/2023\\\/08\\\/22\\\/les-walis-sommes-daccelerer-les-preparatifs-de-la-rentree\\\/\"},\"wordCount\":595,\"commentCount\":0,\"publisher\":{\"@id\":\"https:\\\/\\\/lasentinelle.dz\\\/#organization\"},\"image\":{\"@id\":\"https:\\\/\\\/lasentinelle.dz\\\/index.php\\\/2023\\\/08\\\/22\\\/les-walis-sommes-daccelerer-les-preparatifs-de-la-rentree\\\/#primaryimage\"},\"thumbnailUrl\":\"https:\\\/\\\/lasentinelle.dz\\\/wp-content\\\/uploads\\\/2023\\\/06\\\/merad.png\",\"articleSection\":[\"Actualit\u00e9\"],\"inLanguage\":\"fr-FR\",\"potentialAction\":[{\"@type\":\"CommentAction\",\"name\":\"Comment\",\"target\":[\"https:\\\/\\\/lasentinelle.dz\\\/index.php\\\/2023\\\/08\\\/22\\\/les-walis-sommes-daccelerer-les-preparatifs-de-la-rentree\\\/#respond\"]}]},{\"@type\":\"WebPage\",\"@id\":\"https:\\\/\\\/lasentinelle.dz\\\/index.php\\\/2023\\\/08\\\/22\\\/les-walis-sommes-daccelerer-les-preparatifs-de-la-rentree\\\/\",\"url\":\"https:\\\/\\\/lasentinelle.dz\\\/index.php\\\/2023\\\/08\\\/22\\\/les-walis-sommes-daccelerer-les-preparatifs-de-la-rentree\\\/\",\"name\":\"Les walis somm\u00e9s d\u2019acc\u00e9l\u00e9rer les pr\u00e9paratifs de la rentr\u00e9e - La Sentinelle\",\"isPartOf\":{\"@id\":\"https:\\\/\\\/lasentinelle.dz\\\/#website\"},\"primaryImageOfPage\":{\"@id\":\"https:\\\/\\\/lasentinelle.dz\\\/index.php\\\/2023\\\/08\\\/22\\\/les-walis-sommes-daccelerer-les-preparatifs-de-la-rentree\\\/#primaryimage\"},\"image\":{\"@id\":\"https:\\\/\\\/lasentinelle.dz\\\/index.php\\\/2023\\\/08\\\/22\\\/les-walis-sommes-daccelerer-les-preparatifs-de-la-rentree\\\/#primaryimage\"},\"thumbnailUrl\":\"https:\\\/\\\/lasentinelle.dz\\\/wp-content\\\/uploads\\\/2023\\\/06\\\/merad.png\",\"datePublished\":\"2023-08-22T20:06:29+00:00\",\"dateModified\":\"2023-08-22T20:06:31+00:00\",\"breadcrumb\":{\"@id\":\"https:\\\/\\\/lasentinelle.dz\\\/index.php\\\/2023\\\/08\\\/22\\\/les-walis-sommes-daccelerer-les-preparatifs-de-la-rentree\\\/#breadcrumb\"},\"inLanguage\":\"fr-FR\",\"potentialAction\":[{\"@type\":\"ReadAction\",\"target\":[\"https:\\\/\\\/lasentinelle.dz\\\/index.php\\\/2023\\\/08\\\/22\\\/les-walis-sommes-daccelerer-les-preparatifs-de-la-rentree\\\/\"]}]},{\"@type\":\"ImageObject\",\"inLanguage\":\"fr-FR\",\"@id\":\"https:\\\/\\\/lasentinelle.dz\\\/index.php\\\/2023\\\/08\\\/22\\\/les-walis-sommes-daccelerer-les-preparatifs-de-la-rentree\\\/#primaryimage\",\"url\":\"https:\\\/\\\/lasentinelle.dz\\\/wp-content\\\/uploads\\\/2023\\\/06\\\/merad.png\",\"contentUrl\":\"https:\\\/\\\/lasentinelle.dz\\\/wp-content\\\/uploads\\\/2023\\\/06\\\/merad.png\",\"width\":1182,\"height\":892},{\"@type\":\"BreadcrumbList\",\"@id\":\"https:\\\/\\\/lasentinelle.dz\\\/index.php\\\/2023\\\/08\\\/22\\\/les-walis-sommes-daccelerer-les-preparatifs-de-la-rentree\\\/#breadcrumb\",\"itemListElement\":[{\"@type\":\"ListItem\",\"position\":1,\"name\":\"Accueil\",\"item\":\"https:\\\/\\\/lasentinelle.dz\\\/\"},{\"@type\":\"ListItem\",\"position\":2,\"name\":\"Les walis somm\u00e9s d\u2019acc\u00e9l\u00e9rer les pr\u00e9paratifs de la rentr\u00e9e\"}]},{\"@type\":\"WebSite\",\"@id\":\"https:\\\/\\\/lasentinelle.dz\\\/#website\",\"url\":\"https:\\\/\\\/lasentinelle.dz\\\/\",\"name\":\"La Sentinelle\",\"description\":\"Quotidien national d&#039;information\",\"publisher\":{\"@id\":\"https:\\\/\\\/lasentinelle.dz\\\/#organization\"},\"potentialAction\":[{\"@type\":\"SearchAction\",\"target\":{\"@type\":\"EntryPoint\",\"urlTemplate\":\"https:\\\/\\\/lasentinelle.dz\\\/?s={search_term_string}\"},\"query-input\":{\"@type\":\"PropertyValueSpecification\",\"valueRequired\":true,\"valueName\":\"search_term_string\"}}],\"inLanguage\":\"fr-FR\"},{\"@type\":\"Organization\",\"@id\":\"https:\\\/\\\/lasentinelle.dz\\\/#organization\",\"name\":\"Quotidien La Sentinelle\",\"url\":\"https:\\\/\\\/lasentinelle.dz\\\/\",\"logo\":{\"@type\":\"ImageObject\",\"inLanguage\":\"fr-FR\",\"@id\":\"https:\\\/\\\/lasentinelle.dz\\\/#\\\/schema\\\/logo\\\/image\\\/\",\"url\":\"https:\\\/\\\/lasentinelle.dz\\\/wp-content\\\/uploads\\\/2021\\\/09\\\/logo-sentinelleSLOGAN-1.png\",\"contentUrl\":\"https:\\\/\\\/lasentinelle.dz\\\/wp-content\\\/uploads\\\/2021\\\/09\\\/logo-sentinelleSLOGAN-1.png\",\"width\":615,\"height\":142,\"caption\":\"Quotidien La Sentinelle\"},\"image\":{\"@id\":\"https:\\\/\\\/lasentinelle.dz\\\/#\\\/schema\\\/logo\\\/image\\\/\"},\"sameAs\":[\"https:\\\/\\\/www.facebook.com\\\/La-Sentinelle-104059864394773\"]},{\"@type\":\"Person\",\"@id\":\"https:\\\/\\\/lasentinelle.dz\\\/#\\\/schema\\\/person\\\/d865044e22e70a75174ce8bcad3acfb3\",\"name\":\"La Sentinelle\",\"image\":{\"@type\":\"ImageObject\",\"inLanguage\":\"fr-FR\",\"@id\":\"https:\\\/\\\/secure.gravatar.com\\\/avatar\\\/57de8e5d4b15d43fb361a71fbb36338450fe67865b528a43dd10ef7c51a20392?s=96&d=mm&r=g\",\"url\":\"https:\\\/\\\/secure.gravatar.com\\\/avatar\\\/57de8e5d4b15d43fb361a71fbb36338450fe67865b528a43dd10ef7c51a20392?s=96&d=mm&r=g\",\"contentUrl\":\"https:\\\/\\\/secure.gravatar.com\\\/avatar\\\/57de8e5d4b15d43fb361a71fbb36338450fe67865b528a43dd10ef7c51a20392?s=96&d=mm&r=g\",\"caption\":\"La Sentinelle\"},\"sameAs\":[\"http:\\\/\\\/www.lasentinelle.dz\"],\"url\":\"https:\\\/\\\/lasentinelle.dz\\\/author\\\/redaction\\\/\"}]}<\/script>\n<!-- \/ Yoast SEO plugin. -->","yoast_head_json":{"title":"Les walis somm\u00e9s d\u2019acc\u00e9l\u00e9rer les pr\u00e9paratifs de la rentr\u00e9e - La Sentinelle","robots":{"index":"index","follow":"follow","max-snippet":"max-snippet:-1","max-image-preview":"max-image-preview:large","max-video-preview":"max-video-preview:-1"},"canonical":"https:\/\/lasentinelle.dz\/index.php\/2023\/08\/22\/les-walis-sommes-daccelerer-les-preparatifs-de-la-rentree\/","og_locale":"fr_FR","og_type":"article","og_title":"Les walis somm\u00e9s d\u2019acc\u00e9l\u00e9rer les pr\u00e9paratifs de la rentr\u00e9e - La Sentinelle","og_description":"&nbsp;Le ministre de l&rsquo;Int\u00e9rieur, des Collectivit\u00e9s locales et de l&rsquo;Am\u00e9nagement du territoire, Brahim Merad a adress\u00e9 une s\u00e9rie d\u2019instruction aux","og_url":"https:\/\/lasentinelle.dz\/index.php\/2023\/08\/22\/les-walis-sommes-daccelerer-les-preparatifs-de-la-rentree\/","og_site_name":"La Sentinelle","article_publisher":"https:\/\/www.facebook.com\/La-Sentinelle-104059864394773","article_published_time":"2023-08-22T20:06:29+00:00","article_modified_time":"2023-08-22T20:06:31+00:00","og_image":[{"width":1182,"height":892,"url":"https:\/\/lasentinelle.dz\/wp-content\/uploads\/2023\/06\/merad.png","type":"image\/png"}],"author":"La Sentinelle","twitter_card":"summary_large_image","twitter_misc":{"\u00c9crit par":"La Sentinelle","Dur\u00e9e de lecture estim\u00e9e":"3 minutes"},"schema":{"@context":"https:\/\/schema.org","@graph":[{"@type":"Article","@id":"https:\/\/lasentinelle.dz\/index.php\/2023\/08\/22\/les-walis-sommes-daccelerer-les-preparatifs-de-la-rentree\/#article","isPartOf":{"@id":"https:\/\/lasentinelle.dz\/index.php\/2023\/08\/22\/les-walis-sommes-daccelerer-les-preparatifs-de-la-rentree\/"},"author":{"name":"La Sentinelle","@id":"https:\/\/lasentinelle.dz\/#\/schema\/person\/d865044e22e70a75174ce8bcad3acfb3"},"headline":"Les walis somm\u00e9s d\u2019acc\u00e9l\u00e9rer les pr\u00e9paratifs de la rentr\u00e9e","datePublished":"2023-08-22T20:06:29+00:00","dateModified":"2023-08-22T20:06:31+00:00","mainEntityOfPage":{"@id":"https:\/\/lasentinelle.dz\/index.php\/2023\/08\/22\/les-walis-sommes-daccelerer-les-preparatifs-de-la-rentree\/"},"wordCount":595,"commentCount":0,"publisher":{"@id":"https:\/\/lasentinelle.dz\/#organization"},"image":{"@id":"https:\/\/lasentinelle.dz\/index.php\/2023\/08\/22\/les-walis-sommes-daccelerer-les-preparatifs-de-la-rentree\/#primaryimage"},"thumbnailUrl":"https:\/\/lasentinelle.dz\/wp-content\/uploads\/2023\/06\/merad.png","articleSection":["Actualit\u00e9"],"inLanguage":"fr-FR","potentialAction":[{"@type":"CommentAction","name":"Comment","target":["https:\/\/lasentinelle.dz\/index.php\/2023\/08\/22\/les-walis-sommes-daccelerer-les-preparatifs-de-la-rentree\/#respond"]}]},{"@type":"WebPage","@id":"https:\/\/lasentinelle.dz\/index.php\/2023\/08\/22\/les-walis-sommes-daccelerer-les-preparatifs-de-la-rentree\/","url":"https:\/\/lasentinelle.dz\/index.php\/2023\/08\/22\/les-walis-sommes-daccelerer-les-preparatifs-de-la-rentree\/","name":"Les walis somm\u00e9s d\u2019acc\u00e9l\u00e9rer les pr\u00e9paratifs de la rentr\u00e9e - La Sentinelle","isPartOf":{"@id":"https:\/\/lasentinelle.dz\/#website"},"primaryImageOfPage":{"@id":"https:\/\/lasentinelle.dz\/index.php\/2023\/08\/22\/les-walis-sommes-daccelerer-les-preparatifs-de-la-rentree\/#primaryimage"},"image":{"@id":"https:\/\/lasentinelle.dz\/index.php\/2023\/08\/22\/les-walis-sommes-daccelerer-les-preparatifs-de-la-rentree\/#primaryimage"},"thumbnailUrl":"https:\/\/lasentinelle.dz\/wp-content\/uploads\/2023\/06\/merad.png","datePublished":"2023-08-22T20:06:29+00:00","dateModified":"2023-08-22T20:06:31+00:00","breadcrumb":{"@id":"https:\/\/lasentinelle.dz\/index.php\/2023\/08\/22\/les-walis-sommes-daccelerer-les-preparatifs-de-la-rentree\/#breadcrumb"},"inLanguage":"fr-FR","potentialAction":[{"@type":"ReadAction","target":["https:\/\/lasentinelle.dz\/index.php\/2023\/08\/22\/les-walis-sommes-daccelerer-les-preparatifs-de-la-rentree\/"]}]},{"@type":"ImageObject","inLanguage":"fr-FR","@id":"https:\/\/lasentinelle.dz\/index.php\/2023\/08\/22\/les-walis-sommes-daccelerer-les-preparatifs-de-la-rentree\/#primaryimage","url":"https:\/\/lasentinelle.dz\/wp-content\/uploads\/2023\/06\/merad.png","contentUrl":"https:\/\/lasentinelle.dz\/wp-content\/uploads\/2023\/06\/merad.png","width":1182,"height":892},{"@type":"BreadcrumbList","@id":"https:\/\/lasentinelle.dz\/index.php\/2023\/08\/22\/les-walis-sommes-daccelerer-les-preparatifs-de-la-rentree\/#breadcrumb","itemListElement":[{"@type":"ListItem","position":1,"name":"Accueil","item":"https:\/\/lasentinelle.dz\/"},{"@type":"ListItem","position":2,"name":"Les walis somm\u00e9s d\u2019acc\u00e9l\u00e9rer les pr\u00e9paratifs de la rentr\u00e9e"}]},{"@type":"WebSite","@id":"https:\/\/lasentinelle.dz\/#website","url":"https:\/\/lasentinelle.dz\/","name":"La Sentinelle","description":"Quotidien national d&#039;information","publisher":{"@id":"https:\/\/lasentinelle.dz\/#organization"},"potentialAction":[{"@type":"SearchAction","target":{"@type":"EntryPoint","urlTemplate":"https:\/\/lasentinelle.dz\/?s={search_term_string}"},"query-input":{"@type":"PropertyValueSpecification","valueRequired":true,"valueName":"search_term_string"}}],"inLanguage":"fr-FR"},{"@type":"Organization","@id":"https:\/\/lasentinelle.dz\/#organization","name":"Quotidien La Sentinelle","url":"https:\/\/lasentinelle.dz\/","logo":{"@type":"ImageObject","inLanguage":"fr-FR","@id":"https:\/\/lasentinelle.dz\/#\/schema\/logo\/image\/","url":"https:\/\/lasentinelle.dz\/wp-content\/uploads\/2021\/09\/logo-sentinelleSLOGAN-1.png","contentUrl":"https:\/\/lasentinelle.dz\/wp-content\/uploads\/2021\/09\/logo-sentinelleSLOGAN-1.png","width":615,"height":142,"caption":"Quotidien La Sentinelle"},"image":{"@id":"https:\/\/lasentinelle.dz\/#\/schema\/logo\/image\/"},"sameAs":["https:\/\/www.facebook.com\/La-Sentinelle-104059864394773"]},{"@type":"Person","@id":"https:\/\/lasentinelle.dz\/#\/schema\/person\/d865044e22e70a75174ce8bcad3acfb3","name":"La Sentinelle","image":{"@type":"ImageObject","inLanguage":"fr-FR","@id":"https:\/\/secure.gravatar.com\/avatar\/57de8e5d4b15d43fb361a71fbb36338450fe67865b528a43dd10ef7c51a20392?s=96&d=mm&r=g","url":"https:\/\/secure.gravatar.com\/avatar\/57de8e5d4b15d43fb361a71fbb36338450fe67865b528a43dd10ef7c51a20392?s=96&d=mm&r=g","contentUrl":"https:\/\/secure.gravatar.com\/avatar\/57de8e5d4b15d43fb361a71fbb36338450fe67865b528a43dd10ef7c51a20392?s=96&d=mm&r=g","caption":"La Sentinelle"},"sameAs":["http:\/\/www.lasentinelle.dz"],"url":"https:\/\/lasentinelle.dz\/author\/redaction\/"}]}},"_links":{"self":[{"href":"https:\/\/lasentinelle.dz\/index.php\/wp-json\/wp\/v2\/posts\/44882","targetHints":{"allow":["GET"]}}],"collection":[{"href":"https:\/\/lasentinelle.dz\/index.php\/wp-json\/wp\/v2\/posts"}],"about":[{"href":"https:\/\/lasentinelle.dz\/index.php\/wp-json\/wp\/v2\/types\/post"}],"author":[{"embeddable":true,"href":"https:\/\/lasentinelle.dz\/index.php\/wp-json\/wp\/v2\/users\/3"}],"replies":[{"embeddable":true,"href":"https:\/\/lasentinelle.dz\/index.php\/wp-json\/wp\/v2\/comments?post=44882"}],"version-history":[{"count":1,"href":"https:\/\/lasentinelle.dz\/index.php\/wp-json\/wp\/v2\/posts\/44882\/revisions"}],"predecessor-version":[{"id":44883,"href":"https:\/\/lasentinelle.dz\/index.php\/wp-json\/wp\/v2\/posts\/44882\/revisions\/44883"}],"wp:featuredmedia":[{"embeddable":true,"href":"https:\/\/lasentinelle.dz\/index.php\/wp-json\/wp\/v2\/media\/42887"}],"wp:attachment":[{"href":"https:\/\/lasentinelle.dz\/index.php\/wp-json\/wp\/v2\/media?parent=44882"}],"wp:term":[{"taxonomy":"category","embeddable":true,"href":"https:\/\/lasentinelle.dz\/index.php\/wp-json\/wp\/v2\/categories?post=44882"},{"taxonomy":"post_tag","embeddable":true,"href":"https:\/\/lasentinelle.dz\/index.php\/wp-json\/wp\/v2\/tags?post=44882"}],"curies":[{"name":"wp","href":"https:\/\/api.w.org\/{rel}","templated":true}]}}