{"id":44906,"date":"2023-08-23T19:34:04","date_gmt":"2023-08-23T18:34:04","guid":{"rendered":"https:\/\/lasentinelle.dz\/?p=44906"},"modified":"2023-08-23T19:34:05","modified_gmt":"2023-08-23T18:34:05","slug":"espagne-le-chef-de-la-droite-charge-de-former-un-gouvernement","status":"publish","type":"post","link":"https:\/\/lasentinelle.dz\/index.php\/2023\/08\/23\/espagne-le-chef-de-la-droite-charge-de-former-un-gouvernement\/","title":{"rendered":"Espagne\u00a0: Le chef de la droite charg\u00e9 de former un gouvernement"},"content":{"rendered":"\n<p>Le chef de la droite, Alberto Nunez Feijoo, a \u00e9t\u00e9 d\u00e9sign\u00e9 mardi par le roi d\u2019Espagne Felipe VI pour tenter d\u2019\u00eatre investi Premier ministre par les d\u00e9put\u00e9s, a annonc\u00e9 la pr\u00e9sidente de l\u2019Assembl\u00e9e, Francina Armengol.<\/p>\n\n\n\n<p>Le roi a communiqu\u00e9 \u00ab sa d\u00e9cision de proposer monsieur Alberto Nunez Feijoo comme candidat \u00e0 la pr\u00e9sidence du gouvernement \u00bb, a d\u00e9clar\u00e9 lors d\u2019une conf\u00e9rence de presse Mme Armengol, nouvelle pr\u00e9sidente du Congr\u00e8s des d\u00e9put\u00e9s renouvel\u00e9 lors des \u00e9lections du 23 juillet. Le Palais royal avait justifi\u00e9 dans la soir\u00e9e la d\u00e9signation de M. Feijoo en expliquant que le Parti populaire avait \u00ab obtenu le plus grand nombre de si\u00e8ges \u00bb le 23 juillet. A l\u2019issue de leurs entretiens respectifs avec le roi mardi, M. Feijoo, leader du Parti populaire et le Premier ministre socialiste sortant, Pedro Sanchez avaient tous deux r\u00e9it\u00e9r\u00e9 qu\u2019ils \u00e9taient pr\u00eats \u00e0 se soumettre \u00e0 un vote d\u2019investiture si le choix du souverain se portait sur eux. A cet effet, le d\u00e9bat sur l\u2019investiture au poste de Premier ministre du leader de la droite espagnole devant le Congr\u00e8s des d\u00e9put\u00e9s est pr\u00e9vu les 26 et 27 septembre, a annonc\u00e9 mercredi Mme Armengol. La date choisie impliquerait donc, compte tenu du calendrier pr\u00e9vu par la Constitution, que de nouvelles \u00e9lections auraient lieu en janvier.<\/p>\n\n\n\n<p>\u00ab Je consid\u00e8re que cette date donne un temps suffisant pour que le candidat puisse r\u00e9aliser les n\u00e9gociations opportunes avec les repr\u00e9sentants des diff\u00e9rentes formations politiques \u00bb, a affirm\u00e9 Mme Armengol, dans une br\u00e8ve d\u00e9claration devant la presse. Au premier tour, la majorit\u00e9 absolue de 176 voix (sur un total de 350 d\u00e9put\u00e9s) est requise, alors qu\u2019une majorit\u00e9 simple suffit au second tour. Le chef de la droite ne peut se pr\u00e9valoir que du soutien de 172 d\u00e9put\u00e9s, contre 164 pour son rival. En cas d\u2019\u00e9chec du vote d\u2019investiture de M. Feijoo, un compte \u00e0 rebours de deux mois sera d\u00e9clench\u00e9 pour que Pedro Sanchez tente \u00e0 son tour de trouver une majorit\u00e9, faute de quoi de nouvelles \u00e9lections seront convoqu\u00e9es.<\/p>\n\n\n\n<p>Agences<\/p>\n","protected":false},"excerpt":{"rendered":"<p>Le chef de la droite, Alberto Nunez Feijoo, a \u00e9t\u00e9 d\u00e9sign\u00e9 mardi par le roi d\u2019Espagne Felipe VI pour tenter<\/p>\n","protected":false},"author":3,"featured_media":44907,"comment_status":"open","ping_status":"closed","sticky":false,"template":"","format":"standard","meta":{"colormag_page_container_layout":"default_layout","colormag_page_sidebar_layout":"default_layout","om_disable_all_campaigns":false,"_monsterinsights_skip_tracking":false,"_monsterinsights_sitenote_active":false,"_monsterinsights_sitenote_note":"","_monsterinsights_sitenote_category":0,"footnotes":"","_wpscppro_dont_share_socialmedia":false,"_wpscppro_custom_social_share_image":0,"_facebook_share_type":"","_twitter_share_type":"","_linkedin_share_type":"","_pinterest_share_type":"","_linkedin_share_type_page":"","_instagram_share_type":"","_medium_share_type":"","_threads_share_type":"","_google_business_share_type":"","_selected_social_profile":[],"_wpsp_enable_custom_social_template":false,"_wpsp_social_scheduling":{"enabled":false,"datetime":null,"platforms":[],"status":"template_only","dateOption":"today","timeOption":"now","customDays":"","customHours":"","customDate":"","customTime":"","schedulingType":"absolute"},"_wpsp_active_default_template":true},"categories":[52,37],"tags":[],"class_list":["post-44906","post","type-post","status-publish","format-standard","has-post-thumbnail","hentry","category-a-la-une","category-monde"],"aioseo_notices":[],"yoast_head":"<!-- This site is optimized with the Yoast SEO plugin v27.5 - https:\/\/yoast.com\/product\/yoast-seo-wordpress\/ -->\n<title>Espagne\u00a0: Le chef de la droite charg\u00e9 de former un gouvernement - La Sentinelle<\/title>\n<meta name=\"robots\" content=\"index, follow, max-snippet:-1, max-image-preview:large, max-video-preview:-1\" \/>\n<link rel=\"canonical\" href=\"https:\/\/lasentinelle.dz\/index.php\/2023\/08\/23\/espagne-le-chef-de-la-droite-charge-de-former-un-gouvernement\/\" \/>\n<meta property=\"og:locale\" content=\"fr_FR\" \/>\n<meta property=\"og:type\" content=\"article\" \/>\n<meta property=\"og:title\" content=\"Espagne\u00a0: Le chef de la droite charg\u00e9 de former un gouvernement - La Sentinelle\" \/>\n<meta property=\"og:description\" content=\"Le chef de la droite, Alberto Nunez Feijoo, a \u00e9t\u00e9 d\u00e9sign\u00e9 mardi par le roi d\u2019Espagne Felipe VI pour tenter\" \/>\n<meta property=\"og:url\" content=\"https:\/\/lasentinelle.dz\/index.php\/2023\/08\/23\/espagne-le-chef-de-la-droite-charge-de-former-un-gouvernement\/\" \/>\n<meta property=\"og:site_name\" content=\"La Sentinelle\" \/>\n<meta property=\"article:publisher\" content=\"https:\/\/www.facebook.com\/La-Sentinelle-104059864394773\" \/>\n<meta property=\"article:published_time\" content=\"2023-08-23T18:34:04+00:00\" \/>\n<meta property=\"article:modified_time\" content=\"2023-08-23T18:34:05+00:00\" \/>\n<meta property=\"og:image\" content=\"https:\/\/lasentinelle.dz\/wp-content\/uploads\/2023\/08\/Alberto-Nunez-Feijoo.jpeg\" \/>\n\t<meta property=\"og:image:width\" content=\"660\" \/>\n\t<meta property=\"og:image:height\" content=\"287\" \/>\n\t<meta property=\"og:image:type\" content=\"image\/jpeg\" \/>\n<meta name=\"author\" content=\"La Sentinelle\" \/>\n<meta name=\"twitter:card\" content=\"summary_large_image\" \/>\n<meta name=\"twitter:label1\" content=\"\u00c9crit par\" \/>\n\t<meta name=\"twitter:data1\" content=\"La Sentinelle\" \/>\n\t<meta name=\"twitter:label2\" content=\"Dur\u00e9e de lecture estim\u00e9e\" \/>\n\t<meta name=\"twitter:data2\" content=\"2 minutes\" \/>\n<script type=\"application\/ld+json\" class=\"yoast-schema-graph\">{\"@context\":\"https:\\\/\\\/schema.org\",\"@graph\":[{\"@type\":\"Article\",\"@id\":\"https:\\\/\\\/lasentinelle.dz\\\/index.php\\\/2023\\\/08\\\/23\\\/espagne-le-chef-de-la-droite-charge-de-former-un-gouvernement\\\/#article\",\"isPartOf\":{\"@id\":\"https:\\\/\\\/lasentinelle.dz\\\/index.php\\\/2023\\\/08\\\/23\\\/espagne-le-chef-de-la-droite-charge-de-former-un-gouvernement\\\/\"},\"author\":{\"name\":\"La Sentinelle\",\"@id\":\"https:\\\/\\\/lasentinelle.dz\\\/#\\\/schema\\\/person\\\/d865044e22e70a75174ce8bcad3acfb3\"},\"headline\":\"Espagne\u00a0: Le chef de la droite charg\u00e9 de former un gouvernement\",\"datePublished\":\"2023-08-23T18:34:04+00:00\",\"dateModified\":\"2023-08-23T18:34:05+00:00\",\"mainEntityOfPage\":{\"@id\":\"https:\\\/\\\/lasentinelle.dz\\\/index.php\\\/2023\\\/08\\\/23\\\/espagne-le-chef-de-la-droite-charge-de-former-un-gouvernement\\\/\"},\"wordCount\":377,\"commentCount\":0,\"publisher\":{\"@id\":\"https:\\\/\\\/lasentinelle.dz\\\/#organization\"},\"image\":{\"@id\":\"https:\\\/\\\/lasentinelle.dz\\\/index.php\\\/2023\\\/08\\\/23\\\/espagne-le-chef-de-la-droite-charge-de-former-un-gouvernement\\\/#primaryimage\"},\"thumbnailUrl\":\"https:\\\/\\\/lasentinelle.dz\\\/wp-content\\\/uploads\\\/2023\\\/08\\\/Alberto-Nunez-Feijoo.jpeg\",\"articleSection\":[\"\u00c0 la Une\",\"Monde\"],\"inLanguage\":\"fr-FR\",\"potentialAction\":[{\"@type\":\"CommentAction\",\"name\":\"Comment\",\"target\":[\"https:\\\/\\\/lasentinelle.dz\\\/index.php\\\/2023\\\/08\\\/23\\\/espagne-le-chef-de-la-droite-charge-de-former-un-gouvernement\\\/#respond\"]}]},{\"@type\":\"WebPage\",\"@id\":\"https:\\\/\\\/lasentinelle.dz\\\/index.php\\\/2023\\\/08\\\/23\\\/espagne-le-chef-de-la-droite-charge-de-former-un-gouvernement\\\/\",\"url\":\"https:\\\/\\\/lasentinelle.dz\\\/index.php\\\/2023\\\/08\\\/23\\\/espagne-le-chef-de-la-droite-charge-de-former-un-gouvernement\\\/\",\"name\":\"Espagne\u00a0: Le chef de la droite charg\u00e9 de former un gouvernement - La Sentinelle\",\"isPartOf\":{\"@id\":\"https:\\\/\\\/lasentinelle.dz\\\/#website\"},\"primaryImageOfPage\":{\"@id\":\"https:\\\/\\\/lasentinelle.dz\\\/index.php\\\/2023\\\/08\\\/23\\\/espagne-le-chef-de-la-droite-charge-de-former-un-gouvernement\\\/#primaryimage\"},\"image\":{\"@id\":\"https:\\\/\\\/lasentinelle.dz\\\/index.php\\\/2023\\\/08\\\/23\\\/espagne-le-chef-de-la-droite-charge-de-former-un-gouvernement\\\/#primaryimage\"},\"thumbnailUrl\":\"https:\\\/\\\/lasentinelle.dz\\\/wp-content\\\/uploads\\\/2023\\\/08\\\/Alberto-Nunez-Feijoo.jpeg\",\"datePublished\":\"2023-08-23T18:34:04+00:00\",\"dateModified\":\"2023-08-23T18:34:05+00:00\",\"breadcrumb\":{\"@id\":\"https:\\\/\\\/lasentinelle.dz\\\/index.php\\\/2023\\\/08\\\/23\\\/espagne-le-chef-de-la-droite-charge-de-former-un-gouvernement\\\/#breadcrumb\"},\"inLanguage\":\"fr-FR\",\"potentialAction\":[{\"@type\":\"ReadAction\",\"target\":[\"https:\\\/\\\/lasentinelle.dz\\\/index.php\\\/2023\\\/08\\\/23\\\/espagne-le-chef-de-la-droite-charge-de-former-un-gouvernement\\\/\"]}]},{\"@type\":\"ImageObject\",\"inLanguage\":\"fr-FR\",\"@id\":\"https:\\\/\\\/lasentinelle.dz\\\/index.php\\\/2023\\\/08\\\/23\\\/espagne-le-chef-de-la-droite-charge-de-former-un-gouvernement\\\/#primaryimage\",\"url\":\"https:\\\/\\\/lasentinelle.dz\\\/wp-content\\\/uploads\\\/2023\\\/08\\\/Alberto-Nunez-Feijoo.jpeg\",\"contentUrl\":\"https:\\\/\\\/lasentinelle.dz\\\/wp-content\\\/uploads\\\/2023\\\/08\\\/Alberto-Nunez-Feijoo.jpeg\",\"width\":660,\"height\":287},{\"@type\":\"BreadcrumbList\",\"@id\":\"https:\\\/\\\/lasentinelle.dz\\\/index.php\\\/2023\\\/08\\\/23\\\/espagne-le-chef-de-la-droite-charge-de-former-un-gouvernement\\\/#breadcrumb\",\"itemListElement\":[{\"@type\":\"ListItem\",\"position\":1,\"name\":\"Accueil\",\"item\":\"https:\\\/\\\/lasentinelle.dz\\\/\"},{\"@type\":\"ListItem\",\"position\":2,\"name\":\"Espagne\u00a0: Le chef de la droite charg\u00e9 de former un gouvernement\"}]},{\"@type\":\"WebSite\",\"@id\":\"https:\\\/\\\/lasentinelle.dz\\\/#website\",\"url\":\"https:\\\/\\\/lasentinelle.dz\\\/\",\"name\":\"La Sentinelle\",\"description\":\"Quotidien national d&#039;information\",\"publisher\":{\"@id\":\"https:\\\/\\\/lasentinelle.dz\\\/#organization\"},\"potentialAction\":[{\"@type\":\"SearchAction\",\"target\":{\"@type\":\"EntryPoint\",\"urlTemplate\":\"https:\\\/\\\/lasentinelle.dz\\\/?s={search_term_string}\"},\"query-input\":{\"@type\":\"PropertyValueSpecification\",\"valueRequired\":true,\"valueName\":\"search_term_string\"}}],\"inLanguage\":\"fr-FR\"},{\"@type\":\"Organization\",\"@id\":\"https:\\\/\\\/lasentinelle.dz\\\/#organization\",\"name\":\"Quotidien La Sentinelle\",\"url\":\"https:\\\/\\\/lasentinelle.dz\\\/\",\"logo\":{\"@type\":\"ImageObject\",\"inLanguage\":\"fr-FR\",\"@id\":\"https:\\\/\\\/lasentinelle.dz\\\/#\\\/schema\\\/logo\\\/image\\\/\",\"url\":\"https:\\\/\\\/lasentinelle.dz\\\/wp-content\\\/uploads\\\/2021\\\/09\\\/logo-sentinelleSLOGAN-1.png\",\"contentUrl\":\"https:\\\/\\\/lasentinelle.dz\\\/wp-content\\\/uploads\\\/2021\\\/09\\\/logo-sentinelleSLOGAN-1.png\",\"width\":615,\"height\":142,\"caption\":\"Quotidien La Sentinelle\"},\"image\":{\"@id\":\"https:\\\/\\\/lasentinelle.dz\\\/#\\\/schema\\\/logo\\\/image\\\/\"},\"sameAs\":[\"https:\\\/\\\/www.facebook.com\\\/La-Sentinelle-104059864394773\"]},{\"@type\":\"Person\",\"@id\":\"https:\\\/\\\/lasentinelle.dz\\\/#\\\/schema\\\/person\\\/d865044e22e70a75174ce8bcad3acfb3\",\"name\":\"La Sentinelle\",\"image\":{\"@type\":\"ImageObject\",\"inLanguage\":\"fr-FR\",\"@id\":\"https:\\\/\\\/secure.gravatar.com\\\/avatar\\\/57de8e5d4b15d43fb361a71fbb36338450fe67865b528a43dd10ef7c51a20392?s=96&d=mm&r=g\",\"url\":\"https:\\\/\\\/secure.gravatar.com\\\/avatar\\\/57de8e5d4b15d43fb361a71fbb36338450fe67865b528a43dd10ef7c51a20392?s=96&d=mm&r=g\",\"contentUrl\":\"https:\\\/\\\/secure.gravatar.com\\\/avatar\\\/57de8e5d4b15d43fb361a71fbb36338450fe67865b528a43dd10ef7c51a20392?s=96&d=mm&r=g\",\"caption\":\"La Sentinelle\"},\"sameAs\":[\"http:\\\/\\\/www.lasentinelle.dz\"],\"url\":\"https:\\\/\\\/lasentinelle.dz\\\/author\\\/redaction\\\/\"}]}<\/script>\n<!-- \/ Yoast SEO plugin. -->","yoast_head_json":{"title":"Espagne\u00a0: Le chef de la droite charg\u00e9 de former un gouvernement - La Sentinelle","robots":{"index":"index","follow":"follow","max-snippet":"max-snippet:-1","max-image-preview":"max-image-preview:large","max-video-preview":"max-video-preview:-1"},"canonical":"https:\/\/lasentinelle.dz\/index.php\/2023\/08\/23\/espagne-le-chef-de-la-droite-charge-de-former-un-gouvernement\/","og_locale":"fr_FR","og_type":"article","og_title":"Espagne\u00a0: Le chef de la droite charg\u00e9 de former un gouvernement - La Sentinelle","og_description":"Le chef de la droite, Alberto Nunez Feijoo, a \u00e9t\u00e9 d\u00e9sign\u00e9 mardi par le roi d\u2019Espagne Felipe VI pour tenter","og_url":"https:\/\/lasentinelle.dz\/index.php\/2023\/08\/23\/espagne-le-chef-de-la-droite-charge-de-former-un-gouvernement\/","og_site_name":"La Sentinelle","article_publisher":"https:\/\/www.facebook.com\/La-Sentinelle-104059864394773","article_published_time":"2023-08-23T18:34:04+00:00","article_modified_time":"2023-08-23T18:34:05+00:00","og_image":[{"width":660,"height":287,"url":"https:\/\/lasentinelle.dz\/wp-content\/uploads\/2023\/08\/Alberto-Nunez-Feijoo.jpeg","type":"image\/jpeg"}],"author":"La Sentinelle","twitter_card":"summary_large_image","twitter_misc":{"\u00c9crit par":"La Sentinelle","Dur\u00e9e de lecture estim\u00e9e":"2 minutes"},"schema":{"@context":"https:\/\/schema.org","@graph":[{"@type":"Article","@id":"https:\/\/lasentinelle.dz\/index.php\/2023\/08\/23\/espagne-le-chef-de-la-droite-charge-de-former-un-gouvernement\/#article","isPartOf":{"@id":"https:\/\/lasentinelle.dz\/index.php\/2023\/08\/23\/espagne-le-chef-de-la-droite-charge-de-former-un-gouvernement\/"},"author":{"name":"La Sentinelle","@id":"https:\/\/lasentinelle.dz\/#\/schema\/person\/d865044e22e70a75174ce8bcad3acfb3"},"headline":"Espagne\u00a0: Le chef de la droite charg\u00e9 de former un gouvernement","datePublished":"2023-08-23T18:34:04+00:00","dateModified":"2023-08-23T18:34:05+00:00","mainEntityOfPage":{"@id":"https:\/\/lasentinelle.dz\/index.php\/2023\/08\/23\/espagne-le-chef-de-la-droite-charge-de-former-un-gouvernement\/"},"wordCount":377,"commentCount":0,"publisher":{"@id":"https:\/\/lasentinelle.dz\/#organization"},"image":{"@id":"https:\/\/lasentinelle.dz\/index.php\/2023\/08\/23\/espagne-le-chef-de-la-droite-charge-de-former-un-gouvernement\/#primaryimage"},"thumbnailUrl":"https:\/\/lasentinelle.dz\/wp-content\/uploads\/2023\/08\/Alberto-Nunez-Feijoo.jpeg","articleSection":["\u00c0 la Une","Monde"],"inLanguage":"fr-FR","potentialAction":[{"@type":"CommentAction","name":"Comment","target":["https:\/\/lasentinelle.dz\/index.php\/2023\/08\/23\/espagne-le-chef-de-la-droite-charge-de-former-un-gouvernement\/#respond"]}]},{"@type":"WebPage","@id":"https:\/\/lasentinelle.dz\/index.php\/2023\/08\/23\/espagne-le-chef-de-la-droite-charge-de-former-un-gouvernement\/","url":"https:\/\/lasentinelle.dz\/index.php\/2023\/08\/23\/espagne-le-chef-de-la-droite-charge-de-former-un-gouvernement\/","name":"Espagne\u00a0: Le chef de la droite charg\u00e9 de former un gouvernement - La Sentinelle","isPartOf":{"@id":"https:\/\/lasentinelle.dz\/#website"},"primaryImageOfPage":{"@id":"https:\/\/lasentinelle.dz\/index.php\/2023\/08\/23\/espagne-le-chef-de-la-droite-charge-de-former-un-gouvernement\/#primaryimage"},"image":{"@id":"https:\/\/lasentinelle.dz\/index.php\/2023\/08\/23\/espagne-le-chef-de-la-droite-charge-de-former-un-gouvernement\/#primaryimage"},"thumbnailUrl":"https:\/\/lasentinelle.dz\/wp-content\/uploads\/2023\/08\/Alberto-Nunez-Feijoo.jpeg","datePublished":"2023-08-23T18:34:04+00:00","dateModified":"2023-08-23T18:34:05+00:00","breadcrumb":{"@id":"https:\/\/lasentinelle.dz\/index.php\/2023\/08\/23\/espagne-le-chef-de-la-droite-charge-de-former-un-gouvernement\/#breadcrumb"},"inLanguage":"fr-FR","potentialAction":[{"@type":"ReadAction","target":["https:\/\/lasentinelle.dz\/index.php\/2023\/08\/23\/espagne-le-chef-de-la-droite-charge-de-former-un-gouvernement\/"]}]},{"@type":"ImageObject","inLanguage":"fr-FR","@id":"https:\/\/lasentinelle.dz\/index.php\/2023\/08\/23\/espagne-le-chef-de-la-droite-charge-de-former-un-gouvernement\/#primaryimage","url":"https:\/\/lasentinelle.dz\/wp-content\/uploads\/2023\/08\/Alberto-Nunez-Feijoo.jpeg","contentUrl":"https:\/\/lasentinelle.dz\/wp-content\/uploads\/2023\/08\/Alberto-Nunez-Feijoo.jpeg","width":660,"height":287},{"@type":"BreadcrumbList","@id":"https:\/\/lasentinelle.dz\/index.php\/2023\/08\/23\/espagne-le-chef-de-la-droite-charge-de-former-un-gouvernement\/#breadcrumb","itemListElement":[{"@type":"ListItem","position":1,"name":"Accueil","item":"https:\/\/lasentinelle.dz\/"},{"@type":"ListItem","position":2,"name":"Espagne\u00a0: Le chef de la droite charg\u00e9 de former un gouvernement"}]},{"@type":"WebSite","@id":"https:\/\/lasentinelle.dz\/#website","url":"https:\/\/lasentinelle.dz\/","name":"La Sentinelle","description":"Quotidien national d&#039;information","publisher":{"@id":"https:\/\/lasentinelle.dz\/#organization"},"potentialAction":[{"@type":"SearchAction","target":{"@type":"EntryPoint","urlTemplate":"https:\/\/lasentinelle.dz\/?s={search_term_string}"},"query-input":{"@type":"PropertyValueSpecification","valueRequired":true,"valueName":"search_term_string"}}],"inLanguage":"fr-FR"},{"@type":"Organization","@id":"https:\/\/lasentinelle.dz\/#organization","name":"Quotidien La Sentinelle","url":"https:\/\/lasentinelle.dz\/","logo":{"@type":"ImageObject","inLanguage":"fr-FR","@id":"https:\/\/lasentinelle.dz\/#\/schema\/logo\/image\/","url":"https:\/\/lasentinelle.dz\/wp-content\/uploads\/2021\/09\/logo-sentinelleSLOGAN-1.png","contentUrl":"https:\/\/lasentinelle.dz\/wp-content\/uploads\/2021\/09\/logo-sentinelleSLOGAN-1.png","width":615,"height":142,"caption":"Quotidien La Sentinelle"},"image":{"@id":"https:\/\/lasentinelle.dz\/#\/schema\/logo\/image\/"},"sameAs":["https:\/\/www.facebook.com\/La-Sentinelle-104059864394773"]},{"@type":"Person","@id":"https:\/\/lasentinelle.dz\/#\/schema\/person\/d865044e22e70a75174ce8bcad3acfb3","name":"La Sentinelle","image":{"@type":"ImageObject","inLanguage":"fr-FR","@id":"https:\/\/secure.gravatar.com\/avatar\/57de8e5d4b15d43fb361a71fbb36338450fe67865b528a43dd10ef7c51a20392?s=96&d=mm&r=g","url":"https:\/\/secure.gravatar.com\/avatar\/57de8e5d4b15d43fb361a71fbb36338450fe67865b528a43dd10ef7c51a20392?s=96&d=mm&r=g","contentUrl":"https:\/\/secure.gravatar.com\/avatar\/57de8e5d4b15d43fb361a71fbb36338450fe67865b528a43dd10ef7c51a20392?s=96&d=mm&r=g","caption":"La Sentinelle"},"sameAs":["http:\/\/www.lasentinelle.dz"],"url":"https:\/\/lasentinelle.dz\/author\/redaction\/"}]}},"_links":{"self":[{"href":"https:\/\/lasentinelle.dz\/index.php\/wp-json\/wp\/v2\/posts\/44906","targetHints":{"allow":["GET"]}}],"collection":[{"href":"https:\/\/lasentinelle.dz\/index.php\/wp-json\/wp\/v2\/posts"}],"about":[{"href":"https:\/\/lasentinelle.dz\/index.php\/wp-json\/wp\/v2\/types\/post"}],"author":[{"embeddable":true,"href":"https:\/\/lasentinelle.dz\/index.php\/wp-json\/wp\/v2\/users\/3"}],"replies":[{"embeddable":true,"href":"https:\/\/lasentinelle.dz\/index.php\/wp-json\/wp\/v2\/comments?post=44906"}],"version-history":[{"count":1,"href":"https:\/\/lasentinelle.dz\/index.php\/wp-json\/wp\/v2\/posts\/44906\/revisions"}],"predecessor-version":[{"id":44908,"href":"https:\/\/lasentinelle.dz\/index.php\/wp-json\/wp\/v2\/posts\/44906\/revisions\/44908"}],"wp:featuredmedia":[{"embeddable":true,"href":"https:\/\/lasentinelle.dz\/index.php\/wp-json\/wp\/v2\/media\/44907"}],"wp:attachment":[{"href":"https:\/\/lasentinelle.dz\/index.php\/wp-json\/wp\/v2\/media?parent=44906"}],"wp:term":[{"taxonomy":"category","embeddable":true,"href":"https:\/\/lasentinelle.dz\/index.php\/wp-json\/wp\/v2\/categories?post=44906"},{"taxonomy":"post_tag","embeddable":true,"href":"https:\/\/lasentinelle.dz\/index.php\/wp-json\/wp\/v2\/tags?post=44906"}],"curies":[{"name":"wp","href":"https:\/\/api.w.org\/{rel}","templated":true}]}}