{"id":44919,"date":"2023-08-23T19:41:24","date_gmt":"2023-08-23T18:41:24","guid":{"rendered":"https:\/\/lasentinelle.dz\/?p=44919"},"modified":"2023-08-23T19:41:25","modified_gmt":"2023-08-23T18:41:25","slug":"pour-une-affaire-dabus-de-pouvoir-le-p-apc-dannaba-epingle-par-la-justice","status":"publish","type":"post","link":"https:\/\/lasentinelle.dz\/index.php\/2023\/08\/23\/pour-une-affaire-dabus-de-pouvoir-le-p-apc-dannaba-epingle-par-la-justice\/","title":{"rendered":"Pour une affaire d\u2019abus de pouvoir\u00a0: Le P\/APC d\u2019Annaba \u00e9pingl\u00e9 par la Justice"},"content":{"rendered":"\n<p>&nbsp;Apr\u00e8s&nbsp; trois reports successifs, la chambre d\u2019accusation relevant de la cour de justice d\u2019Annaba, a rendu sa d\u00e9cision dans l\u2019affaire opposant le maire d\u2019Annaba \u00e0 trois membres d\u2019une m\u00eame famille qui l\u2019accusent d\u2019abus de pouvoirs, violation de domicile et de saisie ill\u00e9gale d\u2019\u00e9quipements en sus de la d\u00e9molition d\u2019un bien immobilier. Le dossier de l\u2019\u00e9lu a \u00e9t\u00e9 transf\u00e9r\u00e9 au tribunal et devrait faire l\u2019objet d\u2019un proc\u00e8s.<\/p>\n\n\n\n<p>Selon des sources judiciaires,&nbsp; la Chambre d\u2019accusation&nbsp; a confirm\u00e9 l\u2019ordonnance du juge d\u2019instruction dans le volet de l\u2019accusation d\u2019abus de pouvoir du P\/APC d\u2019Annaba. La m\u00eame source a fait savoir que le dossier a \u00e9t\u00e9 transf\u00e9r\u00e9 vers l\u2019un des tribunaux hors la circonscription de comp\u00e9tence du tribunal d\u2019Annaba. Selon notre source, l\u2019affaire sera jug\u00e9e soit devant&nbsp; le tribunal de Berrahal ou d\u2019El Hadjar. Selon la m\u00eame source, le juge d\u2019instruction a refus\u00e9 de poursuivre le P\/APC d\u2019Annaba dans sa juridiction de comp\u00e9tence. Ce qui a contraint la d\u00e9fense des plaignants \u00e0 introduire une opposition en ayant gain de cause pour traduire le maire hors la juridiction de&nbsp; la da\u00efra d\u2019Annaba.&nbsp; Pour rappel,&nbsp; le pr\u00e9sident de l\u2019Assembl\u00e9e populaire communal d\u2019Annaba est accus\u00e9 de menaces, d\u2019injures, violation de domicile, destruction des biens d\u2019autrui. Des faits&nbsp; constituant de graves accusations, selon notre source. Par ailleurs, ces accusations, hormis l\u2019abus de pouvoir,&nbsp; sont retenues \u00e9galement \u00e0 l\u2019encontre du d\u00e9l\u00e9gu\u00e9 du secteur \u2018\u20193\u2019\u2019 et le vice-pr\u00e9sident de l\u2019Urbanisme des services techniques de l\u2019APC d\u2019Annaba. Cette affaire remonte, rappelons-le, au 16 mai dernier, lorsqu\u2019une plainte avait \u00e9t\u00e9 introduite \u00e0 l\u2019encontre du P\/APC, par trois membres d\u2019une m\u00eame famille. Apr\u00e8s les auditions men\u00e9es par le procureur de la R\u00e9publique, le dossier de l\u2019affaire a \u00e9t\u00e9 transf\u00e9r\u00e9 vers le magistrat instructeur pr\u00e8s le tribunal d\u2019El Hadjar, qui l\u2019a transf\u00e9r\u00e9 \u00e0 son tour \u00e0 la chambre d\u2019accusation. Les services de s\u00e9curit\u00e9 ont ouvert une enqu\u00eate sur la d\u00e9cision du P\/APC qui a ordonn\u00e9 la d\u00e9molition, sans d\u00e9cision de justice, du domicile de la famille des plaignants et la saisie de leurs biens.<\/p>\n\n\n\n<p><strong>S<\/strong><strong>. Chahine<\/strong><\/p>\n","protected":false},"excerpt":{"rendered":"<p>&nbsp;Apr\u00e8s&nbsp; trois reports successifs, la chambre d\u2019accusation relevant de la cour de justice d\u2019Annaba, a rendu sa d\u00e9cision dans l\u2019affaire<\/p>\n","protected":false},"author":3,"featured_media":41837,"comment_status":"open","ping_status":"closed","sticky":false,"template":"","format":"standard","meta":{"colormag_page_container_layout":"default_layout","colormag_page_sidebar_layout":"default_layout","om_disable_all_campaigns":false,"_monsterinsights_skip_tracking":false,"_monsterinsights_sitenote_active":false,"_monsterinsights_sitenote_note":"","_monsterinsights_sitenote_category":0,"footnotes":"","_wpscppro_dont_share_socialmedia":false,"_wpscppro_custom_social_share_image":0,"_facebook_share_type":"","_twitter_share_type":"","_linkedin_share_type":"","_pinterest_share_type":"","_linkedin_share_type_page":"","_instagram_share_type":"","_medium_share_type":"","_threads_share_type":"","_google_business_share_type":"","_selected_social_profile":[],"_wpsp_enable_custom_social_template":false,"_wpsp_social_scheduling":{"enabled":false,"datetime":null,"platforms":[],"status":"template_only","dateOption":"today","timeOption":"now","customDays":"","customHours":"","customDate":"","customTime":"","schedulingType":"absolute"},"_wpsp_active_default_template":true},"categories":[27],"tags":[],"class_list":["post-44919","post","type-post","status-publish","format-standard","has-post-thumbnail","hentry","category-actualite"],"aioseo_notices":[],"yoast_head":"<!-- This site is optimized with the Yoast SEO plugin v27.5 - https:\/\/yoast.com\/product\/yoast-seo-wordpress\/ -->\n<title>Pour une affaire d\u2019abus de pouvoir\u00a0: Le P\/APC d\u2019Annaba \u00e9pingl\u00e9 par la Justice - La Sentinelle<\/title>\n<meta name=\"robots\" content=\"index, follow, max-snippet:-1, max-image-preview:large, max-video-preview:-1\" \/>\n<link rel=\"canonical\" href=\"https:\/\/lasentinelle.dz\/index.php\/2023\/08\/23\/pour-une-affaire-dabus-de-pouvoir-le-p-apc-dannaba-epingle-par-la-justice\/\" \/>\n<meta property=\"og:locale\" content=\"fr_FR\" \/>\n<meta property=\"og:type\" content=\"article\" \/>\n<meta property=\"og:title\" content=\"Pour une affaire d\u2019abus de pouvoir\u00a0: Le P\/APC d\u2019Annaba \u00e9pingl\u00e9 par la Justice - La Sentinelle\" \/>\n<meta property=\"og:description\" content=\"&nbsp;Apr\u00e8s&nbsp; trois reports successifs, la chambre d\u2019accusation relevant de la cour de justice d\u2019Annaba, a rendu sa d\u00e9cision dans l\u2019affaire\" \/>\n<meta property=\"og:url\" content=\"https:\/\/lasentinelle.dz\/index.php\/2023\/08\/23\/pour-une-affaire-dabus-de-pouvoir-le-p-apc-dannaba-epingle-par-la-justice\/\" \/>\n<meta property=\"og:site_name\" content=\"La Sentinelle\" \/>\n<meta property=\"article:publisher\" content=\"https:\/\/www.facebook.com\/La-Sentinelle-104059864394773\" \/>\n<meta property=\"article:published_time\" content=\"2023-08-23T18:41:24+00:00\" \/>\n<meta property=\"article:modified_time\" content=\"2023-08-23T18:41:25+00:00\" \/>\n<meta property=\"og:image\" content=\"https:\/\/lasentinelle.dz\/wp-content\/uploads\/2023\/05\/Justice.png\" \/>\n\t<meta property=\"og:image:width\" content=\"1579\" \/>\n\t<meta property=\"og:image:height\" content=\"900\" \/>\n\t<meta property=\"og:image:type\" content=\"image\/png\" \/>\n<meta name=\"author\" content=\"La Sentinelle\" \/>\n<meta name=\"twitter:card\" content=\"summary_large_image\" \/>\n<meta name=\"twitter:label1\" content=\"\u00c9crit par\" \/>\n\t<meta name=\"twitter:data1\" content=\"La Sentinelle\" \/>\n\t<meta name=\"twitter:label2\" content=\"Dur\u00e9e de lecture estim\u00e9e\" \/>\n\t<meta name=\"twitter:data2\" content=\"2 minutes\" \/>\n<script type=\"application\/ld+json\" class=\"yoast-schema-graph\">{\"@context\":\"https:\\\/\\\/schema.org\",\"@graph\":[{\"@type\":\"Article\",\"@id\":\"https:\\\/\\\/lasentinelle.dz\\\/index.php\\\/2023\\\/08\\\/23\\\/pour-une-affaire-dabus-de-pouvoir-le-p-apc-dannaba-epingle-par-la-justice\\\/#article\",\"isPartOf\":{\"@id\":\"https:\\\/\\\/lasentinelle.dz\\\/index.php\\\/2023\\\/08\\\/23\\\/pour-une-affaire-dabus-de-pouvoir-le-p-apc-dannaba-epingle-par-la-justice\\\/\"},\"author\":{\"name\":\"La Sentinelle\",\"@id\":\"https:\\\/\\\/lasentinelle.dz\\\/#\\\/schema\\\/person\\\/d865044e22e70a75174ce8bcad3acfb3\"},\"headline\":\"Pour une affaire d\u2019abus de pouvoir\u00a0: Le P\\\/APC d\u2019Annaba \u00e9pingl\u00e9 par la Justice\",\"datePublished\":\"2023-08-23T18:41:24+00:00\",\"dateModified\":\"2023-08-23T18:41:25+00:00\",\"mainEntityOfPage\":{\"@id\":\"https:\\\/\\\/lasentinelle.dz\\\/index.php\\\/2023\\\/08\\\/23\\\/pour-une-affaire-dabus-de-pouvoir-le-p-apc-dannaba-epingle-par-la-justice\\\/\"},\"wordCount\":426,\"commentCount\":0,\"publisher\":{\"@id\":\"https:\\\/\\\/lasentinelle.dz\\\/#organization\"},\"image\":{\"@id\":\"https:\\\/\\\/lasentinelle.dz\\\/index.php\\\/2023\\\/08\\\/23\\\/pour-une-affaire-dabus-de-pouvoir-le-p-apc-dannaba-epingle-par-la-justice\\\/#primaryimage\"},\"thumbnailUrl\":\"https:\\\/\\\/lasentinelle.dz\\\/wp-content\\\/uploads\\\/2023\\\/05\\\/Justice.png\",\"articleSection\":[\"Actualit\u00e9\"],\"inLanguage\":\"fr-FR\",\"potentialAction\":[{\"@type\":\"CommentAction\",\"name\":\"Comment\",\"target\":[\"https:\\\/\\\/lasentinelle.dz\\\/index.php\\\/2023\\\/08\\\/23\\\/pour-une-affaire-dabus-de-pouvoir-le-p-apc-dannaba-epingle-par-la-justice\\\/#respond\"]}]},{\"@type\":\"WebPage\",\"@id\":\"https:\\\/\\\/lasentinelle.dz\\\/index.php\\\/2023\\\/08\\\/23\\\/pour-une-affaire-dabus-de-pouvoir-le-p-apc-dannaba-epingle-par-la-justice\\\/\",\"url\":\"https:\\\/\\\/lasentinelle.dz\\\/index.php\\\/2023\\\/08\\\/23\\\/pour-une-affaire-dabus-de-pouvoir-le-p-apc-dannaba-epingle-par-la-justice\\\/\",\"name\":\"Pour une affaire d\u2019abus de pouvoir\u00a0: Le P\\\/APC d\u2019Annaba \u00e9pingl\u00e9 par la Justice - La Sentinelle\",\"isPartOf\":{\"@id\":\"https:\\\/\\\/lasentinelle.dz\\\/#website\"},\"primaryImageOfPage\":{\"@id\":\"https:\\\/\\\/lasentinelle.dz\\\/index.php\\\/2023\\\/08\\\/23\\\/pour-une-affaire-dabus-de-pouvoir-le-p-apc-dannaba-epingle-par-la-justice\\\/#primaryimage\"},\"image\":{\"@id\":\"https:\\\/\\\/lasentinelle.dz\\\/index.php\\\/2023\\\/08\\\/23\\\/pour-une-affaire-dabus-de-pouvoir-le-p-apc-dannaba-epingle-par-la-justice\\\/#primaryimage\"},\"thumbnailUrl\":\"https:\\\/\\\/lasentinelle.dz\\\/wp-content\\\/uploads\\\/2023\\\/05\\\/Justice.png\",\"datePublished\":\"2023-08-23T18:41:24+00:00\",\"dateModified\":\"2023-08-23T18:41:25+00:00\",\"breadcrumb\":{\"@id\":\"https:\\\/\\\/lasentinelle.dz\\\/index.php\\\/2023\\\/08\\\/23\\\/pour-une-affaire-dabus-de-pouvoir-le-p-apc-dannaba-epingle-par-la-justice\\\/#breadcrumb\"},\"inLanguage\":\"fr-FR\",\"potentialAction\":[{\"@type\":\"ReadAction\",\"target\":[\"https:\\\/\\\/lasentinelle.dz\\\/index.php\\\/2023\\\/08\\\/23\\\/pour-une-affaire-dabus-de-pouvoir-le-p-apc-dannaba-epingle-par-la-justice\\\/\"]}]},{\"@type\":\"ImageObject\",\"inLanguage\":\"fr-FR\",\"@id\":\"https:\\\/\\\/lasentinelle.dz\\\/index.php\\\/2023\\\/08\\\/23\\\/pour-une-affaire-dabus-de-pouvoir-le-p-apc-dannaba-epingle-par-la-justice\\\/#primaryimage\",\"url\":\"https:\\\/\\\/lasentinelle.dz\\\/wp-content\\\/uploads\\\/2023\\\/05\\\/Justice.png\",\"contentUrl\":\"https:\\\/\\\/lasentinelle.dz\\\/wp-content\\\/uploads\\\/2023\\\/05\\\/Justice.png\",\"width\":1579,\"height\":900},{\"@type\":\"BreadcrumbList\",\"@id\":\"https:\\\/\\\/lasentinelle.dz\\\/index.php\\\/2023\\\/08\\\/23\\\/pour-une-affaire-dabus-de-pouvoir-le-p-apc-dannaba-epingle-par-la-justice\\\/#breadcrumb\",\"itemListElement\":[{\"@type\":\"ListItem\",\"position\":1,\"name\":\"Accueil\",\"item\":\"https:\\\/\\\/lasentinelle.dz\\\/\"},{\"@type\":\"ListItem\",\"position\":2,\"name\":\"Pour une affaire d\u2019abus de pouvoir\u00a0: Le P\\\/APC d\u2019Annaba \u00e9pingl\u00e9 par la Justice\"}]},{\"@type\":\"WebSite\",\"@id\":\"https:\\\/\\\/lasentinelle.dz\\\/#website\",\"url\":\"https:\\\/\\\/lasentinelle.dz\\\/\",\"name\":\"La Sentinelle\",\"description\":\"Quotidien national d&#039;information\",\"publisher\":{\"@id\":\"https:\\\/\\\/lasentinelle.dz\\\/#organization\"},\"potentialAction\":[{\"@type\":\"SearchAction\",\"target\":{\"@type\":\"EntryPoint\",\"urlTemplate\":\"https:\\\/\\\/lasentinelle.dz\\\/?s={search_term_string}\"},\"query-input\":{\"@type\":\"PropertyValueSpecification\",\"valueRequired\":true,\"valueName\":\"search_term_string\"}}],\"inLanguage\":\"fr-FR\"},{\"@type\":\"Organization\",\"@id\":\"https:\\\/\\\/lasentinelle.dz\\\/#organization\",\"name\":\"Quotidien La Sentinelle\",\"url\":\"https:\\\/\\\/lasentinelle.dz\\\/\",\"logo\":{\"@type\":\"ImageObject\",\"inLanguage\":\"fr-FR\",\"@id\":\"https:\\\/\\\/lasentinelle.dz\\\/#\\\/schema\\\/logo\\\/image\\\/\",\"url\":\"https:\\\/\\\/lasentinelle.dz\\\/wp-content\\\/uploads\\\/2021\\\/09\\\/logo-sentinelleSLOGAN-1.png\",\"contentUrl\":\"https:\\\/\\\/lasentinelle.dz\\\/wp-content\\\/uploads\\\/2021\\\/09\\\/logo-sentinelleSLOGAN-1.png\",\"width\":615,\"height\":142,\"caption\":\"Quotidien La Sentinelle\"},\"image\":{\"@id\":\"https:\\\/\\\/lasentinelle.dz\\\/#\\\/schema\\\/logo\\\/image\\\/\"},\"sameAs\":[\"https:\\\/\\\/www.facebook.com\\\/La-Sentinelle-104059864394773\"]},{\"@type\":\"Person\",\"@id\":\"https:\\\/\\\/lasentinelle.dz\\\/#\\\/schema\\\/person\\\/d865044e22e70a75174ce8bcad3acfb3\",\"name\":\"La Sentinelle\",\"image\":{\"@type\":\"ImageObject\",\"inLanguage\":\"fr-FR\",\"@id\":\"https:\\\/\\\/secure.gravatar.com\\\/avatar\\\/57de8e5d4b15d43fb361a71fbb36338450fe67865b528a43dd10ef7c51a20392?s=96&d=mm&r=g\",\"url\":\"https:\\\/\\\/secure.gravatar.com\\\/avatar\\\/57de8e5d4b15d43fb361a71fbb36338450fe67865b528a43dd10ef7c51a20392?s=96&d=mm&r=g\",\"contentUrl\":\"https:\\\/\\\/secure.gravatar.com\\\/avatar\\\/57de8e5d4b15d43fb361a71fbb36338450fe67865b528a43dd10ef7c51a20392?s=96&d=mm&r=g\",\"caption\":\"La Sentinelle\"},\"sameAs\":[\"http:\\\/\\\/www.lasentinelle.dz\"],\"url\":\"https:\\\/\\\/lasentinelle.dz\\\/author\\\/redaction\\\/\"}]}<\/script>\n<!-- \/ Yoast SEO plugin. -->","yoast_head_json":{"title":"Pour une affaire d\u2019abus de pouvoir\u00a0: Le P\/APC d\u2019Annaba \u00e9pingl\u00e9 par la Justice - La Sentinelle","robots":{"index":"index","follow":"follow","max-snippet":"max-snippet:-1","max-image-preview":"max-image-preview:large","max-video-preview":"max-video-preview:-1"},"canonical":"https:\/\/lasentinelle.dz\/index.php\/2023\/08\/23\/pour-une-affaire-dabus-de-pouvoir-le-p-apc-dannaba-epingle-par-la-justice\/","og_locale":"fr_FR","og_type":"article","og_title":"Pour une affaire d\u2019abus de pouvoir\u00a0: Le P\/APC d\u2019Annaba \u00e9pingl\u00e9 par la Justice - La Sentinelle","og_description":"&nbsp;Apr\u00e8s&nbsp; trois reports successifs, la chambre d\u2019accusation relevant de la cour de justice d\u2019Annaba, a rendu sa d\u00e9cision dans l\u2019affaire","og_url":"https:\/\/lasentinelle.dz\/index.php\/2023\/08\/23\/pour-une-affaire-dabus-de-pouvoir-le-p-apc-dannaba-epingle-par-la-justice\/","og_site_name":"La Sentinelle","article_publisher":"https:\/\/www.facebook.com\/La-Sentinelle-104059864394773","article_published_time":"2023-08-23T18:41:24+00:00","article_modified_time":"2023-08-23T18:41:25+00:00","og_image":[{"width":1579,"height":900,"url":"https:\/\/lasentinelle.dz\/wp-content\/uploads\/2023\/05\/Justice.png","type":"image\/png"}],"author":"La Sentinelle","twitter_card":"summary_large_image","twitter_misc":{"\u00c9crit par":"La Sentinelle","Dur\u00e9e de lecture estim\u00e9e":"2 minutes"},"schema":{"@context":"https:\/\/schema.org","@graph":[{"@type":"Article","@id":"https:\/\/lasentinelle.dz\/index.php\/2023\/08\/23\/pour-une-affaire-dabus-de-pouvoir-le-p-apc-dannaba-epingle-par-la-justice\/#article","isPartOf":{"@id":"https:\/\/lasentinelle.dz\/index.php\/2023\/08\/23\/pour-une-affaire-dabus-de-pouvoir-le-p-apc-dannaba-epingle-par-la-justice\/"},"author":{"name":"La Sentinelle","@id":"https:\/\/lasentinelle.dz\/#\/schema\/person\/d865044e22e70a75174ce8bcad3acfb3"},"headline":"Pour une affaire d\u2019abus de pouvoir\u00a0: Le P\/APC d\u2019Annaba \u00e9pingl\u00e9 par la Justice","datePublished":"2023-08-23T18:41:24+00:00","dateModified":"2023-08-23T18:41:25+00:00","mainEntityOfPage":{"@id":"https:\/\/lasentinelle.dz\/index.php\/2023\/08\/23\/pour-une-affaire-dabus-de-pouvoir-le-p-apc-dannaba-epingle-par-la-justice\/"},"wordCount":426,"commentCount":0,"publisher":{"@id":"https:\/\/lasentinelle.dz\/#organization"},"image":{"@id":"https:\/\/lasentinelle.dz\/index.php\/2023\/08\/23\/pour-une-affaire-dabus-de-pouvoir-le-p-apc-dannaba-epingle-par-la-justice\/#primaryimage"},"thumbnailUrl":"https:\/\/lasentinelle.dz\/wp-content\/uploads\/2023\/05\/Justice.png","articleSection":["Actualit\u00e9"],"inLanguage":"fr-FR","potentialAction":[{"@type":"CommentAction","name":"Comment","target":["https:\/\/lasentinelle.dz\/index.php\/2023\/08\/23\/pour-une-affaire-dabus-de-pouvoir-le-p-apc-dannaba-epingle-par-la-justice\/#respond"]}]},{"@type":"WebPage","@id":"https:\/\/lasentinelle.dz\/index.php\/2023\/08\/23\/pour-une-affaire-dabus-de-pouvoir-le-p-apc-dannaba-epingle-par-la-justice\/","url":"https:\/\/lasentinelle.dz\/index.php\/2023\/08\/23\/pour-une-affaire-dabus-de-pouvoir-le-p-apc-dannaba-epingle-par-la-justice\/","name":"Pour une affaire d\u2019abus de pouvoir\u00a0: Le P\/APC d\u2019Annaba \u00e9pingl\u00e9 par la Justice - La Sentinelle","isPartOf":{"@id":"https:\/\/lasentinelle.dz\/#website"},"primaryImageOfPage":{"@id":"https:\/\/lasentinelle.dz\/index.php\/2023\/08\/23\/pour-une-affaire-dabus-de-pouvoir-le-p-apc-dannaba-epingle-par-la-justice\/#primaryimage"},"image":{"@id":"https:\/\/lasentinelle.dz\/index.php\/2023\/08\/23\/pour-une-affaire-dabus-de-pouvoir-le-p-apc-dannaba-epingle-par-la-justice\/#primaryimage"},"thumbnailUrl":"https:\/\/lasentinelle.dz\/wp-content\/uploads\/2023\/05\/Justice.png","datePublished":"2023-08-23T18:41:24+00:00","dateModified":"2023-08-23T18:41:25+00:00","breadcrumb":{"@id":"https:\/\/lasentinelle.dz\/index.php\/2023\/08\/23\/pour-une-affaire-dabus-de-pouvoir-le-p-apc-dannaba-epingle-par-la-justice\/#breadcrumb"},"inLanguage":"fr-FR","potentialAction":[{"@type":"ReadAction","target":["https:\/\/lasentinelle.dz\/index.php\/2023\/08\/23\/pour-une-affaire-dabus-de-pouvoir-le-p-apc-dannaba-epingle-par-la-justice\/"]}]},{"@type":"ImageObject","inLanguage":"fr-FR","@id":"https:\/\/lasentinelle.dz\/index.php\/2023\/08\/23\/pour-une-affaire-dabus-de-pouvoir-le-p-apc-dannaba-epingle-par-la-justice\/#primaryimage","url":"https:\/\/lasentinelle.dz\/wp-content\/uploads\/2023\/05\/Justice.png","contentUrl":"https:\/\/lasentinelle.dz\/wp-content\/uploads\/2023\/05\/Justice.png","width":1579,"height":900},{"@type":"BreadcrumbList","@id":"https:\/\/lasentinelle.dz\/index.php\/2023\/08\/23\/pour-une-affaire-dabus-de-pouvoir-le-p-apc-dannaba-epingle-par-la-justice\/#breadcrumb","itemListElement":[{"@type":"ListItem","position":1,"name":"Accueil","item":"https:\/\/lasentinelle.dz\/"},{"@type":"ListItem","position":2,"name":"Pour une affaire d\u2019abus de pouvoir\u00a0: Le P\/APC d\u2019Annaba \u00e9pingl\u00e9 par la Justice"}]},{"@type":"WebSite","@id":"https:\/\/lasentinelle.dz\/#website","url":"https:\/\/lasentinelle.dz\/","name":"La Sentinelle","description":"Quotidien national d&#039;information","publisher":{"@id":"https:\/\/lasentinelle.dz\/#organization"},"potentialAction":[{"@type":"SearchAction","target":{"@type":"EntryPoint","urlTemplate":"https:\/\/lasentinelle.dz\/?s={search_term_string}"},"query-input":{"@type":"PropertyValueSpecification","valueRequired":true,"valueName":"search_term_string"}}],"inLanguage":"fr-FR"},{"@type":"Organization","@id":"https:\/\/lasentinelle.dz\/#organization","name":"Quotidien La Sentinelle","url":"https:\/\/lasentinelle.dz\/","logo":{"@type":"ImageObject","inLanguage":"fr-FR","@id":"https:\/\/lasentinelle.dz\/#\/schema\/logo\/image\/","url":"https:\/\/lasentinelle.dz\/wp-content\/uploads\/2021\/09\/logo-sentinelleSLOGAN-1.png","contentUrl":"https:\/\/lasentinelle.dz\/wp-content\/uploads\/2021\/09\/logo-sentinelleSLOGAN-1.png","width":615,"height":142,"caption":"Quotidien La Sentinelle"},"image":{"@id":"https:\/\/lasentinelle.dz\/#\/schema\/logo\/image\/"},"sameAs":["https:\/\/www.facebook.com\/La-Sentinelle-104059864394773"]},{"@type":"Person","@id":"https:\/\/lasentinelle.dz\/#\/schema\/person\/d865044e22e70a75174ce8bcad3acfb3","name":"La Sentinelle","image":{"@type":"ImageObject","inLanguage":"fr-FR","@id":"https:\/\/secure.gravatar.com\/avatar\/57de8e5d4b15d43fb361a71fbb36338450fe67865b528a43dd10ef7c51a20392?s=96&d=mm&r=g","url":"https:\/\/secure.gravatar.com\/avatar\/57de8e5d4b15d43fb361a71fbb36338450fe67865b528a43dd10ef7c51a20392?s=96&d=mm&r=g","contentUrl":"https:\/\/secure.gravatar.com\/avatar\/57de8e5d4b15d43fb361a71fbb36338450fe67865b528a43dd10ef7c51a20392?s=96&d=mm&r=g","caption":"La Sentinelle"},"sameAs":["http:\/\/www.lasentinelle.dz"],"url":"https:\/\/lasentinelle.dz\/author\/redaction\/"}]}},"_links":{"self":[{"href":"https:\/\/lasentinelle.dz\/index.php\/wp-json\/wp\/v2\/posts\/44919","targetHints":{"allow":["GET"]}}],"collection":[{"href":"https:\/\/lasentinelle.dz\/index.php\/wp-json\/wp\/v2\/posts"}],"about":[{"href":"https:\/\/lasentinelle.dz\/index.php\/wp-json\/wp\/v2\/types\/post"}],"author":[{"embeddable":true,"href":"https:\/\/lasentinelle.dz\/index.php\/wp-json\/wp\/v2\/users\/3"}],"replies":[{"embeddable":true,"href":"https:\/\/lasentinelle.dz\/index.php\/wp-json\/wp\/v2\/comments?post=44919"}],"version-history":[{"count":1,"href":"https:\/\/lasentinelle.dz\/index.php\/wp-json\/wp\/v2\/posts\/44919\/revisions"}],"predecessor-version":[{"id":44920,"href":"https:\/\/lasentinelle.dz\/index.php\/wp-json\/wp\/v2\/posts\/44919\/revisions\/44920"}],"wp:featuredmedia":[{"embeddable":true,"href":"https:\/\/lasentinelle.dz\/index.php\/wp-json\/wp\/v2\/media\/41837"}],"wp:attachment":[{"href":"https:\/\/lasentinelle.dz\/index.php\/wp-json\/wp\/v2\/media?parent=44919"}],"wp:term":[{"taxonomy":"category","embeddable":true,"href":"https:\/\/lasentinelle.dz\/index.php\/wp-json\/wp\/v2\/categories?post=44919"},{"taxonomy":"post_tag","embeddable":true,"href":"https:\/\/lasentinelle.dz\/index.php\/wp-json\/wp\/v2\/tags?post=44919"}],"curies":[{"name":"wp","href":"https:\/\/api.w.org\/{rel}","templated":true}]}}