{"id":44941,"date":"2023-08-26T20:24:23","date_gmt":"2023-08-26T19:24:23","guid":{"rendered":"https:\/\/lasentinelle.dz\/?p=44941"},"modified":"2023-08-26T20:24:38","modified_gmt":"2023-08-26T19:24:38","slug":"ligue-des-champions-dames-lafak-relizane-rate-en-entree","status":"publish","type":"post","link":"https:\/\/lasentinelle.dz\/index.php\/2023\/08\/26\/ligue-des-champions-dames-lafak-relizane-rate-en-entree\/","title":{"rendered":"Ligue des champions (Dames)\u00a0: L&rsquo;Afak Relizane rate son entr\u00e9e"},"content":{"rendered":"\n<p>L&rsquo;Afak Relizane, repr\u00e9sentant alg\u00e9rien en Ligue des champions d\u2019Afrique (Dames) a rat\u00e9 jeudi son entr\u00e9e dans le tournoi continental.<\/p>\n\n\n\n<p>Lors du match comptant pour la premi\u00e8re journ\u00e9e de la phase de poules de la comp\u00e9tition, et qui s\u2019est tenu jeudi \u00e0 Alexandrie, le club f\u00e9minin alg\u00e9rien a conc\u00e9d\u00e9 une d\u00e9faite sur la plus petite des marges face au Sporting Casablanca sur le score de 4-3.<\/p>\n\n\n\n<p>Pour son premier match du tournoi qualificatif de la zone de l&rsquo;Union nord-africaine de football (UNAF) \u00e0 la Ligue des Champions f\u00e9minine d&rsquo;Afrique (C\u00f4te d&rsquo;Ivoire-2023), l&rsquo;Afak a affront\u00e9 le SCC dans un match qui a \u00e9t\u00e9 un v\u00e9ritable feu d&rsquo;artifice de buts. Si les Alg\u00e9riennes ont pris deux buts assez vite dans la partie, \u00e0 cause de deux bourdes de la gardienne, elles parviennent \u00e0 revenir au score gr\u00e2ce \u00e0 deux penalties. Elles r\u00e9ussissent m\u00eame \u00e0 passer devant juste avant la mi-temps. L&rsquo;Avantage de l&rsquo;Afak n&rsquo;a pas dur\u00e9 longtemps. Le club de Relizane s&rsquo;est fait rapidement rattrap\u00e9 par les Marocaines, encore sur une erreur de la gardienne. Le score a \u00e9volu\u00e9 lors des arr\u00eats de jeu, lorsqu&rsquo;une joueuse du SCC a envoy\u00e9 une balle au-dessus de la d\u00e9fense, pour une co\u00e9quipi\u00e8re qui marque face \u00e0 une gardienne de l&rsquo;Afak statique. Dans l&rsquo;autre match de jeudi, le club \u00e9gyptien de Wadi Degla a battu le Susa tunisien 5-3. Wadi a rapidement creus\u00e9 l&rsquo;\u00e9cart en menant 5-0 \u00e0 la mi-temps gr\u00e2ce \u00e0 un tripl\u00e9 de l&rsquo;attaquante camerounaise Moussa Zouzoua et un doubl\u00e9 de Gehad Elsalh. Bien que Susa soit revenu \u00e0 5-3 apr\u00e8s la pause sur des buts d&rsquo;Aya Ben Khalifa, Aya Jday et Charar Ben Ali, Wadi a tenu bon. Ces r\u00e9sultats laissent Wadi en t\u00eate \u00e0 la diff\u00e9rence de buts devant le Sporting apr\u00e8s cette premi\u00e8re journ\u00e9e.<\/p>\n\n\n\n<p>La deuxi\u00e8me journ\u00e9e aura lieu dimanche, avec un duel entre Wadi et Relizane, tandis que Susa affrontera le Sporting. L&rsquo;Afak Relizane affrontera ensuite la formation tunisienne de l&rsquo;AS F\u00e9minine de Sous, le 30 ao\u00fbt. Le vainqueur du tournoi se qualifiera pour la phase finale de la Ligue des champions f\u00e9minine de la CAF en novembre en C\u00f4te d&rsquo;Ivoire.<\/p>\n\n\n\n<p>R.S.<\/p>\n","protected":false},"excerpt":{"rendered":"<p>L&rsquo;Afak Relizane, repr\u00e9sentant alg\u00e9rien en Ligue des champions d\u2019Afrique (Dames) a rat\u00e9 jeudi son entr\u00e9e dans le tournoi continental. Lors<\/p>\n","protected":false},"author":3,"featured_media":44942,"comment_status":"open","ping_status":"closed","sticky":false,"template":"","format":"standard","meta":{"colormag_page_container_layout":"default_layout","colormag_page_sidebar_layout":"default_layout","om_disable_all_campaigns":false,"_monsterinsights_skip_tracking":false,"_monsterinsights_sitenote_active":false,"_monsterinsights_sitenote_note":"","_monsterinsights_sitenote_category":0,"footnotes":"","_wpscppro_dont_share_socialmedia":false,"_wpscppro_custom_social_share_image":0,"_facebook_share_type":"","_twitter_share_type":"","_linkedin_share_type":"","_pinterest_share_type":"","_linkedin_share_type_page":"","_instagram_share_type":"","_medium_share_type":"","_threads_share_type":"","_google_business_share_type":"","_selected_social_profile":[],"_wpsp_enable_custom_social_template":false,"_wpsp_social_scheduling":{"enabled":false,"datetime":null,"platforms":[],"status":"template_only","dateOption":"today","timeOption":"now","customDays":"","customHours":"","customDate":"","customTime":"","schedulingType":"absolute"},"_wpsp_active_default_template":true},"categories":[33],"tags":[],"class_list":["post-44941","post","type-post","status-publish","format-standard","has-post-thumbnail","hentry","category-sports"],"aioseo_notices":[],"yoast_head":"<!-- This site is optimized with the Yoast SEO plugin v27.5 - https:\/\/yoast.com\/product\/yoast-seo-wordpress\/ -->\n<title>Ligue des champions (Dames)\u00a0: L&rsquo;Afak Relizane rate son entr\u00e9e - La Sentinelle<\/title>\n<meta name=\"robots\" content=\"index, follow, max-snippet:-1, max-image-preview:large, max-video-preview:-1\" \/>\n<link rel=\"canonical\" href=\"https:\/\/lasentinelle.dz\/index.php\/2023\/08\/26\/ligue-des-champions-dames-lafak-relizane-rate-en-entree\/\" \/>\n<meta property=\"og:locale\" content=\"fr_FR\" \/>\n<meta property=\"og:type\" content=\"article\" \/>\n<meta property=\"og:title\" content=\"Ligue des champions (Dames)\u00a0: L&rsquo;Afak Relizane rate son entr\u00e9e - La Sentinelle\" \/>\n<meta property=\"og:description\" content=\"L&rsquo;Afak Relizane, repr\u00e9sentant alg\u00e9rien en Ligue des champions d\u2019Afrique (Dames) a rat\u00e9 jeudi son entr\u00e9e dans le tournoi continental. Lors\" \/>\n<meta property=\"og:url\" content=\"https:\/\/lasentinelle.dz\/index.php\/2023\/08\/26\/ligue-des-champions-dames-lafak-relizane-rate-en-entree\/\" \/>\n<meta property=\"og:site_name\" content=\"La Sentinelle\" \/>\n<meta property=\"article:publisher\" content=\"https:\/\/www.facebook.com\/La-Sentinelle-104059864394773\" \/>\n<meta property=\"article:published_time\" content=\"2023-08-26T19:24:23+00:00\" \/>\n<meta property=\"article:modified_time\" content=\"2023-08-26T19:24:38+00:00\" \/>\n<meta property=\"og:image\" content=\"https:\/\/lasentinelle.dz\/wp-content\/uploads\/2023\/08\/afak.jpeg\" \/>\n\t<meta property=\"og:image:width\" content=\"600\" \/>\n\t<meta property=\"og:image:height\" content=\"390\" \/>\n\t<meta property=\"og:image:type\" content=\"image\/jpeg\" \/>\n<meta name=\"author\" content=\"La Sentinelle\" \/>\n<meta name=\"twitter:card\" content=\"summary_large_image\" \/>\n<meta name=\"twitter:label1\" content=\"\u00c9crit par\" \/>\n\t<meta name=\"twitter:data1\" content=\"La Sentinelle\" \/>\n\t<meta name=\"twitter:label2\" content=\"Dur\u00e9e de lecture estim\u00e9e\" \/>\n\t<meta name=\"twitter:data2\" content=\"2 minutes\" \/>\n<script type=\"application\/ld+json\" class=\"yoast-schema-graph\">{\"@context\":\"https:\\\/\\\/schema.org\",\"@graph\":[{\"@type\":\"Article\",\"@id\":\"https:\\\/\\\/lasentinelle.dz\\\/index.php\\\/2023\\\/08\\\/26\\\/ligue-des-champions-dames-lafak-relizane-rate-en-entree\\\/#article\",\"isPartOf\":{\"@id\":\"https:\\\/\\\/lasentinelle.dz\\\/index.php\\\/2023\\\/08\\\/26\\\/ligue-des-champions-dames-lafak-relizane-rate-en-entree\\\/\"},\"author\":{\"name\":\"La Sentinelle\",\"@id\":\"https:\\\/\\\/lasentinelle.dz\\\/#\\\/schema\\\/person\\\/d865044e22e70a75174ce8bcad3acfb3\"},\"headline\":\"Ligue des champions (Dames)\u00a0: L&rsquo;Afak Relizane rate son entr\u00e9e\",\"datePublished\":\"2023-08-26T19:24:23+00:00\",\"dateModified\":\"2023-08-26T19:24:38+00:00\",\"mainEntityOfPage\":{\"@id\":\"https:\\\/\\\/lasentinelle.dz\\\/index.php\\\/2023\\\/08\\\/26\\\/ligue-des-champions-dames-lafak-relizane-rate-en-entree\\\/\"},\"wordCount\":408,\"commentCount\":0,\"publisher\":{\"@id\":\"https:\\\/\\\/lasentinelle.dz\\\/#organization\"},\"image\":{\"@id\":\"https:\\\/\\\/lasentinelle.dz\\\/index.php\\\/2023\\\/08\\\/26\\\/ligue-des-champions-dames-lafak-relizane-rate-en-entree\\\/#primaryimage\"},\"thumbnailUrl\":\"https:\\\/\\\/lasentinelle.dz\\\/wp-content\\\/uploads\\\/2023\\\/08\\\/afak.jpeg\",\"articleSection\":[\"Sports\"],\"inLanguage\":\"fr-FR\",\"potentialAction\":[{\"@type\":\"CommentAction\",\"name\":\"Comment\",\"target\":[\"https:\\\/\\\/lasentinelle.dz\\\/index.php\\\/2023\\\/08\\\/26\\\/ligue-des-champions-dames-lafak-relizane-rate-en-entree\\\/#respond\"]}]},{\"@type\":\"WebPage\",\"@id\":\"https:\\\/\\\/lasentinelle.dz\\\/index.php\\\/2023\\\/08\\\/26\\\/ligue-des-champions-dames-lafak-relizane-rate-en-entree\\\/\",\"url\":\"https:\\\/\\\/lasentinelle.dz\\\/index.php\\\/2023\\\/08\\\/26\\\/ligue-des-champions-dames-lafak-relizane-rate-en-entree\\\/\",\"name\":\"Ligue des champions (Dames)\u00a0: L&rsquo;Afak Relizane rate son entr\u00e9e - La Sentinelle\",\"isPartOf\":{\"@id\":\"https:\\\/\\\/lasentinelle.dz\\\/#website\"},\"primaryImageOfPage\":{\"@id\":\"https:\\\/\\\/lasentinelle.dz\\\/index.php\\\/2023\\\/08\\\/26\\\/ligue-des-champions-dames-lafak-relizane-rate-en-entree\\\/#primaryimage\"},\"image\":{\"@id\":\"https:\\\/\\\/lasentinelle.dz\\\/index.php\\\/2023\\\/08\\\/26\\\/ligue-des-champions-dames-lafak-relizane-rate-en-entree\\\/#primaryimage\"},\"thumbnailUrl\":\"https:\\\/\\\/lasentinelle.dz\\\/wp-content\\\/uploads\\\/2023\\\/08\\\/afak.jpeg\",\"datePublished\":\"2023-08-26T19:24:23+00:00\",\"dateModified\":\"2023-08-26T19:24:38+00:00\",\"breadcrumb\":{\"@id\":\"https:\\\/\\\/lasentinelle.dz\\\/index.php\\\/2023\\\/08\\\/26\\\/ligue-des-champions-dames-lafak-relizane-rate-en-entree\\\/#breadcrumb\"},\"inLanguage\":\"fr-FR\",\"potentialAction\":[{\"@type\":\"ReadAction\",\"target\":[\"https:\\\/\\\/lasentinelle.dz\\\/index.php\\\/2023\\\/08\\\/26\\\/ligue-des-champions-dames-lafak-relizane-rate-en-entree\\\/\"]}]},{\"@type\":\"ImageObject\",\"inLanguage\":\"fr-FR\",\"@id\":\"https:\\\/\\\/lasentinelle.dz\\\/index.php\\\/2023\\\/08\\\/26\\\/ligue-des-champions-dames-lafak-relizane-rate-en-entree\\\/#primaryimage\",\"url\":\"https:\\\/\\\/lasentinelle.dz\\\/wp-content\\\/uploads\\\/2023\\\/08\\\/afak.jpeg\",\"contentUrl\":\"https:\\\/\\\/lasentinelle.dz\\\/wp-content\\\/uploads\\\/2023\\\/08\\\/afak.jpeg\",\"width\":600,\"height\":390},{\"@type\":\"BreadcrumbList\",\"@id\":\"https:\\\/\\\/lasentinelle.dz\\\/index.php\\\/2023\\\/08\\\/26\\\/ligue-des-champions-dames-lafak-relizane-rate-en-entree\\\/#breadcrumb\",\"itemListElement\":[{\"@type\":\"ListItem\",\"position\":1,\"name\":\"Accueil\",\"item\":\"https:\\\/\\\/lasentinelle.dz\\\/\"},{\"@type\":\"ListItem\",\"position\":2,\"name\":\"Ligue des champions (Dames)\u00a0: L&rsquo;Afak Relizane rate son entr\u00e9e\"}]},{\"@type\":\"WebSite\",\"@id\":\"https:\\\/\\\/lasentinelle.dz\\\/#website\",\"url\":\"https:\\\/\\\/lasentinelle.dz\\\/\",\"name\":\"La Sentinelle\",\"description\":\"Quotidien national d&#039;information\",\"publisher\":{\"@id\":\"https:\\\/\\\/lasentinelle.dz\\\/#organization\"},\"potentialAction\":[{\"@type\":\"SearchAction\",\"target\":{\"@type\":\"EntryPoint\",\"urlTemplate\":\"https:\\\/\\\/lasentinelle.dz\\\/?s={search_term_string}\"},\"query-input\":{\"@type\":\"PropertyValueSpecification\",\"valueRequired\":true,\"valueName\":\"search_term_string\"}}],\"inLanguage\":\"fr-FR\"},{\"@type\":\"Organization\",\"@id\":\"https:\\\/\\\/lasentinelle.dz\\\/#organization\",\"name\":\"Quotidien La Sentinelle\",\"url\":\"https:\\\/\\\/lasentinelle.dz\\\/\",\"logo\":{\"@type\":\"ImageObject\",\"inLanguage\":\"fr-FR\",\"@id\":\"https:\\\/\\\/lasentinelle.dz\\\/#\\\/schema\\\/logo\\\/image\\\/\",\"url\":\"https:\\\/\\\/lasentinelle.dz\\\/wp-content\\\/uploads\\\/2021\\\/09\\\/logo-sentinelleSLOGAN-1.png\",\"contentUrl\":\"https:\\\/\\\/lasentinelle.dz\\\/wp-content\\\/uploads\\\/2021\\\/09\\\/logo-sentinelleSLOGAN-1.png\",\"width\":615,\"height\":142,\"caption\":\"Quotidien La Sentinelle\"},\"image\":{\"@id\":\"https:\\\/\\\/lasentinelle.dz\\\/#\\\/schema\\\/logo\\\/image\\\/\"},\"sameAs\":[\"https:\\\/\\\/www.facebook.com\\\/La-Sentinelle-104059864394773\"]},{\"@type\":\"Person\",\"@id\":\"https:\\\/\\\/lasentinelle.dz\\\/#\\\/schema\\\/person\\\/d865044e22e70a75174ce8bcad3acfb3\",\"name\":\"La Sentinelle\",\"image\":{\"@type\":\"ImageObject\",\"inLanguage\":\"fr-FR\",\"@id\":\"https:\\\/\\\/secure.gravatar.com\\\/avatar\\\/57de8e5d4b15d43fb361a71fbb36338450fe67865b528a43dd10ef7c51a20392?s=96&d=mm&r=g\",\"url\":\"https:\\\/\\\/secure.gravatar.com\\\/avatar\\\/57de8e5d4b15d43fb361a71fbb36338450fe67865b528a43dd10ef7c51a20392?s=96&d=mm&r=g\",\"contentUrl\":\"https:\\\/\\\/secure.gravatar.com\\\/avatar\\\/57de8e5d4b15d43fb361a71fbb36338450fe67865b528a43dd10ef7c51a20392?s=96&d=mm&r=g\",\"caption\":\"La Sentinelle\"},\"sameAs\":[\"http:\\\/\\\/www.lasentinelle.dz\"],\"url\":\"https:\\\/\\\/lasentinelle.dz\\\/author\\\/redaction\\\/\"}]}<\/script>\n<!-- \/ Yoast SEO plugin. -->","yoast_head_json":{"title":"Ligue des champions (Dames)\u00a0: L&rsquo;Afak Relizane rate son entr\u00e9e - La Sentinelle","robots":{"index":"index","follow":"follow","max-snippet":"max-snippet:-1","max-image-preview":"max-image-preview:large","max-video-preview":"max-video-preview:-1"},"canonical":"https:\/\/lasentinelle.dz\/index.php\/2023\/08\/26\/ligue-des-champions-dames-lafak-relizane-rate-en-entree\/","og_locale":"fr_FR","og_type":"article","og_title":"Ligue des champions (Dames)\u00a0: L&rsquo;Afak Relizane rate son entr\u00e9e - La Sentinelle","og_description":"L&rsquo;Afak Relizane, repr\u00e9sentant alg\u00e9rien en Ligue des champions d\u2019Afrique (Dames) a rat\u00e9 jeudi son entr\u00e9e dans le tournoi continental. Lors","og_url":"https:\/\/lasentinelle.dz\/index.php\/2023\/08\/26\/ligue-des-champions-dames-lafak-relizane-rate-en-entree\/","og_site_name":"La Sentinelle","article_publisher":"https:\/\/www.facebook.com\/La-Sentinelle-104059864394773","article_published_time":"2023-08-26T19:24:23+00:00","article_modified_time":"2023-08-26T19:24:38+00:00","og_image":[{"width":600,"height":390,"url":"https:\/\/lasentinelle.dz\/wp-content\/uploads\/2023\/08\/afak.jpeg","type":"image\/jpeg"}],"author":"La Sentinelle","twitter_card":"summary_large_image","twitter_misc":{"\u00c9crit par":"La Sentinelle","Dur\u00e9e de lecture estim\u00e9e":"2 minutes"},"schema":{"@context":"https:\/\/schema.org","@graph":[{"@type":"Article","@id":"https:\/\/lasentinelle.dz\/index.php\/2023\/08\/26\/ligue-des-champions-dames-lafak-relizane-rate-en-entree\/#article","isPartOf":{"@id":"https:\/\/lasentinelle.dz\/index.php\/2023\/08\/26\/ligue-des-champions-dames-lafak-relizane-rate-en-entree\/"},"author":{"name":"La Sentinelle","@id":"https:\/\/lasentinelle.dz\/#\/schema\/person\/d865044e22e70a75174ce8bcad3acfb3"},"headline":"Ligue des champions (Dames)\u00a0: L&rsquo;Afak Relizane rate son entr\u00e9e","datePublished":"2023-08-26T19:24:23+00:00","dateModified":"2023-08-26T19:24:38+00:00","mainEntityOfPage":{"@id":"https:\/\/lasentinelle.dz\/index.php\/2023\/08\/26\/ligue-des-champions-dames-lafak-relizane-rate-en-entree\/"},"wordCount":408,"commentCount":0,"publisher":{"@id":"https:\/\/lasentinelle.dz\/#organization"},"image":{"@id":"https:\/\/lasentinelle.dz\/index.php\/2023\/08\/26\/ligue-des-champions-dames-lafak-relizane-rate-en-entree\/#primaryimage"},"thumbnailUrl":"https:\/\/lasentinelle.dz\/wp-content\/uploads\/2023\/08\/afak.jpeg","articleSection":["Sports"],"inLanguage":"fr-FR","potentialAction":[{"@type":"CommentAction","name":"Comment","target":["https:\/\/lasentinelle.dz\/index.php\/2023\/08\/26\/ligue-des-champions-dames-lafak-relizane-rate-en-entree\/#respond"]}]},{"@type":"WebPage","@id":"https:\/\/lasentinelle.dz\/index.php\/2023\/08\/26\/ligue-des-champions-dames-lafak-relizane-rate-en-entree\/","url":"https:\/\/lasentinelle.dz\/index.php\/2023\/08\/26\/ligue-des-champions-dames-lafak-relizane-rate-en-entree\/","name":"Ligue des champions (Dames)\u00a0: L&rsquo;Afak Relizane rate son entr\u00e9e - La Sentinelle","isPartOf":{"@id":"https:\/\/lasentinelle.dz\/#website"},"primaryImageOfPage":{"@id":"https:\/\/lasentinelle.dz\/index.php\/2023\/08\/26\/ligue-des-champions-dames-lafak-relizane-rate-en-entree\/#primaryimage"},"image":{"@id":"https:\/\/lasentinelle.dz\/index.php\/2023\/08\/26\/ligue-des-champions-dames-lafak-relizane-rate-en-entree\/#primaryimage"},"thumbnailUrl":"https:\/\/lasentinelle.dz\/wp-content\/uploads\/2023\/08\/afak.jpeg","datePublished":"2023-08-26T19:24:23+00:00","dateModified":"2023-08-26T19:24:38+00:00","breadcrumb":{"@id":"https:\/\/lasentinelle.dz\/index.php\/2023\/08\/26\/ligue-des-champions-dames-lafak-relizane-rate-en-entree\/#breadcrumb"},"inLanguage":"fr-FR","potentialAction":[{"@type":"ReadAction","target":["https:\/\/lasentinelle.dz\/index.php\/2023\/08\/26\/ligue-des-champions-dames-lafak-relizane-rate-en-entree\/"]}]},{"@type":"ImageObject","inLanguage":"fr-FR","@id":"https:\/\/lasentinelle.dz\/index.php\/2023\/08\/26\/ligue-des-champions-dames-lafak-relizane-rate-en-entree\/#primaryimage","url":"https:\/\/lasentinelle.dz\/wp-content\/uploads\/2023\/08\/afak.jpeg","contentUrl":"https:\/\/lasentinelle.dz\/wp-content\/uploads\/2023\/08\/afak.jpeg","width":600,"height":390},{"@type":"BreadcrumbList","@id":"https:\/\/lasentinelle.dz\/index.php\/2023\/08\/26\/ligue-des-champions-dames-lafak-relizane-rate-en-entree\/#breadcrumb","itemListElement":[{"@type":"ListItem","position":1,"name":"Accueil","item":"https:\/\/lasentinelle.dz\/"},{"@type":"ListItem","position":2,"name":"Ligue des champions (Dames)\u00a0: L&rsquo;Afak Relizane rate son entr\u00e9e"}]},{"@type":"WebSite","@id":"https:\/\/lasentinelle.dz\/#website","url":"https:\/\/lasentinelle.dz\/","name":"La Sentinelle","description":"Quotidien national d&#039;information","publisher":{"@id":"https:\/\/lasentinelle.dz\/#organization"},"potentialAction":[{"@type":"SearchAction","target":{"@type":"EntryPoint","urlTemplate":"https:\/\/lasentinelle.dz\/?s={search_term_string}"},"query-input":{"@type":"PropertyValueSpecification","valueRequired":true,"valueName":"search_term_string"}}],"inLanguage":"fr-FR"},{"@type":"Organization","@id":"https:\/\/lasentinelle.dz\/#organization","name":"Quotidien La Sentinelle","url":"https:\/\/lasentinelle.dz\/","logo":{"@type":"ImageObject","inLanguage":"fr-FR","@id":"https:\/\/lasentinelle.dz\/#\/schema\/logo\/image\/","url":"https:\/\/lasentinelle.dz\/wp-content\/uploads\/2021\/09\/logo-sentinelleSLOGAN-1.png","contentUrl":"https:\/\/lasentinelle.dz\/wp-content\/uploads\/2021\/09\/logo-sentinelleSLOGAN-1.png","width":615,"height":142,"caption":"Quotidien La Sentinelle"},"image":{"@id":"https:\/\/lasentinelle.dz\/#\/schema\/logo\/image\/"},"sameAs":["https:\/\/www.facebook.com\/La-Sentinelle-104059864394773"]},{"@type":"Person","@id":"https:\/\/lasentinelle.dz\/#\/schema\/person\/d865044e22e70a75174ce8bcad3acfb3","name":"La Sentinelle","image":{"@type":"ImageObject","inLanguage":"fr-FR","@id":"https:\/\/secure.gravatar.com\/avatar\/57de8e5d4b15d43fb361a71fbb36338450fe67865b528a43dd10ef7c51a20392?s=96&d=mm&r=g","url":"https:\/\/secure.gravatar.com\/avatar\/57de8e5d4b15d43fb361a71fbb36338450fe67865b528a43dd10ef7c51a20392?s=96&d=mm&r=g","contentUrl":"https:\/\/secure.gravatar.com\/avatar\/57de8e5d4b15d43fb361a71fbb36338450fe67865b528a43dd10ef7c51a20392?s=96&d=mm&r=g","caption":"La Sentinelle"},"sameAs":["http:\/\/www.lasentinelle.dz"],"url":"https:\/\/lasentinelle.dz\/author\/redaction\/"}]}},"_links":{"self":[{"href":"https:\/\/lasentinelle.dz\/index.php\/wp-json\/wp\/v2\/posts\/44941","targetHints":{"allow":["GET"]}}],"collection":[{"href":"https:\/\/lasentinelle.dz\/index.php\/wp-json\/wp\/v2\/posts"}],"about":[{"href":"https:\/\/lasentinelle.dz\/index.php\/wp-json\/wp\/v2\/types\/post"}],"author":[{"embeddable":true,"href":"https:\/\/lasentinelle.dz\/index.php\/wp-json\/wp\/v2\/users\/3"}],"replies":[{"embeddable":true,"href":"https:\/\/lasentinelle.dz\/index.php\/wp-json\/wp\/v2\/comments?post=44941"}],"version-history":[{"count":2,"href":"https:\/\/lasentinelle.dz\/index.php\/wp-json\/wp\/v2\/posts\/44941\/revisions"}],"predecessor-version":[{"id":44944,"href":"https:\/\/lasentinelle.dz\/index.php\/wp-json\/wp\/v2\/posts\/44941\/revisions\/44944"}],"wp:featuredmedia":[{"embeddable":true,"href":"https:\/\/lasentinelle.dz\/index.php\/wp-json\/wp\/v2\/media\/44942"}],"wp:attachment":[{"href":"https:\/\/lasentinelle.dz\/index.php\/wp-json\/wp\/v2\/media?parent=44941"}],"wp:term":[{"taxonomy":"category","embeddable":true,"href":"https:\/\/lasentinelle.dz\/index.php\/wp-json\/wp\/v2\/categories?post=44941"},{"taxonomy":"post_tag","embeddable":true,"href":"https:\/\/lasentinelle.dz\/index.php\/wp-json\/wp\/v2\/tags?post=44941"}],"curies":[{"name":"wp","href":"https:\/\/api.w.org\/{rel}","templated":true}]}}