{"id":44965,"date":"2023-08-26T20:57:08","date_gmt":"2023-08-26T19:57:08","guid":{"rendered":"https:\/\/lasentinelle.dz\/?p=44965"},"modified":"2023-08-26T20:57:10","modified_gmt":"2023-08-26T19:57:10","slug":"une-loi-est-en-preparation-le-danemark-interdit-lautodafe-du-coran","status":"publish","type":"post","link":"https:\/\/lasentinelle.dz\/index.php\/2023\/08\/26\/une-loi-est-en-preparation-le-danemark-interdit-lautodafe-du-coran\/","title":{"rendered":"Une loi est en pr\u00e9paration\u00a0: Le Danemark interdit l\u2019autodaf\u00e9 du Coran"},"content":{"rendered":"\n<p>Le Danemark compte mettre fin aux actes de profanation du Saint Coran et est en passe d\u2019instaurer une nouvelle loi punissant quiconque br\u00fblera un livre sacr\u00e9 d\u2019une peine allant jusqu\u2019\u00e0 deux ans de prison. Cet outil juridique vise \u00e0 mettre fin aux autodaf\u00e9s de Coran qui se sont multipli\u00e9es ces derniers mois.<\/p>\n\n\n\n<p>La mi-ao\u00fbt, le ministre des affaires \u00e9trang\u00e8res danois Lars Lokke Rasmussen avait, dans un appel telephonque \u00e0 son homologue alg\u00e9rien, Ahmed Attaf, exprim\u00e9 ses \u00ab regrets et excuses \u00bb pour la vague criminelle d&rsquo;autodaf\u00e9 du Coran devant les ambassades de pays musulmans, y compris l&rsquo;ambassade d&rsquo;Alg\u00e9rie \u00e0 Copenhague. Lars Lokke Rasmussen qui avait qualifi\u00e9 ces actes \u00ab d&rsquo;intol\u00e9rables et d&rsquo;inacceptables \u00bb avait rassur\u00e9 le ministre des Affaires etrangeres et de la Communaut\u00e9 etablie \u00e0 l\u2019etranger que le gouvernement danois \u00ab finalise aujourd&rsquo;hui le texte de loi devant mettre fin \u00e0 ces pratiques inqualifiables \u00bb. Lars Lokke Rasmussen qui a estim\u00e9 que ces actes \u00e9taient \u00ab intrins\u00e8quement contraires aux traditions d&rsquo;accueil, d&rsquo;ouverture et de tol\u00e9rance qui sont solidement ancr\u00e9es dans la soci\u00e9t\u00e9 danoise \u00bb, avait ajout\u00e9 que \u00ab le Parlement sera saisi de ce projet de loi d\u00e8s la reprise de sa session dans quatre semaines \u00bb.&nbsp; Et c\u2019est chose faite. Le gouvernement danois a pr\u00e9sent\u00e9 vendredi un projet de loi pour interdire les autodaf\u00e9s de livres religieux, apr\u00e8s que des profanations du Coran au Danemark et en Su\u00e8de ont entra\u00een\u00e9 des tensions dans plusieurs pays musulmans. Le texte vient pr\u00e9ciser un article du code criminel d\u00e9j\u00e0 existant, qui punit quiconque \u00abinsulte publiquement une nation \u00e9trang\u00e8re\u00bb \u00e0 une amende et \u00e0 jusqu\u2019\u00e0 deux ans de prison. D\u00e9sormais, un nouveau paragraphe \u00e9tend le champ d\u2019application de la loi au \u00abtraitement inappropri\u00e9 d\u2019un objet ayant une signification religieuse importante pour une communaut\u00e9 religieuse\u00bb. Le texte sera soumis \u00e0 une consultation publique pendant quatre semaines, de sorte qu\u2019il puisse \u00eatre d\u00e9pos\u00e9 au cours de la semaine d\u2019ouverture de la prochaine rentr\u00e9e parlementaire. Dans les faits, la disposition cible le fait de br\u00fbler ou de pi\u00e9tiner un objet consid\u00e9r\u00e9 comme sacr\u00e9 ou \u00abparticuli\u00e8rement repr\u00e9sentatif de la foi\u00bb, pr\u00e9cise une fiche d\u2019information publi\u00e9e par le minist\u00e8re de la Justice danois. La note pr\u00e9cise que la loi s\u2019applique si la d\u00e9gradation est r\u00e9alis\u00e9e dans un lieu public, ou en priv\u00e9, en vue d\u2019une distribution publique ult\u00e9rieure, ce qui inclut la publication en streaming ou en vid\u00e9o. Toutefois, \u00able projet de loi ne comprendra pas les d\u00e9clarations verbales ou \u00e9crites, y compris les dessins\u00bb. Afin de justifier ce projet, le ministre danois de la Justice, Peter Hummelgaard, a d\u00e9clar\u00e9 ne pas pouvoir \u00ab (\u2026) continuer \u00e0 rester les bras crois\u00e9s alors que quelques individus font tout ce qu\u2019ils peuvent pour provoquer des r\u00e9actions violentes.\u00bb Assumant la \u00abresponsabilit\u00e9 d\u2019une situation difficile et dangereuse\u00bb, le vice-Premier ministre, Jakob Ellemann-Jensen, a expliqu\u00e9 dans une note du minist\u00e8re de la Justice que \u00abbr\u00fbler, profaner ou d\u00e9truire de toute autre mani\u00e8re les saintes \u00e9critures d\u2019autrui n\u2019a d\u2019autre but que de provoquer pour le seul fait de provoquer\u00bb.&nbsp; Le projet de loi a d\u00e9j\u00e0 commenc\u00e9 \u00e0 soulever les critiques de certains lib\u00e9raux danois, qui voient en ce projet de loi \u00ab&nbsp;une atteinte \u00e0 la libert\u00e9 d\u2019expression&nbsp;\u00bb.<\/p>\n\n\n\n<p>Pour rappel, et suite \u00e0 une campagne d\u2019autodaf\u00e9 du Coran, le Danemark et la Su\u00e8de se sont enfonc\u00e9s dans une crise diplomatique avec plusieurs pays musulmans, au premier rang desquels, l\u2019Irak. Le 30 juillet, cinq livres du Coran avaient \u00e9t\u00e9 br\u00fbl\u00e9s devant des ambassades \u00e9trang\u00e8res au Danemark, et sept autres autodaf\u00e9s avaient \u00e9t\u00e9 signal\u00e9s le lendemain, selon le ministre des Affaires \u00e9trang\u00e8res danois, Lars L\u00f8kke Rasmussen. Le m\u00eame jour, ce dernier a annonc\u00e9 chercher \u00e0 instaurer un outil juridique pour lutter contre les profanations. Plus t\u00f4t, le mouvement d\u2019extr\u00eame droite Danske Patrioter avait post\u00e9 sur Facebook deux vid\u00e9os de leurs militants en train de br\u00fbler un Coran devant l\u2019ambassade d\u2019Irak au Danemark. &nbsp;Des actes qui ont suscit\u00e9 de nombreuses r\u00e9actions d\u2019indignations dans les pays musulmans. En Alg\u00e9rie, le minist\u00e8re des Affaires \u00e9trang\u00e8res et de la Communaut\u00e9 nationale \u00e0 l\u2019\u00e9tranger a convoqu\u00e9 le 24 juillet dernier l\u2019ambassadrice du Danemark en Alg\u00e9rie et le charg\u00e9 d\u2019affaires de l\u2019ambassade de Su\u00e8de suite aux actes d\u2019autodaf\u00e9 du Coran pour signifier la protestation officielle de l\u2019Alg\u00e9rie et de sa ferme condamnation de \u00ab&nbsp;ces actes immoraux et non civilis\u00e9s qui portent atteinte aux croyances des musulmans et suscitent leurs indignations&nbsp;\u00bb. Il a \u00e9galement \u00e9t\u00e9 signifi\u00e9 aux deux diplomates que de tels actes \u201cde par leur nature effroyable et abjecte, ne rel\u00e8vent nullement de la libert\u00e9 d\u2019expression, comme le pr\u00e9tendent \u00e0 tort ceux qui les d\u00e9fendent, les pr\u00f4nent et en tirent profit\u201d. Le minist\u00e8re a soulign\u00e9 qu\u201d\u2018il est inadmissible que la libert\u00e9 d\u2019expression serve de couverture pour prot\u00e9ger les auteurs de ces crimes odieux\u201d<\/p>\n\n\n\n<p>Samir Benisid<\/p>\n","protected":false},"excerpt":{"rendered":"<p>Le Danemark compte mettre fin aux actes de profanation du Saint Coran et est en passe d\u2019instaurer une nouvelle loi<\/p>\n","protected":false},"author":3,"featured_media":44966,"comment_status":"open","ping_status":"closed","sticky":false,"template":"","format":"standard","meta":{"colormag_page_container_layout":"default_layout","colormag_page_sidebar_layout":"default_layout","om_disable_all_campaigns":false,"_monsterinsights_skip_tracking":false,"_monsterinsights_sitenote_active":false,"_monsterinsights_sitenote_note":"","_monsterinsights_sitenote_category":0,"footnotes":"","_wpscppro_dont_share_socialmedia":false,"_wpscppro_custom_social_share_image":0,"_facebook_share_type":"","_twitter_share_type":"","_linkedin_share_type":"","_pinterest_share_type":"","_linkedin_share_type_page":"","_instagram_share_type":"","_medium_share_type":"","_threads_share_type":"","_google_business_share_type":"","_selected_social_profile":[],"_wpsp_enable_custom_social_template":false,"_wpsp_social_scheduling":{"enabled":false,"datetime":null,"platforms":[],"status":"template_only","dateOption":"today","timeOption":"now","customDays":"","customHours":"","customDate":"","customTime":"","schedulingType":"absolute"},"_wpsp_active_default_template":true},"categories":[52,27],"tags":[],"class_list":["post-44965","post","type-post","status-publish","format-standard","has-post-thumbnail","hentry","category-a-la-une","category-actualite"],"aioseo_notices":[],"yoast_head":"<!-- This site is optimized with the Yoast SEO plugin v27.5 - https:\/\/yoast.com\/product\/yoast-seo-wordpress\/ -->\n<title>Une loi est en pr\u00e9paration\u00a0: Le Danemark interdit l\u2019autodaf\u00e9 du Coran - La Sentinelle<\/title>\n<meta name=\"robots\" content=\"index, follow, max-snippet:-1, max-image-preview:large, max-video-preview:-1\" \/>\n<link rel=\"canonical\" href=\"https:\/\/lasentinelle.dz\/index.php\/2023\/08\/26\/une-loi-est-en-preparation-le-danemark-interdit-lautodafe-du-coran\/\" \/>\n<meta property=\"og:locale\" content=\"fr_FR\" \/>\n<meta property=\"og:type\" content=\"article\" \/>\n<meta property=\"og:title\" content=\"Une loi est en pr\u00e9paration\u00a0: Le Danemark interdit l\u2019autodaf\u00e9 du Coran - La Sentinelle\" \/>\n<meta property=\"og:description\" content=\"Le Danemark compte mettre fin aux actes de profanation du Saint Coran et est en passe d\u2019instaurer une nouvelle loi\" \/>\n<meta property=\"og:url\" content=\"https:\/\/lasentinelle.dz\/index.php\/2023\/08\/26\/une-loi-est-en-preparation-le-danemark-interdit-lautodafe-du-coran\/\" \/>\n<meta property=\"og:site_name\" content=\"La Sentinelle\" \/>\n<meta property=\"article:publisher\" content=\"https:\/\/www.facebook.com\/La-Sentinelle-104059864394773\" \/>\n<meta property=\"article:published_time\" content=\"2023-08-26T19:57:08+00:00\" \/>\n<meta property=\"article:modified_time\" content=\"2023-08-26T19:57:10+00:00\" \/>\n<meta property=\"og:image\" content=\"https:\/\/lasentinelle.dz\/wp-content\/uploads\/2023\/08\/Peter-Hummelgaard.jpeg\" \/>\n\t<meta property=\"og:image:width\" content=\"610\" \/>\n\t<meta property=\"og:image:height\" content=\"342\" \/>\n\t<meta property=\"og:image:type\" content=\"image\/jpeg\" \/>\n<meta name=\"author\" content=\"La Sentinelle\" \/>\n<meta name=\"twitter:card\" content=\"summary_large_image\" \/>\n<meta name=\"twitter:label1\" content=\"\u00c9crit par\" \/>\n\t<meta name=\"twitter:data1\" content=\"La Sentinelle\" \/>\n\t<meta name=\"twitter:label2\" content=\"Dur\u00e9e de lecture estim\u00e9e\" \/>\n\t<meta name=\"twitter:data2\" content=\"4 minutes\" \/>\n<script type=\"application\/ld+json\" class=\"yoast-schema-graph\">{\"@context\":\"https:\\\/\\\/schema.org\",\"@graph\":[{\"@type\":\"Article\",\"@id\":\"https:\\\/\\\/lasentinelle.dz\\\/index.php\\\/2023\\\/08\\\/26\\\/une-loi-est-en-preparation-le-danemark-interdit-lautodafe-du-coran\\\/#article\",\"isPartOf\":{\"@id\":\"https:\\\/\\\/lasentinelle.dz\\\/index.php\\\/2023\\\/08\\\/26\\\/une-loi-est-en-preparation-le-danemark-interdit-lautodafe-du-coran\\\/\"},\"author\":{\"name\":\"La Sentinelle\",\"@id\":\"https:\\\/\\\/lasentinelle.dz\\\/#\\\/schema\\\/person\\\/d865044e22e70a75174ce8bcad3acfb3\"},\"headline\":\"Une loi est en pr\u00e9paration\u00a0: Le Danemark interdit l\u2019autodaf\u00e9 du Coran\",\"datePublished\":\"2023-08-26T19:57:08+00:00\",\"dateModified\":\"2023-08-26T19:57:10+00:00\",\"mainEntityOfPage\":{\"@id\":\"https:\\\/\\\/lasentinelle.dz\\\/index.php\\\/2023\\\/08\\\/26\\\/une-loi-est-en-preparation-le-danemark-interdit-lautodafe-du-coran\\\/\"},\"wordCount\":890,\"commentCount\":0,\"publisher\":{\"@id\":\"https:\\\/\\\/lasentinelle.dz\\\/#organization\"},\"image\":{\"@id\":\"https:\\\/\\\/lasentinelle.dz\\\/index.php\\\/2023\\\/08\\\/26\\\/une-loi-est-en-preparation-le-danemark-interdit-lautodafe-du-coran\\\/#primaryimage\"},\"thumbnailUrl\":\"https:\\\/\\\/lasentinelle.dz\\\/wp-content\\\/uploads\\\/2023\\\/08\\\/Peter-Hummelgaard.jpeg\",\"articleSection\":[\"\u00c0 la Une\",\"Actualit\u00e9\"],\"inLanguage\":\"fr-FR\",\"potentialAction\":[{\"@type\":\"CommentAction\",\"name\":\"Comment\",\"target\":[\"https:\\\/\\\/lasentinelle.dz\\\/index.php\\\/2023\\\/08\\\/26\\\/une-loi-est-en-preparation-le-danemark-interdit-lautodafe-du-coran\\\/#respond\"]}]},{\"@type\":\"WebPage\",\"@id\":\"https:\\\/\\\/lasentinelle.dz\\\/index.php\\\/2023\\\/08\\\/26\\\/une-loi-est-en-preparation-le-danemark-interdit-lautodafe-du-coran\\\/\",\"url\":\"https:\\\/\\\/lasentinelle.dz\\\/index.php\\\/2023\\\/08\\\/26\\\/une-loi-est-en-preparation-le-danemark-interdit-lautodafe-du-coran\\\/\",\"name\":\"Une loi est en pr\u00e9paration\u00a0: Le Danemark interdit l\u2019autodaf\u00e9 du Coran - La Sentinelle\",\"isPartOf\":{\"@id\":\"https:\\\/\\\/lasentinelle.dz\\\/#website\"},\"primaryImageOfPage\":{\"@id\":\"https:\\\/\\\/lasentinelle.dz\\\/index.php\\\/2023\\\/08\\\/26\\\/une-loi-est-en-preparation-le-danemark-interdit-lautodafe-du-coran\\\/#primaryimage\"},\"image\":{\"@id\":\"https:\\\/\\\/lasentinelle.dz\\\/index.php\\\/2023\\\/08\\\/26\\\/une-loi-est-en-preparation-le-danemark-interdit-lautodafe-du-coran\\\/#primaryimage\"},\"thumbnailUrl\":\"https:\\\/\\\/lasentinelle.dz\\\/wp-content\\\/uploads\\\/2023\\\/08\\\/Peter-Hummelgaard.jpeg\",\"datePublished\":\"2023-08-26T19:57:08+00:00\",\"dateModified\":\"2023-08-26T19:57:10+00:00\",\"breadcrumb\":{\"@id\":\"https:\\\/\\\/lasentinelle.dz\\\/index.php\\\/2023\\\/08\\\/26\\\/une-loi-est-en-preparation-le-danemark-interdit-lautodafe-du-coran\\\/#breadcrumb\"},\"inLanguage\":\"fr-FR\",\"potentialAction\":[{\"@type\":\"ReadAction\",\"target\":[\"https:\\\/\\\/lasentinelle.dz\\\/index.php\\\/2023\\\/08\\\/26\\\/une-loi-est-en-preparation-le-danemark-interdit-lautodafe-du-coran\\\/\"]}]},{\"@type\":\"ImageObject\",\"inLanguage\":\"fr-FR\",\"@id\":\"https:\\\/\\\/lasentinelle.dz\\\/index.php\\\/2023\\\/08\\\/26\\\/une-loi-est-en-preparation-le-danemark-interdit-lautodafe-du-coran\\\/#primaryimage\",\"url\":\"https:\\\/\\\/lasentinelle.dz\\\/wp-content\\\/uploads\\\/2023\\\/08\\\/Peter-Hummelgaard.jpeg\",\"contentUrl\":\"https:\\\/\\\/lasentinelle.dz\\\/wp-content\\\/uploads\\\/2023\\\/08\\\/Peter-Hummelgaard.jpeg\",\"width\":610,\"height\":342},{\"@type\":\"BreadcrumbList\",\"@id\":\"https:\\\/\\\/lasentinelle.dz\\\/index.php\\\/2023\\\/08\\\/26\\\/une-loi-est-en-preparation-le-danemark-interdit-lautodafe-du-coran\\\/#breadcrumb\",\"itemListElement\":[{\"@type\":\"ListItem\",\"position\":1,\"name\":\"Accueil\",\"item\":\"https:\\\/\\\/lasentinelle.dz\\\/\"},{\"@type\":\"ListItem\",\"position\":2,\"name\":\"Une loi est en pr\u00e9paration\u00a0: Le Danemark interdit l\u2019autodaf\u00e9 du Coran\"}]},{\"@type\":\"WebSite\",\"@id\":\"https:\\\/\\\/lasentinelle.dz\\\/#website\",\"url\":\"https:\\\/\\\/lasentinelle.dz\\\/\",\"name\":\"La Sentinelle\",\"description\":\"Quotidien national d&#039;information\",\"publisher\":{\"@id\":\"https:\\\/\\\/lasentinelle.dz\\\/#organization\"},\"potentialAction\":[{\"@type\":\"SearchAction\",\"target\":{\"@type\":\"EntryPoint\",\"urlTemplate\":\"https:\\\/\\\/lasentinelle.dz\\\/?s={search_term_string}\"},\"query-input\":{\"@type\":\"PropertyValueSpecification\",\"valueRequired\":true,\"valueName\":\"search_term_string\"}}],\"inLanguage\":\"fr-FR\"},{\"@type\":\"Organization\",\"@id\":\"https:\\\/\\\/lasentinelle.dz\\\/#organization\",\"name\":\"Quotidien La Sentinelle\",\"url\":\"https:\\\/\\\/lasentinelle.dz\\\/\",\"logo\":{\"@type\":\"ImageObject\",\"inLanguage\":\"fr-FR\",\"@id\":\"https:\\\/\\\/lasentinelle.dz\\\/#\\\/schema\\\/logo\\\/image\\\/\",\"url\":\"https:\\\/\\\/lasentinelle.dz\\\/wp-content\\\/uploads\\\/2021\\\/09\\\/logo-sentinelleSLOGAN-1.png\",\"contentUrl\":\"https:\\\/\\\/lasentinelle.dz\\\/wp-content\\\/uploads\\\/2021\\\/09\\\/logo-sentinelleSLOGAN-1.png\",\"width\":615,\"height\":142,\"caption\":\"Quotidien La Sentinelle\"},\"image\":{\"@id\":\"https:\\\/\\\/lasentinelle.dz\\\/#\\\/schema\\\/logo\\\/image\\\/\"},\"sameAs\":[\"https:\\\/\\\/www.facebook.com\\\/La-Sentinelle-104059864394773\"]},{\"@type\":\"Person\",\"@id\":\"https:\\\/\\\/lasentinelle.dz\\\/#\\\/schema\\\/person\\\/d865044e22e70a75174ce8bcad3acfb3\",\"name\":\"La Sentinelle\",\"image\":{\"@type\":\"ImageObject\",\"inLanguage\":\"fr-FR\",\"@id\":\"https:\\\/\\\/secure.gravatar.com\\\/avatar\\\/57de8e5d4b15d43fb361a71fbb36338450fe67865b528a43dd10ef7c51a20392?s=96&d=mm&r=g\",\"url\":\"https:\\\/\\\/secure.gravatar.com\\\/avatar\\\/57de8e5d4b15d43fb361a71fbb36338450fe67865b528a43dd10ef7c51a20392?s=96&d=mm&r=g\",\"contentUrl\":\"https:\\\/\\\/secure.gravatar.com\\\/avatar\\\/57de8e5d4b15d43fb361a71fbb36338450fe67865b528a43dd10ef7c51a20392?s=96&d=mm&r=g\",\"caption\":\"La Sentinelle\"},\"sameAs\":[\"http:\\\/\\\/www.lasentinelle.dz\"],\"url\":\"https:\\\/\\\/lasentinelle.dz\\\/author\\\/redaction\\\/\"}]}<\/script>\n<!-- \/ Yoast SEO plugin. -->","yoast_head_json":{"title":"Une loi est en pr\u00e9paration\u00a0: Le Danemark interdit l\u2019autodaf\u00e9 du Coran - La Sentinelle","robots":{"index":"index","follow":"follow","max-snippet":"max-snippet:-1","max-image-preview":"max-image-preview:large","max-video-preview":"max-video-preview:-1"},"canonical":"https:\/\/lasentinelle.dz\/index.php\/2023\/08\/26\/une-loi-est-en-preparation-le-danemark-interdit-lautodafe-du-coran\/","og_locale":"fr_FR","og_type":"article","og_title":"Une loi est en pr\u00e9paration\u00a0: Le Danemark interdit l\u2019autodaf\u00e9 du Coran - La Sentinelle","og_description":"Le Danemark compte mettre fin aux actes de profanation du Saint Coran et est en passe d\u2019instaurer une nouvelle loi","og_url":"https:\/\/lasentinelle.dz\/index.php\/2023\/08\/26\/une-loi-est-en-preparation-le-danemark-interdit-lautodafe-du-coran\/","og_site_name":"La Sentinelle","article_publisher":"https:\/\/www.facebook.com\/La-Sentinelle-104059864394773","article_published_time":"2023-08-26T19:57:08+00:00","article_modified_time":"2023-08-26T19:57:10+00:00","og_image":[{"width":610,"height":342,"url":"https:\/\/lasentinelle.dz\/wp-content\/uploads\/2023\/08\/Peter-Hummelgaard.jpeg","type":"image\/jpeg"}],"author":"La Sentinelle","twitter_card":"summary_large_image","twitter_misc":{"\u00c9crit par":"La Sentinelle","Dur\u00e9e de lecture estim\u00e9e":"4 minutes"},"schema":{"@context":"https:\/\/schema.org","@graph":[{"@type":"Article","@id":"https:\/\/lasentinelle.dz\/index.php\/2023\/08\/26\/une-loi-est-en-preparation-le-danemark-interdit-lautodafe-du-coran\/#article","isPartOf":{"@id":"https:\/\/lasentinelle.dz\/index.php\/2023\/08\/26\/une-loi-est-en-preparation-le-danemark-interdit-lautodafe-du-coran\/"},"author":{"name":"La Sentinelle","@id":"https:\/\/lasentinelle.dz\/#\/schema\/person\/d865044e22e70a75174ce8bcad3acfb3"},"headline":"Une loi est en pr\u00e9paration\u00a0: Le Danemark interdit l\u2019autodaf\u00e9 du Coran","datePublished":"2023-08-26T19:57:08+00:00","dateModified":"2023-08-26T19:57:10+00:00","mainEntityOfPage":{"@id":"https:\/\/lasentinelle.dz\/index.php\/2023\/08\/26\/une-loi-est-en-preparation-le-danemark-interdit-lautodafe-du-coran\/"},"wordCount":890,"commentCount":0,"publisher":{"@id":"https:\/\/lasentinelle.dz\/#organization"},"image":{"@id":"https:\/\/lasentinelle.dz\/index.php\/2023\/08\/26\/une-loi-est-en-preparation-le-danemark-interdit-lautodafe-du-coran\/#primaryimage"},"thumbnailUrl":"https:\/\/lasentinelle.dz\/wp-content\/uploads\/2023\/08\/Peter-Hummelgaard.jpeg","articleSection":["\u00c0 la Une","Actualit\u00e9"],"inLanguage":"fr-FR","potentialAction":[{"@type":"CommentAction","name":"Comment","target":["https:\/\/lasentinelle.dz\/index.php\/2023\/08\/26\/une-loi-est-en-preparation-le-danemark-interdit-lautodafe-du-coran\/#respond"]}]},{"@type":"WebPage","@id":"https:\/\/lasentinelle.dz\/index.php\/2023\/08\/26\/une-loi-est-en-preparation-le-danemark-interdit-lautodafe-du-coran\/","url":"https:\/\/lasentinelle.dz\/index.php\/2023\/08\/26\/une-loi-est-en-preparation-le-danemark-interdit-lautodafe-du-coran\/","name":"Une loi est en pr\u00e9paration\u00a0: Le Danemark interdit l\u2019autodaf\u00e9 du Coran - La Sentinelle","isPartOf":{"@id":"https:\/\/lasentinelle.dz\/#website"},"primaryImageOfPage":{"@id":"https:\/\/lasentinelle.dz\/index.php\/2023\/08\/26\/une-loi-est-en-preparation-le-danemark-interdit-lautodafe-du-coran\/#primaryimage"},"image":{"@id":"https:\/\/lasentinelle.dz\/index.php\/2023\/08\/26\/une-loi-est-en-preparation-le-danemark-interdit-lautodafe-du-coran\/#primaryimage"},"thumbnailUrl":"https:\/\/lasentinelle.dz\/wp-content\/uploads\/2023\/08\/Peter-Hummelgaard.jpeg","datePublished":"2023-08-26T19:57:08+00:00","dateModified":"2023-08-26T19:57:10+00:00","breadcrumb":{"@id":"https:\/\/lasentinelle.dz\/index.php\/2023\/08\/26\/une-loi-est-en-preparation-le-danemark-interdit-lautodafe-du-coran\/#breadcrumb"},"inLanguage":"fr-FR","potentialAction":[{"@type":"ReadAction","target":["https:\/\/lasentinelle.dz\/index.php\/2023\/08\/26\/une-loi-est-en-preparation-le-danemark-interdit-lautodafe-du-coran\/"]}]},{"@type":"ImageObject","inLanguage":"fr-FR","@id":"https:\/\/lasentinelle.dz\/index.php\/2023\/08\/26\/une-loi-est-en-preparation-le-danemark-interdit-lautodafe-du-coran\/#primaryimage","url":"https:\/\/lasentinelle.dz\/wp-content\/uploads\/2023\/08\/Peter-Hummelgaard.jpeg","contentUrl":"https:\/\/lasentinelle.dz\/wp-content\/uploads\/2023\/08\/Peter-Hummelgaard.jpeg","width":610,"height":342},{"@type":"BreadcrumbList","@id":"https:\/\/lasentinelle.dz\/index.php\/2023\/08\/26\/une-loi-est-en-preparation-le-danemark-interdit-lautodafe-du-coran\/#breadcrumb","itemListElement":[{"@type":"ListItem","position":1,"name":"Accueil","item":"https:\/\/lasentinelle.dz\/"},{"@type":"ListItem","position":2,"name":"Une loi est en pr\u00e9paration\u00a0: Le Danemark interdit l\u2019autodaf\u00e9 du Coran"}]},{"@type":"WebSite","@id":"https:\/\/lasentinelle.dz\/#website","url":"https:\/\/lasentinelle.dz\/","name":"La Sentinelle","description":"Quotidien national d&#039;information","publisher":{"@id":"https:\/\/lasentinelle.dz\/#organization"},"potentialAction":[{"@type":"SearchAction","target":{"@type":"EntryPoint","urlTemplate":"https:\/\/lasentinelle.dz\/?s={search_term_string}"},"query-input":{"@type":"PropertyValueSpecification","valueRequired":true,"valueName":"search_term_string"}}],"inLanguage":"fr-FR"},{"@type":"Organization","@id":"https:\/\/lasentinelle.dz\/#organization","name":"Quotidien La Sentinelle","url":"https:\/\/lasentinelle.dz\/","logo":{"@type":"ImageObject","inLanguage":"fr-FR","@id":"https:\/\/lasentinelle.dz\/#\/schema\/logo\/image\/","url":"https:\/\/lasentinelle.dz\/wp-content\/uploads\/2021\/09\/logo-sentinelleSLOGAN-1.png","contentUrl":"https:\/\/lasentinelle.dz\/wp-content\/uploads\/2021\/09\/logo-sentinelleSLOGAN-1.png","width":615,"height":142,"caption":"Quotidien La Sentinelle"},"image":{"@id":"https:\/\/lasentinelle.dz\/#\/schema\/logo\/image\/"},"sameAs":["https:\/\/www.facebook.com\/La-Sentinelle-104059864394773"]},{"@type":"Person","@id":"https:\/\/lasentinelle.dz\/#\/schema\/person\/d865044e22e70a75174ce8bcad3acfb3","name":"La Sentinelle","image":{"@type":"ImageObject","inLanguage":"fr-FR","@id":"https:\/\/secure.gravatar.com\/avatar\/57de8e5d4b15d43fb361a71fbb36338450fe67865b528a43dd10ef7c51a20392?s=96&d=mm&r=g","url":"https:\/\/secure.gravatar.com\/avatar\/57de8e5d4b15d43fb361a71fbb36338450fe67865b528a43dd10ef7c51a20392?s=96&d=mm&r=g","contentUrl":"https:\/\/secure.gravatar.com\/avatar\/57de8e5d4b15d43fb361a71fbb36338450fe67865b528a43dd10ef7c51a20392?s=96&d=mm&r=g","caption":"La Sentinelle"},"sameAs":["http:\/\/www.lasentinelle.dz"],"url":"https:\/\/lasentinelle.dz\/author\/redaction\/"}]}},"_links":{"self":[{"href":"https:\/\/lasentinelle.dz\/index.php\/wp-json\/wp\/v2\/posts\/44965","targetHints":{"allow":["GET"]}}],"collection":[{"href":"https:\/\/lasentinelle.dz\/index.php\/wp-json\/wp\/v2\/posts"}],"about":[{"href":"https:\/\/lasentinelle.dz\/index.php\/wp-json\/wp\/v2\/types\/post"}],"author":[{"embeddable":true,"href":"https:\/\/lasentinelle.dz\/index.php\/wp-json\/wp\/v2\/users\/3"}],"replies":[{"embeddable":true,"href":"https:\/\/lasentinelle.dz\/index.php\/wp-json\/wp\/v2\/comments?post=44965"}],"version-history":[{"count":1,"href":"https:\/\/lasentinelle.dz\/index.php\/wp-json\/wp\/v2\/posts\/44965\/revisions"}],"predecessor-version":[{"id":44967,"href":"https:\/\/lasentinelle.dz\/index.php\/wp-json\/wp\/v2\/posts\/44965\/revisions\/44967"}],"wp:featuredmedia":[{"embeddable":true,"href":"https:\/\/lasentinelle.dz\/index.php\/wp-json\/wp\/v2\/media\/44966"}],"wp:attachment":[{"href":"https:\/\/lasentinelle.dz\/index.php\/wp-json\/wp\/v2\/media?parent=44965"}],"wp:term":[{"taxonomy":"category","embeddable":true,"href":"https:\/\/lasentinelle.dz\/index.php\/wp-json\/wp\/v2\/categories?post=44965"},{"taxonomy":"post_tag","embeddable":true,"href":"https:\/\/lasentinelle.dz\/index.php\/wp-json\/wp\/v2\/tags?post=44965"}],"curies":[{"name":"wp","href":"https:\/\/api.w.org\/{rel}","templated":true}]}}