{"id":44976,"date":"2023-08-27T19:53:00","date_gmt":"2023-08-27T18:53:00","guid":{"rendered":"https:\/\/lasentinelle.dz\/?p=44976"},"modified":"2023-08-27T20:06:18","modified_gmt":"2023-08-27T19:06:18","slug":"cisjordanie-occupee-cinq-palestiniens-blesses-par-les-forces-doccupation-a-tulkarem","status":"publish","type":"post","link":"https:\/\/lasentinelle.dz\/index.php\/2023\/08\/27\/cisjordanie-occupee-cinq-palestiniens-blesses-par-les-forces-doccupation-a-tulkarem\/","title":{"rendered":"Cisjordanie occup\u00e9e\u00a0: Cinq Palestiniens bless\u00e9s par les forces d\u2019occupation \u00e0 Tulkarem"},"content":{"rendered":"\n<p>Cinq Palestiniens ont \u00e9t\u00e9 bless\u00e9s, dimanche, lors d\u2019une nouvelle agression des forces d\u2019occupation sionistes contre le camp de r\u00e9fugi\u00e9s de Tulkarem, dans le nord de la Cisjordanie occup\u00e9e, rapporte l\u2019agence palestinienne de presse, Wafa, citant des sources locales. Selon les m\u00eames sources, les soldats d\u2019occupation ont tir\u00e9 sur les Palestiniens, blessant cinq jeunes par des \u00e9clats de balles r\u00e9elles. Ils ont \u00e9t\u00e9 \u00e9vacu\u00e9s vers un h\u00f4pital et leur \u00e9tat a \u00e9t\u00e9 qualifi\u00e9 de stable. Fin juillet dernier, 13 Palestiniens avaient \u00e9t\u00e9 bless\u00e9s par des soldats sionistes, lors d\u2019une incursion dans le camp de r\u00e9fugi\u00e9s de Nur Shams dans la ville de Tulkarem. Les agressions des soldats et colons sionistes contre les villes et villages palestiniens sont devenues quasi quotidiennes, s\u2019en prenant aussi bien aux agriculteurs qu\u2019aux bergers et enfants innocents.<\/p>\n\n\n\n<p>Notons par ailleurs que le Bureau des Nations unies pour la coordination des affaires humanitaires (OCHA) a averti que les besoins humanitaires en Cisjordanie occup\u00e9e sont exacerb\u00e9s par les restrictions de mouvement des Palestiniens. Lors d&rsquo;une conf\u00e9rence de presse tenue vendredi \u00e0 New York, Florencia Soto, du bureau du porte-parole de l&rsquo;ONU, a d\u00e9clar\u00e9 que les autorit\u00e9s d&rsquo;occupation sionistes sont tenues, en vertu du droit international, de \u00ab\u00a0faciliter la libert\u00e9 de mouvement des Palestiniens \u00e0 l&rsquo;int\u00e9rieur du territoire palestinien occup\u00e9, y compris El Qods-Est\u00a0\u00bb.L&rsquo;OCHA a identifi\u00e9 645 obstacles restreignant les d\u00e9placements \u00e0 travers la Cisjordanie, ce qui repr\u00e9sente une augmentation de 8% par rapport \u00e0 la derni\u00e8re enqu\u00eate men\u00e9e en 2020. Ces obstacles compromettent l&rsquo;acc\u00e8s des Palestiniens aux moyens de subsistance et aux services de base, tels que les soins de sant\u00e9 et l&rsquo;\u00e9ducation, selon l&rsquo;OCHA. Il convient de noter que tous les obstacles sont dress\u00e9s \u00e0 l\u2019int\u00e9rieur du territoire palestinien occup\u00e9.<\/p>\n\n\n\n<p>R.I.<\/p>\n","protected":false},"excerpt":{"rendered":"<p>Cinq Palestiniens ont \u00e9t\u00e9 bless\u00e9s, dimanche, lors d\u2019une nouvelle agression des forces d\u2019occupation sionistes contre le camp de r\u00e9fugi\u00e9s de<\/p>\n","protected":false},"author":3,"featured_media":40671,"comment_status":"open","ping_status":"closed","sticky":false,"template":"","format":"standard","meta":{"colormag_page_container_layout":"default_layout","colormag_page_sidebar_layout":"default_layout","om_disable_all_campaigns":false,"_monsterinsights_skip_tracking":false,"_monsterinsights_sitenote_active":false,"_monsterinsights_sitenote_note":"","_monsterinsights_sitenote_category":0,"footnotes":"","_wpscppro_dont_share_socialmedia":false,"_wpscppro_custom_social_share_image":0,"_facebook_share_type":"","_twitter_share_type":"","_linkedin_share_type":"","_pinterest_share_type":"","_linkedin_share_type_page":"","_instagram_share_type":"","_medium_share_type":"","_threads_share_type":"","_google_business_share_type":"","_selected_social_profile":[],"_wpsp_enable_custom_social_template":false,"_wpsp_social_scheduling":{"enabled":false,"datetime":null,"platforms":[],"status":"template_only","dateOption":"today","timeOption":"now","customDays":"","customHours":"","customDate":"","customTime":"","schedulingType":"absolute"},"_wpsp_active_default_template":true},"categories":[37],"tags":[],"class_list":["post-44976","post","type-post","status-publish","format-standard","has-post-thumbnail","hentry","category-monde"],"aioseo_notices":[],"yoast_head":"<!-- This site is optimized with the Yoast SEO plugin v27.4 - https:\/\/yoast.com\/product\/yoast-seo-wordpress\/ -->\n<title>Cisjordanie occup\u00e9e\u00a0: Cinq Palestiniens bless\u00e9s par les forces d\u2019occupation \u00e0 Tulkarem - La Sentinelle<\/title>\n<meta name=\"robots\" content=\"index, follow, max-snippet:-1, max-image-preview:large, max-video-preview:-1\" \/>\n<link rel=\"canonical\" href=\"https:\/\/lasentinelle.dz\/index.php\/2023\/08\/27\/cisjordanie-occupee-cinq-palestiniens-blesses-par-les-forces-doccupation-a-tulkarem\/\" \/>\n<meta property=\"og:locale\" content=\"fr_FR\" \/>\n<meta property=\"og:type\" content=\"article\" \/>\n<meta property=\"og:title\" content=\"Cisjordanie occup\u00e9e\u00a0: Cinq Palestiniens bless\u00e9s par les forces d\u2019occupation \u00e0 Tulkarem - La Sentinelle\" \/>\n<meta property=\"og:description\" content=\"Cinq Palestiniens ont \u00e9t\u00e9 bless\u00e9s, dimanche, lors d\u2019une nouvelle agression des forces d\u2019occupation sionistes contre le camp de r\u00e9fugi\u00e9s de\" \/>\n<meta property=\"og:url\" content=\"https:\/\/lasentinelle.dz\/index.php\/2023\/08\/27\/cisjordanie-occupee-cinq-palestiniens-blesses-par-les-forces-doccupation-a-tulkarem\/\" \/>\n<meta property=\"og:site_name\" content=\"La Sentinelle\" \/>\n<meta property=\"article:publisher\" content=\"https:\/\/www.facebook.com\/La-Sentinelle-104059864394773\" \/>\n<meta property=\"article:published_time\" content=\"2023-08-27T18:53:00+00:00\" \/>\n<meta property=\"article:modified_time\" content=\"2023-08-27T19:06:18+00:00\" \/>\n<meta property=\"og:image\" content=\"https:\/\/lasentinelle.dz\/wp-content\/uploads\/2023\/05\/palestine.png\" \/>\n\t<meta property=\"og:image:width\" content=\"1095\" \/>\n\t<meta property=\"og:image:height\" content=\"900\" \/>\n\t<meta property=\"og:image:type\" content=\"image\/png\" \/>\n<meta name=\"author\" content=\"La Sentinelle\" \/>\n<meta name=\"twitter:card\" content=\"summary_large_image\" \/>\n<meta name=\"twitter:label1\" content=\"\u00c9crit par\" \/>\n\t<meta name=\"twitter:data1\" content=\"La Sentinelle\" \/>\n\t<meta name=\"twitter:label2\" content=\"Dur\u00e9e de lecture estim\u00e9e\" \/>\n\t<meta name=\"twitter:data2\" content=\"2 minutes\" \/>\n<script type=\"application\/ld+json\" class=\"yoast-schema-graph\">{\"@context\":\"https:\\\/\\\/schema.org\",\"@graph\":[{\"@type\":\"Article\",\"@id\":\"https:\\\/\\\/lasentinelle.dz\\\/index.php\\\/2023\\\/08\\\/27\\\/cisjordanie-occupee-cinq-palestiniens-blesses-par-les-forces-doccupation-a-tulkarem\\\/#article\",\"isPartOf\":{\"@id\":\"https:\\\/\\\/lasentinelle.dz\\\/index.php\\\/2023\\\/08\\\/27\\\/cisjordanie-occupee-cinq-palestiniens-blesses-par-les-forces-doccupation-a-tulkarem\\\/\"},\"author\":{\"name\":\"La Sentinelle\",\"@id\":\"https:\\\/\\\/lasentinelle.dz\\\/#\\\/schema\\\/person\\\/d865044e22e70a75174ce8bcad3acfb3\"},\"headline\":\"Cisjordanie occup\u00e9e\u00a0: Cinq Palestiniens bless\u00e9s par les forces d\u2019occupation \u00e0 Tulkarem\",\"datePublished\":\"2023-08-27T18:53:00+00:00\",\"dateModified\":\"2023-08-27T19:06:18+00:00\",\"mainEntityOfPage\":{\"@id\":\"https:\\\/\\\/lasentinelle.dz\\\/index.php\\\/2023\\\/08\\\/27\\\/cisjordanie-occupee-cinq-palestiniens-blesses-par-les-forces-doccupation-a-tulkarem\\\/\"},\"wordCount\":330,\"commentCount\":0,\"publisher\":{\"@id\":\"https:\\\/\\\/lasentinelle.dz\\\/#organization\"},\"image\":{\"@id\":\"https:\\\/\\\/lasentinelle.dz\\\/index.php\\\/2023\\\/08\\\/27\\\/cisjordanie-occupee-cinq-palestiniens-blesses-par-les-forces-doccupation-a-tulkarem\\\/#primaryimage\"},\"thumbnailUrl\":\"https:\\\/\\\/lasentinelle.dz\\\/wp-content\\\/uploads\\\/2023\\\/05\\\/palestine.png\",\"articleSection\":[\"Monde\"],\"inLanguage\":\"fr-FR\",\"potentialAction\":[{\"@type\":\"CommentAction\",\"name\":\"Comment\",\"target\":[\"https:\\\/\\\/lasentinelle.dz\\\/index.php\\\/2023\\\/08\\\/27\\\/cisjordanie-occupee-cinq-palestiniens-blesses-par-les-forces-doccupation-a-tulkarem\\\/#respond\"]}]},{\"@type\":\"WebPage\",\"@id\":\"https:\\\/\\\/lasentinelle.dz\\\/index.php\\\/2023\\\/08\\\/27\\\/cisjordanie-occupee-cinq-palestiniens-blesses-par-les-forces-doccupation-a-tulkarem\\\/\",\"url\":\"https:\\\/\\\/lasentinelle.dz\\\/index.php\\\/2023\\\/08\\\/27\\\/cisjordanie-occupee-cinq-palestiniens-blesses-par-les-forces-doccupation-a-tulkarem\\\/\",\"name\":\"Cisjordanie occup\u00e9e\u00a0: Cinq Palestiniens bless\u00e9s par les forces d\u2019occupation \u00e0 Tulkarem - La Sentinelle\",\"isPartOf\":{\"@id\":\"https:\\\/\\\/lasentinelle.dz\\\/#website\"},\"primaryImageOfPage\":{\"@id\":\"https:\\\/\\\/lasentinelle.dz\\\/index.php\\\/2023\\\/08\\\/27\\\/cisjordanie-occupee-cinq-palestiniens-blesses-par-les-forces-doccupation-a-tulkarem\\\/#primaryimage\"},\"image\":{\"@id\":\"https:\\\/\\\/lasentinelle.dz\\\/index.php\\\/2023\\\/08\\\/27\\\/cisjordanie-occupee-cinq-palestiniens-blesses-par-les-forces-doccupation-a-tulkarem\\\/#primaryimage\"},\"thumbnailUrl\":\"https:\\\/\\\/lasentinelle.dz\\\/wp-content\\\/uploads\\\/2023\\\/05\\\/palestine.png\",\"datePublished\":\"2023-08-27T18:53:00+00:00\",\"dateModified\":\"2023-08-27T19:06:18+00:00\",\"breadcrumb\":{\"@id\":\"https:\\\/\\\/lasentinelle.dz\\\/index.php\\\/2023\\\/08\\\/27\\\/cisjordanie-occupee-cinq-palestiniens-blesses-par-les-forces-doccupation-a-tulkarem\\\/#breadcrumb\"},\"inLanguage\":\"fr-FR\",\"potentialAction\":[{\"@type\":\"ReadAction\",\"target\":[\"https:\\\/\\\/lasentinelle.dz\\\/index.php\\\/2023\\\/08\\\/27\\\/cisjordanie-occupee-cinq-palestiniens-blesses-par-les-forces-doccupation-a-tulkarem\\\/\"]}]},{\"@type\":\"ImageObject\",\"inLanguage\":\"fr-FR\",\"@id\":\"https:\\\/\\\/lasentinelle.dz\\\/index.php\\\/2023\\\/08\\\/27\\\/cisjordanie-occupee-cinq-palestiniens-blesses-par-les-forces-doccupation-a-tulkarem\\\/#primaryimage\",\"url\":\"https:\\\/\\\/lasentinelle.dz\\\/wp-content\\\/uploads\\\/2023\\\/05\\\/palestine.png\",\"contentUrl\":\"https:\\\/\\\/lasentinelle.dz\\\/wp-content\\\/uploads\\\/2023\\\/05\\\/palestine.png\",\"width\":1095,\"height\":900},{\"@type\":\"BreadcrumbList\",\"@id\":\"https:\\\/\\\/lasentinelle.dz\\\/index.php\\\/2023\\\/08\\\/27\\\/cisjordanie-occupee-cinq-palestiniens-blesses-par-les-forces-doccupation-a-tulkarem\\\/#breadcrumb\",\"itemListElement\":[{\"@type\":\"ListItem\",\"position\":1,\"name\":\"Accueil\",\"item\":\"https:\\\/\\\/lasentinelle.dz\\\/\"},{\"@type\":\"ListItem\",\"position\":2,\"name\":\"Cisjordanie occup\u00e9e\u00a0: Cinq Palestiniens bless\u00e9s par les forces d\u2019occupation \u00e0 Tulkarem\"}]},{\"@type\":\"WebSite\",\"@id\":\"https:\\\/\\\/lasentinelle.dz\\\/#website\",\"url\":\"https:\\\/\\\/lasentinelle.dz\\\/\",\"name\":\"La Sentinelle\",\"description\":\"Quotidien national d&#039;information\",\"publisher\":{\"@id\":\"https:\\\/\\\/lasentinelle.dz\\\/#organization\"},\"potentialAction\":[{\"@type\":\"SearchAction\",\"target\":{\"@type\":\"EntryPoint\",\"urlTemplate\":\"https:\\\/\\\/lasentinelle.dz\\\/?s={search_term_string}\"},\"query-input\":{\"@type\":\"PropertyValueSpecification\",\"valueRequired\":true,\"valueName\":\"search_term_string\"}}],\"inLanguage\":\"fr-FR\"},{\"@type\":\"Organization\",\"@id\":\"https:\\\/\\\/lasentinelle.dz\\\/#organization\",\"name\":\"Quotidien La Sentinelle\",\"url\":\"https:\\\/\\\/lasentinelle.dz\\\/\",\"logo\":{\"@type\":\"ImageObject\",\"inLanguage\":\"fr-FR\",\"@id\":\"https:\\\/\\\/lasentinelle.dz\\\/#\\\/schema\\\/logo\\\/image\\\/\",\"url\":\"https:\\\/\\\/lasentinelle.dz\\\/wp-content\\\/uploads\\\/2021\\\/09\\\/logo-sentinelleSLOGAN-1.png\",\"contentUrl\":\"https:\\\/\\\/lasentinelle.dz\\\/wp-content\\\/uploads\\\/2021\\\/09\\\/logo-sentinelleSLOGAN-1.png\",\"width\":615,\"height\":142,\"caption\":\"Quotidien La Sentinelle\"},\"image\":{\"@id\":\"https:\\\/\\\/lasentinelle.dz\\\/#\\\/schema\\\/logo\\\/image\\\/\"},\"sameAs\":[\"https:\\\/\\\/www.facebook.com\\\/La-Sentinelle-104059864394773\"]},{\"@type\":\"Person\",\"@id\":\"https:\\\/\\\/lasentinelle.dz\\\/#\\\/schema\\\/person\\\/d865044e22e70a75174ce8bcad3acfb3\",\"name\":\"La Sentinelle\",\"image\":{\"@type\":\"ImageObject\",\"inLanguage\":\"fr-FR\",\"@id\":\"https:\\\/\\\/secure.gravatar.com\\\/avatar\\\/57de8e5d4b15d43fb361a71fbb36338450fe67865b528a43dd10ef7c51a20392?s=96&d=mm&r=g\",\"url\":\"https:\\\/\\\/secure.gravatar.com\\\/avatar\\\/57de8e5d4b15d43fb361a71fbb36338450fe67865b528a43dd10ef7c51a20392?s=96&d=mm&r=g\",\"contentUrl\":\"https:\\\/\\\/secure.gravatar.com\\\/avatar\\\/57de8e5d4b15d43fb361a71fbb36338450fe67865b528a43dd10ef7c51a20392?s=96&d=mm&r=g\",\"caption\":\"La Sentinelle\"},\"sameAs\":[\"http:\\\/\\\/www.lasentinelle.dz\"],\"url\":\"https:\\\/\\\/lasentinelle.dz\\\/author\\\/redaction\\\/\"}]}<\/script>\n<!-- \/ Yoast SEO plugin. -->","yoast_head_json":{"title":"Cisjordanie occup\u00e9e\u00a0: Cinq Palestiniens bless\u00e9s par les forces d\u2019occupation \u00e0 Tulkarem - La Sentinelle","robots":{"index":"index","follow":"follow","max-snippet":"max-snippet:-1","max-image-preview":"max-image-preview:large","max-video-preview":"max-video-preview:-1"},"canonical":"https:\/\/lasentinelle.dz\/index.php\/2023\/08\/27\/cisjordanie-occupee-cinq-palestiniens-blesses-par-les-forces-doccupation-a-tulkarem\/","og_locale":"fr_FR","og_type":"article","og_title":"Cisjordanie occup\u00e9e\u00a0: Cinq Palestiniens bless\u00e9s par les forces d\u2019occupation \u00e0 Tulkarem - La Sentinelle","og_description":"Cinq Palestiniens ont \u00e9t\u00e9 bless\u00e9s, dimanche, lors d\u2019une nouvelle agression des forces d\u2019occupation sionistes contre le camp de r\u00e9fugi\u00e9s de","og_url":"https:\/\/lasentinelle.dz\/index.php\/2023\/08\/27\/cisjordanie-occupee-cinq-palestiniens-blesses-par-les-forces-doccupation-a-tulkarem\/","og_site_name":"La Sentinelle","article_publisher":"https:\/\/www.facebook.com\/La-Sentinelle-104059864394773","article_published_time":"2023-08-27T18:53:00+00:00","article_modified_time":"2023-08-27T19:06:18+00:00","og_image":[{"width":1095,"height":900,"url":"https:\/\/lasentinelle.dz\/wp-content\/uploads\/2023\/05\/palestine.png","type":"image\/png"}],"author":"La Sentinelle","twitter_card":"summary_large_image","twitter_misc":{"\u00c9crit par":"La Sentinelle","Dur\u00e9e de lecture estim\u00e9e":"2 minutes"},"schema":{"@context":"https:\/\/schema.org","@graph":[{"@type":"Article","@id":"https:\/\/lasentinelle.dz\/index.php\/2023\/08\/27\/cisjordanie-occupee-cinq-palestiniens-blesses-par-les-forces-doccupation-a-tulkarem\/#article","isPartOf":{"@id":"https:\/\/lasentinelle.dz\/index.php\/2023\/08\/27\/cisjordanie-occupee-cinq-palestiniens-blesses-par-les-forces-doccupation-a-tulkarem\/"},"author":{"name":"La Sentinelle","@id":"https:\/\/lasentinelle.dz\/#\/schema\/person\/d865044e22e70a75174ce8bcad3acfb3"},"headline":"Cisjordanie occup\u00e9e\u00a0: Cinq Palestiniens bless\u00e9s par les forces d\u2019occupation \u00e0 Tulkarem","datePublished":"2023-08-27T18:53:00+00:00","dateModified":"2023-08-27T19:06:18+00:00","mainEntityOfPage":{"@id":"https:\/\/lasentinelle.dz\/index.php\/2023\/08\/27\/cisjordanie-occupee-cinq-palestiniens-blesses-par-les-forces-doccupation-a-tulkarem\/"},"wordCount":330,"commentCount":0,"publisher":{"@id":"https:\/\/lasentinelle.dz\/#organization"},"image":{"@id":"https:\/\/lasentinelle.dz\/index.php\/2023\/08\/27\/cisjordanie-occupee-cinq-palestiniens-blesses-par-les-forces-doccupation-a-tulkarem\/#primaryimage"},"thumbnailUrl":"https:\/\/lasentinelle.dz\/wp-content\/uploads\/2023\/05\/palestine.png","articleSection":["Monde"],"inLanguage":"fr-FR","potentialAction":[{"@type":"CommentAction","name":"Comment","target":["https:\/\/lasentinelle.dz\/index.php\/2023\/08\/27\/cisjordanie-occupee-cinq-palestiniens-blesses-par-les-forces-doccupation-a-tulkarem\/#respond"]}]},{"@type":"WebPage","@id":"https:\/\/lasentinelle.dz\/index.php\/2023\/08\/27\/cisjordanie-occupee-cinq-palestiniens-blesses-par-les-forces-doccupation-a-tulkarem\/","url":"https:\/\/lasentinelle.dz\/index.php\/2023\/08\/27\/cisjordanie-occupee-cinq-palestiniens-blesses-par-les-forces-doccupation-a-tulkarem\/","name":"Cisjordanie occup\u00e9e\u00a0: Cinq Palestiniens bless\u00e9s par les forces d\u2019occupation \u00e0 Tulkarem - La Sentinelle","isPartOf":{"@id":"https:\/\/lasentinelle.dz\/#website"},"primaryImageOfPage":{"@id":"https:\/\/lasentinelle.dz\/index.php\/2023\/08\/27\/cisjordanie-occupee-cinq-palestiniens-blesses-par-les-forces-doccupation-a-tulkarem\/#primaryimage"},"image":{"@id":"https:\/\/lasentinelle.dz\/index.php\/2023\/08\/27\/cisjordanie-occupee-cinq-palestiniens-blesses-par-les-forces-doccupation-a-tulkarem\/#primaryimage"},"thumbnailUrl":"https:\/\/lasentinelle.dz\/wp-content\/uploads\/2023\/05\/palestine.png","datePublished":"2023-08-27T18:53:00+00:00","dateModified":"2023-08-27T19:06:18+00:00","breadcrumb":{"@id":"https:\/\/lasentinelle.dz\/index.php\/2023\/08\/27\/cisjordanie-occupee-cinq-palestiniens-blesses-par-les-forces-doccupation-a-tulkarem\/#breadcrumb"},"inLanguage":"fr-FR","potentialAction":[{"@type":"ReadAction","target":["https:\/\/lasentinelle.dz\/index.php\/2023\/08\/27\/cisjordanie-occupee-cinq-palestiniens-blesses-par-les-forces-doccupation-a-tulkarem\/"]}]},{"@type":"ImageObject","inLanguage":"fr-FR","@id":"https:\/\/lasentinelle.dz\/index.php\/2023\/08\/27\/cisjordanie-occupee-cinq-palestiniens-blesses-par-les-forces-doccupation-a-tulkarem\/#primaryimage","url":"https:\/\/lasentinelle.dz\/wp-content\/uploads\/2023\/05\/palestine.png","contentUrl":"https:\/\/lasentinelle.dz\/wp-content\/uploads\/2023\/05\/palestine.png","width":1095,"height":900},{"@type":"BreadcrumbList","@id":"https:\/\/lasentinelle.dz\/index.php\/2023\/08\/27\/cisjordanie-occupee-cinq-palestiniens-blesses-par-les-forces-doccupation-a-tulkarem\/#breadcrumb","itemListElement":[{"@type":"ListItem","position":1,"name":"Accueil","item":"https:\/\/lasentinelle.dz\/"},{"@type":"ListItem","position":2,"name":"Cisjordanie occup\u00e9e\u00a0: Cinq Palestiniens bless\u00e9s par les forces d\u2019occupation \u00e0 Tulkarem"}]},{"@type":"WebSite","@id":"https:\/\/lasentinelle.dz\/#website","url":"https:\/\/lasentinelle.dz\/","name":"La Sentinelle","description":"Quotidien national d&#039;information","publisher":{"@id":"https:\/\/lasentinelle.dz\/#organization"},"potentialAction":[{"@type":"SearchAction","target":{"@type":"EntryPoint","urlTemplate":"https:\/\/lasentinelle.dz\/?s={search_term_string}"},"query-input":{"@type":"PropertyValueSpecification","valueRequired":true,"valueName":"search_term_string"}}],"inLanguage":"fr-FR"},{"@type":"Organization","@id":"https:\/\/lasentinelle.dz\/#organization","name":"Quotidien La Sentinelle","url":"https:\/\/lasentinelle.dz\/","logo":{"@type":"ImageObject","inLanguage":"fr-FR","@id":"https:\/\/lasentinelle.dz\/#\/schema\/logo\/image\/","url":"https:\/\/lasentinelle.dz\/wp-content\/uploads\/2021\/09\/logo-sentinelleSLOGAN-1.png","contentUrl":"https:\/\/lasentinelle.dz\/wp-content\/uploads\/2021\/09\/logo-sentinelleSLOGAN-1.png","width":615,"height":142,"caption":"Quotidien La Sentinelle"},"image":{"@id":"https:\/\/lasentinelle.dz\/#\/schema\/logo\/image\/"},"sameAs":["https:\/\/www.facebook.com\/La-Sentinelle-104059864394773"]},{"@type":"Person","@id":"https:\/\/lasentinelle.dz\/#\/schema\/person\/d865044e22e70a75174ce8bcad3acfb3","name":"La Sentinelle","image":{"@type":"ImageObject","inLanguage":"fr-FR","@id":"https:\/\/secure.gravatar.com\/avatar\/57de8e5d4b15d43fb361a71fbb36338450fe67865b528a43dd10ef7c51a20392?s=96&d=mm&r=g","url":"https:\/\/secure.gravatar.com\/avatar\/57de8e5d4b15d43fb361a71fbb36338450fe67865b528a43dd10ef7c51a20392?s=96&d=mm&r=g","contentUrl":"https:\/\/secure.gravatar.com\/avatar\/57de8e5d4b15d43fb361a71fbb36338450fe67865b528a43dd10ef7c51a20392?s=96&d=mm&r=g","caption":"La Sentinelle"},"sameAs":["http:\/\/www.lasentinelle.dz"],"url":"https:\/\/lasentinelle.dz\/author\/redaction\/"}]}},"_links":{"self":[{"href":"https:\/\/lasentinelle.dz\/index.php\/wp-json\/wp\/v2\/posts\/44976","targetHints":{"allow":["GET"]}}],"collection":[{"href":"https:\/\/lasentinelle.dz\/index.php\/wp-json\/wp\/v2\/posts"}],"about":[{"href":"https:\/\/lasentinelle.dz\/index.php\/wp-json\/wp\/v2\/types\/post"}],"author":[{"embeddable":true,"href":"https:\/\/lasentinelle.dz\/index.php\/wp-json\/wp\/v2\/users\/3"}],"replies":[{"embeddable":true,"href":"https:\/\/lasentinelle.dz\/index.php\/wp-json\/wp\/v2\/comments?post=44976"}],"version-history":[{"count":1,"href":"https:\/\/lasentinelle.dz\/index.php\/wp-json\/wp\/v2\/posts\/44976\/revisions"}],"predecessor-version":[{"id":44977,"href":"https:\/\/lasentinelle.dz\/index.php\/wp-json\/wp\/v2\/posts\/44976\/revisions\/44977"}],"wp:featuredmedia":[{"embeddable":true,"href":"https:\/\/lasentinelle.dz\/index.php\/wp-json\/wp\/v2\/media\/40671"}],"wp:attachment":[{"href":"https:\/\/lasentinelle.dz\/index.php\/wp-json\/wp\/v2\/media?parent=44976"}],"wp:term":[{"taxonomy":"category","embeddable":true,"href":"https:\/\/lasentinelle.dz\/index.php\/wp-json\/wp\/v2\/categories?post=44976"},{"taxonomy":"post_tag","embeddable":true,"href":"https:\/\/lasentinelle.dz\/index.php\/wp-json\/wp\/v2\/tags?post=44976"}],"curies":[{"name":"wp","href":"https:\/\/api.w.org\/{rel}","templated":true}]}}