{"id":44978,"date":"2023-08-27T20:00:00","date_gmt":"2023-08-27T19:00:00","guid":{"rendered":"https:\/\/lasentinelle.dz\/?p=44978"},"modified":"2023-08-27T20:09:22","modified_gmt":"2023-08-27T19:09:22","slug":"russie-moscou-confirme-la-mort-de-prigojine","status":"publish","type":"post","link":"https:\/\/lasentinelle.dz\/index.php\/2023\/08\/27\/russie-moscou-confirme-la-mort-de-prigojine\/","title":{"rendered":"Russie\u00a0: Moscou confirme la mort de Prigojine"},"content":{"rendered":"\n<p>La Russie a confirm\u00e9 dimanche, \u00ab\u00a0\u00e0 l&rsquo;issue d&rsquo;expertises g\u00e9n\u00e9tiques\u00a0\u00bb, la mort du patron du groupe paramilitaire russe Wagner, Evgu\u00e9ni Prigojine, dont l&rsquo;avion s&rsquo;est \u00e9cras\u00e9 mercredi en faisant na\u00eetre \u00e0 l&rsquo;\u00e9tranger des soup\u00e7ons d&rsquo;un assassinat. Le jet priv\u00e9 transportant Prigojine et sa garde rapproch\u00e9e s&rsquo;est \u00e9cras\u00e9 mercredi en fin d&rsquo;apr\u00e8s-midi dans la r\u00e9gion de Tver, au nord-ouest de Moscou, faisant dix morts. A l&rsquo;issue des \u00ab\u00a0expertises g\u00e9n\u00e9tiques mol\u00e9culaires\u00a0\u00bb qui ont pris plusieurs jours, il a \u00e9t\u00e9 \u00e9tabli que les identit\u00e9s des dix victimes \u00ab\u00a0correspondent \u00e0 la liste\u00a0\u00bb des passagers et des membres d&rsquo;\u00e9quipage de l&rsquo;avion, a annonc\u00e9 dimanche le Comit\u00e9 d&rsquo;enqu\u00eate russe dans un communiqu\u00e9. Evgu\u00e9ni Prigojine et son bras droit, Dmitri Outkine, ex-officier d&rsquo;une unit\u00e9 sp\u00e9ciale du renseignement militaire et commandant op\u00e9rationnel de Wagner, figuraient sur cette liste.&nbsp; Les enqu\u00eateurs n&rsquo;ont rien dit pour l&rsquo;heure des pistes examin\u00e9es, n&rsquo;\u00e9voquant ni la th\u00e8se de l&rsquo;accident, ni celle d&rsquo;une bombe, d&rsquo;un missile sol-air ou d&rsquo;une erreur de pilotage. Les Occidentaux ont point\u00e9 du doigt le chef de l&rsquo;Etat russe, deux mois apr\u00e8s la r\u00e9bellion avort\u00e9e du patron de Wagner, mais sans fournir de preuves \u00e0 ce stade. Pour sa part, le Kremlin a d\u00e9menti avoir ordonn\u00e9 d&rsquo;assassiner Evgu\u00e9ni Prigojine, qualifiant de \u00ab\u00a0sp\u00e9culations\u00a0\u00bb ces insinuations. Evoquant l&rsquo;enqu\u00eate, Vladimir Poutine a promis lui jeudi qu&rsquo;elle serait men\u00e9e \u00ab\u00a0dans son int\u00e9gralit\u00e9\u00a0\u00bb et qu&rsquo;elle aboutirait \u00e0 une conclusion.<\/p>\n\n\n\n<p>R.I. avec agences<\/p>\n","protected":false},"excerpt":{"rendered":"<p>La Russie a confirm\u00e9 dimanche, \u00ab\u00a0\u00e0 l&rsquo;issue d&rsquo;expertises g\u00e9n\u00e9tiques\u00a0\u00bb, la mort du patron du groupe paramilitaire russe Wagner, Evgu\u00e9ni Prigojine,<\/p>\n","protected":false},"author":3,"featured_media":44979,"comment_status":"open","ping_status":"closed","sticky":false,"template":"","format":"standard","meta":{"colormag_page_container_layout":"default_layout","colormag_page_sidebar_layout":"default_layout","om_disable_all_campaigns":false,"_monsterinsights_skip_tracking":false,"_monsterinsights_sitenote_active":false,"_monsterinsights_sitenote_note":"","_monsterinsights_sitenote_category":0,"footnotes":"","_wpscppro_dont_share_socialmedia":false,"_wpscppro_custom_social_share_image":0,"_facebook_share_type":"","_twitter_share_type":"","_linkedin_share_type":"","_pinterest_share_type":"","_linkedin_share_type_page":"","_instagram_share_type":"","_medium_share_type":"","_threads_share_type":"","_google_business_share_type":"","_selected_social_profile":[],"_wpsp_enable_custom_social_template":false,"_wpsp_social_scheduling":{"enabled":false,"datetime":null,"platforms":[],"status":"template_only","dateOption":"today","timeOption":"now","customDays":"","customHours":"","customDate":"","customTime":"","schedulingType":"absolute"},"_wpsp_active_default_template":true},"categories":[37],"tags":[],"class_list":["post-44978","post","type-post","status-publish","format-standard","has-post-thumbnail","hentry","category-monde"],"aioseo_notices":[],"yoast_head":"<!-- This site is optimized with the Yoast SEO plugin v27.4 - https:\/\/yoast.com\/product\/yoast-seo-wordpress\/ -->\n<title>Russie\u00a0: Moscou confirme la mort de Prigojine - La Sentinelle<\/title>\n<meta name=\"robots\" content=\"index, follow, max-snippet:-1, max-image-preview:large, max-video-preview:-1\" \/>\n<link rel=\"canonical\" href=\"https:\/\/lasentinelle.dz\/index.php\/2023\/08\/27\/russie-moscou-confirme-la-mort-de-prigojine\/\" \/>\n<meta property=\"og:locale\" content=\"fr_FR\" \/>\n<meta property=\"og:type\" content=\"article\" \/>\n<meta property=\"og:title\" content=\"Russie\u00a0: Moscou confirme la mort de Prigojine - La Sentinelle\" \/>\n<meta property=\"og:description\" content=\"La Russie a confirm\u00e9 dimanche, \u00ab\u00a0\u00e0 l&rsquo;issue d&rsquo;expertises g\u00e9n\u00e9tiques\u00a0\u00bb, la mort du patron du groupe paramilitaire russe Wagner, Evgu\u00e9ni Prigojine,\" \/>\n<meta property=\"og:url\" content=\"https:\/\/lasentinelle.dz\/index.php\/2023\/08\/27\/russie-moscou-confirme-la-mort-de-prigojine\/\" \/>\n<meta property=\"og:site_name\" content=\"La Sentinelle\" \/>\n<meta property=\"article:publisher\" content=\"https:\/\/www.facebook.com\/La-Sentinelle-104059864394773\" \/>\n<meta property=\"article:published_time\" content=\"2023-08-27T19:00:00+00:00\" \/>\n<meta property=\"article:modified_time\" content=\"2023-08-27T19:09:22+00:00\" \/>\n<meta property=\"og:image\" content=\"https:\/\/lasentinelle.dz\/wp-content\/uploads\/2023\/08\/prigojine.jpeg\" \/>\n\t<meta property=\"og:image:width\" content=\"225\" \/>\n\t<meta property=\"og:image:height\" content=\"225\" \/>\n\t<meta property=\"og:image:type\" content=\"image\/jpeg\" \/>\n<meta name=\"author\" content=\"La Sentinelle\" \/>\n<meta name=\"twitter:card\" content=\"summary_large_image\" \/>\n<meta name=\"twitter:label1\" content=\"\u00c9crit par\" \/>\n\t<meta name=\"twitter:data1\" content=\"La Sentinelle\" \/>\n\t<meta name=\"twitter:label2\" content=\"Dur\u00e9e de lecture estim\u00e9e\" \/>\n\t<meta name=\"twitter:data2\" content=\"2 minutes\" \/>\n<script type=\"application\/ld+json\" class=\"yoast-schema-graph\">{\"@context\":\"https:\\\/\\\/schema.org\",\"@graph\":[{\"@type\":\"Article\",\"@id\":\"https:\\\/\\\/lasentinelle.dz\\\/index.php\\\/2023\\\/08\\\/27\\\/russie-moscou-confirme-la-mort-de-prigojine\\\/#article\",\"isPartOf\":{\"@id\":\"https:\\\/\\\/lasentinelle.dz\\\/index.php\\\/2023\\\/08\\\/27\\\/russie-moscou-confirme-la-mort-de-prigojine\\\/\"},\"author\":{\"name\":\"La Sentinelle\",\"@id\":\"https:\\\/\\\/lasentinelle.dz\\\/#\\\/schema\\\/person\\\/d865044e22e70a75174ce8bcad3acfb3\"},\"headline\":\"Russie\u00a0: Moscou confirme la mort de Prigojine\",\"datePublished\":\"2023-08-27T19:00:00+00:00\",\"dateModified\":\"2023-08-27T19:09:22+00:00\",\"mainEntityOfPage\":{\"@id\":\"https:\\\/\\\/lasentinelle.dz\\\/index.php\\\/2023\\\/08\\\/27\\\/russie-moscou-confirme-la-mort-de-prigojine\\\/\"},\"wordCount\":282,\"commentCount\":0,\"publisher\":{\"@id\":\"https:\\\/\\\/lasentinelle.dz\\\/#organization\"},\"image\":{\"@id\":\"https:\\\/\\\/lasentinelle.dz\\\/index.php\\\/2023\\\/08\\\/27\\\/russie-moscou-confirme-la-mort-de-prigojine\\\/#primaryimage\"},\"thumbnailUrl\":\"https:\\\/\\\/lasentinelle.dz\\\/wp-content\\\/uploads\\\/2023\\\/08\\\/prigojine.jpeg\",\"articleSection\":[\"Monde\"],\"inLanguage\":\"fr-FR\",\"potentialAction\":[{\"@type\":\"CommentAction\",\"name\":\"Comment\",\"target\":[\"https:\\\/\\\/lasentinelle.dz\\\/index.php\\\/2023\\\/08\\\/27\\\/russie-moscou-confirme-la-mort-de-prigojine\\\/#respond\"]}]},{\"@type\":\"WebPage\",\"@id\":\"https:\\\/\\\/lasentinelle.dz\\\/index.php\\\/2023\\\/08\\\/27\\\/russie-moscou-confirme-la-mort-de-prigojine\\\/\",\"url\":\"https:\\\/\\\/lasentinelle.dz\\\/index.php\\\/2023\\\/08\\\/27\\\/russie-moscou-confirme-la-mort-de-prigojine\\\/\",\"name\":\"Russie\u00a0: Moscou confirme la mort de Prigojine - La Sentinelle\",\"isPartOf\":{\"@id\":\"https:\\\/\\\/lasentinelle.dz\\\/#website\"},\"primaryImageOfPage\":{\"@id\":\"https:\\\/\\\/lasentinelle.dz\\\/index.php\\\/2023\\\/08\\\/27\\\/russie-moscou-confirme-la-mort-de-prigojine\\\/#primaryimage\"},\"image\":{\"@id\":\"https:\\\/\\\/lasentinelle.dz\\\/index.php\\\/2023\\\/08\\\/27\\\/russie-moscou-confirme-la-mort-de-prigojine\\\/#primaryimage\"},\"thumbnailUrl\":\"https:\\\/\\\/lasentinelle.dz\\\/wp-content\\\/uploads\\\/2023\\\/08\\\/prigojine.jpeg\",\"datePublished\":\"2023-08-27T19:00:00+00:00\",\"dateModified\":\"2023-08-27T19:09:22+00:00\",\"breadcrumb\":{\"@id\":\"https:\\\/\\\/lasentinelle.dz\\\/index.php\\\/2023\\\/08\\\/27\\\/russie-moscou-confirme-la-mort-de-prigojine\\\/#breadcrumb\"},\"inLanguage\":\"fr-FR\",\"potentialAction\":[{\"@type\":\"ReadAction\",\"target\":[\"https:\\\/\\\/lasentinelle.dz\\\/index.php\\\/2023\\\/08\\\/27\\\/russie-moscou-confirme-la-mort-de-prigojine\\\/\"]}]},{\"@type\":\"ImageObject\",\"inLanguage\":\"fr-FR\",\"@id\":\"https:\\\/\\\/lasentinelle.dz\\\/index.php\\\/2023\\\/08\\\/27\\\/russie-moscou-confirme-la-mort-de-prigojine\\\/#primaryimage\",\"url\":\"https:\\\/\\\/lasentinelle.dz\\\/wp-content\\\/uploads\\\/2023\\\/08\\\/prigojine.jpeg\",\"contentUrl\":\"https:\\\/\\\/lasentinelle.dz\\\/wp-content\\\/uploads\\\/2023\\\/08\\\/prigojine.jpeg\",\"width\":225,\"height\":225},{\"@type\":\"BreadcrumbList\",\"@id\":\"https:\\\/\\\/lasentinelle.dz\\\/index.php\\\/2023\\\/08\\\/27\\\/russie-moscou-confirme-la-mort-de-prigojine\\\/#breadcrumb\",\"itemListElement\":[{\"@type\":\"ListItem\",\"position\":1,\"name\":\"Accueil\",\"item\":\"https:\\\/\\\/lasentinelle.dz\\\/\"},{\"@type\":\"ListItem\",\"position\":2,\"name\":\"Russie\u00a0: Moscou confirme la mort de Prigojine\"}]},{\"@type\":\"WebSite\",\"@id\":\"https:\\\/\\\/lasentinelle.dz\\\/#website\",\"url\":\"https:\\\/\\\/lasentinelle.dz\\\/\",\"name\":\"La Sentinelle\",\"description\":\"Quotidien national d&#039;information\",\"publisher\":{\"@id\":\"https:\\\/\\\/lasentinelle.dz\\\/#organization\"},\"potentialAction\":[{\"@type\":\"SearchAction\",\"target\":{\"@type\":\"EntryPoint\",\"urlTemplate\":\"https:\\\/\\\/lasentinelle.dz\\\/?s={search_term_string}\"},\"query-input\":{\"@type\":\"PropertyValueSpecification\",\"valueRequired\":true,\"valueName\":\"search_term_string\"}}],\"inLanguage\":\"fr-FR\"},{\"@type\":\"Organization\",\"@id\":\"https:\\\/\\\/lasentinelle.dz\\\/#organization\",\"name\":\"Quotidien La Sentinelle\",\"url\":\"https:\\\/\\\/lasentinelle.dz\\\/\",\"logo\":{\"@type\":\"ImageObject\",\"inLanguage\":\"fr-FR\",\"@id\":\"https:\\\/\\\/lasentinelle.dz\\\/#\\\/schema\\\/logo\\\/image\\\/\",\"url\":\"https:\\\/\\\/lasentinelle.dz\\\/wp-content\\\/uploads\\\/2021\\\/09\\\/logo-sentinelleSLOGAN-1.png\",\"contentUrl\":\"https:\\\/\\\/lasentinelle.dz\\\/wp-content\\\/uploads\\\/2021\\\/09\\\/logo-sentinelleSLOGAN-1.png\",\"width\":615,\"height\":142,\"caption\":\"Quotidien La Sentinelle\"},\"image\":{\"@id\":\"https:\\\/\\\/lasentinelle.dz\\\/#\\\/schema\\\/logo\\\/image\\\/\"},\"sameAs\":[\"https:\\\/\\\/www.facebook.com\\\/La-Sentinelle-104059864394773\"]},{\"@type\":\"Person\",\"@id\":\"https:\\\/\\\/lasentinelle.dz\\\/#\\\/schema\\\/person\\\/d865044e22e70a75174ce8bcad3acfb3\",\"name\":\"La Sentinelle\",\"image\":{\"@type\":\"ImageObject\",\"inLanguage\":\"fr-FR\",\"@id\":\"https:\\\/\\\/secure.gravatar.com\\\/avatar\\\/57de8e5d4b15d43fb361a71fbb36338450fe67865b528a43dd10ef7c51a20392?s=96&d=mm&r=g\",\"url\":\"https:\\\/\\\/secure.gravatar.com\\\/avatar\\\/57de8e5d4b15d43fb361a71fbb36338450fe67865b528a43dd10ef7c51a20392?s=96&d=mm&r=g\",\"contentUrl\":\"https:\\\/\\\/secure.gravatar.com\\\/avatar\\\/57de8e5d4b15d43fb361a71fbb36338450fe67865b528a43dd10ef7c51a20392?s=96&d=mm&r=g\",\"caption\":\"La Sentinelle\"},\"sameAs\":[\"http:\\\/\\\/www.lasentinelle.dz\"],\"url\":\"https:\\\/\\\/lasentinelle.dz\\\/author\\\/redaction\\\/\"}]}<\/script>\n<!-- \/ Yoast SEO plugin. -->","yoast_head_json":{"title":"Russie\u00a0: Moscou confirme la mort de Prigojine - La Sentinelle","robots":{"index":"index","follow":"follow","max-snippet":"max-snippet:-1","max-image-preview":"max-image-preview:large","max-video-preview":"max-video-preview:-1"},"canonical":"https:\/\/lasentinelle.dz\/index.php\/2023\/08\/27\/russie-moscou-confirme-la-mort-de-prigojine\/","og_locale":"fr_FR","og_type":"article","og_title":"Russie\u00a0: Moscou confirme la mort de Prigojine - La Sentinelle","og_description":"La Russie a confirm\u00e9 dimanche, \u00ab\u00a0\u00e0 l&rsquo;issue d&rsquo;expertises g\u00e9n\u00e9tiques\u00a0\u00bb, la mort du patron du groupe paramilitaire russe Wagner, Evgu\u00e9ni Prigojine,","og_url":"https:\/\/lasentinelle.dz\/index.php\/2023\/08\/27\/russie-moscou-confirme-la-mort-de-prigojine\/","og_site_name":"La Sentinelle","article_publisher":"https:\/\/www.facebook.com\/La-Sentinelle-104059864394773","article_published_time":"2023-08-27T19:00:00+00:00","article_modified_time":"2023-08-27T19:09:22+00:00","og_image":[{"width":225,"height":225,"url":"https:\/\/lasentinelle.dz\/wp-content\/uploads\/2023\/08\/prigojine.jpeg","type":"image\/jpeg"}],"author":"La Sentinelle","twitter_card":"summary_large_image","twitter_misc":{"\u00c9crit par":"La Sentinelle","Dur\u00e9e de lecture estim\u00e9e":"2 minutes"},"schema":{"@context":"https:\/\/schema.org","@graph":[{"@type":"Article","@id":"https:\/\/lasentinelle.dz\/index.php\/2023\/08\/27\/russie-moscou-confirme-la-mort-de-prigojine\/#article","isPartOf":{"@id":"https:\/\/lasentinelle.dz\/index.php\/2023\/08\/27\/russie-moscou-confirme-la-mort-de-prigojine\/"},"author":{"name":"La Sentinelle","@id":"https:\/\/lasentinelle.dz\/#\/schema\/person\/d865044e22e70a75174ce8bcad3acfb3"},"headline":"Russie\u00a0: Moscou confirme la mort de Prigojine","datePublished":"2023-08-27T19:00:00+00:00","dateModified":"2023-08-27T19:09:22+00:00","mainEntityOfPage":{"@id":"https:\/\/lasentinelle.dz\/index.php\/2023\/08\/27\/russie-moscou-confirme-la-mort-de-prigojine\/"},"wordCount":282,"commentCount":0,"publisher":{"@id":"https:\/\/lasentinelle.dz\/#organization"},"image":{"@id":"https:\/\/lasentinelle.dz\/index.php\/2023\/08\/27\/russie-moscou-confirme-la-mort-de-prigojine\/#primaryimage"},"thumbnailUrl":"https:\/\/lasentinelle.dz\/wp-content\/uploads\/2023\/08\/prigojine.jpeg","articleSection":["Monde"],"inLanguage":"fr-FR","potentialAction":[{"@type":"CommentAction","name":"Comment","target":["https:\/\/lasentinelle.dz\/index.php\/2023\/08\/27\/russie-moscou-confirme-la-mort-de-prigojine\/#respond"]}]},{"@type":"WebPage","@id":"https:\/\/lasentinelle.dz\/index.php\/2023\/08\/27\/russie-moscou-confirme-la-mort-de-prigojine\/","url":"https:\/\/lasentinelle.dz\/index.php\/2023\/08\/27\/russie-moscou-confirme-la-mort-de-prigojine\/","name":"Russie\u00a0: Moscou confirme la mort de Prigojine - La Sentinelle","isPartOf":{"@id":"https:\/\/lasentinelle.dz\/#website"},"primaryImageOfPage":{"@id":"https:\/\/lasentinelle.dz\/index.php\/2023\/08\/27\/russie-moscou-confirme-la-mort-de-prigojine\/#primaryimage"},"image":{"@id":"https:\/\/lasentinelle.dz\/index.php\/2023\/08\/27\/russie-moscou-confirme-la-mort-de-prigojine\/#primaryimage"},"thumbnailUrl":"https:\/\/lasentinelle.dz\/wp-content\/uploads\/2023\/08\/prigojine.jpeg","datePublished":"2023-08-27T19:00:00+00:00","dateModified":"2023-08-27T19:09:22+00:00","breadcrumb":{"@id":"https:\/\/lasentinelle.dz\/index.php\/2023\/08\/27\/russie-moscou-confirme-la-mort-de-prigojine\/#breadcrumb"},"inLanguage":"fr-FR","potentialAction":[{"@type":"ReadAction","target":["https:\/\/lasentinelle.dz\/index.php\/2023\/08\/27\/russie-moscou-confirme-la-mort-de-prigojine\/"]}]},{"@type":"ImageObject","inLanguage":"fr-FR","@id":"https:\/\/lasentinelle.dz\/index.php\/2023\/08\/27\/russie-moscou-confirme-la-mort-de-prigojine\/#primaryimage","url":"https:\/\/lasentinelle.dz\/wp-content\/uploads\/2023\/08\/prigojine.jpeg","contentUrl":"https:\/\/lasentinelle.dz\/wp-content\/uploads\/2023\/08\/prigojine.jpeg","width":225,"height":225},{"@type":"BreadcrumbList","@id":"https:\/\/lasentinelle.dz\/index.php\/2023\/08\/27\/russie-moscou-confirme-la-mort-de-prigojine\/#breadcrumb","itemListElement":[{"@type":"ListItem","position":1,"name":"Accueil","item":"https:\/\/lasentinelle.dz\/"},{"@type":"ListItem","position":2,"name":"Russie\u00a0: Moscou confirme la mort de Prigojine"}]},{"@type":"WebSite","@id":"https:\/\/lasentinelle.dz\/#website","url":"https:\/\/lasentinelle.dz\/","name":"La Sentinelle","description":"Quotidien national d&#039;information","publisher":{"@id":"https:\/\/lasentinelle.dz\/#organization"},"potentialAction":[{"@type":"SearchAction","target":{"@type":"EntryPoint","urlTemplate":"https:\/\/lasentinelle.dz\/?s={search_term_string}"},"query-input":{"@type":"PropertyValueSpecification","valueRequired":true,"valueName":"search_term_string"}}],"inLanguage":"fr-FR"},{"@type":"Organization","@id":"https:\/\/lasentinelle.dz\/#organization","name":"Quotidien La Sentinelle","url":"https:\/\/lasentinelle.dz\/","logo":{"@type":"ImageObject","inLanguage":"fr-FR","@id":"https:\/\/lasentinelle.dz\/#\/schema\/logo\/image\/","url":"https:\/\/lasentinelle.dz\/wp-content\/uploads\/2021\/09\/logo-sentinelleSLOGAN-1.png","contentUrl":"https:\/\/lasentinelle.dz\/wp-content\/uploads\/2021\/09\/logo-sentinelleSLOGAN-1.png","width":615,"height":142,"caption":"Quotidien La Sentinelle"},"image":{"@id":"https:\/\/lasentinelle.dz\/#\/schema\/logo\/image\/"},"sameAs":["https:\/\/www.facebook.com\/La-Sentinelle-104059864394773"]},{"@type":"Person","@id":"https:\/\/lasentinelle.dz\/#\/schema\/person\/d865044e22e70a75174ce8bcad3acfb3","name":"La Sentinelle","image":{"@type":"ImageObject","inLanguage":"fr-FR","@id":"https:\/\/secure.gravatar.com\/avatar\/57de8e5d4b15d43fb361a71fbb36338450fe67865b528a43dd10ef7c51a20392?s=96&d=mm&r=g","url":"https:\/\/secure.gravatar.com\/avatar\/57de8e5d4b15d43fb361a71fbb36338450fe67865b528a43dd10ef7c51a20392?s=96&d=mm&r=g","contentUrl":"https:\/\/secure.gravatar.com\/avatar\/57de8e5d4b15d43fb361a71fbb36338450fe67865b528a43dd10ef7c51a20392?s=96&d=mm&r=g","caption":"La Sentinelle"},"sameAs":["http:\/\/www.lasentinelle.dz"],"url":"https:\/\/lasentinelle.dz\/author\/redaction\/"}]}},"_links":{"self":[{"href":"https:\/\/lasentinelle.dz\/index.php\/wp-json\/wp\/v2\/posts\/44978","targetHints":{"allow":["GET"]}}],"collection":[{"href":"https:\/\/lasentinelle.dz\/index.php\/wp-json\/wp\/v2\/posts"}],"about":[{"href":"https:\/\/lasentinelle.dz\/index.php\/wp-json\/wp\/v2\/types\/post"}],"author":[{"embeddable":true,"href":"https:\/\/lasentinelle.dz\/index.php\/wp-json\/wp\/v2\/users\/3"}],"replies":[{"embeddable":true,"href":"https:\/\/lasentinelle.dz\/index.php\/wp-json\/wp\/v2\/comments?post=44978"}],"version-history":[{"count":1,"href":"https:\/\/lasentinelle.dz\/index.php\/wp-json\/wp\/v2\/posts\/44978\/revisions"}],"predecessor-version":[{"id":44980,"href":"https:\/\/lasentinelle.dz\/index.php\/wp-json\/wp\/v2\/posts\/44978\/revisions\/44980"}],"wp:featuredmedia":[{"embeddable":true,"href":"https:\/\/lasentinelle.dz\/index.php\/wp-json\/wp\/v2\/media\/44979"}],"wp:attachment":[{"href":"https:\/\/lasentinelle.dz\/index.php\/wp-json\/wp\/v2\/media?parent=44978"}],"wp:term":[{"taxonomy":"category","embeddable":true,"href":"https:\/\/lasentinelle.dz\/index.php\/wp-json\/wp\/v2\/categories?post=44978"},{"taxonomy":"post_tag","embeddable":true,"href":"https:\/\/lasentinelle.dz\/index.php\/wp-json\/wp\/v2\/tags?post=44978"}],"curies":[{"name":"wp","href":"https:\/\/api.w.org\/{rel}","templated":true}]}}