{"id":45019,"date":"2023-08-28T20:22:29","date_gmt":"2023-08-28T19:22:29","guid":{"rendered":"https:\/\/lasentinelle.dz\/?p=45019"},"modified":"2023-08-28T20:22:31","modified_gmt":"2023-08-28T19:22:31","slug":"syrie-laeroport-dalep-hors-service-apres-un-raid-israelien","status":"publish","type":"post","link":"https:\/\/lasentinelle.dz\/index.php\/2023\/08\/28\/syrie-laeroport-dalep-hors-service-apres-un-raid-israelien\/","title":{"rendered":"Syrie\u00a0: L&rsquo;a\u00e9roport d&rsquo;Alep hors service apr\u00e8s un raid isra\u00e9lien"},"content":{"rendered":"\n<p>Un raid isra\u00e9lien a frapp\u00e9 t\u00f4t lundi matin l&rsquo;a\u00e9roport international d&rsquo;Alep (nord), deuxi\u00e8me ville de Syrie, pour la quatri\u00e8me fois depuis le d\u00e9but de l&rsquo;ann\u00e9e, le mettant hors service, selon les m\u00e9dias officiels syriens. \u00ab\u00a0Vers 04H30 (01H30 GMT), l&rsquo;ennemi isra\u00e9lien a men\u00e9 une agression a\u00e9rienne depuis la M\u00e9diterran\u00e9e, \u00e0 l&rsquo;ouest de Lattaqui\u00e9, contre l&rsquo;a\u00e9roport international d&rsquo;Alep\u00a0\u00bb, a indiqu\u00e9 l&rsquo;agence de presse officielle Sana, citant une source militaire. Le raid a provoqu\u00e9 des \u00ab\u00a0d\u00e9g\u00e2ts mat\u00e9riels sur le tarmac qui ont mis l&rsquo;a\u00e9roport hors service\u00a0\u00bb, a ajout\u00e9 l&rsquo;agence.<\/p>\n\n\n\n<p>Un responsable du minist\u00e8re syrien des Transports, Sleimane Khalil, a indiqu\u00e9 \u00e0 l&rsquo;AFP que \u00ab\u00a0le seul tarmac op\u00e9rationnel de l&rsquo;a\u00e9roport avait \u00e9t\u00e9 endommag\u00e9\u00a0\u00bb. \u00ab\u00a0Les \u00e9quipes techniques vont entamer aujourd&rsquo;hui les r\u00e9parations pour que l&rsquo;a\u00e9roport redevienne op\u00e9rationnel le plus vite possible\u00a0\u00bb, a-t-il ajout\u00e9. Les vols ont \u00e9t\u00e9 d\u00e9rout\u00e9s vers les a\u00e9roports de Damas, la capitale, et Lattaqui\u00e9 (ouest), selon lui.<\/p>\n\n\n\n<p>Depuis le d\u00e9but de la guerre en Syrie, Isra\u00ebl a men\u00e9 des centaines de frappes a\u00e9riennes sur le territoire syrien<\/p>\n\n\n\n<p>La r\u00e9gion d&rsquo;Alep et l&rsquo;a\u00e9roport ont \u00e9t\u00e9 vis\u00e9s \u00e0 plusieurs reprises par des raids isra\u00e9liens depuis le d\u00e9but de l&rsquo;ann\u00e9e. D\u00e9but mai, quatre soldats syriens avaient \u00e9t\u00e9 tu\u00e9s dans des frappes qui avaient alors cibl\u00e9 l&rsquo;a\u00e9roport d&rsquo;Alep et d&rsquo;autres objectifs, notamment un d\u00e9p\u00f4t d&rsquo;armes \u00e0 l&rsquo;a\u00e9rodrome de Nayrab, selon l&rsquo;OSDH. En mars, des frappes isra\u00e9liennes avaient mis \u00e0 deux reprises l&rsquo;a\u00e9roport d&rsquo;Alep hors service. Le 7 mars, trois personnes avaient \u00e9t\u00e9 tu\u00e9es lors d&rsquo;un raid qui avait vis\u00e9 l&rsquo;a\u00e9roport.<\/p>\n\n\n\n<p>Deux semaines plus tard, des frappes avaient cibl\u00e9 l&rsquo;a\u00e9roport, faisant quatre morts selon l&rsquo;OSDH, bas\u00e9e au Royaume-Uni et qui dispose d&rsquo;un vaste r\u00e9seau de sources en Syrie.<\/p>\n\n\n\n<p><strong>R.I. avec agences<\/strong><\/p>\n","protected":false},"excerpt":{"rendered":"<p>Un raid isra\u00e9lien a frapp\u00e9 t\u00f4t lundi matin l&rsquo;a\u00e9roport international d&rsquo;Alep (nord), deuxi\u00e8me ville de Syrie, pour la quatri\u00e8me fois<\/p>\n","protected":false},"author":3,"featured_media":45020,"comment_status":"open","ping_status":"closed","sticky":false,"template":"","format":"standard","meta":{"colormag_page_container_layout":"default_layout","colormag_page_sidebar_layout":"default_layout","om_disable_all_campaigns":false,"_monsterinsights_skip_tracking":false,"_monsterinsights_sitenote_active":false,"_monsterinsights_sitenote_note":"","_monsterinsights_sitenote_category":0,"footnotes":"","_wpscppro_dont_share_socialmedia":false,"_wpscppro_custom_social_share_image":0,"_facebook_share_type":"","_twitter_share_type":"","_linkedin_share_type":"","_pinterest_share_type":"","_linkedin_share_type_page":"","_instagram_share_type":"","_medium_share_type":"","_threads_share_type":"","_google_business_share_type":"","_selected_social_profile":[],"_wpsp_enable_custom_social_template":false,"_wpsp_social_scheduling":{"enabled":false,"datetime":null,"platforms":[],"status":"template_only","dateOption":"today","timeOption":"now","customDays":"","customHours":"","customDate":"","customTime":"","schedulingType":"absolute"},"_wpsp_active_default_template":true},"categories":[37],"tags":[],"class_list":["post-45019","post","type-post","status-publish","format-standard","has-post-thumbnail","hentry","category-monde"],"aioseo_notices":[],"yoast_head":"<!-- This site is optimized with the Yoast SEO plugin v27.4 - https:\/\/yoast.com\/product\/yoast-seo-wordpress\/ -->\n<title>Syrie\u00a0: L&rsquo;a\u00e9roport d&rsquo;Alep hors service apr\u00e8s un raid isra\u00e9lien - La Sentinelle<\/title>\n<meta name=\"robots\" content=\"index, follow, max-snippet:-1, max-image-preview:large, max-video-preview:-1\" \/>\n<link rel=\"canonical\" href=\"https:\/\/lasentinelle.dz\/index.php\/2023\/08\/28\/syrie-laeroport-dalep-hors-service-apres-un-raid-israelien\/\" \/>\n<meta property=\"og:locale\" content=\"fr_FR\" \/>\n<meta property=\"og:type\" content=\"article\" \/>\n<meta property=\"og:title\" content=\"Syrie\u00a0: L&rsquo;a\u00e9roport d&rsquo;Alep hors service apr\u00e8s un raid isra\u00e9lien - La Sentinelle\" \/>\n<meta property=\"og:description\" content=\"Un raid isra\u00e9lien a frapp\u00e9 t\u00f4t lundi matin l&rsquo;a\u00e9roport international d&rsquo;Alep (nord), deuxi\u00e8me ville de Syrie, pour la quatri\u00e8me fois\" \/>\n<meta property=\"og:url\" content=\"https:\/\/lasentinelle.dz\/index.php\/2023\/08\/28\/syrie-laeroport-dalep-hors-service-apres-un-raid-israelien\/\" \/>\n<meta property=\"og:site_name\" content=\"La Sentinelle\" \/>\n<meta property=\"article:publisher\" content=\"https:\/\/www.facebook.com\/La-Sentinelle-104059864394773\" \/>\n<meta property=\"article:published_time\" content=\"2023-08-28T19:22:29+00:00\" \/>\n<meta property=\"article:modified_time\" content=\"2023-08-28T19:22:31+00:00\" \/>\n<meta property=\"og:image\" content=\"https:\/\/lasentinelle.dz\/wp-content\/uploads\/2023\/08\/aeropot-alep.jpeg\" \/>\n\t<meta property=\"og:image:width\" content=\"660\" \/>\n\t<meta property=\"og:image:height\" content=\"287\" \/>\n\t<meta property=\"og:image:type\" content=\"image\/jpeg\" \/>\n<meta name=\"author\" content=\"La Sentinelle\" \/>\n<meta name=\"twitter:card\" content=\"summary_large_image\" \/>\n<meta name=\"twitter:label1\" content=\"\u00c9crit par\" \/>\n\t<meta name=\"twitter:data1\" content=\"La Sentinelle\" \/>\n\t<meta name=\"twitter:label2\" content=\"Dur\u00e9e de lecture estim\u00e9e\" \/>\n\t<meta name=\"twitter:data2\" content=\"2 minutes\" \/>\n<script type=\"application\/ld+json\" class=\"yoast-schema-graph\">{\"@context\":\"https:\\\/\\\/schema.org\",\"@graph\":[{\"@type\":\"Article\",\"@id\":\"https:\\\/\\\/lasentinelle.dz\\\/index.php\\\/2023\\\/08\\\/28\\\/syrie-laeroport-dalep-hors-service-apres-un-raid-israelien\\\/#article\",\"isPartOf\":{\"@id\":\"https:\\\/\\\/lasentinelle.dz\\\/index.php\\\/2023\\\/08\\\/28\\\/syrie-laeroport-dalep-hors-service-apres-un-raid-israelien\\\/\"},\"author\":{\"name\":\"La Sentinelle\",\"@id\":\"https:\\\/\\\/lasentinelle.dz\\\/#\\\/schema\\\/person\\\/d865044e22e70a75174ce8bcad3acfb3\"},\"headline\":\"Syrie\u00a0: L&rsquo;a\u00e9roport d&rsquo;Alep hors service apr\u00e8s un raid isra\u00e9lien\",\"datePublished\":\"2023-08-28T19:22:29+00:00\",\"dateModified\":\"2023-08-28T19:22:31+00:00\",\"mainEntityOfPage\":{\"@id\":\"https:\\\/\\\/lasentinelle.dz\\\/index.php\\\/2023\\\/08\\\/28\\\/syrie-laeroport-dalep-hors-service-apres-un-raid-israelien\\\/\"},\"wordCount\":363,\"commentCount\":0,\"publisher\":{\"@id\":\"https:\\\/\\\/lasentinelle.dz\\\/#organization\"},\"image\":{\"@id\":\"https:\\\/\\\/lasentinelle.dz\\\/index.php\\\/2023\\\/08\\\/28\\\/syrie-laeroport-dalep-hors-service-apres-un-raid-israelien\\\/#primaryimage\"},\"thumbnailUrl\":\"https:\\\/\\\/lasentinelle.dz\\\/wp-content\\\/uploads\\\/2023\\\/08\\\/aeropot-alep.jpeg\",\"articleSection\":[\"Monde\"],\"inLanguage\":\"fr-FR\",\"potentialAction\":[{\"@type\":\"CommentAction\",\"name\":\"Comment\",\"target\":[\"https:\\\/\\\/lasentinelle.dz\\\/index.php\\\/2023\\\/08\\\/28\\\/syrie-laeroport-dalep-hors-service-apres-un-raid-israelien\\\/#respond\"]}]},{\"@type\":\"WebPage\",\"@id\":\"https:\\\/\\\/lasentinelle.dz\\\/index.php\\\/2023\\\/08\\\/28\\\/syrie-laeroport-dalep-hors-service-apres-un-raid-israelien\\\/\",\"url\":\"https:\\\/\\\/lasentinelle.dz\\\/index.php\\\/2023\\\/08\\\/28\\\/syrie-laeroport-dalep-hors-service-apres-un-raid-israelien\\\/\",\"name\":\"Syrie\u00a0: L&rsquo;a\u00e9roport d&rsquo;Alep hors service apr\u00e8s un raid isra\u00e9lien - La Sentinelle\",\"isPartOf\":{\"@id\":\"https:\\\/\\\/lasentinelle.dz\\\/#website\"},\"primaryImageOfPage\":{\"@id\":\"https:\\\/\\\/lasentinelle.dz\\\/index.php\\\/2023\\\/08\\\/28\\\/syrie-laeroport-dalep-hors-service-apres-un-raid-israelien\\\/#primaryimage\"},\"image\":{\"@id\":\"https:\\\/\\\/lasentinelle.dz\\\/index.php\\\/2023\\\/08\\\/28\\\/syrie-laeroport-dalep-hors-service-apres-un-raid-israelien\\\/#primaryimage\"},\"thumbnailUrl\":\"https:\\\/\\\/lasentinelle.dz\\\/wp-content\\\/uploads\\\/2023\\\/08\\\/aeropot-alep.jpeg\",\"datePublished\":\"2023-08-28T19:22:29+00:00\",\"dateModified\":\"2023-08-28T19:22:31+00:00\",\"breadcrumb\":{\"@id\":\"https:\\\/\\\/lasentinelle.dz\\\/index.php\\\/2023\\\/08\\\/28\\\/syrie-laeroport-dalep-hors-service-apres-un-raid-israelien\\\/#breadcrumb\"},\"inLanguage\":\"fr-FR\",\"potentialAction\":[{\"@type\":\"ReadAction\",\"target\":[\"https:\\\/\\\/lasentinelle.dz\\\/index.php\\\/2023\\\/08\\\/28\\\/syrie-laeroport-dalep-hors-service-apres-un-raid-israelien\\\/\"]}]},{\"@type\":\"ImageObject\",\"inLanguage\":\"fr-FR\",\"@id\":\"https:\\\/\\\/lasentinelle.dz\\\/index.php\\\/2023\\\/08\\\/28\\\/syrie-laeroport-dalep-hors-service-apres-un-raid-israelien\\\/#primaryimage\",\"url\":\"https:\\\/\\\/lasentinelle.dz\\\/wp-content\\\/uploads\\\/2023\\\/08\\\/aeropot-alep.jpeg\",\"contentUrl\":\"https:\\\/\\\/lasentinelle.dz\\\/wp-content\\\/uploads\\\/2023\\\/08\\\/aeropot-alep.jpeg\",\"width\":660,\"height\":287},{\"@type\":\"BreadcrumbList\",\"@id\":\"https:\\\/\\\/lasentinelle.dz\\\/index.php\\\/2023\\\/08\\\/28\\\/syrie-laeroport-dalep-hors-service-apres-un-raid-israelien\\\/#breadcrumb\",\"itemListElement\":[{\"@type\":\"ListItem\",\"position\":1,\"name\":\"Accueil\",\"item\":\"https:\\\/\\\/lasentinelle.dz\\\/\"},{\"@type\":\"ListItem\",\"position\":2,\"name\":\"Syrie\u00a0: L&rsquo;a\u00e9roport d&rsquo;Alep hors service apr\u00e8s un raid isra\u00e9lien\"}]},{\"@type\":\"WebSite\",\"@id\":\"https:\\\/\\\/lasentinelle.dz\\\/#website\",\"url\":\"https:\\\/\\\/lasentinelle.dz\\\/\",\"name\":\"La Sentinelle\",\"description\":\"Quotidien national d&#039;information\",\"publisher\":{\"@id\":\"https:\\\/\\\/lasentinelle.dz\\\/#organization\"},\"potentialAction\":[{\"@type\":\"SearchAction\",\"target\":{\"@type\":\"EntryPoint\",\"urlTemplate\":\"https:\\\/\\\/lasentinelle.dz\\\/?s={search_term_string}\"},\"query-input\":{\"@type\":\"PropertyValueSpecification\",\"valueRequired\":true,\"valueName\":\"search_term_string\"}}],\"inLanguage\":\"fr-FR\"},{\"@type\":\"Organization\",\"@id\":\"https:\\\/\\\/lasentinelle.dz\\\/#organization\",\"name\":\"Quotidien La Sentinelle\",\"url\":\"https:\\\/\\\/lasentinelle.dz\\\/\",\"logo\":{\"@type\":\"ImageObject\",\"inLanguage\":\"fr-FR\",\"@id\":\"https:\\\/\\\/lasentinelle.dz\\\/#\\\/schema\\\/logo\\\/image\\\/\",\"url\":\"https:\\\/\\\/lasentinelle.dz\\\/wp-content\\\/uploads\\\/2021\\\/09\\\/logo-sentinelleSLOGAN-1.png\",\"contentUrl\":\"https:\\\/\\\/lasentinelle.dz\\\/wp-content\\\/uploads\\\/2021\\\/09\\\/logo-sentinelleSLOGAN-1.png\",\"width\":615,\"height\":142,\"caption\":\"Quotidien La Sentinelle\"},\"image\":{\"@id\":\"https:\\\/\\\/lasentinelle.dz\\\/#\\\/schema\\\/logo\\\/image\\\/\"},\"sameAs\":[\"https:\\\/\\\/www.facebook.com\\\/La-Sentinelle-104059864394773\"]},{\"@type\":\"Person\",\"@id\":\"https:\\\/\\\/lasentinelle.dz\\\/#\\\/schema\\\/person\\\/d865044e22e70a75174ce8bcad3acfb3\",\"name\":\"La Sentinelle\",\"image\":{\"@type\":\"ImageObject\",\"inLanguage\":\"fr-FR\",\"@id\":\"https:\\\/\\\/secure.gravatar.com\\\/avatar\\\/57de8e5d4b15d43fb361a71fbb36338450fe67865b528a43dd10ef7c51a20392?s=96&d=mm&r=g\",\"url\":\"https:\\\/\\\/secure.gravatar.com\\\/avatar\\\/57de8e5d4b15d43fb361a71fbb36338450fe67865b528a43dd10ef7c51a20392?s=96&d=mm&r=g\",\"contentUrl\":\"https:\\\/\\\/secure.gravatar.com\\\/avatar\\\/57de8e5d4b15d43fb361a71fbb36338450fe67865b528a43dd10ef7c51a20392?s=96&d=mm&r=g\",\"caption\":\"La Sentinelle\"},\"sameAs\":[\"http:\\\/\\\/www.lasentinelle.dz\"],\"url\":\"https:\\\/\\\/lasentinelle.dz\\\/author\\\/redaction\\\/\"}]}<\/script>\n<!-- \/ Yoast SEO plugin. -->","yoast_head_json":{"title":"Syrie\u00a0: L&rsquo;a\u00e9roport d&rsquo;Alep hors service apr\u00e8s un raid isra\u00e9lien - La Sentinelle","robots":{"index":"index","follow":"follow","max-snippet":"max-snippet:-1","max-image-preview":"max-image-preview:large","max-video-preview":"max-video-preview:-1"},"canonical":"https:\/\/lasentinelle.dz\/index.php\/2023\/08\/28\/syrie-laeroport-dalep-hors-service-apres-un-raid-israelien\/","og_locale":"fr_FR","og_type":"article","og_title":"Syrie\u00a0: L&rsquo;a\u00e9roport d&rsquo;Alep hors service apr\u00e8s un raid isra\u00e9lien - La Sentinelle","og_description":"Un raid isra\u00e9lien a frapp\u00e9 t\u00f4t lundi matin l&rsquo;a\u00e9roport international d&rsquo;Alep (nord), deuxi\u00e8me ville de Syrie, pour la quatri\u00e8me fois","og_url":"https:\/\/lasentinelle.dz\/index.php\/2023\/08\/28\/syrie-laeroport-dalep-hors-service-apres-un-raid-israelien\/","og_site_name":"La Sentinelle","article_publisher":"https:\/\/www.facebook.com\/La-Sentinelle-104059864394773","article_published_time":"2023-08-28T19:22:29+00:00","article_modified_time":"2023-08-28T19:22:31+00:00","og_image":[{"width":660,"height":287,"url":"https:\/\/lasentinelle.dz\/wp-content\/uploads\/2023\/08\/aeropot-alep.jpeg","type":"image\/jpeg"}],"author":"La Sentinelle","twitter_card":"summary_large_image","twitter_misc":{"\u00c9crit par":"La Sentinelle","Dur\u00e9e de lecture estim\u00e9e":"2 minutes"},"schema":{"@context":"https:\/\/schema.org","@graph":[{"@type":"Article","@id":"https:\/\/lasentinelle.dz\/index.php\/2023\/08\/28\/syrie-laeroport-dalep-hors-service-apres-un-raid-israelien\/#article","isPartOf":{"@id":"https:\/\/lasentinelle.dz\/index.php\/2023\/08\/28\/syrie-laeroport-dalep-hors-service-apres-un-raid-israelien\/"},"author":{"name":"La Sentinelle","@id":"https:\/\/lasentinelle.dz\/#\/schema\/person\/d865044e22e70a75174ce8bcad3acfb3"},"headline":"Syrie\u00a0: L&rsquo;a\u00e9roport d&rsquo;Alep hors service apr\u00e8s un raid isra\u00e9lien","datePublished":"2023-08-28T19:22:29+00:00","dateModified":"2023-08-28T19:22:31+00:00","mainEntityOfPage":{"@id":"https:\/\/lasentinelle.dz\/index.php\/2023\/08\/28\/syrie-laeroport-dalep-hors-service-apres-un-raid-israelien\/"},"wordCount":363,"commentCount":0,"publisher":{"@id":"https:\/\/lasentinelle.dz\/#organization"},"image":{"@id":"https:\/\/lasentinelle.dz\/index.php\/2023\/08\/28\/syrie-laeroport-dalep-hors-service-apres-un-raid-israelien\/#primaryimage"},"thumbnailUrl":"https:\/\/lasentinelle.dz\/wp-content\/uploads\/2023\/08\/aeropot-alep.jpeg","articleSection":["Monde"],"inLanguage":"fr-FR","potentialAction":[{"@type":"CommentAction","name":"Comment","target":["https:\/\/lasentinelle.dz\/index.php\/2023\/08\/28\/syrie-laeroport-dalep-hors-service-apres-un-raid-israelien\/#respond"]}]},{"@type":"WebPage","@id":"https:\/\/lasentinelle.dz\/index.php\/2023\/08\/28\/syrie-laeroport-dalep-hors-service-apres-un-raid-israelien\/","url":"https:\/\/lasentinelle.dz\/index.php\/2023\/08\/28\/syrie-laeroport-dalep-hors-service-apres-un-raid-israelien\/","name":"Syrie\u00a0: L&rsquo;a\u00e9roport d&rsquo;Alep hors service apr\u00e8s un raid isra\u00e9lien - La Sentinelle","isPartOf":{"@id":"https:\/\/lasentinelle.dz\/#website"},"primaryImageOfPage":{"@id":"https:\/\/lasentinelle.dz\/index.php\/2023\/08\/28\/syrie-laeroport-dalep-hors-service-apres-un-raid-israelien\/#primaryimage"},"image":{"@id":"https:\/\/lasentinelle.dz\/index.php\/2023\/08\/28\/syrie-laeroport-dalep-hors-service-apres-un-raid-israelien\/#primaryimage"},"thumbnailUrl":"https:\/\/lasentinelle.dz\/wp-content\/uploads\/2023\/08\/aeropot-alep.jpeg","datePublished":"2023-08-28T19:22:29+00:00","dateModified":"2023-08-28T19:22:31+00:00","breadcrumb":{"@id":"https:\/\/lasentinelle.dz\/index.php\/2023\/08\/28\/syrie-laeroport-dalep-hors-service-apres-un-raid-israelien\/#breadcrumb"},"inLanguage":"fr-FR","potentialAction":[{"@type":"ReadAction","target":["https:\/\/lasentinelle.dz\/index.php\/2023\/08\/28\/syrie-laeroport-dalep-hors-service-apres-un-raid-israelien\/"]}]},{"@type":"ImageObject","inLanguage":"fr-FR","@id":"https:\/\/lasentinelle.dz\/index.php\/2023\/08\/28\/syrie-laeroport-dalep-hors-service-apres-un-raid-israelien\/#primaryimage","url":"https:\/\/lasentinelle.dz\/wp-content\/uploads\/2023\/08\/aeropot-alep.jpeg","contentUrl":"https:\/\/lasentinelle.dz\/wp-content\/uploads\/2023\/08\/aeropot-alep.jpeg","width":660,"height":287},{"@type":"BreadcrumbList","@id":"https:\/\/lasentinelle.dz\/index.php\/2023\/08\/28\/syrie-laeroport-dalep-hors-service-apres-un-raid-israelien\/#breadcrumb","itemListElement":[{"@type":"ListItem","position":1,"name":"Accueil","item":"https:\/\/lasentinelle.dz\/"},{"@type":"ListItem","position":2,"name":"Syrie\u00a0: L&rsquo;a\u00e9roport d&rsquo;Alep hors service apr\u00e8s un raid isra\u00e9lien"}]},{"@type":"WebSite","@id":"https:\/\/lasentinelle.dz\/#website","url":"https:\/\/lasentinelle.dz\/","name":"La Sentinelle","description":"Quotidien national d&#039;information","publisher":{"@id":"https:\/\/lasentinelle.dz\/#organization"},"potentialAction":[{"@type":"SearchAction","target":{"@type":"EntryPoint","urlTemplate":"https:\/\/lasentinelle.dz\/?s={search_term_string}"},"query-input":{"@type":"PropertyValueSpecification","valueRequired":true,"valueName":"search_term_string"}}],"inLanguage":"fr-FR"},{"@type":"Organization","@id":"https:\/\/lasentinelle.dz\/#organization","name":"Quotidien La Sentinelle","url":"https:\/\/lasentinelle.dz\/","logo":{"@type":"ImageObject","inLanguage":"fr-FR","@id":"https:\/\/lasentinelle.dz\/#\/schema\/logo\/image\/","url":"https:\/\/lasentinelle.dz\/wp-content\/uploads\/2021\/09\/logo-sentinelleSLOGAN-1.png","contentUrl":"https:\/\/lasentinelle.dz\/wp-content\/uploads\/2021\/09\/logo-sentinelleSLOGAN-1.png","width":615,"height":142,"caption":"Quotidien La Sentinelle"},"image":{"@id":"https:\/\/lasentinelle.dz\/#\/schema\/logo\/image\/"},"sameAs":["https:\/\/www.facebook.com\/La-Sentinelle-104059864394773"]},{"@type":"Person","@id":"https:\/\/lasentinelle.dz\/#\/schema\/person\/d865044e22e70a75174ce8bcad3acfb3","name":"La Sentinelle","image":{"@type":"ImageObject","inLanguage":"fr-FR","@id":"https:\/\/secure.gravatar.com\/avatar\/57de8e5d4b15d43fb361a71fbb36338450fe67865b528a43dd10ef7c51a20392?s=96&d=mm&r=g","url":"https:\/\/secure.gravatar.com\/avatar\/57de8e5d4b15d43fb361a71fbb36338450fe67865b528a43dd10ef7c51a20392?s=96&d=mm&r=g","contentUrl":"https:\/\/secure.gravatar.com\/avatar\/57de8e5d4b15d43fb361a71fbb36338450fe67865b528a43dd10ef7c51a20392?s=96&d=mm&r=g","caption":"La Sentinelle"},"sameAs":["http:\/\/www.lasentinelle.dz"],"url":"https:\/\/lasentinelle.dz\/author\/redaction\/"}]}},"_links":{"self":[{"href":"https:\/\/lasentinelle.dz\/index.php\/wp-json\/wp\/v2\/posts\/45019","targetHints":{"allow":["GET"]}}],"collection":[{"href":"https:\/\/lasentinelle.dz\/index.php\/wp-json\/wp\/v2\/posts"}],"about":[{"href":"https:\/\/lasentinelle.dz\/index.php\/wp-json\/wp\/v2\/types\/post"}],"author":[{"embeddable":true,"href":"https:\/\/lasentinelle.dz\/index.php\/wp-json\/wp\/v2\/users\/3"}],"replies":[{"embeddable":true,"href":"https:\/\/lasentinelle.dz\/index.php\/wp-json\/wp\/v2\/comments?post=45019"}],"version-history":[{"count":1,"href":"https:\/\/lasentinelle.dz\/index.php\/wp-json\/wp\/v2\/posts\/45019\/revisions"}],"predecessor-version":[{"id":45021,"href":"https:\/\/lasentinelle.dz\/index.php\/wp-json\/wp\/v2\/posts\/45019\/revisions\/45021"}],"wp:featuredmedia":[{"embeddable":true,"href":"https:\/\/lasentinelle.dz\/index.php\/wp-json\/wp\/v2\/media\/45020"}],"wp:attachment":[{"href":"https:\/\/lasentinelle.dz\/index.php\/wp-json\/wp\/v2\/media?parent=45019"}],"wp:term":[{"taxonomy":"category","embeddable":true,"href":"https:\/\/lasentinelle.dz\/index.php\/wp-json\/wp\/v2\/categories?post=45019"},{"taxonomy":"post_tag","embeddable":true,"href":"https:\/\/lasentinelle.dz\/index.php\/wp-json\/wp\/v2\/tags?post=45019"}],"curies":[{"name":"wp","href":"https:\/\/api.w.org\/{rel}","templated":true}]}}