{"id":45022,"date":"2023-08-28T20:23:59","date_gmt":"2023-08-28T19:23:59","guid":{"rendered":"https:\/\/lasentinelle.dz\/?p=45022"},"modified":"2023-08-28T20:24:00","modified_gmt":"2023-08-28T19:24:00","slug":"human-rights-watch-loccupation-sioniste-tue-de-plus-en-plus-denfants-palestiniens","status":"publish","type":"post","link":"https:\/\/lasentinelle.dz\/index.php\/2023\/08\/28\/human-rights-watch-loccupation-sioniste-tue-de-plus-en-plus-denfants-palestiniens\/","title":{"rendered":"Human Rights Watch\u00a0: L\u2019occupation sioniste tue de plus en plus d\u2019enfants palestiniens"},"content":{"rendered":"\n<p>L\u2019arm\u00e9e sioniste et les forces de la police des fronti\u00e8res tuent des enfants palestiniens dans un contexte o\u00f9 l\u2019obligation de rendre des comptes est quasi-inexistante, a d\u00e9clar\u00e9 Human Rights Watch dans un rapport.<\/p>\n\n\n\n<p>L\u2019ann\u00e9e 2022 a \u00e9t\u00e9 l\u2019ann\u00e9e la plus meurtri\u00e8re pour les enfants palestiniens en Cisjordanie depuis 15 ans, et l\u2019ann\u00e9e 2023 est en passe d\u2019atteindre ou de d\u00e9passer les niveaux de 2022. Au 22 ao\u00fbt, les forces sionistes avaient tu\u00e9 pas moins de 34 enfants palestiniens en Cisjordanie. Human Rights Watch a enqu\u00eat\u00e9 sur quatre cas de tirs mortels par les forces d&rsquo;occupation sioniste, ayant entra\u00een\u00e9 la mort d\u2019enfants palestiniens entre novembre 2022 et mars 2023. \u00ab Les forces isra\u00e9liennes abattent de plus en plus fr\u00e9quemment des enfants palestiniens vivant sous l\u2019occupation, a d\u00e9clar\u00e9 Bill Van Esveld, directeur adjoint de la division Droits des enfants \u00e0 Human Rights Watch. \u00c0 moins que les alli\u00e9s d\u2019Isra\u00ebl, en particulier les \u00c9tats-Unis, ne fassent pression sur ce pays pour qu\u2019il change de cap, des enfants palestiniens continueront d\u2019\u00eatre tu\u00e9s. \u00bb Pour documenter les quatre meurtres, les chercheurs de Human Rights Watch ont men\u00e9 des entretiens avec sept t\u00e9moins, neuf membres des familles de ces enfants, ainsi que d\u2019autres habitants, des avocats, des m\u00e9decins, des membres du personnel d\u2019organisations palestiniennes et sionistes de d\u00e9fense des droits humains, dont certains travaillant sur le terrain. Human Rights Watch a \u00e9galement examin\u00e9 des images de vid\u00e9osurveillance et des vid\u00e9os diffus\u00e9es sur les r\u00e9seaux sociaux, des d\u00e9clarations des agences de s\u00e9curit\u00e9 isra\u00e9liennes, des dossiers m\u00e9dicaux et des articles de presse.<\/p>\n\n\n\n<p>Notons sur un autre volet que les autorit\u00e9s palestiniennes ont appel\u00e9 dimanche la communaut\u00e9 internationale \u00e0 faire pression sur l\u2019entit\u00e9 sioniste pour qu\u2019elle cesse de parrainer des groupes de colons en Cisjordanie. Le minist\u00e8re palestinien des Affaires \u00e9trang\u00e8res a lanc\u00e9 cet appel dans un communiqu\u00e9 de presse apr\u00e8s que des groupes de colons sionistes ont attaqu\u00e9 des fermes palestiniennes en Cisjordanie samedi. Tenant l\u2019entit\u00e9 sioniste pour \u00ab enti\u00e8rement et directement responsable de ces attaques \u00bb, le minist\u00e8re a averti que \u00ab les cons\u00e9quences de ces actes cr\u00e9eraient davantage de tensions dans la r\u00e9gion \u00bb. \u00ab Le sentiment de protection et d\u2019immunit\u00e9 de l\u2019entit\u00e9 sioniste renforce ses attaques contre les Palestiniens et le vol de leurs terres en faveur des colonies et de l\u2019annexion progressive de la Cisjordanie \u00bb, a affirm\u00e9 le minist\u00e8re. L\u2019entit\u00e9 sioniste a occup\u00e9 la Cisjordanie en 1967 et y a depuis \u00e9tabli des colonies, en violation du droit international. La question des colonies sionistes est l\u2019une des principales raisons de l\u2019\u00e9chec des pourparlers de paix parrain\u00e9s par les Etats-Unis en mars 2014. Plus de 600.000 colons sionistes vivent en Cisjordanie et \u00e0 Al Qods-Est, selon les chiffres officiels palestiniens.<\/p>\n\n\n\n<p>R.I.<\/p>\n","protected":false},"excerpt":{"rendered":"<p>L\u2019arm\u00e9e sioniste et les forces de la police des fronti\u00e8res tuent des enfants palestiniens dans un contexte o\u00f9 l\u2019obligation de<\/p>\n","protected":false},"author":3,"featured_media":45023,"comment_status":"open","ping_status":"closed","sticky":false,"template":"","format":"standard","meta":{"colormag_page_container_layout":"default_layout","colormag_page_sidebar_layout":"default_layout","om_disable_all_campaigns":false,"_monsterinsights_skip_tracking":false,"_monsterinsights_sitenote_active":false,"_monsterinsights_sitenote_note":"","_monsterinsights_sitenote_category":0,"footnotes":"","_wpscppro_dont_share_socialmedia":false,"_wpscppro_custom_social_share_image":0,"_facebook_share_type":"","_twitter_share_type":"","_linkedin_share_type":"","_pinterest_share_type":"","_linkedin_share_type_page":"","_instagram_share_type":"","_medium_share_type":"","_threads_share_type":"","_google_business_share_type":"","_selected_social_profile":[],"_wpsp_enable_custom_social_template":false,"_wpsp_social_scheduling":{"enabled":false,"datetime":null,"platforms":[],"status":"template_only","dateOption":"today","timeOption":"now","customDays":"","customHours":"","customDate":"","customTime":"","schedulingType":"absolute"},"_wpsp_active_default_template":true},"categories":[52,37],"tags":[],"class_list":["post-45022","post","type-post","status-publish","format-standard","has-post-thumbnail","hentry","category-a-la-une","category-monde"],"aioseo_notices":[],"yoast_head":"<!-- This site is optimized with the Yoast SEO plugin v27.4 - https:\/\/yoast.com\/product\/yoast-seo-wordpress\/ -->\n<title>Human Rights Watch\u00a0: L\u2019occupation sioniste tue de plus en plus d\u2019enfants palestiniens - La Sentinelle<\/title>\n<meta name=\"robots\" content=\"index, follow, max-snippet:-1, max-image-preview:large, max-video-preview:-1\" \/>\n<link rel=\"canonical\" href=\"https:\/\/lasentinelle.dz\/index.php\/2023\/08\/28\/human-rights-watch-loccupation-sioniste-tue-de-plus-en-plus-denfants-palestiniens\/\" \/>\n<meta property=\"og:locale\" content=\"fr_FR\" \/>\n<meta property=\"og:type\" content=\"article\" \/>\n<meta property=\"og:title\" content=\"Human Rights Watch\u00a0: L\u2019occupation sioniste tue de plus en plus d\u2019enfants palestiniens - La Sentinelle\" \/>\n<meta property=\"og:description\" content=\"L\u2019arm\u00e9e sioniste et les forces de la police des fronti\u00e8res tuent des enfants palestiniens dans un contexte o\u00f9 l\u2019obligation de\" \/>\n<meta property=\"og:url\" content=\"https:\/\/lasentinelle.dz\/index.php\/2023\/08\/28\/human-rights-watch-loccupation-sioniste-tue-de-plus-en-plus-denfants-palestiniens\/\" \/>\n<meta property=\"og:site_name\" content=\"La Sentinelle\" \/>\n<meta property=\"article:publisher\" content=\"https:\/\/www.facebook.com\/La-Sentinelle-104059864394773\" \/>\n<meta property=\"article:published_time\" content=\"2023-08-28T19:23:59+00:00\" \/>\n<meta property=\"article:modified_time\" content=\"2023-08-28T19:24:00+00:00\" \/>\n<meta property=\"og:image\" content=\"https:\/\/lasentinelle.dz\/wp-content\/uploads\/2023\/08\/enfant-palestinien-scaled.jpeg\" \/>\n\t<meta property=\"og:image:width\" content=\"2560\" \/>\n\t<meta property=\"og:image:height\" content=\"1439\" \/>\n\t<meta property=\"og:image:type\" content=\"image\/jpeg\" \/>\n<meta name=\"author\" content=\"La Sentinelle\" \/>\n<meta name=\"twitter:card\" content=\"summary_large_image\" \/>\n<meta name=\"twitter:label1\" content=\"\u00c9crit par\" \/>\n\t<meta name=\"twitter:data1\" content=\"La Sentinelle\" \/>\n\t<meta name=\"twitter:label2\" content=\"Dur\u00e9e de lecture estim\u00e9e\" \/>\n\t<meta name=\"twitter:data2\" content=\"3 minutes\" \/>\n<script type=\"application\/ld+json\" class=\"yoast-schema-graph\">{\"@context\":\"https:\\\/\\\/schema.org\",\"@graph\":[{\"@type\":\"Article\",\"@id\":\"https:\\\/\\\/lasentinelle.dz\\\/index.php\\\/2023\\\/08\\\/28\\\/human-rights-watch-loccupation-sioniste-tue-de-plus-en-plus-denfants-palestiniens\\\/#article\",\"isPartOf\":{\"@id\":\"https:\\\/\\\/lasentinelle.dz\\\/index.php\\\/2023\\\/08\\\/28\\\/human-rights-watch-loccupation-sioniste-tue-de-plus-en-plus-denfants-palestiniens\\\/\"},\"author\":{\"name\":\"La Sentinelle\",\"@id\":\"https:\\\/\\\/lasentinelle.dz\\\/#\\\/schema\\\/person\\\/d865044e22e70a75174ce8bcad3acfb3\"},\"headline\":\"Human Rights Watch\u00a0: L\u2019occupation sioniste tue de plus en plus d\u2019enfants palestiniens\",\"datePublished\":\"2023-08-28T19:23:59+00:00\",\"dateModified\":\"2023-08-28T19:24:00+00:00\",\"mainEntityOfPage\":{\"@id\":\"https:\\\/\\\/lasentinelle.dz\\\/index.php\\\/2023\\\/08\\\/28\\\/human-rights-watch-loccupation-sioniste-tue-de-plus-en-plus-denfants-palestiniens\\\/\"},\"wordCount\":501,\"commentCount\":0,\"publisher\":{\"@id\":\"https:\\\/\\\/lasentinelle.dz\\\/#organization\"},\"image\":{\"@id\":\"https:\\\/\\\/lasentinelle.dz\\\/index.php\\\/2023\\\/08\\\/28\\\/human-rights-watch-loccupation-sioniste-tue-de-plus-en-plus-denfants-palestiniens\\\/#primaryimage\"},\"thumbnailUrl\":\"https:\\\/\\\/lasentinelle.dz\\\/wp-content\\\/uploads\\\/2023\\\/08\\\/enfant-palestinien-scaled.jpeg\",\"articleSection\":[\"\u00c0 la Une\",\"Monde\"],\"inLanguage\":\"fr-FR\",\"potentialAction\":[{\"@type\":\"CommentAction\",\"name\":\"Comment\",\"target\":[\"https:\\\/\\\/lasentinelle.dz\\\/index.php\\\/2023\\\/08\\\/28\\\/human-rights-watch-loccupation-sioniste-tue-de-plus-en-plus-denfants-palestiniens\\\/#respond\"]}]},{\"@type\":\"WebPage\",\"@id\":\"https:\\\/\\\/lasentinelle.dz\\\/index.php\\\/2023\\\/08\\\/28\\\/human-rights-watch-loccupation-sioniste-tue-de-plus-en-plus-denfants-palestiniens\\\/\",\"url\":\"https:\\\/\\\/lasentinelle.dz\\\/index.php\\\/2023\\\/08\\\/28\\\/human-rights-watch-loccupation-sioniste-tue-de-plus-en-plus-denfants-palestiniens\\\/\",\"name\":\"Human Rights Watch\u00a0: L\u2019occupation sioniste tue de plus en plus d\u2019enfants palestiniens - La Sentinelle\",\"isPartOf\":{\"@id\":\"https:\\\/\\\/lasentinelle.dz\\\/#website\"},\"primaryImageOfPage\":{\"@id\":\"https:\\\/\\\/lasentinelle.dz\\\/index.php\\\/2023\\\/08\\\/28\\\/human-rights-watch-loccupation-sioniste-tue-de-plus-en-plus-denfants-palestiniens\\\/#primaryimage\"},\"image\":{\"@id\":\"https:\\\/\\\/lasentinelle.dz\\\/index.php\\\/2023\\\/08\\\/28\\\/human-rights-watch-loccupation-sioniste-tue-de-plus-en-plus-denfants-palestiniens\\\/#primaryimage\"},\"thumbnailUrl\":\"https:\\\/\\\/lasentinelle.dz\\\/wp-content\\\/uploads\\\/2023\\\/08\\\/enfant-palestinien-scaled.jpeg\",\"datePublished\":\"2023-08-28T19:23:59+00:00\",\"dateModified\":\"2023-08-28T19:24:00+00:00\",\"breadcrumb\":{\"@id\":\"https:\\\/\\\/lasentinelle.dz\\\/index.php\\\/2023\\\/08\\\/28\\\/human-rights-watch-loccupation-sioniste-tue-de-plus-en-plus-denfants-palestiniens\\\/#breadcrumb\"},\"inLanguage\":\"fr-FR\",\"potentialAction\":[{\"@type\":\"ReadAction\",\"target\":[\"https:\\\/\\\/lasentinelle.dz\\\/index.php\\\/2023\\\/08\\\/28\\\/human-rights-watch-loccupation-sioniste-tue-de-plus-en-plus-denfants-palestiniens\\\/\"]}]},{\"@type\":\"ImageObject\",\"inLanguage\":\"fr-FR\",\"@id\":\"https:\\\/\\\/lasentinelle.dz\\\/index.php\\\/2023\\\/08\\\/28\\\/human-rights-watch-loccupation-sioniste-tue-de-plus-en-plus-denfants-palestiniens\\\/#primaryimage\",\"url\":\"https:\\\/\\\/lasentinelle.dz\\\/wp-content\\\/uploads\\\/2023\\\/08\\\/enfant-palestinien-scaled.jpeg\",\"contentUrl\":\"https:\\\/\\\/lasentinelle.dz\\\/wp-content\\\/uploads\\\/2023\\\/08\\\/enfant-palestinien-scaled.jpeg\",\"width\":2560,\"height\":1439},{\"@type\":\"BreadcrumbList\",\"@id\":\"https:\\\/\\\/lasentinelle.dz\\\/index.php\\\/2023\\\/08\\\/28\\\/human-rights-watch-loccupation-sioniste-tue-de-plus-en-plus-denfants-palestiniens\\\/#breadcrumb\",\"itemListElement\":[{\"@type\":\"ListItem\",\"position\":1,\"name\":\"Accueil\",\"item\":\"https:\\\/\\\/lasentinelle.dz\\\/\"},{\"@type\":\"ListItem\",\"position\":2,\"name\":\"Human Rights Watch\u00a0: L\u2019occupation sioniste tue de plus en plus d\u2019enfants palestiniens\"}]},{\"@type\":\"WebSite\",\"@id\":\"https:\\\/\\\/lasentinelle.dz\\\/#website\",\"url\":\"https:\\\/\\\/lasentinelle.dz\\\/\",\"name\":\"La Sentinelle\",\"description\":\"Quotidien national d&#039;information\",\"publisher\":{\"@id\":\"https:\\\/\\\/lasentinelle.dz\\\/#organization\"},\"potentialAction\":[{\"@type\":\"SearchAction\",\"target\":{\"@type\":\"EntryPoint\",\"urlTemplate\":\"https:\\\/\\\/lasentinelle.dz\\\/?s={search_term_string}\"},\"query-input\":{\"@type\":\"PropertyValueSpecification\",\"valueRequired\":true,\"valueName\":\"search_term_string\"}}],\"inLanguage\":\"fr-FR\"},{\"@type\":\"Organization\",\"@id\":\"https:\\\/\\\/lasentinelle.dz\\\/#organization\",\"name\":\"Quotidien La Sentinelle\",\"url\":\"https:\\\/\\\/lasentinelle.dz\\\/\",\"logo\":{\"@type\":\"ImageObject\",\"inLanguage\":\"fr-FR\",\"@id\":\"https:\\\/\\\/lasentinelle.dz\\\/#\\\/schema\\\/logo\\\/image\\\/\",\"url\":\"https:\\\/\\\/lasentinelle.dz\\\/wp-content\\\/uploads\\\/2021\\\/09\\\/logo-sentinelleSLOGAN-1.png\",\"contentUrl\":\"https:\\\/\\\/lasentinelle.dz\\\/wp-content\\\/uploads\\\/2021\\\/09\\\/logo-sentinelleSLOGAN-1.png\",\"width\":615,\"height\":142,\"caption\":\"Quotidien La Sentinelle\"},\"image\":{\"@id\":\"https:\\\/\\\/lasentinelle.dz\\\/#\\\/schema\\\/logo\\\/image\\\/\"},\"sameAs\":[\"https:\\\/\\\/www.facebook.com\\\/La-Sentinelle-104059864394773\"]},{\"@type\":\"Person\",\"@id\":\"https:\\\/\\\/lasentinelle.dz\\\/#\\\/schema\\\/person\\\/d865044e22e70a75174ce8bcad3acfb3\",\"name\":\"La Sentinelle\",\"image\":{\"@type\":\"ImageObject\",\"inLanguage\":\"fr-FR\",\"@id\":\"https:\\\/\\\/secure.gravatar.com\\\/avatar\\\/57de8e5d4b15d43fb361a71fbb36338450fe67865b528a43dd10ef7c51a20392?s=96&d=mm&r=g\",\"url\":\"https:\\\/\\\/secure.gravatar.com\\\/avatar\\\/57de8e5d4b15d43fb361a71fbb36338450fe67865b528a43dd10ef7c51a20392?s=96&d=mm&r=g\",\"contentUrl\":\"https:\\\/\\\/secure.gravatar.com\\\/avatar\\\/57de8e5d4b15d43fb361a71fbb36338450fe67865b528a43dd10ef7c51a20392?s=96&d=mm&r=g\",\"caption\":\"La Sentinelle\"},\"sameAs\":[\"http:\\\/\\\/www.lasentinelle.dz\"],\"url\":\"https:\\\/\\\/lasentinelle.dz\\\/author\\\/redaction\\\/\"}]}<\/script>\n<!-- \/ Yoast SEO plugin. -->","yoast_head_json":{"title":"Human Rights Watch\u00a0: L\u2019occupation sioniste tue de plus en plus d\u2019enfants palestiniens - La Sentinelle","robots":{"index":"index","follow":"follow","max-snippet":"max-snippet:-1","max-image-preview":"max-image-preview:large","max-video-preview":"max-video-preview:-1"},"canonical":"https:\/\/lasentinelle.dz\/index.php\/2023\/08\/28\/human-rights-watch-loccupation-sioniste-tue-de-plus-en-plus-denfants-palestiniens\/","og_locale":"fr_FR","og_type":"article","og_title":"Human Rights Watch\u00a0: L\u2019occupation sioniste tue de plus en plus d\u2019enfants palestiniens - La Sentinelle","og_description":"L\u2019arm\u00e9e sioniste et les forces de la police des fronti\u00e8res tuent des enfants palestiniens dans un contexte o\u00f9 l\u2019obligation de","og_url":"https:\/\/lasentinelle.dz\/index.php\/2023\/08\/28\/human-rights-watch-loccupation-sioniste-tue-de-plus-en-plus-denfants-palestiniens\/","og_site_name":"La Sentinelle","article_publisher":"https:\/\/www.facebook.com\/La-Sentinelle-104059864394773","article_published_time":"2023-08-28T19:23:59+00:00","article_modified_time":"2023-08-28T19:24:00+00:00","og_image":[{"width":2560,"height":1439,"url":"https:\/\/lasentinelle.dz\/wp-content\/uploads\/2023\/08\/enfant-palestinien-scaled.jpeg","type":"image\/jpeg"}],"author":"La Sentinelle","twitter_card":"summary_large_image","twitter_misc":{"\u00c9crit par":"La Sentinelle","Dur\u00e9e de lecture estim\u00e9e":"3 minutes"},"schema":{"@context":"https:\/\/schema.org","@graph":[{"@type":"Article","@id":"https:\/\/lasentinelle.dz\/index.php\/2023\/08\/28\/human-rights-watch-loccupation-sioniste-tue-de-plus-en-plus-denfants-palestiniens\/#article","isPartOf":{"@id":"https:\/\/lasentinelle.dz\/index.php\/2023\/08\/28\/human-rights-watch-loccupation-sioniste-tue-de-plus-en-plus-denfants-palestiniens\/"},"author":{"name":"La Sentinelle","@id":"https:\/\/lasentinelle.dz\/#\/schema\/person\/d865044e22e70a75174ce8bcad3acfb3"},"headline":"Human Rights Watch\u00a0: L\u2019occupation sioniste tue de plus en plus d\u2019enfants palestiniens","datePublished":"2023-08-28T19:23:59+00:00","dateModified":"2023-08-28T19:24:00+00:00","mainEntityOfPage":{"@id":"https:\/\/lasentinelle.dz\/index.php\/2023\/08\/28\/human-rights-watch-loccupation-sioniste-tue-de-plus-en-plus-denfants-palestiniens\/"},"wordCount":501,"commentCount":0,"publisher":{"@id":"https:\/\/lasentinelle.dz\/#organization"},"image":{"@id":"https:\/\/lasentinelle.dz\/index.php\/2023\/08\/28\/human-rights-watch-loccupation-sioniste-tue-de-plus-en-plus-denfants-palestiniens\/#primaryimage"},"thumbnailUrl":"https:\/\/lasentinelle.dz\/wp-content\/uploads\/2023\/08\/enfant-palestinien-scaled.jpeg","articleSection":["\u00c0 la Une","Monde"],"inLanguage":"fr-FR","potentialAction":[{"@type":"CommentAction","name":"Comment","target":["https:\/\/lasentinelle.dz\/index.php\/2023\/08\/28\/human-rights-watch-loccupation-sioniste-tue-de-plus-en-plus-denfants-palestiniens\/#respond"]}]},{"@type":"WebPage","@id":"https:\/\/lasentinelle.dz\/index.php\/2023\/08\/28\/human-rights-watch-loccupation-sioniste-tue-de-plus-en-plus-denfants-palestiniens\/","url":"https:\/\/lasentinelle.dz\/index.php\/2023\/08\/28\/human-rights-watch-loccupation-sioniste-tue-de-plus-en-plus-denfants-palestiniens\/","name":"Human Rights Watch\u00a0: L\u2019occupation sioniste tue de plus en plus d\u2019enfants palestiniens - La Sentinelle","isPartOf":{"@id":"https:\/\/lasentinelle.dz\/#website"},"primaryImageOfPage":{"@id":"https:\/\/lasentinelle.dz\/index.php\/2023\/08\/28\/human-rights-watch-loccupation-sioniste-tue-de-plus-en-plus-denfants-palestiniens\/#primaryimage"},"image":{"@id":"https:\/\/lasentinelle.dz\/index.php\/2023\/08\/28\/human-rights-watch-loccupation-sioniste-tue-de-plus-en-plus-denfants-palestiniens\/#primaryimage"},"thumbnailUrl":"https:\/\/lasentinelle.dz\/wp-content\/uploads\/2023\/08\/enfant-palestinien-scaled.jpeg","datePublished":"2023-08-28T19:23:59+00:00","dateModified":"2023-08-28T19:24:00+00:00","breadcrumb":{"@id":"https:\/\/lasentinelle.dz\/index.php\/2023\/08\/28\/human-rights-watch-loccupation-sioniste-tue-de-plus-en-plus-denfants-palestiniens\/#breadcrumb"},"inLanguage":"fr-FR","potentialAction":[{"@type":"ReadAction","target":["https:\/\/lasentinelle.dz\/index.php\/2023\/08\/28\/human-rights-watch-loccupation-sioniste-tue-de-plus-en-plus-denfants-palestiniens\/"]}]},{"@type":"ImageObject","inLanguage":"fr-FR","@id":"https:\/\/lasentinelle.dz\/index.php\/2023\/08\/28\/human-rights-watch-loccupation-sioniste-tue-de-plus-en-plus-denfants-palestiniens\/#primaryimage","url":"https:\/\/lasentinelle.dz\/wp-content\/uploads\/2023\/08\/enfant-palestinien-scaled.jpeg","contentUrl":"https:\/\/lasentinelle.dz\/wp-content\/uploads\/2023\/08\/enfant-palestinien-scaled.jpeg","width":2560,"height":1439},{"@type":"BreadcrumbList","@id":"https:\/\/lasentinelle.dz\/index.php\/2023\/08\/28\/human-rights-watch-loccupation-sioniste-tue-de-plus-en-plus-denfants-palestiniens\/#breadcrumb","itemListElement":[{"@type":"ListItem","position":1,"name":"Accueil","item":"https:\/\/lasentinelle.dz\/"},{"@type":"ListItem","position":2,"name":"Human Rights Watch\u00a0: L\u2019occupation sioniste tue de plus en plus d\u2019enfants palestiniens"}]},{"@type":"WebSite","@id":"https:\/\/lasentinelle.dz\/#website","url":"https:\/\/lasentinelle.dz\/","name":"La Sentinelle","description":"Quotidien national d&#039;information","publisher":{"@id":"https:\/\/lasentinelle.dz\/#organization"},"potentialAction":[{"@type":"SearchAction","target":{"@type":"EntryPoint","urlTemplate":"https:\/\/lasentinelle.dz\/?s={search_term_string}"},"query-input":{"@type":"PropertyValueSpecification","valueRequired":true,"valueName":"search_term_string"}}],"inLanguage":"fr-FR"},{"@type":"Organization","@id":"https:\/\/lasentinelle.dz\/#organization","name":"Quotidien La Sentinelle","url":"https:\/\/lasentinelle.dz\/","logo":{"@type":"ImageObject","inLanguage":"fr-FR","@id":"https:\/\/lasentinelle.dz\/#\/schema\/logo\/image\/","url":"https:\/\/lasentinelle.dz\/wp-content\/uploads\/2021\/09\/logo-sentinelleSLOGAN-1.png","contentUrl":"https:\/\/lasentinelle.dz\/wp-content\/uploads\/2021\/09\/logo-sentinelleSLOGAN-1.png","width":615,"height":142,"caption":"Quotidien La Sentinelle"},"image":{"@id":"https:\/\/lasentinelle.dz\/#\/schema\/logo\/image\/"},"sameAs":["https:\/\/www.facebook.com\/La-Sentinelle-104059864394773"]},{"@type":"Person","@id":"https:\/\/lasentinelle.dz\/#\/schema\/person\/d865044e22e70a75174ce8bcad3acfb3","name":"La Sentinelle","image":{"@type":"ImageObject","inLanguage":"fr-FR","@id":"https:\/\/secure.gravatar.com\/avatar\/57de8e5d4b15d43fb361a71fbb36338450fe67865b528a43dd10ef7c51a20392?s=96&d=mm&r=g","url":"https:\/\/secure.gravatar.com\/avatar\/57de8e5d4b15d43fb361a71fbb36338450fe67865b528a43dd10ef7c51a20392?s=96&d=mm&r=g","contentUrl":"https:\/\/secure.gravatar.com\/avatar\/57de8e5d4b15d43fb361a71fbb36338450fe67865b528a43dd10ef7c51a20392?s=96&d=mm&r=g","caption":"La Sentinelle"},"sameAs":["http:\/\/www.lasentinelle.dz"],"url":"https:\/\/lasentinelle.dz\/author\/redaction\/"}]}},"_links":{"self":[{"href":"https:\/\/lasentinelle.dz\/index.php\/wp-json\/wp\/v2\/posts\/45022","targetHints":{"allow":["GET"]}}],"collection":[{"href":"https:\/\/lasentinelle.dz\/index.php\/wp-json\/wp\/v2\/posts"}],"about":[{"href":"https:\/\/lasentinelle.dz\/index.php\/wp-json\/wp\/v2\/types\/post"}],"author":[{"embeddable":true,"href":"https:\/\/lasentinelle.dz\/index.php\/wp-json\/wp\/v2\/users\/3"}],"replies":[{"embeddable":true,"href":"https:\/\/lasentinelle.dz\/index.php\/wp-json\/wp\/v2\/comments?post=45022"}],"version-history":[{"count":1,"href":"https:\/\/lasentinelle.dz\/index.php\/wp-json\/wp\/v2\/posts\/45022\/revisions"}],"predecessor-version":[{"id":45024,"href":"https:\/\/lasentinelle.dz\/index.php\/wp-json\/wp\/v2\/posts\/45022\/revisions\/45024"}],"wp:featuredmedia":[{"embeddable":true,"href":"https:\/\/lasentinelle.dz\/index.php\/wp-json\/wp\/v2\/media\/45023"}],"wp:attachment":[{"href":"https:\/\/lasentinelle.dz\/index.php\/wp-json\/wp\/v2\/media?parent=45022"}],"wp:term":[{"taxonomy":"category","embeddable":true,"href":"https:\/\/lasentinelle.dz\/index.php\/wp-json\/wp\/v2\/categories?post=45022"},{"taxonomy":"post_tag","embeddable":true,"href":"https:\/\/lasentinelle.dz\/index.php\/wp-json\/wp\/v2\/tags?post=45022"}],"curies":[{"name":"wp","href":"https:\/\/api.w.org\/{rel}","templated":true}]}}