{"id":45073,"date":"2023-08-29T21:15:00","date_gmt":"2023-08-29T20:15:00","guid":{"rendered":"https:\/\/lasentinelle.dz\/?p=45073"},"modified":"2023-08-29T21:19:14","modified_gmt":"2023-08-29T20:19:14","slug":"le-president-de-la-republique-recoit-le-president-du-conseil-superieur-de-la-jeunesse","status":"publish","type":"post","link":"https:\/\/lasentinelle.dz\/index.php\/2023\/08\/29\/le-president-de-la-republique-recoit-le-president-du-conseil-superieur-de-la-jeunesse\/","title":{"rendered":"Le pr\u00e9sident de la R\u00e9publique re\u00e7oit le pr\u00e9sident du Conseil sup\u00e9rieur de la jeunesse"},"content":{"rendered":"\n<p><strong>La n\u00e9cessit\u00e9 de renforcer la d\u00e9mocratie participative soulign\u00e9e<\/strong><\/p>\n\n\n\n<p>Le pr\u00e9sident de la R\u00e9publique, M. Abdelmadjid Tebboune, a re\u00e7u hier le pr\u00e9sident du Conseil sup\u00e9rieur de la jeunesse (CSJ), Mustapha Hidaoui, ainsi que les membres du Bureau de cette instance, a indiqu\u00e9 un communiqu\u00e9 de la Pr\u00e9sidence de la R\u00e9publique.<\/p>\n\n\n\n<p>Cette audience, pr\u00e9cise la m\u00eame source, intervient dans le cadre \u00ab\u00a0d&rsquo;une s\u00e9rie des consultations continues men\u00e9es par Monsieur le Pr\u00e9sident pour \u00e9valuer les activit\u00e9s de cette instance et \u00e9couter les pr\u00e9occupations et propositions des membres du Conseil\u00a0\u00bb.<\/p>\n\n\n\n<p>Dans ce sens, le pr\u00e9sident du CSJ a indiqu\u00e9 dans une d\u00e9claration \u00e0 la presse au sortir de l\u2019audience, que le Pr\u00e9sident Tebboune a soulign\u00e9 l&rsquo;importance de prendre en charge les pr\u00e9occupations, les espoirs et les aspirations de la jeunesse.<\/p>\n\n\n\n<p>Il a \u00e9galement exprim\u00e9 \u00ab\u00a0son engagement envers la n\u00e9cessit\u00e9 de travailler en faveur des jeunes de la diaspora et de renforcer la communication avec eux, en coordination avec diverses entit\u00e9s concern\u00e9es, en t\u00eate desquelles la Mosqu\u00e9e de Paris\u00a0\u00bb. Hidaoui soulign\u00e9 \u00e0 cette occasion la symbolique de cette rencontre, qui, comme il l&rsquo;a dit, a \u00e9t\u00e9 une \u00ab\u00a0occasion de pr\u00e9senter le bilan du travail du Conseil un an apr\u00e8s la mise en place de sa structure administrative et organisationnelle et de son lancement pour renforcer son image sur la sc\u00e8ne nationale en rencontrant les diff\u00e9rentes sections repr\u00e9sentant la jeunesse \u00e0 travers les wilayas du pays\u00a0\u00bb. Il a ajout\u00e9 que le Pr\u00e9sident Tebboune a \u00ab\u00a0recommand\u00e9 lors de cette r\u00e9union la n\u00e9cessit\u00e9 de prendre en compte les pr\u00e9occupations des jeunes et de prendre en consid\u00e9ration leurs opinions et leurs suggestions\u00a0\u00bb, pr\u00e9cisant que le Conseil Sup\u00e9rieur de la Jeunesse travaille \u00e0 concr\u00e9tiser cela \u00e0 travers les diverses r\u00e9unions qu&rsquo;il organise.<\/p>\n\n\n\n<p>Le pr\u00e9sident du CSJ a indiqu\u00e9 ressenti une \u00a0\u00bb volont\u00e9 politique sinc\u00e8re qui mise v\u00e9ritablement sur cette pr\u00e9cieuse \u00e9nergie au sein de la soci\u00e9t\u00e9 alg\u00e9rienne\u00a0\u00bb, mettant en avant dans le m\u00eame contexte l&rsquo;appel du Pr\u00e9sident de la R\u00e9publique \u00e0 \u00ab&nbsp;renforcer la d\u00e9mocratie participative \u00e0 travers les diverses activit\u00e9s men\u00e9esns en faveur de cette cat\u00e9gorie, ainsi que la solidarit\u00e9 avec la eunesse dans les diff\u00e9rentes wilayas du pays, afin qu&rsquo;elle soit un acteur dans la dynamique nationale que conna\u00eet le pays&nbsp;\u00bb.<\/p>\n\n\n\n<p>R.N.<\/p>\n","protected":false},"excerpt":{"rendered":"<p>La n\u00e9cessit\u00e9 de renforcer la d\u00e9mocratie participative soulign\u00e9e Le pr\u00e9sident de la R\u00e9publique, M. Abdelmadjid Tebboune, a re\u00e7u hier le<\/p>\n","protected":false},"author":2,"featured_media":45074,"comment_status":"open","ping_status":"closed","sticky":false,"template":"","format":"standard","meta":{"colormag_page_container_layout":"default_layout","colormag_page_sidebar_layout":"default_layout","om_disable_all_campaigns":false,"_monsterinsights_skip_tracking":false,"_monsterinsights_sitenote_active":false,"_monsterinsights_sitenote_note":"","_monsterinsights_sitenote_category":0,"footnotes":"","_wpscppro_dont_share_socialmedia":false,"_wpscppro_custom_social_share_image":0,"_facebook_share_type":"","_twitter_share_type":"","_linkedin_share_type":"","_pinterest_share_type":"","_linkedin_share_type_page":"","_instagram_share_type":"","_medium_share_type":"","_threads_share_type":"","_google_business_share_type":"","_selected_social_profile":[],"_wpsp_enable_custom_social_template":false,"_wpsp_social_scheduling":{"enabled":false,"datetime":null,"platforms":[],"status":"template_only","dateOption":"today","timeOption":"now","customDays":"","customHours":"","customDate":"","customTime":"","schedulingType":"absolute"},"_wpsp_active_default_template":true},"categories":[27,1],"tags":[],"class_list":["post-45073","post","type-post","status-publish","format-standard","has-post-thumbnail","hentry","category-actualite","category-uncategorized"],"aioseo_notices":[],"yoast_head":"<!-- This site is optimized with the Yoast SEO plugin v27.5 - https:\/\/yoast.com\/product\/yoast-seo-wordpress\/ -->\n<title>Le pr\u00e9sident de la R\u00e9publique re\u00e7oit le pr\u00e9sident du Conseil sup\u00e9rieur de la jeunesse - La Sentinelle<\/title>\n<meta name=\"robots\" content=\"index, follow, max-snippet:-1, max-image-preview:large, max-video-preview:-1\" \/>\n<link rel=\"canonical\" href=\"https:\/\/lasentinelle.dz\/index.php\/2023\/08\/29\/le-president-de-la-republique-recoit-le-president-du-conseil-superieur-de-la-jeunesse\/\" \/>\n<meta property=\"og:locale\" content=\"fr_FR\" \/>\n<meta property=\"og:type\" content=\"article\" \/>\n<meta property=\"og:title\" content=\"Le pr\u00e9sident de la R\u00e9publique re\u00e7oit le pr\u00e9sident du Conseil sup\u00e9rieur de la jeunesse - La Sentinelle\" \/>\n<meta property=\"og:description\" content=\"La n\u00e9cessit\u00e9 de renforcer la d\u00e9mocratie participative soulign\u00e9e Le pr\u00e9sident de la R\u00e9publique, M. Abdelmadjid Tebboune, a re\u00e7u hier le\" \/>\n<meta property=\"og:url\" content=\"https:\/\/lasentinelle.dz\/index.php\/2023\/08\/29\/le-president-de-la-republique-recoit-le-president-du-conseil-superieur-de-la-jeunesse\/\" \/>\n<meta property=\"og:site_name\" content=\"La Sentinelle\" \/>\n<meta property=\"article:publisher\" content=\"https:\/\/www.facebook.com\/La-Sentinelle-104059864394773\" \/>\n<meta property=\"article:published_time\" content=\"2023-08-29T20:15:00+00:00\" \/>\n<meta property=\"article:modified_time\" content=\"2023-08-29T20:19:14+00:00\" \/>\n<meta property=\"og:image\" content=\"https:\/\/lasentinelle.dz\/wp-content\/uploads\/2023\/08\/tebboune-1.jpeg\" \/>\n\t<meta property=\"og:image:width\" content=\"1280\" \/>\n\t<meta property=\"og:image:height\" content=\"1105\" \/>\n\t<meta property=\"og:image:type\" content=\"image\/jpeg\" \/>\n<meta name=\"author\" content=\"Azzedine Belferag\" \/>\n<meta name=\"twitter:card\" content=\"summary_large_image\" \/>\n<meta name=\"twitter:label1\" content=\"\u00c9crit par\" \/>\n\t<meta name=\"twitter:data1\" content=\"Azzedine Belferag\" \/>\n\t<meta name=\"twitter:label2\" content=\"Dur\u00e9e de lecture estim\u00e9e\" \/>\n\t<meta name=\"twitter:data2\" content=\"2 minutes\" \/>\n<script type=\"application\/ld+json\" class=\"yoast-schema-graph\">{\"@context\":\"https:\\\/\\\/schema.org\",\"@graph\":[{\"@type\":\"Article\",\"@id\":\"https:\\\/\\\/lasentinelle.dz\\\/index.php\\\/2023\\\/08\\\/29\\\/le-president-de-la-republique-recoit-le-president-du-conseil-superieur-de-la-jeunesse\\\/#article\",\"isPartOf\":{\"@id\":\"https:\\\/\\\/lasentinelle.dz\\\/index.php\\\/2023\\\/08\\\/29\\\/le-president-de-la-republique-recoit-le-president-du-conseil-superieur-de-la-jeunesse\\\/\"},\"author\":{\"name\":\"Azzedine Belferag\",\"@id\":\"https:\\\/\\\/lasentinelle.dz\\\/#\\\/schema\\\/person\\\/e22c868643946ece5f328ac9d185b29f\"},\"headline\":\"Le pr\u00e9sident de la R\u00e9publique re\u00e7oit le pr\u00e9sident du Conseil sup\u00e9rieur de la jeunesse\",\"datePublished\":\"2023-08-29T20:15:00+00:00\",\"dateModified\":\"2023-08-29T20:19:14+00:00\",\"mainEntityOfPage\":{\"@id\":\"https:\\\/\\\/lasentinelle.dz\\\/index.php\\\/2023\\\/08\\\/29\\\/le-president-de-la-republique-recoit-le-president-du-conseil-superieur-de-la-jeunesse\\\/\"},\"wordCount\":439,\"commentCount\":0,\"publisher\":{\"@id\":\"https:\\\/\\\/lasentinelle.dz\\\/#organization\"},\"image\":{\"@id\":\"https:\\\/\\\/lasentinelle.dz\\\/index.php\\\/2023\\\/08\\\/29\\\/le-president-de-la-republique-recoit-le-president-du-conseil-superieur-de-la-jeunesse\\\/#primaryimage\"},\"thumbnailUrl\":\"https:\\\/\\\/lasentinelle.dz\\\/wp-content\\\/uploads\\\/2023\\\/08\\\/tebboune-1.jpeg\",\"articleSection\":[\"Actualit\u00e9\",\"Uncategorized\"],\"inLanguage\":\"fr-FR\",\"potentialAction\":[{\"@type\":\"CommentAction\",\"name\":\"Comment\",\"target\":[\"https:\\\/\\\/lasentinelle.dz\\\/index.php\\\/2023\\\/08\\\/29\\\/le-president-de-la-republique-recoit-le-president-du-conseil-superieur-de-la-jeunesse\\\/#respond\"]}]},{\"@type\":\"WebPage\",\"@id\":\"https:\\\/\\\/lasentinelle.dz\\\/index.php\\\/2023\\\/08\\\/29\\\/le-president-de-la-republique-recoit-le-president-du-conseil-superieur-de-la-jeunesse\\\/\",\"url\":\"https:\\\/\\\/lasentinelle.dz\\\/index.php\\\/2023\\\/08\\\/29\\\/le-president-de-la-republique-recoit-le-president-du-conseil-superieur-de-la-jeunesse\\\/\",\"name\":\"Le pr\u00e9sident de la R\u00e9publique re\u00e7oit le pr\u00e9sident du Conseil sup\u00e9rieur de la jeunesse - La Sentinelle\",\"isPartOf\":{\"@id\":\"https:\\\/\\\/lasentinelle.dz\\\/#website\"},\"primaryImageOfPage\":{\"@id\":\"https:\\\/\\\/lasentinelle.dz\\\/index.php\\\/2023\\\/08\\\/29\\\/le-president-de-la-republique-recoit-le-president-du-conseil-superieur-de-la-jeunesse\\\/#primaryimage\"},\"image\":{\"@id\":\"https:\\\/\\\/lasentinelle.dz\\\/index.php\\\/2023\\\/08\\\/29\\\/le-president-de-la-republique-recoit-le-president-du-conseil-superieur-de-la-jeunesse\\\/#primaryimage\"},\"thumbnailUrl\":\"https:\\\/\\\/lasentinelle.dz\\\/wp-content\\\/uploads\\\/2023\\\/08\\\/tebboune-1.jpeg\",\"datePublished\":\"2023-08-29T20:15:00+00:00\",\"dateModified\":\"2023-08-29T20:19:14+00:00\",\"breadcrumb\":{\"@id\":\"https:\\\/\\\/lasentinelle.dz\\\/index.php\\\/2023\\\/08\\\/29\\\/le-president-de-la-republique-recoit-le-president-du-conseil-superieur-de-la-jeunesse\\\/#breadcrumb\"},\"inLanguage\":\"fr-FR\",\"potentialAction\":[{\"@type\":\"ReadAction\",\"target\":[\"https:\\\/\\\/lasentinelle.dz\\\/index.php\\\/2023\\\/08\\\/29\\\/le-president-de-la-republique-recoit-le-president-du-conseil-superieur-de-la-jeunesse\\\/\"]}]},{\"@type\":\"ImageObject\",\"inLanguage\":\"fr-FR\",\"@id\":\"https:\\\/\\\/lasentinelle.dz\\\/index.php\\\/2023\\\/08\\\/29\\\/le-president-de-la-republique-recoit-le-president-du-conseil-superieur-de-la-jeunesse\\\/#primaryimage\",\"url\":\"https:\\\/\\\/lasentinelle.dz\\\/wp-content\\\/uploads\\\/2023\\\/08\\\/tebboune-1.jpeg\",\"contentUrl\":\"https:\\\/\\\/lasentinelle.dz\\\/wp-content\\\/uploads\\\/2023\\\/08\\\/tebboune-1.jpeg\",\"width\":1280,\"height\":1105},{\"@type\":\"BreadcrumbList\",\"@id\":\"https:\\\/\\\/lasentinelle.dz\\\/index.php\\\/2023\\\/08\\\/29\\\/le-president-de-la-republique-recoit-le-president-du-conseil-superieur-de-la-jeunesse\\\/#breadcrumb\",\"itemListElement\":[{\"@type\":\"ListItem\",\"position\":1,\"name\":\"Accueil\",\"item\":\"https:\\\/\\\/lasentinelle.dz\\\/\"},{\"@type\":\"ListItem\",\"position\":2,\"name\":\"Le pr\u00e9sident de la R\u00e9publique re\u00e7oit le pr\u00e9sident du Conseil sup\u00e9rieur de la jeunesse\"}]},{\"@type\":\"WebSite\",\"@id\":\"https:\\\/\\\/lasentinelle.dz\\\/#website\",\"url\":\"https:\\\/\\\/lasentinelle.dz\\\/\",\"name\":\"La Sentinelle\",\"description\":\"Quotidien national d&#039;information\",\"publisher\":{\"@id\":\"https:\\\/\\\/lasentinelle.dz\\\/#organization\"},\"potentialAction\":[{\"@type\":\"SearchAction\",\"target\":{\"@type\":\"EntryPoint\",\"urlTemplate\":\"https:\\\/\\\/lasentinelle.dz\\\/?s={search_term_string}\"},\"query-input\":{\"@type\":\"PropertyValueSpecification\",\"valueRequired\":true,\"valueName\":\"search_term_string\"}}],\"inLanguage\":\"fr-FR\"},{\"@type\":\"Organization\",\"@id\":\"https:\\\/\\\/lasentinelle.dz\\\/#organization\",\"name\":\"Quotidien La Sentinelle\",\"url\":\"https:\\\/\\\/lasentinelle.dz\\\/\",\"logo\":{\"@type\":\"ImageObject\",\"inLanguage\":\"fr-FR\",\"@id\":\"https:\\\/\\\/lasentinelle.dz\\\/#\\\/schema\\\/logo\\\/image\\\/\",\"url\":\"https:\\\/\\\/lasentinelle.dz\\\/wp-content\\\/uploads\\\/2021\\\/09\\\/logo-sentinelleSLOGAN-1.png\",\"contentUrl\":\"https:\\\/\\\/lasentinelle.dz\\\/wp-content\\\/uploads\\\/2021\\\/09\\\/logo-sentinelleSLOGAN-1.png\",\"width\":615,\"height\":142,\"caption\":\"Quotidien La Sentinelle\"},\"image\":{\"@id\":\"https:\\\/\\\/lasentinelle.dz\\\/#\\\/schema\\\/logo\\\/image\\\/\"},\"sameAs\":[\"https:\\\/\\\/www.facebook.com\\\/La-Sentinelle-104059864394773\"]},{\"@type\":\"Person\",\"@id\":\"https:\\\/\\\/lasentinelle.dz\\\/#\\\/schema\\\/person\\\/e22c868643946ece5f328ac9d185b29f\",\"name\":\"Azzedine Belferag\",\"image\":{\"@type\":\"ImageObject\",\"inLanguage\":\"fr-FR\",\"@id\":\"https:\\\/\\\/secure.gravatar.com\\\/avatar\\\/767ecc3bfcf23cd6d0dae1705f124feb13a88fded1daa56498e4fb3aa3fc36a1?s=96&d=mm&r=g\",\"url\":\"https:\\\/\\\/secure.gravatar.com\\\/avatar\\\/767ecc3bfcf23cd6d0dae1705f124feb13a88fded1daa56498e4fb3aa3fc36a1?s=96&d=mm&r=g\",\"contentUrl\":\"https:\\\/\\\/secure.gravatar.com\\\/avatar\\\/767ecc3bfcf23cd6d0dae1705f124feb13a88fded1daa56498e4fb3aa3fc36a1?s=96&d=mm&r=g\",\"caption\":\"Azzedine Belferag\"},\"sameAs\":[\"http:\\\/\\\/www.lasentinelle.dz\"],\"url\":\"https:\\\/\\\/lasentinelle.dz\\\/author\\\/belferag\\\/\"}]}<\/script>\n<!-- \/ Yoast SEO plugin. -->","yoast_head_json":{"title":"Le pr\u00e9sident de la R\u00e9publique re\u00e7oit le pr\u00e9sident du Conseil sup\u00e9rieur de la jeunesse - La Sentinelle","robots":{"index":"index","follow":"follow","max-snippet":"max-snippet:-1","max-image-preview":"max-image-preview:large","max-video-preview":"max-video-preview:-1"},"canonical":"https:\/\/lasentinelle.dz\/index.php\/2023\/08\/29\/le-president-de-la-republique-recoit-le-president-du-conseil-superieur-de-la-jeunesse\/","og_locale":"fr_FR","og_type":"article","og_title":"Le pr\u00e9sident de la R\u00e9publique re\u00e7oit le pr\u00e9sident du Conseil sup\u00e9rieur de la jeunesse - La Sentinelle","og_description":"La n\u00e9cessit\u00e9 de renforcer la d\u00e9mocratie participative soulign\u00e9e Le pr\u00e9sident de la R\u00e9publique, M. Abdelmadjid Tebboune, a re\u00e7u hier le","og_url":"https:\/\/lasentinelle.dz\/index.php\/2023\/08\/29\/le-president-de-la-republique-recoit-le-president-du-conseil-superieur-de-la-jeunesse\/","og_site_name":"La Sentinelle","article_publisher":"https:\/\/www.facebook.com\/La-Sentinelle-104059864394773","article_published_time":"2023-08-29T20:15:00+00:00","article_modified_time":"2023-08-29T20:19:14+00:00","og_image":[{"width":1280,"height":1105,"url":"https:\/\/lasentinelle.dz\/wp-content\/uploads\/2023\/08\/tebboune-1.jpeg","type":"image\/jpeg"}],"author":"Azzedine Belferag","twitter_card":"summary_large_image","twitter_misc":{"\u00c9crit par":"Azzedine Belferag","Dur\u00e9e de lecture estim\u00e9e":"2 minutes"},"schema":{"@context":"https:\/\/schema.org","@graph":[{"@type":"Article","@id":"https:\/\/lasentinelle.dz\/index.php\/2023\/08\/29\/le-president-de-la-republique-recoit-le-president-du-conseil-superieur-de-la-jeunesse\/#article","isPartOf":{"@id":"https:\/\/lasentinelle.dz\/index.php\/2023\/08\/29\/le-president-de-la-republique-recoit-le-president-du-conseil-superieur-de-la-jeunesse\/"},"author":{"name":"Azzedine Belferag","@id":"https:\/\/lasentinelle.dz\/#\/schema\/person\/e22c868643946ece5f328ac9d185b29f"},"headline":"Le pr\u00e9sident de la R\u00e9publique re\u00e7oit le pr\u00e9sident du Conseil sup\u00e9rieur de la jeunesse","datePublished":"2023-08-29T20:15:00+00:00","dateModified":"2023-08-29T20:19:14+00:00","mainEntityOfPage":{"@id":"https:\/\/lasentinelle.dz\/index.php\/2023\/08\/29\/le-president-de-la-republique-recoit-le-president-du-conseil-superieur-de-la-jeunesse\/"},"wordCount":439,"commentCount":0,"publisher":{"@id":"https:\/\/lasentinelle.dz\/#organization"},"image":{"@id":"https:\/\/lasentinelle.dz\/index.php\/2023\/08\/29\/le-president-de-la-republique-recoit-le-president-du-conseil-superieur-de-la-jeunesse\/#primaryimage"},"thumbnailUrl":"https:\/\/lasentinelle.dz\/wp-content\/uploads\/2023\/08\/tebboune-1.jpeg","articleSection":["Actualit\u00e9","Uncategorized"],"inLanguage":"fr-FR","potentialAction":[{"@type":"CommentAction","name":"Comment","target":["https:\/\/lasentinelle.dz\/index.php\/2023\/08\/29\/le-president-de-la-republique-recoit-le-president-du-conseil-superieur-de-la-jeunesse\/#respond"]}]},{"@type":"WebPage","@id":"https:\/\/lasentinelle.dz\/index.php\/2023\/08\/29\/le-president-de-la-republique-recoit-le-president-du-conseil-superieur-de-la-jeunesse\/","url":"https:\/\/lasentinelle.dz\/index.php\/2023\/08\/29\/le-president-de-la-republique-recoit-le-president-du-conseil-superieur-de-la-jeunesse\/","name":"Le pr\u00e9sident de la R\u00e9publique re\u00e7oit le pr\u00e9sident du Conseil sup\u00e9rieur de la jeunesse - La Sentinelle","isPartOf":{"@id":"https:\/\/lasentinelle.dz\/#website"},"primaryImageOfPage":{"@id":"https:\/\/lasentinelle.dz\/index.php\/2023\/08\/29\/le-president-de-la-republique-recoit-le-president-du-conseil-superieur-de-la-jeunesse\/#primaryimage"},"image":{"@id":"https:\/\/lasentinelle.dz\/index.php\/2023\/08\/29\/le-president-de-la-republique-recoit-le-president-du-conseil-superieur-de-la-jeunesse\/#primaryimage"},"thumbnailUrl":"https:\/\/lasentinelle.dz\/wp-content\/uploads\/2023\/08\/tebboune-1.jpeg","datePublished":"2023-08-29T20:15:00+00:00","dateModified":"2023-08-29T20:19:14+00:00","breadcrumb":{"@id":"https:\/\/lasentinelle.dz\/index.php\/2023\/08\/29\/le-president-de-la-republique-recoit-le-president-du-conseil-superieur-de-la-jeunesse\/#breadcrumb"},"inLanguage":"fr-FR","potentialAction":[{"@type":"ReadAction","target":["https:\/\/lasentinelle.dz\/index.php\/2023\/08\/29\/le-president-de-la-republique-recoit-le-president-du-conseil-superieur-de-la-jeunesse\/"]}]},{"@type":"ImageObject","inLanguage":"fr-FR","@id":"https:\/\/lasentinelle.dz\/index.php\/2023\/08\/29\/le-president-de-la-republique-recoit-le-president-du-conseil-superieur-de-la-jeunesse\/#primaryimage","url":"https:\/\/lasentinelle.dz\/wp-content\/uploads\/2023\/08\/tebboune-1.jpeg","contentUrl":"https:\/\/lasentinelle.dz\/wp-content\/uploads\/2023\/08\/tebboune-1.jpeg","width":1280,"height":1105},{"@type":"BreadcrumbList","@id":"https:\/\/lasentinelle.dz\/index.php\/2023\/08\/29\/le-president-de-la-republique-recoit-le-president-du-conseil-superieur-de-la-jeunesse\/#breadcrumb","itemListElement":[{"@type":"ListItem","position":1,"name":"Accueil","item":"https:\/\/lasentinelle.dz\/"},{"@type":"ListItem","position":2,"name":"Le pr\u00e9sident de la R\u00e9publique re\u00e7oit le pr\u00e9sident du Conseil sup\u00e9rieur de la jeunesse"}]},{"@type":"WebSite","@id":"https:\/\/lasentinelle.dz\/#website","url":"https:\/\/lasentinelle.dz\/","name":"La Sentinelle","description":"Quotidien national d&#039;information","publisher":{"@id":"https:\/\/lasentinelle.dz\/#organization"},"potentialAction":[{"@type":"SearchAction","target":{"@type":"EntryPoint","urlTemplate":"https:\/\/lasentinelle.dz\/?s={search_term_string}"},"query-input":{"@type":"PropertyValueSpecification","valueRequired":true,"valueName":"search_term_string"}}],"inLanguage":"fr-FR"},{"@type":"Organization","@id":"https:\/\/lasentinelle.dz\/#organization","name":"Quotidien La Sentinelle","url":"https:\/\/lasentinelle.dz\/","logo":{"@type":"ImageObject","inLanguage":"fr-FR","@id":"https:\/\/lasentinelle.dz\/#\/schema\/logo\/image\/","url":"https:\/\/lasentinelle.dz\/wp-content\/uploads\/2021\/09\/logo-sentinelleSLOGAN-1.png","contentUrl":"https:\/\/lasentinelle.dz\/wp-content\/uploads\/2021\/09\/logo-sentinelleSLOGAN-1.png","width":615,"height":142,"caption":"Quotidien La Sentinelle"},"image":{"@id":"https:\/\/lasentinelle.dz\/#\/schema\/logo\/image\/"},"sameAs":["https:\/\/www.facebook.com\/La-Sentinelle-104059864394773"]},{"@type":"Person","@id":"https:\/\/lasentinelle.dz\/#\/schema\/person\/e22c868643946ece5f328ac9d185b29f","name":"Azzedine Belferag","image":{"@type":"ImageObject","inLanguage":"fr-FR","@id":"https:\/\/secure.gravatar.com\/avatar\/767ecc3bfcf23cd6d0dae1705f124feb13a88fded1daa56498e4fb3aa3fc36a1?s=96&d=mm&r=g","url":"https:\/\/secure.gravatar.com\/avatar\/767ecc3bfcf23cd6d0dae1705f124feb13a88fded1daa56498e4fb3aa3fc36a1?s=96&d=mm&r=g","contentUrl":"https:\/\/secure.gravatar.com\/avatar\/767ecc3bfcf23cd6d0dae1705f124feb13a88fded1daa56498e4fb3aa3fc36a1?s=96&d=mm&r=g","caption":"Azzedine Belferag"},"sameAs":["http:\/\/www.lasentinelle.dz"],"url":"https:\/\/lasentinelle.dz\/author\/belferag\/"}]}},"_links":{"self":[{"href":"https:\/\/lasentinelle.dz\/index.php\/wp-json\/wp\/v2\/posts\/45073","targetHints":{"allow":["GET"]}}],"collection":[{"href":"https:\/\/lasentinelle.dz\/index.php\/wp-json\/wp\/v2\/posts"}],"about":[{"href":"https:\/\/lasentinelle.dz\/index.php\/wp-json\/wp\/v2\/types\/post"}],"author":[{"embeddable":true,"href":"https:\/\/lasentinelle.dz\/index.php\/wp-json\/wp\/v2\/users\/2"}],"replies":[{"embeddable":true,"href":"https:\/\/lasentinelle.dz\/index.php\/wp-json\/wp\/v2\/comments?post=45073"}],"version-history":[{"count":1,"href":"https:\/\/lasentinelle.dz\/index.php\/wp-json\/wp\/v2\/posts\/45073\/revisions"}],"predecessor-version":[{"id":45075,"href":"https:\/\/lasentinelle.dz\/index.php\/wp-json\/wp\/v2\/posts\/45073\/revisions\/45075"}],"wp:featuredmedia":[{"embeddable":true,"href":"https:\/\/lasentinelle.dz\/index.php\/wp-json\/wp\/v2\/media\/45074"}],"wp:attachment":[{"href":"https:\/\/lasentinelle.dz\/index.php\/wp-json\/wp\/v2\/media?parent=45073"}],"wp:term":[{"taxonomy":"category","embeddable":true,"href":"https:\/\/lasentinelle.dz\/index.php\/wp-json\/wp\/v2\/categories?post=45073"},{"taxonomy":"post_tag","embeddable":true,"href":"https:\/\/lasentinelle.dz\/index.php\/wp-json\/wp\/v2\/tags?post=45073"}],"curies":[{"name":"wp","href":"https:\/\/api.w.org\/{rel}","templated":true}]}}