{"id":45076,"date":"2023-08-29T21:16:18","date_gmt":"2023-08-29T20:16:18","guid":{"rendered":"https:\/\/lasentinelle.dz\/?p=45076"},"modified":"2023-08-29T21:16:22","modified_gmt":"2023-08-29T20:16:22","slug":"explosions-nucleaires-de-reggane-et-in-ikker-un-crime-imprescriptible","status":"publish","type":"post","link":"https:\/\/lasentinelle.dz\/index.php\/2023\/08\/29\/explosions-nucleaires-de-reggane-et-in-ikker-un-crime-imprescriptible\/","title":{"rendered":"Explosions nucl\u00e9aires de Reggane et In Ikker\u00a0: Un crime imprescriptible"},"content":{"rendered":"\n<p>La c\u00e9l\u00e9bration de la Journ\u00e9e mondiale de lutte contre les essais nucl\u00e9aires est une occasion de r\u00e9it\u00e9rer l\u2019appel \u00e0 cesser ces essais. En Alg\u00e9rie, c\u2019est l\u2019occasion de se rem\u00e9morer un crime colonial que la France officielle refuse de reconna\u00eetre&nbsp;: les explosions nucl\u00e9aires de Reggane et d\u2019In Ikker, dont les effets continuent \u00e0 se faire sentir \u00e0 ce jour.<\/p>\n\n\n\n<p>Le monde a c\u00e9l\u00e9br\u00e9 hier la Journ\u00e9e internationale contre les essais nucl\u00e9aires&nbsp; initi\u00e9e par l\u2019Organisation des Nations unies. C\u2019est le 2 d\u00e9cembre 2009, lors de sa 64e session l\u2019Assembl\u00e9e g\u00e9n\u00e9rale de l\u2019ONU a proclam\u00e9 le 29 ao\u00fbt Journ\u00e9e internationale contre les essais nucl\u00e9aires. Une r\u00e9solution, la 64\/35, a \u00e9t\u00e9 adopt\u00e9e \u00e0 l\u2019effet d\u2019appeler \u00e0 sensibiliser les citoyens \u00ab aux effets des explosions exp\u00e9rimentales d\u2019armes atomiques et autres explosions nucl\u00e9aires et \u00e0 la n\u00e9cessit\u00e9 d\u2019y mettre fin, en tant que moyen parmi d\u2019autres de parvenir \u00e0 l\u2019objectif d\u2019un monde sans armes nucl\u00e9aires \u00bb.<\/p>\n\n\n\n<p>L\u2019Alg\u00e9rie qui a \u00e9t\u00e9 \u00e0 le th\u00e9\u00e2tre de pas moins de 17 essais nucl\u00e9aires op\u00e9r\u00e9s par la France du 13 f\u00e9vrier 1960 \u00e0 1966 dans la r\u00e9gion de Reggane et In Ikker, dans le Sahara alg\u00e9rien et connus sous le nom de code \u00ab Gerboise bleue \u00bb continue \u00e0 exiger de l\u2019ancien colonisateur d\u2019assumer ses responsabilit\u00e9s. La question continue \u00e0 faire parler d\u2019elle. Celle-ci demeure d\u2019ailleurs parmi les revendications alg\u00e9riennes exigeant de la France d\u2019assumer ses responsabilit\u00e9s, d\u2019identifier et d\u00e9contaminer les sites d&rsquo;enfouissement des mat\u00e9riaux radioactifs. Il est aussi question de prendre en charge les victimes des effets de radiation r\u00e9sultant de ces essais. Ces crimes consid\u00e9r\u00e9s comme \u00ab imprescriptibles \u00bb viennent de faire l\u2019objet, lundi, d\u2019un communiqu\u00e9 du Conseil national des droits de l&rsquo;Homme \u00e0 travers lequel le CNDH affirme que les essais nucl\u00e9aires fran\u00e7ais au Sahara alg\u00e9rien resteront \u00e0 jamais des crimes imprescriptibles engageant une \u00ab responsabilit\u00e9 juridique \u00bb. A l&rsquo;occasion de la Journ\u00e9e internationale contre les essais nucl\u00e9aires le CNDH a soulign\u00e9 que les explosions r\u00e9alis\u00e9es par la France coloniale au Sahara alg\u00e9rien avaient entra\u00een\u00e9 \u00ab la destruction et l&rsquo;annihilation de l&rsquo;homme, de la nature et de l&rsquo;environnement \u00bb. Les autorit\u00e9s fran\u00e7aises ont d\u00e9cid\u00e9 de faire du Sahara alg\u00e9rien le th\u00e9\u00e2tre des essais de la bombe nucl\u00e9aire \u00ab en pr\u00e9tendant, \u00e0 la tribune de l&rsquo;ONU, qu\u2019il s\u2019agissait d\u2019une zone inhabit\u00e9e \u00bb, a rappel\u00e9 l&rsquo;organisme consultatif, \u00e9voquant les r\u00e9percussions de ces explosions dont continuent de souffrir, \u00e0 ce jour, les petits-enfants des victimes. \u00ab Toutes les circonstances ayant entour\u00e9 ces explosions nucl\u00e9aires et l\u2019ampleur des effets des radiations qui en ont r\u00e9sult\u00e9 sur la population de la r\u00e9gion ne font aucun doute sur le caract\u00e8re intentionnel et pr\u00e9m\u00e9dit\u00e9 de ce crime \u00bb, a martel\u00e9 le CNDH, soutenant qu\u2019\u00ab il s\u2019agit d\u2019un crime imprescriptible qui engage une responsabilit\u00e9 juridique \u00bb. \u00ab Il est plus \u00e9vident que jamais que le dossier de la m\u00e9moire doit continuer \u00e0 \u00eatre brandi face \u00e0 quiconque songerait \u00e0 l&rsquo;occulter \u00bb, a insist\u00e9 le CNDH, soulignant que \u00ab les essais nucl\u00e9aires, en particulier, demeureront \u00e0 jamais des crimes imprescriptibles, dont les s\u00e9quelles ne sauraient \u00eatre r\u00e9par\u00e9es par une quelconque indemnisation, aussi importante soit-elle \u00bb. Cela \u00e9tant, \u00ab l\u2019espoir subsiste quant \u00e0 l\u2019att\u00e9nuation des effets de cette catastrophe, \u00e0 la faveur d&rsquo;une recherche approfondie permettant de traiter ce ph\u00e9nom\u00e8ne \u00bb, a estim\u00e9 l&rsquo;organisme consultatif, expliquant qu&rsquo;\u00ab il ne s&rsquo;agit pas seulement d\u2019octroyer des indemnisations ad\u00e9quates et d&rsquo;apporter un soutien psychosocial aux victimes de ces crimes coloniaux odieux, mais aussi d\u2019employer les m\u00e9thodes scientifiques pour trouver des solutions adapt\u00e9es aux probl\u00e8mes environnementaux qui exigent une d\u00e9contamination totale \u00bb.<\/p>\n\n\n\n<p><strong>Chokri Hafed<\/strong><\/p>\n\n\n\n<p><strong>Encadr\u00e9<\/strong><\/p>\n\n\n\n<p><strong>ONU&nbsp;: R\u00e9it\u00e9rer les appels \u00e0 mettre fin <\/strong><strong>aux essais nucl\u00e9aires<\/strong><\/p>\n\n\n\n<p>Le monde a c\u00e9l\u00e9br\u00e9 mardi la Journ\u00e9e internationale contre les essais nucl\u00e9aires, une occasion pour r\u00e9it\u00e9rer les appels \u00e0 mettre fin \u00e0 cette pratique destructive h\u00e9rit\u00e9e du pass\u00e9 afin de parvenir \u00e0 l\u2019objectif d\u2019un monde sans armes nucl\u00e9aires, selon l&rsquo;ONU. Le Trait\u00e9 d\u2019interdiction compl\u00e8te des essais nucl\u00e9aires, bien qu\u2019il ne soit pas encore entr\u00e9 en vigueur, \u00ab\u00a0continue d\u2019attester avec force la volont\u00e9 de l\u2019humanit\u00e9 de dissiper une fois pour toutes la menace d\u2019un an\u00e9antissement de notre monde par l\u2019arme nucl\u00e9aire\u00a0\u00bb, souligne le Secr\u00e9taire g\u00e9n\u00e9ral des Nations unies, Antonio Guterres, r\u00e9it\u00e9rant son appel aux pays qui ne l\u2019ont pas encore ratifi\u00e9 \u00e0 le faire \u00ab\u00a0imm\u00e9diatement et sans conditions\u00a0\u00bb. Dans son message \u00e0 l&rsquo;occasion de cette Journ\u00e9e internationale contre les essais nucl\u00e9aires, c\u00e9l\u00e9br\u00e9e le 29 ao\u00fbt de chaque ann\u00e9e, M. Guterres a qualifi\u00e9 d'\u00a0\u00bb\u00e9tape primordiale dans notre qu\u00eate d\u2019un monde exempt d\u2019armes nucl\u00e9aires\u00a0\u00bb, l\u2019interdiction juridiquement contraignante de tous les essais nucl\u00e9aires. Plus de 2.000 essais nucl\u00e9aires ont caus\u00e9 \u00ab\u00a0d\u2019effroyables souffrances humaines\u00a0\u00bb depuis 1945, ajoute le chef de l&rsquo;ONU. Ils ont \u00ab\u00a0empoisonn\u00e9 l\u2019air que nous respirons et ravag\u00e9 des paysages dans le monde entier\u00a0\u00bb. Avec un stock mondial de pr\u00e8s de 13.000 armes nucl\u00e9aires, dont des pays s\u2019emploient \u00e0 am\u00e9liorer la pr\u00e9cision, la port\u00e9e et la puissance destructrice, \u00ab\u00a0nous sommes s\u00fbrs d\u2019aller vers l\u2019an\u00e9antissement\u00a0\u00bb, pr\u00e9vient encore le SG de l&rsquo;ONU.<\/p>\n","protected":false},"excerpt":{"rendered":"<p>La c\u00e9l\u00e9bration de la Journ\u00e9e mondiale de lutte contre les essais nucl\u00e9aires est une occasion de r\u00e9it\u00e9rer l\u2019appel \u00e0 cesser<\/p>\n","protected":false},"author":2,"featured_media":45077,"comment_status":"open","ping_status":"closed","sticky":false,"template":"","format":"standard","meta":{"colormag_page_container_layout":"default_layout","colormag_page_sidebar_layout":"default_layout","om_disable_all_campaigns":false,"_monsterinsights_skip_tracking":false,"_monsterinsights_sitenote_active":false,"_monsterinsights_sitenote_note":"","_monsterinsights_sitenote_category":0,"footnotes":"","_wpscppro_dont_share_socialmedia":false,"_wpscppro_custom_social_share_image":0,"_facebook_share_type":"","_twitter_share_type":"","_linkedin_share_type":"","_pinterest_share_type":"","_linkedin_share_type_page":"","_instagram_share_type":"","_medium_share_type":"","_threads_share_type":"","_google_business_share_type":"","_selected_social_profile":[],"_wpsp_enable_custom_social_template":false,"_wpsp_social_scheduling":{"enabled":false,"datetime":null,"platforms":[],"status":"template_only","dateOption":"today","timeOption":"now","customDays":"","customHours":"","customDate":"","customTime":"","schedulingType":"absolute"},"_wpsp_active_default_template":true},"categories":[52,27],"tags":[],"class_list":["post-45076","post","type-post","status-publish","format-standard","has-post-thumbnail","hentry","category-a-la-une","category-actualite"],"aioseo_notices":[],"yoast_head":"<!-- This site is optimized with the Yoast SEO plugin v27.5 - https:\/\/yoast.com\/product\/yoast-seo-wordpress\/ -->\n<title>Explosions nucl\u00e9aires de Reggane et In Ikker\u00a0: Un crime imprescriptible - La Sentinelle<\/title>\n<meta name=\"robots\" content=\"index, follow, max-snippet:-1, max-image-preview:large, max-video-preview:-1\" \/>\n<link rel=\"canonical\" href=\"https:\/\/lasentinelle.dz\/index.php\/2023\/08\/29\/explosions-nucleaires-de-reggane-et-in-ikker-un-crime-imprescriptible\/\" \/>\n<meta property=\"og:locale\" content=\"fr_FR\" \/>\n<meta property=\"og:type\" content=\"article\" \/>\n<meta property=\"og:title\" content=\"Explosions nucl\u00e9aires de Reggane et In Ikker\u00a0: Un crime imprescriptible - La Sentinelle\" \/>\n<meta property=\"og:description\" content=\"La c\u00e9l\u00e9bration de la Journ\u00e9e mondiale de lutte contre les essais nucl\u00e9aires est une occasion de r\u00e9it\u00e9rer l\u2019appel \u00e0 cesser\" \/>\n<meta property=\"og:url\" content=\"https:\/\/lasentinelle.dz\/index.php\/2023\/08\/29\/explosions-nucleaires-de-reggane-et-in-ikker-un-crime-imprescriptible\/\" \/>\n<meta property=\"og:site_name\" content=\"La Sentinelle\" \/>\n<meta property=\"article:publisher\" content=\"https:\/\/www.facebook.com\/La-Sentinelle-104059864394773\" \/>\n<meta property=\"article:published_time\" content=\"2023-08-29T20:16:18+00:00\" \/>\n<meta property=\"article:modified_time\" content=\"2023-08-29T20:16:22+00:00\" \/>\n<meta property=\"og:image\" content=\"https:\/\/lasentinelle.dz\/wp-content\/uploads\/2023\/08\/essais-nucleaires.jpeg\" \/>\n\t<meta property=\"og:image:width\" content=\"745\" \/>\n\t<meta property=\"og:image:height\" content=\"470\" \/>\n\t<meta property=\"og:image:type\" content=\"image\/jpeg\" \/>\n<meta name=\"author\" content=\"Azzedine Belferag\" \/>\n<meta name=\"twitter:card\" content=\"summary_large_image\" \/>\n<meta name=\"twitter:label1\" content=\"\u00c9crit par\" \/>\n\t<meta name=\"twitter:data1\" content=\"Azzedine Belferag\" \/>\n\t<meta name=\"twitter:label2\" content=\"Dur\u00e9e de lecture estim\u00e9e\" \/>\n\t<meta name=\"twitter:data2\" content=\"5 minutes\" \/>\n<script type=\"application\/ld+json\" class=\"yoast-schema-graph\">{\"@context\":\"https:\\\/\\\/schema.org\",\"@graph\":[{\"@type\":\"Article\",\"@id\":\"https:\\\/\\\/lasentinelle.dz\\\/index.php\\\/2023\\\/08\\\/29\\\/explosions-nucleaires-de-reggane-et-in-ikker-un-crime-imprescriptible\\\/#article\",\"isPartOf\":{\"@id\":\"https:\\\/\\\/lasentinelle.dz\\\/index.php\\\/2023\\\/08\\\/29\\\/explosions-nucleaires-de-reggane-et-in-ikker-un-crime-imprescriptible\\\/\"},\"author\":{\"name\":\"Azzedine Belferag\",\"@id\":\"https:\\\/\\\/lasentinelle.dz\\\/#\\\/schema\\\/person\\\/e22c868643946ece5f328ac9d185b29f\"},\"headline\":\"Explosions nucl\u00e9aires de Reggane et In Ikker\u00a0: Un crime imprescriptible\",\"datePublished\":\"2023-08-29T20:16:18+00:00\",\"dateModified\":\"2023-08-29T20:16:22+00:00\",\"mainEntityOfPage\":{\"@id\":\"https:\\\/\\\/lasentinelle.dz\\\/index.php\\\/2023\\\/08\\\/29\\\/explosions-nucleaires-de-reggane-et-in-ikker-un-crime-imprescriptible\\\/\"},\"wordCount\":954,\"commentCount\":0,\"publisher\":{\"@id\":\"https:\\\/\\\/lasentinelle.dz\\\/#organization\"},\"image\":{\"@id\":\"https:\\\/\\\/lasentinelle.dz\\\/index.php\\\/2023\\\/08\\\/29\\\/explosions-nucleaires-de-reggane-et-in-ikker-un-crime-imprescriptible\\\/#primaryimage\"},\"thumbnailUrl\":\"https:\\\/\\\/lasentinelle.dz\\\/wp-content\\\/uploads\\\/2023\\\/08\\\/essais-nucleaires.jpeg\",\"articleSection\":[\"\u00c0 la Une\",\"Actualit\u00e9\"],\"inLanguage\":\"fr-FR\",\"potentialAction\":[{\"@type\":\"CommentAction\",\"name\":\"Comment\",\"target\":[\"https:\\\/\\\/lasentinelle.dz\\\/index.php\\\/2023\\\/08\\\/29\\\/explosions-nucleaires-de-reggane-et-in-ikker-un-crime-imprescriptible\\\/#respond\"]}]},{\"@type\":\"WebPage\",\"@id\":\"https:\\\/\\\/lasentinelle.dz\\\/index.php\\\/2023\\\/08\\\/29\\\/explosions-nucleaires-de-reggane-et-in-ikker-un-crime-imprescriptible\\\/\",\"url\":\"https:\\\/\\\/lasentinelle.dz\\\/index.php\\\/2023\\\/08\\\/29\\\/explosions-nucleaires-de-reggane-et-in-ikker-un-crime-imprescriptible\\\/\",\"name\":\"Explosions nucl\u00e9aires de Reggane et In Ikker\u00a0: Un crime imprescriptible - La Sentinelle\",\"isPartOf\":{\"@id\":\"https:\\\/\\\/lasentinelle.dz\\\/#website\"},\"primaryImageOfPage\":{\"@id\":\"https:\\\/\\\/lasentinelle.dz\\\/index.php\\\/2023\\\/08\\\/29\\\/explosions-nucleaires-de-reggane-et-in-ikker-un-crime-imprescriptible\\\/#primaryimage\"},\"image\":{\"@id\":\"https:\\\/\\\/lasentinelle.dz\\\/index.php\\\/2023\\\/08\\\/29\\\/explosions-nucleaires-de-reggane-et-in-ikker-un-crime-imprescriptible\\\/#primaryimage\"},\"thumbnailUrl\":\"https:\\\/\\\/lasentinelle.dz\\\/wp-content\\\/uploads\\\/2023\\\/08\\\/essais-nucleaires.jpeg\",\"datePublished\":\"2023-08-29T20:16:18+00:00\",\"dateModified\":\"2023-08-29T20:16:22+00:00\",\"breadcrumb\":{\"@id\":\"https:\\\/\\\/lasentinelle.dz\\\/index.php\\\/2023\\\/08\\\/29\\\/explosions-nucleaires-de-reggane-et-in-ikker-un-crime-imprescriptible\\\/#breadcrumb\"},\"inLanguage\":\"fr-FR\",\"potentialAction\":[{\"@type\":\"ReadAction\",\"target\":[\"https:\\\/\\\/lasentinelle.dz\\\/index.php\\\/2023\\\/08\\\/29\\\/explosions-nucleaires-de-reggane-et-in-ikker-un-crime-imprescriptible\\\/\"]}]},{\"@type\":\"ImageObject\",\"inLanguage\":\"fr-FR\",\"@id\":\"https:\\\/\\\/lasentinelle.dz\\\/index.php\\\/2023\\\/08\\\/29\\\/explosions-nucleaires-de-reggane-et-in-ikker-un-crime-imprescriptible\\\/#primaryimage\",\"url\":\"https:\\\/\\\/lasentinelle.dz\\\/wp-content\\\/uploads\\\/2023\\\/08\\\/essais-nucleaires.jpeg\",\"contentUrl\":\"https:\\\/\\\/lasentinelle.dz\\\/wp-content\\\/uploads\\\/2023\\\/08\\\/essais-nucleaires.jpeg\",\"width\":745,\"height\":470},{\"@type\":\"BreadcrumbList\",\"@id\":\"https:\\\/\\\/lasentinelle.dz\\\/index.php\\\/2023\\\/08\\\/29\\\/explosions-nucleaires-de-reggane-et-in-ikker-un-crime-imprescriptible\\\/#breadcrumb\",\"itemListElement\":[{\"@type\":\"ListItem\",\"position\":1,\"name\":\"Accueil\",\"item\":\"https:\\\/\\\/lasentinelle.dz\\\/\"},{\"@type\":\"ListItem\",\"position\":2,\"name\":\"Explosions nucl\u00e9aires de Reggane et In Ikker\u00a0: Un crime imprescriptible\"}]},{\"@type\":\"WebSite\",\"@id\":\"https:\\\/\\\/lasentinelle.dz\\\/#website\",\"url\":\"https:\\\/\\\/lasentinelle.dz\\\/\",\"name\":\"La Sentinelle\",\"description\":\"Quotidien national d&#039;information\",\"publisher\":{\"@id\":\"https:\\\/\\\/lasentinelle.dz\\\/#organization\"},\"potentialAction\":[{\"@type\":\"SearchAction\",\"target\":{\"@type\":\"EntryPoint\",\"urlTemplate\":\"https:\\\/\\\/lasentinelle.dz\\\/?s={search_term_string}\"},\"query-input\":{\"@type\":\"PropertyValueSpecification\",\"valueRequired\":true,\"valueName\":\"search_term_string\"}}],\"inLanguage\":\"fr-FR\"},{\"@type\":\"Organization\",\"@id\":\"https:\\\/\\\/lasentinelle.dz\\\/#organization\",\"name\":\"Quotidien La Sentinelle\",\"url\":\"https:\\\/\\\/lasentinelle.dz\\\/\",\"logo\":{\"@type\":\"ImageObject\",\"inLanguage\":\"fr-FR\",\"@id\":\"https:\\\/\\\/lasentinelle.dz\\\/#\\\/schema\\\/logo\\\/image\\\/\",\"url\":\"https:\\\/\\\/lasentinelle.dz\\\/wp-content\\\/uploads\\\/2021\\\/09\\\/logo-sentinelleSLOGAN-1.png\",\"contentUrl\":\"https:\\\/\\\/lasentinelle.dz\\\/wp-content\\\/uploads\\\/2021\\\/09\\\/logo-sentinelleSLOGAN-1.png\",\"width\":615,\"height\":142,\"caption\":\"Quotidien La Sentinelle\"},\"image\":{\"@id\":\"https:\\\/\\\/lasentinelle.dz\\\/#\\\/schema\\\/logo\\\/image\\\/\"},\"sameAs\":[\"https:\\\/\\\/www.facebook.com\\\/La-Sentinelle-104059864394773\"]},{\"@type\":\"Person\",\"@id\":\"https:\\\/\\\/lasentinelle.dz\\\/#\\\/schema\\\/person\\\/e22c868643946ece5f328ac9d185b29f\",\"name\":\"Azzedine Belferag\",\"image\":{\"@type\":\"ImageObject\",\"inLanguage\":\"fr-FR\",\"@id\":\"https:\\\/\\\/secure.gravatar.com\\\/avatar\\\/767ecc3bfcf23cd6d0dae1705f124feb13a88fded1daa56498e4fb3aa3fc36a1?s=96&d=mm&r=g\",\"url\":\"https:\\\/\\\/secure.gravatar.com\\\/avatar\\\/767ecc3bfcf23cd6d0dae1705f124feb13a88fded1daa56498e4fb3aa3fc36a1?s=96&d=mm&r=g\",\"contentUrl\":\"https:\\\/\\\/secure.gravatar.com\\\/avatar\\\/767ecc3bfcf23cd6d0dae1705f124feb13a88fded1daa56498e4fb3aa3fc36a1?s=96&d=mm&r=g\",\"caption\":\"Azzedine Belferag\"},\"sameAs\":[\"http:\\\/\\\/www.lasentinelle.dz\"],\"url\":\"https:\\\/\\\/lasentinelle.dz\\\/author\\\/belferag\\\/\"}]}<\/script>\n<!-- \/ Yoast SEO plugin. -->","yoast_head_json":{"title":"Explosions nucl\u00e9aires de Reggane et In Ikker\u00a0: Un crime imprescriptible - La Sentinelle","robots":{"index":"index","follow":"follow","max-snippet":"max-snippet:-1","max-image-preview":"max-image-preview:large","max-video-preview":"max-video-preview:-1"},"canonical":"https:\/\/lasentinelle.dz\/index.php\/2023\/08\/29\/explosions-nucleaires-de-reggane-et-in-ikker-un-crime-imprescriptible\/","og_locale":"fr_FR","og_type":"article","og_title":"Explosions nucl\u00e9aires de Reggane et In Ikker\u00a0: Un crime imprescriptible - La Sentinelle","og_description":"La c\u00e9l\u00e9bration de la Journ\u00e9e mondiale de lutte contre les essais nucl\u00e9aires est une occasion de r\u00e9it\u00e9rer l\u2019appel \u00e0 cesser","og_url":"https:\/\/lasentinelle.dz\/index.php\/2023\/08\/29\/explosions-nucleaires-de-reggane-et-in-ikker-un-crime-imprescriptible\/","og_site_name":"La Sentinelle","article_publisher":"https:\/\/www.facebook.com\/La-Sentinelle-104059864394773","article_published_time":"2023-08-29T20:16:18+00:00","article_modified_time":"2023-08-29T20:16:22+00:00","og_image":[{"width":745,"height":470,"url":"https:\/\/lasentinelle.dz\/wp-content\/uploads\/2023\/08\/essais-nucleaires.jpeg","type":"image\/jpeg"}],"author":"Azzedine Belferag","twitter_card":"summary_large_image","twitter_misc":{"\u00c9crit par":"Azzedine Belferag","Dur\u00e9e de lecture estim\u00e9e":"5 minutes"},"schema":{"@context":"https:\/\/schema.org","@graph":[{"@type":"Article","@id":"https:\/\/lasentinelle.dz\/index.php\/2023\/08\/29\/explosions-nucleaires-de-reggane-et-in-ikker-un-crime-imprescriptible\/#article","isPartOf":{"@id":"https:\/\/lasentinelle.dz\/index.php\/2023\/08\/29\/explosions-nucleaires-de-reggane-et-in-ikker-un-crime-imprescriptible\/"},"author":{"name":"Azzedine Belferag","@id":"https:\/\/lasentinelle.dz\/#\/schema\/person\/e22c868643946ece5f328ac9d185b29f"},"headline":"Explosions nucl\u00e9aires de Reggane et In Ikker\u00a0: Un crime imprescriptible","datePublished":"2023-08-29T20:16:18+00:00","dateModified":"2023-08-29T20:16:22+00:00","mainEntityOfPage":{"@id":"https:\/\/lasentinelle.dz\/index.php\/2023\/08\/29\/explosions-nucleaires-de-reggane-et-in-ikker-un-crime-imprescriptible\/"},"wordCount":954,"commentCount":0,"publisher":{"@id":"https:\/\/lasentinelle.dz\/#organization"},"image":{"@id":"https:\/\/lasentinelle.dz\/index.php\/2023\/08\/29\/explosions-nucleaires-de-reggane-et-in-ikker-un-crime-imprescriptible\/#primaryimage"},"thumbnailUrl":"https:\/\/lasentinelle.dz\/wp-content\/uploads\/2023\/08\/essais-nucleaires.jpeg","articleSection":["\u00c0 la Une","Actualit\u00e9"],"inLanguage":"fr-FR","potentialAction":[{"@type":"CommentAction","name":"Comment","target":["https:\/\/lasentinelle.dz\/index.php\/2023\/08\/29\/explosions-nucleaires-de-reggane-et-in-ikker-un-crime-imprescriptible\/#respond"]}]},{"@type":"WebPage","@id":"https:\/\/lasentinelle.dz\/index.php\/2023\/08\/29\/explosions-nucleaires-de-reggane-et-in-ikker-un-crime-imprescriptible\/","url":"https:\/\/lasentinelle.dz\/index.php\/2023\/08\/29\/explosions-nucleaires-de-reggane-et-in-ikker-un-crime-imprescriptible\/","name":"Explosions nucl\u00e9aires de Reggane et In Ikker\u00a0: Un crime imprescriptible - La Sentinelle","isPartOf":{"@id":"https:\/\/lasentinelle.dz\/#website"},"primaryImageOfPage":{"@id":"https:\/\/lasentinelle.dz\/index.php\/2023\/08\/29\/explosions-nucleaires-de-reggane-et-in-ikker-un-crime-imprescriptible\/#primaryimage"},"image":{"@id":"https:\/\/lasentinelle.dz\/index.php\/2023\/08\/29\/explosions-nucleaires-de-reggane-et-in-ikker-un-crime-imprescriptible\/#primaryimage"},"thumbnailUrl":"https:\/\/lasentinelle.dz\/wp-content\/uploads\/2023\/08\/essais-nucleaires.jpeg","datePublished":"2023-08-29T20:16:18+00:00","dateModified":"2023-08-29T20:16:22+00:00","breadcrumb":{"@id":"https:\/\/lasentinelle.dz\/index.php\/2023\/08\/29\/explosions-nucleaires-de-reggane-et-in-ikker-un-crime-imprescriptible\/#breadcrumb"},"inLanguage":"fr-FR","potentialAction":[{"@type":"ReadAction","target":["https:\/\/lasentinelle.dz\/index.php\/2023\/08\/29\/explosions-nucleaires-de-reggane-et-in-ikker-un-crime-imprescriptible\/"]}]},{"@type":"ImageObject","inLanguage":"fr-FR","@id":"https:\/\/lasentinelle.dz\/index.php\/2023\/08\/29\/explosions-nucleaires-de-reggane-et-in-ikker-un-crime-imprescriptible\/#primaryimage","url":"https:\/\/lasentinelle.dz\/wp-content\/uploads\/2023\/08\/essais-nucleaires.jpeg","contentUrl":"https:\/\/lasentinelle.dz\/wp-content\/uploads\/2023\/08\/essais-nucleaires.jpeg","width":745,"height":470},{"@type":"BreadcrumbList","@id":"https:\/\/lasentinelle.dz\/index.php\/2023\/08\/29\/explosions-nucleaires-de-reggane-et-in-ikker-un-crime-imprescriptible\/#breadcrumb","itemListElement":[{"@type":"ListItem","position":1,"name":"Accueil","item":"https:\/\/lasentinelle.dz\/"},{"@type":"ListItem","position":2,"name":"Explosions nucl\u00e9aires de Reggane et In Ikker\u00a0: Un crime imprescriptible"}]},{"@type":"WebSite","@id":"https:\/\/lasentinelle.dz\/#website","url":"https:\/\/lasentinelle.dz\/","name":"La Sentinelle","description":"Quotidien national d&#039;information","publisher":{"@id":"https:\/\/lasentinelle.dz\/#organization"},"potentialAction":[{"@type":"SearchAction","target":{"@type":"EntryPoint","urlTemplate":"https:\/\/lasentinelle.dz\/?s={search_term_string}"},"query-input":{"@type":"PropertyValueSpecification","valueRequired":true,"valueName":"search_term_string"}}],"inLanguage":"fr-FR"},{"@type":"Organization","@id":"https:\/\/lasentinelle.dz\/#organization","name":"Quotidien La Sentinelle","url":"https:\/\/lasentinelle.dz\/","logo":{"@type":"ImageObject","inLanguage":"fr-FR","@id":"https:\/\/lasentinelle.dz\/#\/schema\/logo\/image\/","url":"https:\/\/lasentinelle.dz\/wp-content\/uploads\/2021\/09\/logo-sentinelleSLOGAN-1.png","contentUrl":"https:\/\/lasentinelle.dz\/wp-content\/uploads\/2021\/09\/logo-sentinelleSLOGAN-1.png","width":615,"height":142,"caption":"Quotidien La Sentinelle"},"image":{"@id":"https:\/\/lasentinelle.dz\/#\/schema\/logo\/image\/"},"sameAs":["https:\/\/www.facebook.com\/La-Sentinelle-104059864394773"]},{"@type":"Person","@id":"https:\/\/lasentinelle.dz\/#\/schema\/person\/e22c868643946ece5f328ac9d185b29f","name":"Azzedine Belferag","image":{"@type":"ImageObject","inLanguage":"fr-FR","@id":"https:\/\/secure.gravatar.com\/avatar\/767ecc3bfcf23cd6d0dae1705f124feb13a88fded1daa56498e4fb3aa3fc36a1?s=96&d=mm&r=g","url":"https:\/\/secure.gravatar.com\/avatar\/767ecc3bfcf23cd6d0dae1705f124feb13a88fded1daa56498e4fb3aa3fc36a1?s=96&d=mm&r=g","contentUrl":"https:\/\/secure.gravatar.com\/avatar\/767ecc3bfcf23cd6d0dae1705f124feb13a88fded1daa56498e4fb3aa3fc36a1?s=96&d=mm&r=g","caption":"Azzedine Belferag"},"sameAs":["http:\/\/www.lasentinelle.dz"],"url":"https:\/\/lasentinelle.dz\/author\/belferag\/"}]}},"_links":{"self":[{"href":"https:\/\/lasentinelle.dz\/index.php\/wp-json\/wp\/v2\/posts\/45076","targetHints":{"allow":["GET"]}}],"collection":[{"href":"https:\/\/lasentinelle.dz\/index.php\/wp-json\/wp\/v2\/posts"}],"about":[{"href":"https:\/\/lasentinelle.dz\/index.php\/wp-json\/wp\/v2\/types\/post"}],"author":[{"embeddable":true,"href":"https:\/\/lasentinelle.dz\/index.php\/wp-json\/wp\/v2\/users\/2"}],"replies":[{"embeddable":true,"href":"https:\/\/lasentinelle.dz\/index.php\/wp-json\/wp\/v2\/comments?post=45076"}],"version-history":[{"count":1,"href":"https:\/\/lasentinelle.dz\/index.php\/wp-json\/wp\/v2\/posts\/45076\/revisions"}],"predecessor-version":[{"id":45078,"href":"https:\/\/lasentinelle.dz\/index.php\/wp-json\/wp\/v2\/posts\/45076\/revisions\/45078"}],"wp:featuredmedia":[{"embeddable":true,"href":"https:\/\/lasentinelle.dz\/index.php\/wp-json\/wp\/v2\/media\/45077"}],"wp:attachment":[{"href":"https:\/\/lasentinelle.dz\/index.php\/wp-json\/wp\/v2\/media?parent=45076"}],"wp:term":[{"taxonomy":"category","embeddable":true,"href":"https:\/\/lasentinelle.dz\/index.php\/wp-json\/wp\/v2\/categories?post=45076"},{"taxonomy":"post_tag","embeddable":true,"href":"https:\/\/lasentinelle.dz\/index.php\/wp-json\/wp\/v2\/tags?post=45076"}],"curies":[{"name":"wp","href":"https:\/\/api.w.org\/{rel}","templated":true}]}}