{"id":45094,"date":"2023-08-30T19:44:41","date_gmt":"2023-08-30T18:44:41","guid":{"rendered":"https:\/\/lasentinelle.dz\/?p=45094"},"modified":"2023-08-30T19:44:42","modified_gmt":"2023-08-30T18:44:42","slug":"equipe-nationale-quels-seront-les-choix-de-belmadi","status":"publish","type":"post","link":"https:\/\/lasentinelle.dz\/index.php\/2023\/08\/30\/equipe-nationale-quels-seront-les-choix-de-belmadi\/","title":{"rendered":"\u00c9quipe nationale\u00a0: Quels seront les choix de Belmadi\u00a0?"},"content":{"rendered":"\n<p>Les Verts entameront leur stage du mois de septembre lundi en pr\u00e9vision du dernier match de l\u2019EN dans le tournoi qualificatif pour la CAN-2023 report\u00e9e \u00e0 2024 en C\u00f4te d\u2019Ivoire.<\/p>\n\n\n\n<p>Bien que la prochaine rencontre face \u00e0 la Tanzanie ne comporte pas d\u2019enjeu particulier, vu que les Alg\u00e9riens ont d\u00e9j\u00e0 d\u00e9croch\u00e9 leur billet qualificatif gr\u00e2ce \u00e0 un parcours sans faute et comptent 15 points au compteur, le prochain regroupement est le dernier avant le d\u00e9but du des qualifications pour le Mondial-2026. Et \u00e0 mesure que ce regroupement approche les sp\u00e9culations vont bon train quant \u00e0 la liste des joueurs qui seront convoqu\u00e9s. Et si le temps de jeu des joueurs et leur situation en clubs est clairement un crit\u00e8re primordial de s\u00e9lection pour le coach national Djamel Belmadi, le stage de septembre devrait renseigner un peu plus sur les choix de ce dernier en ce qui concerne son effectif type, vu qu\u2019il alignera ses meilleurs joueurs notamment en pr\u00e9vision de la rencontre amicale avec le S\u00e9n\u00e9gal le 12 septembre prochain.<\/p>\n\n\n\n<p>Djamel Belmadi, qui doit animer une conf\u00e9rence de presse dimanche, devrait d\u00e9voiler sa liste des joueurs qui seront concern\u00e9s par le rassemblement vendredi.<\/p>\n\n\n\n<p>Les Verts feront face le jeudi 7 septembre&nbsp; \u00e0 la Tanzanie \u00e0 Annaba pour le compte de la 6\u00e9me et derni\u00e8re journ\u00e9e des \u00e9liminatoires de la CAN2024. Les co\u00e9quipiers du capitaine Riyad Mahrez vont encha\u00eener ensuite , le 12 du m\u00eame mois avec un match amical qui a l&rsquo;air d&rsquo;un s\u00e9rieux test et d&rsquo;un match officiel face au champion d&rsquo;Afrique, \u00e0 savoir l&rsquo;\u00e9quipe du S\u00e9n\u00e9gal \u00e0 Dakar. C&rsquo;est justement cette partie qui int\u00e9resse le coach national, Djamel Belmadi, car il compte aligner ses meilleurs joueurs pour se jauger face aux lions de la Teranga. C&rsquo;est dans cette optique que les Verts ont programm\u00e9 de rallier la ville de Dakar, le 11 septembre prochain, soit la veille de leur rencontre face aux co\u00e9quipiers de Sadio Mane.<\/p>\n\n\n\n<p>Notons que la Conf\u00e9d\u00e9ration africaine de football (FAF) a transmis \u00e0 toutes les associations membres le calendrier des dix journ\u00e9es des \u00e9liminatoires continentales de la Coupe du monde 2026 dont la s\u00e9lection alg\u00e9rienne est vers\u00e9e dans le groupe G aux c\u00f4t\u00e9s de la Guin\u00e9e, de l&rsquo;Ouganda, du Mozambique, du Botswana et de la Somalie. Selon un communiqu\u00e9 de la F\u00e9d\u00e9ration alg\u00e9rienne de football, es deux premi\u00e8res journ\u00e9es des \u00e9liminatoires se joueront entre le 13 et 21 novembre prochain. Les vainqueurs de chacun des 9 groupes se qualifient pour la Coupe du Monde 2026. Les quatre meilleurs deuxi\u00e8mes des groupes joueront dans un tournoi de barrage de la CAF qui donnera le droit au vainqueur de participer au tournoi de barrage de la FIFA, pr\u00e9vu en mars 2026. Cette phase unique des \u00e9liminatoires africaines s&rsquo;\u00e9tirera sur 23 mois.<\/p>\n\n\n\n<p>R.S.<\/p>\n","protected":false},"excerpt":{"rendered":"<p>Les Verts entameront leur stage du mois de septembre lundi en pr\u00e9vision du dernier match de l\u2019EN dans le tournoi<\/p>\n","protected":false},"author":3,"featured_media":42586,"comment_status":"open","ping_status":"closed","sticky":false,"template":"","format":"standard","meta":{"colormag_page_container_layout":"default_layout","colormag_page_sidebar_layout":"default_layout","om_disable_all_campaigns":false,"_monsterinsights_skip_tracking":false,"_monsterinsights_sitenote_active":false,"_monsterinsights_sitenote_note":"","_monsterinsights_sitenote_category":0,"footnotes":"","_wpscppro_dont_share_socialmedia":false,"_wpscppro_custom_social_share_image":0,"_facebook_share_type":"","_twitter_share_type":"","_linkedin_share_type":"","_pinterest_share_type":"","_linkedin_share_type_page":"","_instagram_share_type":"","_medium_share_type":"","_threads_share_type":"","_google_business_share_type":"","_selected_social_profile":[],"_wpsp_enable_custom_social_template":false,"_wpsp_social_scheduling":{"enabled":false,"datetime":null,"platforms":[],"status":"template_only","dateOption":"today","timeOption":"now","customDays":"","customHours":"","customDate":"","customTime":"","schedulingType":"absolute"},"_wpsp_active_default_template":true},"categories":[52,33],"tags":[],"class_list":["post-45094","post","type-post","status-publish","format-standard","has-post-thumbnail","hentry","category-a-la-une","category-sports"],"aioseo_notices":[],"yoast_head":"<!-- This site is optimized with the Yoast SEO plugin v27.5 - https:\/\/yoast.com\/product\/yoast-seo-wordpress\/ -->\n<title>\u00c9quipe nationale\u00a0: Quels seront les choix de Belmadi\u00a0? - La Sentinelle<\/title>\n<meta name=\"robots\" content=\"index, follow, max-snippet:-1, max-image-preview:large, max-video-preview:-1\" \/>\n<link rel=\"canonical\" href=\"https:\/\/lasentinelle.dz\/index.php\/2023\/08\/30\/equipe-nationale-quels-seront-les-choix-de-belmadi\/\" \/>\n<meta property=\"og:locale\" content=\"fr_FR\" \/>\n<meta property=\"og:type\" content=\"article\" \/>\n<meta property=\"og:title\" content=\"\u00c9quipe nationale\u00a0: Quels seront les choix de Belmadi\u00a0? - La Sentinelle\" \/>\n<meta property=\"og:description\" content=\"Les Verts entameront leur stage du mois de septembre lundi en pr\u00e9vision du dernier match de l\u2019EN dans le tournoi\" \/>\n<meta property=\"og:url\" content=\"https:\/\/lasentinelle.dz\/index.php\/2023\/08\/30\/equipe-nationale-quels-seront-les-choix-de-belmadi\/\" \/>\n<meta property=\"og:site_name\" content=\"La Sentinelle\" \/>\n<meta property=\"article:publisher\" content=\"https:\/\/www.facebook.com\/La-Sentinelle-104059864394773\" \/>\n<meta property=\"article:published_time\" content=\"2023-08-30T18:44:41+00:00\" \/>\n<meta property=\"article:modified_time\" content=\"2023-08-30T18:44:42+00:00\" \/>\n<meta property=\"og:image\" content=\"https:\/\/lasentinelle.dz\/wp-content\/uploads\/2023\/06\/belmadi.jpeg\" \/>\n\t<meta property=\"og:image:width\" content=\"2000\" \/>\n\t<meta property=\"og:image:height\" content=\"1333\" \/>\n\t<meta property=\"og:image:type\" content=\"image\/jpeg\" \/>\n<meta name=\"author\" content=\"La Sentinelle\" \/>\n<meta name=\"twitter:card\" content=\"summary_large_image\" \/>\n<meta name=\"twitter:label1\" content=\"\u00c9crit par\" \/>\n\t<meta name=\"twitter:data1\" content=\"La Sentinelle\" \/>\n\t<meta name=\"twitter:label2\" content=\"Dur\u00e9e de lecture estim\u00e9e\" \/>\n\t<meta name=\"twitter:data2\" content=\"3 minutes\" \/>\n<script type=\"application\/ld+json\" class=\"yoast-schema-graph\">{\"@context\":\"https:\\\/\\\/schema.org\",\"@graph\":[{\"@type\":\"Article\",\"@id\":\"https:\\\/\\\/lasentinelle.dz\\\/index.php\\\/2023\\\/08\\\/30\\\/equipe-nationale-quels-seront-les-choix-de-belmadi\\\/#article\",\"isPartOf\":{\"@id\":\"https:\\\/\\\/lasentinelle.dz\\\/index.php\\\/2023\\\/08\\\/30\\\/equipe-nationale-quels-seront-les-choix-de-belmadi\\\/\"},\"author\":{\"name\":\"La Sentinelle\",\"@id\":\"https:\\\/\\\/lasentinelle.dz\\\/#\\\/schema\\\/person\\\/d865044e22e70a75174ce8bcad3acfb3\"},\"headline\":\"\u00c9quipe nationale\u00a0: Quels seront les choix de Belmadi\u00a0?\",\"datePublished\":\"2023-08-30T18:44:41+00:00\",\"dateModified\":\"2023-08-30T18:44:42+00:00\",\"mainEntityOfPage\":{\"@id\":\"https:\\\/\\\/lasentinelle.dz\\\/index.php\\\/2023\\\/08\\\/30\\\/equipe-nationale-quels-seront-les-choix-de-belmadi\\\/\"},\"wordCount\":499,\"commentCount\":0,\"publisher\":{\"@id\":\"https:\\\/\\\/lasentinelle.dz\\\/#organization\"},\"image\":{\"@id\":\"https:\\\/\\\/lasentinelle.dz\\\/index.php\\\/2023\\\/08\\\/30\\\/equipe-nationale-quels-seront-les-choix-de-belmadi\\\/#primaryimage\"},\"thumbnailUrl\":\"https:\\\/\\\/lasentinelle.dz\\\/wp-content\\\/uploads\\\/2023\\\/06\\\/belmadi.jpeg\",\"articleSection\":[\"\u00c0 la Une\",\"Sports\"],\"inLanguage\":\"fr-FR\",\"potentialAction\":[{\"@type\":\"CommentAction\",\"name\":\"Comment\",\"target\":[\"https:\\\/\\\/lasentinelle.dz\\\/index.php\\\/2023\\\/08\\\/30\\\/equipe-nationale-quels-seront-les-choix-de-belmadi\\\/#respond\"]}]},{\"@type\":\"WebPage\",\"@id\":\"https:\\\/\\\/lasentinelle.dz\\\/index.php\\\/2023\\\/08\\\/30\\\/equipe-nationale-quels-seront-les-choix-de-belmadi\\\/\",\"url\":\"https:\\\/\\\/lasentinelle.dz\\\/index.php\\\/2023\\\/08\\\/30\\\/equipe-nationale-quels-seront-les-choix-de-belmadi\\\/\",\"name\":\"\u00c9quipe nationale\u00a0: Quels seront les choix de Belmadi\u00a0? - La Sentinelle\",\"isPartOf\":{\"@id\":\"https:\\\/\\\/lasentinelle.dz\\\/#website\"},\"primaryImageOfPage\":{\"@id\":\"https:\\\/\\\/lasentinelle.dz\\\/index.php\\\/2023\\\/08\\\/30\\\/equipe-nationale-quels-seront-les-choix-de-belmadi\\\/#primaryimage\"},\"image\":{\"@id\":\"https:\\\/\\\/lasentinelle.dz\\\/index.php\\\/2023\\\/08\\\/30\\\/equipe-nationale-quels-seront-les-choix-de-belmadi\\\/#primaryimage\"},\"thumbnailUrl\":\"https:\\\/\\\/lasentinelle.dz\\\/wp-content\\\/uploads\\\/2023\\\/06\\\/belmadi.jpeg\",\"datePublished\":\"2023-08-30T18:44:41+00:00\",\"dateModified\":\"2023-08-30T18:44:42+00:00\",\"breadcrumb\":{\"@id\":\"https:\\\/\\\/lasentinelle.dz\\\/index.php\\\/2023\\\/08\\\/30\\\/equipe-nationale-quels-seront-les-choix-de-belmadi\\\/#breadcrumb\"},\"inLanguage\":\"fr-FR\",\"potentialAction\":[{\"@type\":\"ReadAction\",\"target\":[\"https:\\\/\\\/lasentinelle.dz\\\/index.php\\\/2023\\\/08\\\/30\\\/equipe-nationale-quels-seront-les-choix-de-belmadi\\\/\"]}]},{\"@type\":\"ImageObject\",\"inLanguage\":\"fr-FR\",\"@id\":\"https:\\\/\\\/lasentinelle.dz\\\/index.php\\\/2023\\\/08\\\/30\\\/equipe-nationale-quels-seront-les-choix-de-belmadi\\\/#primaryimage\",\"url\":\"https:\\\/\\\/lasentinelle.dz\\\/wp-content\\\/uploads\\\/2023\\\/06\\\/belmadi.jpeg\",\"contentUrl\":\"https:\\\/\\\/lasentinelle.dz\\\/wp-content\\\/uploads\\\/2023\\\/06\\\/belmadi.jpeg\",\"width\":2000,\"height\":1333},{\"@type\":\"BreadcrumbList\",\"@id\":\"https:\\\/\\\/lasentinelle.dz\\\/index.php\\\/2023\\\/08\\\/30\\\/equipe-nationale-quels-seront-les-choix-de-belmadi\\\/#breadcrumb\",\"itemListElement\":[{\"@type\":\"ListItem\",\"position\":1,\"name\":\"Accueil\",\"item\":\"https:\\\/\\\/lasentinelle.dz\\\/\"},{\"@type\":\"ListItem\",\"position\":2,\"name\":\"\u00c9quipe nationale\u00a0: Quels seront les choix de Belmadi\u00a0?\"}]},{\"@type\":\"WebSite\",\"@id\":\"https:\\\/\\\/lasentinelle.dz\\\/#website\",\"url\":\"https:\\\/\\\/lasentinelle.dz\\\/\",\"name\":\"La Sentinelle\",\"description\":\"Quotidien national d&#039;information\",\"publisher\":{\"@id\":\"https:\\\/\\\/lasentinelle.dz\\\/#organization\"},\"potentialAction\":[{\"@type\":\"SearchAction\",\"target\":{\"@type\":\"EntryPoint\",\"urlTemplate\":\"https:\\\/\\\/lasentinelle.dz\\\/?s={search_term_string}\"},\"query-input\":{\"@type\":\"PropertyValueSpecification\",\"valueRequired\":true,\"valueName\":\"search_term_string\"}}],\"inLanguage\":\"fr-FR\"},{\"@type\":\"Organization\",\"@id\":\"https:\\\/\\\/lasentinelle.dz\\\/#organization\",\"name\":\"Quotidien La Sentinelle\",\"url\":\"https:\\\/\\\/lasentinelle.dz\\\/\",\"logo\":{\"@type\":\"ImageObject\",\"inLanguage\":\"fr-FR\",\"@id\":\"https:\\\/\\\/lasentinelle.dz\\\/#\\\/schema\\\/logo\\\/image\\\/\",\"url\":\"https:\\\/\\\/lasentinelle.dz\\\/wp-content\\\/uploads\\\/2021\\\/09\\\/logo-sentinelleSLOGAN-1.png\",\"contentUrl\":\"https:\\\/\\\/lasentinelle.dz\\\/wp-content\\\/uploads\\\/2021\\\/09\\\/logo-sentinelleSLOGAN-1.png\",\"width\":615,\"height\":142,\"caption\":\"Quotidien La Sentinelle\"},\"image\":{\"@id\":\"https:\\\/\\\/lasentinelle.dz\\\/#\\\/schema\\\/logo\\\/image\\\/\"},\"sameAs\":[\"https:\\\/\\\/www.facebook.com\\\/La-Sentinelle-104059864394773\"]},{\"@type\":\"Person\",\"@id\":\"https:\\\/\\\/lasentinelle.dz\\\/#\\\/schema\\\/person\\\/d865044e22e70a75174ce8bcad3acfb3\",\"name\":\"La Sentinelle\",\"image\":{\"@type\":\"ImageObject\",\"inLanguage\":\"fr-FR\",\"@id\":\"https:\\\/\\\/secure.gravatar.com\\\/avatar\\\/57de8e5d4b15d43fb361a71fbb36338450fe67865b528a43dd10ef7c51a20392?s=96&d=mm&r=g\",\"url\":\"https:\\\/\\\/secure.gravatar.com\\\/avatar\\\/57de8e5d4b15d43fb361a71fbb36338450fe67865b528a43dd10ef7c51a20392?s=96&d=mm&r=g\",\"contentUrl\":\"https:\\\/\\\/secure.gravatar.com\\\/avatar\\\/57de8e5d4b15d43fb361a71fbb36338450fe67865b528a43dd10ef7c51a20392?s=96&d=mm&r=g\",\"caption\":\"La Sentinelle\"},\"sameAs\":[\"http:\\\/\\\/www.lasentinelle.dz\"],\"url\":\"https:\\\/\\\/lasentinelle.dz\\\/author\\\/redaction\\\/\"}]}<\/script>\n<!-- \/ Yoast SEO plugin. -->","yoast_head_json":{"title":"\u00c9quipe nationale\u00a0: Quels seront les choix de Belmadi\u00a0? - La Sentinelle","robots":{"index":"index","follow":"follow","max-snippet":"max-snippet:-1","max-image-preview":"max-image-preview:large","max-video-preview":"max-video-preview:-1"},"canonical":"https:\/\/lasentinelle.dz\/index.php\/2023\/08\/30\/equipe-nationale-quels-seront-les-choix-de-belmadi\/","og_locale":"fr_FR","og_type":"article","og_title":"\u00c9quipe nationale\u00a0: Quels seront les choix de Belmadi\u00a0? - La Sentinelle","og_description":"Les Verts entameront leur stage du mois de septembre lundi en pr\u00e9vision du dernier match de l\u2019EN dans le tournoi","og_url":"https:\/\/lasentinelle.dz\/index.php\/2023\/08\/30\/equipe-nationale-quels-seront-les-choix-de-belmadi\/","og_site_name":"La Sentinelle","article_publisher":"https:\/\/www.facebook.com\/La-Sentinelle-104059864394773","article_published_time":"2023-08-30T18:44:41+00:00","article_modified_time":"2023-08-30T18:44:42+00:00","og_image":[{"width":2000,"height":1333,"url":"https:\/\/lasentinelle.dz\/wp-content\/uploads\/2023\/06\/belmadi.jpeg","type":"image\/jpeg"}],"author":"La Sentinelle","twitter_card":"summary_large_image","twitter_misc":{"\u00c9crit par":"La Sentinelle","Dur\u00e9e de lecture estim\u00e9e":"3 minutes"},"schema":{"@context":"https:\/\/schema.org","@graph":[{"@type":"Article","@id":"https:\/\/lasentinelle.dz\/index.php\/2023\/08\/30\/equipe-nationale-quels-seront-les-choix-de-belmadi\/#article","isPartOf":{"@id":"https:\/\/lasentinelle.dz\/index.php\/2023\/08\/30\/equipe-nationale-quels-seront-les-choix-de-belmadi\/"},"author":{"name":"La Sentinelle","@id":"https:\/\/lasentinelle.dz\/#\/schema\/person\/d865044e22e70a75174ce8bcad3acfb3"},"headline":"\u00c9quipe nationale\u00a0: Quels seront les choix de Belmadi\u00a0?","datePublished":"2023-08-30T18:44:41+00:00","dateModified":"2023-08-30T18:44:42+00:00","mainEntityOfPage":{"@id":"https:\/\/lasentinelle.dz\/index.php\/2023\/08\/30\/equipe-nationale-quels-seront-les-choix-de-belmadi\/"},"wordCount":499,"commentCount":0,"publisher":{"@id":"https:\/\/lasentinelle.dz\/#organization"},"image":{"@id":"https:\/\/lasentinelle.dz\/index.php\/2023\/08\/30\/equipe-nationale-quels-seront-les-choix-de-belmadi\/#primaryimage"},"thumbnailUrl":"https:\/\/lasentinelle.dz\/wp-content\/uploads\/2023\/06\/belmadi.jpeg","articleSection":["\u00c0 la Une","Sports"],"inLanguage":"fr-FR","potentialAction":[{"@type":"CommentAction","name":"Comment","target":["https:\/\/lasentinelle.dz\/index.php\/2023\/08\/30\/equipe-nationale-quels-seront-les-choix-de-belmadi\/#respond"]}]},{"@type":"WebPage","@id":"https:\/\/lasentinelle.dz\/index.php\/2023\/08\/30\/equipe-nationale-quels-seront-les-choix-de-belmadi\/","url":"https:\/\/lasentinelle.dz\/index.php\/2023\/08\/30\/equipe-nationale-quels-seront-les-choix-de-belmadi\/","name":"\u00c9quipe nationale\u00a0: Quels seront les choix de Belmadi\u00a0? - La Sentinelle","isPartOf":{"@id":"https:\/\/lasentinelle.dz\/#website"},"primaryImageOfPage":{"@id":"https:\/\/lasentinelle.dz\/index.php\/2023\/08\/30\/equipe-nationale-quels-seront-les-choix-de-belmadi\/#primaryimage"},"image":{"@id":"https:\/\/lasentinelle.dz\/index.php\/2023\/08\/30\/equipe-nationale-quels-seront-les-choix-de-belmadi\/#primaryimage"},"thumbnailUrl":"https:\/\/lasentinelle.dz\/wp-content\/uploads\/2023\/06\/belmadi.jpeg","datePublished":"2023-08-30T18:44:41+00:00","dateModified":"2023-08-30T18:44:42+00:00","breadcrumb":{"@id":"https:\/\/lasentinelle.dz\/index.php\/2023\/08\/30\/equipe-nationale-quels-seront-les-choix-de-belmadi\/#breadcrumb"},"inLanguage":"fr-FR","potentialAction":[{"@type":"ReadAction","target":["https:\/\/lasentinelle.dz\/index.php\/2023\/08\/30\/equipe-nationale-quels-seront-les-choix-de-belmadi\/"]}]},{"@type":"ImageObject","inLanguage":"fr-FR","@id":"https:\/\/lasentinelle.dz\/index.php\/2023\/08\/30\/equipe-nationale-quels-seront-les-choix-de-belmadi\/#primaryimage","url":"https:\/\/lasentinelle.dz\/wp-content\/uploads\/2023\/06\/belmadi.jpeg","contentUrl":"https:\/\/lasentinelle.dz\/wp-content\/uploads\/2023\/06\/belmadi.jpeg","width":2000,"height":1333},{"@type":"BreadcrumbList","@id":"https:\/\/lasentinelle.dz\/index.php\/2023\/08\/30\/equipe-nationale-quels-seront-les-choix-de-belmadi\/#breadcrumb","itemListElement":[{"@type":"ListItem","position":1,"name":"Accueil","item":"https:\/\/lasentinelle.dz\/"},{"@type":"ListItem","position":2,"name":"\u00c9quipe nationale\u00a0: Quels seront les choix de Belmadi\u00a0?"}]},{"@type":"WebSite","@id":"https:\/\/lasentinelle.dz\/#website","url":"https:\/\/lasentinelle.dz\/","name":"La Sentinelle","description":"Quotidien national d&#039;information","publisher":{"@id":"https:\/\/lasentinelle.dz\/#organization"},"potentialAction":[{"@type":"SearchAction","target":{"@type":"EntryPoint","urlTemplate":"https:\/\/lasentinelle.dz\/?s={search_term_string}"},"query-input":{"@type":"PropertyValueSpecification","valueRequired":true,"valueName":"search_term_string"}}],"inLanguage":"fr-FR"},{"@type":"Organization","@id":"https:\/\/lasentinelle.dz\/#organization","name":"Quotidien La Sentinelle","url":"https:\/\/lasentinelle.dz\/","logo":{"@type":"ImageObject","inLanguage":"fr-FR","@id":"https:\/\/lasentinelle.dz\/#\/schema\/logo\/image\/","url":"https:\/\/lasentinelle.dz\/wp-content\/uploads\/2021\/09\/logo-sentinelleSLOGAN-1.png","contentUrl":"https:\/\/lasentinelle.dz\/wp-content\/uploads\/2021\/09\/logo-sentinelleSLOGAN-1.png","width":615,"height":142,"caption":"Quotidien La Sentinelle"},"image":{"@id":"https:\/\/lasentinelle.dz\/#\/schema\/logo\/image\/"},"sameAs":["https:\/\/www.facebook.com\/La-Sentinelle-104059864394773"]},{"@type":"Person","@id":"https:\/\/lasentinelle.dz\/#\/schema\/person\/d865044e22e70a75174ce8bcad3acfb3","name":"La Sentinelle","image":{"@type":"ImageObject","inLanguage":"fr-FR","@id":"https:\/\/secure.gravatar.com\/avatar\/57de8e5d4b15d43fb361a71fbb36338450fe67865b528a43dd10ef7c51a20392?s=96&d=mm&r=g","url":"https:\/\/secure.gravatar.com\/avatar\/57de8e5d4b15d43fb361a71fbb36338450fe67865b528a43dd10ef7c51a20392?s=96&d=mm&r=g","contentUrl":"https:\/\/secure.gravatar.com\/avatar\/57de8e5d4b15d43fb361a71fbb36338450fe67865b528a43dd10ef7c51a20392?s=96&d=mm&r=g","caption":"La Sentinelle"},"sameAs":["http:\/\/www.lasentinelle.dz"],"url":"https:\/\/lasentinelle.dz\/author\/redaction\/"}]}},"_links":{"self":[{"href":"https:\/\/lasentinelle.dz\/index.php\/wp-json\/wp\/v2\/posts\/45094","targetHints":{"allow":["GET"]}}],"collection":[{"href":"https:\/\/lasentinelle.dz\/index.php\/wp-json\/wp\/v2\/posts"}],"about":[{"href":"https:\/\/lasentinelle.dz\/index.php\/wp-json\/wp\/v2\/types\/post"}],"author":[{"embeddable":true,"href":"https:\/\/lasentinelle.dz\/index.php\/wp-json\/wp\/v2\/users\/3"}],"replies":[{"embeddable":true,"href":"https:\/\/lasentinelle.dz\/index.php\/wp-json\/wp\/v2\/comments?post=45094"}],"version-history":[{"count":1,"href":"https:\/\/lasentinelle.dz\/index.php\/wp-json\/wp\/v2\/posts\/45094\/revisions"}],"predecessor-version":[{"id":45095,"href":"https:\/\/lasentinelle.dz\/index.php\/wp-json\/wp\/v2\/posts\/45094\/revisions\/45095"}],"wp:featuredmedia":[{"embeddable":true,"href":"https:\/\/lasentinelle.dz\/index.php\/wp-json\/wp\/v2\/media\/42586"}],"wp:attachment":[{"href":"https:\/\/lasentinelle.dz\/index.php\/wp-json\/wp\/v2\/media?parent=45094"}],"wp:term":[{"taxonomy":"category","embeddable":true,"href":"https:\/\/lasentinelle.dz\/index.php\/wp-json\/wp\/v2\/categories?post=45094"},{"taxonomy":"post_tag","embeddable":true,"href":"https:\/\/lasentinelle.dz\/index.php\/wp-json\/wp\/v2\/tags?post=45094"}],"curies":[{"name":"wp","href":"https:\/\/api.w.org\/{rel}","templated":true}]}}