{"id":45142,"date":"2023-09-02T19:35:56","date_gmt":"2023-09-02T18:35:56","guid":{"rendered":"https:\/\/lasentinelle.dz\/?p=45142"},"modified":"2023-09-02T19:35:58","modified_gmt":"2023-09-02T18:35:58","slug":"annaba-12-blesses-dans-une-explosion-de-gaz-a-el-bouni","status":"publish","type":"post","link":"https:\/\/lasentinelle.dz\/index.php\/2023\/09\/02\/annaba-12-blesses-dans-une-explosion-de-gaz-a-el-bouni\/","title":{"rendered":"Annaba\u00a0: 12 bless\u00e9s dans une explosion de gaz \u00e0 El Bouni"},"content":{"rendered":"\n<p>Douze personnes ont \u00e9t\u00e9 bless\u00e9es suite \u00e0 une explosion de gaz survenue samedi-matin dans un immeuble de la cit\u00e9 Tarek-Benziad au centre de la commune d\u2019El Bouni (wilaya d\u2019Annaba), selon un bilan provisoire de la Protection civile.<\/p>\n\n\n\n<p>Une bonbonne de gaz a explos\u00e9, hier samedi dans un appartement au quatri\u00e8me \u00e9tage, dans la commune d\u2019El Bouni, apprend-on aupr\u00e8s de la protection civile. Le bilan provisoire du drame est de 12 bless\u00e9s. Selon les pr\u00e9cisions apport\u00e9es par la m\u00eame source, les \u00e9l\u00e9ments de la Protection civile d\u2019El Bouni se sont d\u00e9p\u00each\u00e9s apr\u00e8s l\u2019alerte sur les lieux de l\u2019explosion qui s\u2019est produite au quatri\u00e8me \u00e9tage d\u2019un immeuble compos\u00e9 d\u2019un rez-de-chauss\u00e9e et de 5 \u00e9tages. La Protection civile est intervenue aux environs de 10h30 pour un accident d\u2019explosion de gaz qui a eu lieu \u00e0 l\u2019\u00e9tage sup\u00e9rieur d\u2019un immeuble compos\u00e9 de 4 \u00e9tages, a pr\u00e9cis\u00e9 la m\u00eame source.<\/p>\n\n\n\n<p>Les 12 victimes entre femmes, enfants et personnes \u00e2g\u00e9es, de diff\u00e9rents \u00e2ges, ont \u00e9t\u00e9 secourues&nbsp; sur place, avant d\u2019\u00eatre \u00e9vacu\u00e9es vers les \u00e9tablissements hospitaliers d\u2019El&nbsp; Hadjar et d\u2019Annaba, selon la gravit\u00e9 de leurs blessures. Bien qu\u2019aucune perte humaine n\u2019ait \u00e9t\u00e9 d\u00e9plor\u00e9e, la situation sanitaire de certaines victimes n\u2019a pas encore \u00e9t\u00e9 \u00e9valu\u00e9e, alors qu\u2019autres ont d\u00e9j\u00e0 rejoints leurs domiciles. Jusqu\u2019\u00e0 la mise sous presse, l\u2019op\u00e9ration de sauvetage se poursuit. Selon les services de la Protection civile l\u2019intervention se poursuit pour sauver deux enfants apparemment coinc\u00e9s sous les d\u00e9combres. Par ailleurs, et selon la m\u00eame source, les raisons de l\u2019explosion, selon les \u00e9l\u00e9ments de l\u2019enqu\u00eate de la Protection civile, sont li\u00e9s \u00e0 une fuite de gaz, ayant provoqu\u00e9 l\u2019explosion.<\/p>\n\n\n\n<p><strong>Sofia Chahine<\/strong><\/p>\n","protected":false},"excerpt":{"rendered":"<p>Douze personnes ont \u00e9t\u00e9 bless\u00e9es suite \u00e0 une explosion de gaz survenue samedi-matin dans un immeuble de la cit\u00e9 Tarek-Benziad<\/p>\n","protected":false},"author":3,"featured_media":45143,"comment_status":"open","ping_status":"closed","sticky":false,"template":"","format":"standard","meta":{"colormag_page_container_layout":"default_layout","colormag_page_sidebar_layout":"default_layout","om_disable_all_campaigns":false,"_monsterinsights_skip_tracking":false,"_monsterinsights_sitenote_active":false,"_monsterinsights_sitenote_note":"","_monsterinsights_sitenote_category":0,"footnotes":"","_wpscppro_dont_share_socialmedia":false,"_wpscppro_custom_social_share_image":0,"_facebook_share_type":"","_twitter_share_type":"","_linkedin_share_type":"","_pinterest_share_type":"","_linkedin_share_type_page":"","_instagram_share_type":"","_medium_share_type":"","_threads_share_type":"","_google_business_share_type":"","_selected_social_profile":[],"_wpsp_enable_custom_social_template":false,"_wpsp_social_scheduling":{"enabled":false,"datetime":null,"platforms":[],"status":"template_only","dateOption":"today","timeOption":"now","customDays":"","customHours":"","customDate":"","customTime":"","schedulingType":"absolute"},"_wpsp_active_default_template":true},"categories":[31],"tags":[],"class_list":["post-45142","post","type-post","status-publish","format-standard","has-post-thumbnail","hentry","category-regions"],"aioseo_notices":[],"yoast_head":"<!-- This site is optimized with the Yoast SEO plugin v27.5 - https:\/\/yoast.com\/product\/yoast-seo-wordpress\/ -->\n<title>Annaba\u00a0: 12 bless\u00e9s dans une explosion de gaz \u00e0 El Bouni - La Sentinelle<\/title>\n<meta name=\"robots\" content=\"index, follow, max-snippet:-1, max-image-preview:large, max-video-preview:-1\" \/>\n<link rel=\"canonical\" href=\"https:\/\/lasentinelle.dz\/index.php\/2023\/09\/02\/annaba-12-blesses-dans-une-explosion-de-gaz-a-el-bouni\/\" \/>\n<meta property=\"og:locale\" content=\"fr_FR\" \/>\n<meta property=\"og:type\" content=\"article\" \/>\n<meta property=\"og:title\" content=\"Annaba\u00a0: 12 bless\u00e9s dans une explosion de gaz \u00e0 El Bouni - La Sentinelle\" \/>\n<meta property=\"og:description\" content=\"Douze personnes ont \u00e9t\u00e9 bless\u00e9es suite \u00e0 une explosion de gaz survenue samedi-matin dans un immeuble de la cit\u00e9 Tarek-Benziad\" \/>\n<meta property=\"og:url\" content=\"https:\/\/lasentinelle.dz\/index.php\/2023\/09\/02\/annaba-12-blesses-dans-une-explosion-de-gaz-a-el-bouni\/\" \/>\n<meta property=\"og:site_name\" content=\"La Sentinelle\" \/>\n<meta property=\"article:publisher\" content=\"https:\/\/www.facebook.com\/La-Sentinelle-104059864394773\" \/>\n<meta property=\"article:published_time\" content=\"2023-09-02T18:35:56+00:00\" \/>\n<meta property=\"article:modified_time\" content=\"2023-09-02T18:35:58+00:00\" \/>\n<meta property=\"og:image\" content=\"https:\/\/lasentinelle.dz\/wp-content\/uploads\/2023\/09\/explosion-gaz.webp\" \/>\n\t<meta property=\"og:image:width\" content=\"900\" \/>\n\t<meta property=\"og:image:height\" content=\"675\" \/>\n\t<meta property=\"og:image:type\" content=\"image\/webp\" \/>\n<meta name=\"author\" content=\"La Sentinelle\" \/>\n<meta name=\"twitter:card\" content=\"summary_large_image\" \/>\n<meta name=\"twitter:label1\" content=\"\u00c9crit par\" \/>\n\t<meta name=\"twitter:data1\" content=\"La Sentinelle\" \/>\n\t<meta name=\"twitter:label2\" content=\"Dur\u00e9e de lecture estim\u00e9e\" \/>\n\t<meta name=\"twitter:data2\" content=\"2 minutes\" \/>\n<script type=\"application\/ld+json\" class=\"yoast-schema-graph\">{\"@context\":\"https:\\\/\\\/schema.org\",\"@graph\":[{\"@type\":\"Article\",\"@id\":\"https:\\\/\\\/lasentinelle.dz\\\/index.php\\\/2023\\\/09\\\/02\\\/annaba-12-blesses-dans-une-explosion-de-gaz-a-el-bouni\\\/#article\",\"isPartOf\":{\"@id\":\"https:\\\/\\\/lasentinelle.dz\\\/index.php\\\/2023\\\/09\\\/02\\\/annaba-12-blesses-dans-une-explosion-de-gaz-a-el-bouni\\\/\"},\"author\":{\"name\":\"La Sentinelle\",\"@id\":\"https:\\\/\\\/lasentinelle.dz\\\/#\\\/schema\\\/person\\\/d865044e22e70a75174ce8bcad3acfb3\"},\"headline\":\"Annaba\u00a0: 12 bless\u00e9s dans une explosion de gaz \u00e0 El Bouni\",\"datePublished\":\"2023-09-02T18:35:56+00:00\",\"dateModified\":\"2023-09-02T18:35:58+00:00\",\"mainEntityOfPage\":{\"@id\":\"https:\\\/\\\/lasentinelle.dz\\\/index.php\\\/2023\\\/09\\\/02\\\/annaba-12-blesses-dans-une-explosion-de-gaz-a-el-bouni\\\/\"},\"wordCount\":325,\"commentCount\":0,\"publisher\":{\"@id\":\"https:\\\/\\\/lasentinelle.dz\\\/#organization\"},\"image\":{\"@id\":\"https:\\\/\\\/lasentinelle.dz\\\/index.php\\\/2023\\\/09\\\/02\\\/annaba-12-blesses-dans-une-explosion-de-gaz-a-el-bouni\\\/#primaryimage\"},\"thumbnailUrl\":\"https:\\\/\\\/lasentinelle.dz\\\/wp-content\\\/uploads\\\/2023\\\/09\\\/explosion-gaz.webp\",\"articleSection\":[\"R\u00e9gions\"],\"inLanguage\":\"fr-FR\",\"potentialAction\":[{\"@type\":\"CommentAction\",\"name\":\"Comment\",\"target\":[\"https:\\\/\\\/lasentinelle.dz\\\/index.php\\\/2023\\\/09\\\/02\\\/annaba-12-blesses-dans-une-explosion-de-gaz-a-el-bouni\\\/#respond\"]}]},{\"@type\":\"WebPage\",\"@id\":\"https:\\\/\\\/lasentinelle.dz\\\/index.php\\\/2023\\\/09\\\/02\\\/annaba-12-blesses-dans-une-explosion-de-gaz-a-el-bouni\\\/\",\"url\":\"https:\\\/\\\/lasentinelle.dz\\\/index.php\\\/2023\\\/09\\\/02\\\/annaba-12-blesses-dans-une-explosion-de-gaz-a-el-bouni\\\/\",\"name\":\"Annaba\u00a0: 12 bless\u00e9s dans une explosion de gaz \u00e0 El Bouni - La Sentinelle\",\"isPartOf\":{\"@id\":\"https:\\\/\\\/lasentinelle.dz\\\/#website\"},\"primaryImageOfPage\":{\"@id\":\"https:\\\/\\\/lasentinelle.dz\\\/index.php\\\/2023\\\/09\\\/02\\\/annaba-12-blesses-dans-une-explosion-de-gaz-a-el-bouni\\\/#primaryimage\"},\"image\":{\"@id\":\"https:\\\/\\\/lasentinelle.dz\\\/index.php\\\/2023\\\/09\\\/02\\\/annaba-12-blesses-dans-une-explosion-de-gaz-a-el-bouni\\\/#primaryimage\"},\"thumbnailUrl\":\"https:\\\/\\\/lasentinelle.dz\\\/wp-content\\\/uploads\\\/2023\\\/09\\\/explosion-gaz.webp\",\"datePublished\":\"2023-09-02T18:35:56+00:00\",\"dateModified\":\"2023-09-02T18:35:58+00:00\",\"breadcrumb\":{\"@id\":\"https:\\\/\\\/lasentinelle.dz\\\/index.php\\\/2023\\\/09\\\/02\\\/annaba-12-blesses-dans-une-explosion-de-gaz-a-el-bouni\\\/#breadcrumb\"},\"inLanguage\":\"fr-FR\",\"potentialAction\":[{\"@type\":\"ReadAction\",\"target\":[\"https:\\\/\\\/lasentinelle.dz\\\/index.php\\\/2023\\\/09\\\/02\\\/annaba-12-blesses-dans-une-explosion-de-gaz-a-el-bouni\\\/\"]}]},{\"@type\":\"ImageObject\",\"inLanguage\":\"fr-FR\",\"@id\":\"https:\\\/\\\/lasentinelle.dz\\\/index.php\\\/2023\\\/09\\\/02\\\/annaba-12-blesses-dans-une-explosion-de-gaz-a-el-bouni\\\/#primaryimage\",\"url\":\"https:\\\/\\\/lasentinelle.dz\\\/wp-content\\\/uploads\\\/2023\\\/09\\\/explosion-gaz.webp\",\"contentUrl\":\"https:\\\/\\\/lasentinelle.dz\\\/wp-content\\\/uploads\\\/2023\\\/09\\\/explosion-gaz.webp\",\"width\":900,\"height\":675},{\"@type\":\"BreadcrumbList\",\"@id\":\"https:\\\/\\\/lasentinelle.dz\\\/index.php\\\/2023\\\/09\\\/02\\\/annaba-12-blesses-dans-une-explosion-de-gaz-a-el-bouni\\\/#breadcrumb\",\"itemListElement\":[{\"@type\":\"ListItem\",\"position\":1,\"name\":\"Accueil\",\"item\":\"https:\\\/\\\/lasentinelle.dz\\\/\"},{\"@type\":\"ListItem\",\"position\":2,\"name\":\"Annaba\u00a0: 12 bless\u00e9s dans une explosion de gaz \u00e0 El Bouni\"}]},{\"@type\":\"WebSite\",\"@id\":\"https:\\\/\\\/lasentinelle.dz\\\/#website\",\"url\":\"https:\\\/\\\/lasentinelle.dz\\\/\",\"name\":\"La Sentinelle\",\"description\":\"Quotidien national d&#039;information\",\"publisher\":{\"@id\":\"https:\\\/\\\/lasentinelle.dz\\\/#organization\"},\"potentialAction\":[{\"@type\":\"SearchAction\",\"target\":{\"@type\":\"EntryPoint\",\"urlTemplate\":\"https:\\\/\\\/lasentinelle.dz\\\/?s={search_term_string}\"},\"query-input\":{\"@type\":\"PropertyValueSpecification\",\"valueRequired\":true,\"valueName\":\"search_term_string\"}}],\"inLanguage\":\"fr-FR\"},{\"@type\":\"Organization\",\"@id\":\"https:\\\/\\\/lasentinelle.dz\\\/#organization\",\"name\":\"Quotidien La Sentinelle\",\"url\":\"https:\\\/\\\/lasentinelle.dz\\\/\",\"logo\":{\"@type\":\"ImageObject\",\"inLanguage\":\"fr-FR\",\"@id\":\"https:\\\/\\\/lasentinelle.dz\\\/#\\\/schema\\\/logo\\\/image\\\/\",\"url\":\"https:\\\/\\\/lasentinelle.dz\\\/wp-content\\\/uploads\\\/2021\\\/09\\\/logo-sentinelleSLOGAN-1.png\",\"contentUrl\":\"https:\\\/\\\/lasentinelle.dz\\\/wp-content\\\/uploads\\\/2021\\\/09\\\/logo-sentinelleSLOGAN-1.png\",\"width\":615,\"height\":142,\"caption\":\"Quotidien La Sentinelle\"},\"image\":{\"@id\":\"https:\\\/\\\/lasentinelle.dz\\\/#\\\/schema\\\/logo\\\/image\\\/\"},\"sameAs\":[\"https:\\\/\\\/www.facebook.com\\\/La-Sentinelle-104059864394773\"]},{\"@type\":\"Person\",\"@id\":\"https:\\\/\\\/lasentinelle.dz\\\/#\\\/schema\\\/person\\\/d865044e22e70a75174ce8bcad3acfb3\",\"name\":\"La Sentinelle\",\"image\":{\"@type\":\"ImageObject\",\"inLanguage\":\"fr-FR\",\"@id\":\"https:\\\/\\\/secure.gravatar.com\\\/avatar\\\/57de8e5d4b15d43fb361a71fbb36338450fe67865b528a43dd10ef7c51a20392?s=96&d=mm&r=g\",\"url\":\"https:\\\/\\\/secure.gravatar.com\\\/avatar\\\/57de8e5d4b15d43fb361a71fbb36338450fe67865b528a43dd10ef7c51a20392?s=96&d=mm&r=g\",\"contentUrl\":\"https:\\\/\\\/secure.gravatar.com\\\/avatar\\\/57de8e5d4b15d43fb361a71fbb36338450fe67865b528a43dd10ef7c51a20392?s=96&d=mm&r=g\",\"caption\":\"La Sentinelle\"},\"sameAs\":[\"http:\\\/\\\/www.lasentinelle.dz\"],\"url\":\"https:\\\/\\\/lasentinelle.dz\\\/author\\\/redaction\\\/\"}]}<\/script>\n<!-- \/ Yoast SEO plugin. -->","yoast_head_json":{"title":"Annaba\u00a0: 12 bless\u00e9s dans une explosion de gaz \u00e0 El Bouni - La Sentinelle","robots":{"index":"index","follow":"follow","max-snippet":"max-snippet:-1","max-image-preview":"max-image-preview:large","max-video-preview":"max-video-preview:-1"},"canonical":"https:\/\/lasentinelle.dz\/index.php\/2023\/09\/02\/annaba-12-blesses-dans-une-explosion-de-gaz-a-el-bouni\/","og_locale":"fr_FR","og_type":"article","og_title":"Annaba\u00a0: 12 bless\u00e9s dans une explosion de gaz \u00e0 El Bouni - La Sentinelle","og_description":"Douze personnes ont \u00e9t\u00e9 bless\u00e9es suite \u00e0 une explosion de gaz survenue samedi-matin dans un immeuble de la cit\u00e9 Tarek-Benziad","og_url":"https:\/\/lasentinelle.dz\/index.php\/2023\/09\/02\/annaba-12-blesses-dans-une-explosion-de-gaz-a-el-bouni\/","og_site_name":"La Sentinelle","article_publisher":"https:\/\/www.facebook.com\/La-Sentinelle-104059864394773","article_published_time":"2023-09-02T18:35:56+00:00","article_modified_time":"2023-09-02T18:35:58+00:00","og_image":[{"width":900,"height":675,"url":"https:\/\/lasentinelle.dz\/wp-content\/uploads\/2023\/09\/explosion-gaz.webp","type":"image\/webp"}],"author":"La Sentinelle","twitter_card":"summary_large_image","twitter_misc":{"\u00c9crit par":"La Sentinelle","Dur\u00e9e de lecture estim\u00e9e":"2 minutes"},"schema":{"@context":"https:\/\/schema.org","@graph":[{"@type":"Article","@id":"https:\/\/lasentinelle.dz\/index.php\/2023\/09\/02\/annaba-12-blesses-dans-une-explosion-de-gaz-a-el-bouni\/#article","isPartOf":{"@id":"https:\/\/lasentinelle.dz\/index.php\/2023\/09\/02\/annaba-12-blesses-dans-une-explosion-de-gaz-a-el-bouni\/"},"author":{"name":"La Sentinelle","@id":"https:\/\/lasentinelle.dz\/#\/schema\/person\/d865044e22e70a75174ce8bcad3acfb3"},"headline":"Annaba\u00a0: 12 bless\u00e9s dans une explosion de gaz \u00e0 El Bouni","datePublished":"2023-09-02T18:35:56+00:00","dateModified":"2023-09-02T18:35:58+00:00","mainEntityOfPage":{"@id":"https:\/\/lasentinelle.dz\/index.php\/2023\/09\/02\/annaba-12-blesses-dans-une-explosion-de-gaz-a-el-bouni\/"},"wordCount":325,"commentCount":0,"publisher":{"@id":"https:\/\/lasentinelle.dz\/#organization"},"image":{"@id":"https:\/\/lasentinelle.dz\/index.php\/2023\/09\/02\/annaba-12-blesses-dans-une-explosion-de-gaz-a-el-bouni\/#primaryimage"},"thumbnailUrl":"https:\/\/lasentinelle.dz\/wp-content\/uploads\/2023\/09\/explosion-gaz.webp","articleSection":["R\u00e9gions"],"inLanguage":"fr-FR","potentialAction":[{"@type":"CommentAction","name":"Comment","target":["https:\/\/lasentinelle.dz\/index.php\/2023\/09\/02\/annaba-12-blesses-dans-une-explosion-de-gaz-a-el-bouni\/#respond"]}]},{"@type":"WebPage","@id":"https:\/\/lasentinelle.dz\/index.php\/2023\/09\/02\/annaba-12-blesses-dans-une-explosion-de-gaz-a-el-bouni\/","url":"https:\/\/lasentinelle.dz\/index.php\/2023\/09\/02\/annaba-12-blesses-dans-une-explosion-de-gaz-a-el-bouni\/","name":"Annaba\u00a0: 12 bless\u00e9s dans une explosion de gaz \u00e0 El Bouni - La Sentinelle","isPartOf":{"@id":"https:\/\/lasentinelle.dz\/#website"},"primaryImageOfPage":{"@id":"https:\/\/lasentinelle.dz\/index.php\/2023\/09\/02\/annaba-12-blesses-dans-une-explosion-de-gaz-a-el-bouni\/#primaryimage"},"image":{"@id":"https:\/\/lasentinelle.dz\/index.php\/2023\/09\/02\/annaba-12-blesses-dans-une-explosion-de-gaz-a-el-bouni\/#primaryimage"},"thumbnailUrl":"https:\/\/lasentinelle.dz\/wp-content\/uploads\/2023\/09\/explosion-gaz.webp","datePublished":"2023-09-02T18:35:56+00:00","dateModified":"2023-09-02T18:35:58+00:00","breadcrumb":{"@id":"https:\/\/lasentinelle.dz\/index.php\/2023\/09\/02\/annaba-12-blesses-dans-une-explosion-de-gaz-a-el-bouni\/#breadcrumb"},"inLanguage":"fr-FR","potentialAction":[{"@type":"ReadAction","target":["https:\/\/lasentinelle.dz\/index.php\/2023\/09\/02\/annaba-12-blesses-dans-une-explosion-de-gaz-a-el-bouni\/"]}]},{"@type":"ImageObject","inLanguage":"fr-FR","@id":"https:\/\/lasentinelle.dz\/index.php\/2023\/09\/02\/annaba-12-blesses-dans-une-explosion-de-gaz-a-el-bouni\/#primaryimage","url":"https:\/\/lasentinelle.dz\/wp-content\/uploads\/2023\/09\/explosion-gaz.webp","contentUrl":"https:\/\/lasentinelle.dz\/wp-content\/uploads\/2023\/09\/explosion-gaz.webp","width":900,"height":675},{"@type":"BreadcrumbList","@id":"https:\/\/lasentinelle.dz\/index.php\/2023\/09\/02\/annaba-12-blesses-dans-une-explosion-de-gaz-a-el-bouni\/#breadcrumb","itemListElement":[{"@type":"ListItem","position":1,"name":"Accueil","item":"https:\/\/lasentinelle.dz\/"},{"@type":"ListItem","position":2,"name":"Annaba\u00a0: 12 bless\u00e9s dans une explosion de gaz \u00e0 El Bouni"}]},{"@type":"WebSite","@id":"https:\/\/lasentinelle.dz\/#website","url":"https:\/\/lasentinelle.dz\/","name":"La Sentinelle","description":"Quotidien national d&#039;information","publisher":{"@id":"https:\/\/lasentinelle.dz\/#organization"},"potentialAction":[{"@type":"SearchAction","target":{"@type":"EntryPoint","urlTemplate":"https:\/\/lasentinelle.dz\/?s={search_term_string}"},"query-input":{"@type":"PropertyValueSpecification","valueRequired":true,"valueName":"search_term_string"}}],"inLanguage":"fr-FR"},{"@type":"Organization","@id":"https:\/\/lasentinelle.dz\/#organization","name":"Quotidien La Sentinelle","url":"https:\/\/lasentinelle.dz\/","logo":{"@type":"ImageObject","inLanguage":"fr-FR","@id":"https:\/\/lasentinelle.dz\/#\/schema\/logo\/image\/","url":"https:\/\/lasentinelle.dz\/wp-content\/uploads\/2021\/09\/logo-sentinelleSLOGAN-1.png","contentUrl":"https:\/\/lasentinelle.dz\/wp-content\/uploads\/2021\/09\/logo-sentinelleSLOGAN-1.png","width":615,"height":142,"caption":"Quotidien La Sentinelle"},"image":{"@id":"https:\/\/lasentinelle.dz\/#\/schema\/logo\/image\/"},"sameAs":["https:\/\/www.facebook.com\/La-Sentinelle-104059864394773"]},{"@type":"Person","@id":"https:\/\/lasentinelle.dz\/#\/schema\/person\/d865044e22e70a75174ce8bcad3acfb3","name":"La Sentinelle","image":{"@type":"ImageObject","inLanguage":"fr-FR","@id":"https:\/\/secure.gravatar.com\/avatar\/57de8e5d4b15d43fb361a71fbb36338450fe67865b528a43dd10ef7c51a20392?s=96&d=mm&r=g","url":"https:\/\/secure.gravatar.com\/avatar\/57de8e5d4b15d43fb361a71fbb36338450fe67865b528a43dd10ef7c51a20392?s=96&d=mm&r=g","contentUrl":"https:\/\/secure.gravatar.com\/avatar\/57de8e5d4b15d43fb361a71fbb36338450fe67865b528a43dd10ef7c51a20392?s=96&d=mm&r=g","caption":"La Sentinelle"},"sameAs":["http:\/\/www.lasentinelle.dz"],"url":"https:\/\/lasentinelle.dz\/author\/redaction\/"}]}},"_links":{"self":[{"href":"https:\/\/lasentinelle.dz\/index.php\/wp-json\/wp\/v2\/posts\/45142","targetHints":{"allow":["GET"]}}],"collection":[{"href":"https:\/\/lasentinelle.dz\/index.php\/wp-json\/wp\/v2\/posts"}],"about":[{"href":"https:\/\/lasentinelle.dz\/index.php\/wp-json\/wp\/v2\/types\/post"}],"author":[{"embeddable":true,"href":"https:\/\/lasentinelle.dz\/index.php\/wp-json\/wp\/v2\/users\/3"}],"replies":[{"embeddable":true,"href":"https:\/\/lasentinelle.dz\/index.php\/wp-json\/wp\/v2\/comments?post=45142"}],"version-history":[{"count":1,"href":"https:\/\/lasentinelle.dz\/index.php\/wp-json\/wp\/v2\/posts\/45142\/revisions"}],"predecessor-version":[{"id":45144,"href":"https:\/\/lasentinelle.dz\/index.php\/wp-json\/wp\/v2\/posts\/45142\/revisions\/45144"}],"wp:featuredmedia":[{"embeddable":true,"href":"https:\/\/lasentinelle.dz\/index.php\/wp-json\/wp\/v2\/media\/45143"}],"wp:attachment":[{"href":"https:\/\/lasentinelle.dz\/index.php\/wp-json\/wp\/v2\/media?parent=45142"}],"wp:term":[{"taxonomy":"category","embeddable":true,"href":"https:\/\/lasentinelle.dz\/index.php\/wp-json\/wp\/v2\/categories?post=45142"},{"taxonomy":"post_tag","embeddable":true,"href":"https:\/\/lasentinelle.dz\/index.php\/wp-json\/wp\/v2\/tags?post=45142"}],"curies":[{"name":"wp","href":"https:\/\/api.w.org\/{rel}","templated":true}]}}