{"id":45196,"date":"2023-09-03T21:09:37","date_gmt":"2023-09-03T20:09:37","guid":{"rendered":"https:\/\/lasentinelle.dz\/?p=45196"},"modified":"2023-09-03T21:09:52","modified_gmt":"2023-09-03T20:09:52","slug":"petrole-les-exportations-saoudiennes-au-plus-bas-depuis-deux-ans","status":"publish","type":"post","link":"https:\/\/lasentinelle.dz\/index.php\/2023\/09\/03\/petrole-les-exportations-saoudiennes-au-plus-bas-depuis-deux-ans\/","title":{"rendered":"P\u00e9trole\u00a0: Les exportations saoudiennes au plus bas depuis deux ans"},"content":{"rendered":"\n<p>Selon les donn\u00e9es de l\u2019agence d\u2019information \u00e9conomique am\u00e9ricaine Bloomberg, le plus exportateur de p\u00e9trole qu\u2019est l\u2019Arabie saoudite a vu ses exp\u00e9ditions de brut atteindre un plus bas de deux ann\u00e9es. Selon les m\u00eames donn\u00e9es, les exportations saoudiennes de p\u00e9trole ont atteint environ environ 5,6 millions de barils de p\u00e9trole par jour au mois d\u2019ao\u00fbt. Un chiffre qui n\u2019avait pas \u00e9t\u00e9 aussi bas depuis mars 2021, selon les informations rapport\u00e9es par Bloomberg. Un recul d\u2019envergure comparativement aux 6,3 millions de barils par jour exp\u00e9di\u00e9s au mois de juillet dernier. Le recul des livraisons du brut saoudien est, rappelle-t-on, le fruit de d\u00e9cisions restrictives prises par l\u2019Organisation des pays exportateurs de p\u00e9trole (OPEP) et ses partenaires signataires de la D\u00e9claration de coop\u00e9ration , qui ont entrepris de r\u00e9duire leur production afin de stimuler les prix du p\u00e9trole.<\/p>\n\n\n\n<p>En parall\u00e8le des r\u00e9ductions observ\u00e9es par l&rsquo;OPEP+ \u00e0 raison de 1,6 million de barils par jour depuis le mois de mai, l&rsquo;Arabie saoudite a opt\u00e9 pour une nouvelle coupe de production d&rsquo;un demi-million de barils\/ jour en avril avant de l\u2019\u00e9tendre \u00e0 un million de barils\/jour pour juillet, prolong\u00e9e deux fois jusqu&rsquo;\u00e0 ao\u00fbt, puis jusqu&rsquo;\u00e0 septembre. Une coupe qui pourrait \u00eatre reconduite en octobre. La Russie a annonc\u00e9 pour sa part une r\u00e9duction de ses exportations de l\u2019ordre 300.000 barils\/jour en ao\u00fbt, r\u00e9duite en septembre. Le march\u00e9 s\u2019attend \u00e0 des r\u00e9ductions suppl\u00e9mentaires de l\u2019alliance Opep+ en se r\u00e9f\u00e9rant aux d\u00e9clarations du vice-Premier ministre russe Novak. Il a en effet assur\u00e9 que la Russie et les membres de l&rsquo;Organisation des pays exportateurs de p\u00e9trole et leurs alli\u00e9s (OPEP+) sont tomb\u00e9s d&rsquo;accord sur de nouvelles r\u00e9ductions de production. \u00ab\u00a0Nous annoncerons publiquement les principaux param\u00e8tres la semaine prochaine\u00a0\u00bb, a-t-il pr\u00e9cis\u00e9 face au pr\u00e9sident russe Vladimir Poutine lors d&rsquo;une r\u00e9union gouvernementale t\u00e9l\u00e9vis\u00e9e jeudi. L\u2019objectif derri\u00e8re cette r\u00e9duction de l\u2019offre est clair : soutenir la stabilit\u00e9 et l\u2019\u00e9quilibre des march\u00e9s p\u00e9troliers, comme l\u2019a soulign\u00e9 une source du minist\u00e8re de l\u2019\u00c9nergie saoudienne. Sur le march\u00e9, les prix du p\u00e9trole se sont une nouvelle fois redress\u00e9s la semaine derni\u00e8re dans le sillage de la contraction de l\u2019offre induite par les mesures prises par l\u2019Opep+ et la d\u00e9c\u00e9l\u00e9ration de la croissance de la production aux Etats-Unis. Le baril de Brent a fini la semaine de cotation \u00e0 88,55 dollars, tandis que le baril de p\u00e9trole am\u00e9ricain, le WTI, a d\u00e9pass\u00e9 les 85 dollars et atteint son plus haut de l\u2019ann\u00e9e vendredi.<\/p>\n\n\n\n<p><strong>Samira Ghrib<\/strong><\/p>\n\n\n\n<p><\/p>\n","protected":false},"excerpt":{"rendered":"<p>Selon les donn\u00e9es de l\u2019agence d\u2019information \u00e9conomique am\u00e9ricaine Bloomberg, le plus exportateur de p\u00e9trole qu\u2019est l\u2019Arabie saoudite a vu ses<\/p>\n","protected":false},"author":3,"featured_media":32324,"comment_status":"open","ping_status":"closed","sticky":false,"template":"","format":"standard","meta":{"colormag_page_container_layout":"default_layout","colormag_page_sidebar_layout":"default_layout","om_disable_all_campaigns":false,"_monsterinsights_skip_tracking":false,"_monsterinsights_sitenote_active":false,"_monsterinsights_sitenote_note":"","_monsterinsights_sitenote_category":0,"footnotes":"","_wpscppro_dont_share_socialmedia":false,"_wpscppro_custom_social_share_image":0,"_facebook_share_type":"","_twitter_share_type":"","_linkedin_share_type":"","_pinterest_share_type":"","_linkedin_share_type_page":"","_instagram_share_type":"","_medium_share_type":"","_threads_share_type":"","_google_business_share_type":"","_selected_social_profile":[],"_wpsp_enable_custom_social_template":false,"_wpsp_social_scheduling":{"enabled":false,"datetime":null,"platforms":[],"status":"template_only","dateOption":"today","timeOption":"now","customDays":"","customHours":"","customDate":"","customTime":"","schedulingType":"absolute"},"_wpsp_active_default_template":true},"categories":[29],"tags":[],"class_list":["post-45196","post","type-post","status-publish","format-standard","has-post-thumbnail","hentry","category-economie"],"aioseo_notices":[],"yoast_head":"<!-- This site is optimized with the Yoast SEO plugin v27.5 - https:\/\/yoast.com\/product\/yoast-seo-wordpress\/ -->\n<title>P\u00e9trole\u00a0: Les exportations saoudiennes au plus bas depuis deux ans - La Sentinelle<\/title>\n<meta name=\"robots\" content=\"index, follow, max-snippet:-1, max-image-preview:large, max-video-preview:-1\" \/>\n<link rel=\"canonical\" href=\"https:\/\/lasentinelle.dz\/index.php\/2023\/09\/03\/petrole-les-exportations-saoudiennes-au-plus-bas-depuis-deux-ans\/\" \/>\n<meta property=\"og:locale\" content=\"fr_FR\" \/>\n<meta property=\"og:type\" content=\"article\" \/>\n<meta property=\"og:title\" content=\"P\u00e9trole\u00a0: Les exportations saoudiennes au plus bas depuis deux ans - La Sentinelle\" \/>\n<meta property=\"og:description\" content=\"Selon les donn\u00e9es de l\u2019agence d\u2019information \u00e9conomique am\u00e9ricaine Bloomberg, le plus exportateur de p\u00e9trole qu\u2019est l\u2019Arabie saoudite a vu ses\" \/>\n<meta property=\"og:url\" content=\"https:\/\/lasentinelle.dz\/index.php\/2023\/09\/03\/petrole-les-exportations-saoudiennes-au-plus-bas-depuis-deux-ans\/\" \/>\n<meta property=\"og:site_name\" content=\"La Sentinelle\" \/>\n<meta property=\"article:publisher\" content=\"https:\/\/www.facebook.com\/La-Sentinelle-104059864394773\" \/>\n<meta property=\"article:published_time\" content=\"2023-09-03T20:09:37+00:00\" \/>\n<meta property=\"article:modified_time\" content=\"2023-09-03T20:09:52+00:00\" \/>\n<meta property=\"og:image\" content=\"https:\/\/lasentinelle.dz\/wp-content\/uploads\/2022\/12\/petrole.png\" \/>\n\t<meta property=\"og:image:width\" content=\"1396\" \/>\n\t<meta property=\"og:image:height\" content=\"900\" \/>\n\t<meta property=\"og:image:type\" content=\"image\/png\" \/>\n<meta name=\"author\" content=\"La Sentinelle\" \/>\n<meta name=\"twitter:card\" content=\"summary_large_image\" \/>\n<meta name=\"twitter:label1\" content=\"\u00c9crit par\" \/>\n\t<meta name=\"twitter:data1\" content=\"La Sentinelle\" \/>\n\t<meta name=\"twitter:label2\" content=\"Dur\u00e9e de lecture estim\u00e9e\" \/>\n\t<meta name=\"twitter:data2\" content=\"3 minutes\" \/>\n<script type=\"application\/ld+json\" class=\"yoast-schema-graph\">{\"@context\":\"https:\\\/\\\/schema.org\",\"@graph\":[{\"@type\":\"Article\",\"@id\":\"https:\\\/\\\/lasentinelle.dz\\\/index.php\\\/2023\\\/09\\\/03\\\/petrole-les-exportations-saoudiennes-au-plus-bas-depuis-deux-ans\\\/#article\",\"isPartOf\":{\"@id\":\"https:\\\/\\\/lasentinelle.dz\\\/index.php\\\/2023\\\/09\\\/03\\\/petrole-les-exportations-saoudiennes-au-plus-bas-depuis-deux-ans\\\/\"},\"author\":{\"name\":\"La Sentinelle\",\"@id\":\"https:\\\/\\\/lasentinelle.dz\\\/#\\\/schema\\\/person\\\/d865044e22e70a75174ce8bcad3acfb3\"},\"headline\":\"P\u00e9trole\u00a0: Les exportations saoudiennes au plus bas depuis deux ans\",\"datePublished\":\"2023-09-03T20:09:37+00:00\",\"dateModified\":\"2023-09-03T20:09:52+00:00\",\"mainEntityOfPage\":{\"@id\":\"https:\\\/\\\/lasentinelle.dz\\\/index.php\\\/2023\\\/09\\\/03\\\/petrole-les-exportations-saoudiennes-au-plus-bas-depuis-deux-ans\\\/\"},\"wordCount\":484,\"commentCount\":0,\"publisher\":{\"@id\":\"https:\\\/\\\/lasentinelle.dz\\\/#organization\"},\"image\":{\"@id\":\"https:\\\/\\\/lasentinelle.dz\\\/index.php\\\/2023\\\/09\\\/03\\\/petrole-les-exportations-saoudiennes-au-plus-bas-depuis-deux-ans\\\/#primaryimage\"},\"thumbnailUrl\":\"https:\\\/\\\/lasentinelle.dz\\\/wp-content\\\/uploads\\\/2022\\\/12\\\/petrole.png\",\"articleSection\":[\"\u00c9conomie\"],\"inLanguage\":\"fr-FR\",\"potentialAction\":[{\"@type\":\"CommentAction\",\"name\":\"Comment\",\"target\":[\"https:\\\/\\\/lasentinelle.dz\\\/index.php\\\/2023\\\/09\\\/03\\\/petrole-les-exportations-saoudiennes-au-plus-bas-depuis-deux-ans\\\/#respond\"]}]},{\"@type\":\"WebPage\",\"@id\":\"https:\\\/\\\/lasentinelle.dz\\\/index.php\\\/2023\\\/09\\\/03\\\/petrole-les-exportations-saoudiennes-au-plus-bas-depuis-deux-ans\\\/\",\"url\":\"https:\\\/\\\/lasentinelle.dz\\\/index.php\\\/2023\\\/09\\\/03\\\/petrole-les-exportations-saoudiennes-au-plus-bas-depuis-deux-ans\\\/\",\"name\":\"P\u00e9trole\u00a0: Les exportations saoudiennes au plus bas depuis deux ans - La Sentinelle\",\"isPartOf\":{\"@id\":\"https:\\\/\\\/lasentinelle.dz\\\/#website\"},\"primaryImageOfPage\":{\"@id\":\"https:\\\/\\\/lasentinelle.dz\\\/index.php\\\/2023\\\/09\\\/03\\\/petrole-les-exportations-saoudiennes-au-plus-bas-depuis-deux-ans\\\/#primaryimage\"},\"image\":{\"@id\":\"https:\\\/\\\/lasentinelle.dz\\\/index.php\\\/2023\\\/09\\\/03\\\/petrole-les-exportations-saoudiennes-au-plus-bas-depuis-deux-ans\\\/#primaryimage\"},\"thumbnailUrl\":\"https:\\\/\\\/lasentinelle.dz\\\/wp-content\\\/uploads\\\/2022\\\/12\\\/petrole.png\",\"datePublished\":\"2023-09-03T20:09:37+00:00\",\"dateModified\":\"2023-09-03T20:09:52+00:00\",\"breadcrumb\":{\"@id\":\"https:\\\/\\\/lasentinelle.dz\\\/index.php\\\/2023\\\/09\\\/03\\\/petrole-les-exportations-saoudiennes-au-plus-bas-depuis-deux-ans\\\/#breadcrumb\"},\"inLanguage\":\"fr-FR\",\"potentialAction\":[{\"@type\":\"ReadAction\",\"target\":[\"https:\\\/\\\/lasentinelle.dz\\\/index.php\\\/2023\\\/09\\\/03\\\/petrole-les-exportations-saoudiennes-au-plus-bas-depuis-deux-ans\\\/\"]}]},{\"@type\":\"ImageObject\",\"inLanguage\":\"fr-FR\",\"@id\":\"https:\\\/\\\/lasentinelle.dz\\\/index.php\\\/2023\\\/09\\\/03\\\/petrole-les-exportations-saoudiennes-au-plus-bas-depuis-deux-ans\\\/#primaryimage\",\"url\":\"https:\\\/\\\/lasentinelle.dz\\\/wp-content\\\/uploads\\\/2022\\\/12\\\/petrole.png\",\"contentUrl\":\"https:\\\/\\\/lasentinelle.dz\\\/wp-content\\\/uploads\\\/2022\\\/12\\\/petrole.png\",\"width\":1396,\"height\":900},{\"@type\":\"BreadcrumbList\",\"@id\":\"https:\\\/\\\/lasentinelle.dz\\\/index.php\\\/2023\\\/09\\\/03\\\/petrole-les-exportations-saoudiennes-au-plus-bas-depuis-deux-ans\\\/#breadcrumb\",\"itemListElement\":[{\"@type\":\"ListItem\",\"position\":1,\"name\":\"Accueil\",\"item\":\"https:\\\/\\\/lasentinelle.dz\\\/\"},{\"@type\":\"ListItem\",\"position\":2,\"name\":\"P\u00e9trole\u00a0: Les exportations saoudiennes au plus bas depuis deux ans\"}]},{\"@type\":\"WebSite\",\"@id\":\"https:\\\/\\\/lasentinelle.dz\\\/#website\",\"url\":\"https:\\\/\\\/lasentinelle.dz\\\/\",\"name\":\"La Sentinelle\",\"description\":\"Quotidien national d&#039;information\",\"publisher\":{\"@id\":\"https:\\\/\\\/lasentinelle.dz\\\/#organization\"},\"potentialAction\":[{\"@type\":\"SearchAction\",\"target\":{\"@type\":\"EntryPoint\",\"urlTemplate\":\"https:\\\/\\\/lasentinelle.dz\\\/?s={search_term_string}\"},\"query-input\":{\"@type\":\"PropertyValueSpecification\",\"valueRequired\":true,\"valueName\":\"search_term_string\"}}],\"inLanguage\":\"fr-FR\"},{\"@type\":\"Organization\",\"@id\":\"https:\\\/\\\/lasentinelle.dz\\\/#organization\",\"name\":\"Quotidien La Sentinelle\",\"url\":\"https:\\\/\\\/lasentinelle.dz\\\/\",\"logo\":{\"@type\":\"ImageObject\",\"inLanguage\":\"fr-FR\",\"@id\":\"https:\\\/\\\/lasentinelle.dz\\\/#\\\/schema\\\/logo\\\/image\\\/\",\"url\":\"https:\\\/\\\/lasentinelle.dz\\\/wp-content\\\/uploads\\\/2021\\\/09\\\/logo-sentinelleSLOGAN-1.png\",\"contentUrl\":\"https:\\\/\\\/lasentinelle.dz\\\/wp-content\\\/uploads\\\/2021\\\/09\\\/logo-sentinelleSLOGAN-1.png\",\"width\":615,\"height\":142,\"caption\":\"Quotidien La Sentinelle\"},\"image\":{\"@id\":\"https:\\\/\\\/lasentinelle.dz\\\/#\\\/schema\\\/logo\\\/image\\\/\"},\"sameAs\":[\"https:\\\/\\\/www.facebook.com\\\/La-Sentinelle-104059864394773\"]},{\"@type\":\"Person\",\"@id\":\"https:\\\/\\\/lasentinelle.dz\\\/#\\\/schema\\\/person\\\/d865044e22e70a75174ce8bcad3acfb3\",\"name\":\"La Sentinelle\",\"image\":{\"@type\":\"ImageObject\",\"inLanguage\":\"fr-FR\",\"@id\":\"https:\\\/\\\/secure.gravatar.com\\\/avatar\\\/57de8e5d4b15d43fb361a71fbb36338450fe67865b528a43dd10ef7c51a20392?s=96&d=mm&r=g\",\"url\":\"https:\\\/\\\/secure.gravatar.com\\\/avatar\\\/57de8e5d4b15d43fb361a71fbb36338450fe67865b528a43dd10ef7c51a20392?s=96&d=mm&r=g\",\"contentUrl\":\"https:\\\/\\\/secure.gravatar.com\\\/avatar\\\/57de8e5d4b15d43fb361a71fbb36338450fe67865b528a43dd10ef7c51a20392?s=96&d=mm&r=g\",\"caption\":\"La Sentinelle\"},\"sameAs\":[\"http:\\\/\\\/www.lasentinelle.dz\"],\"url\":\"https:\\\/\\\/lasentinelle.dz\\\/author\\\/redaction\\\/\"}]}<\/script>\n<!-- \/ Yoast SEO plugin. -->","yoast_head_json":{"title":"P\u00e9trole\u00a0: Les exportations saoudiennes au plus bas depuis deux ans - La Sentinelle","robots":{"index":"index","follow":"follow","max-snippet":"max-snippet:-1","max-image-preview":"max-image-preview:large","max-video-preview":"max-video-preview:-1"},"canonical":"https:\/\/lasentinelle.dz\/index.php\/2023\/09\/03\/petrole-les-exportations-saoudiennes-au-plus-bas-depuis-deux-ans\/","og_locale":"fr_FR","og_type":"article","og_title":"P\u00e9trole\u00a0: Les exportations saoudiennes au plus bas depuis deux ans - La Sentinelle","og_description":"Selon les donn\u00e9es de l\u2019agence d\u2019information \u00e9conomique am\u00e9ricaine Bloomberg, le plus exportateur de p\u00e9trole qu\u2019est l\u2019Arabie saoudite a vu ses","og_url":"https:\/\/lasentinelle.dz\/index.php\/2023\/09\/03\/petrole-les-exportations-saoudiennes-au-plus-bas-depuis-deux-ans\/","og_site_name":"La Sentinelle","article_publisher":"https:\/\/www.facebook.com\/La-Sentinelle-104059864394773","article_published_time":"2023-09-03T20:09:37+00:00","article_modified_time":"2023-09-03T20:09:52+00:00","og_image":[{"width":1396,"height":900,"url":"https:\/\/lasentinelle.dz\/wp-content\/uploads\/2022\/12\/petrole.png","type":"image\/png"}],"author":"La Sentinelle","twitter_card":"summary_large_image","twitter_misc":{"\u00c9crit par":"La Sentinelle","Dur\u00e9e de lecture estim\u00e9e":"3 minutes"},"schema":{"@context":"https:\/\/schema.org","@graph":[{"@type":"Article","@id":"https:\/\/lasentinelle.dz\/index.php\/2023\/09\/03\/petrole-les-exportations-saoudiennes-au-plus-bas-depuis-deux-ans\/#article","isPartOf":{"@id":"https:\/\/lasentinelle.dz\/index.php\/2023\/09\/03\/petrole-les-exportations-saoudiennes-au-plus-bas-depuis-deux-ans\/"},"author":{"name":"La Sentinelle","@id":"https:\/\/lasentinelle.dz\/#\/schema\/person\/d865044e22e70a75174ce8bcad3acfb3"},"headline":"P\u00e9trole\u00a0: Les exportations saoudiennes au plus bas depuis deux ans","datePublished":"2023-09-03T20:09:37+00:00","dateModified":"2023-09-03T20:09:52+00:00","mainEntityOfPage":{"@id":"https:\/\/lasentinelle.dz\/index.php\/2023\/09\/03\/petrole-les-exportations-saoudiennes-au-plus-bas-depuis-deux-ans\/"},"wordCount":484,"commentCount":0,"publisher":{"@id":"https:\/\/lasentinelle.dz\/#organization"},"image":{"@id":"https:\/\/lasentinelle.dz\/index.php\/2023\/09\/03\/petrole-les-exportations-saoudiennes-au-plus-bas-depuis-deux-ans\/#primaryimage"},"thumbnailUrl":"https:\/\/lasentinelle.dz\/wp-content\/uploads\/2022\/12\/petrole.png","articleSection":["\u00c9conomie"],"inLanguage":"fr-FR","potentialAction":[{"@type":"CommentAction","name":"Comment","target":["https:\/\/lasentinelle.dz\/index.php\/2023\/09\/03\/petrole-les-exportations-saoudiennes-au-plus-bas-depuis-deux-ans\/#respond"]}]},{"@type":"WebPage","@id":"https:\/\/lasentinelle.dz\/index.php\/2023\/09\/03\/petrole-les-exportations-saoudiennes-au-plus-bas-depuis-deux-ans\/","url":"https:\/\/lasentinelle.dz\/index.php\/2023\/09\/03\/petrole-les-exportations-saoudiennes-au-plus-bas-depuis-deux-ans\/","name":"P\u00e9trole\u00a0: Les exportations saoudiennes au plus bas depuis deux ans - La Sentinelle","isPartOf":{"@id":"https:\/\/lasentinelle.dz\/#website"},"primaryImageOfPage":{"@id":"https:\/\/lasentinelle.dz\/index.php\/2023\/09\/03\/petrole-les-exportations-saoudiennes-au-plus-bas-depuis-deux-ans\/#primaryimage"},"image":{"@id":"https:\/\/lasentinelle.dz\/index.php\/2023\/09\/03\/petrole-les-exportations-saoudiennes-au-plus-bas-depuis-deux-ans\/#primaryimage"},"thumbnailUrl":"https:\/\/lasentinelle.dz\/wp-content\/uploads\/2022\/12\/petrole.png","datePublished":"2023-09-03T20:09:37+00:00","dateModified":"2023-09-03T20:09:52+00:00","breadcrumb":{"@id":"https:\/\/lasentinelle.dz\/index.php\/2023\/09\/03\/petrole-les-exportations-saoudiennes-au-plus-bas-depuis-deux-ans\/#breadcrumb"},"inLanguage":"fr-FR","potentialAction":[{"@type":"ReadAction","target":["https:\/\/lasentinelle.dz\/index.php\/2023\/09\/03\/petrole-les-exportations-saoudiennes-au-plus-bas-depuis-deux-ans\/"]}]},{"@type":"ImageObject","inLanguage":"fr-FR","@id":"https:\/\/lasentinelle.dz\/index.php\/2023\/09\/03\/petrole-les-exportations-saoudiennes-au-plus-bas-depuis-deux-ans\/#primaryimage","url":"https:\/\/lasentinelle.dz\/wp-content\/uploads\/2022\/12\/petrole.png","contentUrl":"https:\/\/lasentinelle.dz\/wp-content\/uploads\/2022\/12\/petrole.png","width":1396,"height":900},{"@type":"BreadcrumbList","@id":"https:\/\/lasentinelle.dz\/index.php\/2023\/09\/03\/petrole-les-exportations-saoudiennes-au-plus-bas-depuis-deux-ans\/#breadcrumb","itemListElement":[{"@type":"ListItem","position":1,"name":"Accueil","item":"https:\/\/lasentinelle.dz\/"},{"@type":"ListItem","position":2,"name":"P\u00e9trole\u00a0: Les exportations saoudiennes au plus bas depuis deux ans"}]},{"@type":"WebSite","@id":"https:\/\/lasentinelle.dz\/#website","url":"https:\/\/lasentinelle.dz\/","name":"La Sentinelle","description":"Quotidien national d&#039;information","publisher":{"@id":"https:\/\/lasentinelle.dz\/#organization"},"potentialAction":[{"@type":"SearchAction","target":{"@type":"EntryPoint","urlTemplate":"https:\/\/lasentinelle.dz\/?s={search_term_string}"},"query-input":{"@type":"PropertyValueSpecification","valueRequired":true,"valueName":"search_term_string"}}],"inLanguage":"fr-FR"},{"@type":"Organization","@id":"https:\/\/lasentinelle.dz\/#organization","name":"Quotidien La Sentinelle","url":"https:\/\/lasentinelle.dz\/","logo":{"@type":"ImageObject","inLanguage":"fr-FR","@id":"https:\/\/lasentinelle.dz\/#\/schema\/logo\/image\/","url":"https:\/\/lasentinelle.dz\/wp-content\/uploads\/2021\/09\/logo-sentinelleSLOGAN-1.png","contentUrl":"https:\/\/lasentinelle.dz\/wp-content\/uploads\/2021\/09\/logo-sentinelleSLOGAN-1.png","width":615,"height":142,"caption":"Quotidien La Sentinelle"},"image":{"@id":"https:\/\/lasentinelle.dz\/#\/schema\/logo\/image\/"},"sameAs":["https:\/\/www.facebook.com\/La-Sentinelle-104059864394773"]},{"@type":"Person","@id":"https:\/\/lasentinelle.dz\/#\/schema\/person\/d865044e22e70a75174ce8bcad3acfb3","name":"La Sentinelle","image":{"@type":"ImageObject","inLanguage":"fr-FR","@id":"https:\/\/secure.gravatar.com\/avatar\/57de8e5d4b15d43fb361a71fbb36338450fe67865b528a43dd10ef7c51a20392?s=96&d=mm&r=g","url":"https:\/\/secure.gravatar.com\/avatar\/57de8e5d4b15d43fb361a71fbb36338450fe67865b528a43dd10ef7c51a20392?s=96&d=mm&r=g","contentUrl":"https:\/\/secure.gravatar.com\/avatar\/57de8e5d4b15d43fb361a71fbb36338450fe67865b528a43dd10ef7c51a20392?s=96&d=mm&r=g","caption":"La Sentinelle"},"sameAs":["http:\/\/www.lasentinelle.dz"],"url":"https:\/\/lasentinelle.dz\/author\/redaction\/"}]}},"_links":{"self":[{"href":"https:\/\/lasentinelle.dz\/index.php\/wp-json\/wp\/v2\/posts\/45196","targetHints":{"allow":["GET"]}}],"collection":[{"href":"https:\/\/lasentinelle.dz\/index.php\/wp-json\/wp\/v2\/posts"}],"about":[{"href":"https:\/\/lasentinelle.dz\/index.php\/wp-json\/wp\/v2\/types\/post"}],"author":[{"embeddable":true,"href":"https:\/\/lasentinelle.dz\/index.php\/wp-json\/wp\/v2\/users\/3"}],"replies":[{"embeddable":true,"href":"https:\/\/lasentinelle.dz\/index.php\/wp-json\/wp\/v2\/comments?post=45196"}],"version-history":[{"count":2,"href":"https:\/\/lasentinelle.dz\/index.php\/wp-json\/wp\/v2\/posts\/45196\/revisions"}],"predecessor-version":[{"id":45198,"href":"https:\/\/lasentinelle.dz\/index.php\/wp-json\/wp\/v2\/posts\/45196\/revisions\/45198"}],"wp:featuredmedia":[{"embeddable":true,"href":"https:\/\/lasentinelle.dz\/index.php\/wp-json\/wp\/v2\/media\/32324"}],"wp:attachment":[{"href":"https:\/\/lasentinelle.dz\/index.php\/wp-json\/wp\/v2\/media?parent=45196"}],"wp:term":[{"taxonomy":"category","embeddable":true,"href":"https:\/\/lasentinelle.dz\/index.php\/wp-json\/wp\/v2\/categories?post=45196"},{"taxonomy":"post_tag","embeddable":true,"href":"https:\/\/lasentinelle.dz\/index.php\/wp-json\/wp\/v2\/tags?post=45196"}],"curies":[{"name":"wp","href":"https:\/\/api.w.org\/{rel}","templated":true}]}}