{"id":45212,"date":"2023-09-03T21:19:02","date_gmt":"2023-09-03T20:19:02","guid":{"rendered":"https:\/\/lasentinelle.dz\/?p=45212"},"modified":"2023-09-03T21:19:04","modified_gmt":"2023-09-03T20:19:04","slug":"en-attendant-la-rentree-des-classes-plus-dun-demi-million-denseignants-regagnent-leurs-postes","status":"publish","type":"post","link":"https:\/\/lasentinelle.dz\/index.php\/2023\/09\/03\/en-attendant-la-rentree-des-classes-plus-dun-demi-million-denseignants-regagnent-leurs-postes\/","title":{"rendered":"En attendant la rentr\u00e9e des classes\u00a0: Plus d&rsquo;un demi-million d&rsquo;enseignants regagnent leurs postes"},"content":{"rendered":"\n<p>Plus de 11 millions d&rsquo;\u00e9l\u00e8ves inscrits cette ann\u00e9e dans les trois cycles de l&rsquo;enseignement, rejoindront dans les prochains jours les salles de classes. Une attendant la rentr\u00e9e des classes, dont la date n\u2019a pas encore \u00e9t\u00e9 fix\u00e9e, ce sont pas moins d&rsquo;un demi million d&rsquo;enseignants qui ont regagn\u00e9 leurs postes hier.&nbsp; Pour l\u2019occasion le ministre de l\u2019\u00c9ducation nationale Abdelhakim Belaabed a effectu\u00e9 une visite d&rsquo;inspection aux \u00e9coles Abdallah-Houassine \u00e0 Kouba et Mohamed-Khemisti \u00e0 Hussein Dey (Alger), o\u00f9 il a pr\u00e9sid\u00e9 la c\u00e9r\u00e9monie de signature des proc\u00e8s verbaux d&rsquo;installation des nouveaux enseignants de l&rsquo;\u00e9ducation physique et sportive (EPS) et de la langue anglaise.<\/p>\n\n\n\n<p>M. Belaabed a assur\u00e9 que \u00ab\u00a0toutes les conditions sont r\u00e9unies pour que les enseignants reprennent le travail et que les \u00e9l\u00e8ves regagnent les bancs de l&rsquo;\u00e9cole dans les meilleures conditions\u00a0\u00bb. Le ministre a fait \u00e9tat de plus de 11 millions d&rsquo;\u00e9l\u00e8ves inscrits au tire de cette ann\u00e9e scolaire, encadr\u00e9s par plus d&rsquo;un demi-million d&rsquo;enseignants, r\u00e9partis sur quelque 30.000 \u00e9tablissements. A cette occasion, le ministre a appel\u00e9 la famille p\u00e9dagogique \u00e0 se mobiliser afin d&rsquo;assurer la r\u00e9ussite de l&rsquo;ann\u00e9e scolaire \u00e0 travers l&rsquo;engagement, la pers\u00e9v\u00e9rance et l&rsquo;efficacit\u00e9 dans l&rsquo;encadrement des \u00e9l\u00e8ves, soulignant que le minist\u00e8re veillait \u00e0 r\u00e9unir tous les moyens pour le bien-\u00eatre des \u00e9l\u00e8ves et des enseignants.<\/p>\n\n\n\n<p>M. Belaabed a, par ailleurs, rappel\u00e9 la place dont jouit l&rsquo;enseignant dans la soci\u00e9t\u00e9 consid\u00e9r\u00e9 comme un pilier de l&rsquo;\u00e9dification de la soci\u00e9t\u00e9. La rentr\u00e9e de cette ann\u00e9e s\u2019annonce particuli\u00e8re notamment avec le recrutement de plus de 17.000 nouveaux enseignants pour assurer les cours d\u2019\u00e9ducation physique et d\u2019Anglais. Des enseignants contractuels qui b\u00e9n\u00e9ficieront d\u2019une formation pr\u00e9vue du 7 au 18 septembre en cours.&nbsp; Dans ce contexte, le premier responsable du secteur s&rsquo;est enquis, \u00e0 l\u2019occasion de sa visite, de la premi\u00e8re \u00e9dition du manuel de langue anglaise pour les \u00e9l\u00e8ves de la quatri\u00e8me ann\u00e9e primaire, et l&rsquo;\u00e9quipement des classes en casiers dans le cadre des mesures visant \u00e0 all\u00e9ger le poids du cartable. D&rsquo;autre part, le ministre a visit\u00e9 les structures d\u00e9di\u00e9es \u00e0 l&rsquo;\u00e9ducation physique et sportive, qui sera une nouvelle mati\u00e8re dispens\u00e9e au cycle primaire d\u00e8s la rentr\u00e9e scolaire prochaine. A cet \u00e9gard, le ministre a relev\u00e9 que les \u00e9tablissements scolaires qui ne disposent pas de structures auront acc\u00e8s aux structures sportives de proximit\u00e9, et les \u00e9l\u00e8ves seront encadr\u00e9s par des enseignants sp\u00e9cialis\u00e9s en la mati\u00e8re, ce qui permettra, a-t-il dit, \u00ab\u00a0d&rsquo;all\u00e9ger la charge sur les instituteurs de la langue arabe\u00a0\u00bb.<\/p>\n\n\n\n<p>Notons que le ministre de l&rsquo;Education nationale, Abdelhakim Belaabed s\u2019est \u00e9galement exprim\u00e9 sur le sujet des demandes de transferts interwilayas des enseignants. En marge du s\u00e9minaire national de formation consacr\u00e9 \u00e0 l&rsquo;analyse des r\u00e9sultats de l&rsquo;\u00e9valuation des acquis p\u00e9dagogiques dans l&rsquo;enseignement primaire, qu\u2019il a pr\u00e9sid\u00e9, le ministre a fait \u00e9tat de plusieurs op\u00e9rations de transferts interwilayas des enseignants r\u00e9alis\u00e9es cet \u00e9t\u00e9, avec \u00ab\u00a0le taux sans pr\u00e9c\u00e9dent de 93 %\u00a0\u00bb. \u00ab\u00a0Le minist\u00e8re s&rsquo;attelle \u00e9galement \u00e0 examiner l&rsquo;entr\u00e9e et la sortie de milliers d&rsquo;enseignants en attendant l&rsquo;annonce prochaine des r\u00e9sultats de cette op\u00e9ration\u00a0\u00bb, a fait savoir le ministre. L&rsquo;op\u00e9ration de v\u00e9rification des informations de chaque candidat aura lieu du 5 au 7 septembre en cours et les enseignants d\u00e9sirant \u00eatre transf\u00e9r\u00e9s dans d&rsquo;autres wilayas \u00ab\u00a0doivent confirmer leurs informations, corriger les erreurs et d\u00e9poser l&rsquo;engagement aupr\u00e8s de la direction de l&rsquo;\u00e9ducation de wilaya comp\u00e9tente\u00a0\u00bb, a expliqu\u00e9 le ministre. \u00ab\u00a0L&rsquo;engagement d\u00e9pos\u00e9 par l&rsquo;enseignant candidat fait office de sa participation officielle et irr\u00e9versible pour sa nomination dans l&rsquo;un des \u00e9tablissements de wilaya o\u00f9 il d\u00e9sire \u00eatre transf\u00e9r\u00e9\u00a0\u00bb, a-t-il dit.<\/p>\n\n\n\n<p><strong>Chokri Hafed<\/strong><\/p>\n","protected":false},"excerpt":{"rendered":"<p>Plus de 11 millions d&rsquo;\u00e9l\u00e8ves inscrits cette ann\u00e9e dans les trois cycles de l&rsquo;enseignement, rejoindront dans les prochains jours les<\/p>\n","protected":false},"author":3,"featured_media":30213,"comment_status":"open","ping_status":"closed","sticky":false,"template":"","format":"standard","meta":{"colormag_page_container_layout":"default_layout","colormag_page_sidebar_layout":"default_layout","om_disable_all_campaigns":false,"_monsterinsights_skip_tracking":false,"_monsterinsights_sitenote_active":false,"_monsterinsights_sitenote_note":"","_monsterinsights_sitenote_category":0,"footnotes":"","_wpscppro_dont_share_socialmedia":false,"_wpscppro_custom_social_share_image":0,"_facebook_share_type":"","_twitter_share_type":"","_linkedin_share_type":"","_pinterest_share_type":"","_linkedin_share_type_page":"","_instagram_share_type":"","_medium_share_type":"","_threads_share_type":"","_google_business_share_type":"","_selected_social_profile":[],"_wpsp_enable_custom_social_template":false,"_wpsp_social_scheduling":{"enabled":false,"datetime":null,"platforms":[],"status":"template_only","dateOption":"today","timeOption":"now","customDays":"","customHours":"","customDate":"","customTime":"","schedulingType":"absolute"},"_wpsp_active_default_template":true},"categories":[27],"tags":[],"class_list":["post-45212","post","type-post","status-publish","format-standard","has-post-thumbnail","hentry","category-actualite"],"aioseo_notices":[],"yoast_head":"<!-- This site is optimized with the Yoast SEO plugin v27.5 - https:\/\/yoast.com\/product\/yoast-seo-wordpress\/ -->\n<title>En attendant la rentr\u00e9e des classes\u00a0: Plus d&rsquo;un demi-million d&rsquo;enseignants regagnent leurs postes - La Sentinelle<\/title>\n<meta name=\"robots\" content=\"index, follow, max-snippet:-1, max-image-preview:large, max-video-preview:-1\" \/>\n<link rel=\"canonical\" href=\"https:\/\/lasentinelle.dz\/index.php\/2023\/09\/03\/en-attendant-la-rentree-des-classes-plus-dun-demi-million-denseignants-regagnent-leurs-postes\/\" \/>\n<meta property=\"og:locale\" content=\"fr_FR\" \/>\n<meta property=\"og:type\" content=\"article\" \/>\n<meta property=\"og:title\" content=\"En attendant la rentr\u00e9e des classes\u00a0: Plus d&rsquo;un demi-million d&rsquo;enseignants regagnent leurs postes - La Sentinelle\" \/>\n<meta property=\"og:description\" content=\"Plus de 11 millions d&rsquo;\u00e9l\u00e8ves inscrits cette ann\u00e9e dans les trois cycles de l&rsquo;enseignement, rejoindront dans les prochains jours les\" \/>\n<meta property=\"og:url\" content=\"https:\/\/lasentinelle.dz\/index.php\/2023\/09\/03\/en-attendant-la-rentree-des-classes-plus-dun-demi-million-denseignants-regagnent-leurs-postes\/\" \/>\n<meta property=\"og:site_name\" content=\"La Sentinelle\" \/>\n<meta property=\"article:publisher\" content=\"https:\/\/www.facebook.com\/La-Sentinelle-104059864394773\" \/>\n<meta property=\"article:published_time\" content=\"2023-09-03T20:19:02+00:00\" \/>\n<meta property=\"article:modified_time\" content=\"2023-09-03T20:19:04+00:00\" \/>\n<meta property=\"og:image\" content=\"https:\/\/lasentinelle.dz\/wp-content\/uploads\/2022\/11\/Belabed.png\" \/>\n\t<meta property=\"og:image:width\" content=\"1427\" \/>\n\t<meta property=\"og:image:height\" content=\"900\" \/>\n\t<meta property=\"og:image:type\" content=\"image\/png\" \/>\n<meta name=\"author\" content=\"La Sentinelle\" \/>\n<meta name=\"twitter:card\" content=\"summary_large_image\" \/>\n<meta name=\"twitter:label1\" content=\"\u00c9crit par\" \/>\n\t<meta name=\"twitter:data1\" content=\"La Sentinelle\" \/>\n\t<meta name=\"twitter:label2\" content=\"Dur\u00e9e de lecture estim\u00e9e\" \/>\n\t<meta name=\"twitter:data2\" content=\"3 minutes\" \/>\n<script type=\"application\/ld+json\" class=\"yoast-schema-graph\">{\"@context\":\"https:\\\/\\\/schema.org\",\"@graph\":[{\"@type\":\"Article\",\"@id\":\"https:\\\/\\\/lasentinelle.dz\\\/index.php\\\/2023\\\/09\\\/03\\\/en-attendant-la-rentree-des-classes-plus-dun-demi-million-denseignants-regagnent-leurs-postes\\\/#article\",\"isPartOf\":{\"@id\":\"https:\\\/\\\/lasentinelle.dz\\\/index.php\\\/2023\\\/09\\\/03\\\/en-attendant-la-rentree-des-classes-plus-dun-demi-million-denseignants-regagnent-leurs-postes\\\/\"},\"author\":{\"name\":\"La Sentinelle\",\"@id\":\"https:\\\/\\\/lasentinelle.dz\\\/#\\\/schema\\\/person\\\/d865044e22e70a75174ce8bcad3acfb3\"},\"headline\":\"En attendant la rentr\u00e9e des classes\u00a0: Plus d&rsquo;un demi-million d&rsquo;enseignants regagnent leurs postes\",\"datePublished\":\"2023-09-03T20:19:02+00:00\",\"dateModified\":\"2023-09-03T20:19:04+00:00\",\"mainEntityOfPage\":{\"@id\":\"https:\\\/\\\/lasentinelle.dz\\\/index.php\\\/2023\\\/09\\\/03\\\/en-attendant-la-rentree-des-classes-plus-dun-demi-million-denseignants-regagnent-leurs-postes\\\/\"},\"wordCount\":702,\"commentCount\":0,\"publisher\":{\"@id\":\"https:\\\/\\\/lasentinelle.dz\\\/#organization\"},\"image\":{\"@id\":\"https:\\\/\\\/lasentinelle.dz\\\/index.php\\\/2023\\\/09\\\/03\\\/en-attendant-la-rentree-des-classes-plus-dun-demi-million-denseignants-regagnent-leurs-postes\\\/#primaryimage\"},\"thumbnailUrl\":\"https:\\\/\\\/lasentinelle.dz\\\/wp-content\\\/uploads\\\/2022\\\/11\\\/Belabed.png\",\"articleSection\":[\"Actualit\u00e9\"],\"inLanguage\":\"fr-FR\",\"potentialAction\":[{\"@type\":\"CommentAction\",\"name\":\"Comment\",\"target\":[\"https:\\\/\\\/lasentinelle.dz\\\/index.php\\\/2023\\\/09\\\/03\\\/en-attendant-la-rentree-des-classes-plus-dun-demi-million-denseignants-regagnent-leurs-postes\\\/#respond\"]}]},{\"@type\":\"WebPage\",\"@id\":\"https:\\\/\\\/lasentinelle.dz\\\/index.php\\\/2023\\\/09\\\/03\\\/en-attendant-la-rentree-des-classes-plus-dun-demi-million-denseignants-regagnent-leurs-postes\\\/\",\"url\":\"https:\\\/\\\/lasentinelle.dz\\\/index.php\\\/2023\\\/09\\\/03\\\/en-attendant-la-rentree-des-classes-plus-dun-demi-million-denseignants-regagnent-leurs-postes\\\/\",\"name\":\"En attendant la rentr\u00e9e des classes\u00a0: Plus d&rsquo;un demi-million d&rsquo;enseignants regagnent leurs postes - La Sentinelle\",\"isPartOf\":{\"@id\":\"https:\\\/\\\/lasentinelle.dz\\\/#website\"},\"primaryImageOfPage\":{\"@id\":\"https:\\\/\\\/lasentinelle.dz\\\/index.php\\\/2023\\\/09\\\/03\\\/en-attendant-la-rentree-des-classes-plus-dun-demi-million-denseignants-regagnent-leurs-postes\\\/#primaryimage\"},\"image\":{\"@id\":\"https:\\\/\\\/lasentinelle.dz\\\/index.php\\\/2023\\\/09\\\/03\\\/en-attendant-la-rentree-des-classes-plus-dun-demi-million-denseignants-regagnent-leurs-postes\\\/#primaryimage\"},\"thumbnailUrl\":\"https:\\\/\\\/lasentinelle.dz\\\/wp-content\\\/uploads\\\/2022\\\/11\\\/Belabed.png\",\"datePublished\":\"2023-09-03T20:19:02+00:00\",\"dateModified\":\"2023-09-03T20:19:04+00:00\",\"breadcrumb\":{\"@id\":\"https:\\\/\\\/lasentinelle.dz\\\/index.php\\\/2023\\\/09\\\/03\\\/en-attendant-la-rentree-des-classes-plus-dun-demi-million-denseignants-regagnent-leurs-postes\\\/#breadcrumb\"},\"inLanguage\":\"fr-FR\",\"potentialAction\":[{\"@type\":\"ReadAction\",\"target\":[\"https:\\\/\\\/lasentinelle.dz\\\/index.php\\\/2023\\\/09\\\/03\\\/en-attendant-la-rentree-des-classes-plus-dun-demi-million-denseignants-regagnent-leurs-postes\\\/\"]}]},{\"@type\":\"ImageObject\",\"inLanguage\":\"fr-FR\",\"@id\":\"https:\\\/\\\/lasentinelle.dz\\\/index.php\\\/2023\\\/09\\\/03\\\/en-attendant-la-rentree-des-classes-plus-dun-demi-million-denseignants-regagnent-leurs-postes\\\/#primaryimage\",\"url\":\"https:\\\/\\\/lasentinelle.dz\\\/wp-content\\\/uploads\\\/2022\\\/11\\\/Belabed.png\",\"contentUrl\":\"https:\\\/\\\/lasentinelle.dz\\\/wp-content\\\/uploads\\\/2022\\\/11\\\/Belabed.png\",\"width\":1427,\"height\":900},{\"@type\":\"BreadcrumbList\",\"@id\":\"https:\\\/\\\/lasentinelle.dz\\\/index.php\\\/2023\\\/09\\\/03\\\/en-attendant-la-rentree-des-classes-plus-dun-demi-million-denseignants-regagnent-leurs-postes\\\/#breadcrumb\",\"itemListElement\":[{\"@type\":\"ListItem\",\"position\":1,\"name\":\"Accueil\",\"item\":\"https:\\\/\\\/lasentinelle.dz\\\/\"},{\"@type\":\"ListItem\",\"position\":2,\"name\":\"En attendant la rentr\u00e9e des classes\u00a0: Plus d&rsquo;un demi-million d&rsquo;enseignants regagnent leurs postes\"}]},{\"@type\":\"WebSite\",\"@id\":\"https:\\\/\\\/lasentinelle.dz\\\/#website\",\"url\":\"https:\\\/\\\/lasentinelle.dz\\\/\",\"name\":\"La Sentinelle\",\"description\":\"Quotidien national d&#039;information\",\"publisher\":{\"@id\":\"https:\\\/\\\/lasentinelle.dz\\\/#organization\"},\"potentialAction\":[{\"@type\":\"SearchAction\",\"target\":{\"@type\":\"EntryPoint\",\"urlTemplate\":\"https:\\\/\\\/lasentinelle.dz\\\/?s={search_term_string}\"},\"query-input\":{\"@type\":\"PropertyValueSpecification\",\"valueRequired\":true,\"valueName\":\"search_term_string\"}}],\"inLanguage\":\"fr-FR\"},{\"@type\":\"Organization\",\"@id\":\"https:\\\/\\\/lasentinelle.dz\\\/#organization\",\"name\":\"Quotidien La Sentinelle\",\"url\":\"https:\\\/\\\/lasentinelle.dz\\\/\",\"logo\":{\"@type\":\"ImageObject\",\"inLanguage\":\"fr-FR\",\"@id\":\"https:\\\/\\\/lasentinelle.dz\\\/#\\\/schema\\\/logo\\\/image\\\/\",\"url\":\"https:\\\/\\\/lasentinelle.dz\\\/wp-content\\\/uploads\\\/2021\\\/09\\\/logo-sentinelleSLOGAN-1.png\",\"contentUrl\":\"https:\\\/\\\/lasentinelle.dz\\\/wp-content\\\/uploads\\\/2021\\\/09\\\/logo-sentinelleSLOGAN-1.png\",\"width\":615,\"height\":142,\"caption\":\"Quotidien La Sentinelle\"},\"image\":{\"@id\":\"https:\\\/\\\/lasentinelle.dz\\\/#\\\/schema\\\/logo\\\/image\\\/\"},\"sameAs\":[\"https:\\\/\\\/www.facebook.com\\\/La-Sentinelle-104059864394773\"]},{\"@type\":\"Person\",\"@id\":\"https:\\\/\\\/lasentinelle.dz\\\/#\\\/schema\\\/person\\\/d865044e22e70a75174ce8bcad3acfb3\",\"name\":\"La Sentinelle\",\"image\":{\"@type\":\"ImageObject\",\"inLanguage\":\"fr-FR\",\"@id\":\"https:\\\/\\\/secure.gravatar.com\\\/avatar\\\/57de8e5d4b15d43fb361a71fbb36338450fe67865b528a43dd10ef7c51a20392?s=96&d=mm&r=g\",\"url\":\"https:\\\/\\\/secure.gravatar.com\\\/avatar\\\/57de8e5d4b15d43fb361a71fbb36338450fe67865b528a43dd10ef7c51a20392?s=96&d=mm&r=g\",\"contentUrl\":\"https:\\\/\\\/secure.gravatar.com\\\/avatar\\\/57de8e5d4b15d43fb361a71fbb36338450fe67865b528a43dd10ef7c51a20392?s=96&d=mm&r=g\",\"caption\":\"La Sentinelle\"},\"sameAs\":[\"http:\\\/\\\/www.lasentinelle.dz\"],\"url\":\"https:\\\/\\\/lasentinelle.dz\\\/author\\\/redaction\\\/\"}]}<\/script>\n<!-- \/ Yoast SEO plugin. -->","yoast_head_json":{"title":"En attendant la rentr\u00e9e des classes\u00a0: Plus d&rsquo;un demi-million d&rsquo;enseignants regagnent leurs postes - La Sentinelle","robots":{"index":"index","follow":"follow","max-snippet":"max-snippet:-1","max-image-preview":"max-image-preview:large","max-video-preview":"max-video-preview:-1"},"canonical":"https:\/\/lasentinelle.dz\/index.php\/2023\/09\/03\/en-attendant-la-rentree-des-classes-plus-dun-demi-million-denseignants-regagnent-leurs-postes\/","og_locale":"fr_FR","og_type":"article","og_title":"En attendant la rentr\u00e9e des classes\u00a0: Plus d&rsquo;un demi-million d&rsquo;enseignants regagnent leurs postes - La Sentinelle","og_description":"Plus de 11 millions d&rsquo;\u00e9l\u00e8ves inscrits cette ann\u00e9e dans les trois cycles de l&rsquo;enseignement, rejoindront dans les prochains jours les","og_url":"https:\/\/lasentinelle.dz\/index.php\/2023\/09\/03\/en-attendant-la-rentree-des-classes-plus-dun-demi-million-denseignants-regagnent-leurs-postes\/","og_site_name":"La Sentinelle","article_publisher":"https:\/\/www.facebook.com\/La-Sentinelle-104059864394773","article_published_time":"2023-09-03T20:19:02+00:00","article_modified_time":"2023-09-03T20:19:04+00:00","og_image":[{"width":1427,"height":900,"url":"https:\/\/lasentinelle.dz\/wp-content\/uploads\/2022\/11\/Belabed.png","type":"image\/png"}],"author":"La Sentinelle","twitter_card":"summary_large_image","twitter_misc":{"\u00c9crit par":"La Sentinelle","Dur\u00e9e de lecture estim\u00e9e":"3 minutes"},"schema":{"@context":"https:\/\/schema.org","@graph":[{"@type":"Article","@id":"https:\/\/lasentinelle.dz\/index.php\/2023\/09\/03\/en-attendant-la-rentree-des-classes-plus-dun-demi-million-denseignants-regagnent-leurs-postes\/#article","isPartOf":{"@id":"https:\/\/lasentinelle.dz\/index.php\/2023\/09\/03\/en-attendant-la-rentree-des-classes-plus-dun-demi-million-denseignants-regagnent-leurs-postes\/"},"author":{"name":"La Sentinelle","@id":"https:\/\/lasentinelle.dz\/#\/schema\/person\/d865044e22e70a75174ce8bcad3acfb3"},"headline":"En attendant la rentr\u00e9e des classes\u00a0: Plus d&rsquo;un demi-million d&rsquo;enseignants regagnent leurs postes","datePublished":"2023-09-03T20:19:02+00:00","dateModified":"2023-09-03T20:19:04+00:00","mainEntityOfPage":{"@id":"https:\/\/lasentinelle.dz\/index.php\/2023\/09\/03\/en-attendant-la-rentree-des-classes-plus-dun-demi-million-denseignants-regagnent-leurs-postes\/"},"wordCount":702,"commentCount":0,"publisher":{"@id":"https:\/\/lasentinelle.dz\/#organization"},"image":{"@id":"https:\/\/lasentinelle.dz\/index.php\/2023\/09\/03\/en-attendant-la-rentree-des-classes-plus-dun-demi-million-denseignants-regagnent-leurs-postes\/#primaryimage"},"thumbnailUrl":"https:\/\/lasentinelle.dz\/wp-content\/uploads\/2022\/11\/Belabed.png","articleSection":["Actualit\u00e9"],"inLanguage":"fr-FR","potentialAction":[{"@type":"CommentAction","name":"Comment","target":["https:\/\/lasentinelle.dz\/index.php\/2023\/09\/03\/en-attendant-la-rentree-des-classes-plus-dun-demi-million-denseignants-regagnent-leurs-postes\/#respond"]}]},{"@type":"WebPage","@id":"https:\/\/lasentinelle.dz\/index.php\/2023\/09\/03\/en-attendant-la-rentree-des-classes-plus-dun-demi-million-denseignants-regagnent-leurs-postes\/","url":"https:\/\/lasentinelle.dz\/index.php\/2023\/09\/03\/en-attendant-la-rentree-des-classes-plus-dun-demi-million-denseignants-regagnent-leurs-postes\/","name":"En attendant la rentr\u00e9e des classes\u00a0: Plus d&rsquo;un demi-million d&rsquo;enseignants regagnent leurs postes - La Sentinelle","isPartOf":{"@id":"https:\/\/lasentinelle.dz\/#website"},"primaryImageOfPage":{"@id":"https:\/\/lasentinelle.dz\/index.php\/2023\/09\/03\/en-attendant-la-rentree-des-classes-plus-dun-demi-million-denseignants-regagnent-leurs-postes\/#primaryimage"},"image":{"@id":"https:\/\/lasentinelle.dz\/index.php\/2023\/09\/03\/en-attendant-la-rentree-des-classes-plus-dun-demi-million-denseignants-regagnent-leurs-postes\/#primaryimage"},"thumbnailUrl":"https:\/\/lasentinelle.dz\/wp-content\/uploads\/2022\/11\/Belabed.png","datePublished":"2023-09-03T20:19:02+00:00","dateModified":"2023-09-03T20:19:04+00:00","breadcrumb":{"@id":"https:\/\/lasentinelle.dz\/index.php\/2023\/09\/03\/en-attendant-la-rentree-des-classes-plus-dun-demi-million-denseignants-regagnent-leurs-postes\/#breadcrumb"},"inLanguage":"fr-FR","potentialAction":[{"@type":"ReadAction","target":["https:\/\/lasentinelle.dz\/index.php\/2023\/09\/03\/en-attendant-la-rentree-des-classes-plus-dun-demi-million-denseignants-regagnent-leurs-postes\/"]}]},{"@type":"ImageObject","inLanguage":"fr-FR","@id":"https:\/\/lasentinelle.dz\/index.php\/2023\/09\/03\/en-attendant-la-rentree-des-classes-plus-dun-demi-million-denseignants-regagnent-leurs-postes\/#primaryimage","url":"https:\/\/lasentinelle.dz\/wp-content\/uploads\/2022\/11\/Belabed.png","contentUrl":"https:\/\/lasentinelle.dz\/wp-content\/uploads\/2022\/11\/Belabed.png","width":1427,"height":900},{"@type":"BreadcrumbList","@id":"https:\/\/lasentinelle.dz\/index.php\/2023\/09\/03\/en-attendant-la-rentree-des-classes-plus-dun-demi-million-denseignants-regagnent-leurs-postes\/#breadcrumb","itemListElement":[{"@type":"ListItem","position":1,"name":"Accueil","item":"https:\/\/lasentinelle.dz\/"},{"@type":"ListItem","position":2,"name":"En attendant la rentr\u00e9e des classes\u00a0: Plus d&rsquo;un demi-million d&rsquo;enseignants regagnent leurs postes"}]},{"@type":"WebSite","@id":"https:\/\/lasentinelle.dz\/#website","url":"https:\/\/lasentinelle.dz\/","name":"La Sentinelle","description":"Quotidien national d&#039;information","publisher":{"@id":"https:\/\/lasentinelle.dz\/#organization"},"potentialAction":[{"@type":"SearchAction","target":{"@type":"EntryPoint","urlTemplate":"https:\/\/lasentinelle.dz\/?s={search_term_string}"},"query-input":{"@type":"PropertyValueSpecification","valueRequired":true,"valueName":"search_term_string"}}],"inLanguage":"fr-FR"},{"@type":"Organization","@id":"https:\/\/lasentinelle.dz\/#organization","name":"Quotidien La Sentinelle","url":"https:\/\/lasentinelle.dz\/","logo":{"@type":"ImageObject","inLanguage":"fr-FR","@id":"https:\/\/lasentinelle.dz\/#\/schema\/logo\/image\/","url":"https:\/\/lasentinelle.dz\/wp-content\/uploads\/2021\/09\/logo-sentinelleSLOGAN-1.png","contentUrl":"https:\/\/lasentinelle.dz\/wp-content\/uploads\/2021\/09\/logo-sentinelleSLOGAN-1.png","width":615,"height":142,"caption":"Quotidien La Sentinelle"},"image":{"@id":"https:\/\/lasentinelle.dz\/#\/schema\/logo\/image\/"},"sameAs":["https:\/\/www.facebook.com\/La-Sentinelle-104059864394773"]},{"@type":"Person","@id":"https:\/\/lasentinelle.dz\/#\/schema\/person\/d865044e22e70a75174ce8bcad3acfb3","name":"La Sentinelle","image":{"@type":"ImageObject","inLanguage":"fr-FR","@id":"https:\/\/secure.gravatar.com\/avatar\/57de8e5d4b15d43fb361a71fbb36338450fe67865b528a43dd10ef7c51a20392?s=96&d=mm&r=g","url":"https:\/\/secure.gravatar.com\/avatar\/57de8e5d4b15d43fb361a71fbb36338450fe67865b528a43dd10ef7c51a20392?s=96&d=mm&r=g","contentUrl":"https:\/\/secure.gravatar.com\/avatar\/57de8e5d4b15d43fb361a71fbb36338450fe67865b528a43dd10ef7c51a20392?s=96&d=mm&r=g","caption":"La Sentinelle"},"sameAs":["http:\/\/www.lasentinelle.dz"],"url":"https:\/\/lasentinelle.dz\/author\/redaction\/"}]}},"_links":{"self":[{"href":"https:\/\/lasentinelle.dz\/index.php\/wp-json\/wp\/v2\/posts\/45212","targetHints":{"allow":["GET"]}}],"collection":[{"href":"https:\/\/lasentinelle.dz\/index.php\/wp-json\/wp\/v2\/posts"}],"about":[{"href":"https:\/\/lasentinelle.dz\/index.php\/wp-json\/wp\/v2\/types\/post"}],"author":[{"embeddable":true,"href":"https:\/\/lasentinelle.dz\/index.php\/wp-json\/wp\/v2\/users\/3"}],"replies":[{"embeddable":true,"href":"https:\/\/lasentinelle.dz\/index.php\/wp-json\/wp\/v2\/comments?post=45212"}],"version-history":[{"count":1,"href":"https:\/\/lasentinelle.dz\/index.php\/wp-json\/wp\/v2\/posts\/45212\/revisions"}],"predecessor-version":[{"id":45213,"href":"https:\/\/lasentinelle.dz\/index.php\/wp-json\/wp\/v2\/posts\/45212\/revisions\/45213"}],"wp:featuredmedia":[{"embeddable":true,"href":"https:\/\/lasentinelle.dz\/index.php\/wp-json\/wp\/v2\/media\/30213"}],"wp:attachment":[{"href":"https:\/\/lasentinelle.dz\/index.php\/wp-json\/wp\/v2\/media?parent=45212"}],"wp:term":[{"taxonomy":"category","embeddable":true,"href":"https:\/\/lasentinelle.dz\/index.php\/wp-json\/wp\/v2\/categories?post=45212"},{"taxonomy":"post_tag","embeddable":true,"href":"https:\/\/lasentinelle.dz\/index.php\/wp-json\/wp\/v2\/tags?post=45212"}],"curies":[{"name":"wp","href":"https:\/\/api.w.org\/{rel}","templated":true}]}}