{"id":45227,"date":"2023-09-04T20:53:16","date_gmt":"2023-09-04T19:53:16","guid":{"rendered":"https:\/\/lasentinelle.dz\/?p=45227"},"modified":"2023-09-04T20:53:18","modified_gmt":"2023-09-04T19:53:18","slug":"finale-de-la-supercoupe-dafrique-un-arbitre-gabonais-au-sifflet","status":"publish","type":"post","link":"https:\/\/lasentinelle.dz\/index.php\/2023\/09\/04\/finale-de-la-supercoupe-dafrique-un-arbitre-gabonais-au-sifflet\/","title":{"rendered":"Finale de la Supercoupe d\u2019Afrique\u00a0: Un arbitre gabonais au sifflet"},"content":{"rendered":"\n<p>La Conf\u00e9d\u00e9ration africaine de football (CAF) a d\u00e9sign\u00e9 l\u2019arbitre gabonais Pierre Ghislain Atcho pour diriger la Supercoupe CAF 2023 entre la formation \u00e9gyptienne d\u2019Al Ahly SC, vainqueur de la Ligue des champions, et l\u2019USM Alger, vainqueur en Coupe de la Conf\u00e9d\u00e9ration, pr\u00e9vue le 15 septembre (19h alg\u00e9riennes) au stade King Fahd dans la ville de Taif (Arabie Saoudite), a annonc\u00e9 lundi&nbsp; l\u2019instance africaine.<\/p>\n\n\n\n<p>Le directeur de jeu gabonais sera assist\u00e9 de son compatriote Boris Marlaise Ditsoga (1er assistant) et la Camerounaise Karine Fomo (2e assistant). Le quatri\u00e8me arbitre est le S\u00e9n\u00e9galais Aissa Si. La CAF a annonc\u00e9 la date et l\u2019heure de la finale de la Supercoupe d\u2019Afrique qui opposera l\u2019USM Alger aux \u00c9gyptiens d\u2019Al Ahly. Cette grande affiche africaine va se d\u00e9rouler au stade du Roi Fahd \u00e0 Ta\u00eff en Arabie saoudite. La rencontre va d\u00e9buter \u00e0 21h00 heure locale et 19h00 heure alg\u00e9rienne.<\/p>\n\n\n\n<p>Pour rappel, Al-Ahly SC a remport\u00e9 la Ligue des champions, aux d\u00e9pens du Wydad Casablanca (aller : 2-1, retour : 1-1), alors que l\u2019USMA s\u2019est adjug\u00e9e le premier titre continental de son histoire, en remportant la Coupe de la Conf\u00e9d\u00e9ration de la CAF face aux Tanzaniens de Young Africans (aller : 2-1, retour : 0-1). Quelques semaines apr\u00e8s avoir d\u00e9croch\u00e9 le premier titre continental du club alg\u00e9rois, les hommes de Abdelhak Benchikha vont essayer de s\u2019offrir un second sacre face \u00e0 l\u2019ogre \u00e9gyptien.<\/p>\n\n\n\n<p>La CAF et la F\u00e9d\u00e9ration saoudienne de football (SAFF) ont sign\u00e9 un protocole d\u2019accord de cinq ans visant \u00e0 accueillir des comp\u00e9titions et \u00e0 favoriser les opportunit\u00e9s de croissance pour le football africain et saoudien. Le protocole d\u2019accord comprend des initiatives ax\u00e9es sur le d\u00e9veloppement technique et footballistique au niveau des clubs et des \u00e9quipes nationales, le football de base, le football f\u00e9minin, l\u2019identification des talents, les comp\u00e9titions, les matches amicaux et les perspectives commerciales.<\/p>\n\n\n\n<p><strong>R.S.<\/strong><\/p>\n","protected":false},"excerpt":{"rendered":"<p>La Conf\u00e9d\u00e9ration africaine de football (CAF) a d\u00e9sign\u00e9 l\u2019arbitre gabonais Pierre Ghislain Atcho pour diriger la Supercoupe CAF 2023 entre<\/p>\n","protected":false},"author":3,"featured_media":44946,"comment_status":"open","ping_status":"closed","sticky":false,"template":"","format":"standard","meta":{"colormag_page_container_layout":"default_layout","colormag_page_sidebar_layout":"default_layout","om_disable_all_campaigns":false,"_monsterinsights_skip_tracking":false,"_monsterinsights_sitenote_active":false,"_monsterinsights_sitenote_note":"","_monsterinsights_sitenote_category":0,"footnotes":"","_wpscppro_dont_share_socialmedia":false,"_wpscppro_custom_social_share_image":0,"_facebook_share_type":"","_twitter_share_type":"","_linkedin_share_type":"","_pinterest_share_type":"","_linkedin_share_type_page":"","_instagram_share_type":"","_medium_share_type":"","_threads_share_type":"","_google_business_share_type":"","_selected_social_profile":[],"_wpsp_enable_custom_social_template":false,"_wpsp_social_scheduling":{"enabled":false,"datetime":null,"platforms":[],"status":"template_only","dateOption":"today","timeOption":"now","customDays":"","customHours":"","customDate":"","customTime":"","schedulingType":"absolute"},"_wpsp_active_default_template":true},"categories":[33],"tags":[],"class_list":["post-45227","post","type-post","status-publish","format-standard","has-post-thumbnail","hentry","category-sports"],"aioseo_notices":[],"yoast_head":"<!-- This site is optimized with the Yoast SEO plugin v27.4 - https:\/\/yoast.com\/product\/yoast-seo-wordpress\/ -->\n<title>Finale de la Supercoupe d\u2019Afrique\u00a0: Un arbitre gabonais au sifflet - La Sentinelle<\/title>\n<meta name=\"robots\" content=\"index, follow, max-snippet:-1, max-image-preview:large, max-video-preview:-1\" \/>\n<link rel=\"canonical\" href=\"https:\/\/lasentinelle.dz\/index.php\/2023\/09\/04\/finale-de-la-supercoupe-dafrique-un-arbitre-gabonais-au-sifflet\/\" \/>\n<meta property=\"og:locale\" content=\"fr_FR\" \/>\n<meta property=\"og:type\" content=\"article\" \/>\n<meta property=\"og:title\" content=\"Finale de la Supercoupe d\u2019Afrique\u00a0: Un arbitre gabonais au sifflet - La Sentinelle\" \/>\n<meta property=\"og:description\" content=\"La Conf\u00e9d\u00e9ration africaine de football (CAF) a d\u00e9sign\u00e9 l\u2019arbitre gabonais Pierre Ghislain Atcho pour diriger la Supercoupe CAF 2023 entre\" \/>\n<meta property=\"og:url\" content=\"https:\/\/lasentinelle.dz\/index.php\/2023\/09\/04\/finale-de-la-supercoupe-dafrique-un-arbitre-gabonais-au-sifflet\/\" \/>\n<meta property=\"og:site_name\" content=\"La Sentinelle\" \/>\n<meta property=\"article:publisher\" content=\"https:\/\/www.facebook.com\/La-Sentinelle-104059864394773\" \/>\n<meta property=\"article:published_time\" content=\"2023-09-04T19:53:16+00:00\" \/>\n<meta property=\"article:modified_time\" content=\"2023-09-04T19:53:18+00:00\" \/>\n<meta property=\"og:image\" content=\"https:\/\/lasentinelle.dz\/wp-content\/uploads\/2023\/08\/supercoupe.webp\" \/>\n\t<meta property=\"og:image:width\" content=\"1280\" \/>\n\t<meta property=\"og:image:height\" content=\"720\" \/>\n\t<meta property=\"og:image:type\" content=\"image\/webp\" \/>\n<meta name=\"author\" content=\"La Sentinelle\" \/>\n<meta name=\"twitter:card\" content=\"summary_large_image\" \/>\n<meta name=\"twitter:label1\" content=\"\u00c9crit par\" \/>\n\t<meta name=\"twitter:data1\" content=\"La Sentinelle\" \/>\n\t<meta name=\"twitter:label2\" content=\"Dur\u00e9e de lecture estim\u00e9e\" \/>\n\t<meta name=\"twitter:data2\" content=\"2 minutes\" \/>\n<script type=\"application\/ld+json\" class=\"yoast-schema-graph\">{\"@context\":\"https:\\\/\\\/schema.org\",\"@graph\":[{\"@type\":\"Article\",\"@id\":\"https:\\\/\\\/lasentinelle.dz\\\/index.php\\\/2023\\\/09\\\/04\\\/finale-de-la-supercoupe-dafrique-un-arbitre-gabonais-au-sifflet\\\/#article\",\"isPartOf\":{\"@id\":\"https:\\\/\\\/lasentinelle.dz\\\/index.php\\\/2023\\\/09\\\/04\\\/finale-de-la-supercoupe-dafrique-un-arbitre-gabonais-au-sifflet\\\/\"},\"author\":{\"name\":\"La Sentinelle\",\"@id\":\"https:\\\/\\\/lasentinelle.dz\\\/#\\\/schema\\\/person\\\/d865044e22e70a75174ce8bcad3acfb3\"},\"headline\":\"Finale de la Supercoupe d\u2019Afrique\u00a0: Un arbitre gabonais au sifflet\",\"datePublished\":\"2023-09-04T19:53:16+00:00\",\"dateModified\":\"2023-09-04T19:53:18+00:00\",\"mainEntityOfPage\":{\"@id\":\"https:\\\/\\\/lasentinelle.dz\\\/index.php\\\/2023\\\/09\\\/04\\\/finale-de-la-supercoupe-dafrique-un-arbitre-gabonais-au-sifflet\\\/\"},\"wordCount\":350,\"commentCount\":0,\"publisher\":{\"@id\":\"https:\\\/\\\/lasentinelle.dz\\\/#organization\"},\"image\":{\"@id\":\"https:\\\/\\\/lasentinelle.dz\\\/index.php\\\/2023\\\/09\\\/04\\\/finale-de-la-supercoupe-dafrique-un-arbitre-gabonais-au-sifflet\\\/#primaryimage\"},\"thumbnailUrl\":\"https:\\\/\\\/lasentinelle.dz\\\/wp-content\\\/uploads\\\/2023\\\/08\\\/supercoupe.webp\",\"articleSection\":[\"Sports\"],\"inLanguage\":\"fr-FR\",\"potentialAction\":[{\"@type\":\"CommentAction\",\"name\":\"Comment\",\"target\":[\"https:\\\/\\\/lasentinelle.dz\\\/index.php\\\/2023\\\/09\\\/04\\\/finale-de-la-supercoupe-dafrique-un-arbitre-gabonais-au-sifflet\\\/#respond\"]}]},{\"@type\":\"WebPage\",\"@id\":\"https:\\\/\\\/lasentinelle.dz\\\/index.php\\\/2023\\\/09\\\/04\\\/finale-de-la-supercoupe-dafrique-un-arbitre-gabonais-au-sifflet\\\/\",\"url\":\"https:\\\/\\\/lasentinelle.dz\\\/index.php\\\/2023\\\/09\\\/04\\\/finale-de-la-supercoupe-dafrique-un-arbitre-gabonais-au-sifflet\\\/\",\"name\":\"Finale de la Supercoupe d\u2019Afrique\u00a0: Un arbitre gabonais au sifflet - La Sentinelle\",\"isPartOf\":{\"@id\":\"https:\\\/\\\/lasentinelle.dz\\\/#website\"},\"primaryImageOfPage\":{\"@id\":\"https:\\\/\\\/lasentinelle.dz\\\/index.php\\\/2023\\\/09\\\/04\\\/finale-de-la-supercoupe-dafrique-un-arbitre-gabonais-au-sifflet\\\/#primaryimage\"},\"image\":{\"@id\":\"https:\\\/\\\/lasentinelle.dz\\\/index.php\\\/2023\\\/09\\\/04\\\/finale-de-la-supercoupe-dafrique-un-arbitre-gabonais-au-sifflet\\\/#primaryimage\"},\"thumbnailUrl\":\"https:\\\/\\\/lasentinelle.dz\\\/wp-content\\\/uploads\\\/2023\\\/08\\\/supercoupe.webp\",\"datePublished\":\"2023-09-04T19:53:16+00:00\",\"dateModified\":\"2023-09-04T19:53:18+00:00\",\"breadcrumb\":{\"@id\":\"https:\\\/\\\/lasentinelle.dz\\\/index.php\\\/2023\\\/09\\\/04\\\/finale-de-la-supercoupe-dafrique-un-arbitre-gabonais-au-sifflet\\\/#breadcrumb\"},\"inLanguage\":\"fr-FR\",\"potentialAction\":[{\"@type\":\"ReadAction\",\"target\":[\"https:\\\/\\\/lasentinelle.dz\\\/index.php\\\/2023\\\/09\\\/04\\\/finale-de-la-supercoupe-dafrique-un-arbitre-gabonais-au-sifflet\\\/\"]}]},{\"@type\":\"ImageObject\",\"inLanguage\":\"fr-FR\",\"@id\":\"https:\\\/\\\/lasentinelle.dz\\\/index.php\\\/2023\\\/09\\\/04\\\/finale-de-la-supercoupe-dafrique-un-arbitre-gabonais-au-sifflet\\\/#primaryimage\",\"url\":\"https:\\\/\\\/lasentinelle.dz\\\/wp-content\\\/uploads\\\/2023\\\/08\\\/supercoupe.webp\",\"contentUrl\":\"https:\\\/\\\/lasentinelle.dz\\\/wp-content\\\/uploads\\\/2023\\\/08\\\/supercoupe.webp\",\"width\":1280,\"height\":720},{\"@type\":\"BreadcrumbList\",\"@id\":\"https:\\\/\\\/lasentinelle.dz\\\/index.php\\\/2023\\\/09\\\/04\\\/finale-de-la-supercoupe-dafrique-un-arbitre-gabonais-au-sifflet\\\/#breadcrumb\",\"itemListElement\":[{\"@type\":\"ListItem\",\"position\":1,\"name\":\"Accueil\",\"item\":\"https:\\\/\\\/lasentinelle.dz\\\/\"},{\"@type\":\"ListItem\",\"position\":2,\"name\":\"Finale de la Supercoupe d\u2019Afrique\u00a0: Un arbitre gabonais au sifflet\"}]},{\"@type\":\"WebSite\",\"@id\":\"https:\\\/\\\/lasentinelle.dz\\\/#website\",\"url\":\"https:\\\/\\\/lasentinelle.dz\\\/\",\"name\":\"La Sentinelle\",\"description\":\"Quotidien national d&#039;information\",\"publisher\":{\"@id\":\"https:\\\/\\\/lasentinelle.dz\\\/#organization\"},\"potentialAction\":[{\"@type\":\"SearchAction\",\"target\":{\"@type\":\"EntryPoint\",\"urlTemplate\":\"https:\\\/\\\/lasentinelle.dz\\\/?s={search_term_string}\"},\"query-input\":{\"@type\":\"PropertyValueSpecification\",\"valueRequired\":true,\"valueName\":\"search_term_string\"}}],\"inLanguage\":\"fr-FR\"},{\"@type\":\"Organization\",\"@id\":\"https:\\\/\\\/lasentinelle.dz\\\/#organization\",\"name\":\"Quotidien La Sentinelle\",\"url\":\"https:\\\/\\\/lasentinelle.dz\\\/\",\"logo\":{\"@type\":\"ImageObject\",\"inLanguage\":\"fr-FR\",\"@id\":\"https:\\\/\\\/lasentinelle.dz\\\/#\\\/schema\\\/logo\\\/image\\\/\",\"url\":\"https:\\\/\\\/lasentinelle.dz\\\/wp-content\\\/uploads\\\/2021\\\/09\\\/logo-sentinelleSLOGAN-1.png\",\"contentUrl\":\"https:\\\/\\\/lasentinelle.dz\\\/wp-content\\\/uploads\\\/2021\\\/09\\\/logo-sentinelleSLOGAN-1.png\",\"width\":615,\"height\":142,\"caption\":\"Quotidien La Sentinelle\"},\"image\":{\"@id\":\"https:\\\/\\\/lasentinelle.dz\\\/#\\\/schema\\\/logo\\\/image\\\/\"},\"sameAs\":[\"https:\\\/\\\/www.facebook.com\\\/La-Sentinelle-104059864394773\"]},{\"@type\":\"Person\",\"@id\":\"https:\\\/\\\/lasentinelle.dz\\\/#\\\/schema\\\/person\\\/d865044e22e70a75174ce8bcad3acfb3\",\"name\":\"La Sentinelle\",\"image\":{\"@type\":\"ImageObject\",\"inLanguage\":\"fr-FR\",\"@id\":\"https:\\\/\\\/secure.gravatar.com\\\/avatar\\\/57de8e5d4b15d43fb361a71fbb36338450fe67865b528a43dd10ef7c51a20392?s=96&d=mm&r=g\",\"url\":\"https:\\\/\\\/secure.gravatar.com\\\/avatar\\\/57de8e5d4b15d43fb361a71fbb36338450fe67865b528a43dd10ef7c51a20392?s=96&d=mm&r=g\",\"contentUrl\":\"https:\\\/\\\/secure.gravatar.com\\\/avatar\\\/57de8e5d4b15d43fb361a71fbb36338450fe67865b528a43dd10ef7c51a20392?s=96&d=mm&r=g\",\"caption\":\"La Sentinelle\"},\"sameAs\":[\"http:\\\/\\\/www.lasentinelle.dz\"],\"url\":\"https:\\\/\\\/lasentinelle.dz\\\/author\\\/redaction\\\/\"}]}<\/script>\n<!-- \/ Yoast SEO plugin. -->","yoast_head_json":{"title":"Finale de la Supercoupe d\u2019Afrique\u00a0: Un arbitre gabonais au sifflet - La Sentinelle","robots":{"index":"index","follow":"follow","max-snippet":"max-snippet:-1","max-image-preview":"max-image-preview:large","max-video-preview":"max-video-preview:-1"},"canonical":"https:\/\/lasentinelle.dz\/index.php\/2023\/09\/04\/finale-de-la-supercoupe-dafrique-un-arbitre-gabonais-au-sifflet\/","og_locale":"fr_FR","og_type":"article","og_title":"Finale de la Supercoupe d\u2019Afrique\u00a0: Un arbitre gabonais au sifflet - La Sentinelle","og_description":"La Conf\u00e9d\u00e9ration africaine de football (CAF) a d\u00e9sign\u00e9 l\u2019arbitre gabonais Pierre Ghislain Atcho pour diriger la Supercoupe CAF 2023 entre","og_url":"https:\/\/lasentinelle.dz\/index.php\/2023\/09\/04\/finale-de-la-supercoupe-dafrique-un-arbitre-gabonais-au-sifflet\/","og_site_name":"La Sentinelle","article_publisher":"https:\/\/www.facebook.com\/La-Sentinelle-104059864394773","article_published_time":"2023-09-04T19:53:16+00:00","article_modified_time":"2023-09-04T19:53:18+00:00","og_image":[{"width":1280,"height":720,"url":"https:\/\/lasentinelle.dz\/wp-content\/uploads\/2023\/08\/supercoupe.webp","type":"image\/webp"}],"author":"La Sentinelle","twitter_card":"summary_large_image","twitter_misc":{"\u00c9crit par":"La Sentinelle","Dur\u00e9e de lecture estim\u00e9e":"2 minutes"},"schema":{"@context":"https:\/\/schema.org","@graph":[{"@type":"Article","@id":"https:\/\/lasentinelle.dz\/index.php\/2023\/09\/04\/finale-de-la-supercoupe-dafrique-un-arbitre-gabonais-au-sifflet\/#article","isPartOf":{"@id":"https:\/\/lasentinelle.dz\/index.php\/2023\/09\/04\/finale-de-la-supercoupe-dafrique-un-arbitre-gabonais-au-sifflet\/"},"author":{"name":"La Sentinelle","@id":"https:\/\/lasentinelle.dz\/#\/schema\/person\/d865044e22e70a75174ce8bcad3acfb3"},"headline":"Finale de la Supercoupe d\u2019Afrique\u00a0: Un arbitre gabonais au sifflet","datePublished":"2023-09-04T19:53:16+00:00","dateModified":"2023-09-04T19:53:18+00:00","mainEntityOfPage":{"@id":"https:\/\/lasentinelle.dz\/index.php\/2023\/09\/04\/finale-de-la-supercoupe-dafrique-un-arbitre-gabonais-au-sifflet\/"},"wordCount":350,"commentCount":0,"publisher":{"@id":"https:\/\/lasentinelle.dz\/#organization"},"image":{"@id":"https:\/\/lasentinelle.dz\/index.php\/2023\/09\/04\/finale-de-la-supercoupe-dafrique-un-arbitre-gabonais-au-sifflet\/#primaryimage"},"thumbnailUrl":"https:\/\/lasentinelle.dz\/wp-content\/uploads\/2023\/08\/supercoupe.webp","articleSection":["Sports"],"inLanguage":"fr-FR","potentialAction":[{"@type":"CommentAction","name":"Comment","target":["https:\/\/lasentinelle.dz\/index.php\/2023\/09\/04\/finale-de-la-supercoupe-dafrique-un-arbitre-gabonais-au-sifflet\/#respond"]}]},{"@type":"WebPage","@id":"https:\/\/lasentinelle.dz\/index.php\/2023\/09\/04\/finale-de-la-supercoupe-dafrique-un-arbitre-gabonais-au-sifflet\/","url":"https:\/\/lasentinelle.dz\/index.php\/2023\/09\/04\/finale-de-la-supercoupe-dafrique-un-arbitre-gabonais-au-sifflet\/","name":"Finale de la Supercoupe d\u2019Afrique\u00a0: Un arbitre gabonais au sifflet - La Sentinelle","isPartOf":{"@id":"https:\/\/lasentinelle.dz\/#website"},"primaryImageOfPage":{"@id":"https:\/\/lasentinelle.dz\/index.php\/2023\/09\/04\/finale-de-la-supercoupe-dafrique-un-arbitre-gabonais-au-sifflet\/#primaryimage"},"image":{"@id":"https:\/\/lasentinelle.dz\/index.php\/2023\/09\/04\/finale-de-la-supercoupe-dafrique-un-arbitre-gabonais-au-sifflet\/#primaryimage"},"thumbnailUrl":"https:\/\/lasentinelle.dz\/wp-content\/uploads\/2023\/08\/supercoupe.webp","datePublished":"2023-09-04T19:53:16+00:00","dateModified":"2023-09-04T19:53:18+00:00","breadcrumb":{"@id":"https:\/\/lasentinelle.dz\/index.php\/2023\/09\/04\/finale-de-la-supercoupe-dafrique-un-arbitre-gabonais-au-sifflet\/#breadcrumb"},"inLanguage":"fr-FR","potentialAction":[{"@type":"ReadAction","target":["https:\/\/lasentinelle.dz\/index.php\/2023\/09\/04\/finale-de-la-supercoupe-dafrique-un-arbitre-gabonais-au-sifflet\/"]}]},{"@type":"ImageObject","inLanguage":"fr-FR","@id":"https:\/\/lasentinelle.dz\/index.php\/2023\/09\/04\/finale-de-la-supercoupe-dafrique-un-arbitre-gabonais-au-sifflet\/#primaryimage","url":"https:\/\/lasentinelle.dz\/wp-content\/uploads\/2023\/08\/supercoupe.webp","contentUrl":"https:\/\/lasentinelle.dz\/wp-content\/uploads\/2023\/08\/supercoupe.webp","width":1280,"height":720},{"@type":"BreadcrumbList","@id":"https:\/\/lasentinelle.dz\/index.php\/2023\/09\/04\/finale-de-la-supercoupe-dafrique-un-arbitre-gabonais-au-sifflet\/#breadcrumb","itemListElement":[{"@type":"ListItem","position":1,"name":"Accueil","item":"https:\/\/lasentinelle.dz\/"},{"@type":"ListItem","position":2,"name":"Finale de la Supercoupe d\u2019Afrique\u00a0: Un arbitre gabonais au sifflet"}]},{"@type":"WebSite","@id":"https:\/\/lasentinelle.dz\/#website","url":"https:\/\/lasentinelle.dz\/","name":"La Sentinelle","description":"Quotidien national d&#039;information","publisher":{"@id":"https:\/\/lasentinelle.dz\/#organization"},"potentialAction":[{"@type":"SearchAction","target":{"@type":"EntryPoint","urlTemplate":"https:\/\/lasentinelle.dz\/?s={search_term_string}"},"query-input":{"@type":"PropertyValueSpecification","valueRequired":true,"valueName":"search_term_string"}}],"inLanguage":"fr-FR"},{"@type":"Organization","@id":"https:\/\/lasentinelle.dz\/#organization","name":"Quotidien La Sentinelle","url":"https:\/\/lasentinelle.dz\/","logo":{"@type":"ImageObject","inLanguage":"fr-FR","@id":"https:\/\/lasentinelle.dz\/#\/schema\/logo\/image\/","url":"https:\/\/lasentinelle.dz\/wp-content\/uploads\/2021\/09\/logo-sentinelleSLOGAN-1.png","contentUrl":"https:\/\/lasentinelle.dz\/wp-content\/uploads\/2021\/09\/logo-sentinelleSLOGAN-1.png","width":615,"height":142,"caption":"Quotidien La Sentinelle"},"image":{"@id":"https:\/\/lasentinelle.dz\/#\/schema\/logo\/image\/"},"sameAs":["https:\/\/www.facebook.com\/La-Sentinelle-104059864394773"]},{"@type":"Person","@id":"https:\/\/lasentinelle.dz\/#\/schema\/person\/d865044e22e70a75174ce8bcad3acfb3","name":"La Sentinelle","image":{"@type":"ImageObject","inLanguage":"fr-FR","@id":"https:\/\/secure.gravatar.com\/avatar\/57de8e5d4b15d43fb361a71fbb36338450fe67865b528a43dd10ef7c51a20392?s=96&d=mm&r=g","url":"https:\/\/secure.gravatar.com\/avatar\/57de8e5d4b15d43fb361a71fbb36338450fe67865b528a43dd10ef7c51a20392?s=96&d=mm&r=g","contentUrl":"https:\/\/secure.gravatar.com\/avatar\/57de8e5d4b15d43fb361a71fbb36338450fe67865b528a43dd10ef7c51a20392?s=96&d=mm&r=g","caption":"La Sentinelle"},"sameAs":["http:\/\/www.lasentinelle.dz"],"url":"https:\/\/lasentinelle.dz\/author\/redaction\/"}]}},"_links":{"self":[{"href":"https:\/\/lasentinelle.dz\/index.php\/wp-json\/wp\/v2\/posts\/45227","targetHints":{"allow":["GET"]}}],"collection":[{"href":"https:\/\/lasentinelle.dz\/index.php\/wp-json\/wp\/v2\/posts"}],"about":[{"href":"https:\/\/lasentinelle.dz\/index.php\/wp-json\/wp\/v2\/types\/post"}],"author":[{"embeddable":true,"href":"https:\/\/lasentinelle.dz\/index.php\/wp-json\/wp\/v2\/users\/3"}],"replies":[{"embeddable":true,"href":"https:\/\/lasentinelle.dz\/index.php\/wp-json\/wp\/v2\/comments?post=45227"}],"version-history":[{"count":1,"href":"https:\/\/lasentinelle.dz\/index.php\/wp-json\/wp\/v2\/posts\/45227\/revisions"}],"predecessor-version":[{"id":45228,"href":"https:\/\/lasentinelle.dz\/index.php\/wp-json\/wp\/v2\/posts\/45227\/revisions\/45228"}],"wp:featuredmedia":[{"embeddable":true,"href":"https:\/\/lasentinelle.dz\/index.php\/wp-json\/wp\/v2\/media\/44946"}],"wp:attachment":[{"href":"https:\/\/lasentinelle.dz\/index.php\/wp-json\/wp\/v2\/media?parent=45227"}],"wp:term":[{"taxonomy":"category","embeddable":true,"href":"https:\/\/lasentinelle.dz\/index.php\/wp-json\/wp\/v2\/categories?post=45227"},{"taxonomy":"post_tag","embeddable":true,"href":"https:\/\/lasentinelle.dz\/index.php\/wp-json\/wp\/v2\/tags?post=45227"}],"curies":[{"name":"wp","href":"https:\/\/api.w.org\/{rel}","templated":true}]}}