{"id":45235,"date":"2023-09-04T21:00:52","date_gmt":"2023-09-04T20:00:52","guid":{"rendered":"https:\/\/lasentinelle.dz\/?p=45235"},"modified":"2023-09-04T21:00:53","modified_gmt":"2023-09-04T20:00:53","slug":"annaba-des-agents-dalgerie-poste-mis-sous-mandat-de-depot","status":"publish","type":"post","link":"https:\/\/lasentinelle.dz\/index.php\/2023\/09\/04\/annaba-des-agents-dalgerie-poste-mis-sous-mandat-de-depot\/","title":{"rendered":"Annaba\u00a0: Des agents d\u2019Alg\u00e9rie poste mis sous mandat de d\u00e9p\u00f4t"},"content":{"rendered":"\n<p>Les instances de justice d\u2019Annaba viennent d\u2019annuler la mesure du contr\u00f4le judiciaire des mis en causes dans une affaire de d\u00e9tournement \u00e0 l\u2019agence locale d\u2019Alg\u00e9rie Poste, \u00e0 la faveur de leur placement sous mandat de d\u00e9p\u00f4t. Ce durcissement des mesures judiciaires est intervenu, selon une source judiciaire, suite \u00e0 la fuite de l\u2019un des pr\u00e9sum\u00e9s mis en cause. Ainsi, le magistrat instructeur pr\u00e8s le tribunal d\u2019Annaba, a ordonn\u00e9 la mise sous mandat de d\u00e9p\u00f4t de deux pr\u00e9venus, soir un inspecteur et un agent d\u2019Alg\u00e9rie poste \u00e0 Annaba. La m\u00eame mesure a \u00e9t\u00e9 retenue \u00e0 l\u2019encontre d\u2019une troisi\u00e8me personne,&nbsp; \u00e0 savoir la charg\u00e9e de client\u00e8le,&nbsp; qui se trouve en e fuite, a pr\u00e9cis\u00e9 la m\u00eame source. Selon les informations apport\u00e9es par notre source, bien qu\u2019\u00e9tant la principale accus\u00e9e dans cette affaire,&nbsp; l\u2019employ\u00e9 plac\u00e9e sous contr\u00f4le judiciaire, n\u2019a pas \u00e9t\u00e9 suspendue et a continu\u00e9 \u00e0 exercer ses fonctions. Contrairement&nbsp; \u00e0 ses deux coaccus\u00e9s \u00e0 savoir, l\u2019inspecteur et l\u2019agent qui, sur d\u00e9cision de la hi\u00e9rarchie, ont&nbsp; fait l\u2019objet d\u2019une suspension \u00e0 titre conservatoire. Profitant de son placement sous contr\u00f4le judiciaire, la principale mise en cause&nbsp; a d\u00e9pos\u00e9 un arr\u00eat maladie d\u2019une semaine, nous dit-on,&nbsp; avant de s\u2019\u00e9clipser sans laisser de trace.&nbsp;&nbsp; Selon les m\u00eames sources, cette employ\u00e9e d\u2019Alg\u00e9rie poste qui est en cavale, est activement recherch\u00e9e et a fait l\u2019objet d\u2019un mandat d\u2019arr\u00eat. Selon certaines indiscr\u00e9tions, la mise en cause aurait, sous toutes r\u00e9serves, quitt\u00e9 le territoire national. Rappelons que les trois pr\u00e9sum\u00e9s impliqu\u00e9s dans cette affaire avaient \u00e9t\u00e9 plac\u00e9s en mai dernier sous contr\u00f4le judiciaire, par le juge d\u2019instruction relevant du tribunal d\u2019Annaba.&nbsp; Ils sont accus\u00e9s de d\u00e9tournement de 300 millions de centimes d\u00e9bit\u00e9s des comptes CCP de deux clients d\u2019Alg\u00e9rie poste \u00e0 Annaba. Il s\u2019agit d\u2019un avocat, exer\u00e7ant au niveau de la wilaya et une ressortissante alg\u00e9rienne, \u00e9tablie en France. Les deux clients ont d\u00e9pos\u00e9 des plaintes \u00e0 l\u2019encontre d\u2019Alg\u00e9rie Poste, notamment la Recette principale d\u2019Annaba, apr\u00e8s avoir constat\u00e9 que leurs comptes CCP ont \u00e9t\u00e9 d\u00e9bit\u00e9s des montants d\u00e9tourn\u00e9s, \u00e0 savoir plus de 300 millions de centimes. Suite \u00e0 quoi, la commission d\u2019enqu\u00eate d\u00e9p\u00each\u00e9e par la direction g\u00e9n\u00e9rale d\u2019Alg\u00e9rie Poste a r\u00e9v\u00e9l\u00e9, outre le d\u00e9tournement dans les comptes CCP des deux plaignantes,&nbsp; que plusieurs autres comptes ont \u00e9t\u00e9 cibl\u00e9s par cette pratique frauduleuse. Face \u00e0 la gravit\u00e9 de la situation, la direction g\u00e9n\u00e9rale d\u2019Alg\u00e9rie Poste a \u00e9t\u00e9, on ne peut plus s\u00e9v\u00e8re dans son enqu\u00eate et n\u2019a pas h\u00e9sit\u00e9 \u00e0&nbsp; transf\u00e9rer le dossier&nbsp; vers le parquet d&rsquo;Annaba, pour se prot\u00e9ger contre ces abus de confiance.<\/p>\n\n\n\n<p><strong>S<\/strong><strong>. Chahine<\/strong><\/p>\n","protected":false},"excerpt":{"rendered":"<p>Les instances de justice d\u2019Annaba viennent d\u2019annuler la mesure du contr\u00f4le judiciaire des mis en causes dans une affaire de<\/p>\n","protected":false},"author":3,"featured_media":1416,"comment_status":"open","ping_status":"closed","sticky":false,"template":"","format":"standard","meta":{"colormag_page_container_layout":"default_layout","colormag_page_sidebar_layout":"default_layout","om_disable_all_campaigns":false,"_monsterinsights_skip_tracking":false,"_monsterinsights_sitenote_active":false,"_monsterinsights_sitenote_note":"","_monsterinsights_sitenote_category":0,"footnotes":"","_wpscppro_dont_share_socialmedia":false,"_wpscppro_custom_social_share_image":0,"_facebook_share_type":"","_twitter_share_type":"","_linkedin_share_type":"","_pinterest_share_type":"","_linkedin_share_type_page":"","_instagram_share_type":"","_medium_share_type":"","_threads_share_type":"","_google_business_share_type":"","_selected_social_profile":[],"_wpsp_enable_custom_social_template":false,"_wpsp_social_scheduling":{"enabled":false,"datetime":null,"platforms":[],"status":"template_only","dateOption":"today","timeOption":"now","customDays":"","customHours":"","customDate":"","customTime":"","schedulingType":"absolute"},"_wpsp_active_default_template":true},"categories":[31],"tags":[],"class_list":["post-45235","post","type-post","status-publish","format-standard","has-post-thumbnail","hentry","category-regions"],"aioseo_notices":[],"yoast_head":"<!-- This site is optimized with the Yoast SEO plugin v27.5 - https:\/\/yoast.com\/product\/yoast-seo-wordpress\/ -->\n<title>Annaba\u00a0: Des agents d\u2019Alg\u00e9rie poste mis sous mandat de d\u00e9p\u00f4t - La Sentinelle<\/title>\n<meta name=\"robots\" content=\"index, follow, max-snippet:-1, max-image-preview:large, max-video-preview:-1\" \/>\n<link rel=\"canonical\" href=\"https:\/\/lasentinelle.dz\/index.php\/2023\/09\/04\/annaba-des-agents-dalgerie-poste-mis-sous-mandat-de-depot\/\" \/>\n<meta property=\"og:locale\" content=\"fr_FR\" \/>\n<meta property=\"og:type\" content=\"article\" \/>\n<meta property=\"og:title\" content=\"Annaba\u00a0: Des agents d\u2019Alg\u00e9rie poste mis sous mandat de d\u00e9p\u00f4t - La Sentinelle\" \/>\n<meta property=\"og:description\" content=\"Les instances de justice d\u2019Annaba viennent d\u2019annuler la mesure du contr\u00f4le judiciaire des mis en causes dans une affaire de\" \/>\n<meta property=\"og:url\" content=\"https:\/\/lasentinelle.dz\/index.php\/2023\/09\/04\/annaba-des-agents-dalgerie-poste-mis-sous-mandat-de-depot\/\" \/>\n<meta property=\"og:site_name\" content=\"La Sentinelle\" \/>\n<meta property=\"article:publisher\" content=\"https:\/\/www.facebook.com\/La-Sentinelle-104059864394773\" \/>\n<meta property=\"article:published_time\" content=\"2023-09-04T20:00:52+00:00\" \/>\n<meta property=\"article:modified_time\" content=\"2023-09-04T20:00:53+00:00\" \/>\n<meta property=\"og:image\" content=\"https:\/\/lasentinelle.dz\/wp-content\/uploads\/2021\/07\/algerie-poste.png\" \/>\n\t<meta property=\"og:image:width\" content=\"1491\" \/>\n\t<meta property=\"og:image:height\" content=\"900\" \/>\n\t<meta property=\"og:image:type\" content=\"image\/png\" \/>\n<meta name=\"author\" content=\"La Sentinelle\" \/>\n<meta name=\"twitter:card\" content=\"summary_large_image\" \/>\n<meta name=\"twitter:label1\" content=\"\u00c9crit par\" \/>\n\t<meta name=\"twitter:data1\" content=\"La Sentinelle\" \/>\n\t<meta name=\"twitter:label2\" content=\"Dur\u00e9e de lecture estim\u00e9e\" \/>\n\t<meta name=\"twitter:data2\" content=\"3 minutes\" \/>\n<script type=\"application\/ld+json\" class=\"yoast-schema-graph\">{\"@context\":\"https:\\\/\\\/schema.org\",\"@graph\":[{\"@type\":\"Article\",\"@id\":\"https:\\\/\\\/lasentinelle.dz\\\/index.php\\\/2023\\\/09\\\/04\\\/annaba-des-agents-dalgerie-poste-mis-sous-mandat-de-depot\\\/#article\",\"isPartOf\":{\"@id\":\"https:\\\/\\\/lasentinelle.dz\\\/index.php\\\/2023\\\/09\\\/04\\\/annaba-des-agents-dalgerie-poste-mis-sous-mandat-de-depot\\\/\"},\"author\":{\"name\":\"La Sentinelle\",\"@id\":\"https:\\\/\\\/lasentinelle.dz\\\/#\\\/schema\\\/person\\\/d865044e22e70a75174ce8bcad3acfb3\"},\"headline\":\"Annaba\u00a0: Des agents d\u2019Alg\u00e9rie poste mis sous mandat de d\u00e9p\u00f4t\",\"datePublished\":\"2023-09-04T20:00:52+00:00\",\"dateModified\":\"2023-09-04T20:00:53+00:00\",\"mainEntityOfPage\":{\"@id\":\"https:\\\/\\\/lasentinelle.dz\\\/index.php\\\/2023\\\/09\\\/04\\\/annaba-des-agents-dalgerie-poste-mis-sous-mandat-de-depot\\\/\"},\"wordCount\":534,\"commentCount\":0,\"publisher\":{\"@id\":\"https:\\\/\\\/lasentinelle.dz\\\/#organization\"},\"image\":{\"@id\":\"https:\\\/\\\/lasentinelle.dz\\\/index.php\\\/2023\\\/09\\\/04\\\/annaba-des-agents-dalgerie-poste-mis-sous-mandat-de-depot\\\/#primaryimage\"},\"thumbnailUrl\":\"https:\\\/\\\/lasentinelle.dz\\\/wp-content\\\/uploads\\\/2021\\\/07\\\/algerie-poste.png\",\"articleSection\":[\"R\u00e9gions\"],\"inLanguage\":\"fr-FR\",\"potentialAction\":[{\"@type\":\"CommentAction\",\"name\":\"Comment\",\"target\":[\"https:\\\/\\\/lasentinelle.dz\\\/index.php\\\/2023\\\/09\\\/04\\\/annaba-des-agents-dalgerie-poste-mis-sous-mandat-de-depot\\\/#respond\"]}]},{\"@type\":\"WebPage\",\"@id\":\"https:\\\/\\\/lasentinelle.dz\\\/index.php\\\/2023\\\/09\\\/04\\\/annaba-des-agents-dalgerie-poste-mis-sous-mandat-de-depot\\\/\",\"url\":\"https:\\\/\\\/lasentinelle.dz\\\/index.php\\\/2023\\\/09\\\/04\\\/annaba-des-agents-dalgerie-poste-mis-sous-mandat-de-depot\\\/\",\"name\":\"Annaba\u00a0: Des agents d\u2019Alg\u00e9rie poste mis sous mandat de d\u00e9p\u00f4t - La Sentinelle\",\"isPartOf\":{\"@id\":\"https:\\\/\\\/lasentinelle.dz\\\/#website\"},\"primaryImageOfPage\":{\"@id\":\"https:\\\/\\\/lasentinelle.dz\\\/index.php\\\/2023\\\/09\\\/04\\\/annaba-des-agents-dalgerie-poste-mis-sous-mandat-de-depot\\\/#primaryimage\"},\"image\":{\"@id\":\"https:\\\/\\\/lasentinelle.dz\\\/index.php\\\/2023\\\/09\\\/04\\\/annaba-des-agents-dalgerie-poste-mis-sous-mandat-de-depot\\\/#primaryimage\"},\"thumbnailUrl\":\"https:\\\/\\\/lasentinelle.dz\\\/wp-content\\\/uploads\\\/2021\\\/07\\\/algerie-poste.png\",\"datePublished\":\"2023-09-04T20:00:52+00:00\",\"dateModified\":\"2023-09-04T20:00:53+00:00\",\"breadcrumb\":{\"@id\":\"https:\\\/\\\/lasentinelle.dz\\\/index.php\\\/2023\\\/09\\\/04\\\/annaba-des-agents-dalgerie-poste-mis-sous-mandat-de-depot\\\/#breadcrumb\"},\"inLanguage\":\"fr-FR\",\"potentialAction\":[{\"@type\":\"ReadAction\",\"target\":[\"https:\\\/\\\/lasentinelle.dz\\\/index.php\\\/2023\\\/09\\\/04\\\/annaba-des-agents-dalgerie-poste-mis-sous-mandat-de-depot\\\/\"]}]},{\"@type\":\"ImageObject\",\"inLanguage\":\"fr-FR\",\"@id\":\"https:\\\/\\\/lasentinelle.dz\\\/index.php\\\/2023\\\/09\\\/04\\\/annaba-des-agents-dalgerie-poste-mis-sous-mandat-de-depot\\\/#primaryimage\",\"url\":\"https:\\\/\\\/lasentinelle.dz\\\/wp-content\\\/uploads\\\/2021\\\/07\\\/algerie-poste.png\",\"contentUrl\":\"https:\\\/\\\/lasentinelle.dz\\\/wp-content\\\/uploads\\\/2021\\\/07\\\/algerie-poste.png\",\"width\":1491,\"height\":900},{\"@type\":\"BreadcrumbList\",\"@id\":\"https:\\\/\\\/lasentinelle.dz\\\/index.php\\\/2023\\\/09\\\/04\\\/annaba-des-agents-dalgerie-poste-mis-sous-mandat-de-depot\\\/#breadcrumb\",\"itemListElement\":[{\"@type\":\"ListItem\",\"position\":1,\"name\":\"Accueil\",\"item\":\"https:\\\/\\\/lasentinelle.dz\\\/\"},{\"@type\":\"ListItem\",\"position\":2,\"name\":\"Annaba\u00a0: Des agents d\u2019Alg\u00e9rie poste mis sous mandat de d\u00e9p\u00f4t\"}]},{\"@type\":\"WebSite\",\"@id\":\"https:\\\/\\\/lasentinelle.dz\\\/#website\",\"url\":\"https:\\\/\\\/lasentinelle.dz\\\/\",\"name\":\"La Sentinelle\",\"description\":\"Quotidien national d&#039;information\",\"publisher\":{\"@id\":\"https:\\\/\\\/lasentinelle.dz\\\/#organization\"},\"potentialAction\":[{\"@type\":\"SearchAction\",\"target\":{\"@type\":\"EntryPoint\",\"urlTemplate\":\"https:\\\/\\\/lasentinelle.dz\\\/?s={search_term_string}\"},\"query-input\":{\"@type\":\"PropertyValueSpecification\",\"valueRequired\":true,\"valueName\":\"search_term_string\"}}],\"inLanguage\":\"fr-FR\"},{\"@type\":\"Organization\",\"@id\":\"https:\\\/\\\/lasentinelle.dz\\\/#organization\",\"name\":\"Quotidien La Sentinelle\",\"url\":\"https:\\\/\\\/lasentinelle.dz\\\/\",\"logo\":{\"@type\":\"ImageObject\",\"inLanguage\":\"fr-FR\",\"@id\":\"https:\\\/\\\/lasentinelle.dz\\\/#\\\/schema\\\/logo\\\/image\\\/\",\"url\":\"https:\\\/\\\/lasentinelle.dz\\\/wp-content\\\/uploads\\\/2021\\\/09\\\/logo-sentinelleSLOGAN-1.png\",\"contentUrl\":\"https:\\\/\\\/lasentinelle.dz\\\/wp-content\\\/uploads\\\/2021\\\/09\\\/logo-sentinelleSLOGAN-1.png\",\"width\":615,\"height\":142,\"caption\":\"Quotidien La Sentinelle\"},\"image\":{\"@id\":\"https:\\\/\\\/lasentinelle.dz\\\/#\\\/schema\\\/logo\\\/image\\\/\"},\"sameAs\":[\"https:\\\/\\\/www.facebook.com\\\/La-Sentinelle-104059864394773\"]},{\"@type\":\"Person\",\"@id\":\"https:\\\/\\\/lasentinelle.dz\\\/#\\\/schema\\\/person\\\/d865044e22e70a75174ce8bcad3acfb3\",\"name\":\"La Sentinelle\",\"image\":{\"@type\":\"ImageObject\",\"inLanguage\":\"fr-FR\",\"@id\":\"https:\\\/\\\/secure.gravatar.com\\\/avatar\\\/57de8e5d4b15d43fb361a71fbb36338450fe67865b528a43dd10ef7c51a20392?s=96&d=mm&r=g\",\"url\":\"https:\\\/\\\/secure.gravatar.com\\\/avatar\\\/57de8e5d4b15d43fb361a71fbb36338450fe67865b528a43dd10ef7c51a20392?s=96&d=mm&r=g\",\"contentUrl\":\"https:\\\/\\\/secure.gravatar.com\\\/avatar\\\/57de8e5d4b15d43fb361a71fbb36338450fe67865b528a43dd10ef7c51a20392?s=96&d=mm&r=g\",\"caption\":\"La Sentinelle\"},\"sameAs\":[\"http:\\\/\\\/www.lasentinelle.dz\"],\"url\":\"https:\\\/\\\/lasentinelle.dz\\\/author\\\/redaction\\\/\"}]}<\/script>\n<!-- \/ Yoast SEO plugin. -->","yoast_head_json":{"title":"Annaba\u00a0: Des agents d\u2019Alg\u00e9rie poste mis sous mandat de d\u00e9p\u00f4t - La Sentinelle","robots":{"index":"index","follow":"follow","max-snippet":"max-snippet:-1","max-image-preview":"max-image-preview:large","max-video-preview":"max-video-preview:-1"},"canonical":"https:\/\/lasentinelle.dz\/index.php\/2023\/09\/04\/annaba-des-agents-dalgerie-poste-mis-sous-mandat-de-depot\/","og_locale":"fr_FR","og_type":"article","og_title":"Annaba\u00a0: Des agents d\u2019Alg\u00e9rie poste mis sous mandat de d\u00e9p\u00f4t - La Sentinelle","og_description":"Les instances de justice d\u2019Annaba viennent d\u2019annuler la mesure du contr\u00f4le judiciaire des mis en causes dans une affaire de","og_url":"https:\/\/lasentinelle.dz\/index.php\/2023\/09\/04\/annaba-des-agents-dalgerie-poste-mis-sous-mandat-de-depot\/","og_site_name":"La Sentinelle","article_publisher":"https:\/\/www.facebook.com\/La-Sentinelle-104059864394773","article_published_time":"2023-09-04T20:00:52+00:00","article_modified_time":"2023-09-04T20:00:53+00:00","og_image":[{"width":1491,"height":900,"url":"https:\/\/lasentinelle.dz\/wp-content\/uploads\/2021\/07\/algerie-poste.png","type":"image\/png"}],"author":"La Sentinelle","twitter_card":"summary_large_image","twitter_misc":{"\u00c9crit par":"La Sentinelle","Dur\u00e9e de lecture estim\u00e9e":"3 minutes"},"schema":{"@context":"https:\/\/schema.org","@graph":[{"@type":"Article","@id":"https:\/\/lasentinelle.dz\/index.php\/2023\/09\/04\/annaba-des-agents-dalgerie-poste-mis-sous-mandat-de-depot\/#article","isPartOf":{"@id":"https:\/\/lasentinelle.dz\/index.php\/2023\/09\/04\/annaba-des-agents-dalgerie-poste-mis-sous-mandat-de-depot\/"},"author":{"name":"La Sentinelle","@id":"https:\/\/lasentinelle.dz\/#\/schema\/person\/d865044e22e70a75174ce8bcad3acfb3"},"headline":"Annaba\u00a0: Des agents d\u2019Alg\u00e9rie poste mis sous mandat de d\u00e9p\u00f4t","datePublished":"2023-09-04T20:00:52+00:00","dateModified":"2023-09-04T20:00:53+00:00","mainEntityOfPage":{"@id":"https:\/\/lasentinelle.dz\/index.php\/2023\/09\/04\/annaba-des-agents-dalgerie-poste-mis-sous-mandat-de-depot\/"},"wordCount":534,"commentCount":0,"publisher":{"@id":"https:\/\/lasentinelle.dz\/#organization"},"image":{"@id":"https:\/\/lasentinelle.dz\/index.php\/2023\/09\/04\/annaba-des-agents-dalgerie-poste-mis-sous-mandat-de-depot\/#primaryimage"},"thumbnailUrl":"https:\/\/lasentinelle.dz\/wp-content\/uploads\/2021\/07\/algerie-poste.png","articleSection":["R\u00e9gions"],"inLanguage":"fr-FR","potentialAction":[{"@type":"CommentAction","name":"Comment","target":["https:\/\/lasentinelle.dz\/index.php\/2023\/09\/04\/annaba-des-agents-dalgerie-poste-mis-sous-mandat-de-depot\/#respond"]}]},{"@type":"WebPage","@id":"https:\/\/lasentinelle.dz\/index.php\/2023\/09\/04\/annaba-des-agents-dalgerie-poste-mis-sous-mandat-de-depot\/","url":"https:\/\/lasentinelle.dz\/index.php\/2023\/09\/04\/annaba-des-agents-dalgerie-poste-mis-sous-mandat-de-depot\/","name":"Annaba\u00a0: Des agents d\u2019Alg\u00e9rie poste mis sous mandat de d\u00e9p\u00f4t - La Sentinelle","isPartOf":{"@id":"https:\/\/lasentinelle.dz\/#website"},"primaryImageOfPage":{"@id":"https:\/\/lasentinelle.dz\/index.php\/2023\/09\/04\/annaba-des-agents-dalgerie-poste-mis-sous-mandat-de-depot\/#primaryimage"},"image":{"@id":"https:\/\/lasentinelle.dz\/index.php\/2023\/09\/04\/annaba-des-agents-dalgerie-poste-mis-sous-mandat-de-depot\/#primaryimage"},"thumbnailUrl":"https:\/\/lasentinelle.dz\/wp-content\/uploads\/2021\/07\/algerie-poste.png","datePublished":"2023-09-04T20:00:52+00:00","dateModified":"2023-09-04T20:00:53+00:00","breadcrumb":{"@id":"https:\/\/lasentinelle.dz\/index.php\/2023\/09\/04\/annaba-des-agents-dalgerie-poste-mis-sous-mandat-de-depot\/#breadcrumb"},"inLanguage":"fr-FR","potentialAction":[{"@type":"ReadAction","target":["https:\/\/lasentinelle.dz\/index.php\/2023\/09\/04\/annaba-des-agents-dalgerie-poste-mis-sous-mandat-de-depot\/"]}]},{"@type":"ImageObject","inLanguage":"fr-FR","@id":"https:\/\/lasentinelle.dz\/index.php\/2023\/09\/04\/annaba-des-agents-dalgerie-poste-mis-sous-mandat-de-depot\/#primaryimage","url":"https:\/\/lasentinelle.dz\/wp-content\/uploads\/2021\/07\/algerie-poste.png","contentUrl":"https:\/\/lasentinelle.dz\/wp-content\/uploads\/2021\/07\/algerie-poste.png","width":1491,"height":900},{"@type":"BreadcrumbList","@id":"https:\/\/lasentinelle.dz\/index.php\/2023\/09\/04\/annaba-des-agents-dalgerie-poste-mis-sous-mandat-de-depot\/#breadcrumb","itemListElement":[{"@type":"ListItem","position":1,"name":"Accueil","item":"https:\/\/lasentinelle.dz\/"},{"@type":"ListItem","position":2,"name":"Annaba\u00a0: Des agents d\u2019Alg\u00e9rie poste mis sous mandat de d\u00e9p\u00f4t"}]},{"@type":"WebSite","@id":"https:\/\/lasentinelle.dz\/#website","url":"https:\/\/lasentinelle.dz\/","name":"La Sentinelle","description":"Quotidien national d&#039;information","publisher":{"@id":"https:\/\/lasentinelle.dz\/#organization"},"potentialAction":[{"@type":"SearchAction","target":{"@type":"EntryPoint","urlTemplate":"https:\/\/lasentinelle.dz\/?s={search_term_string}"},"query-input":{"@type":"PropertyValueSpecification","valueRequired":true,"valueName":"search_term_string"}}],"inLanguage":"fr-FR"},{"@type":"Organization","@id":"https:\/\/lasentinelle.dz\/#organization","name":"Quotidien La Sentinelle","url":"https:\/\/lasentinelle.dz\/","logo":{"@type":"ImageObject","inLanguage":"fr-FR","@id":"https:\/\/lasentinelle.dz\/#\/schema\/logo\/image\/","url":"https:\/\/lasentinelle.dz\/wp-content\/uploads\/2021\/09\/logo-sentinelleSLOGAN-1.png","contentUrl":"https:\/\/lasentinelle.dz\/wp-content\/uploads\/2021\/09\/logo-sentinelleSLOGAN-1.png","width":615,"height":142,"caption":"Quotidien La Sentinelle"},"image":{"@id":"https:\/\/lasentinelle.dz\/#\/schema\/logo\/image\/"},"sameAs":["https:\/\/www.facebook.com\/La-Sentinelle-104059864394773"]},{"@type":"Person","@id":"https:\/\/lasentinelle.dz\/#\/schema\/person\/d865044e22e70a75174ce8bcad3acfb3","name":"La Sentinelle","image":{"@type":"ImageObject","inLanguage":"fr-FR","@id":"https:\/\/secure.gravatar.com\/avatar\/57de8e5d4b15d43fb361a71fbb36338450fe67865b528a43dd10ef7c51a20392?s=96&d=mm&r=g","url":"https:\/\/secure.gravatar.com\/avatar\/57de8e5d4b15d43fb361a71fbb36338450fe67865b528a43dd10ef7c51a20392?s=96&d=mm&r=g","contentUrl":"https:\/\/secure.gravatar.com\/avatar\/57de8e5d4b15d43fb361a71fbb36338450fe67865b528a43dd10ef7c51a20392?s=96&d=mm&r=g","caption":"La Sentinelle"},"sameAs":["http:\/\/www.lasentinelle.dz"],"url":"https:\/\/lasentinelle.dz\/author\/redaction\/"}]}},"_links":{"self":[{"href":"https:\/\/lasentinelle.dz\/index.php\/wp-json\/wp\/v2\/posts\/45235","targetHints":{"allow":["GET"]}}],"collection":[{"href":"https:\/\/lasentinelle.dz\/index.php\/wp-json\/wp\/v2\/posts"}],"about":[{"href":"https:\/\/lasentinelle.dz\/index.php\/wp-json\/wp\/v2\/types\/post"}],"author":[{"embeddable":true,"href":"https:\/\/lasentinelle.dz\/index.php\/wp-json\/wp\/v2\/users\/3"}],"replies":[{"embeddable":true,"href":"https:\/\/lasentinelle.dz\/index.php\/wp-json\/wp\/v2\/comments?post=45235"}],"version-history":[{"count":1,"href":"https:\/\/lasentinelle.dz\/index.php\/wp-json\/wp\/v2\/posts\/45235\/revisions"}],"predecessor-version":[{"id":45236,"href":"https:\/\/lasentinelle.dz\/index.php\/wp-json\/wp\/v2\/posts\/45235\/revisions\/45236"}],"wp:featuredmedia":[{"embeddable":true,"href":"https:\/\/lasentinelle.dz\/index.php\/wp-json\/wp\/v2\/media\/1416"}],"wp:attachment":[{"href":"https:\/\/lasentinelle.dz\/index.php\/wp-json\/wp\/v2\/media?parent=45235"}],"wp:term":[{"taxonomy":"category","embeddable":true,"href":"https:\/\/lasentinelle.dz\/index.php\/wp-json\/wp\/v2\/categories?post=45235"},{"taxonomy":"post_tag","embeddable":true,"href":"https:\/\/lasentinelle.dz\/index.php\/wp-json\/wp\/v2\/tags?post=45235"}],"curies":[{"name":"wp","href":"https:\/\/api.w.org\/{rel}","templated":true}]}}