{"id":45237,"date":"2023-09-04T21:03:12","date_gmt":"2023-09-04T20:03:12","guid":{"rendered":"https:\/\/lasentinelle.dz\/?p=45237"},"modified":"2023-09-04T21:03:14","modified_gmt":"2023-09-04T20:03:14","slug":"annaba-des-elus-exigent-le-depart-du-p-apc","status":"publish","type":"post","link":"https:\/\/lasentinelle.dz\/index.php\/2023\/09\/04\/annaba-des-elus-exigent-le-depart-du-p-apc\/","title":{"rendered":"Annaba\u00a0: Des \u00e9lus exigent le d\u00e9part du P\/APC"},"content":{"rendered":"\n<p class=\"wp-block-paragraph\">La crise qui secoue l\u2019Assembl\u00e9e populaire communale d\u2019Annaba s\u2019\u00e9ternise et traduit le malaise de l\u2019ensemble des membres de l\u2019Assembl\u00e9e.<\/p>\n\n\n\n<p class=\"wp-block-paragraph\">En effet, rien ne va plus \u00e0 l\u2019APC d\u2019Annaba o\u00f9 des voix se sont&nbsp; \u00e9lev\u00e9es, dimanche, &nbsp;demander la d\u00e9mission du P\/APC. Cela fait plus de deux ans que le pr\u00e9sident de l\u2019Assembl\u00e9e populaire communale d&rsquo;Annaba fait face \u00e0 un mouvement de contestation de la part de son ex\u00e9cutif. Ils sont 28 membres sur les 43 \u00e9lus composant l\u2019Assembl\u00e9e qui r\u00e9clament la t\u00eate du maire.&nbsp;&nbsp; Dans une p\u00e9tition lue devant le collectif de la presse locale, les contestataires ont exprim\u00e9&nbsp; leur \u00ab&nbsp;rejet absolu&nbsp;\u00bb, du maintien du maire en poste et leur position unifi\u00e9e quant \u00e0 \u00ab&nbsp;l\u2019impossibilit\u00e9&nbsp;\u00bb de continuer \u00e0 travailler sous la pr\u00e9sidence du P\/APC actuel, Youcef Chouchane en l\u2019occurrence.&nbsp; Ainsi, lors d\u2019une conf\u00e9rence de presse anim\u00e9e par les contestataires, il a \u00e9t\u00e9 fait \u00e9tat d\u2019une situation de non-retour.&nbsp; Les contestataires ont exig\u00e9, outre la d\u00e9mission du P\/APC, l\u2019ouverture d\u2019une enqu\u00eate sur la gestion de la commune, notamment \u00ab&nbsp;l\u2019\u00e9chec de la politique de d\u00e9veloppement de la commune, &nbsp;ainsi que la d\u00e9gradation du cadre de vie et de l\u2019environnement&nbsp;\u00bb \u00e0 travers l\u2019ensemble du territoire de la commune. Autre grief adress\u00e9 du maire,&nbsp; une saison estivale&nbsp; qualifi\u00e9e de \u00ab&nbsp;fiasco&nbsp;\u00bb, en raison de la \u00ab&nbsp;mauvaise pr\u00e9paration et l\u2019incapacit\u00e9 \u00e0 fournir les moyens n\u00e9cessaires&nbsp;\u00bb, en plus de la \u00ab&nbsp;mauvaise pr\u00e9paration de la rentr\u00e9e scolaire, pour ne citer que ces facteurs.&nbsp;&nbsp; Au-del\u00e0, les contestataires reprochent&nbsp; &nbsp;au P\/APC d\u2019Annaba, \u00ab&nbsp;de nombreux d\u00e9passements&nbsp;\u00bb et \u00ab&nbsp;scandales&nbsp;\u00bb, qui ne concernent&nbsp; en aucun cas la mairie encore moins ses membres. Ces derniers d\u00e9plorent le d\u00e9faut de concertation&nbsp; des \u00e9lus et de tous les membres de l\u2019Ex\u00e9cutif municipal qui refusent d\u2019\u00eatre m\u00eal\u00e9s \u00e0 ces \u00ab&nbsp;scandales&nbsp;\u00bb. Le dernier en date concerne le dossier des d\u00e9penses du CHAN 2022, dossier qui fait l\u2019objet d\u2019une enqu\u00eate du p\u00f4le p\u00e9nal et \u00e9conomique d\u2019Alger. Les \u00e9lus \u00e9voquent aussi&nbsp; les moult plaintes d\u00e9pos\u00e9es \u00e0 l\u2019encontre du maire et les membres de l\u2019ex\u00e9cutif qui ob\u00e9issent \u00e0 \u00ab&nbsp;ses instructions ill\u00e9gales&nbsp;\u00bb. Ces \u00e9lus disent ne plus&nbsp; pouvoir assumer les nombreuses critiques destructrices qui fusent de la part des administr\u00e9s.&nbsp; Les 28 membres \u00e9lus, qui constituent la majorit\u00e9, ont observ\u00e9 hier un sit-in de d\u00e9nonciation devant la municipalit\u00e9. Ils ont menac\u00e9 de radicaliser leur mouvement allant jusqu\u2019\u00e0 bloquer toutes activit\u00e9s de l\u2019APC.<\/p>\n\n\n\n<p class=\"wp-block-paragraph\"><strong>Sofia Cahine<\/strong><\/p>\n","protected":false},"excerpt":{"rendered":"<p>La crise qui secoue l\u2019Assembl\u00e9e populaire communale d\u2019Annaba s\u2019\u00e9ternise et traduit le malaise de l\u2019ensemble des membres de l\u2019Assembl\u00e9e. En<\/p>\n","protected":false},"author":3,"featured_media":32151,"comment_status":"open","ping_status":"closed","sticky":false,"template":"","format":"standard","meta":{"colormag_page_container_layout":"default_layout","colormag_page_sidebar_layout":"default_layout","om_disable_all_campaigns":false,"_monsterinsights_skip_tracking":false,"footnotes":"","_wpscppro_dont_share_socialmedia":false,"_wpscppro_custom_social_share_image":0,"_facebook_share_type":"","_twitter_share_type":"","_linkedin_share_type":"","_pinterest_share_type":"","_linkedin_share_type_page":"","_instagram_share_type":"","_medium_share_type":"","_threads_share_type":"","_google_business_share_type":"","_bluesky_share_type":"","_mastodon_share_type":"","_selected_social_profile":[],"_wpsp_enable_custom_social_template":false,"_wpsp_social_scheduling":{"enabled":false,"datetime":null,"platforms":[],"status":"template_only","dateOption":"today","timeOption":"now","customDays":"","customHours":"","customDate":"","customTime":"","schedulingType":"absolute"},"_wpsp_active_default_template":true},"categories":[31],"tags":[],"class_list":["post-45237","post","type-post","status-publish","format-standard","has-post-thumbnail","hentry","category-regions"],"aioseo_notices":[],"aioseo_head":"\n\t\t<!-- All in One SEO 5.0.0.1 - aioseo.com -->\n\t<meta name=\"description\" content=\"La crise qui secoue l\u2019Assembl\u00e9e populaire communale d\u2019Annaba s\u2019\u00e9ternise et traduit le malaise de l\u2019ensemble des membres de l\u2019Assembl\u00e9e. En effet, rien ne va plus \u00e0 l\u2019APC d\u2019Annaba o\u00f9 des voix se sont \u00e9lev\u00e9es, dimanche, demander la d\u00e9mission du P\/APC. Cela fait plus de deux ans que le pr\u00e9sident de l\u2019Assembl\u00e9e populaire communale d&#039;Annaba fait\" \/>\n\t<meta name=\"robots\" content=\"max-image-preview:large\" \/>\n\t<meta name=\"author\" content=\"La Sentinelle\"\/>\n\t<link rel=\"canonical\" href=\"https:\/\/lasentinelle.dz\/index.php\/2023\/09\/04\/annaba-des-elus-exigent-le-depart-du-p-apc\/\" \/>\n\t<meta name=\"generator\" content=\"All in One SEO (AIOSEO) 5.0.0.1\" \/>\n\t\t<meta property=\"og:locale\" content=\"fr_FR\" \/>\n\t\t<meta property=\"og:site_name\" content=\"La Sentinelle - Quotidien national d&#039;information\" \/>\n\t\t<meta property=\"og:type\" content=\"article\" \/>\n\t\t<meta property=\"og:title\" content=\"Annaba : Des \u00e9lus exigent le d\u00e9part du P\/APC - La Sentinelle\" \/>\n\t\t<meta property=\"og:description\" content=\"La crise qui secoue l\u2019Assembl\u00e9e populaire communale d\u2019Annaba s\u2019\u00e9ternise et traduit le malaise de l\u2019ensemble des membres de l\u2019Assembl\u00e9e. En effet, rien ne va plus \u00e0 l\u2019APC d\u2019Annaba o\u00f9 des voix se sont \u00e9lev\u00e9es, dimanche, demander la d\u00e9mission du P\/APC. Cela fait plus de deux ans que le pr\u00e9sident de l\u2019Assembl\u00e9e populaire communale d&#039;Annaba fait\" \/>\n\t\t<meta property=\"og:url\" content=\"https:\/\/lasentinelle.dz\/index.php\/2023\/09\/04\/annaba-des-elus-exigent-le-depart-du-p-apc\/\" \/>\n\t\t<meta property=\"og:image\" content=\"https:\/\/lasentinelle.dz\/wp-content\/uploads\/2021\/09\/cropped-la-sentinelle-earth-golden-anima-5.gif\" \/>\n\t\t<meta property=\"og:image:secure_url\" content=\"https:\/\/lasentinelle.dz\/wp-content\/uploads\/2021\/09\/cropped-la-sentinelle-earth-golden-anima-5.gif\" \/>\n\t\t<meta property=\"og:image:width\" content=\"450\" \/>\n\t\t<meta property=\"og:image:height\" content=\"213\" \/>\n\t\t<meta property=\"article:published_time\" content=\"2023-09-04T20:03:12+00:00\" \/>\n\t\t<meta property=\"article:modified_time\" content=\"2023-09-04T20:03:14+00:00\" \/>\n\t\t<meta property=\"article:publisher\" content=\"https:\/\/www.facebook.com\/azzedine.lasentinelle.1\" \/>\n\t\t<meta name=\"twitter:card\" content=\"summary_large_image\" \/>\n\t\t<meta name=\"twitter:title\" content=\"Annaba : Des \u00e9lus exigent le d\u00e9part du P\/APC - La Sentinelle\" \/>\n\t\t<meta name=\"twitter:description\" content=\"La crise qui secoue l\u2019Assembl\u00e9e populaire communale d\u2019Annaba s\u2019\u00e9ternise et traduit le malaise de l\u2019ensemble des membres de l\u2019Assembl\u00e9e. En effet, rien ne va plus \u00e0 l\u2019APC d\u2019Annaba o\u00f9 des voix se sont \u00e9lev\u00e9es, dimanche, demander la d\u00e9mission du P\/APC. Cela fait plus de deux ans que le pr\u00e9sident de l\u2019Assembl\u00e9e populaire communale d&#039;Annaba fait\" \/>\n\t\t<meta name=\"twitter:image\" content=\"https:\/\/lasentinelle.dz\/wp-content\/uploads\/2021\/09\/cropped-la-sentinelle-earth-golden-anima-5.gif\" \/>\n\t\t<script type=\"application\/ld+json\" class=\"aioseo-schema\">\n\t\t\t{\"@context\":\"https:\\\/\\\/schema.org\",\"@graph\":[{\"@type\":\"BlogPosting\",\"@id\":\"https:\\\/\\\/lasentinelle.dz\\\/index.php\\\/2023\\\/09\\\/04\\\/annaba-des-elus-exigent-le-depart-du-p-apc\\\/#blogposting\",\"name\":\"Annaba : Des \\u00e9lus exigent le d\\u00e9part du P\\\/APC - La Sentinelle\",\"headline\":\"Annaba\\u00a0: Des \\u00e9lus exigent le d\\u00e9part du P\\\/APC\",\"author\":{\"@id\":\"https:\\\/\\\/lasentinelle.dz\\\/author\\\/redaction\\\/#author\"},\"publisher\":{\"@id\":\"https:\\\/\\\/lasentinelle.dz\\\/#organization\"},\"image\":{\"@type\":\"ImageObject\",\"url\":\"https:\\\/\\\/lasentinelle.dz\\\/wp-content\\\/uploads\\\/2022\\\/12\\\/APC-dannaba.png\",\"width\":1595,\"height\":900},\"datePublished\":\"2023-09-04T21:03:12+01:00\",\"dateModified\":\"2023-09-04T21:03:14+01:00\",\"inLanguage\":\"fr-FR\",\"mainEntityOfPage\":{\"@id\":\"https:\\\/\\\/lasentinelle.dz\\\/index.php\\\/2023\\\/09\\\/04\\\/annaba-des-elus-exigent-le-depart-du-p-apc\\\/#webpage\"},\"isPartOf\":{\"@id\":\"https:\\\/\\\/lasentinelle.dz\\\/index.php\\\/2023\\\/09\\\/04\\\/annaba-des-elus-exigent-le-depart-du-p-apc\\\/#webpage\"},\"articleSection\":\"R\\u00e9gions\"},{\"@type\":\"BreadcrumbList\",\"@id\":\"https:\\\/\\\/lasentinelle.dz\\\/index.php\\\/2023\\\/09\\\/04\\\/annaba-des-elus-exigent-le-depart-du-p-apc\\\/#breadcrumblist\",\"itemListElement\":[{\"@type\":\"ListItem\",\"@id\":\"https:\\\/\\\/lasentinelle.dz#listItem\",\"position\":1,\"name\":\"Home\",\"item\":\"https:\\\/\\\/lasentinelle.dz\",\"nextItem\":{\"@type\":\"ListItem\",\"@id\":\"https:\\\/\\\/lasentinelle.dz\\\/index.php\\\/category\\\/regions\\\/#listItem\",\"name\":\"R\\u00e9gions\"}},{\"@type\":\"ListItem\",\"@id\":\"https:\\\/\\\/lasentinelle.dz\\\/index.php\\\/category\\\/regions\\\/#listItem\",\"position\":2,\"name\":\"R\\u00e9gions\",\"item\":\"https:\\\/\\\/lasentinelle.dz\\\/index.php\\\/category\\\/regions\\\/\",\"nextItem\":{\"@type\":\"ListItem\",\"@id\":\"https:\\\/\\\/lasentinelle.dz\\\/index.php\\\/2023\\\/09\\\/04\\\/annaba-des-elus-exigent-le-depart-du-p-apc\\\/#listItem\",\"name\":\"Annaba\\u00a0: Des \\u00e9lus exigent le d\\u00e9part du P\\\/APC\"},\"previousItem\":{\"@type\":\"ListItem\",\"@id\":\"https:\\\/\\\/lasentinelle.dz#listItem\",\"name\":\"Home\"}},{\"@type\":\"ListItem\",\"@id\":\"https:\\\/\\\/lasentinelle.dz\\\/index.php\\\/2023\\\/09\\\/04\\\/annaba-des-elus-exigent-le-depart-du-p-apc\\\/#listItem\",\"position\":3,\"name\":\"Annaba\\u00a0: Des \\u00e9lus exigent le d\\u00e9part du P\\\/APC\",\"previousItem\":{\"@type\":\"ListItem\",\"@id\":\"https:\\\/\\\/lasentinelle.dz\\\/index.php\\\/category\\\/regions\\\/#listItem\",\"name\":\"R\\u00e9gions\"}}]},{\"@type\":\"Organization\",\"@id\":\"https:\\\/\\\/lasentinelle.dz\\\/#organization\",\"name\":\"La Sentinelle La Sentinelle\",\"description\":\"Quotidien national d'information\",\"url\":\"https:\\\/\\\/lasentinelle.dz\\\/\",\"logo\":{\"@type\":\"ImageObject\",\"url\":\"https:\\\/\\\/lasentinelle.dz\\\/wp-content\\\/uploads\\\/2021\\\/09\\\/cropped-la-sentinelle-earth-golden-anima-5.gif\",\"@id\":\"https:\\\/\\\/lasentinelle.dz\\\/index.php\\\/2023\\\/09\\\/04\\\/annaba-des-elus-exigent-le-depart-du-p-apc\\\/#organizationLogo\",\"width\":450,\"height\":213},\"image\":{\"@id\":\"https:\\\/\\\/lasentinelle.dz\\\/index.php\\\/2023\\\/09\\\/04\\\/annaba-des-elus-exigent-le-depart-du-p-apc\\\/#organizationLogo\"},\"sameAs\":[\"https:\\\/\\\/www.facebook.com\\\/azzedine.lasentinelle.1\"]},{\"@type\":\"Person\",\"@id\":\"https:\\\/\\\/lasentinelle.dz\\\/author\\\/redaction\\\/#author\",\"url\":\"https:\\\/\\\/lasentinelle.dz\\\/author\\\/redaction\\\/\",\"name\":\"La Sentinelle\",\"image\":{\"@type\":\"ImageObject\",\"@id\":\"https:\\\/\\\/lasentinelle.dz\\\/index.php\\\/2023\\\/09\\\/04\\\/annaba-des-elus-exigent-le-depart-du-p-apc\\\/#authorImage\",\"url\":\"https:\\\/\\\/secure.gravatar.com\\\/avatar\\\/57de8e5d4b15d43fb361a71fbb36338450fe67865b528a43dd10ef7c51a20392?s=96&d=mm&r=g\",\"width\":96,\"height\":96,\"caption\":\"La Sentinelle\"}},{\"@type\":\"WebPage\",\"@id\":\"https:\\\/\\\/lasentinelle.dz\\\/index.php\\\/2023\\\/09\\\/04\\\/annaba-des-elus-exigent-le-depart-du-p-apc\\\/#webpage\",\"url\":\"https:\\\/\\\/lasentinelle.dz\\\/index.php\\\/2023\\\/09\\\/04\\\/annaba-des-elus-exigent-le-depart-du-p-apc\\\/\",\"name\":\"Annaba : Des \\u00e9lus exigent le d\\u00e9part du P\\\/APC - La Sentinelle\",\"description\":\"La crise qui secoue l\\u2019Assembl\\u00e9e populaire communale d\\u2019Annaba s\\u2019\\u00e9ternise et traduit le malaise de l\\u2019ensemble des membres de l\\u2019Assembl\\u00e9e. En effet, rien ne va plus \\u00e0 l\\u2019APC d\\u2019Annaba o\\u00f9 des voix se sont \\u00e9lev\\u00e9es, dimanche, demander la d\\u00e9mission du P\\\/APC. Cela fait plus de deux ans que le pr\\u00e9sident de l\\u2019Assembl\\u00e9e populaire communale d'Annaba fait\",\"inLanguage\":\"fr-FR\",\"isPartOf\":{\"@id\":\"https:\\\/\\\/lasentinelle.dz\\\/#website\"},\"breadcrumb\":{\"@id\":\"https:\\\/\\\/lasentinelle.dz\\\/index.php\\\/2023\\\/09\\\/04\\\/annaba-des-elus-exigent-le-depart-du-p-apc\\\/#breadcrumblist\"},\"author\":{\"@id\":\"https:\\\/\\\/lasentinelle.dz\\\/author\\\/redaction\\\/#author\"},\"creator\":{\"@id\":\"https:\\\/\\\/lasentinelle.dz\\\/author\\\/redaction\\\/#author\"},\"image\":{\"@type\":\"ImageObject\",\"url\":\"https:\\\/\\\/lasentinelle.dz\\\/wp-content\\\/uploads\\\/2022\\\/12\\\/APC-dannaba.png\",\"@id\":\"https:\\\/\\\/lasentinelle.dz\\\/index.php\\\/2023\\\/09\\\/04\\\/annaba-des-elus-exigent-le-depart-du-p-apc\\\/#mainImage\",\"width\":1595,\"height\":900},\"primaryImageOfPage\":{\"@id\":\"https:\\\/\\\/lasentinelle.dz\\\/index.php\\\/2023\\\/09\\\/04\\\/annaba-des-elus-exigent-le-depart-du-p-apc\\\/#mainImage\"},\"datePublished\":\"2023-09-04T21:03:12+01:00\",\"dateModified\":\"2023-09-04T21:03:14+01:00\"},{\"@type\":\"WebSite\",\"@id\":\"https:\\\/\\\/lasentinelle.dz\\\/#website\",\"url\":\"https:\\\/\\\/lasentinelle.dz\\\/\",\"name\":\"La Sentinelle\",\"description\":\"Quotidien national d'information\",\"inLanguage\":\"fr-FR\",\"publisher\":{\"@id\":\"https:\\\/\\\/lasentinelle.dz\\\/#organization\"}}]}\n\t\t<\/script>\n\t\t<!-- All in One SEO -->\n\n","aioseo_head_json":{"title":"Annaba : Des \u00e9lus exigent le d\u00e9part du P\/APC - La Sentinelle","description":"La crise qui secoue l\u2019Assembl\u00e9e populaire communale d\u2019Annaba s\u2019\u00e9ternise et traduit le malaise de l\u2019ensemble des membres de l\u2019Assembl\u00e9e. En effet, rien ne va plus \u00e0 l\u2019APC d\u2019Annaba o\u00f9 des voix se sont \u00e9lev\u00e9es, dimanche, demander la d\u00e9mission du P\/APC. Cela fait plus de deux ans que le pr\u00e9sident de l\u2019Assembl\u00e9e populaire communale d'Annaba fait","canonical_url":"https:\/\/lasentinelle.dz\/index.php\/2023\/09\/04\/annaba-des-elus-exigent-le-depart-du-p-apc\/","robots":"max-image-preview:large","keywords":"","webmasterTools":{"miscellaneous":""},"schema":{"@context":"https:\/\/schema.org","@graph":[{"@type":"BlogPosting","@id":"https:\/\/lasentinelle.dz\/index.php\/2023\/09\/04\/annaba-des-elus-exigent-le-depart-du-p-apc\/#blogposting","name":"Annaba : Des \u00e9lus exigent le d\u00e9part du P\/APC - La Sentinelle","headline":"Annaba\u00a0: Des \u00e9lus exigent le d\u00e9part du P\/APC","author":{"@id":"https:\/\/lasentinelle.dz\/author\/redaction\/#author"},"publisher":{"@id":"https:\/\/lasentinelle.dz\/#organization"},"image":{"@type":"ImageObject","url":"https:\/\/lasentinelle.dz\/wp-content\/uploads\/2022\/12\/APC-dannaba.png","width":1595,"height":900},"datePublished":"2023-09-04T21:03:12+01:00","dateModified":"2023-09-04T21:03:14+01:00","inLanguage":"fr-FR","mainEntityOfPage":{"@id":"https:\/\/lasentinelle.dz\/index.php\/2023\/09\/04\/annaba-des-elus-exigent-le-depart-du-p-apc\/#webpage"},"isPartOf":{"@id":"https:\/\/lasentinelle.dz\/index.php\/2023\/09\/04\/annaba-des-elus-exigent-le-depart-du-p-apc\/#webpage"},"articleSection":"R\u00e9gions"},{"@type":"BreadcrumbList","@id":"https:\/\/lasentinelle.dz\/index.php\/2023\/09\/04\/annaba-des-elus-exigent-le-depart-du-p-apc\/#breadcrumblist","itemListElement":[{"@type":"ListItem","@id":"https:\/\/lasentinelle.dz#listItem","position":1,"name":"Home","item":"https:\/\/lasentinelle.dz","nextItem":{"@type":"ListItem","@id":"https:\/\/lasentinelle.dz\/index.php\/category\/regions\/#listItem","name":"R\u00e9gions"}},{"@type":"ListItem","@id":"https:\/\/lasentinelle.dz\/index.php\/category\/regions\/#listItem","position":2,"name":"R\u00e9gions","item":"https:\/\/lasentinelle.dz\/index.php\/category\/regions\/","nextItem":{"@type":"ListItem","@id":"https:\/\/lasentinelle.dz\/index.php\/2023\/09\/04\/annaba-des-elus-exigent-le-depart-du-p-apc\/#listItem","name":"Annaba\u00a0: Des \u00e9lus exigent le d\u00e9part du P\/APC"},"previousItem":{"@type":"ListItem","@id":"https:\/\/lasentinelle.dz#listItem","name":"Home"}},{"@type":"ListItem","@id":"https:\/\/lasentinelle.dz\/index.php\/2023\/09\/04\/annaba-des-elus-exigent-le-depart-du-p-apc\/#listItem","position":3,"name":"Annaba\u00a0: Des \u00e9lus exigent le d\u00e9part du P\/APC","previousItem":{"@type":"ListItem","@id":"https:\/\/lasentinelle.dz\/index.php\/category\/regions\/#listItem","name":"R\u00e9gions"}}]},{"@type":"Organization","@id":"https:\/\/lasentinelle.dz\/#organization","name":"La Sentinelle La Sentinelle","description":"Quotidien national d'information","url":"https:\/\/lasentinelle.dz\/","logo":{"@type":"ImageObject","url":"https:\/\/lasentinelle.dz\/wp-content\/uploads\/2021\/09\/cropped-la-sentinelle-earth-golden-anima-5.gif","@id":"https:\/\/lasentinelle.dz\/index.php\/2023\/09\/04\/annaba-des-elus-exigent-le-depart-du-p-apc\/#organizationLogo","width":450,"height":213},"image":{"@id":"https:\/\/lasentinelle.dz\/index.php\/2023\/09\/04\/annaba-des-elus-exigent-le-depart-du-p-apc\/#organizationLogo"},"sameAs":["https:\/\/www.facebook.com\/azzedine.lasentinelle.1"]},{"@type":"Person","@id":"https:\/\/lasentinelle.dz\/author\/redaction\/#author","url":"https:\/\/lasentinelle.dz\/author\/redaction\/","name":"La Sentinelle","image":{"@type":"ImageObject","@id":"https:\/\/lasentinelle.dz\/index.php\/2023\/09\/04\/annaba-des-elus-exigent-le-depart-du-p-apc\/#authorImage","url":"https:\/\/secure.gravatar.com\/avatar\/57de8e5d4b15d43fb361a71fbb36338450fe67865b528a43dd10ef7c51a20392?s=96&d=mm&r=g","width":96,"height":96,"caption":"La Sentinelle"}},{"@type":"WebPage","@id":"https:\/\/lasentinelle.dz\/index.php\/2023\/09\/04\/annaba-des-elus-exigent-le-depart-du-p-apc\/#webpage","url":"https:\/\/lasentinelle.dz\/index.php\/2023\/09\/04\/annaba-des-elus-exigent-le-depart-du-p-apc\/","name":"Annaba : Des \u00e9lus exigent le d\u00e9part du P\/APC - La Sentinelle","description":"La crise qui secoue l\u2019Assembl\u00e9e populaire communale d\u2019Annaba s\u2019\u00e9ternise et traduit le malaise de l\u2019ensemble des membres de l\u2019Assembl\u00e9e. En effet, rien ne va plus \u00e0 l\u2019APC d\u2019Annaba o\u00f9 des voix se sont \u00e9lev\u00e9es, dimanche, demander la d\u00e9mission du P\/APC. Cela fait plus de deux ans que le pr\u00e9sident de l\u2019Assembl\u00e9e populaire communale d'Annaba fait","inLanguage":"fr-FR","isPartOf":{"@id":"https:\/\/lasentinelle.dz\/#website"},"breadcrumb":{"@id":"https:\/\/lasentinelle.dz\/index.php\/2023\/09\/04\/annaba-des-elus-exigent-le-depart-du-p-apc\/#breadcrumblist"},"author":{"@id":"https:\/\/lasentinelle.dz\/author\/redaction\/#author"},"creator":{"@id":"https:\/\/lasentinelle.dz\/author\/redaction\/#author"},"image":{"@type":"ImageObject","url":"https:\/\/lasentinelle.dz\/wp-content\/uploads\/2022\/12\/APC-dannaba.png","@id":"https:\/\/lasentinelle.dz\/index.php\/2023\/09\/04\/annaba-des-elus-exigent-le-depart-du-p-apc\/#mainImage","width":1595,"height":900},"primaryImageOfPage":{"@id":"https:\/\/lasentinelle.dz\/index.php\/2023\/09\/04\/annaba-des-elus-exigent-le-depart-du-p-apc\/#mainImage"},"datePublished":"2023-09-04T21:03:12+01:00","dateModified":"2023-09-04T21:03:14+01:00"},{"@type":"WebSite","@id":"https:\/\/lasentinelle.dz\/#website","url":"https:\/\/lasentinelle.dz\/","name":"La Sentinelle","description":"Quotidien national d'information","inLanguage":"fr-FR","publisher":{"@id":"https:\/\/lasentinelle.dz\/#organization"}}]},"og:locale":"fr_FR","og:site_name":"La Sentinelle - Quotidien national d'information","og:type":"article","og:title":"Annaba : Des \u00e9lus exigent le d\u00e9part du P\/APC - La Sentinelle","og:description":"La crise qui secoue l\u2019Assembl\u00e9e populaire communale d\u2019Annaba s\u2019\u00e9ternise et traduit le malaise de l\u2019ensemble des membres de l\u2019Assembl\u00e9e. En effet, rien ne va plus \u00e0 l\u2019APC d\u2019Annaba o\u00f9 des voix se sont \u00e9lev\u00e9es, dimanche, demander la d\u00e9mission du P\/APC. Cela fait plus de deux ans que le pr\u00e9sident de l\u2019Assembl\u00e9e populaire communale d'Annaba fait","og:url":"https:\/\/lasentinelle.dz\/index.php\/2023\/09\/04\/annaba-des-elus-exigent-le-depart-du-p-apc\/","og:image":"https:\/\/lasentinelle.dz\/wp-content\/uploads\/2021\/09\/cropped-la-sentinelle-earth-golden-anima-5.gif","og:image:secure_url":"https:\/\/lasentinelle.dz\/wp-content\/uploads\/2021\/09\/cropped-la-sentinelle-earth-golden-anima-5.gif","og:image:width":450,"og:image:height":213,"article:published_time":"2023-09-04T20:03:12+00:00","article:modified_time":"2023-09-04T20:03:14+00:00","article:publisher":"https:\/\/www.facebook.com\/azzedine.lasentinelle.1","twitter:card":"summary_large_image","twitter:title":"Annaba : Des \u00e9lus exigent le d\u00e9part du P\/APC - La Sentinelle","twitter:description":"La crise qui secoue l\u2019Assembl\u00e9e populaire communale d\u2019Annaba s\u2019\u00e9ternise et traduit le malaise de l\u2019ensemble des membres de l\u2019Assembl\u00e9e. En effet, rien ne va plus \u00e0 l\u2019APC d\u2019Annaba o\u00f9 des voix se sont \u00e9lev\u00e9es, dimanche, demander la d\u00e9mission du P\/APC. Cela fait plus de deux ans que le pr\u00e9sident de l\u2019Assembl\u00e9e populaire communale d'Annaba fait","twitter:image":"https:\/\/lasentinelle.dz\/wp-content\/uploads\/2021\/09\/cropped-la-sentinelle-earth-golden-anima-5.gif"},"aioseo_meta_data":{"post_id":"45237","title":null,"description":null,"keywords":null,"keyphrases":null,"primary_term":null,"canonical_url":null,"og_title":null,"og_description":null,"og_object_type":"default","og_image_type":"default","og_image_url":null,"og_image_width":null,"og_image_height":null,"og_image_custom_url":null,"og_image_custom_fields":null,"og_video":null,"og_custom_url":null,"og_article_section":null,"og_article_tags":null,"twitter_use_og":false,"twitter_card":"default","twitter_image_type":"default","twitter_image_url":null,"twitter_image_custom_url":null,"twitter_image_custom_fields":null,"twitter_title":null,"twitter_description":null,"schema":{"blockGraphs":[],"customGraphs":[],"default":{"data":{"Article":[],"Course":[],"Dataset":[],"FAQPage":[],"Movie":[],"Person":[],"Product":[],"ProductReview":[],"Car":[],"Recipe":[],"Service":[],"SoftwareApplication":[],"WebPage":[]},"graphName":"","isEnabled":true},"graphs":[]},"schema_type":"default","schema_type_options":null,"pillar_content":false,"robots_default":true,"robots_noindex":false,"robots_noarchive":false,"robots_nosnippet":false,"robots_nofollow":false,"robots_noimageindex":false,"robots_noodp":false,"robots_notranslate":false,"robots_max_snippet":null,"robots_max_videopreview":null,"robots_max_imagepreview":"large","priority":null,"frequency":null,"local_seo":null,"breadcrumb_settings":null,"limit_modified_date":false,"ai":null,"created":"2026-05-03 13:40:04","updated":"2026-05-03 13:40:04","focus_keyword":null,"additional_keywords":null,"truseo_locale":null,"seo_analyzer_scan_date":null},"aioseo_breadcrumb":"<div class=\"aioseo-breadcrumbs\"><span class=\"aioseo-breadcrumb\">\n\t\t\t<a href=\"https:\/\/lasentinelle.dz\" title=\"Home\">Home<\/a>\n\t\t<\/span><span class=\"aioseo-breadcrumb-separator\">&raquo;<\/span><span class=\"aioseo-breadcrumb\">\n\t\t\t<a href=\"https:\/\/lasentinelle.dz\/index.php\/category\/regions\/\" title=\"R\u00e9gions\">R\u00e9gions<\/a>\n\t\t<\/span><span class=\"aioseo-breadcrumb-separator\">&raquo;<\/span><span class=\"aioseo-breadcrumb\">\n\t\t\tAnnaba : Des \u00e9lus exigent le d\u00e9part du P\/APC\n\t\t<\/span><\/div>","aioseo_breadcrumb_json":[{"label":"Home","link":"https:\/\/lasentinelle.dz"},{"label":"R\u00e9gions","link":"https:\/\/lasentinelle.dz\/index.php\/category\/regions\/"},{"label":"Annaba\u00a0: Des \u00e9lus exigent le d\u00e9part du P\/APC","link":"https:\/\/lasentinelle.dz\/index.php\/2023\/09\/04\/annaba-des-elus-exigent-le-depart-du-p-apc\/"}],"yoast_head":"<!-- This site is optimized with the Yoast SEO plugin v28.3 - https:\/\/yoast.com\/product\/yoast-seo-wordpress\/ -->\n<title>Annaba\u00a0: Des \u00e9lus exigent le d\u00e9part du P\/APC - La Sentinelle<\/title>\n<meta name=\"robots\" content=\"index, follow, max-snippet:-1, max-image-preview:large, max-video-preview:-1\" \/>\n<link rel=\"canonical\" href=\"https:\/\/lasentinelle.dz\/index.php\/2023\/09\/04\/annaba-des-elus-exigent-le-depart-du-p-apc\/\" \/>\n<meta property=\"og:locale\" content=\"fr_FR\" \/>\n<meta property=\"og:type\" content=\"article\" \/>\n<meta property=\"og:title\" content=\"Annaba\u00a0: Des \u00e9lus exigent le d\u00e9part du P\/APC - La Sentinelle\" \/>\n<meta property=\"og:description\" content=\"La crise qui secoue l\u2019Assembl\u00e9e populaire communale d\u2019Annaba s\u2019\u00e9ternise et traduit le malaise de l\u2019ensemble des membres de l\u2019Assembl\u00e9e. En\" \/>\n<meta property=\"og:url\" content=\"https:\/\/lasentinelle.dz\/index.php\/2023\/09\/04\/annaba-des-elus-exigent-le-depart-du-p-apc\/\" \/>\n<meta property=\"og:site_name\" content=\"La Sentinelle\" \/>\n<meta property=\"article:publisher\" content=\"https:\/\/www.facebook.com\/La-Sentinelle-104059864394773\" \/>\n<meta property=\"article:published_time\" content=\"2023-09-04T20:03:12+00:00\" \/>\n<meta property=\"article:modified_time\" content=\"2023-09-04T20:03:14+00:00\" \/>\n<meta property=\"og:image\" content=\"https:\/\/lasentinelle.dz\/wp-content\/uploads\/2022\/12\/APC-dannaba.png\" \/>\n\t<meta property=\"og:image:width\" content=\"1595\" \/>\n\t<meta property=\"og:image:height\" content=\"900\" \/>\n\t<meta property=\"og:image:type\" content=\"image\/png\" \/>\n<meta name=\"author\" content=\"La Sentinelle\" \/>\n<meta name=\"twitter:card\" content=\"summary_large_image\" \/>\n<meta name=\"twitter:label1\" content=\"\u00c9crit par\" \/>\n\t<meta name=\"twitter:data1\" content=\"La Sentinelle\" \/>\n\t<meta name=\"twitter:label2\" content=\"Dur\u00e9e de lecture estim\u00e9e\" \/>\n\t<meta name=\"twitter:data2\" content=\"2 minutes\" \/>\n<script type=\"application\/ld+json\" class=\"yoast-schema-graph\">{\"@context\":\"https:\\\/\\\/schema.org\",\"@graph\":[{\"@type\":\"Article\",\"@id\":\"https:\\\/\\\/lasentinelle.dz\\\/index.php\\\/2023\\\/09\\\/04\\\/annaba-des-elus-exigent-le-depart-du-p-apc\\\/#article\",\"isPartOf\":{\"@id\":\"https:\\\/\\\/lasentinelle.dz\\\/index.php\\\/2023\\\/09\\\/04\\\/annaba-des-elus-exigent-le-depart-du-p-apc\\\/\"},\"author\":{\"name\":\"La Sentinelle\",\"@id\":\"https:\\\/\\\/lasentinelle.dz\\\/#\\\/schema\\\/person\\\/d865044e22e70a75174ce8bcad3acfb3\"},\"headline\":\"Annaba\u00a0: Des \u00e9lus exigent le d\u00e9part du P\\\/APC\",\"datePublished\":\"2023-09-04T20:03:12+00:00\",\"dateModified\":\"2023-09-04T20:03:14+00:00\",\"mainEntityOfPage\":{\"@id\":\"https:\\\/\\\/lasentinelle.dz\\\/index.php\\\/2023\\\/09\\\/04\\\/annaba-des-elus-exigent-le-depart-du-p-apc\\\/\"},\"wordCount\":491,\"commentCount\":0,\"publisher\":{\"@id\":\"https:\\\/\\\/lasentinelle.dz\\\/#organization\"},\"image\":{\"@id\":\"https:\\\/\\\/lasentinelle.dz\\\/index.php\\\/2023\\\/09\\\/04\\\/annaba-des-elus-exigent-le-depart-du-p-apc\\\/#primaryimage\"},\"thumbnailUrl\":\"https:\\\/\\\/lasentinelle.dz\\\/wp-content\\\/uploads\\\/2022\\\/12\\\/APC-dannaba.png\",\"articleSection\":[\"R\u00e9gions\"],\"inLanguage\":\"fr-FR\",\"potentialAction\":[{\"@type\":\"CommentAction\",\"name\":\"Comment\",\"target\":[\"https:\\\/\\\/lasentinelle.dz\\\/index.php\\\/2023\\\/09\\\/04\\\/annaba-des-elus-exigent-le-depart-du-p-apc\\\/#respond\"]}]},{\"@type\":\"WebPage\",\"@id\":\"https:\\\/\\\/lasentinelle.dz\\\/index.php\\\/2023\\\/09\\\/04\\\/annaba-des-elus-exigent-le-depart-du-p-apc\\\/\",\"url\":\"https:\\\/\\\/lasentinelle.dz\\\/index.php\\\/2023\\\/09\\\/04\\\/annaba-des-elus-exigent-le-depart-du-p-apc\\\/\",\"name\":\"Annaba\u00a0: Des \u00e9lus exigent le d\u00e9part du P\\\/APC - La Sentinelle\",\"isPartOf\":{\"@id\":\"https:\\\/\\\/lasentinelle.dz\\\/#website\"},\"primaryImageOfPage\":{\"@id\":\"https:\\\/\\\/lasentinelle.dz\\\/index.php\\\/2023\\\/09\\\/04\\\/annaba-des-elus-exigent-le-depart-du-p-apc\\\/#primaryimage\"},\"image\":{\"@id\":\"https:\\\/\\\/lasentinelle.dz\\\/index.php\\\/2023\\\/09\\\/04\\\/annaba-des-elus-exigent-le-depart-du-p-apc\\\/#primaryimage\"},\"thumbnailUrl\":\"https:\\\/\\\/lasentinelle.dz\\\/wp-content\\\/uploads\\\/2022\\\/12\\\/APC-dannaba.png\",\"datePublished\":\"2023-09-04T20:03:12+00:00\",\"dateModified\":\"2023-09-04T20:03:14+00:00\",\"breadcrumb\":{\"@id\":\"https:\\\/\\\/lasentinelle.dz\\\/index.php\\\/2023\\\/09\\\/04\\\/annaba-des-elus-exigent-le-depart-du-p-apc\\\/#breadcrumb\"},\"inLanguage\":\"fr-FR\",\"potentialAction\":[{\"@type\":\"ReadAction\",\"target\":[\"https:\\\/\\\/lasentinelle.dz\\\/index.php\\\/2023\\\/09\\\/04\\\/annaba-des-elus-exigent-le-depart-du-p-apc\\\/\"]}]},{\"@type\":\"ImageObject\",\"inLanguage\":\"fr-FR\",\"@id\":\"https:\\\/\\\/lasentinelle.dz\\\/index.php\\\/2023\\\/09\\\/04\\\/annaba-des-elus-exigent-le-depart-du-p-apc\\\/#primaryimage\",\"url\":\"https:\\\/\\\/lasentinelle.dz\\\/wp-content\\\/uploads\\\/2022\\\/12\\\/APC-dannaba.png\",\"contentUrl\":\"https:\\\/\\\/lasentinelle.dz\\\/wp-content\\\/uploads\\\/2022\\\/12\\\/APC-dannaba.png\",\"width\":1595,\"height\":900},{\"@type\":\"BreadcrumbList\",\"@id\":\"https:\\\/\\\/lasentinelle.dz\\\/index.php\\\/2023\\\/09\\\/04\\\/annaba-des-elus-exigent-le-depart-du-p-apc\\\/#breadcrumb\",\"itemListElement\":[{\"@type\":\"ListItem\",\"position\":1,\"name\":\"Accueil\",\"item\":\"https:\\\/\\\/lasentinelle.dz\\\/\"},{\"@type\":\"ListItem\",\"position\":2,\"name\":\"Annaba\u00a0: Des \u00e9lus exigent le d\u00e9part du P\\\/APC\"}]},{\"@type\":\"WebSite\",\"@id\":\"https:\\\/\\\/lasentinelle.dz\\\/#website\",\"url\":\"https:\\\/\\\/lasentinelle.dz\\\/\",\"name\":\"La Sentinelle\",\"description\":\"Quotidien national d&#039;information\",\"publisher\":{\"@id\":\"https:\\\/\\\/lasentinelle.dz\\\/#organization\"},\"potentialAction\":[{\"@type\":\"SearchAction\",\"target\":{\"@type\":\"EntryPoint\",\"urlTemplate\":\"https:\\\/\\\/lasentinelle.dz\\\/?s={search_term_string}\"},\"query-input\":{\"@type\":\"PropertyValueSpecification\",\"valueRequired\":true,\"valueName\":\"search_term_string\"}}],\"inLanguage\":\"fr-FR\"},{\"@type\":\"Organization\",\"@id\":\"https:\\\/\\\/lasentinelle.dz\\\/#organization\",\"name\":\"Quotidien La Sentinelle\",\"url\":\"https:\\\/\\\/lasentinelle.dz\\\/\",\"logo\":{\"@type\":\"ImageObject\",\"inLanguage\":\"fr-FR\",\"@id\":\"https:\\\/\\\/lasentinelle.dz\\\/#\\\/schema\\\/logo\\\/image\\\/\",\"url\":\"https:\\\/\\\/lasentinelle.dz\\\/wp-content\\\/uploads\\\/2021\\\/09\\\/logo-sentinelleSLOGAN-1.png\",\"contentUrl\":\"https:\\\/\\\/lasentinelle.dz\\\/wp-content\\\/uploads\\\/2021\\\/09\\\/logo-sentinelleSLOGAN-1.png\",\"width\":615,\"height\":142,\"caption\":\"Quotidien La Sentinelle\"},\"image\":{\"@id\":\"https:\\\/\\\/lasentinelle.dz\\\/#\\\/schema\\\/logo\\\/image\\\/\"},\"sameAs\":[\"https:\\\/\\\/www.facebook.com\\\/La-Sentinelle-104059864394773\"]},{\"@type\":\"Person\",\"@id\":\"https:\\\/\\\/lasentinelle.dz\\\/#\\\/schema\\\/person\\\/d865044e22e70a75174ce8bcad3acfb3\",\"name\":\"La Sentinelle\",\"image\":{\"@type\":\"ImageObject\",\"inLanguage\":\"fr-FR\",\"@id\":\"https:\\\/\\\/secure.gravatar.com\\\/avatar\\\/57de8e5d4b15d43fb361a71fbb36338450fe67865b528a43dd10ef7c51a20392?s=96&d=mm&r=g\",\"url\":\"https:\\\/\\\/secure.gravatar.com\\\/avatar\\\/57de8e5d4b15d43fb361a71fbb36338450fe67865b528a43dd10ef7c51a20392?s=96&d=mm&r=g\",\"contentUrl\":\"https:\\\/\\\/secure.gravatar.com\\\/avatar\\\/57de8e5d4b15d43fb361a71fbb36338450fe67865b528a43dd10ef7c51a20392?s=96&d=mm&r=g\",\"caption\":\"La Sentinelle\"},\"sameAs\":[\"http:\\\/\\\/www.lasentinelle.dz\"],\"url\":\"https:\\\/\\\/lasentinelle.dz\\\/author\\\/redaction\\\/\"}]}<\/script>\n<!-- \/ Yoast SEO plugin. -->","yoast_head_json":{"title":"Annaba\u00a0: Des \u00e9lus exigent le d\u00e9part du P\/APC - La Sentinelle","robots":{"index":"index","follow":"follow","max-snippet":"max-snippet:-1","max-image-preview":"max-image-preview:large","max-video-preview":"max-video-preview:-1"},"canonical":"https:\/\/lasentinelle.dz\/index.php\/2023\/09\/04\/annaba-des-elus-exigent-le-depart-du-p-apc\/","og_locale":"fr_FR","og_type":"article","og_title":"Annaba\u00a0: Des \u00e9lus exigent le d\u00e9part du P\/APC - La Sentinelle","og_description":"La crise qui secoue l\u2019Assembl\u00e9e populaire communale d\u2019Annaba s\u2019\u00e9ternise et traduit le malaise de l\u2019ensemble des membres de l\u2019Assembl\u00e9e. En","og_url":"https:\/\/lasentinelle.dz\/index.php\/2023\/09\/04\/annaba-des-elus-exigent-le-depart-du-p-apc\/","og_site_name":"La Sentinelle","article_publisher":"https:\/\/www.facebook.com\/La-Sentinelle-104059864394773","article_published_time":"2023-09-04T20:03:12+00:00","article_modified_time":"2023-09-04T20:03:14+00:00","og_image":[{"width":1595,"height":900,"url":"https:\/\/lasentinelle.dz\/wp-content\/uploads\/2022\/12\/APC-dannaba.png","type":"image\/png"}],"author":"La Sentinelle","twitter_card":"summary_large_image","twitter_misc":{"\u00c9crit par":"La Sentinelle","Dur\u00e9e de lecture estim\u00e9e":"2 minutes"},"schema":{"@context":"https:\/\/schema.org","@graph":[{"@type":"Article","@id":"https:\/\/lasentinelle.dz\/index.php\/2023\/09\/04\/annaba-des-elus-exigent-le-depart-du-p-apc\/#article","isPartOf":{"@id":"https:\/\/lasentinelle.dz\/index.php\/2023\/09\/04\/annaba-des-elus-exigent-le-depart-du-p-apc\/"},"author":{"name":"La Sentinelle","@id":"https:\/\/lasentinelle.dz\/#\/schema\/person\/d865044e22e70a75174ce8bcad3acfb3"},"headline":"Annaba\u00a0: Des \u00e9lus exigent le d\u00e9part du P\/APC","datePublished":"2023-09-04T20:03:12+00:00","dateModified":"2023-09-04T20:03:14+00:00","mainEntityOfPage":{"@id":"https:\/\/lasentinelle.dz\/index.php\/2023\/09\/04\/annaba-des-elus-exigent-le-depart-du-p-apc\/"},"wordCount":491,"commentCount":0,"publisher":{"@id":"https:\/\/lasentinelle.dz\/#organization"},"image":{"@id":"https:\/\/lasentinelle.dz\/index.php\/2023\/09\/04\/annaba-des-elus-exigent-le-depart-du-p-apc\/#primaryimage"},"thumbnailUrl":"https:\/\/lasentinelle.dz\/wp-content\/uploads\/2022\/12\/APC-dannaba.png","articleSection":["R\u00e9gions"],"inLanguage":"fr-FR","potentialAction":[{"@type":"CommentAction","name":"Comment","target":["https:\/\/lasentinelle.dz\/index.php\/2023\/09\/04\/annaba-des-elus-exigent-le-depart-du-p-apc\/#respond"]}]},{"@type":"WebPage","@id":"https:\/\/lasentinelle.dz\/index.php\/2023\/09\/04\/annaba-des-elus-exigent-le-depart-du-p-apc\/","url":"https:\/\/lasentinelle.dz\/index.php\/2023\/09\/04\/annaba-des-elus-exigent-le-depart-du-p-apc\/","name":"Annaba\u00a0: Des \u00e9lus exigent le d\u00e9part du P\/APC - La Sentinelle","isPartOf":{"@id":"https:\/\/lasentinelle.dz\/#website"},"primaryImageOfPage":{"@id":"https:\/\/lasentinelle.dz\/index.php\/2023\/09\/04\/annaba-des-elus-exigent-le-depart-du-p-apc\/#primaryimage"},"image":{"@id":"https:\/\/lasentinelle.dz\/index.php\/2023\/09\/04\/annaba-des-elus-exigent-le-depart-du-p-apc\/#primaryimage"},"thumbnailUrl":"https:\/\/lasentinelle.dz\/wp-content\/uploads\/2022\/12\/APC-dannaba.png","datePublished":"2023-09-04T20:03:12+00:00","dateModified":"2023-09-04T20:03:14+00:00","breadcrumb":{"@id":"https:\/\/lasentinelle.dz\/index.php\/2023\/09\/04\/annaba-des-elus-exigent-le-depart-du-p-apc\/#breadcrumb"},"inLanguage":"fr-FR","potentialAction":[{"@type":"ReadAction","target":["https:\/\/lasentinelle.dz\/index.php\/2023\/09\/04\/annaba-des-elus-exigent-le-depart-du-p-apc\/"]}]},{"@type":"ImageObject","inLanguage":"fr-FR","@id":"https:\/\/lasentinelle.dz\/index.php\/2023\/09\/04\/annaba-des-elus-exigent-le-depart-du-p-apc\/#primaryimage","url":"https:\/\/lasentinelle.dz\/wp-content\/uploads\/2022\/12\/APC-dannaba.png","contentUrl":"https:\/\/lasentinelle.dz\/wp-content\/uploads\/2022\/12\/APC-dannaba.png","width":1595,"height":900},{"@type":"BreadcrumbList","@id":"https:\/\/lasentinelle.dz\/index.php\/2023\/09\/04\/annaba-des-elus-exigent-le-depart-du-p-apc\/#breadcrumb","itemListElement":[{"@type":"ListItem","position":1,"name":"Accueil","item":"https:\/\/lasentinelle.dz\/"},{"@type":"ListItem","position":2,"name":"Annaba\u00a0: Des \u00e9lus exigent le d\u00e9part du P\/APC"}]},{"@type":"WebSite","@id":"https:\/\/lasentinelle.dz\/#website","url":"https:\/\/lasentinelle.dz\/","name":"La Sentinelle","description":"Quotidien national d&#039;information","publisher":{"@id":"https:\/\/lasentinelle.dz\/#organization"},"potentialAction":[{"@type":"SearchAction","target":{"@type":"EntryPoint","urlTemplate":"https:\/\/lasentinelle.dz\/?s={search_term_string}"},"query-input":{"@type":"PropertyValueSpecification","valueRequired":true,"valueName":"search_term_string"}}],"inLanguage":"fr-FR"},{"@type":"Organization","@id":"https:\/\/lasentinelle.dz\/#organization","name":"Quotidien La Sentinelle","url":"https:\/\/lasentinelle.dz\/","logo":{"@type":"ImageObject","inLanguage":"fr-FR","@id":"https:\/\/lasentinelle.dz\/#\/schema\/logo\/image\/","url":"https:\/\/lasentinelle.dz\/wp-content\/uploads\/2021\/09\/logo-sentinelleSLOGAN-1.png","contentUrl":"https:\/\/lasentinelle.dz\/wp-content\/uploads\/2021\/09\/logo-sentinelleSLOGAN-1.png","width":615,"height":142,"caption":"Quotidien La Sentinelle"},"image":{"@id":"https:\/\/lasentinelle.dz\/#\/schema\/logo\/image\/"},"sameAs":["https:\/\/www.facebook.com\/La-Sentinelle-104059864394773"]},{"@type":"Person","@id":"https:\/\/lasentinelle.dz\/#\/schema\/person\/d865044e22e70a75174ce8bcad3acfb3","name":"La Sentinelle","image":{"@type":"ImageObject","inLanguage":"fr-FR","@id":"https:\/\/secure.gravatar.com\/avatar\/57de8e5d4b15d43fb361a71fbb36338450fe67865b528a43dd10ef7c51a20392?s=96&d=mm&r=g","url":"https:\/\/secure.gravatar.com\/avatar\/57de8e5d4b15d43fb361a71fbb36338450fe67865b528a43dd10ef7c51a20392?s=96&d=mm&r=g","contentUrl":"https:\/\/secure.gravatar.com\/avatar\/57de8e5d4b15d43fb361a71fbb36338450fe67865b528a43dd10ef7c51a20392?s=96&d=mm&r=g","caption":"La Sentinelle"},"sameAs":["http:\/\/www.lasentinelle.dz"],"url":"https:\/\/lasentinelle.dz\/author\/redaction\/"}]}},"_links":{"self":[{"href":"https:\/\/lasentinelle.dz\/index.php\/wp-json\/wp\/v2\/posts\/45237","targetHints":{"allow":["GET"]}}],"collection":[{"href":"https:\/\/lasentinelle.dz\/index.php\/wp-json\/wp\/v2\/posts"}],"about":[{"href":"https:\/\/lasentinelle.dz\/index.php\/wp-json\/wp\/v2\/types\/post"}],"author":[{"embeddable":true,"href":"https:\/\/lasentinelle.dz\/index.php\/wp-json\/wp\/v2\/users\/3"}],"replies":[{"embeddable":true,"href":"https:\/\/lasentinelle.dz\/index.php\/wp-json\/wp\/v2\/comments?post=45237"}],"version-history":[{"count":1,"href":"https:\/\/lasentinelle.dz\/index.php\/wp-json\/wp\/v2\/posts\/45237\/revisions"}],"predecessor-version":[{"id":45238,"href":"https:\/\/lasentinelle.dz\/index.php\/wp-json\/wp\/v2\/posts\/45237\/revisions\/45238"}],"wp:featuredmedia":[{"embeddable":true,"href":"https:\/\/lasentinelle.dz\/index.php\/wp-json\/wp\/v2\/media\/32151"}],"wp:attachment":[{"href":"https:\/\/lasentinelle.dz\/index.php\/wp-json\/wp\/v2\/media?parent=45237"}],"wp:term":[{"taxonomy":"category","embeddable":true,"href":"https:\/\/lasentinelle.dz\/index.php\/wp-json\/wp\/v2\/categories?post=45237"},{"taxonomy":"post_tag","embeddable":true,"href":"https:\/\/lasentinelle.dz\/index.php\/wp-json\/wp\/v2\/tags?post=45237"}],"curies":[{"name":"wp","href":"https:\/\/api.w.org\/{rel}","templated":true}]}}