{"id":45256,"date":"2023-09-04T21:16:41","date_gmt":"2023-09-04T20:16:41","guid":{"rendered":"https:\/\/lasentinelle.dz\/?p=45256"},"modified":"2023-09-04T21:16:45","modified_gmt":"2023-09-04T20:16:45","slug":"cereales-et-legumineuses-importees-vers-la-reduction-des-delais-de-sejour-au-niveau-des-ports","status":"publish","type":"post","link":"https:\/\/lasentinelle.dz\/index.php\/2023\/09\/04\/cereales-et-legumineuses-importees-vers-la-reduction-des-delais-de-sejour-au-niveau-des-ports\/","title":{"rendered":"C\u00e9r\u00e9ales et l\u00e9gumineuses import\u00e9es\u00a0: Vers la r\u00e9duction des d\u00e9lais de s\u00e9jour au niveau des ports"},"content":{"rendered":"\n<p>Le march\u00e9 national a connu au cours des derni\u00e8res ann\u00e9es des probl\u00e8mes d\u2019approvisionnements en certains produits alimentaires de bases comme le lait, les produits c\u00e9r\u00e9aliers et les l\u00e9gumes secs notamment. Des perturbations li\u00e9es notamment avec des probl\u00e8mes de distribution et de manque de ma\u00eetrise des circuits. C\u2019est dans ce contexte que l\u2019Ex\u00e9cutif mise sur la mobilisation des moyens logistiques pour le transport des c\u00e9r\u00e9ales, du lait et des l\u00e9gumes secs afin d\u2019am\u00e9liorer l\u2019approvisionnement du march\u00e9. Il s\u2019agit aussi de r\u00e9duire le s\u00e9jour des cargaisons des produits alimentaires de base import\u00e9s au niveau des ports commerciaux. &nbsp;C\u2019est dans ce contexte que le ministre de l\u2019Agriculture et du D\u00e9veloppement rural, Mohamed Abdelhafid Henni, a copr\u00e9sid\u00e9 dimanche avec le ministre des Transports, Youcef Cherfa, une r\u00e9union de coordination consacr\u00e9e \u00e0 l\u2019op\u00e9ration de transport des c\u00e9r\u00e9ales, des l\u00e9gumineuses et du lait \u00e0 partir des ports. Selon un communiqu\u00e9 du minist\u00e8re de l\u2019Agriculture l\u2019objectif est de \u00ab&nbsp;clarifier la nouvelle vision et la strat\u00e9gie des deux secteurs&nbsp;\u00bb. Les deux ministres ont pr\u00e9sent\u00e9, lors de cette rencontre, un expos\u00e9 d\u00e9taill\u00e9 sur \u00ab le renforcement de la chaine logistique concernant les op\u00e9rations de transport \u00bb, notant que \u00ab toutes les proc\u00e9dures et mesures n\u00e9cessaires ont \u00e9t\u00e9 prises afin de soulever toutes les difficult\u00e9s rencontr\u00e9es \u00bb.&nbsp; L\u2019objectif principal de la r\u00e9union est d&rsquo; \u00bbassurer le d\u00e9chargement des bateaux dans des d\u00e9lais r\u00e9tr\u00e9cis pour \u00e9viter la surcharge des ports, et diminuer les d\u00e9lais d\u2019attente en rade des navires et l\u2019exploitation optimale et \u00e9quilibr\u00e9e de tous les ports nationaux \u00bb, selon le communiqu\u00e9. A cet \u00e9gard, \u00ab une cellule de veille et de contr\u00f4le a \u00e9t\u00e9 cr\u00e9\u00e9e afin d\u2019assurer les op\u00e9rations de traitement des navires au niveau des ports dans les meilleurs conditions et ce 7\/7 \u00bb, ajoute la m\u00eame source. Selon la m\u00eame source, la r\u00e9union qui s\u2019est d\u00e9roul\u00e9e au si\u00e8ge du minist\u00e8re de l\u2019Agriculture, a permis d\u2019examiner plusieurs questions et dossiers communs, en pr\u00e9sence de cadres des deux secteurs, des directeurs des ports au niveau national, de repr\u00e9sentants de la Direction g\u00e9n\u00e9rale des douanes et du minist\u00e8re du Commerce et de la Promotion des exportations, et des Directeurs g\u00e9n\u00e9raux du groupe public de transport routier \u00ab Logitrans \u00bb, de l\u2019Office alg\u00e9rien interprofessionnel des c\u00e9r\u00e9ales (OAIC) et de l\u2019Office national des aliments du b\u00e9tail (ONAB).<\/p>\n\n\n\n<p><strong>Samir Benisid<\/strong><\/p>\n","protected":false},"excerpt":{"rendered":"<p>Le march\u00e9 national a connu au cours des derni\u00e8res ann\u00e9es des probl\u00e8mes d\u2019approvisionnements en certains produits alimentaires de bases comme<\/p>\n","protected":false},"author":3,"featured_media":27184,"comment_status":"open","ping_status":"closed","sticky":false,"template":"","format":"standard","meta":{"colormag_page_container_layout":"default_layout","colormag_page_sidebar_layout":"default_layout","om_disable_all_campaigns":false,"_monsterinsights_skip_tracking":false,"_monsterinsights_sitenote_active":false,"_monsterinsights_sitenote_note":"","_monsterinsights_sitenote_category":0,"footnotes":"","_wpscppro_dont_share_socialmedia":false,"_wpscppro_custom_social_share_image":0,"_facebook_share_type":"","_twitter_share_type":"","_linkedin_share_type":"","_pinterest_share_type":"","_linkedin_share_type_page":"","_instagram_share_type":"","_medium_share_type":"","_threads_share_type":"","_google_business_share_type":"","_selected_social_profile":[],"_wpsp_enable_custom_social_template":false,"_wpsp_social_scheduling":{"enabled":false,"datetime":null,"platforms":[],"status":"template_only","dateOption":"today","timeOption":"now","customDays":"","customHours":"","customDate":"","customTime":"","schedulingType":"absolute"},"_wpsp_active_default_template":true},"categories":[29],"tags":[],"class_list":["post-45256","post","type-post","status-publish","format-standard","has-post-thumbnail","hentry","category-economie"],"aioseo_notices":[],"yoast_head":"<!-- This site is optimized with the Yoast SEO plugin v27.5 - https:\/\/yoast.com\/product\/yoast-seo-wordpress\/ -->\n<title>C\u00e9r\u00e9ales et l\u00e9gumineuses import\u00e9es\u00a0: Vers la r\u00e9duction des d\u00e9lais de s\u00e9jour au niveau des ports - La Sentinelle<\/title>\n<meta name=\"robots\" content=\"index, follow, max-snippet:-1, max-image-preview:large, max-video-preview:-1\" \/>\n<link rel=\"canonical\" href=\"https:\/\/lasentinelle.dz\/index.php\/2023\/09\/04\/cereales-et-legumineuses-importees-vers-la-reduction-des-delais-de-sejour-au-niveau-des-ports\/\" \/>\n<meta property=\"og:locale\" content=\"fr_FR\" \/>\n<meta property=\"og:type\" content=\"article\" \/>\n<meta property=\"og:title\" content=\"C\u00e9r\u00e9ales et l\u00e9gumineuses import\u00e9es\u00a0: Vers la r\u00e9duction des d\u00e9lais de s\u00e9jour au niveau des ports - La Sentinelle\" \/>\n<meta property=\"og:description\" content=\"Le march\u00e9 national a connu au cours des derni\u00e8res ann\u00e9es des probl\u00e8mes d\u2019approvisionnements en certains produits alimentaires de bases comme\" \/>\n<meta property=\"og:url\" content=\"https:\/\/lasentinelle.dz\/index.php\/2023\/09\/04\/cereales-et-legumineuses-importees-vers-la-reduction-des-delais-de-sejour-au-niveau-des-ports\/\" \/>\n<meta property=\"og:site_name\" content=\"La Sentinelle\" \/>\n<meta property=\"article:publisher\" content=\"https:\/\/www.facebook.com\/La-Sentinelle-104059864394773\" \/>\n<meta property=\"article:published_time\" content=\"2023-09-04T20:16:41+00:00\" \/>\n<meta property=\"article:modified_time\" content=\"2023-09-04T20:16:45+00:00\" \/>\n<meta property=\"og:image\" content=\"https:\/\/lasentinelle.dz\/wp-content\/uploads\/2022\/09\/cereales.png\" \/>\n\t<meta property=\"og:image:width\" content=\"1349\" \/>\n\t<meta property=\"og:image:height\" content=\"900\" \/>\n\t<meta property=\"og:image:type\" content=\"image\/png\" \/>\n<meta name=\"author\" content=\"La Sentinelle\" \/>\n<meta name=\"twitter:card\" content=\"summary_large_image\" \/>\n<meta name=\"twitter:label1\" content=\"\u00c9crit par\" \/>\n\t<meta name=\"twitter:data1\" content=\"La Sentinelle\" \/>\n\t<meta name=\"twitter:label2\" content=\"Dur\u00e9e de lecture estim\u00e9e\" \/>\n\t<meta name=\"twitter:data2\" content=\"2 minutes\" \/>\n<script type=\"application\/ld+json\" class=\"yoast-schema-graph\">{\"@context\":\"https:\\\/\\\/schema.org\",\"@graph\":[{\"@type\":\"Article\",\"@id\":\"https:\\\/\\\/lasentinelle.dz\\\/index.php\\\/2023\\\/09\\\/04\\\/cereales-et-legumineuses-importees-vers-la-reduction-des-delais-de-sejour-au-niveau-des-ports\\\/#article\",\"isPartOf\":{\"@id\":\"https:\\\/\\\/lasentinelle.dz\\\/index.php\\\/2023\\\/09\\\/04\\\/cereales-et-legumineuses-importees-vers-la-reduction-des-delais-de-sejour-au-niveau-des-ports\\\/\"},\"author\":{\"name\":\"La Sentinelle\",\"@id\":\"https:\\\/\\\/lasentinelle.dz\\\/#\\\/schema\\\/person\\\/d865044e22e70a75174ce8bcad3acfb3\"},\"headline\":\"C\u00e9r\u00e9ales et l\u00e9gumineuses import\u00e9es\u00a0: Vers la r\u00e9duction des d\u00e9lais de s\u00e9jour au niveau des ports\",\"datePublished\":\"2023-09-04T20:16:41+00:00\",\"dateModified\":\"2023-09-04T20:16:45+00:00\",\"mainEntityOfPage\":{\"@id\":\"https:\\\/\\\/lasentinelle.dz\\\/index.php\\\/2023\\\/09\\\/04\\\/cereales-et-legumineuses-importees-vers-la-reduction-des-delais-de-sejour-au-niveau-des-ports\\\/\"},\"wordCount\":473,\"commentCount\":0,\"publisher\":{\"@id\":\"https:\\\/\\\/lasentinelle.dz\\\/#organization\"},\"image\":{\"@id\":\"https:\\\/\\\/lasentinelle.dz\\\/index.php\\\/2023\\\/09\\\/04\\\/cereales-et-legumineuses-importees-vers-la-reduction-des-delais-de-sejour-au-niveau-des-ports\\\/#primaryimage\"},\"thumbnailUrl\":\"https:\\\/\\\/lasentinelle.dz\\\/wp-content\\\/uploads\\\/2022\\\/09\\\/cereales.png\",\"articleSection\":[\"\u00c9conomie\"],\"inLanguage\":\"fr-FR\",\"potentialAction\":[{\"@type\":\"CommentAction\",\"name\":\"Comment\",\"target\":[\"https:\\\/\\\/lasentinelle.dz\\\/index.php\\\/2023\\\/09\\\/04\\\/cereales-et-legumineuses-importees-vers-la-reduction-des-delais-de-sejour-au-niveau-des-ports\\\/#respond\"]}]},{\"@type\":\"WebPage\",\"@id\":\"https:\\\/\\\/lasentinelle.dz\\\/index.php\\\/2023\\\/09\\\/04\\\/cereales-et-legumineuses-importees-vers-la-reduction-des-delais-de-sejour-au-niveau-des-ports\\\/\",\"url\":\"https:\\\/\\\/lasentinelle.dz\\\/index.php\\\/2023\\\/09\\\/04\\\/cereales-et-legumineuses-importees-vers-la-reduction-des-delais-de-sejour-au-niveau-des-ports\\\/\",\"name\":\"C\u00e9r\u00e9ales et l\u00e9gumineuses import\u00e9es\u00a0: Vers la r\u00e9duction des d\u00e9lais de s\u00e9jour au niveau des ports - La Sentinelle\",\"isPartOf\":{\"@id\":\"https:\\\/\\\/lasentinelle.dz\\\/#website\"},\"primaryImageOfPage\":{\"@id\":\"https:\\\/\\\/lasentinelle.dz\\\/index.php\\\/2023\\\/09\\\/04\\\/cereales-et-legumineuses-importees-vers-la-reduction-des-delais-de-sejour-au-niveau-des-ports\\\/#primaryimage\"},\"image\":{\"@id\":\"https:\\\/\\\/lasentinelle.dz\\\/index.php\\\/2023\\\/09\\\/04\\\/cereales-et-legumineuses-importees-vers-la-reduction-des-delais-de-sejour-au-niveau-des-ports\\\/#primaryimage\"},\"thumbnailUrl\":\"https:\\\/\\\/lasentinelle.dz\\\/wp-content\\\/uploads\\\/2022\\\/09\\\/cereales.png\",\"datePublished\":\"2023-09-04T20:16:41+00:00\",\"dateModified\":\"2023-09-04T20:16:45+00:00\",\"breadcrumb\":{\"@id\":\"https:\\\/\\\/lasentinelle.dz\\\/index.php\\\/2023\\\/09\\\/04\\\/cereales-et-legumineuses-importees-vers-la-reduction-des-delais-de-sejour-au-niveau-des-ports\\\/#breadcrumb\"},\"inLanguage\":\"fr-FR\",\"potentialAction\":[{\"@type\":\"ReadAction\",\"target\":[\"https:\\\/\\\/lasentinelle.dz\\\/index.php\\\/2023\\\/09\\\/04\\\/cereales-et-legumineuses-importees-vers-la-reduction-des-delais-de-sejour-au-niveau-des-ports\\\/\"]}]},{\"@type\":\"ImageObject\",\"inLanguage\":\"fr-FR\",\"@id\":\"https:\\\/\\\/lasentinelle.dz\\\/index.php\\\/2023\\\/09\\\/04\\\/cereales-et-legumineuses-importees-vers-la-reduction-des-delais-de-sejour-au-niveau-des-ports\\\/#primaryimage\",\"url\":\"https:\\\/\\\/lasentinelle.dz\\\/wp-content\\\/uploads\\\/2022\\\/09\\\/cereales.png\",\"contentUrl\":\"https:\\\/\\\/lasentinelle.dz\\\/wp-content\\\/uploads\\\/2022\\\/09\\\/cereales.png\",\"width\":1349,\"height\":900},{\"@type\":\"BreadcrumbList\",\"@id\":\"https:\\\/\\\/lasentinelle.dz\\\/index.php\\\/2023\\\/09\\\/04\\\/cereales-et-legumineuses-importees-vers-la-reduction-des-delais-de-sejour-au-niveau-des-ports\\\/#breadcrumb\",\"itemListElement\":[{\"@type\":\"ListItem\",\"position\":1,\"name\":\"Accueil\",\"item\":\"https:\\\/\\\/lasentinelle.dz\\\/\"},{\"@type\":\"ListItem\",\"position\":2,\"name\":\"C\u00e9r\u00e9ales et l\u00e9gumineuses import\u00e9es\u00a0: Vers la r\u00e9duction des d\u00e9lais de s\u00e9jour au niveau des ports\"}]},{\"@type\":\"WebSite\",\"@id\":\"https:\\\/\\\/lasentinelle.dz\\\/#website\",\"url\":\"https:\\\/\\\/lasentinelle.dz\\\/\",\"name\":\"La Sentinelle\",\"description\":\"Quotidien national d&#039;information\",\"publisher\":{\"@id\":\"https:\\\/\\\/lasentinelle.dz\\\/#organization\"},\"potentialAction\":[{\"@type\":\"SearchAction\",\"target\":{\"@type\":\"EntryPoint\",\"urlTemplate\":\"https:\\\/\\\/lasentinelle.dz\\\/?s={search_term_string}\"},\"query-input\":{\"@type\":\"PropertyValueSpecification\",\"valueRequired\":true,\"valueName\":\"search_term_string\"}}],\"inLanguage\":\"fr-FR\"},{\"@type\":\"Organization\",\"@id\":\"https:\\\/\\\/lasentinelle.dz\\\/#organization\",\"name\":\"Quotidien La Sentinelle\",\"url\":\"https:\\\/\\\/lasentinelle.dz\\\/\",\"logo\":{\"@type\":\"ImageObject\",\"inLanguage\":\"fr-FR\",\"@id\":\"https:\\\/\\\/lasentinelle.dz\\\/#\\\/schema\\\/logo\\\/image\\\/\",\"url\":\"https:\\\/\\\/lasentinelle.dz\\\/wp-content\\\/uploads\\\/2021\\\/09\\\/logo-sentinelleSLOGAN-1.png\",\"contentUrl\":\"https:\\\/\\\/lasentinelle.dz\\\/wp-content\\\/uploads\\\/2021\\\/09\\\/logo-sentinelleSLOGAN-1.png\",\"width\":615,\"height\":142,\"caption\":\"Quotidien La Sentinelle\"},\"image\":{\"@id\":\"https:\\\/\\\/lasentinelle.dz\\\/#\\\/schema\\\/logo\\\/image\\\/\"},\"sameAs\":[\"https:\\\/\\\/www.facebook.com\\\/La-Sentinelle-104059864394773\"]},{\"@type\":\"Person\",\"@id\":\"https:\\\/\\\/lasentinelle.dz\\\/#\\\/schema\\\/person\\\/d865044e22e70a75174ce8bcad3acfb3\",\"name\":\"La Sentinelle\",\"image\":{\"@type\":\"ImageObject\",\"inLanguage\":\"fr-FR\",\"@id\":\"https:\\\/\\\/secure.gravatar.com\\\/avatar\\\/57de8e5d4b15d43fb361a71fbb36338450fe67865b528a43dd10ef7c51a20392?s=96&d=mm&r=g\",\"url\":\"https:\\\/\\\/secure.gravatar.com\\\/avatar\\\/57de8e5d4b15d43fb361a71fbb36338450fe67865b528a43dd10ef7c51a20392?s=96&d=mm&r=g\",\"contentUrl\":\"https:\\\/\\\/secure.gravatar.com\\\/avatar\\\/57de8e5d4b15d43fb361a71fbb36338450fe67865b528a43dd10ef7c51a20392?s=96&d=mm&r=g\",\"caption\":\"La Sentinelle\"},\"sameAs\":[\"http:\\\/\\\/www.lasentinelle.dz\"],\"url\":\"https:\\\/\\\/lasentinelle.dz\\\/author\\\/redaction\\\/\"}]}<\/script>\n<!-- \/ Yoast SEO plugin. -->","yoast_head_json":{"title":"C\u00e9r\u00e9ales et l\u00e9gumineuses import\u00e9es\u00a0: Vers la r\u00e9duction des d\u00e9lais de s\u00e9jour au niveau des ports - La Sentinelle","robots":{"index":"index","follow":"follow","max-snippet":"max-snippet:-1","max-image-preview":"max-image-preview:large","max-video-preview":"max-video-preview:-1"},"canonical":"https:\/\/lasentinelle.dz\/index.php\/2023\/09\/04\/cereales-et-legumineuses-importees-vers-la-reduction-des-delais-de-sejour-au-niveau-des-ports\/","og_locale":"fr_FR","og_type":"article","og_title":"C\u00e9r\u00e9ales et l\u00e9gumineuses import\u00e9es\u00a0: Vers la r\u00e9duction des d\u00e9lais de s\u00e9jour au niveau des ports - La Sentinelle","og_description":"Le march\u00e9 national a connu au cours des derni\u00e8res ann\u00e9es des probl\u00e8mes d\u2019approvisionnements en certains produits alimentaires de bases comme","og_url":"https:\/\/lasentinelle.dz\/index.php\/2023\/09\/04\/cereales-et-legumineuses-importees-vers-la-reduction-des-delais-de-sejour-au-niveau-des-ports\/","og_site_name":"La Sentinelle","article_publisher":"https:\/\/www.facebook.com\/La-Sentinelle-104059864394773","article_published_time":"2023-09-04T20:16:41+00:00","article_modified_time":"2023-09-04T20:16:45+00:00","og_image":[{"width":1349,"height":900,"url":"https:\/\/lasentinelle.dz\/wp-content\/uploads\/2022\/09\/cereales.png","type":"image\/png"}],"author":"La Sentinelle","twitter_card":"summary_large_image","twitter_misc":{"\u00c9crit par":"La Sentinelle","Dur\u00e9e de lecture estim\u00e9e":"2 minutes"},"schema":{"@context":"https:\/\/schema.org","@graph":[{"@type":"Article","@id":"https:\/\/lasentinelle.dz\/index.php\/2023\/09\/04\/cereales-et-legumineuses-importees-vers-la-reduction-des-delais-de-sejour-au-niveau-des-ports\/#article","isPartOf":{"@id":"https:\/\/lasentinelle.dz\/index.php\/2023\/09\/04\/cereales-et-legumineuses-importees-vers-la-reduction-des-delais-de-sejour-au-niveau-des-ports\/"},"author":{"name":"La Sentinelle","@id":"https:\/\/lasentinelle.dz\/#\/schema\/person\/d865044e22e70a75174ce8bcad3acfb3"},"headline":"C\u00e9r\u00e9ales et l\u00e9gumineuses import\u00e9es\u00a0: Vers la r\u00e9duction des d\u00e9lais de s\u00e9jour au niveau des ports","datePublished":"2023-09-04T20:16:41+00:00","dateModified":"2023-09-04T20:16:45+00:00","mainEntityOfPage":{"@id":"https:\/\/lasentinelle.dz\/index.php\/2023\/09\/04\/cereales-et-legumineuses-importees-vers-la-reduction-des-delais-de-sejour-au-niveau-des-ports\/"},"wordCount":473,"commentCount":0,"publisher":{"@id":"https:\/\/lasentinelle.dz\/#organization"},"image":{"@id":"https:\/\/lasentinelle.dz\/index.php\/2023\/09\/04\/cereales-et-legumineuses-importees-vers-la-reduction-des-delais-de-sejour-au-niveau-des-ports\/#primaryimage"},"thumbnailUrl":"https:\/\/lasentinelle.dz\/wp-content\/uploads\/2022\/09\/cereales.png","articleSection":["\u00c9conomie"],"inLanguage":"fr-FR","potentialAction":[{"@type":"CommentAction","name":"Comment","target":["https:\/\/lasentinelle.dz\/index.php\/2023\/09\/04\/cereales-et-legumineuses-importees-vers-la-reduction-des-delais-de-sejour-au-niveau-des-ports\/#respond"]}]},{"@type":"WebPage","@id":"https:\/\/lasentinelle.dz\/index.php\/2023\/09\/04\/cereales-et-legumineuses-importees-vers-la-reduction-des-delais-de-sejour-au-niveau-des-ports\/","url":"https:\/\/lasentinelle.dz\/index.php\/2023\/09\/04\/cereales-et-legumineuses-importees-vers-la-reduction-des-delais-de-sejour-au-niveau-des-ports\/","name":"C\u00e9r\u00e9ales et l\u00e9gumineuses import\u00e9es\u00a0: Vers la r\u00e9duction des d\u00e9lais de s\u00e9jour au niveau des ports - La Sentinelle","isPartOf":{"@id":"https:\/\/lasentinelle.dz\/#website"},"primaryImageOfPage":{"@id":"https:\/\/lasentinelle.dz\/index.php\/2023\/09\/04\/cereales-et-legumineuses-importees-vers-la-reduction-des-delais-de-sejour-au-niveau-des-ports\/#primaryimage"},"image":{"@id":"https:\/\/lasentinelle.dz\/index.php\/2023\/09\/04\/cereales-et-legumineuses-importees-vers-la-reduction-des-delais-de-sejour-au-niveau-des-ports\/#primaryimage"},"thumbnailUrl":"https:\/\/lasentinelle.dz\/wp-content\/uploads\/2022\/09\/cereales.png","datePublished":"2023-09-04T20:16:41+00:00","dateModified":"2023-09-04T20:16:45+00:00","breadcrumb":{"@id":"https:\/\/lasentinelle.dz\/index.php\/2023\/09\/04\/cereales-et-legumineuses-importees-vers-la-reduction-des-delais-de-sejour-au-niveau-des-ports\/#breadcrumb"},"inLanguage":"fr-FR","potentialAction":[{"@type":"ReadAction","target":["https:\/\/lasentinelle.dz\/index.php\/2023\/09\/04\/cereales-et-legumineuses-importees-vers-la-reduction-des-delais-de-sejour-au-niveau-des-ports\/"]}]},{"@type":"ImageObject","inLanguage":"fr-FR","@id":"https:\/\/lasentinelle.dz\/index.php\/2023\/09\/04\/cereales-et-legumineuses-importees-vers-la-reduction-des-delais-de-sejour-au-niveau-des-ports\/#primaryimage","url":"https:\/\/lasentinelle.dz\/wp-content\/uploads\/2022\/09\/cereales.png","contentUrl":"https:\/\/lasentinelle.dz\/wp-content\/uploads\/2022\/09\/cereales.png","width":1349,"height":900},{"@type":"BreadcrumbList","@id":"https:\/\/lasentinelle.dz\/index.php\/2023\/09\/04\/cereales-et-legumineuses-importees-vers-la-reduction-des-delais-de-sejour-au-niveau-des-ports\/#breadcrumb","itemListElement":[{"@type":"ListItem","position":1,"name":"Accueil","item":"https:\/\/lasentinelle.dz\/"},{"@type":"ListItem","position":2,"name":"C\u00e9r\u00e9ales et l\u00e9gumineuses import\u00e9es\u00a0: Vers la r\u00e9duction des d\u00e9lais de s\u00e9jour au niveau des ports"}]},{"@type":"WebSite","@id":"https:\/\/lasentinelle.dz\/#website","url":"https:\/\/lasentinelle.dz\/","name":"La Sentinelle","description":"Quotidien national d&#039;information","publisher":{"@id":"https:\/\/lasentinelle.dz\/#organization"},"potentialAction":[{"@type":"SearchAction","target":{"@type":"EntryPoint","urlTemplate":"https:\/\/lasentinelle.dz\/?s={search_term_string}"},"query-input":{"@type":"PropertyValueSpecification","valueRequired":true,"valueName":"search_term_string"}}],"inLanguage":"fr-FR"},{"@type":"Organization","@id":"https:\/\/lasentinelle.dz\/#organization","name":"Quotidien La Sentinelle","url":"https:\/\/lasentinelle.dz\/","logo":{"@type":"ImageObject","inLanguage":"fr-FR","@id":"https:\/\/lasentinelle.dz\/#\/schema\/logo\/image\/","url":"https:\/\/lasentinelle.dz\/wp-content\/uploads\/2021\/09\/logo-sentinelleSLOGAN-1.png","contentUrl":"https:\/\/lasentinelle.dz\/wp-content\/uploads\/2021\/09\/logo-sentinelleSLOGAN-1.png","width":615,"height":142,"caption":"Quotidien La Sentinelle"},"image":{"@id":"https:\/\/lasentinelle.dz\/#\/schema\/logo\/image\/"},"sameAs":["https:\/\/www.facebook.com\/La-Sentinelle-104059864394773"]},{"@type":"Person","@id":"https:\/\/lasentinelle.dz\/#\/schema\/person\/d865044e22e70a75174ce8bcad3acfb3","name":"La Sentinelle","image":{"@type":"ImageObject","inLanguage":"fr-FR","@id":"https:\/\/secure.gravatar.com\/avatar\/57de8e5d4b15d43fb361a71fbb36338450fe67865b528a43dd10ef7c51a20392?s=96&d=mm&r=g","url":"https:\/\/secure.gravatar.com\/avatar\/57de8e5d4b15d43fb361a71fbb36338450fe67865b528a43dd10ef7c51a20392?s=96&d=mm&r=g","contentUrl":"https:\/\/secure.gravatar.com\/avatar\/57de8e5d4b15d43fb361a71fbb36338450fe67865b528a43dd10ef7c51a20392?s=96&d=mm&r=g","caption":"La Sentinelle"},"sameAs":["http:\/\/www.lasentinelle.dz"],"url":"https:\/\/lasentinelle.dz\/author\/redaction\/"}]}},"_links":{"self":[{"href":"https:\/\/lasentinelle.dz\/index.php\/wp-json\/wp\/v2\/posts\/45256","targetHints":{"allow":["GET"]}}],"collection":[{"href":"https:\/\/lasentinelle.dz\/index.php\/wp-json\/wp\/v2\/posts"}],"about":[{"href":"https:\/\/lasentinelle.dz\/index.php\/wp-json\/wp\/v2\/types\/post"}],"author":[{"embeddable":true,"href":"https:\/\/lasentinelle.dz\/index.php\/wp-json\/wp\/v2\/users\/3"}],"replies":[{"embeddable":true,"href":"https:\/\/lasentinelle.dz\/index.php\/wp-json\/wp\/v2\/comments?post=45256"}],"version-history":[{"count":1,"href":"https:\/\/lasentinelle.dz\/index.php\/wp-json\/wp\/v2\/posts\/45256\/revisions"}],"predecessor-version":[{"id":45257,"href":"https:\/\/lasentinelle.dz\/index.php\/wp-json\/wp\/v2\/posts\/45256\/revisions\/45257"}],"wp:featuredmedia":[{"embeddable":true,"href":"https:\/\/lasentinelle.dz\/index.php\/wp-json\/wp\/v2\/media\/27184"}],"wp:attachment":[{"href":"https:\/\/lasentinelle.dz\/index.php\/wp-json\/wp\/v2\/media?parent=45256"}],"wp:term":[{"taxonomy":"category","embeddable":true,"href":"https:\/\/lasentinelle.dz\/index.php\/wp-json\/wp\/v2\/categories?post=45256"},{"taxonomy":"post_tag","embeddable":true,"href":"https:\/\/lasentinelle.dz\/index.php\/wp-json\/wp\/v2\/tags?post=45256"}],"curies":[{"name":"wp","href":"https:\/\/api.w.org\/{rel}","templated":true}]}}