{"id":45276,"date":"2023-09-05T21:31:03","date_gmt":"2023-09-05T20:31:03","guid":{"rendered":"https:\/\/lasentinelle.dz\/?p=45276"},"modified":"2023-09-05T21:31:06","modified_gmt":"2023-09-05T20:31:06","slug":"match-amical-algerie-senegal-le-12-septembre-les-lions-lancent-leur-preparation","status":"publish","type":"post","link":"https:\/\/lasentinelle.dz\/index.php\/2023\/09\/05\/match-amical-algerie-senegal-le-12-septembre-les-lions-lancent-leur-preparation\/","title":{"rendered":"Match amical Alg\u00e9rie-S\u00e9n\u00e9gal le 12 septembre\u00a0: Les Lions lancent leur pr\u00e9paration"},"content":{"rendered":"\n<p>Le s\u00e9lectionneur du S\u00e9n\u00e9gal Aliou Ciss\u00e9 a publi\u00e9, vendredi dernier, une liste de 25 joueurs s\u00e9lectionn\u00e9s pour le match amical international contre l&rsquo;Alg\u00e9rie.<\/p>\n\n\n\n<p>La s\u00e9lection nationale du S\u00e9n\u00e9gal a entam\u00e9 sa pr\u00e9paration en vue de la rencontre amicale face \u00e0 son homologue alg\u00e9rienne pr\u00e9vue le 12 septembre \u00e0 20h00&nbsp; au stade de Diamniadio (Dakar), a indiqu\u00e9 la F\u00e9d\u00e9ration s\u00e9n\u00e9galaise de football (FSF). \u00ab\u00a0D\u00e9but du rassemblement des Lions du S\u00e9n\u00e9gal \u00e0 Diamniadio. Les joueurs sont tous arriv\u00e9s ce lundi\u00a0\u00bb, a annonc\u00e9 la FSF. En pr\u00e9vision de cette rencontre amicale entre les vainqueurs des deux derni\u00e8res \u00e9ditions de la Coupe d&rsquo;Afrique des Nations, le coach s\u00e9n\u00e9galais Aliou Ciss\u00e9 a retenu 25 joueurs. Un groupe compos\u00e9 d&rsquo;une quinzaine de joueurs, dont Sadio Man\u00e9, Habib Diallo, Seny Dieng, Edouard Mendy, Isma\u00ebl Jacobs, Kalidou Koulibaly, Iliman Ndiaye et Isma\u00efla Sarr, a effectu\u00e9 une premi\u00e8re s\u00e9ance d\u2019entra\u00eenement, lundi apr\u00e8s-midi. Aliou Ciss\u00e9 a publi\u00e9, vendredi dernier, une liste de 25 joueurs s\u00e9lectionn\u00e9s pour le match amical international contre l&rsquo;Alg\u00e9rie. Deux joueurs, Lamine Camara (FC Metz) et Abdoulaye Niakhat\u00e9 Ndiaye (ESTAC Troyes), ont \u00e9t\u00e9 s\u00e9lectionn\u00e9s pour la premi\u00e8re fois en \u00e9quipe nationale A. Les Lions s\u00e9n\u00e9galais vont jouer leur 10e match amical contre les Verts depuis 1977. La derni\u00e8re rencontre amicale entre les deux pays a eu lieu en 2015. L&rsquo;Alg\u00e9rie, qui jouait \u00e0 domicile, avait battu le S\u00e9n\u00e9gal 1-0. Expliquant le choix de l\u2019Alg\u00e9rie pour le prochain match amical, Aliou Ciss\u00e9 a indiqu\u00e9 que \u00ab&nbsp;L&rsquo;Alg\u00e9rie est la b\u00eate noire du S\u00e9n\u00e9gal et si je regarde les cinq derniers matchs que nous avons jou\u00e9s contre elle, c\u2019est cinq victoires pour l\u2019Alg\u00e9rie&nbsp;\u00bb. \u00ab\u00a0Le choix de ce match r\u00e9side dans le jeu, la progression de notre \u00e9quipe. Ce ne sera pas un match-revanche mais, pour suivre une politique sportive mise en place par le directeur technique national et la F\u00e9d\u00e9ration s\u00e9n\u00e9galaise de football \u00ab\u00a0, a expliqu\u00e9 Ciss\u00e9.Pour rappel, les deux s\u00e9lections sont qualifi\u00e9es pour la prochaine Coupe d&rsquo;Afrique des nations pr\u00e9vue en C\u00f4te d&rsquo;Ivoire du 13 janvier au 11 f\u00e9vrier 2024.<\/p>\n\n\n\n<p>R.S.<\/p>\n","protected":false},"excerpt":{"rendered":"<p>Le s\u00e9lectionneur du S\u00e9n\u00e9gal Aliou Ciss\u00e9 a publi\u00e9, vendredi dernier, une liste de 25 joueurs s\u00e9lectionn\u00e9s pour le match amical<\/p>\n","protected":false},"author":3,"featured_media":45277,"comment_status":"open","ping_status":"closed","sticky":false,"template":"","format":"standard","meta":{"colormag_page_container_layout":"default_layout","colormag_page_sidebar_layout":"default_layout","om_disable_all_campaigns":false,"_monsterinsights_skip_tracking":false,"_monsterinsights_sitenote_active":false,"_monsterinsights_sitenote_note":"","_monsterinsights_sitenote_category":0,"footnotes":"","_wpscppro_dont_share_socialmedia":false,"_wpscppro_custom_social_share_image":0,"_facebook_share_type":"","_twitter_share_type":"","_linkedin_share_type":"","_pinterest_share_type":"","_linkedin_share_type_page":"","_instagram_share_type":"","_medium_share_type":"","_threads_share_type":"","_google_business_share_type":"","_selected_social_profile":[],"_wpsp_enable_custom_social_template":false,"_wpsp_social_scheduling":{"enabled":false,"datetime":null,"platforms":[],"status":"template_only","dateOption":"today","timeOption":"now","customDays":"","customHours":"","customDate":"","customTime":"","schedulingType":"absolute"},"_wpsp_active_default_template":true},"categories":[33],"tags":[],"class_list":["post-45276","post","type-post","status-publish","format-standard","has-post-thumbnail","hentry","category-sports"],"aioseo_notices":[],"yoast_head":"<!-- This site is optimized with the Yoast SEO plugin v27.5 - https:\/\/yoast.com\/product\/yoast-seo-wordpress\/ -->\n<title>Match amical Alg\u00e9rie-S\u00e9n\u00e9gal le 12 septembre\u00a0: Les Lions lancent leur pr\u00e9paration - La Sentinelle<\/title>\n<meta name=\"robots\" content=\"index, follow, max-snippet:-1, max-image-preview:large, max-video-preview:-1\" \/>\n<link rel=\"canonical\" href=\"https:\/\/lasentinelle.dz\/index.php\/2023\/09\/05\/match-amical-algerie-senegal-le-12-septembre-les-lions-lancent-leur-preparation\/\" \/>\n<meta property=\"og:locale\" content=\"fr_FR\" \/>\n<meta property=\"og:type\" content=\"article\" \/>\n<meta property=\"og:title\" content=\"Match amical Alg\u00e9rie-S\u00e9n\u00e9gal le 12 septembre\u00a0: Les Lions lancent leur pr\u00e9paration - La Sentinelle\" \/>\n<meta property=\"og:description\" content=\"Le s\u00e9lectionneur du S\u00e9n\u00e9gal Aliou Ciss\u00e9 a publi\u00e9, vendredi dernier, une liste de 25 joueurs s\u00e9lectionn\u00e9s pour le match amical\" \/>\n<meta property=\"og:url\" content=\"https:\/\/lasentinelle.dz\/index.php\/2023\/09\/05\/match-amical-algerie-senegal-le-12-septembre-les-lions-lancent-leur-preparation\/\" \/>\n<meta property=\"og:site_name\" content=\"La Sentinelle\" \/>\n<meta property=\"article:publisher\" content=\"https:\/\/www.facebook.com\/La-Sentinelle-104059864394773\" \/>\n<meta property=\"article:published_time\" content=\"2023-09-05T20:31:03+00:00\" \/>\n<meta property=\"article:modified_time\" content=\"2023-09-05T20:31:06+00:00\" \/>\n<meta property=\"og:image\" content=\"https:\/\/lasentinelle.dz\/wp-content\/uploads\/2023\/09\/aliou-cisse.jpeg\" \/>\n\t<meta property=\"og:image:width\" content=\"640\" \/>\n\t<meta property=\"og:image:height\" content=\"360\" \/>\n\t<meta property=\"og:image:type\" content=\"image\/jpeg\" \/>\n<meta name=\"author\" content=\"La Sentinelle\" \/>\n<meta name=\"twitter:card\" content=\"summary_large_image\" \/>\n<meta name=\"twitter:label1\" content=\"\u00c9crit par\" \/>\n\t<meta name=\"twitter:data1\" content=\"La Sentinelle\" \/>\n\t<meta name=\"twitter:label2\" content=\"Dur\u00e9e de lecture estim\u00e9e\" \/>\n\t<meta name=\"twitter:data2\" content=\"2 minutes\" \/>\n<script type=\"application\/ld+json\" class=\"yoast-schema-graph\">{\"@context\":\"https:\\\/\\\/schema.org\",\"@graph\":[{\"@type\":\"Article\",\"@id\":\"https:\\\/\\\/lasentinelle.dz\\\/index.php\\\/2023\\\/09\\\/05\\\/match-amical-algerie-senegal-le-12-septembre-les-lions-lancent-leur-preparation\\\/#article\",\"isPartOf\":{\"@id\":\"https:\\\/\\\/lasentinelle.dz\\\/index.php\\\/2023\\\/09\\\/05\\\/match-amical-algerie-senegal-le-12-septembre-les-lions-lancent-leur-preparation\\\/\"},\"author\":{\"name\":\"La Sentinelle\",\"@id\":\"https:\\\/\\\/lasentinelle.dz\\\/#\\\/schema\\\/person\\\/d865044e22e70a75174ce8bcad3acfb3\"},\"headline\":\"Match amical Alg\u00e9rie-S\u00e9n\u00e9gal le 12 septembre\u00a0: Les Lions lancent leur pr\u00e9paration\",\"datePublished\":\"2023-09-05T20:31:03+00:00\",\"dateModified\":\"2023-09-05T20:31:06+00:00\",\"mainEntityOfPage\":{\"@id\":\"https:\\\/\\\/lasentinelle.dz\\\/index.php\\\/2023\\\/09\\\/05\\\/match-amical-algerie-senegal-le-12-septembre-les-lions-lancent-leur-preparation\\\/\"},\"wordCount\":408,\"commentCount\":0,\"publisher\":{\"@id\":\"https:\\\/\\\/lasentinelle.dz\\\/#organization\"},\"image\":{\"@id\":\"https:\\\/\\\/lasentinelle.dz\\\/index.php\\\/2023\\\/09\\\/05\\\/match-amical-algerie-senegal-le-12-septembre-les-lions-lancent-leur-preparation\\\/#primaryimage\"},\"thumbnailUrl\":\"https:\\\/\\\/lasentinelle.dz\\\/wp-content\\\/uploads\\\/2023\\\/09\\\/aliou-cisse.jpeg\",\"articleSection\":[\"Sports\"],\"inLanguage\":\"fr-FR\",\"potentialAction\":[{\"@type\":\"CommentAction\",\"name\":\"Comment\",\"target\":[\"https:\\\/\\\/lasentinelle.dz\\\/index.php\\\/2023\\\/09\\\/05\\\/match-amical-algerie-senegal-le-12-septembre-les-lions-lancent-leur-preparation\\\/#respond\"]}]},{\"@type\":\"WebPage\",\"@id\":\"https:\\\/\\\/lasentinelle.dz\\\/index.php\\\/2023\\\/09\\\/05\\\/match-amical-algerie-senegal-le-12-septembre-les-lions-lancent-leur-preparation\\\/\",\"url\":\"https:\\\/\\\/lasentinelle.dz\\\/index.php\\\/2023\\\/09\\\/05\\\/match-amical-algerie-senegal-le-12-septembre-les-lions-lancent-leur-preparation\\\/\",\"name\":\"Match amical Alg\u00e9rie-S\u00e9n\u00e9gal le 12 septembre\u00a0: Les Lions lancent leur pr\u00e9paration - La Sentinelle\",\"isPartOf\":{\"@id\":\"https:\\\/\\\/lasentinelle.dz\\\/#website\"},\"primaryImageOfPage\":{\"@id\":\"https:\\\/\\\/lasentinelle.dz\\\/index.php\\\/2023\\\/09\\\/05\\\/match-amical-algerie-senegal-le-12-septembre-les-lions-lancent-leur-preparation\\\/#primaryimage\"},\"image\":{\"@id\":\"https:\\\/\\\/lasentinelle.dz\\\/index.php\\\/2023\\\/09\\\/05\\\/match-amical-algerie-senegal-le-12-septembre-les-lions-lancent-leur-preparation\\\/#primaryimage\"},\"thumbnailUrl\":\"https:\\\/\\\/lasentinelle.dz\\\/wp-content\\\/uploads\\\/2023\\\/09\\\/aliou-cisse.jpeg\",\"datePublished\":\"2023-09-05T20:31:03+00:00\",\"dateModified\":\"2023-09-05T20:31:06+00:00\",\"breadcrumb\":{\"@id\":\"https:\\\/\\\/lasentinelle.dz\\\/index.php\\\/2023\\\/09\\\/05\\\/match-amical-algerie-senegal-le-12-septembre-les-lions-lancent-leur-preparation\\\/#breadcrumb\"},\"inLanguage\":\"fr-FR\",\"potentialAction\":[{\"@type\":\"ReadAction\",\"target\":[\"https:\\\/\\\/lasentinelle.dz\\\/index.php\\\/2023\\\/09\\\/05\\\/match-amical-algerie-senegal-le-12-septembre-les-lions-lancent-leur-preparation\\\/\"]}]},{\"@type\":\"ImageObject\",\"inLanguage\":\"fr-FR\",\"@id\":\"https:\\\/\\\/lasentinelle.dz\\\/index.php\\\/2023\\\/09\\\/05\\\/match-amical-algerie-senegal-le-12-septembre-les-lions-lancent-leur-preparation\\\/#primaryimage\",\"url\":\"https:\\\/\\\/lasentinelle.dz\\\/wp-content\\\/uploads\\\/2023\\\/09\\\/aliou-cisse.jpeg\",\"contentUrl\":\"https:\\\/\\\/lasentinelle.dz\\\/wp-content\\\/uploads\\\/2023\\\/09\\\/aliou-cisse.jpeg\",\"width\":640,\"height\":360},{\"@type\":\"BreadcrumbList\",\"@id\":\"https:\\\/\\\/lasentinelle.dz\\\/index.php\\\/2023\\\/09\\\/05\\\/match-amical-algerie-senegal-le-12-septembre-les-lions-lancent-leur-preparation\\\/#breadcrumb\",\"itemListElement\":[{\"@type\":\"ListItem\",\"position\":1,\"name\":\"Accueil\",\"item\":\"https:\\\/\\\/lasentinelle.dz\\\/\"},{\"@type\":\"ListItem\",\"position\":2,\"name\":\"Match amical Alg\u00e9rie-S\u00e9n\u00e9gal le 12 septembre\u00a0: Les Lions lancent leur pr\u00e9paration\"}]},{\"@type\":\"WebSite\",\"@id\":\"https:\\\/\\\/lasentinelle.dz\\\/#website\",\"url\":\"https:\\\/\\\/lasentinelle.dz\\\/\",\"name\":\"La Sentinelle\",\"description\":\"Quotidien national d&#039;information\",\"publisher\":{\"@id\":\"https:\\\/\\\/lasentinelle.dz\\\/#organization\"},\"potentialAction\":[{\"@type\":\"SearchAction\",\"target\":{\"@type\":\"EntryPoint\",\"urlTemplate\":\"https:\\\/\\\/lasentinelle.dz\\\/?s={search_term_string}\"},\"query-input\":{\"@type\":\"PropertyValueSpecification\",\"valueRequired\":true,\"valueName\":\"search_term_string\"}}],\"inLanguage\":\"fr-FR\"},{\"@type\":\"Organization\",\"@id\":\"https:\\\/\\\/lasentinelle.dz\\\/#organization\",\"name\":\"Quotidien La Sentinelle\",\"url\":\"https:\\\/\\\/lasentinelle.dz\\\/\",\"logo\":{\"@type\":\"ImageObject\",\"inLanguage\":\"fr-FR\",\"@id\":\"https:\\\/\\\/lasentinelle.dz\\\/#\\\/schema\\\/logo\\\/image\\\/\",\"url\":\"https:\\\/\\\/lasentinelle.dz\\\/wp-content\\\/uploads\\\/2021\\\/09\\\/logo-sentinelleSLOGAN-1.png\",\"contentUrl\":\"https:\\\/\\\/lasentinelle.dz\\\/wp-content\\\/uploads\\\/2021\\\/09\\\/logo-sentinelleSLOGAN-1.png\",\"width\":615,\"height\":142,\"caption\":\"Quotidien La Sentinelle\"},\"image\":{\"@id\":\"https:\\\/\\\/lasentinelle.dz\\\/#\\\/schema\\\/logo\\\/image\\\/\"},\"sameAs\":[\"https:\\\/\\\/www.facebook.com\\\/La-Sentinelle-104059864394773\"]},{\"@type\":\"Person\",\"@id\":\"https:\\\/\\\/lasentinelle.dz\\\/#\\\/schema\\\/person\\\/d865044e22e70a75174ce8bcad3acfb3\",\"name\":\"La Sentinelle\",\"image\":{\"@type\":\"ImageObject\",\"inLanguage\":\"fr-FR\",\"@id\":\"https:\\\/\\\/secure.gravatar.com\\\/avatar\\\/57de8e5d4b15d43fb361a71fbb36338450fe67865b528a43dd10ef7c51a20392?s=96&d=mm&r=g\",\"url\":\"https:\\\/\\\/secure.gravatar.com\\\/avatar\\\/57de8e5d4b15d43fb361a71fbb36338450fe67865b528a43dd10ef7c51a20392?s=96&d=mm&r=g\",\"contentUrl\":\"https:\\\/\\\/secure.gravatar.com\\\/avatar\\\/57de8e5d4b15d43fb361a71fbb36338450fe67865b528a43dd10ef7c51a20392?s=96&d=mm&r=g\",\"caption\":\"La Sentinelle\"},\"sameAs\":[\"http:\\\/\\\/www.lasentinelle.dz\"],\"url\":\"https:\\\/\\\/lasentinelle.dz\\\/author\\\/redaction\\\/\"}]}<\/script>\n<!-- \/ Yoast SEO plugin. -->","yoast_head_json":{"title":"Match amical Alg\u00e9rie-S\u00e9n\u00e9gal le 12 septembre\u00a0: Les Lions lancent leur pr\u00e9paration - La Sentinelle","robots":{"index":"index","follow":"follow","max-snippet":"max-snippet:-1","max-image-preview":"max-image-preview:large","max-video-preview":"max-video-preview:-1"},"canonical":"https:\/\/lasentinelle.dz\/index.php\/2023\/09\/05\/match-amical-algerie-senegal-le-12-septembre-les-lions-lancent-leur-preparation\/","og_locale":"fr_FR","og_type":"article","og_title":"Match amical Alg\u00e9rie-S\u00e9n\u00e9gal le 12 septembre\u00a0: Les Lions lancent leur pr\u00e9paration - La Sentinelle","og_description":"Le s\u00e9lectionneur du S\u00e9n\u00e9gal Aliou Ciss\u00e9 a publi\u00e9, vendredi dernier, une liste de 25 joueurs s\u00e9lectionn\u00e9s pour le match amical","og_url":"https:\/\/lasentinelle.dz\/index.php\/2023\/09\/05\/match-amical-algerie-senegal-le-12-septembre-les-lions-lancent-leur-preparation\/","og_site_name":"La Sentinelle","article_publisher":"https:\/\/www.facebook.com\/La-Sentinelle-104059864394773","article_published_time":"2023-09-05T20:31:03+00:00","article_modified_time":"2023-09-05T20:31:06+00:00","og_image":[{"width":640,"height":360,"url":"https:\/\/lasentinelle.dz\/wp-content\/uploads\/2023\/09\/aliou-cisse.jpeg","type":"image\/jpeg"}],"author":"La Sentinelle","twitter_card":"summary_large_image","twitter_misc":{"\u00c9crit par":"La Sentinelle","Dur\u00e9e de lecture estim\u00e9e":"2 minutes"},"schema":{"@context":"https:\/\/schema.org","@graph":[{"@type":"Article","@id":"https:\/\/lasentinelle.dz\/index.php\/2023\/09\/05\/match-amical-algerie-senegal-le-12-septembre-les-lions-lancent-leur-preparation\/#article","isPartOf":{"@id":"https:\/\/lasentinelle.dz\/index.php\/2023\/09\/05\/match-amical-algerie-senegal-le-12-septembre-les-lions-lancent-leur-preparation\/"},"author":{"name":"La Sentinelle","@id":"https:\/\/lasentinelle.dz\/#\/schema\/person\/d865044e22e70a75174ce8bcad3acfb3"},"headline":"Match amical Alg\u00e9rie-S\u00e9n\u00e9gal le 12 septembre\u00a0: Les Lions lancent leur pr\u00e9paration","datePublished":"2023-09-05T20:31:03+00:00","dateModified":"2023-09-05T20:31:06+00:00","mainEntityOfPage":{"@id":"https:\/\/lasentinelle.dz\/index.php\/2023\/09\/05\/match-amical-algerie-senegal-le-12-septembre-les-lions-lancent-leur-preparation\/"},"wordCount":408,"commentCount":0,"publisher":{"@id":"https:\/\/lasentinelle.dz\/#organization"},"image":{"@id":"https:\/\/lasentinelle.dz\/index.php\/2023\/09\/05\/match-amical-algerie-senegal-le-12-septembre-les-lions-lancent-leur-preparation\/#primaryimage"},"thumbnailUrl":"https:\/\/lasentinelle.dz\/wp-content\/uploads\/2023\/09\/aliou-cisse.jpeg","articleSection":["Sports"],"inLanguage":"fr-FR","potentialAction":[{"@type":"CommentAction","name":"Comment","target":["https:\/\/lasentinelle.dz\/index.php\/2023\/09\/05\/match-amical-algerie-senegal-le-12-septembre-les-lions-lancent-leur-preparation\/#respond"]}]},{"@type":"WebPage","@id":"https:\/\/lasentinelle.dz\/index.php\/2023\/09\/05\/match-amical-algerie-senegal-le-12-septembre-les-lions-lancent-leur-preparation\/","url":"https:\/\/lasentinelle.dz\/index.php\/2023\/09\/05\/match-amical-algerie-senegal-le-12-septembre-les-lions-lancent-leur-preparation\/","name":"Match amical Alg\u00e9rie-S\u00e9n\u00e9gal le 12 septembre\u00a0: Les Lions lancent leur pr\u00e9paration - La Sentinelle","isPartOf":{"@id":"https:\/\/lasentinelle.dz\/#website"},"primaryImageOfPage":{"@id":"https:\/\/lasentinelle.dz\/index.php\/2023\/09\/05\/match-amical-algerie-senegal-le-12-septembre-les-lions-lancent-leur-preparation\/#primaryimage"},"image":{"@id":"https:\/\/lasentinelle.dz\/index.php\/2023\/09\/05\/match-amical-algerie-senegal-le-12-septembre-les-lions-lancent-leur-preparation\/#primaryimage"},"thumbnailUrl":"https:\/\/lasentinelle.dz\/wp-content\/uploads\/2023\/09\/aliou-cisse.jpeg","datePublished":"2023-09-05T20:31:03+00:00","dateModified":"2023-09-05T20:31:06+00:00","breadcrumb":{"@id":"https:\/\/lasentinelle.dz\/index.php\/2023\/09\/05\/match-amical-algerie-senegal-le-12-septembre-les-lions-lancent-leur-preparation\/#breadcrumb"},"inLanguage":"fr-FR","potentialAction":[{"@type":"ReadAction","target":["https:\/\/lasentinelle.dz\/index.php\/2023\/09\/05\/match-amical-algerie-senegal-le-12-septembre-les-lions-lancent-leur-preparation\/"]}]},{"@type":"ImageObject","inLanguage":"fr-FR","@id":"https:\/\/lasentinelle.dz\/index.php\/2023\/09\/05\/match-amical-algerie-senegal-le-12-septembre-les-lions-lancent-leur-preparation\/#primaryimage","url":"https:\/\/lasentinelle.dz\/wp-content\/uploads\/2023\/09\/aliou-cisse.jpeg","contentUrl":"https:\/\/lasentinelle.dz\/wp-content\/uploads\/2023\/09\/aliou-cisse.jpeg","width":640,"height":360},{"@type":"BreadcrumbList","@id":"https:\/\/lasentinelle.dz\/index.php\/2023\/09\/05\/match-amical-algerie-senegal-le-12-septembre-les-lions-lancent-leur-preparation\/#breadcrumb","itemListElement":[{"@type":"ListItem","position":1,"name":"Accueil","item":"https:\/\/lasentinelle.dz\/"},{"@type":"ListItem","position":2,"name":"Match amical Alg\u00e9rie-S\u00e9n\u00e9gal le 12 septembre\u00a0: Les Lions lancent leur pr\u00e9paration"}]},{"@type":"WebSite","@id":"https:\/\/lasentinelle.dz\/#website","url":"https:\/\/lasentinelle.dz\/","name":"La Sentinelle","description":"Quotidien national d&#039;information","publisher":{"@id":"https:\/\/lasentinelle.dz\/#organization"},"potentialAction":[{"@type":"SearchAction","target":{"@type":"EntryPoint","urlTemplate":"https:\/\/lasentinelle.dz\/?s={search_term_string}"},"query-input":{"@type":"PropertyValueSpecification","valueRequired":true,"valueName":"search_term_string"}}],"inLanguage":"fr-FR"},{"@type":"Organization","@id":"https:\/\/lasentinelle.dz\/#organization","name":"Quotidien La Sentinelle","url":"https:\/\/lasentinelle.dz\/","logo":{"@type":"ImageObject","inLanguage":"fr-FR","@id":"https:\/\/lasentinelle.dz\/#\/schema\/logo\/image\/","url":"https:\/\/lasentinelle.dz\/wp-content\/uploads\/2021\/09\/logo-sentinelleSLOGAN-1.png","contentUrl":"https:\/\/lasentinelle.dz\/wp-content\/uploads\/2021\/09\/logo-sentinelleSLOGAN-1.png","width":615,"height":142,"caption":"Quotidien La Sentinelle"},"image":{"@id":"https:\/\/lasentinelle.dz\/#\/schema\/logo\/image\/"},"sameAs":["https:\/\/www.facebook.com\/La-Sentinelle-104059864394773"]},{"@type":"Person","@id":"https:\/\/lasentinelle.dz\/#\/schema\/person\/d865044e22e70a75174ce8bcad3acfb3","name":"La Sentinelle","image":{"@type":"ImageObject","inLanguage":"fr-FR","@id":"https:\/\/secure.gravatar.com\/avatar\/57de8e5d4b15d43fb361a71fbb36338450fe67865b528a43dd10ef7c51a20392?s=96&d=mm&r=g","url":"https:\/\/secure.gravatar.com\/avatar\/57de8e5d4b15d43fb361a71fbb36338450fe67865b528a43dd10ef7c51a20392?s=96&d=mm&r=g","contentUrl":"https:\/\/secure.gravatar.com\/avatar\/57de8e5d4b15d43fb361a71fbb36338450fe67865b528a43dd10ef7c51a20392?s=96&d=mm&r=g","caption":"La Sentinelle"},"sameAs":["http:\/\/www.lasentinelle.dz"],"url":"https:\/\/lasentinelle.dz\/author\/redaction\/"}]}},"_links":{"self":[{"href":"https:\/\/lasentinelle.dz\/index.php\/wp-json\/wp\/v2\/posts\/45276","targetHints":{"allow":["GET"]}}],"collection":[{"href":"https:\/\/lasentinelle.dz\/index.php\/wp-json\/wp\/v2\/posts"}],"about":[{"href":"https:\/\/lasentinelle.dz\/index.php\/wp-json\/wp\/v2\/types\/post"}],"author":[{"embeddable":true,"href":"https:\/\/lasentinelle.dz\/index.php\/wp-json\/wp\/v2\/users\/3"}],"replies":[{"embeddable":true,"href":"https:\/\/lasentinelle.dz\/index.php\/wp-json\/wp\/v2\/comments?post=45276"}],"version-history":[{"count":1,"href":"https:\/\/lasentinelle.dz\/index.php\/wp-json\/wp\/v2\/posts\/45276\/revisions"}],"predecessor-version":[{"id":45278,"href":"https:\/\/lasentinelle.dz\/index.php\/wp-json\/wp\/v2\/posts\/45276\/revisions\/45278"}],"wp:featuredmedia":[{"embeddable":true,"href":"https:\/\/lasentinelle.dz\/index.php\/wp-json\/wp\/v2\/media\/45277"}],"wp:attachment":[{"href":"https:\/\/lasentinelle.dz\/index.php\/wp-json\/wp\/v2\/media?parent=45276"}],"wp:term":[{"taxonomy":"category","embeddable":true,"href":"https:\/\/lasentinelle.dz\/index.php\/wp-json\/wp\/v2\/categories?post=45276"},{"taxonomy":"post_tag","embeddable":true,"href":"https:\/\/lasentinelle.dz\/index.php\/wp-json\/wp\/v2\/tags?post=45276"}],"curies":[{"name":"wp","href":"https:\/\/api.w.org\/{rel}","templated":true}]}}