{"id":45301,"date":"2023-09-05T21:46:55","date_gmt":"2023-09-05T20:46:55","guid":{"rendered":"https:\/\/lasentinelle.dz\/?p=45301"},"modified":"2023-09-05T21:46:57","modified_gmt":"2023-09-05T20:46:57","slug":"11-millions-deleves-de-retour-en-classe-le-19-septembre-les-preparatifs-de-la-rentree-saccelerent","status":"publish","type":"post","link":"https:\/\/lasentinelle.dz\/index.php\/2023\/09\/05\/11-millions-deleves-de-retour-en-classe-le-19-septembre-les-preparatifs-de-la-rentree-saccelerent\/","title":{"rendered":"11 millions d\u2019\u00e9l\u00e8ves de retour en classe le 19 septembre\u00a0: Les pr\u00e9paratifs de la rentr\u00e9e s\u2019acc\u00e9l\u00e8rent"},"content":{"rendered":"\n<p>La date de la rentr\u00e9e des classes a enfin \u00e9t\u00e9 fix\u00e9. Le ministre de l\u2019\u00c9ducation nationale a annonc\u00e9 lundi soir dans un communiqu\u00e9, que la date de la rentr\u00e9e scolaire 2023\/2024, a \u00e9t\u00e9 fix\u00e9e au mardi 19 septembre 2023. Et \u00e0 quinze jours de la reprise des cours, les pr\u00e9paratifs s\u2019acc\u00e9l\u00e8rent. Au-del\u00e0 des instructions adress\u00e9es par le minist\u00e8re de l\u2019Int\u00e9rieur aux collectivit\u00e9s locales afin de h\u00e2ter la r\u00e9ception des nouveaux \u00e9tablissements et infrastructures annexes, ainsi que les projets de r\u00e9habilitation et de r\u00e9novation de certaines structures, le d\u00e9partement de l\u2019\u00c9ducation nationale doit h\u00e2ter les programmes de recrutement de nouveaux enseignants ainsi que leurs plans de formation. Le fait est que la nouvelle ann\u00e9e scolaire est marqu\u00e9e par le recrutement de plus de 17.000 enseignants dont 12.000 prendront en charge les cours d\u2019\u00e9ducation physique, tandis que les autres seront appel\u00e9s en renforts dans le cadre de l\u2019\u00e9largissement de l\u2019enseignement de l\u2019Anglais \u00e0 la 4<sup>e<\/sup> ann\u00e9e primaire, apr\u00e8s son introduction l\u2019ann\u00e9e derni\u00e8re en 3<sup>e<\/sup> ann\u00e9e primaire. D\u2019ailleurs pour r\u00e9pondre aux besoins en mati\u00e8re d\u2019encadrement p\u00e9dagogique, le d\u00e9partement d\u2019Abdelhakim Belaabed poursuit les recrutements et a invit\u00e9 lundi les dipl\u00f4m\u00e9s parmi les titulaires de Master, d&rsquo;ing\u00e9nieur d&rsquo;\u00e9tat ou de licence, souhaitant postuler aux postes d&rsquo;enseignants contractuels au titre de l&rsquo;ann\u00e9e scolaire 2023\/2024, \u00e0 d\u00e9poser leurs dossiers par voie \u00e9lectronique entre le 5 et le 10 septembre en cours. Les nouveaux enseignants, qui ont d\u00e9j\u00e0 \u00e9t\u00e9 recrut\u00e9s b\u00e9n\u00e9ficieront d\u2019une session de formation qui s\u2019ouvrira demain jeudi.<\/p>\n\n\n\n<p>Rappelons que le ministre de l&rsquo;Education nationale, Abdelhakim Belaabed, a indiqu\u00e9, dimanche, que plus d&rsquo;un demi-million d&rsquo;enseignants avaient regagn\u00e9, dimanche, leurs postes pour encadrer plus de 11 millions d&rsquo;\u00e9l\u00e8ves au titre de l&rsquo;ann\u00e9e scolaire 2023\/2024 et lesquels seront encadr\u00e9s par plus d&rsquo;un demi-million d&rsquo;enseignants, r\u00e9partis sur quelque 30.000 \u00e9tablissements.Il a assur\u00e9 que \u00ab\u00a0toutes les conditions sont r\u00e9unies pour que les enseignants reprennent le travail et que les \u00e9l\u00e8ves regagnent les bancs de l&rsquo;\u00e9cole dans les meilleures conditions\u00a0\u00bb.<\/p>\n\n\n\n<p><strong>Appel \u00e0 assurer la disponibilit\u00e9 des fournitures scolaires<\/strong><\/p>\n\n\n\n<p>En attendant la rentr\u00e9e ce sont les parents qui s\u2019affairent \u00e0 acqu\u00e9rir les fournitures dont auront besoins leurs enfants. Et pour \u00e9viter une envol\u00e9e des prix, le minist\u00e8re du Commerce et de la Promotion des exportations a tabl\u00e9 sur l\u2019organisation d\u2019expositions pour la vente de fournitures scolaires \u00e0 des prix accessibles. C\u2019est dans ce contexte que la 2e \u00e9dition de la Foire d\u00e9di\u00e9e \u00e0 la rentr\u00e9e scolaire \u00ab\u00a0Lemsid\u00a0\u00bb, organis\u00e9e au Palais des expositions \u00e0 Alger \u00ab\u00a0SAFEX\u00a0\u00bb a ouvert ses portes mardi avec la participation de 40 exposants. Cette manifestation \u00e9conomique qui s&rsquo;\u00e9talera jusqu&rsquo;au 20 septembre sous le slogan &lsquo;\u00a0\u00bbEnsemble pour nos \u00e9l\u00e8ves\u00a0\u00bb, verra l&rsquo;exposition des diff\u00e9rentes fournitures scolaires (articles et manuels), fabriqu\u00e9es localement ou import\u00e9es, \u00e0 des prix \u00ab\u00a0concurrentiels et raisonnables\u00a0\u00bb, selon les organisateurs. Des \u00e9coles d&rsquo;enseignement de langues \u00e9trang\u00e8res et de cours de soutien prendront \u00e9galement part \u00e0 cet \u00e9v\u00e8nement. A l\u2019occasion de l\u2019ouverture de cette foire le Secr\u00e9taire g\u00e9n\u00e9ral du minist\u00e8re du Commerce et de la Promotion des exportations, El-Hadi Bekir a mis l&rsquo;accent sur la n\u00e9cessit\u00e9 \u00ab\u00a0d&rsquo;assurer la disponibilit\u00e9 des fournitures scolaires, \u00e0 des prix concurrentiels\u00a0\u00bb, faisant savoir \u00ab\u00a0du lancement, jusqu&rsquo;\u00e0 pr\u00e9sent, de 78 foires d\u00e9di\u00e9es aux articles scolaires sur 97 foires programm\u00e9es au niveau national en pr\u00e9vision de la rentr\u00e9es scolaire\u00a0\u00bb. Il a, \u00e9galement, insist\u00e9 sur l&rsquo;imp\u00e9ratif d&rsquo;adopter des prix concurrentiels \u00ab\u00a0dans la commercialisation des produits tout au long de la foire\u00a0\u00bb, saluant la qualit\u00e9 \u00ab\u00a0des produits locaux expos\u00e9s\u00a0\u00bb&lsquo;.<\/p>\n\n\n\n<p><strong>Samir Benisid<\/strong><\/p>\n","protected":false},"excerpt":{"rendered":"<p>La date de la rentr\u00e9e des classes a enfin \u00e9t\u00e9 fix\u00e9. Le ministre de l\u2019\u00c9ducation nationale a annonc\u00e9 lundi soir<\/p>\n","protected":false},"author":3,"featured_media":25945,"comment_status":"open","ping_status":"closed","sticky":false,"template":"","format":"standard","meta":{"colormag_page_container_layout":"default_layout","colormag_page_sidebar_layout":"default_layout","om_disable_all_campaigns":false,"_monsterinsights_skip_tracking":false,"_monsterinsights_sitenote_active":false,"_monsterinsights_sitenote_note":"","_monsterinsights_sitenote_category":0,"footnotes":"","_wpscppro_dont_share_socialmedia":false,"_wpscppro_custom_social_share_image":0,"_facebook_share_type":"","_twitter_share_type":"","_linkedin_share_type":"","_pinterest_share_type":"","_linkedin_share_type_page":"","_instagram_share_type":"","_medium_share_type":"","_threads_share_type":"","_google_business_share_type":"","_selected_social_profile":[],"_wpsp_enable_custom_social_template":false,"_wpsp_social_scheduling":{"enabled":false,"datetime":null,"platforms":[],"status":"template_only","dateOption":"today","timeOption":"now","customDays":"","customHours":"","customDate":"","customTime":"","schedulingType":"absolute"},"_wpsp_active_default_template":true},"categories":[27],"tags":[],"class_list":["post-45301","post","type-post","status-publish","format-standard","has-post-thumbnail","hentry","category-actualite"],"aioseo_notices":[],"yoast_head":"<!-- This site is optimized with the Yoast SEO plugin v27.5 - https:\/\/yoast.com\/product\/yoast-seo-wordpress\/ -->\n<title>11 millions d\u2019\u00e9l\u00e8ves de retour en classe le 19 septembre\u00a0: Les pr\u00e9paratifs de la rentr\u00e9e s\u2019acc\u00e9l\u00e8rent - La Sentinelle<\/title>\n<meta name=\"robots\" content=\"index, follow, max-snippet:-1, max-image-preview:large, max-video-preview:-1\" \/>\n<link rel=\"canonical\" href=\"https:\/\/lasentinelle.dz\/index.php\/2023\/09\/05\/11-millions-deleves-de-retour-en-classe-le-19-septembre-les-preparatifs-de-la-rentree-saccelerent\/\" \/>\n<meta property=\"og:locale\" content=\"fr_FR\" \/>\n<meta property=\"og:type\" content=\"article\" \/>\n<meta property=\"og:title\" content=\"11 millions d\u2019\u00e9l\u00e8ves de retour en classe le 19 septembre\u00a0: Les pr\u00e9paratifs de la rentr\u00e9e s\u2019acc\u00e9l\u00e8rent - La Sentinelle\" \/>\n<meta property=\"og:description\" content=\"La date de la rentr\u00e9e des classes a enfin \u00e9t\u00e9 fix\u00e9. Le ministre de l\u2019\u00c9ducation nationale a annonc\u00e9 lundi soir\" \/>\n<meta property=\"og:url\" content=\"https:\/\/lasentinelle.dz\/index.php\/2023\/09\/05\/11-millions-deleves-de-retour-en-classe-le-19-septembre-les-preparatifs-de-la-rentree-saccelerent\/\" \/>\n<meta property=\"og:site_name\" content=\"La Sentinelle\" \/>\n<meta property=\"article:publisher\" content=\"https:\/\/www.facebook.com\/La-Sentinelle-104059864394773\" \/>\n<meta property=\"article:published_time\" content=\"2023-09-05T20:46:55+00:00\" \/>\n<meta property=\"article:modified_time\" content=\"2023-09-05T20:46:57+00:00\" \/>\n<meta property=\"og:image\" content=\"https:\/\/lasentinelle.dz\/wp-content\/uploads\/2022\/08\/Rentree-scolaire-620x330-1-835x430-2.png\" \/>\n\t<meta property=\"og:image:width\" content=\"1748\" \/>\n\t<meta property=\"og:image:height\" content=\"900\" \/>\n\t<meta property=\"og:image:type\" content=\"image\/png\" \/>\n<meta name=\"author\" content=\"La Sentinelle\" \/>\n<meta name=\"twitter:card\" content=\"summary_large_image\" \/>\n<meta name=\"twitter:label1\" content=\"\u00c9crit par\" \/>\n\t<meta name=\"twitter:data1\" content=\"La Sentinelle\" \/>\n\t<meta name=\"twitter:label2\" content=\"Dur\u00e9e de lecture estim\u00e9e\" \/>\n\t<meta name=\"twitter:data2\" content=\"3 minutes\" \/>\n<script type=\"application\/ld+json\" class=\"yoast-schema-graph\">{\"@context\":\"https:\\\/\\\/schema.org\",\"@graph\":[{\"@type\":\"Article\",\"@id\":\"https:\\\/\\\/lasentinelle.dz\\\/index.php\\\/2023\\\/09\\\/05\\\/11-millions-deleves-de-retour-en-classe-le-19-septembre-les-preparatifs-de-la-rentree-saccelerent\\\/#article\",\"isPartOf\":{\"@id\":\"https:\\\/\\\/lasentinelle.dz\\\/index.php\\\/2023\\\/09\\\/05\\\/11-millions-deleves-de-retour-en-classe-le-19-septembre-les-preparatifs-de-la-rentree-saccelerent\\\/\"},\"author\":{\"name\":\"La Sentinelle\",\"@id\":\"https:\\\/\\\/lasentinelle.dz\\\/#\\\/schema\\\/person\\\/d865044e22e70a75174ce8bcad3acfb3\"},\"headline\":\"11 millions d\u2019\u00e9l\u00e8ves de retour en classe le 19 septembre\u00a0: Les pr\u00e9paratifs de la rentr\u00e9e s\u2019acc\u00e9l\u00e8rent\",\"datePublished\":\"2023-09-05T20:46:55+00:00\",\"dateModified\":\"2023-09-05T20:46:57+00:00\",\"mainEntityOfPage\":{\"@id\":\"https:\\\/\\\/lasentinelle.dz\\\/index.php\\\/2023\\\/09\\\/05\\\/11-millions-deleves-de-retour-en-classe-le-19-septembre-les-preparatifs-de-la-rentree-saccelerent\\\/\"},\"wordCount\":667,\"commentCount\":0,\"publisher\":{\"@id\":\"https:\\\/\\\/lasentinelle.dz\\\/#organization\"},\"image\":{\"@id\":\"https:\\\/\\\/lasentinelle.dz\\\/index.php\\\/2023\\\/09\\\/05\\\/11-millions-deleves-de-retour-en-classe-le-19-septembre-les-preparatifs-de-la-rentree-saccelerent\\\/#primaryimage\"},\"thumbnailUrl\":\"https:\\\/\\\/lasentinelle.dz\\\/wp-content\\\/uploads\\\/2022\\\/08\\\/Rentree-scolaire-620x330-1-835x430-2.png\",\"articleSection\":[\"Actualit\u00e9\"],\"inLanguage\":\"fr-FR\",\"potentialAction\":[{\"@type\":\"CommentAction\",\"name\":\"Comment\",\"target\":[\"https:\\\/\\\/lasentinelle.dz\\\/index.php\\\/2023\\\/09\\\/05\\\/11-millions-deleves-de-retour-en-classe-le-19-septembre-les-preparatifs-de-la-rentree-saccelerent\\\/#respond\"]}]},{\"@type\":\"WebPage\",\"@id\":\"https:\\\/\\\/lasentinelle.dz\\\/index.php\\\/2023\\\/09\\\/05\\\/11-millions-deleves-de-retour-en-classe-le-19-septembre-les-preparatifs-de-la-rentree-saccelerent\\\/\",\"url\":\"https:\\\/\\\/lasentinelle.dz\\\/index.php\\\/2023\\\/09\\\/05\\\/11-millions-deleves-de-retour-en-classe-le-19-septembre-les-preparatifs-de-la-rentree-saccelerent\\\/\",\"name\":\"11 millions d\u2019\u00e9l\u00e8ves de retour en classe le 19 septembre\u00a0: Les pr\u00e9paratifs de la rentr\u00e9e s\u2019acc\u00e9l\u00e8rent - La Sentinelle\",\"isPartOf\":{\"@id\":\"https:\\\/\\\/lasentinelle.dz\\\/#website\"},\"primaryImageOfPage\":{\"@id\":\"https:\\\/\\\/lasentinelle.dz\\\/index.php\\\/2023\\\/09\\\/05\\\/11-millions-deleves-de-retour-en-classe-le-19-septembre-les-preparatifs-de-la-rentree-saccelerent\\\/#primaryimage\"},\"image\":{\"@id\":\"https:\\\/\\\/lasentinelle.dz\\\/index.php\\\/2023\\\/09\\\/05\\\/11-millions-deleves-de-retour-en-classe-le-19-septembre-les-preparatifs-de-la-rentree-saccelerent\\\/#primaryimage\"},\"thumbnailUrl\":\"https:\\\/\\\/lasentinelle.dz\\\/wp-content\\\/uploads\\\/2022\\\/08\\\/Rentree-scolaire-620x330-1-835x430-2.png\",\"datePublished\":\"2023-09-05T20:46:55+00:00\",\"dateModified\":\"2023-09-05T20:46:57+00:00\",\"breadcrumb\":{\"@id\":\"https:\\\/\\\/lasentinelle.dz\\\/index.php\\\/2023\\\/09\\\/05\\\/11-millions-deleves-de-retour-en-classe-le-19-septembre-les-preparatifs-de-la-rentree-saccelerent\\\/#breadcrumb\"},\"inLanguage\":\"fr-FR\",\"potentialAction\":[{\"@type\":\"ReadAction\",\"target\":[\"https:\\\/\\\/lasentinelle.dz\\\/index.php\\\/2023\\\/09\\\/05\\\/11-millions-deleves-de-retour-en-classe-le-19-septembre-les-preparatifs-de-la-rentree-saccelerent\\\/\"]}]},{\"@type\":\"ImageObject\",\"inLanguage\":\"fr-FR\",\"@id\":\"https:\\\/\\\/lasentinelle.dz\\\/index.php\\\/2023\\\/09\\\/05\\\/11-millions-deleves-de-retour-en-classe-le-19-septembre-les-preparatifs-de-la-rentree-saccelerent\\\/#primaryimage\",\"url\":\"https:\\\/\\\/lasentinelle.dz\\\/wp-content\\\/uploads\\\/2022\\\/08\\\/Rentree-scolaire-620x330-1-835x430-2.png\",\"contentUrl\":\"https:\\\/\\\/lasentinelle.dz\\\/wp-content\\\/uploads\\\/2022\\\/08\\\/Rentree-scolaire-620x330-1-835x430-2.png\",\"width\":1748,\"height\":900},{\"@type\":\"BreadcrumbList\",\"@id\":\"https:\\\/\\\/lasentinelle.dz\\\/index.php\\\/2023\\\/09\\\/05\\\/11-millions-deleves-de-retour-en-classe-le-19-septembre-les-preparatifs-de-la-rentree-saccelerent\\\/#breadcrumb\",\"itemListElement\":[{\"@type\":\"ListItem\",\"position\":1,\"name\":\"Accueil\",\"item\":\"https:\\\/\\\/lasentinelle.dz\\\/\"},{\"@type\":\"ListItem\",\"position\":2,\"name\":\"11 millions d\u2019\u00e9l\u00e8ves de retour en classe le 19 septembre\u00a0: Les pr\u00e9paratifs de la rentr\u00e9e s\u2019acc\u00e9l\u00e8rent\"}]},{\"@type\":\"WebSite\",\"@id\":\"https:\\\/\\\/lasentinelle.dz\\\/#website\",\"url\":\"https:\\\/\\\/lasentinelle.dz\\\/\",\"name\":\"La Sentinelle\",\"description\":\"Quotidien national d&#039;information\",\"publisher\":{\"@id\":\"https:\\\/\\\/lasentinelle.dz\\\/#organization\"},\"potentialAction\":[{\"@type\":\"SearchAction\",\"target\":{\"@type\":\"EntryPoint\",\"urlTemplate\":\"https:\\\/\\\/lasentinelle.dz\\\/?s={search_term_string}\"},\"query-input\":{\"@type\":\"PropertyValueSpecification\",\"valueRequired\":true,\"valueName\":\"search_term_string\"}}],\"inLanguage\":\"fr-FR\"},{\"@type\":\"Organization\",\"@id\":\"https:\\\/\\\/lasentinelle.dz\\\/#organization\",\"name\":\"Quotidien La Sentinelle\",\"url\":\"https:\\\/\\\/lasentinelle.dz\\\/\",\"logo\":{\"@type\":\"ImageObject\",\"inLanguage\":\"fr-FR\",\"@id\":\"https:\\\/\\\/lasentinelle.dz\\\/#\\\/schema\\\/logo\\\/image\\\/\",\"url\":\"https:\\\/\\\/lasentinelle.dz\\\/wp-content\\\/uploads\\\/2021\\\/09\\\/logo-sentinelleSLOGAN-1.png\",\"contentUrl\":\"https:\\\/\\\/lasentinelle.dz\\\/wp-content\\\/uploads\\\/2021\\\/09\\\/logo-sentinelleSLOGAN-1.png\",\"width\":615,\"height\":142,\"caption\":\"Quotidien La Sentinelle\"},\"image\":{\"@id\":\"https:\\\/\\\/lasentinelle.dz\\\/#\\\/schema\\\/logo\\\/image\\\/\"},\"sameAs\":[\"https:\\\/\\\/www.facebook.com\\\/La-Sentinelle-104059864394773\"]},{\"@type\":\"Person\",\"@id\":\"https:\\\/\\\/lasentinelle.dz\\\/#\\\/schema\\\/person\\\/d865044e22e70a75174ce8bcad3acfb3\",\"name\":\"La Sentinelle\",\"image\":{\"@type\":\"ImageObject\",\"inLanguage\":\"fr-FR\",\"@id\":\"https:\\\/\\\/secure.gravatar.com\\\/avatar\\\/57de8e5d4b15d43fb361a71fbb36338450fe67865b528a43dd10ef7c51a20392?s=96&d=mm&r=g\",\"url\":\"https:\\\/\\\/secure.gravatar.com\\\/avatar\\\/57de8e5d4b15d43fb361a71fbb36338450fe67865b528a43dd10ef7c51a20392?s=96&d=mm&r=g\",\"contentUrl\":\"https:\\\/\\\/secure.gravatar.com\\\/avatar\\\/57de8e5d4b15d43fb361a71fbb36338450fe67865b528a43dd10ef7c51a20392?s=96&d=mm&r=g\",\"caption\":\"La Sentinelle\"},\"sameAs\":[\"http:\\\/\\\/www.lasentinelle.dz\"],\"url\":\"https:\\\/\\\/lasentinelle.dz\\\/author\\\/redaction\\\/\"}]}<\/script>\n<!-- \/ Yoast SEO plugin. -->","yoast_head_json":{"title":"11 millions d\u2019\u00e9l\u00e8ves de retour en classe le 19 septembre\u00a0: Les pr\u00e9paratifs de la rentr\u00e9e s\u2019acc\u00e9l\u00e8rent - La Sentinelle","robots":{"index":"index","follow":"follow","max-snippet":"max-snippet:-1","max-image-preview":"max-image-preview:large","max-video-preview":"max-video-preview:-1"},"canonical":"https:\/\/lasentinelle.dz\/index.php\/2023\/09\/05\/11-millions-deleves-de-retour-en-classe-le-19-septembre-les-preparatifs-de-la-rentree-saccelerent\/","og_locale":"fr_FR","og_type":"article","og_title":"11 millions d\u2019\u00e9l\u00e8ves de retour en classe le 19 septembre\u00a0: Les pr\u00e9paratifs de la rentr\u00e9e s\u2019acc\u00e9l\u00e8rent - La Sentinelle","og_description":"La date de la rentr\u00e9e des classes a enfin \u00e9t\u00e9 fix\u00e9. Le ministre de l\u2019\u00c9ducation nationale a annonc\u00e9 lundi soir","og_url":"https:\/\/lasentinelle.dz\/index.php\/2023\/09\/05\/11-millions-deleves-de-retour-en-classe-le-19-septembre-les-preparatifs-de-la-rentree-saccelerent\/","og_site_name":"La Sentinelle","article_publisher":"https:\/\/www.facebook.com\/La-Sentinelle-104059864394773","article_published_time":"2023-09-05T20:46:55+00:00","article_modified_time":"2023-09-05T20:46:57+00:00","og_image":[{"width":1748,"height":900,"url":"https:\/\/lasentinelle.dz\/wp-content\/uploads\/2022\/08\/Rentree-scolaire-620x330-1-835x430-2.png","type":"image\/png"}],"author":"La Sentinelle","twitter_card":"summary_large_image","twitter_misc":{"\u00c9crit par":"La Sentinelle","Dur\u00e9e de lecture estim\u00e9e":"3 minutes"},"schema":{"@context":"https:\/\/schema.org","@graph":[{"@type":"Article","@id":"https:\/\/lasentinelle.dz\/index.php\/2023\/09\/05\/11-millions-deleves-de-retour-en-classe-le-19-septembre-les-preparatifs-de-la-rentree-saccelerent\/#article","isPartOf":{"@id":"https:\/\/lasentinelle.dz\/index.php\/2023\/09\/05\/11-millions-deleves-de-retour-en-classe-le-19-septembre-les-preparatifs-de-la-rentree-saccelerent\/"},"author":{"name":"La Sentinelle","@id":"https:\/\/lasentinelle.dz\/#\/schema\/person\/d865044e22e70a75174ce8bcad3acfb3"},"headline":"11 millions d\u2019\u00e9l\u00e8ves de retour en classe le 19 septembre\u00a0: Les pr\u00e9paratifs de la rentr\u00e9e s\u2019acc\u00e9l\u00e8rent","datePublished":"2023-09-05T20:46:55+00:00","dateModified":"2023-09-05T20:46:57+00:00","mainEntityOfPage":{"@id":"https:\/\/lasentinelle.dz\/index.php\/2023\/09\/05\/11-millions-deleves-de-retour-en-classe-le-19-septembre-les-preparatifs-de-la-rentree-saccelerent\/"},"wordCount":667,"commentCount":0,"publisher":{"@id":"https:\/\/lasentinelle.dz\/#organization"},"image":{"@id":"https:\/\/lasentinelle.dz\/index.php\/2023\/09\/05\/11-millions-deleves-de-retour-en-classe-le-19-septembre-les-preparatifs-de-la-rentree-saccelerent\/#primaryimage"},"thumbnailUrl":"https:\/\/lasentinelle.dz\/wp-content\/uploads\/2022\/08\/Rentree-scolaire-620x330-1-835x430-2.png","articleSection":["Actualit\u00e9"],"inLanguage":"fr-FR","potentialAction":[{"@type":"CommentAction","name":"Comment","target":["https:\/\/lasentinelle.dz\/index.php\/2023\/09\/05\/11-millions-deleves-de-retour-en-classe-le-19-septembre-les-preparatifs-de-la-rentree-saccelerent\/#respond"]}]},{"@type":"WebPage","@id":"https:\/\/lasentinelle.dz\/index.php\/2023\/09\/05\/11-millions-deleves-de-retour-en-classe-le-19-septembre-les-preparatifs-de-la-rentree-saccelerent\/","url":"https:\/\/lasentinelle.dz\/index.php\/2023\/09\/05\/11-millions-deleves-de-retour-en-classe-le-19-septembre-les-preparatifs-de-la-rentree-saccelerent\/","name":"11 millions d\u2019\u00e9l\u00e8ves de retour en classe le 19 septembre\u00a0: Les pr\u00e9paratifs de la rentr\u00e9e s\u2019acc\u00e9l\u00e8rent - La Sentinelle","isPartOf":{"@id":"https:\/\/lasentinelle.dz\/#website"},"primaryImageOfPage":{"@id":"https:\/\/lasentinelle.dz\/index.php\/2023\/09\/05\/11-millions-deleves-de-retour-en-classe-le-19-septembre-les-preparatifs-de-la-rentree-saccelerent\/#primaryimage"},"image":{"@id":"https:\/\/lasentinelle.dz\/index.php\/2023\/09\/05\/11-millions-deleves-de-retour-en-classe-le-19-septembre-les-preparatifs-de-la-rentree-saccelerent\/#primaryimage"},"thumbnailUrl":"https:\/\/lasentinelle.dz\/wp-content\/uploads\/2022\/08\/Rentree-scolaire-620x330-1-835x430-2.png","datePublished":"2023-09-05T20:46:55+00:00","dateModified":"2023-09-05T20:46:57+00:00","breadcrumb":{"@id":"https:\/\/lasentinelle.dz\/index.php\/2023\/09\/05\/11-millions-deleves-de-retour-en-classe-le-19-septembre-les-preparatifs-de-la-rentree-saccelerent\/#breadcrumb"},"inLanguage":"fr-FR","potentialAction":[{"@type":"ReadAction","target":["https:\/\/lasentinelle.dz\/index.php\/2023\/09\/05\/11-millions-deleves-de-retour-en-classe-le-19-septembre-les-preparatifs-de-la-rentree-saccelerent\/"]}]},{"@type":"ImageObject","inLanguage":"fr-FR","@id":"https:\/\/lasentinelle.dz\/index.php\/2023\/09\/05\/11-millions-deleves-de-retour-en-classe-le-19-septembre-les-preparatifs-de-la-rentree-saccelerent\/#primaryimage","url":"https:\/\/lasentinelle.dz\/wp-content\/uploads\/2022\/08\/Rentree-scolaire-620x330-1-835x430-2.png","contentUrl":"https:\/\/lasentinelle.dz\/wp-content\/uploads\/2022\/08\/Rentree-scolaire-620x330-1-835x430-2.png","width":1748,"height":900},{"@type":"BreadcrumbList","@id":"https:\/\/lasentinelle.dz\/index.php\/2023\/09\/05\/11-millions-deleves-de-retour-en-classe-le-19-septembre-les-preparatifs-de-la-rentree-saccelerent\/#breadcrumb","itemListElement":[{"@type":"ListItem","position":1,"name":"Accueil","item":"https:\/\/lasentinelle.dz\/"},{"@type":"ListItem","position":2,"name":"11 millions d\u2019\u00e9l\u00e8ves de retour en classe le 19 septembre\u00a0: Les pr\u00e9paratifs de la rentr\u00e9e s\u2019acc\u00e9l\u00e8rent"}]},{"@type":"WebSite","@id":"https:\/\/lasentinelle.dz\/#website","url":"https:\/\/lasentinelle.dz\/","name":"La Sentinelle","description":"Quotidien national d&#039;information","publisher":{"@id":"https:\/\/lasentinelle.dz\/#organization"},"potentialAction":[{"@type":"SearchAction","target":{"@type":"EntryPoint","urlTemplate":"https:\/\/lasentinelle.dz\/?s={search_term_string}"},"query-input":{"@type":"PropertyValueSpecification","valueRequired":true,"valueName":"search_term_string"}}],"inLanguage":"fr-FR"},{"@type":"Organization","@id":"https:\/\/lasentinelle.dz\/#organization","name":"Quotidien La Sentinelle","url":"https:\/\/lasentinelle.dz\/","logo":{"@type":"ImageObject","inLanguage":"fr-FR","@id":"https:\/\/lasentinelle.dz\/#\/schema\/logo\/image\/","url":"https:\/\/lasentinelle.dz\/wp-content\/uploads\/2021\/09\/logo-sentinelleSLOGAN-1.png","contentUrl":"https:\/\/lasentinelle.dz\/wp-content\/uploads\/2021\/09\/logo-sentinelleSLOGAN-1.png","width":615,"height":142,"caption":"Quotidien La Sentinelle"},"image":{"@id":"https:\/\/lasentinelle.dz\/#\/schema\/logo\/image\/"},"sameAs":["https:\/\/www.facebook.com\/La-Sentinelle-104059864394773"]},{"@type":"Person","@id":"https:\/\/lasentinelle.dz\/#\/schema\/person\/d865044e22e70a75174ce8bcad3acfb3","name":"La Sentinelle","image":{"@type":"ImageObject","inLanguage":"fr-FR","@id":"https:\/\/secure.gravatar.com\/avatar\/57de8e5d4b15d43fb361a71fbb36338450fe67865b528a43dd10ef7c51a20392?s=96&d=mm&r=g","url":"https:\/\/secure.gravatar.com\/avatar\/57de8e5d4b15d43fb361a71fbb36338450fe67865b528a43dd10ef7c51a20392?s=96&d=mm&r=g","contentUrl":"https:\/\/secure.gravatar.com\/avatar\/57de8e5d4b15d43fb361a71fbb36338450fe67865b528a43dd10ef7c51a20392?s=96&d=mm&r=g","caption":"La Sentinelle"},"sameAs":["http:\/\/www.lasentinelle.dz"],"url":"https:\/\/lasentinelle.dz\/author\/redaction\/"}]}},"_links":{"self":[{"href":"https:\/\/lasentinelle.dz\/index.php\/wp-json\/wp\/v2\/posts\/45301","targetHints":{"allow":["GET"]}}],"collection":[{"href":"https:\/\/lasentinelle.dz\/index.php\/wp-json\/wp\/v2\/posts"}],"about":[{"href":"https:\/\/lasentinelle.dz\/index.php\/wp-json\/wp\/v2\/types\/post"}],"author":[{"embeddable":true,"href":"https:\/\/lasentinelle.dz\/index.php\/wp-json\/wp\/v2\/users\/3"}],"replies":[{"embeddable":true,"href":"https:\/\/lasentinelle.dz\/index.php\/wp-json\/wp\/v2\/comments?post=45301"}],"version-history":[{"count":1,"href":"https:\/\/lasentinelle.dz\/index.php\/wp-json\/wp\/v2\/posts\/45301\/revisions"}],"predecessor-version":[{"id":45302,"href":"https:\/\/lasentinelle.dz\/index.php\/wp-json\/wp\/v2\/posts\/45301\/revisions\/45302"}],"wp:featuredmedia":[{"embeddable":true,"href":"https:\/\/lasentinelle.dz\/index.php\/wp-json\/wp\/v2\/media\/25945"}],"wp:attachment":[{"href":"https:\/\/lasentinelle.dz\/index.php\/wp-json\/wp\/v2\/media?parent=45301"}],"wp:term":[{"taxonomy":"category","embeddable":true,"href":"https:\/\/lasentinelle.dz\/index.php\/wp-json\/wp\/v2\/categories?post=45301"},{"taxonomy":"post_tag","embeddable":true,"href":"https:\/\/lasentinelle.dz\/index.php\/wp-json\/wp\/v2\/tags?post=45301"}],"curies":[{"name":"wp","href":"https:\/\/api.w.org\/{rel}","templated":true}]}}