{"id":45306,"date":"2023-09-05T21:50:05","date_gmt":"2023-09-05T20:50:05","guid":{"rendered":"https:\/\/lasentinelle.dz\/?p=45306"},"modified":"2023-09-05T21:55:34","modified_gmt":"2023-09-05T20:55:34","slug":"loccupant-marocain-renforce-la-repression-contre-les-civils-sahraouis","status":"publish","type":"post","link":"https:\/\/lasentinelle.dz\/index.php\/2023\/09\/05\/loccupant-marocain-renforce-la-repression-contre-les-civils-sahraouis\/","title":{"rendered":"L\u2019occupant marocain renforce la r\u00e9pression contre les civils sahraouis"},"content":{"rendered":"\n<p>L&rsquo;Envoy\u00e9 personnel du Secr\u00e9taire g\u00e9n\u00e9ral des Nations Unies pour le Sahara occidental, M. Staffan de Mistura, est arriv\u00e9 lundi, dans les territoires sahraouis occup\u00e9s dans le cadre d\u2019une premi\u00e8re visite pour s\u2019enqu\u00e9rir de pr\u00e8s de la situation dans les territoires sahraouis sous occupation marocaine. Une visite qui \u00ab&nbsp;ne doit pas \u00eatre une fin en soi, mais devra constituer une occasion pour lui de s\u2019enqu\u00e9rir directement et sans r\u00e9serves du bilan de la r\u00e9pression et du si\u00e8ge impos\u00e9 notamment aux villes occup\u00e9es d&rsquo;El Ayoun et Dakhla&nbsp;\u00bb, note dans ce sens, le minist\u00e8re de l&rsquo;Information sahraoui dans un communiqu\u00e9. \u00ab\u00a0L&rsquo;envoy\u00e9 personnel esp\u00e8re approfondir davantage les consultations avec toutes les parties concern\u00e9es sur les perspectives de faire progresser de mani\u00e8re constructive le processus politique au Sahara occidental au cours de ces engagements r\u00e9gionaux\u00a0\u00bb, indiqu\u00e9 un communiqu\u00e9 de l&rsquo;ONU.&nbsp; \u00ab\u00a0Par la suite, il attend avec impatience d&rsquo;effectuer des visites dans la r\u00e9gion et des r\u00e9unions avec toutes les parties concern\u00e9es avant la publication du rapport du secr\u00e9taire g\u00e9n\u00e9ral (Antonio Guterres) au Conseil de s\u00e9curit\u00e9 en octobre\u00a0\u00bb, ajoute la m\u00eame source.&nbsp;&nbsp; Face au renforcement du si\u00e8ge militaire impos\u00e9 par l&rsquo;Etat d&rsquo;occupation dans les territoires sahraouis occup\u00e9s et au d\u00e9ploiement accru de ses forces de s\u00e9curit\u00e9 et de police dans plusieurs villes sahraouies en pr\u00e9vision de cette visite, le minist\u00e8re a tenu le Maroc pour responsable en cas d\u2019\u00e9ventuelle campagne de r\u00e9pression ou de toute nouvelle escalade qui pourrait survenir pendant la pr\u00e9sence de M. de Mistura. Il a exhort\u00e9, \u00e0 ce propos, le Conseil de s\u00e9curit\u00e9 et le Secr\u00e9taire g\u00e9n\u00e9ral des Nations Unies \u00e0 assumer leurs responsabilit\u00e9s en mati\u00e8re de protection des citoyens sahraouis sans d\u00e9fense. En tout \u00e9tat de cause, la visite de l\u2019envoy\u00e9 sp\u00e9cial de l\u2019ONU suscite une r\u00e9action \u00e9pidermique des autorit\u00e9s d\u2019occupation marocaines lesquelles redoublent de f\u00e9rocit\u00e9 contre les civiles sahraouis. Ainsi, les forces d&rsquo;occupation marocaines ont r\u00e9prim\u00e9 un sit-in pacifique organis\u00e9, lundi, par des associations sahraouies des droits de l&rsquo;homme dans la ville occup\u00e9e de La\u00e2youne pour r\u00e9clamer le droit \u00e0 l&rsquo;ind\u00e9pendance et \u00e0 l&rsquo;autod\u00e9termination, pendant la visite de Staffan de Mistura. Selon des sources locales des droits de l&rsquo;homme, cit\u00e9es par des m\u00e9dias sahraouis, \u00ab\u00a0les manifestants ont \u00e9t\u00e9 dispers\u00e9s par la force et emp\u00each\u00e9s de s&rsquo;exprimer et de manifester pacifiquement pour r\u00e9clamer le d\u00e9part de l&rsquo;occupation marocaine et le droit l\u00e9gitime du peuple sahraoui \u00e0 la libert\u00e9, \u00e0 l&rsquo;autod\u00e9termination et \u00e0 l&rsquo;ind\u00e9pendance\u00a0\u00bb. L&rsquo;intervention muscl\u00e9e des forces marocaines contre les manifestants, qui ont \u00e9t\u00e9 pourchass\u00e9s dans les rues et art\u00e8res de la ville, a fait plusieurs bless\u00e9s. Les femmes n&rsquo;ont pas \u00e9t\u00e9 \u00e9pargn\u00e9es par la barbarie des forces d&rsquo;occupation, qui tenaient \u00ab\u00a0des propos racistes et haineux \u00e0 l&rsquo;\u00e9gard des manifestants\u00a0\u00bb, selon l&rsquo;agence de presse sahraouie (SPS). Des \u00e9l\u00e9ments des forces d&rsquo;occupation marocaines, en civil et en uniforme, ont violent\u00e9 des militantes sahraouies qui arboraient des drapeaux de la R\u00e9publique arabe sahraouie d\u00e9mocratique (RASD). Ils se sont acharn\u00e9s sur la militante et ancienne d\u00e9tenue politique sahraouie Mahfouda Bamba Lefkir, qui s&rsquo;est \u00e9vanouie avant d&rsquo;\u00eatre transf\u00e9r\u00e9e \u00e0 l&rsquo;h\u00f4pital avec un groupe de militantes sahraouies, a pr\u00e9cis\u00e9 SPS. Par ailleurs, le site sahraoui \u00ab\u00a0Equipe Media\u00a0\u00bb dispose d&rsquo;images et de vid\u00e9os montrant la brutalit\u00e9 des forces d&rsquo;occupation marocaines contre les manifestants sahraouis sur l&rsquo;avenue de Smara, qui a \u00e9t\u00e9 boucl\u00e9e pour emp\u00eacher les citoyens de r\u00e9clamer leur droit \u00e0 l&rsquo;autod\u00e9termination. Plusieurs vid\u00e9os post\u00e9es sur les r\u00e9seaux sociaux montrent les militantes sahraouies des droits de l&rsquo;homme Leoua\u00e2ra Khia, Meriem Dember et Mahfouda Bamba Lefkir, et la journaliste Salha Boutenguiza, brutalis\u00e9es et violent\u00e9es. Pr\u00e9sents \u00e0 leurs c\u00f4t\u00e9s, les militants sahraouis Abderrahmane Zyou (pr\u00e9sident de la Ligue pour la protection des prisonniers sahraouis), Hasna Edouihi et La\u00e2rousi Takelbout ont \u00e9t\u00e9 humili\u00e9s et agress\u00e9s physiquement par la police et des unit\u00e9s paramilitaires, alors qu&rsquo;ils tentaient de participer \u00e0 la manifestation. Dans le contexte de la politique r\u00e9pressive syst\u00e9mique de l&rsquo;occupant marocain, ses services de renseignement surveillent de pr\u00e8s beaucoup de militants sahraouis pour les emp\u00eacher de s&rsquo;approcher et de parler \u00e0 l&rsquo;envoy\u00e9 personnel du SG de l&rsquo;ONU pour le Sahara occidental. Le site sahraoui a \u00e9galement diffus\u00e9 une vid\u00e9o montrant le d\u00e9ploiement par les autorit\u00e9s marocaines de renforts militaires, paramilitaires et d&rsquo;unit\u00e9s de police et de forces auxiliaires \u00e0 travers toute la ville de La\u00e2youne occup\u00e9e pour emp\u00eacher les manifestations pacifiques auxquelles ont appel\u00e9 des militants sahraouis. Des v\u00e9hicules relevant de l&rsquo;arm\u00e9e d&rsquo;occupation et de la police, dont des canons \u00e0 eau, ont \u00e9t\u00e9 aper\u00e7us au centre-ville, tandis que d&rsquo;autres forces \u00e9taient d\u00e9ploy\u00e9es sur l&rsquo;avenue de Smara.<\/p>\n\n\n\n<p>R.N.<\/p>\n","protected":false},"excerpt":{"rendered":"<p>L&rsquo;Envoy\u00e9 personnel du Secr\u00e9taire g\u00e9n\u00e9ral des Nations Unies pour le Sahara occidental, M. Staffan de Mistura, est arriv\u00e9 lundi, dans<\/p>\n","protected":false},"author":3,"featured_media":45307,"comment_status":"open","ping_status":"closed","sticky":false,"template":"","format":"standard","meta":{"colormag_page_container_layout":"default_layout","colormag_page_sidebar_layout":"default_layout","om_disable_all_campaigns":false,"_monsterinsights_skip_tracking":false,"_monsterinsights_sitenote_active":false,"_monsterinsights_sitenote_note":"","_monsterinsights_sitenote_category":0,"footnotes":"","_wpscppro_dont_share_socialmedia":false,"_wpscppro_custom_social_share_image":0,"_facebook_share_type":"","_twitter_share_type":"","_linkedin_share_type":"","_pinterest_share_type":"","_linkedin_share_type_page":"","_instagram_share_type":"","_medium_share_type":"","_threads_share_type":"","_google_business_share_type":"","_selected_social_profile":[],"_wpsp_enable_custom_social_template":false,"_wpsp_social_scheduling":{"enabled":false,"datetime":null,"platforms":[],"status":"template_only","dateOption":"today","timeOption":"now","customDays":"","customHours":"","customDate":"","customTime":"","schedulingType":"absolute"},"_wpsp_active_default_template":true},"categories":[27],"tags":[],"class_list":["post-45306","post","type-post","status-publish","format-standard","has-post-thumbnail","hentry","category-actualite"],"aioseo_notices":[],"yoast_head":"<!-- This site is optimized with the Yoast SEO plugin v27.5 - https:\/\/yoast.com\/product\/yoast-seo-wordpress\/ -->\n<title>L\u2019occupant marocain renforce la r\u00e9pression contre les civils sahraouis - La Sentinelle<\/title>\n<meta name=\"robots\" content=\"index, follow, max-snippet:-1, max-image-preview:large, max-video-preview:-1\" \/>\n<link rel=\"canonical\" href=\"https:\/\/lasentinelle.dz\/index.php\/2023\/09\/05\/loccupant-marocain-renforce-la-repression-contre-les-civils-sahraouis\/\" \/>\n<meta property=\"og:locale\" content=\"fr_FR\" \/>\n<meta property=\"og:type\" content=\"article\" \/>\n<meta property=\"og:title\" content=\"L\u2019occupant marocain renforce la r\u00e9pression contre les civils sahraouis - La Sentinelle\" \/>\n<meta property=\"og:description\" content=\"L&rsquo;Envoy\u00e9 personnel du Secr\u00e9taire g\u00e9n\u00e9ral des Nations Unies pour le Sahara occidental, M. Staffan de Mistura, est arriv\u00e9 lundi, dans\" \/>\n<meta property=\"og:url\" content=\"https:\/\/lasentinelle.dz\/index.php\/2023\/09\/05\/loccupant-marocain-renforce-la-repression-contre-les-civils-sahraouis\/\" \/>\n<meta property=\"og:site_name\" content=\"La Sentinelle\" \/>\n<meta property=\"article:publisher\" content=\"https:\/\/www.facebook.com\/La-Sentinelle-104059864394773\" \/>\n<meta property=\"article:published_time\" content=\"2023-09-05T20:50:05+00:00\" \/>\n<meta property=\"article:modified_time\" content=\"2023-09-05T20:55:34+00:00\" \/>\n<meta property=\"og:image\" content=\"https:\/\/lasentinelle.dz\/wp-content\/uploads\/2023\/09\/repression.jpeg\" \/>\n\t<meta property=\"og:image:width\" content=\"580\" \/>\n\t<meta property=\"og:image:height\" content=\"350\" \/>\n\t<meta property=\"og:image:type\" content=\"image\/jpeg\" \/>\n<meta name=\"author\" content=\"La Sentinelle\" \/>\n<meta name=\"twitter:card\" content=\"summary_large_image\" \/>\n<meta name=\"twitter:label1\" content=\"\u00c9crit par\" \/>\n\t<meta name=\"twitter:data1\" content=\"La Sentinelle\" \/>\n\t<meta name=\"twitter:label2\" content=\"Dur\u00e9e de lecture estim\u00e9e\" \/>\n\t<meta name=\"twitter:data2\" content=\"4 minutes\" \/>\n<script type=\"application\/ld+json\" class=\"yoast-schema-graph\">{\"@context\":\"https:\\\/\\\/schema.org\",\"@graph\":[{\"@type\":\"Article\",\"@id\":\"https:\\\/\\\/lasentinelle.dz\\\/index.php\\\/2023\\\/09\\\/05\\\/loccupant-marocain-renforce-la-repression-contre-les-civils-sahraouis\\\/#article\",\"isPartOf\":{\"@id\":\"https:\\\/\\\/lasentinelle.dz\\\/index.php\\\/2023\\\/09\\\/05\\\/loccupant-marocain-renforce-la-repression-contre-les-civils-sahraouis\\\/\"},\"author\":{\"name\":\"La Sentinelle\",\"@id\":\"https:\\\/\\\/lasentinelle.dz\\\/#\\\/schema\\\/person\\\/d865044e22e70a75174ce8bcad3acfb3\"},\"headline\":\"L\u2019occupant marocain renforce la r\u00e9pression contre les civils sahraouis\",\"datePublished\":\"2023-09-05T20:50:05+00:00\",\"dateModified\":\"2023-09-05T20:55:34+00:00\",\"mainEntityOfPage\":{\"@id\":\"https:\\\/\\\/lasentinelle.dz\\\/index.php\\\/2023\\\/09\\\/05\\\/loccupant-marocain-renforce-la-repression-contre-les-civils-sahraouis\\\/\"},\"wordCount\":898,\"commentCount\":0,\"publisher\":{\"@id\":\"https:\\\/\\\/lasentinelle.dz\\\/#organization\"},\"image\":{\"@id\":\"https:\\\/\\\/lasentinelle.dz\\\/index.php\\\/2023\\\/09\\\/05\\\/loccupant-marocain-renforce-la-repression-contre-les-civils-sahraouis\\\/#primaryimage\"},\"thumbnailUrl\":\"https:\\\/\\\/lasentinelle.dz\\\/wp-content\\\/uploads\\\/2023\\\/09\\\/repression.jpeg\",\"articleSection\":[\"Actualit\u00e9\"],\"inLanguage\":\"fr-FR\",\"potentialAction\":[{\"@type\":\"CommentAction\",\"name\":\"Comment\",\"target\":[\"https:\\\/\\\/lasentinelle.dz\\\/index.php\\\/2023\\\/09\\\/05\\\/loccupant-marocain-renforce-la-repression-contre-les-civils-sahraouis\\\/#respond\"]}]},{\"@type\":\"WebPage\",\"@id\":\"https:\\\/\\\/lasentinelle.dz\\\/index.php\\\/2023\\\/09\\\/05\\\/loccupant-marocain-renforce-la-repression-contre-les-civils-sahraouis\\\/\",\"url\":\"https:\\\/\\\/lasentinelle.dz\\\/index.php\\\/2023\\\/09\\\/05\\\/loccupant-marocain-renforce-la-repression-contre-les-civils-sahraouis\\\/\",\"name\":\"L\u2019occupant marocain renforce la r\u00e9pression contre les civils sahraouis - La Sentinelle\",\"isPartOf\":{\"@id\":\"https:\\\/\\\/lasentinelle.dz\\\/#website\"},\"primaryImageOfPage\":{\"@id\":\"https:\\\/\\\/lasentinelle.dz\\\/index.php\\\/2023\\\/09\\\/05\\\/loccupant-marocain-renforce-la-repression-contre-les-civils-sahraouis\\\/#primaryimage\"},\"image\":{\"@id\":\"https:\\\/\\\/lasentinelle.dz\\\/index.php\\\/2023\\\/09\\\/05\\\/loccupant-marocain-renforce-la-repression-contre-les-civils-sahraouis\\\/#primaryimage\"},\"thumbnailUrl\":\"https:\\\/\\\/lasentinelle.dz\\\/wp-content\\\/uploads\\\/2023\\\/09\\\/repression.jpeg\",\"datePublished\":\"2023-09-05T20:50:05+00:00\",\"dateModified\":\"2023-09-05T20:55:34+00:00\",\"breadcrumb\":{\"@id\":\"https:\\\/\\\/lasentinelle.dz\\\/index.php\\\/2023\\\/09\\\/05\\\/loccupant-marocain-renforce-la-repression-contre-les-civils-sahraouis\\\/#breadcrumb\"},\"inLanguage\":\"fr-FR\",\"potentialAction\":[{\"@type\":\"ReadAction\",\"target\":[\"https:\\\/\\\/lasentinelle.dz\\\/index.php\\\/2023\\\/09\\\/05\\\/loccupant-marocain-renforce-la-repression-contre-les-civils-sahraouis\\\/\"]}]},{\"@type\":\"ImageObject\",\"inLanguage\":\"fr-FR\",\"@id\":\"https:\\\/\\\/lasentinelle.dz\\\/index.php\\\/2023\\\/09\\\/05\\\/loccupant-marocain-renforce-la-repression-contre-les-civils-sahraouis\\\/#primaryimage\",\"url\":\"https:\\\/\\\/lasentinelle.dz\\\/wp-content\\\/uploads\\\/2023\\\/09\\\/repression.jpeg\",\"contentUrl\":\"https:\\\/\\\/lasentinelle.dz\\\/wp-content\\\/uploads\\\/2023\\\/09\\\/repression.jpeg\",\"width\":580,\"height\":350},{\"@type\":\"BreadcrumbList\",\"@id\":\"https:\\\/\\\/lasentinelle.dz\\\/index.php\\\/2023\\\/09\\\/05\\\/loccupant-marocain-renforce-la-repression-contre-les-civils-sahraouis\\\/#breadcrumb\",\"itemListElement\":[{\"@type\":\"ListItem\",\"position\":1,\"name\":\"Accueil\",\"item\":\"https:\\\/\\\/lasentinelle.dz\\\/\"},{\"@type\":\"ListItem\",\"position\":2,\"name\":\"L\u2019occupant marocain renforce la r\u00e9pression contre les civils sahraouis\"}]},{\"@type\":\"WebSite\",\"@id\":\"https:\\\/\\\/lasentinelle.dz\\\/#website\",\"url\":\"https:\\\/\\\/lasentinelle.dz\\\/\",\"name\":\"La Sentinelle\",\"description\":\"Quotidien national d&#039;information\",\"publisher\":{\"@id\":\"https:\\\/\\\/lasentinelle.dz\\\/#organization\"},\"potentialAction\":[{\"@type\":\"SearchAction\",\"target\":{\"@type\":\"EntryPoint\",\"urlTemplate\":\"https:\\\/\\\/lasentinelle.dz\\\/?s={search_term_string}\"},\"query-input\":{\"@type\":\"PropertyValueSpecification\",\"valueRequired\":true,\"valueName\":\"search_term_string\"}}],\"inLanguage\":\"fr-FR\"},{\"@type\":\"Organization\",\"@id\":\"https:\\\/\\\/lasentinelle.dz\\\/#organization\",\"name\":\"Quotidien La Sentinelle\",\"url\":\"https:\\\/\\\/lasentinelle.dz\\\/\",\"logo\":{\"@type\":\"ImageObject\",\"inLanguage\":\"fr-FR\",\"@id\":\"https:\\\/\\\/lasentinelle.dz\\\/#\\\/schema\\\/logo\\\/image\\\/\",\"url\":\"https:\\\/\\\/lasentinelle.dz\\\/wp-content\\\/uploads\\\/2021\\\/09\\\/logo-sentinelleSLOGAN-1.png\",\"contentUrl\":\"https:\\\/\\\/lasentinelle.dz\\\/wp-content\\\/uploads\\\/2021\\\/09\\\/logo-sentinelleSLOGAN-1.png\",\"width\":615,\"height\":142,\"caption\":\"Quotidien La Sentinelle\"},\"image\":{\"@id\":\"https:\\\/\\\/lasentinelle.dz\\\/#\\\/schema\\\/logo\\\/image\\\/\"},\"sameAs\":[\"https:\\\/\\\/www.facebook.com\\\/La-Sentinelle-104059864394773\"]},{\"@type\":\"Person\",\"@id\":\"https:\\\/\\\/lasentinelle.dz\\\/#\\\/schema\\\/person\\\/d865044e22e70a75174ce8bcad3acfb3\",\"name\":\"La Sentinelle\",\"image\":{\"@type\":\"ImageObject\",\"inLanguage\":\"fr-FR\",\"@id\":\"https:\\\/\\\/secure.gravatar.com\\\/avatar\\\/57de8e5d4b15d43fb361a71fbb36338450fe67865b528a43dd10ef7c51a20392?s=96&d=mm&r=g\",\"url\":\"https:\\\/\\\/secure.gravatar.com\\\/avatar\\\/57de8e5d4b15d43fb361a71fbb36338450fe67865b528a43dd10ef7c51a20392?s=96&d=mm&r=g\",\"contentUrl\":\"https:\\\/\\\/secure.gravatar.com\\\/avatar\\\/57de8e5d4b15d43fb361a71fbb36338450fe67865b528a43dd10ef7c51a20392?s=96&d=mm&r=g\",\"caption\":\"La Sentinelle\"},\"sameAs\":[\"http:\\\/\\\/www.lasentinelle.dz\"],\"url\":\"https:\\\/\\\/lasentinelle.dz\\\/author\\\/redaction\\\/\"}]}<\/script>\n<!-- \/ Yoast SEO plugin. -->","yoast_head_json":{"title":"L\u2019occupant marocain renforce la r\u00e9pression contre les civils sahraouis - La Sentinelle","robots":{"index":"index","follow":"follow","max-snippet":"max-snippet:-1","max-image-preview":"max-image-preview:large","max-video-preview":"max-video-preview:-1"},"canonical":"https:\/\/lasentinelle.dz\/index.php\/2023\/09\/05\/loccupant-marocain-renforce-la-repression-contre-les-civils-sahraouis\/","og_locale":"fr_FR","og_type":"article","og_title":"L\u2019occupant marocain renforce la r\u00e9pression contre les civils sahraouis - La Sentinelle","og_description":"L&rsquo;Envoy\u00e9 personnel du Secr\u00e9taire g\u00e9n\u00e9ral des Nations Unies pour le Sahara occidental, M. Staffan de Mistura, est arriv\u00e9 lundi, dans","og_url":"https:\/\/lasentinelle.dz\/index.php\/2023\/09\/05\/loccupant-marocain-renforce-la-repression-contre-les-civils-sahraouis\/","og_site_name":"La Sentinelle","article_publisher":"https:\/\/www.facebook.com\/La-Sentinelle-104059864394773","article_published_time":"2023-09-05T20:50:05+00:00","article_modified_time":"2023-09-05T20:55:34+00:00","og_image":[{"width":580,"height":350,"url":"https:\/\/lasentinelle.dz\/wp-content\/uploads\/2023\/09\/repression.jpeg","type":"image\/jpeg"}],"author":"La Sentinelle","twitter_card":"summary_large_image","twitter_misc":{"\u00c9crit par":"La Sentinelle","Dur\u00e9e de lecture estim\u00e9e":"4 minutes"},"schema":{"@context":"https:\/\/schema.org","@graph":[{"@type":"Article","@id":"https:\/\/lasentinelle.dz\/index.php\/2023\/09\/05\/loccupant-marocain-renforce-la-repression-contre-les-civils-sahraouis\/#article","isPartOf":{"@id":"https:\/\/lasentinelle.dz\/index.php\/2023\/09\/05\/loccupant-marocain-renforce-la-repression-contre-les-civils-sahraouis\/"},"author":{"name":"La Sentinelle","@id":"https:\/\/lasentinelle.dz\/#\/schema\/person\/d865044e22e70a75174ce8bcad3acfb3"},"headline":"L\u2019occupant marocain renforce la r\u00e9pression contre les civils sahraouis","datePublished":"2023-09-05T20:50:05+00:00","dateModified":"2023-09-05T20:55:34+00:00","mainEntityOfPage":{"@id":"https:\/\/lasentinelle.dz\/index.php\/2023\/09\/05\/loccupant-marocain-renforce-la-repression-contre-les-civils-sahraouis\/"},"wordCount":898,"commentCount":0,"publisher":{"@id":"https:\/\/lasentinelle.dz\/#organization"},"image":{"@id":"https:\/\/lasentinelle.dz\/index.php\/2023\/09\/05\/loccupant-marocain-renforce-la-repression-contre-les-civils-sahraouis\/#primaryimage"},"thumbnailUrl":"https:\/\/lasentinelle.dz\/wp-content\/uploads\/2023\/09\/repression.jpeg","articleSection":["Actualit\u00e9"],"inLanguage":"fr-FR","potentialAction":[{"@type":"CommentAction","name":"Comment","target":["https:\/\/lasentinelle.dz\/index.php\/2023\/09\/05\/loccupant-marocain-renforce-la-repression-contre-les-civils-sahraouis\/#respond"]}]},{"@type":"WebPage","@id":"https:\/\/lasentinelle.dz\/index.php\/2023\/09\/05\/loccupant-marocain-renforce-la-repression-contre-les-civils-sahraouis\/","url":"https:\/\/lasentinelle.dz\/index.php\/2023\/09\/05\/loccupant-marocain-renforce-la-repression-contre-les-civils-sahraouis\/","name":"L\u2019occupant marocain renforce la r\u00e9pression contre les civils sahraouis - La Sentinelle","isPartOf":{"@id":"https:\/\/lasentinelle.dz\/#website"},"primaryImageOfPage":{"@id":"https:\/\/lasentinelle.dz\/index.php\/2023\/09\/05\/loccupant-marocain-renforce-la-repression-contre-les-civils-sahraouis\/#primaryimage"},"image":{"@id":"https:\/\/lasentinelle.dz\/index.php\/2023\/09\/05\/loccupant-marocain-renforce-la-repression-contre-les-civils-sahraouis\/#primaryimage"},"thumbnailUrl":"https:\/\/lasentinelle.dz\/wp-content\/uploads\/2023\/09\/repression.jpeg","datePublished":"2023-09-05T20:50:05+00:00","dateModified":"2023-09-05T20:55:34+00:00","breadcrumb":{"@id":"https:\/\/lasentinelle.dz\/index.php\/2023\/09\/05\/loccupant-marocain-renforce-la-repression-contre-les-civils-sahraouis\/#breadcrumb"},"inLanguage":"fr-FR","potentialAction":[{"@type":"ReadAction","target":["https:\/\/lasentinelle.dz\/index.php\/2023\/09\/05\/loccupant-marocain-renforce-la-repression-contre-les-civils-sahraouis\/"]}]},{"@type":"ImageObject","inLanguage":"fr-FR","@id":"https:\/\/lasentinelle.dz\/index.php\/2023\/09\/05\/loccupant-marocain-renforce-la-repression-contre-les-civils-sahraouis\/#primaryimage","url":"https:\/\/lasentinelle.dz\/wp-content\/uploads\/2023\/09\/repression.jpeg","contentUrl":"https:\/\/lasentinelle.dz\/wp-content\/uploads\/2023\/09\/repression.jpeg","width":580,"height":350},{"@type":"BreadcrumbList","@id":"https:\/\/lasentinelle.dz\/index.php\/2023\/09\/05\/loccupant-marocain-renforce-la-repression-contre-les-civils-sahraouis\/#breadcrumb","itemListElement":[{"@type":"ListItem","position":1,"name":"Accueil","item":"https:\/\/lasentinelle.dz\/"},{"@type":"ListItem","position":2,"name":"L\u2019occupant marocain renforce la r\u00e9pression contre les civils sahraouis"}]},{"@type":"WebSite","@id":"https:\/\/lasentinelle.dz\/#website","url":"https:\/\/lasentinelle.dz\/","name":"La Sentinelle","description":"Quotidien national d&#039;information","publisher":{"@id":"https:\/\/lasentinelle.dz\/#organization"},"potentialAction":[{"@type":"SearchAction","target":{"@type":"EntryPoint","urlTemplate":"https:\/\/lasentinelle.dz\/?s={search_term_string}"},"query-input":{"@type":"PropertyValueSpecification","valueRequired":true,"valueName":"search_term_string"}}],"inLanguage":"fr-FR"},{"@type":"Organization","@id":"https:\/\/lasentinelle.dz\/#organization","name":"Quotidien La Sentinelle","url":"https:\/\/lasentinelle.dz\/","logo":{"@type":"ImageObject","inLanguage":"fr-FR","@id":"https:\/\/lasentinelle.dz\/#\/schema\/logo\/image\/","url":"https:\/\/lasentinelle.dz\/wp-content\/uploads\/2021\/09\/logo-sentinelleSLOGAN-1.png","contentUrl":"https:\/\/lasentinelle.dz\/wp-content\/uploads\/2021\/09\/logo-sentinelleSLOGAN-1.png","width":615,"height":142,"caption":"Quotidien La Sentinelle"},"image":{"@id":"https:\/\/lasentinelle.dz\/#\/schema\/logo\/image\/"},"sameAs":["https:\/\/www.facebook.com\/La-Sentinelle-104059864394773"]},{"@type":"Person","@id":"https:\/\/lasentinelle.dz\/#\/schema\/person\/d865044e22e70a75174ce8bcad3acfb3","name":"La Sentinelle","image":{"@type":"ImageObject","inLanguage":"fr-FR","@id":"https:\/\/secure.gravatar.com\/avatar\/57de8e5d4b15d43fb361a71fbb36338450fe67865b528a43dd10ef7c51a20392?s=96&d=mm&r=g","url":"https:\/\/secure.gravatar.com\/avatar\/57de8e5d4b15d43fb361a71fbb36338450fe67865b528a43dd10ef7c51a20392?s=96&d=mm&r=g","contentUrl":"https:\/\/secure.gravatar.com\/avatar\/57de8e5d4b15d43fb361a71fbb36338450fe67865b528a43dd10ef7c51a20392?s=96&d=mm&r=g","caption":"La Sentinelle"},"sameAs":["http:\/\/www.lasentinelle.dz"],"url":"https:\/\/lasentinelle.dz\/author\/redaction\/"}]}},"_links":{"self":[{"href":"https:\/\/lasentinelle.dz\/index.php\/wp-json\/wp\/v2\/posts\/45306","targetHints":{"allow":["GET"]}}],"collection":[{"href":"https:\/\/lasentinelle.dz\/index.php\/wp-json\/wp\/v2\/posts"}],"about":[{"href":"https:\/\/lasentinelle.dz\/index.php\/wp-json\/wp\/v2\/types\/post"}],"author":[{"embeddable":true,"href":"https:\/\/lasentinelle.dz\/index.php\/wp-json\/wp\/v2\/users\/3"}],"replies":[{"embeddable":true,"href":"https:\/\/lasentinelle.dz\/index.php\/wp-json\/wp\/v2\/comments?post=45306"}],"version-history":[{"count":1,"href":"https:\/\/lasentinelle.dz\/index.php\/wp-json\/wp\/v2\/posts\/45306\/revisions"}],"predecessor-version":[{"id":45308,"href":"https:\/\/lasentinelle.dz\/index.php\/wp-json\/wp\/v2\/posts\/45306\/revisions\/45308"}],"wp:featuredmedia":[{"embeddable":true,"href":"https:\/\/lasentinelle.dz\/index.php\/wp-json\/wp\/v2\/media\/45307"}],"wp:attachment":[{"href":"https:\/\/lasentinelle.dz\/index.php\/wp-json\/wp\/v2\/media?parent=45306"}],"wp:term":[{"taxonomy":"category","embeddable":true,"href":"https:\/\/lasentinelle.dz\/index.php\/wp-json\/wp\/v2\/categories?post=45306"},{"taxonomy":"post_tag","embeddable":true,"href":"https:\/\/lasentinelle.dz\/index.php\/wp-json\/wp\/v2\/tags?post=45306"}],"curies":[{"name":"wp","href":"https:\/\/api.w.org\/{rel}","templated":true}]}}