{"id":45309,"date":"2023-09-05T21:52:53","date_gmt":"2023-09-05T20:52:53","guid":{"rendered":"https:\/\/lasentinelle.dz\/?p=45309"},"modified":"2023-09-05T21:55:17","modified_gmt":"2023-09-05T20:55:17","slug":"affaire-des-jet-skieurs-marocains-lalgerie-cible-dune-campagne-de-desinformation","status":"publish","type":"post","link":"https:\/\/lasentinelle.dz\/index.php\/2023\/09\/05\/affaire-des-jet-skieurs-marocains-lalgerie-cible-dune-campagne-de-desinformation\/","title":{"rendered":"Affaire des Jet-skieurs marocains\u00a0: L\u2019Alg\u00e9rie cible d\u2019une campagne de d\u00e9sinformation"},"content":{"rendered":"\n<p>Le Makhzen et ses relais m\u00e9diatiques aussi bien au Maroc qu\u2019en France orchestrent depuis quelques jours une campagne de d\u00e9sinformation \u00e0 grande \u00e9chelle qui cible l\u2019Alg\u00e9rie et plus pr\u00e9cis\u00e9ment l\u2019Arm\u00e9e nationale populaire en instrumentalisant l\u2019affaire des jet-skieurs marocains qui ont transgress\u00e9 de mani\u00e8re claire les eaux territoriales alg\u00e9riennes.<\/p>\n\n\n\n<p>Voil\u00e0 une affaire que les services marocains et leurs relais cherchent \u00e0 monter en \u00e9pingle pour donner l\u2019image d\u2019une action l\u00e9gitime des forces en charge de d\u00e9fense du territoire national en acte criminel. Depuis quelques jours les groupes financ\u00e9s par le Makhzen ont pris d\u2019assaut les r\u00e9seaux sociaux pour tenter de pointer du doigt l\u2019Alg\u00e9rie \u00e0 travers une campagne de d\u00e9sinformation concernant l\u2019affaire dite des jet-skieurs qui ont transgress\u00e9 les eaux territoriales nationales. Ils diffusent depuis lors un t\u00e9moignage bourr\u00e9 de contradictions, et dont le sc\u00e9nario a \u00e9t\u00e9 clairement \u00e9crit par les services marocains \u00e0 propos de cette affaire. Un t\u00e9moignage largement relay\u00e9 depuis par les m\u00e9dias mainstream en France. Des m\u00e9dias qui d\u00e9livrent de l\u2019affaire un r\u00e9cit qui doit susciter une certaine stup\u00e9faction. Une affaire que ces m\u00eames m\u00e9dias pr\u00e9sentent comme l\u2019incident de Saidia, plage marocaine situ\u00e9e \u00e0 la fronti\u00e8re avec l\u2019Alg\u00e9rie. Un \u00e9l\u00e9ment de langage loin d\u2019\u00eatre innocent d\u2019ailleurs et destin\u00e9 \u00e0 faire l\u2019impasse sur le fait que les \u00e9v\u00e8nements en eu lieu en territoire alg\u00e9rien et que l\u2019affaire est li\u00e9e \u00e0 un acte de transgression du territoire d\u2019un \u00c9tat souverain et au refus des jet-skieurs en question d\u2019obtemp\u00e9rer aux avertissements sonores des Garde-C\u00f4tes alg\u00e9riens. D\u2019ailleurs, le minist\u00e8re de la D\u00e9fense nationale a soulign\u00e9 dans sa mise au point publi\u00e9e dimanche les faits. \u00ab Lors d\u2019une patrouille de s\u00e9curisation et de contr\u00f4le au niveau de nos eaux territoriales, une unit\u00e9 des Garde-c\u00f4tes, relevant de la Fa\u00e7ade Maritime Ouest\/2\u00e8me RM, a intercept\u00e9, dans la soir\u00e9e du mardi 29 ao\u00fbt 2023 \u00e0 19H47, trois (03) jet-skis ayant franchi clandestinement nos eaux territoriales. Apr\u00e8s avoir lanc\u00e9 un avertissement sonore et les avoir somm\u00e9s de s\u2019arr\u00eater \u00e0 plusieurs reprises, les mis en cause ont refus\u00e9 d\u2019obtemp\u00e9rer et ont pris la fuite en effectuant des man\u0153uvres dangereuses \u00bb, note le communiqu\u00e9 du MDN.<\/p>\n\n\n\n<p>Une vid\u00e9o qui a document\u00e9 l\u2019\u00e9v\u00e9nement a d\u2019ailleurs \u00e9t\u00e9 post\u00e9e sur le r\u00e9seau social YouTube et a confirm\u00e9 les faits relat\u00e9s par le MDN dans son communiqu\u00e9. Elle d\u00e9montre clairement que les Jet-skieurs en question ont refus\u00e9 d\u2019obtemp\u00e9rer et se sont \u00e9vertu\u00e9s \u00e0 provoquer les Garde-C\u00f4tes. Mieux encore, cette vid\u00e9o d\u00e9ment la version donn\u00e9e par le t\u00e9moignage marocain relay\u00e9 par les m\u00e9dias mainstream qui cherchent \u00e0 pr\u00e9senter les Jet-Skieurs qui ont transgress\u00e9 la fronti\u00e8re d\u2019un pays voisin comme \u00e9tant des victimes qui se sont perdues dans le noir. La vid\u00e9o en question d\u00e9montre que les faits sont intervenus bel et bien \u00e0 la lumi\u00e8re du jour et \u00e0 quelques brasses de la plage marocaine de Saidia.<\/p>\n\n\n\n<p><strong>Une affaire de droit maritime<\/strong><\/p>\n\n\n\n<p>Cependant et curieusement la vid\u00e9o film\u00e9e par des estivants alg\u00e9riens d\u00e9montrant clairement la provocation des jets skieurs d\u00e9fiant les autorit\u00e9s maritimes alg\u00e9riennes a vite \u00e9t\u00e9 supprim\u00e9e par le r\u00e9seau YouTube et a \u00e9t\u00e9 remplac\u00e9 par une version tronqu\u00e9e et manipul\u00e9e post\u00e9e par des youtubeurs marocains pour tenter d\u2019incriminer les Garde-C\u00f4tes alg\u00e9riens. La preuve encore que l\u2019intention malveillante est bien pr\u00e9sente et qu\u2019il s\u2019agit d\u2019un acte provocateur pour cibler les forces arm\u00e9es alg\u00e9riennes. D\u2019ailleurs les r\u00e9seaux du Makhzen se sont activ\u00e9s pour pousser \u00e0 l\u2019ouverture d\u2019une enqu\u00eate criminelle sur cette affaire en France. Une enqu\u00eate annonc\u00e9e comme \u00e9tant le \u00ab Miroir \u00bb de celle engag\u00e9e par le r\u00e9gime marocain. Les m\u00e9dias mainstream fran\u00e7ais se sont d\u2019ailleurs affair\u00e9s \u00e0 justifier l\u2019ouverture d\u2019une telle enqu\u00eate sur cette affaire, bien qu\u2019elle ne rel\u00e8ve aucunement des juridictions cit\u00e9es. Le fait est que l\u2019incident des jet-skieurs rel\u00e8ve exclusivement du droit maritime r\u00e9gi par la convention de Montego Bay de 1982, car il s\u2019agit d\u2019une transgression des eaux territoriales d\u2019un \u00c9tat souverain. Au sens du droit maritime les eaux territoriales font juridiquement partie d\u2019un \u00c9tat, qui y exerce sa pleine souverainet\u00e9 en mati\u00e8re de police, de d\u00e9fense, ou encore d\u2019am\u00e9nagement. La p\u00e9n\u00e9tration d\u2019un quelconque navire ou v\u00e9hicule \u00e9tranger est d\u00e8s lors consid\u00e9r\u00e9e comme une agression. Les arguments pr\u00e9sent\u00e9s par la propagande makhzenienne \u00e0 propos de cette affaire ne repose donc sur aucun fait plausible. Et la r\u00e9action des Garde-C\u00f4tes est parfaitement justifi\u00e9e, au regard du refus d\u2019obtemp\u00e9rer des jets-skieurs, mais aussi au regard de la prolif\u00e9ration des activit\u00e9s criminelles li\u00e9es au narcotrafic et \u00e0 l\u2019immigration clandestine au niveau des fronti\u00e8res qui s\u00e9parent le Maroc de ses voisins. Les jets skis sont d\u2019ailleurs devenus des outils largement utilis\u00e9s par ces r\u00e9seaux criminels et dont l\u2019usage s\u2019est propag\u00e9 ces derni\u00e8res ann\u00e9es. Les r\u00e9seaux criminels choisissent de s\u2019immiscer au milieu de vacanciers au niveau des plages en \u00e9t\u00e9, d\u2019autant plus que ces derniers b\u00e9n\u00e9ficient apparemment du laxisme des autorit\u00e9s marocaines \u00e0 ce niveau. D\u2019ailleurs, les Garde-C\u00f4tes espagnols ont lanc\u00e9 la chasse aux jets-skis marocains dans le cadre des op\u00e9rations de lutte contre l\u2019immigration clandestine.<\/p>\n\n\n\n<p><strong>Lyes Sa\u00efdi<\/strong><\/p>\n","protected":false},"excerpt":{"rendered":"<p>Le Makhzen et ses relais m\u00e9diatiques aussi bien au Maroc qu\u2019en France orchestrent depuis quelques jours une campagne de d\u00e9sinformation<\/p>\n","protected":false},"author":3,"featured_media":45310,"comment_status":"open","ping_status":"closed","sticky":false,"template":"","format":"standard","meta":{"colormag_page_container_layout":"default_layout","colormag_page_sidebar_layout":"default_layout","om_disable_all_campaigns":false,"_monsterinsights_skip_tracking":false,"_monsterinsights_sitenote_active":false,"_monsterinsights_sitenote_note":"","_monsterinsights_sitenote_category":0,"footnotes":"","_wpscppro_dont_share_socialmedia":false,"_wpscppro_custom_social_share_image":0,"_facebook_share_type":"","_twitter_share_type":"","_linkedin_share_type":"","_pinterest_share_type":"","_linkedin_share_type_page":"","_instagram_share_type":"","_medium_share_type":"","_threads_share_type":"","_google_business_share_type":"","_selected_social_profile":[],"_wpsp_enable_custom_social_template":false,"_wpsp_social_scheduling":{"enabled":false,"datetime":null,"platforms":[],"status":"template_only","dateOption":"today","timeOption":"now","customDays":"","customHours":"","customDate":"","customTime":"","schedulingType":"absolute"},"_wpsp_active_default_template":true},"categories":[52,27],"tags":[],"class_list":["post-45309","post","type-post","status-publish","format-standard","has-post-thumbnail","hentry","category-a-la-une","category-actualite"],"aioseo_notices":[],"yoast_head":"<!-- This site is optimized with the Yoast SEO plugin v27.5 - https:\/\/yoast.com\/product\/yoast-seo-wordpress\/ -->\n<title>Affaire des Jet-skieurs marocains\u00a0: L\u2019Alg\u00e9rie cible d\u2019une campagne de d\u00e9sinformation - La Sentinelle<\/title>\n<meta name=\"robots\" content=\"index, follow, max-snippet:-1, max-image-preview:large, max-video-preview:-1\" \/>\n<link rel=\"canonical\" href=\"https:\/\/lasentinelle.dz\/index.php\/2023\/09\/05\/affaire-des-jet-skieurs-marocains-lalgerie-cible-dune-campagne-de-desinformation\/\" \/>\n<meta property=\"og:locale\" content=\"fr_FR\" \/>\n<meta property=\"og:type\" content=\"article\" \/>\n<meta property=\"og:title\" content=\"Affaire des Jet-skieurs marocains\u00a0: L\u2019Alg\u00e9rie cible d\u2019une campagne de d\u00e9sinformation - La Sentinelle\" \/>\n<meta property=\"og:description\" content=\"Le Makhzen et ses relais m\u00e9diatiques aussi bien au Maroc qu\u2019en France orchestrent depuis quelques jours une campagne de d\u00e9sinformation\" \/>\n<meta property=\"og:url\" content=\"https:\/\/lasentinelle.dz\/index.php\/2023\/09\/05\/affaire-des-jet-skieurs-marocains-lalgerie-cible-dune-campagne-de-desinformation\/\" \/>\n<meta property=\"og:site_name\" content=\"La Sentinelle\" \/>\n<meta property=\"article:publisher\" content=\"https:\/\/www.facebook.com\/La-Sentinelle-104059864394773\" \/>\n<meta property=\"article:published_time\" content=\"2023-09-05T20:52:53+00:00\" \/>\n<meta property=\"article:modified_time\" content=\"2023-09-05T20:55:17+00:00\" \/>\n<meta property=\"og:image\" content=\"https:\/\/lasentinelle.dz\/wp-content\/uploads\/2023\/09\/Desinformation.jpeg\" \/>\n\t<meta property=\"og:image:width\" content=\"634\" \/>\n\t<meta property=\"og:image:height\" content=\"390\" \/>\n\t<meta property=\"og:image:type\" content=\"image\/jpeg\" \/>\n<meta name=\"author\" content=\"La Sentinelle\" \/>\n<meta name=\"twitter:card\" content=\"summary_large_image\" \/>\n<meta name=\"twitter:label1\" content=\"\u00c9crit par\" \/>\n\t<meta name=\"twitter:data1\" content=\"La Sentinelle\" \/>\n\t<meta name=\"twitter:label2\" content=\"Dur\u00e9e de lecture estim\u00e9e\" \/>\n\t<meta name=\"twitter:data2\" content=\"5 minutes\" \/>\n<script type=\"application\/ld+json\" class=\"yoast-schema-graph\">{\"@context\":\"https:\\\/\\\/schema.org\",\"@graph\":[{\"@type\":\"Article\",\"@id\":\"https:\\\/\\\/lasentinelle.dz\\\/index.php\\\/2023\\\/09\\\/05\\\/affaire-des-jet-skieurs-marocains-lalgerie-cible-dune-campagne-de-desinformation\\\/#article\",\"isPartOf\":{\"@id\":\"https:\\\/\\\/lasentinelle.dz\\\/index.php\\\/2023\\\/09\\\/05\\\/affaire-des-jet-skieurs-marocains-lalgerie-cible-dune-campagne-de-desinformation\\\/\"},\"author\":{\"name\":\"La Sentinelle\",\"@id\":\"https:\\\/\\\/lasentinelle.dz\\\/#\\\/schema\\\/person\\\/d865044e22e70a75174ce8bcad3acfb3\"},\"headline\":\"Affaire des Jet-skieurs marocains\u00a0: L\u2019Alg\u00e9rie cible d\u2019une campagne de d\u00e9sinformation\",\"datePublished\":\"2023-09-05T20:52:53+00:00\",\"dateModified\":\"2023-09-05T20:55:17+00:00\",\"mainEntityOfPage\":{\"@id\":\"https:\\\/\\\/lasentinelle.dz\\\/index.php\\\/2023\\\/09\\\/05\\\/affaire-des-jet-skieurs-marocains-lalgerie-cible-dune-campagne-de-desinformation\\\/\"},\"wordCount\":989,\"commentCount\":0,\"publisher\":{\"@id\":\"https:\\\/\\\/lasentinelle.dz\\\/#organization\"},\"image\":{\"@id\":\"https:\\\/\\\/lasentinelle.dz\\\/index.php\\\/2023\\\/09\\\/05\\\/affaire-des-jet-skieurs-marocains-lalgerie-cible-dune-campagne-de-desinformation\\\/#primaryimage\"},\"thumbnailUrl\":\"https:\\\/\\\/lasentinelle.dz\\\/wp-content\\\/uploads\\\/2023\\\/09\\\/Desinformation.jpeg\",\"articleSection\":[\"\u00c0 la Une\",\"Actualit\u00e9\"],\"inLanguage\":\"fr-FR\",\"potentialAction\":[{\"@type\":\"CommentAction\",\"name\":\"Comment\",\"target\":[\"https:\\\/\\\/lasentinelle.dz\\\/index.php\\\/2023\\\/09\\\/05\\\/affaire-des-jet-skieurs-marocains-lalgerie-cible-dune-campagne-de-desinformation\\\/#respond\"]}]},{\"@type\":\"WebPage\",\"@id\":\"https:\\\/\\\/lasentinelle.dz\\\/index.php\\\/2023\\\/09\\\/05\\\/affaire-des-jet-skieurs-marocains-lalgerie-cible-dune-campagne-de-desinformation\\\/\",\"url\":\"https:\\\/\\\/lasentinelle.dz\\\/index.php\\\/2023\\\/09\\\/05\\\/affaire-des-jet-skieurs-marocains-lalgerie-cible-dune-campagne-de-desinformation\\\/\",\"name\":\"Affaire des Jet-skieurs marocains\u00a0: L\u2019Alg\u00e9rie cible d\u2019une campagne de d\u00e9sinformation - La Sentinelle\",\"isPartOf\":{\"@id\":\"https:\\\/\\\/lasentinelle.dz\\\/#website\"},\"primaryImageOfPage\":{\"@id\":\"https:\\\/\\\/lasentinelle.dz\\\/index.php\\\/2023\\\/09\\\/05\\\/affaire-des-jet-skieurs-marocains-lalgerie-cible-dune-campagne-de-desinformation\\\/#primaryimage\"},\"image\":{\"@id\":\"https:\\\/\\\/lasentinelle.dz\\\/index.php\\\/2023\\\/09\\\/05\\\/affaire-des-jet-skieurs-marocains-lalgerie-cible-dune-campagne-de-desinformation\\\/#primaryimage\"},\"thumbnailUrl\":\"https:\\\/\\\/lasentinelle.dz\\\/wp-content\\\/uploads\\\/2023\\\/09\\\/Desinformation.jpeg\",\"datePublished\":\"2023-09-05T20:52:53+00:00\",\"dateModified\":\"2023-09-05T20:55:17+00:00\",\"breadcrumb\":{\"@id\":\"https:\\\/\\\/lasentinelle.dz\\\/index.php\\\/2023\\\/09\\\/05\\\/affaire-des-jet-skieurs-marocains-lalgerie-cible-dune-campagne-de-desinformation\\\/#breadcrumb\"},\"inLanguage\":\"fr-FR\",\"potentialAction\":[{\"@type\":\"ReadAction\",\"target\":[\"https:\\\/\\\/lasentinelle.dz\\\/index.php\\\/2023\\\/09\\\/05\\\/affaire-des-jet-skieurs-marocains-lalgerie-cible-dune-campagne-de-desinformation\\\/\"]}]},{\"@type\":\"ImageObject\",\"inLanguage\":\"fr-FR\",\"@id\":\"https:\\\/\\\/lasentinelle.dz\\\/index.php\\\/2023\\\/09\\\/05\\\/affaire-des-jet-skieurs-marocains-lalgerie-cible-dune-campagne-de-desinformation\\\/#primaryimage\",\"url\":\"https:\\\/\\\/lasentinelle.dz\\\/wp-content\\\/uploads\\\/2023\\\/09\\\/Desinformation.jpeg\",\"contentUrl\":\"https:\\\/\\\/lasentinelle.dz\\\/wp-content\\\/uploads\\\/2023\\\/09\\\/Desinformation.jpeg\",\"width\":634,\"height\":390},{\"@type\":\"BreadcrumbList\",\"@id\":\"https:\\\/\\\/lasentinelle.dz\\\/index.php\\\/2023\\\/09\\\/05\\\/affaire-des-jet-skieurs-marocains-lalgerie-cible-dune-campagne-de-desinformation\\\/#breadcrumb\",\"itemListElement\":[{\"@type\":\"ListItem\",\"position\":1,\"name\":\"Accueil\",\"item\":\"https:\\\/\\\/lasentinelle.dz\\\/\"},{\"@type\":\"ListItem\",\"position\":2,\"name\":\"Affaire des Jet-skieurs marocains\u00a0: L\u2019Alg\u00e9rie cible d\u2019une campagne de d\u00e9sinformation\"}]},{\"@type\":\"WebSite\",\"@id\":\"https:\\\/\\\/lasentinelle.dz\\\/#website\",\"url\":\"https:\\\/\\\/lasentinelle.dz\\\/\",\"name\":\"La Sentinelle\",\"description\":\"Quotidien national d&#039;information\",\"publisher\":{\"@id\":\"https:\\\/\\\/lasentinelle.dz\\\/#organization\"},\"potentialAction\":[{\"@type\":\"SearchAction\",\"target\":{\"@type\":\"EntryPoint\",\"urlTemplate\":\"https:\\\/\\\/lasentinelle.dz\\\/?s={search_term_string}\"},\"query-input\":{\"@type\":\"PropertyValueSpecification\",\"valueRequired\":true,\"valueName\":\"search_term_string\"}}],\"inLanguage\":\"fr-FR\"},{\"@type\":\"Organization\",\"@id\":\"https:\\\/\\\/lasentinelle.dz\\\/#organization\",\"name\":\"Quotidien La Sentinelle\",\"url\":\"https:\\\/\\\/lasentinelle.dz\\\/\",\"logo\":{\"@type\":\"ImageObject\",\"inLanguage\":\"fr-FR\",\"@id\":\"https:\\\/\\\/lasentinelle.dz\\\/#\\\/schema\\\/logo\\\/image\\\/\",\"url\":\"https:\\\/\\\/lasentinelle.dz\\\/wp-content\\\/uploads\\\/2021\\\/09\\\/logo-sentinelleSLOGAN-1.png\",\"contentUrl\":\"https:\\\/\\\/lasentinelle.dz\\\/wp-content\\\/uploads\\\/2021\\\/09\\\/logo-sentinelleSLOGAN-1.png\",\"width\":615,\"height\":142,\"caption\":\"Quotidien La Sentinelle\"},\"image\":{\"@id\":\"https:\\\/\\\/lasentinelle.dz\\\/#\\\/schema\\\/logo\\\/image\\\/\"},\"sameAs\":[\"https:\\\/\\\/www.facebook.com\\\/La-Sentinelle-104059864394773\"]},{\"@type\":\"Person\",\"@id\":\"https:\\\/\\\/lasentinelle.dz\\\/#\\\/schema\\\/person\\\/d865044e22e70a75174ce8bcad3acfb3\",\"name\":\"La Sentinelle\",\"image\":{\"@type\":\"ImageObject\",\"inLanguage\":\"fr-FR\",\"@id\":\"https:\\\/\\\/secure.gravatar.com\\\/avatar\\\/57de8e5d4b15d43fb361a71fbb36338450fe67865b528a43dd10ef7c51a20392?s=96&d=mm&r=g\",\"url\":\"https:\\\/\\\/secure.gravatar.com\\\/avatar\\\/57de8e5d4b15d43fb361a71fbb36338450fe67865b528a43dd10ef7c51a20392?s=96&d=mm&r=g\",\"contentUrl\":\"https:\\\/\\\/secure.gravatar.com\\\/avatar\\\/57de8e5d4b15d43fb361a71fbb36338450fe67865b528a43dd10ef7c51a20392?s=96&d=mm&r=g\",\"caption\":\"La Sentinelle\"},\"sameAs\":[\"http:\\\/\\\/www.lasentinelle.dz\"],\"url\":\"https:\\\/\\\/lasentinelle.dz\\\/author\\\/redaction\\\/\"}]}<\/script>\n<!-- \/ Yoast SEO plugin. -->","yoast_head_json":{"title":"Affaire des Jet-skieurs marocains\u00a0: L\u2019Alg\u00e9rie cible d\u2019une campagne de d\u00e9sinformation - La Sentinelle","robots":{"index":"index","follow":"follow","max-snippet":"max-snippet:-1","max-image-preview":"max-image-preview:large","max-video-preview":"max-video-preview:-1"},"canonical":"https:\/\/lasentinelle.dz\/index.php\/2023\/09\/05\/affaire-des-jet-skieurs-marocains-lalgerie-cible-dune-campagne-de-desinformation\/","og_locale":"fr_FR","og_type":"article","og_title":"Affaire des Jet-skieurs marocains\u00a0: L\u2019Alg\u00e9rie cible d\u2019une campagne de d\u00e9sinformation - La Sentinelle","og_description":"Le Makhzen et ses relais m\u00e9diatiques aussi bien au Maroc qu\u2019en France orchestrent depuis quelques jours une campagne de d\u00e9sinformation","og_url":"https:\/\/lasentinelle.dz\/index.php\/2023\/09\/05\/affaire-des-jet-skieurs-marocains-lalgerie-cible-dune-campagne-de-desinformation\/","og_site_name":"La Sentinelle","article_publisher":"https:\/\/www.facebook.com\/La-Sentinelle-104059864394773","article_published_time":"2023-09-05T20:52:53+00:00","article_modified_time":"2023-09-05T20:55:17+00:00","og_image":[{"width":634,"height":390,"url":"https:\/\/lasentinelle.dz\/wp-content\/uploads\/2023\/09\/Desinformation.jpeg","type":"image\/jpeg"}],"author":"La Sentinelle","twitter_card":"summary_large_image","twitter_misc":{"\u00c9crit par":"La Sentinelle","Dur\u00e9e de lecture estim\u00e9e":"5 minutes"},"schema":{"@context":"https:\/\/schema.org","@graph":[{"@type":"Article","@id":"https:\/\/lasentinelle.dz\/index.php\/2023\/09\/05\/affaire-des-jet-skieurs-marocains-lalgerie-cible-dune-campagne-de-desinformation\/#article","isPartOf":{"@id":"https:\/\/lasentinelle.dz\/index.php\/2023\/09\/05\/affaire-des-jet-skieurs-marocains-lalgerie-cible-dune-campagne-de-desinformation\/"},"author":{"name":"La Sentinelle","@id":"https:\/\/lasentinelle.dz\/#\/schema\/person\/d865044e22e70a75174ce8bcad3acfb3"},"headline":"Affaire des Jet-skieurs marocains\u00a0: L\u2019Alg\u00e9rie cible d\u2019une campagne de d\u00e9sinformation","datePublished":"2023-09-05T20:52:53+00:00","dateModified":"2023-09-05T20:55:17+00:00","mainEntityOfPage":{"@id":"https:\/\/lasentinelle.dz\/index.php\/2023\/09\/05\/affaire-des-jet-skieurs-marocains-lalgerie-cible-dune-campagne-de-desinformation\/"},"wordCount":989,"commentCount":0,"publisher":{"@id":"https:\/\/lasentinelle.dz\/#organization"},"image":{"@id":"https:\/\/lasentinelle.dz\/index.php\/2023\/09\/05\/affaire-des-jet-skieurs-marocains-lalgerie-cible-dune-campagne-de-desinformation\/#primaryimage"},"thumbnailUrl":"https:\/\/lasentinelle.dz\/wp-content\/uploads\/2023\/09\/Desinformation.jpeg","articleSection":["\u00c0 la Une","Actualit\u00e9"],"inLanguage":"fr-FR","potentialAction":[{"@type":"CommentAction","name":"Comment","target":["https:\/\/lasentinelle.dz\/index.php\/2023\/09\/05\/affaire-des-jet-skieurs-marocains-lalgerie-cible-dune-campagne-de-desinformation\/#respond"]}]},{"@type":"WebPage","@id":"https:\/\/lasentinelle.dz\/index.php\/2023\/09\/05\/affaire-des-jet-skieurs-marocains-lalgerie-cible-dune-campagne-de-desinformation\/","url":"https:\/\/lasentinelle.dz\/index.php\/2023\/09\/05\/affaire-des-jet-skieurs-marocains-lalgerie-cible-dune-campagne-de-desinformation\/","name":"Affaire des Jet-skieurs marocains\u00a0: L\u2019Alg\u00e9rie cible d\u2019une campagne de d\u00e9sinformation - La Sentinelle","isPartOf":{"@id":"https:\/\/lasentinelle.dz\/#website"},"primaryImageOfPage":{"@id":"https:\/\/lasentinelle.dz\/index.php\/2023\/09\/05\/affaire-des-jet-skieurs-marocains-lalgerie-cible-dune-campagne-de-desinformation\/#primaryimage"},"image":{"@id":"https:\/\/lasentinelle.dz\/index.php\/2023\/09\/05\/affaire-des-jet-skieurs-marocains-lalgerie-cible-dune-campagne-de-desinformation\/#primaryimage"},"thumbnailUrl":"https:\/\/lasentinelle.dz\/wp-content\/uploads\/2023\/09\/Desinformation.jpeg","datePublished":"2023-09-05T20:52:53+00:00","dateModified":"2023-09-05T20:55:17+00:00","breadcrumb":{"@id":"https:\/\/lasentinelle.dz\/index.php\/2023\/09\/05\/affaire-des-jet-skieurs-marocains-lalgerie-cible-dune-campagne-de-desinformation\/#breadcrumb"},"inLanguage":"fr-FR","potentialAction":[{"@type":"ReadAction","target":["https:\/\/lasentinelle.dz\/index.php\/2023\/09\/05\/affaire-des-jet-skieurs-marocains-lalgerie-cible-dune-campagne-de-desinformation\/"]}]},{"@type":"ImageObject","inLanguage":"fr-FR","@id":"https:\/\/lasentinelle.dz\/index.php\/2023\/09\/05\/affaire-des-jet-skieurs-marocains-lalgerie-cible-dune-campagne-de-desinformation\/#primaryimage","url":"https:\/\/lasentinelle.dz\/wp-content\/uploads\/2023\/09\/Desinformation.jpeg","contentUrl":"https:\/\/lasentinelle.dz\/wp-content\/uploads\/2023\/09\/Desinformation.jpeg","width":634,"height":390},{"@type":"BreadcrumbList","@id":"https:\/\/lasentinelle.dz\/index.php\/2023\/09\/05\/affaire-des-jet-skieurs-marocains-lalgerie-cible-dune-campagne-de-desinformation\/#breadcrumb","itemListElement":[{"@type":"ListItem","position":1,"name":"Accueil","item":"https:\/\/lasentinelle.dz\/"},{"@type":"ListItem","position":2,"name":"Affaire des Jet-skieurs marocains\u00a0: L\u2019Alg\u00e9rie cible d\u2019une campagne de d\u00e9sinformation"}]},{"@type":"WebSite","@id":"https:\/\/lasentinelle.dz\/#website","url":"https:\/\/lasentinelle.dz\/","name":"La Sentinelle","description":"Quotidien national d&#039;information","publisher":{"@id":"https:\/\/lasentinelle.dz\/#organization"},"potentialAction":[{"@type":"SearchAction","target":{"@type":"EntryPoint","urlTemplate":"https:\/\/lasentinelle.dz\/?s={search_term_string}"},"query-input":{"@type":"PropertyValueSpecification","valueRequired":true,"valueName":"search_term_string"}}],"inLanguage":"fr-FR"},{"@type":"Organization","@id":"https:\/\/lasentinelle.dz\/#organization","name":"Quotidien La Sentinelle","url":"https:\/\/lasentinelle.dz\/","logo":{"@type":"ImageObject","inLanguage":"fr-FR","@id":"https:\/\/lasentinelle.dz\/#\/schema\/logo\/image\/","url":"https:\/\/lasentinelle.dz\/wp-content\/uploads\/2021\/09\/logo-sentinelleSLOGAN-1.png","contentUrl":"https:\/\/lasentinelle.dz\/wp-content\/uploads\/2021\/09\/logo-sentinelleSLOGAN-1.png","width":615,"height":142,"caption":"Quotidien La Sentinelle"},"image":{"@id":"https:\/\/lasentinelle.dz\/#\/schema\/logo\/image\/"},"sameAs":["https:\/\/www.facebook.com\/La-Sentinelle-104059864394773"]},{"@type":"Person","@id":"https:\/\/lasentinelle.dz\/#\/schema\/person\/d865044e22e70a75174ce8bcad3acfb3","name":"La Sentinelle","image":{"@type":"ImageObject","inLanguage":"fr-FR","@id":"https:\/\/secure.gravatar.com\/avatar\/57de8e5d4b15d43fb361a71fbb36338450fe67865b528a43dd10ef7c51a20392?s=96&d=mm&r=g","url":"https:\/\/secure.gravatar.com\/avatar\/57de8e5d4b15d43fb361a71fbb36338450fe67865b528a43dd10ef7c51a20392?s=96&d=mm&r=g","contentUrl":"https:\/\/secure.gravatar.com\/avatar\/57de8e5d4b15d43fb361a71fbb36338450fe67865b528a43dd10ef7c51a20392?s=96&d=mm&r=g","caption":"La Sentinelle"},"sameAs":["http:\/\/www.lasentinelle.dz"],"url":"https:\/\/lasentinelle.dz\/author\/redaction\/"}]}},"_links":{"self":[{"href":"https:\/\/lasentinelle.dz\/index.php\/wp-json\/wp\/v2\/posts\/45309","targetHints":{"allow":["GET"]}}],"collection":[{"href":"https:\/\/lasentinelle.dz\/index.php\/wp-json\/wp\/v2\/posts"}],"about":[{"href":"https:\/\/lasentinelle.dz\/index.php\/wp-json\/wp\/v2\/types\/post"}],"author":[{"embeddable":true,"href":"https:\/\/lasentinelle.dz\/index.php\/wp-json\/wp\/v2\/users\/3"}],"replies":[{"embeddable":true,"href":"https:\/\/lasentinelle.dz\/index.php\/wp-json\/wp\/v2\/comments?post=45309"}],"version-history":[{"count":1,"href":"https:\/\/lasentinelle.dz\/index.php\/wp-json\/wp\/v2\/posts\/45309\/revisions"}],"predecessor-version":[{"id":45311,"href":"https:\/\/lasentinelle.dz\/index.php\/wp-json\/wp\/v2\/posts\/45309\/revisions\/45311"}],"wp:featuredmedia":[{"embeddable":true,"href":"https:\/\/lasentinelle.dz\/index.php\/wp-json\/wp\/v2\/media\/45310"}],"wp:attachment":[{"href":"https:\/\/lasentinelle.dz\/index.php\/wp-json\/wp\/v2\/media?parent=45309"}],"wp:term":[{"taxonomy":"category","embeddable":true,"href":"https:\/\/lasentinelle.dz\/index.php\/wp-json\/wp\/v2\/categories?post=45309"},{"taxonomy":"post_tag","embeddable":true,"href":"https:\/\/lasentinelle.dz\/index.php\/wp-json\/wp\/v2\/tags?post=45309"}],"curies":[{"name":"wp","href":"https:\/\/api.w.org\/{rel}","templated":true}]}}