{"id":45326,"date":"2023-09-06T21:31:40","date_gmt":"2023-09-06T20:31:40","guid":{"rendered":"https:\/\/lasentinelle.dz\/?p=45326"},"modified":"2023-09-06T21:31:44","modified_gmt":"2023-09-06T20:31:44","slug":"les-tensions-sintensifient-au-maroc","status":"publish","type":"post","link":"https:\/\/lasentinelle.dz\/index.php\/2023\/09\/06\/les-tensions-sintensifient-au-maroc\/","title":{"rendered":"Les tensions s\u2019intensifient au Maroc"},"content":{"rendered":"\n<p>L\u2019obstination du Makhzen de pousser la normalisation avec l\u2019entit\u00e9 sioniste au plus loin suscite l\u2019indignation des Marocains. La visite annonc\u00e9e du pr\u00e9sident de la chambre haute du Parlement marocain \u00e0 la Knesset isra\u00e9lienne a raviv\u00e9 les tensions au Maroc. Bien que la d\u00e9gradation de l\u2019\u00e9tat de sant\u00e9 de ce dernier lequel a \u00e9t\u00e9 transf\u00e9r\u00e9 hier en Jordanie pour soins, devrait induire une annulation de cette visite, l\u2019intention de verser dans plus de normalisation et l\u2019\u00e9largir au domaine parlementaire est bien l\u00e0. Une d\u00e9marche qui est en soit d\u00e9nonc\u00e9e au Maroc.&nbsp; Dans ce contexte, le Front marocain contre la normalisation a condamn\u00e9 avec les termes les plus forts cette visite et toutes les diverses formes d&rsquo;alliance officielle et semi-officielle de la part d&rsquo;une \u00ab\u00a0bande d&rsquo;opportunistes tra\u00eetres qui s&rsquo;allient \u00e0 l\u2019entit\u00e9 sioniste e au nom de la coexistence\u00a0\u00bb. Il a soulign\u00e9 que le Pr\u00e9sident du Conseil de la Choura ne repr\u00e9sente pas la volont\u00e9 populaire au Maroc (&#8230;).<\/p>\n\n\n\n<p>Le communiqu\u00e9 du Front marocain contre la normalisation, qui regroupe des dizaines d&rsquo;organisations oppos\u00e9es \u00e0 la normalisation, indique : \u00ab\u00a0Le Pr\u00e9sident du Conseil de la Choura s&rsquo;appr\u00eate \u00e0 effectuer une visite au Knesset sioniste demain jeudi, une visite pr\u00e9sent\u00e9e par l&rsquo;entit\u00e9 occupante comme historique. En r\u00e9alit\u00e9, elle va \u00e0 l&rsquo;encontre de l&rsquo;identit\u00e9, des int\u00e9r\u00eats, des positions historiques et de la patrie marocaine, qui est profan\u00e9e par les criminels sionistes, et elle va \u00e0 l&rsquo;encontre de la logique, des valeurs et des principes humains authentiques, bas\u00e9s sur la libert\u00e9, l&rsquo;\u00e9galit\u00e9, la justice et la lutte contre la colonisation.\u00a0\u00bb<\/p>\n\n\n\n<p>Cette visite intervient, ajoute le communiqu\u00e9, \u00ab\u00a0alors que cet ennemi arrogant m\u00e8ne une agression totale contre le peuple palestinien, ce qui se manifeste par la propagation des crimes de meurtre de Palestiniens pour des motifs racistes en collusion avec la police de l&rsquo;occupation, la pers\u00e9cution des prisonniers et de leurs familles, et les attaques r\u00e9p\u00e9t\u00e9es des colons contre la mosqu\u00e9e Al-Aqsa dans une tentative d&rsquo;imposer ce que l&rsquo;occupation appelle une division temporelle et spatiale (&#8230;)\u00a0\u00bb des Lieux saints.<\/p>\n\n\n\n<p>De son c\u00f4t\u00e9, l&rsquo;Organisation marocaine pour la d\u00e9fense des causes de la nation a vivement condamn\u00e9 cette visite, la qualifiant de \u00ab\u00a0coup dans le dos du peuple palestinien\u00a0\u00bb, exprimant sa solidarit\u00e9 totale et inconditionnelle avec le courageux peuple palestinien.<\/p>\n\n\n\n<p>Dans ce contexte, elle a averti que la vague de normalisation que conna\u00eet le Maroc depuis la signature de l&rsquo;accord de normalisation en d\u00e9cembre 2020 \u00ab\u00a0a d\u00e9pass\u00e9 toutes les limites de la normalisation, devenant une menace s\u00e9rieuse et un danger majeur pour le Maroc, ainsi que pour la question palestinienne juste et l\u00e9gitime\u00a0\u00bb.<\/p>\n\n\n\n<p>Dans le m\u00eame contexte, l&rsquo;organisation marocaine a appel\u00e9 les forces oppos\u00e9es \u00e0 la normalisation \u00e0 exprimer fermement leur col\u00e8re contre cette visite, exigeant que l&rsquo;\u00c9tat marocain revienne sur toutes les mesures de normalisation et \u00e9coute la voix du peuple marocain.<\/p>\n\n\n\n<p>De son c\u00f4t\u00e9, le pr\u00e9sident de l&rsquo;Espace Marocain des Droits de l&rsquo;Homme, Mohamed Noini, a qualifi\u00e9 la visite pr\u00e9vue du Pr\u00e9sident du Conseil de la Choura au Maroc au Parlement sioniste de \u00ab\u00a0crime de normalisation impardonnable avec une entit\u00e9 occupante\u00a0\u00bb. Il a appel\u00e9 tous les savants, hommes politiques, intellectuels et d\u00e9fenseurs des droits de l&rsquo;homme \u00e0 condamner cette action et \u00e0 r\u00e9sister fermement \u00e0 cette normalisation. Il a \u00e9galement appel\u00e9 le r\u00e9gime \u00e0 r\u00e9pondre aux demandes du peuple marocain et \u00e0 \u00e9couter sa voix, ainsi qu&rsquo;\u00e0 revenir sur les d\u00e9cisions impopulaires qui ne sont pas en lien avec la nation marocaine.<\/p>\n\n\n\n<p>R.N.<\/p>\n","protected":false},"excerpt":{"rendered":"<p>L\u2019obstination du Makhzen de pousser la normalisation avec l\u2019entit\u00e9 sioniste au plus loin suscite l\u2019indignation des Marocains. La visite annonc\u00e9e<\/p>\n","protected":false},"author":3,"featured_media":44617,"comment_status":"open","ping_status":"closed","sticky":false,"template":"","format":"standard","meta":{"colormag_page_container_layout":"default_layout","colormag_page_sidebar_layout":"default_layout","om_disable_all_campaigns":false,"_monsterinsights_skip_tracking":false,"_monsterinsights_sitenote_active":false,"_monsterinsights_sitenote_note":"","_monsterinsights_sitenote_category":0,"footnotes":"","_wpscppro_dont_share_socialmedia":false,"_wpscppro_custom_social_share_image":0,"_facebook_share_type":"","_twitter_share_type":"","_linkedin_share_type":"","_pinterest_share_type":"","_linkedin_share_type_page":"","_instagram_share_type":"","_medium_share_type":"","_threads_share_type":"","_google_business_share_type":"","_selected_social_profile":[],"_wpsp_enable_custom_social_template":false,"_wpsp_social_scheduling":{"enabled":false,"datetime":null,"platforms":[],"status":"template_only","dateOption":"today","timeOption":"now","customDays":"","customHours":"","customDate":"","customTime":"","schedulingType":"absolute"},"_wpsp_active_default_template":true},"categories":[37],"tags":[],"class_list":["post-45326","post","type-post","status-publish","format-standard","has-post-thumbnail","hentry","category-monde"],"aioseo_notices":[],"yoast_head":"<!-- This site is optimized with the Yoast SEO plugin v27.5 - https:\/\/yoast.com\/product\/yoast-seo-wordpress\/ -->\n<title>Les tensions s\u2019intensifient au Maroc - La Sentinelle<\/title>\n<meta name=\"robots\" content=\"index, follow, max-snippet:-1, max-image-preview:large, max-video-preview:-1\" \/>\n<link rel=\"canonical\" href=\"https:\/\/lasentinelle.dz\/index.php\/2023\/09\/06\/les-tensions-sintensifient-au-maroc\/\" \/>\n<meta property=\"og:locale\" content=\"fr_FR\" \/>\n<meta property=\"og:type\" content=\"article\" \/>\n<meta property=\"og:title\" content=\"Les tensions s\u2019intensifient au Maroc - La Sentinelle\" \/>\n<meta property=\"og:description\" content=\"L\u2019obstination du Makhzen de pousser la normalisation avec l\u2019entit\u00e9 sioniste au plus loin suscite l\u2019indignation des Marocains. La visite annonc\u00e9e\" \/>\n<meta property=\"og:url\" content=\"https:\/\/lasentinelle.dz\/index.php\/2023\/09\/06\/les-tensions-sintensifient-au-maroc\/\" \/>\n<meta property=\"og:site_name\" content=\"La Sentinelle\" \/>\n<meta property=\"article:publisher\" content=\"https:\/\/www.facebook.com\/La-Sentinelle-104059864394773\" \/>\n<meta property=\"article:published_time\" content=\"2023-09-06T20:31:40+00:00\" \/>\n<meta property=\"article:modified_time\" content=\"2023-09-06T20:31:44+00:00\" \/>\n<meta property=\"og:image\" content=\"https:\/\/lasentinelle.dz\/wp-content\/uploads\/2023\/08\/marocains.webp\" \/>\n\t<meta property=\"og:image:width\" content=\"900\" \/>\n\t<meta property=\"og:image:height\" content=\"675\" \/>\n\t<meta property=\"og:image:type\" content=\"image\/webp\" \/>\n<meta name=\"author\" content=\"La Sentinelle\" \/>\n<meta name=\"twitter:card\" content=\"summary_large_image\" \/>\n<meta name=\"twitter:label1\" content=\"\u00c9crit par\" \/>\n\t<meta name=\"twitter:data1\" content=\"La Sentinelle\" \/>\n\t<meta name=\"twitter:label2\" content=\"Dur\u00e9e de lecture estim\u00e9e\" \/>\n\t<meta name=\"twitter:data2\" content=\"3 minutes\" \/>\n<script type=\"application\/ld+json\" class=\"yoast-schema-graph\">{\"@context\":\"https:\\\/\\\/schema.org\",\"@graph\":[{\"@type\":\"Article\",\"@id\":\"https:\\\/\\\/lasentinelle.dz\\\/index.php\\\/2023\\\/09\\\/06\\\/les-tensions-sintensifient-au-maroc\\\/#article\",\"isPartOf\":{\"@id\":\"https:\\\/\\\/lasentinelle.dz\\\/index.php\\\/2023\\\/09\\\/06\\\/les-tensions-sintensifient-au-maroc\\\/\"},\"author\":{\"name\":\"La Sentinelle\",\"@id\":\"https:\\\/\\\/lasentinelle.dz\\\/#\\\/schema\\\/person\\\/d865044e22e70a75174ce8bcad3acfb3\"},\"headline\":\"Les tensions s\u2019intensifient au Maroc\",\"datePublished\":\"2023-09-06T20:31:40+00:00\",\"dateModified\":\"2023-09-06T20:31:44+00:00\",\"mainEntityOfPage\":{\"@id\":\"https:\\\/\\\/lasentinelle.dz\\\/index.php\\\/2023\\\/09\\\/06\\\/les-tensions-sintensifient-au-maroc\\\/\"},\"wordCount\":630,\"commentCount\":0,\"publisher\":{\"@id\":\"https:\\\/\\\/lasentinelle.dz\\\/#organization\"},\"image\":{\"@id\":\"https:\\\/\\\/lasentinelle.dz\\\/index.php\\\/2023\\\/09\\\/06\\\/les-tensions-sintensifient-au-maroc\\\/#primaryimage\"},\"thumbnailUrl\":\"https:\\\/\\\/lasentinelle.dz\\\/wp-content\\\/uploads\\\/2023\\\/08\\\/marocains.webp\",\"articleSection\":[\"Monde\"],\"inLanguage\":\"fr-FR\",\"potentialAction\":[{\"@type\":\"CommentAction\",\"name\":\"Comment\",\"target\":[\"https:\\\/\\\/lasentinelle.dz\\\/index.php\\\/2023\\\/09\\\/06\\\/les-tensions-sintensifient-au-maroc\\\/#respond\"]}]},{\"@type\":\"WebPage\",\"@id\":\"https:\\\/\\\/lasentinelle.dz\\\/index.php\\\/2023\\\/09\\\/06\\\/les-tensions-sintensifient-au-maroc\\\/\",\"url\":\"https:\\\/\\\/lasentinelle.dz\\\/index.php\\\/2023\\\/09\\\/06\\\/les-tensions-sintensifient-au-maroc\\\/\",\"name\":\"Les tensions s\u2019intensifient au Maroc - La Sentinelle\",\"isPartOf\":{\"@id\":\"https:\\\/\\\/lasentinelle.dz\\\/#website\"},\"primaryImageOfPage\":{\"@id\":\"https:\\\/\\\/lasentinelle.dz\\\/index.php\\\/2023\\\/09\\\/06\\\/les-tensions-sintensifient-au-maroc\\\/#primaryimage\"},\"image\":{\"@id\":\"https:\\\/\\\/lasentinelle.dz\\\/index.php\\\/2023\\\/09\\\/06\\\/les-tensions-sintensifient-au-maroc\\\/#primaryimage\"},\"thumbnailUrl\":\"https:\\\/\\\/lasentinelle.dz\\\/wp-content\\\/uploads\\\/2023\\\/08\\\/marocains.webp\",\"datePublished\":\"2023-09-06T20:31:40+00:00\",\"dateModified\":\"2023-09-06T20:31:44+00:00\",\"breadcrumb\":{\"@id\":\"https:\\\/\\\/lasentinelle.dz\\\/index.php\\\/2023\\\/09\\\/06\\\/les-tensions-sintensifient-au-maroc\\\/#breadcrumb\"},\"inLanguage\":\"fr-FR\",\"potentialAction\":[{\"@type\":\"ReadAction\",\"target\":[\"https:\\\/\\\/lasentinelle.dz\\\/index.php\\\/2023\\\/09\\\/06\\\/les-tensions-sintensifient-au-maroc\\\/\"]}]},{\"@type\":\"ImageObject\",\"inLanguage\":\"fr-FR\",\"@id\":\"https:\\\/\\\/lasentinelle.dz\\\/index.php\\\/2023\\\/09\\\/06\\\/les-tensions-sintensifient-au-maroc\\\/#primaryimage\",\"url\":\"https:\\\/\\\/lasentinelle.dz\\\/wp-content\\\/uploads\\\/2023\\\/08\\\/marocains.webp\",\"contentUrl\":\"https:\\\/\\\/lasentinelle.dz\\\/wp-content\\\/uploads\\\/2023\\\/08\\\/marocains.webp\",\"width\":900,\"height\":675},{\"@type\":\"BreadcrumbList\",\"@id\":\"https:\\\/\\\/lasentinelle.dz\\\/index.php\\\/2023\\\/09\\\/06\\\/les-tensions-sintensifient-au-maroc\\\/#breadcrumb\",\"itemListElement\":[{\"@type\":\"ListItem\",\"position\":1,\"name\":\"Accueil\",\"item\":\"https:\\\/\\\/lasentinelle.dz\\\/\"},{\"@type\":\"ListItem\",\"position\":2,\"name\":\"Les tensions s\u2019intensifient au Maroc\"}]},{\"@type\":\"WebSite\",\"@id\":\"https:\\\/\\\/lasentinelle.dz\\\/#website\",\"url\":\"https:\\\/\\\/lasentinelle.dz\\\/\",\"name\":\"La Sentinelle\",\"description\":\"Quotidien national d&#039;information\",\"publisher\":{\"@id\":\"https:\\\/\\\/lasentinelle.dz\\\/#organization\"},\"potentialAction\":[{\"@type\":\"SearchAction\",\"target\":{\"@type\":\"EntryPoint\",\"urlTemplate\":\"https:\\\/\\\/lasentinelle.dz\\\/?s={search_term_string}\"},\"query-input\":{\"@type\":\"PropertyValueSpecification\",\"valueRequired\":true,\"valueName\":\"search_term_string\"}}],\"inLanguage\":\"fr-FR\"},{\"@type\":\"Organization\",\"@id\":\"https:\\\/\\\/lasentinelle.dz\\\/#organization\",\"name\":\"Quotidien La Sentinelle\",\"url\":\"https:\\\/\\\/lasentinelle.dz\\\/\",\"logo\":{\"@type\":\"ImageObject\",\"inLanguage\":\"fr-FR\",\"@id\":\"https:\\\/\\\/lasentinelle.dz\\\/#\\\/schema\\\/logo\\\/image\\\/\",\"url\":\"https:\\\/\\\/lasentinelle.dz\\\/wp-content\\\/uploads\\\/2021\\\/09\\\/logo-sentinelleSLOGAN-1.png\",\"contentUrl\":\"https:\\\/\\\/lasentinelle.dz\\\/wp-content\\\/uploads\\\/2021\\\/09\\\/logo-sentinelleSLOGAN-1.png\",\"width\":615,\"height\":142,\"caption\":\"Quotidien La Sentinelle\"},\"image\":{\"@id\":\"https:\\\/\\\/lasentinelle.dz\\\/#\\\/schema\\\/logo\\\/image\\\/\"},\"sameAs\":[\"https:\\\/\\\/www.facebook.com\\\/La-Sentinelle-104059864394773\"]},{\"@type\":\"Person\",\"@id\":\"https:\\\/\\\/lasentinelle.dz\\\/#\\\/schema\\\/person\\\/d865044e22e70a75174ce8bcad3acfb3\",\"name\":\"La Sentinelle\",\"image\":{\"@type\":\"ImageObject\",\"inLanguage\":\"fr-FR\",\"@id\":\"https:\\\/\\\/secure.gravatar.com\\\/avatar\\\/57de8e5d4b15d43fb361a71fbb36338450fe67865b528a43dd10ef7c51a20392?s=96&d=mm&r=g\",\"url\":\"https:\\\/\\\/secure.gravatar.com\\\/avatar\\\/57de8e5d4b15d43fb361a71fbb36338450fe67865b528a43dd10ef7c51a20392?s=96&d=mm&r=g\",\"contentUrl\":\"https:\\\/\\\/secure.gravatar.com\\\/avatar\\\/57de8e5d4b15d43fb361a71fbb36338450fe67865b528a43dd10ef7c51a20392?s=96&d=mm&r=g\",\"caption\":\"La Sentinelle\"},\"sameAs\":[\"http:\\\/\\\/www.lasentinelle.dz\"],\"url\":\"https:\\\/\\\/lasentinelle.dz\\\/author\\\/redaction\\\/\"}]}<\/script>\n<!-- \/ Yoast SEO plugin. -->","yoast_head_json":{"title":"Les tensions s\u2019intensifient au Maroc - La Sentinelle","robots":{"index":"index","follow":"follow","max-snippet":"max-snippet:-1","max-image-preview":"max-image-preview:large","max-video-preview":"max-video-preview:-1"},"canonical":"https:\/\/lasentinelle.dz\/index.php\/2023\/09\/06\/les-tensions-sintensifient-au-maroc\/","og_locale":"fr_FR","og_type":"article","og_title":"Les tensions s\u2019intensifient au Maroc - La Sentinelle","og_description":"L\u2019obstination du Makhzen de pousser la normalisation avec l\u2019entit\u00e9 sioniste au plus loin suscite l\u2019indignation des Marocains. La visite annonc\u00e9e","og_url":"https:\/\/lasentinelle.dz\/index.php\/2023\/09\/06\/les-tensions-sintensifient-au-maroc\/","og_site_name":"La Sentinelle","article_publisher":"https:\/\/www.facebook.com\/La-Sentinelle-104059864394773","article_published_time":"2023-09-06T20:31:40+00:00","article_modified_time":"2023-09-06T20:31:44+00:00","og_image":[{"width":900,"height":675,"url":"https:\/\/lasentinelle.dz\/wp-content\/uploads\/2023\/08\/marocains.webp","type":"image\/webp"}],"author":"La Sentinelle","twitter_card":"summary_large_image","twitter_misc":{"\u00c9crit par":"La Sentinelle","Dur\u00e9e de lecture estim\u00e9e":"3 minutes"},"schema":{"@context":"https:\/\/schema.org","@graph":[{"@type":"Article","@id":"https:\/\/lasentinelle.dz\/index.php\/2023\/09\/06\/les-tensions-sintensifient-au-maroc\/#article","isPartOf":{"@id":"https:\/\/lasentinelle.dz\/index.php\/2023\/09\/06\/les-tensions-sintensifient-au-maroc\/"},"author":{"name":"La Sentinelle","@id":"https:\/\/lasentinelle.dz\/#\/schema\/person\/d865044e22e70a75174ce8bcad3acfb3"},"headline":"Les tensions s\u2019intensifient au Maroc","datePublished":"2023-09-06T20:31:40+00:00","dateModified":"2023-09-06T20:31:44+00:00","mainEntityOfPage":{"@id":"https:\/\/lasentinelle.dz\/index.php\/2023\/09\/06\/les-tensions-sintensifient-au-maroc\/"},"wordCount":630,"commentCount":0,"publisher":{"@id":"https:\/\/lasentinelle.dz\/#organization"},"image":{"@id":"https:\/\/lasentinelle.dz\/index.php\/2023\/09\/06\/les-tensions-sintensifient-au-maroc\/#primaryimage"},"thumbnailUrl":"https:\/\/lasentinelle.dz\/wp-content\/uploads\/2023\/08\/marocains.webp","articleSection":["Monde"],"inLanguage":"fr-FR","potentialAction":[{"@type":"CommentAction","name":"Comment","target":["https:\/\/lasentinelle.dz\/index.php\/2023\/09\/06\/les-tensions-sintensifient-au-maroc\/#respond"]}]},{"@type":"WebPage","@id":"https:\/\/lasentinelle.dz\/index.php\/2023\/09\/06\/les-tensions-sintensifient-au-maroc\/","url":"https:\/\/lasentinelle.dz\/index.php\/2023\/09\/06\/les-tensions-sintensifient-au-maroc\/","name":"Les tensions s\u2019intensifient au Maroc - La Sentinelle","isPartOf":{"@id":"https:\/\/lasentinelle.dz\/#website"},"primaryImageOfPage":{"@id":"https:\/\/lasentinelle.dz\/index.php\/2023\/09\/06\/les-tensions-sintensifient-au-maroc\/#primaryimage"},"image":{"@id":"https:\/\/lasentinelle.dz\/index.php\/2023\/09\/06\/les-tensions-sintensifient-au-maroc\/#primaryimage"},"thumbnailUrl":"https:\/\/lasentinelle.dz\/wp-content\/uploads\/2023\/08\/marocains.webp","datePublished":"2023-09-06T20:31:40+00:00","dateModified":"2023-09-06T20:31:44+00:00","breadcrumb":{"@id":"https:\/\/lasentinelle.dz\/index.php\/2023\/09\/06\/les-tensions-sintensifient-au-maroc\/#breadcrumb"},"inLanguage":"fr-FR","potentialAction":[{"@type":"ReadAction","target":["https:\/\/lasentinelle.dz\/index.php\/2023\/09\/06\/les-tensions-sintensifient-au-maroc\/"]}]},{"@type":"ImageObject","inLanguage":"fr-FR","@id":"https:\/\/lasentinelle.dz\/index.php\/2023\/09\/06\/les-tensions-sintensifient-au-maroc\/#primaryimage","url":"https:\/\/lasentinelle.dz\/wp-content\/uploads\/2023\/08\/marocains.webp","contentUrl":"https:\/\/lasentinelle.dz\/wp-content\/uploads\/2023\/08\/marocains.webp","width":900,"height":675},{"@type":"BreadcrumbList","@id":"https:\/\/lasentinelle.dz\/index.php\/2023\/09\/06\/les-tensions-sintensifient-au-maroc\/#breadcrumb","itemListElement":[{"@type":"ListItem","position":1,"name":"Accueil","item":"https:\/\/lasentinelle.dz\/"},{"@type":"ListItem","position":2,"name":"Les tensions s\u2019intensifient au Maroc"}]},{"@type":"WebSite","@id":"https:\/\/lasentinelle.dz\/#website","url":"https:\/\/lasentinelle.dz\/","name":"La Sentinelle","description":"Quotidien national d&#039;information","publisher":{"@id":"https:\/\/lasentinelle.dz\/#organization"},"potentialAction":[{"@type":"SearchAction","target":{"@type":"EntryPoint","urlTemplate":"https:\/\/lasentinelle.dz\/?s={search_term_string}"},"query-input":{"@type":"PropertyValueSpecification","valueRequired":true,"valueName":"search_term_string"}}],"inLanguage":"fr-FR"},{"@type":"Organization","@id":"https:\/\/lasentinelle.dz\/#organization","name":"Quotidien La Sentinelle","url":"https:\/\/lasentinelle.dz\/","logo":{"@type":"ImageObject","inLanguage":"fr-FR","@id":"https:\/\/lasentinelle.dz\/#\/schema\/logo\/image\/","url":"https:\/\/lasentinelle.dz\/wp-content\/uploads\/2021\/09\/logo-sentinelleSLOGAN-1.png","contentUrl":"https:\/\/lasentinelle.dz\/wp-content\/uploads\/2021\/09\/logo-sentinelleSLOGAN-1.png","width":615,"height":142,"caption":"Quotidien La Sentinelle"},"image":{"@id":"https:\/\/lasentinelle.dz\/#\/schema\/logo\/image\/"},"sameAs":["https:\/\/www.facebook.com\/La-Sentinelle-104059864394773"]},{"@type":"Person","@id":"https:\/\/lasentinelle.dz\/#\/schema\/person\/d865044e22e70a75174ce8bcad3acfb3","name":"La Sentinelle","image":{"@type":"ImageObject","inLanguage":"fr-FR","@id":"https:\/\/secure.gravatar.com\/avatar\/57de8e5d4b15d43fb361a71fbb36338450fe67865b528a43dd10ef7c51a20392?s=96&d=mm&r=g","url":"https:\/\/secure.gravatar.com\/avatar\/57de8e5d4b15d43fb361a71fbb36338450fe67865b528a43dd10ef7c51a20392?s=96&d=mm&r=g","contentUrl":"https:\/\/secure.gravatar.com\/avatar\/57de8e5d4b15d43fb361a71fbb36338450fe67865b528a43dd10ef7c51a20392?s=96&d=mm&r=g","caption":"La Sentinelle"},"sameAs":["http:\/\/www.lasentinelle.dz"],"url":"https:\/\/lasentinelle.dz\/author\/redaction\/"}]}},"_links":{"self":[{"href":"https:\/\/lasentinelle.dz\/index.php\/wp-json\/wp\/v2\/posts\/45326","targetHints":{"allow":["GET"]}}],"collection":[{"href":"https:\/\/lasentinelle.dz\/index.php\/wp-json\/wp\/v2\/posts"}],"about":[{"href":"https:\/\/lasentinelle.dz\/index.php\/wp-json\/wp\/v2\/types\/post"}],"author":[{"embeddable":true,"href":"https:\/\/lasentinelle.dz\/index.php\/wp-json\/wp\/v2\/users\/3"}],"replies":[{"embeddable":true,"href":"https:\/\/lasentinelle.dz\/index.php\/wp-json\/wp\/v2\/comments?post=45326"}],"version-history":[{"count":1,"href":"https:\/\/lasentinelle.dz\/index.php\/wp-json\/wp\/v2\/posts\/45326\/revisions"}],"predecessor-version":[{"id":45327,"href":"https:\/\/lasentinelle.dz\/index.php\/wp-json\/wp\/v2\/posts\/45326\/revisions\/45327"}],"wp:featuredmedia":[{"embeddable":true,"href":"https:\/\/lasentinelle.dz\/index.php\/wp-json\/wp\/v2\/media\/44617"}],"wp:attachment":[{"href":"https:\/\/lasentinelle.dz\/index.php\/wp-json\/wp\/v2\/media?parent=45326"}],"wp:term":[{"taxonomy":"category","embeddable":true,"href":"https:\/\/lasentinelle.dz\/index.php\/wp-json\/wp\/v2\/categories?post=45326"},{"taxonomy":"post_tag","embeddable":true,"href":"https:\/\/lasentinelle.dz\/index.php\/wp-json\/wp\/v2\/tags?post=45326"}],"curies":[{"name":"wp","href":"https:\/\/api.w.org\/{rel}","templated":true}]}}