{"id":45342,"date":"2023-09-06T21:44:17","date_gmt":"2023-09-06T20:44:17","guid":{"rendered":"https:\/\/lasentinelle.dz\/?p=45342"},"modified":"2023-09-06T21:44:19","modified_gmt":"2023-09-06T20:44:19","slug":"la-rentree-universitaire-fixee-au-23-septembre","status":"publish","type":"post","link":"https:\/\/lasentinelle.dz\/index.php\/2023\/09\/06\/la-rentree-universitaire-fixee-au-23-septembre\/","title":{"rendered":"La rentr\u00e9e universitaire fix\u00e9e au 23 septembre"},"content":{"rendered":"\n<p>La date de la rentr\u00e9e a \u00e9t\u00e9 officiellement fix\u00e9e au 23 septembre en cours. Une rentr\u00e9e qui est marqu\u00e9e par de nombreuses nouveaut\u00e9s.<\/p>\n\n\n\n<p>Le minist\u00e8re de l\u2019Enseignement sup\u00e9rieur et de la Recherche scientifique a annonc\u00e9, hier dans un communiqu\u00e9 que \u00ab\u00a0la rentr\u00e9e universitaire 2023-2024 est fix\u00e9e au 23 septembre 2023 pour tous les niveaux\u00a0\u00bb. Il est utile de rappeler dans ce contexte que la rentr\u00e9e universitaire \u00e9tait attendue pour samedi prochain. En effet, le Directeur g\u00e9n\u00e9ral de la formation et de l\u2019enseignement au minist\u00e8re de l\u2019Enseignement sup\u00e9rieur et de la Recherche scientifique, Djamel Bouguezzata avait avanc\u00e9 cette date au mois d\u2019ao\u00fbt dernier. Cependant, un report de la date de la rentr\u00e9e \u00e9tait attendu, dans la mesure o\u00f9 l\u2019ouverture des services universitaires connexes comme l\u2019h\u00e9bergement, la restauration et le transport avait elle-m\u00eame \u00e9t\u00e9 report\u00e9e. Il est utile de rappeler dans ce contexte que le premier responsable du secteur a adress\u00e9 cette semaine une instruction aux diff\u00e9rents responsables des \u00e9tablissements universitaires dans laquelle il les a exhort\u00e9s \u00e0 mettre en place les conditions idoines pour assurer une bonne rentr\u00e9e universitaire et a insist\u00e9 sur la \u00abfinalisation\u00bb des activit\u00e9s li\u00e9es \u00e0 l\u2019ann\u00e9e universitaire 2022-2023, qui a enregistr\u00e9 un certain retard. Le ministre a aussi a instruit ses services afin de&nbsp; faciliter les proc\u00e9dures&nbsp; li\u00e9es au lancement du premier semestre de l\u2019ann\u00e9e 2023-2024.<\/p>\n\n\n\n<p>Il faut dire que la nouvelle ann\u00e9e universitaire sera marqu\u00e9e par de nombreuses nouveaut\u00e9s, notamment \u00e0 travers la num\u00e9risation du secteur y compris les services de transport, d\u2019h\u00e9bergement et de restauration.&nbsp; Autre nouveaut\u00e9, la mise en place d\u2019un tutorat pour accompagner les nouveaux bacheliers et leur permettre une meilleure immersion dans l\u2019environnement universitaire.<\/p>\n\n\n\n<p>Par ailleurs, cette ann\u00e9e est marqu\u00e9e par le recrutement de 10.000 titulaires de doctorat et de magister. \u00abNous avons recrut\u00e9 8000 enseignants de grade ma\u00eetre assistant B et 1009 professeurs chercheurs\u00bb, a d\u00e9clar\u00e9 il y a quelques jours le recteur de l&rsquo;universit\u00e9 d&rsquo;Alger 1, Far\u00e8s Mokhtari sur les ondes de la cha\u00eene 3, soulignant qu&rsquo;il s&rsquo;agit de la plus grande op\u00e9ration de recrutement de l&rsquo;histoire de l&rsquo;universit\u00e9 alg\u00e9rienne. Cette d\u00e9cision, a \u00e9t\u00e9 prise par le pr\u00e9sident de la R\u00e9publique. Il lui a assign\u00e9 des objectifs: combler le d\u00e9ficit en encadrement dont souffre le secteur de l&rsquo;enseignement sup\u00e9rieur et offrir des d\u00e9bouch\u00e9s aux dipl\u00f4m\u00e9s de l&rsquo;universit\u00e9. Cela \u00abpermettra de combler le vide laiss\u00e9 par les d\u00e9parts \u00e0 la retraite, mais aussi d&rsquo;absorber la masse des docteurs non salari\u00e9s\u00bb, avait indiqu\u00e9, le 20 ao\u00fbt dernier le Pr. Djamel Eddine Akretche, recteur de l&rsquo;universit\u00e9 des sciences et des technologies Houari Boumediene (Usthb).<\/p>\n\n\n\n<p><strong>Samir Benisid<\/strong><\/p>\n","protected":false},"excerpt":{"rendered":"<p>La date de la rentr\u00e9e a \u00e9t\u00e9 officiellement fix\u00e9e au 23 septembre en cours. Une rentr\u00e9e qui est marqu\u00e9e par<\/p>\n","protected":false},"author":3,"featured_media":45343,"comment_status":"open","ping_status":"closed","sticky":false,"template":"","format":"standard","meta":{"colormag_page_container_layout":"default_layout","colormag_page_sidebar_layout":"default_layout","om_disable_all_campaigns":false,"_monsterinsights_skip_tracking":false,"_monsterinsights_sitenote_active":false,"_monsterinsights_sitenote_note":"","_monsterinsights_sitenote_category":0,"footnotes":"","_wpscppro_dont_share_socialmedia":false,"_wpscppro_custom_social_share_image":0,"_facebook_share_type":"","_twitter_share_type":"","_linkedin_share_type":"","_pinterest_share_type":"","_linkedin_share_type_page":"","_instagram_share_type":"","_medium_share_type":"","_threads_share_type":"","_google_business_share_type":"","_selected_social_profile":[],"_wpsp_enable_custom_social_template":false,"_wpsp_social_scheduling":{"enabled":false,"datetime":null,"platforms":[],"status":"template_only","dateOption":"today","timeOption":"now","customDays":"","customHours":"","customDate":"","customTime":"","schedulingType":"absolute"},"_wpsp_active_default_template":true},"categories":[52,27],"tags":[],"class_list":["post-45342","post","type-post","status-publish","format-standard","has-post-thumbnail","hentry","category-a-la-une","category-actualite"],"aioseo_notices":[],"yoast_head":"<!-- This site is optimized with the Yoast SEO plugin v27.5 - https:\/\/yoast.com\/product\/yoast-seo-wordpress\/ -->\n<title>La rentr\u00e9e universitaire fix\u00e9e au 23 septembre - La Sentinelle<\/title>\n<meta name=\"robots\" content=\"index, follow, max-snippet:-1, max-image-preview:large, max-video-preview:-1\" \/>\n<link rel=\"canonical\" href=\"https:\/\/lasentinelle.dz\/index.php\/2023\/09\/06\/la-rentree-universitaire-fixee-au-23-septembre\/\" \/>\n<meta property=\"og:locale\" content=\"fr_FR\" \/>\n<meta property=\"og:type\" content=\"article\" \/>\n<meta property=\"og:title\" content=\"La rentr\u00e9e universitaire fix\u00e9e au 23 septembre - La Sentinelle\" \/>\n<meta property=\"og:description\" content=\"La date de la rentr\u00e9e a \u00e9t\u00e9 officiellement fix\u00e9e au 23 septembre en cours. Une rentr\u00e9e qui est marqu\u00e9e par\" \/>\n<meta property=\"og:url\" content=\"https:\/\/lasentinelle.dz\/index.php\/2023\/09\/06\/la-rentree-universitaire-fixee-au-23-septembre\/\" \/>\n<meta property=\"og:site_name\" content=\"La Sentinelle\" \/>\n<meta property=\"article:publisher\" content=\"https:\/\/www.facebook.com\/La-Sentinelle-104059864394773\" \/>\n<meta property=\"article:published_time\" content=\"2023-09-06T20:44:17+00:00\" \/>\n<meta property=\"article:modified_time\" content=\"2023-09-06T20:44:19+00:00\" \/>\n<meta property=\"og:image\" content=\"https:\/\/lasentinelle.dz\/wp-content\/uploads\/2023\/09\/rentree-universitaire.jpeg\" \/>\n\t<meta property=\"og:image:width\" content=\"745\" \/>\n\t<meta property=\"og:image:height\" content=\"470\" \/>\n\t<meta property=\"og:image:type\" content=\"image\/jpeg\" \/>\n<meta name=\"author\" content=\"La Sentinelle\" \/>\n<meta name=\"twitter:card\" content=\"summary_large_image\" \/>\n<meta name=\"twitter:label1\" content=\"\u00c9crit par\" \/>\n\t<meta name=\"twitter:data1\" content=\"La Sentinelle\" \/>\n\t<meta name=\"twitter:label2\" content=\"Dur\u00e9e de lecture estim\u00e9e\" \/>\n\t<meta name=\"twitter:data2\" content=\"3 minutes\" \/>\n<script type=\"application\/ld+json\" class=\"yoast-schema-graph\">{\"@context\":\"https:\\\/\\\/schema.org\",\"@graph\":[{\"@type\":\"Article\",\"@id\":\"https:\\\/\\\/lasentinelle.dz\\\/index.php\\\/2023\\\/09\\\/06\\\/la-rentree-universitaire-fixee-au-23-septembre\\\/#article\",\"isPartOf\":{\"@id\":\"https:\\\/\\\/lasentinelle.dz\\\/index.php\\\/2023\\\/09\\\/06\\\/la-rentree-universitaire-fixee-au-23-septembre\\\/\"},\"author\":{\"name\":\"La Sentinelle\",\"@id\":\"https:\\\/\\\/lasentinelle.dz\\\/#\\\/schema\\\/person\\\/d865044e22e70a75174ce8bcad3acfb3\"},\"headline\":\"La rentr\u00e9e universitaire fix\u00e9e au 23 septembre\",\"datePublished\":\"2023-09-06T20:44:17+00:00\",\"dateModified\":\"2023-09-06T20:44:19+00:00\",\"mainEntityOfPage\":{\"@id\":\"https:\\\/\\\/lasentinelle.dz\\\/index.php\\\/2023\\\/09\\\/06\\\/la-rentree-universitaire-fixee-au-23-septembre\\\/\"},\"wordCount\":495,\"commentCount\":0,\"publisher\":{\"@id\":\"https:\\\/\\\/lasentinelle.dz\\\/#organization\"},\"image\":{\"@id\":\"https:\\\/\\\/lasentinelle.dz\\\/index.php\\\/2023\\\/09\\\/06\\\/la-rentree-universitaire-fixee-au-23-septembre\\\/#primaryimage\"},\"thumbnailUrl\":\"https:\\\/\\\/lasentinelle.dz\\\/wp-content\\\/uploads\\\/2023\\\/09\\\/rentree-universitaire.jpeg\",\"articleSection\":[\"\u00c0 la Une\",\"Actualit\u00e9\"],\"inLanguage\":\"fr-FR\",\"potentialAction\":[{\"@type\":\"CommentAction\",\"name\":\"Comment\",\"target\":[\"https:\\\/\\\/lasentinelle.dz\\\/index.php\\\/2023\\\/09\\\/06\\\/la-rentree-universitaire-fixee-au-23-septembre\\\/#respond\"]}]},{\"@type\":\"WebPage\",\"@id\":\"https:\\\/\\\/lasentinelle.dz\\\/index.php\\\/2023\\\/09\\\/06\\\/la-rentree-universitaire-fixee-au-23-septembre\\\/\",\"url\":\"https:\\\/\\\/lasentinelle.dz\\\/index.php\\\/2023\\\/09\\\/06\\\/la-rentree-universitaire-fixee-au-23-septembre\\\/\",\"name\":\"La rentr\u00e9e universitaire fix\u00e9e au 23 septembre - La Sentinelle\",\"isPartOf\":{\"@id\":\"https:\\\/\\\/lasentinelle.dz\\\/#website\"},\"primaryImageOfPage\":{\"@id\":\"https:\\\/\\\/lasentinelle.dz\\\/index.php\\\/2023\\\/09\\\/06\\\/la-rentree-universitaire-fixee-au-23-septembre\\\/#primaryimage\"},\"image\":{\"@id\":\"https:\\\/\\\/lasentinelle.dz\\\/index.php\\\/2023\\\/09\\\/06\\\/la-rentree-universitaire-fixee-au-23-septembre\\\/#primaryimage\"},\"thumbnailUrl\":\"https:\\\/\\\/lasentinelle.dz\\\/wp-content\\\/uploads\\\/2023\\\/09\\\/rentree-universitaire.jpeg\",\"datePublished\":\"2023-09-06T20:44:17+00:00\",\"dateModified\":\"2023-09-06T20:44:19+00:00\",\"breadcrumb\":{\"@id\":\"https:\\\/\\\/lasentinelle.dz\\\/index.php\\\/2023\\\/09\\\/06\\\/la-rentree-universitaire-fixee-au-23-septembre\\\/#breadcrumb\"},\"inLanguage\":\"fr-FR\",\"potentialAction\":[{\"@type\":\"ReadAction\",\"target\":[\"https:\\\/\\\/lasentinelle.dz\\\/index.php\\\/2023\\\/09\\\/06\\\/la-rentree-universitaire-fixee-au-23-septembre\\\/\"]}]},{\"@type\":\"ImageObject\",\"inLanguage\":\"fr-FR\",\"@id\":\"https:\\\/\\\/lasentinelle.dz\\\/index.php\\\/2023\\\/09\\\/06\\\/la-rentree-universitaire-fixee-au-23-septembre\\\/#primaryimage\",\"url\":\"https:\\\/\\\/lasentinelle.dz\\\/wp-content\\\/uploads\\\/2023\\\/09\\\/rentree-universitaire.jpeg\",\"contentUrl\":\"https:\\\/\\\/lasentinelle.dz\\\/wp-content\\\/uploads\\\/2023\\\/09\\\/rentree-universitaire.jpeg\",\"width\":745,\"height\":470},{\"@type\":\"BreadcrumbList\",\"@id\":\"https:\\\/\\\/lasentinelle.dz\\\/index.php\\\/2023\\\/09\\\/06\\\/la-rentree-universitaire-fixee-au-23-septembre\\\/#breadcrumb\",\"itemListElement\":[{\"@type\":\"ListItem\",\"position\":1,\"name\":\"Accueil\",\"item\":\"https:\\\/\\\/lasentinelle.dz\\\/\"},{\"@type\":\"ListItem\",\"position\":2,\"name\":\"La rentr\u00e9e universitaire fix\u00e9e au 23 septembre\"}]},{\"@type\":\"WebSite\",\"@id\":\"https:\\\/\\\/lasentinelle.dz\\\/#website\",\"url\":\"https:\\\/\\\/lasentinelle.dz\\\/\",\"name\":\"La Sentinelle\",\"description\":\"Quotidien national d&#039;information\",\"publisher\":{\"@id\":\"https:\\\/\\\/lasentinelle.dz\\\/#organization\"},\"potentialAction\":[{\"@type\":\"SearchAction\",\"target\":{\"@type\":\"EntryPoint\",\"urlTemplate\":\"https:\\\/\\\/lasentinelle.dz\\\/?s={search_term_string}\"},\"query-input\":{\"@type\":\"PropertyValueSpecification\",\"valueRequired\":true,\"valueName\":\"search_term_string\"}}],\"inLanguage\":\"fr-FR\"},{\"@type\":\"Organization\",\"@id\":\"https:\\\/\\\/lasentinelle.dz\\\/#organization\",\"name\":\"Quotidien La Sentinelle\",\"url\":\"https:\\\/\\\/lasentinelle.dz\\\/\",\"logo\":{\"@type\":\"ImageObject\",\"inLanguage\":\"fr-FR\",\"@id\":\"https:\\\/\\\/lasentinelle.dz\\\/#\\\/schema\\\/logo\\\/image\\\/\",\"url\":\"https:\\\/\\\/lasentinelle.dz\\\/wp-content\\\/uploads\\\/2021\\\/09\\\/logo-sentinelleSLOGAN-1.png\",\"contentUrl\":\"https:\\\/\\\/lasentinelle.dz\\\/wp-content\\\/uploads\\\/2021\\\/09\\\/logo-sentinelleSLOGAN-1.png\",\"width\":615,\"height\":142,\"caption\":\"Quotidien La Sentinelle\"},\"image\":{\"@id\":\"https:\\\/\\\/lasentinelle.dz\\\/#\\\/schema\\\/logo\\\/image\\\/\"},\"sameAs\":[\"https:\\\/\\\/www.facebook.com\\\/La-Sentinelle-104059864394773\"]},{\"@type\":\"Person\",\"@id\":\"https:\\\/\\\/lasentinelle.dz\\\/#\\\/schema\\\/person\\\/d865044e22e70a75174ce8bcad3acfb3\",\"name\":\"La Sentinelle\",\"image\":{\"@type\":\"ImageObject\",\"inLanguage\":\"fr-FR\",\"@id\":\"https:\\\/\\\/secure.gravatar.com\\\/avatar\\\/57de8e5d4b15d43fb361a71fbb36338450fe67865b528a43dd10ef7c51a20392?s=96&d=mm&r=g\",\"url\":\"https:\\\/\\\/secure.gravatar.com\\\/avatar\\\/57de8e5d4b15d43fb361a71fbb36338450fe67865b528a43dd10ef7c51a20392?s=96&d=mm&r=g\",\"contentUrl\":\"https:\\\/\\\/secure.gravatar.com\\\/avatar\\\/57de8e5d4b15d43fb361a71fbb36338450fe67865b528a43dd10ef7c51a20392?s=96&d=mm&r=g\",\"caption\":\"La Sentinelle\"},\"sameAs\":[\"http:\\\/\\\/www.lasentinelle.dz\"],\"url\":\"https:\\\/\\\/lasentinelle.dz\\\/author\\\/redaction\\\/\"}]}<\/script>\n<!-- \/ Yoast SEO plugin. -->","yoast_head_json":{"title":"La rentr\u00e9e universitaire fix\u00e9e au 23 septembre - La Sentinelle","robots":{"index":"index","follow":"follow","max-snippet":"max-snippet:-1","max-image-preview":"max-image-preview:large","max-video-preview":"max-video-preview:-1"},"canonical":"https:\/\/lasentinelle.dz\/index.php\/2023\/09\/06\/la-rentree-universitaire-fixee-au-23-septembre\/","og_locale":"fr_FR","og_type":"article","og_title":"La rentr\u00e9e universitaire fix\u00e9e au 23 septembre - La Sentinelle","og_description":"La date de la rentr\u00e9e a \u00e9t\u00e9 officiellement fix\u00e9e au 23 septembre en cours. Une rentr\u00e9e qui est marqu\u00e9e par","og_url":"https:\/\/lasentinelle.dz\/index.php\/2023\/09\/06\/la-rentree-universitaire-fixee-au-23-septembre\/","og_site_name":"La Sentinelle","article_publisher":"https:\/\/www.facebook.com\/La-Sentinelle-104059864394773","article_published_time":"2023-09-06T20:44:17+00:00","article_modified_time":"2023-09-06T20:44:19+00:00","og_image":[{"width":745,"height":470,"url":"https:\/\/lasentinelle.dz\/wp-content\/uploads\/2023\/09\/rentree-universitaire.jpeg","type":"image\/jpeg"}],"author":"La Sentinelle","twitter_card":"summary_large_image","twitter_misc":{"\u00c9crit par":"La Sentinelle","Dur\u00e9e de lecture estim\u00e9e":"3 minutes"},"schema":{"@context":"https:\/\/schema.org","@graph":[{"@type":"Article","@id":"https:\/\/lasentinelle.dz\/index.php\/2023\/09\/06\/la-rentree-universitaire-fixee-au-23-septembre\/#article","isPartOf":{"@id":"https:\/\/lasentinelle.dz\/index.php\/2023\/09\/06\/la-rentree-universitaire-fixee-au-23-septembre\/"},"author":{"name":"La Sentinelle","@id":"https:\/\/lasentinelle.dz\/#\/schema\/person\/d865044e22e70a75174ce8bcad3acfb3"},"headline":"La rentr\u00e9e universitaire fix\u00e9e au 23 septembre","datePublished":"2023-09-06T20:44:17+00:00","dateModified":"2023-09-06T20:44:19+00:00","mainEntityOfPage":{"@id":"https:\/\/lasentinelle.dz\/index.php\/2023\/09\/06\/la-rentree-universitaire-fixee-au-23-septembre\/"},"wordCount":495,"commentCount":0,"publisher":{"@id":"https:\/\/lasentinelle.dz\/#organization"},"image":{"@id":"https:\/\/lasentinelle.dz\/index.php\/2023\/09\/06\/la-rentree-universitaire-fixee-au-23-septembre\/#primaryimage"},"thumbnailUrl":"https:\/\/lasentinelle.dz\/wp-content\/uploads\/2023\/09\/rentree-universitaire.jpeg","articleSection":["\u00c0 la Une","Actualit\u00e9"],"inLanguage":"fr-FR","potentialAction":[{"@type":"CommentAction","name":"Comment","target":["https:\/\/lasentinelle.dz\/index.php\/2023\/09\/06\/la-rentree-universitaire-fixee-au-23-septembre\/#respond"]}]},{"@type":"WebPage","@id":"https:\/\/lasentinelle.dz\/index.php\/2023\/09\/06\/la-rentree-universitaire-fixee-au-23-septembre\/","url":"https:\/\/lasentinelle.dz\/index.php\/2023\/09\/06\/la-rentree-universitaire-fixee-au-23-septembre\/","name":"La rentr\u00e9e universitaire fix\u00e9e au 23 septembre - La Sentinelle","isPartOf":{"@id":"https:\/\/lasentinelle.dz\/#website"},"primaryImageOfPage":{"@id":"https:\/\/lasentinelle.dz\/index.php\/2023\/09\/06\/la-rentree-universitaire-fixee-au-23-septembre\/#primaryimage"},"image":{"@id":"https:\/\/lasentinelle.dz\/index.php\/2023\/09\/06\/la-rentree-universitaire-fixee-au-23-septembre\/#primaryimage"},"thumbnailUrl":"https:\/\/lasentinelle.dz\/wp-content\/uploads\/2023\/09\/rentree-universitaire.jpeg","datePublished":"2023-09-06T20:44:17+00:00","dateModified":"2023-09-06T20:44:19+00:00","breadcrumb":{"@id":"https:\/\/lasentinelle.dz\/index.php\/2023\/09\/06\/la-rentree-universitaire-fixee-au-23-septembre\/#breadcrumb"},"inLanguage":"fr-FR","potentialAction":[{"@type":"ReadAction","target":["https:\/\/lasentinelle.dz\/index.php\/2023\/09\/06\/la-rentree-universitaire-fixee-au-23-septembre\/"]}]},{"@type":"ImageObject","inLanguage":"fr-FR","@id":"https:\/\/lasentinelle.dz\/index.php\/2023\/09\/06\/la-rentree-universitaire-fixee-au-23-septembre\/#primaryimage","url":"https:\/\/lasentinelle.dz\/wp-content\/uploads\/2023\/09\/rentree-universitaire.jpeg","contentUrl":"https:\/\/lasentinelle.dz\/wp-content\/uploads\/2023\/09\/rentree-universitaire.jpeg","width":745,"height":470},{"@type":"BreadcrumbList","@id":"https:\/\/lasentinelle.dz\/index.php\/2023\/09\/06\/la-rentree-universitaire-fixee-au-23-septembre\/#breadcrumb","itemListElement":[{"@type":"ListItem","position":1,"name":"Accueil","item":"https:\/\/lasentinelle.dz\/"},{"@type":"ListItem","position":2,"name":"La rentr\u00e9e universitaire fix\u00e9e au 23 septembre"}]},{"@type":"WebSite","@id":"https:\/\/lasentinelle.dz\/#website","url":"https:\/\/lasentinelle.dz\/","name":"La Sentinelle","description":"Quotidien national d&#039;information","publisher":{"@id":"https:\/\/lasentinelle.dz\/#organization"},"potentialAction":[{"@type":"SearchAction","target":{"@type":"EntryPoint","urlTemplate":"https:\/\/lasentinelle.dz\/?s={search_term_string}"},"query-input":{"@type":"PropertyValueSpecification","valueRequired":true,"valueName":"search_term_string"}}],"inLanguage":"fr-FR"},{"@type":"Organization","@id":"https:\/\/lasentinelle.dz\/#organization","name":"Quotidien La Sentinelle","url":"https:\/\/lasentinelle.dz\/","logo":{"@type":"ImageObject","inLanguage":"fr-FR","@id":"https:\/\/lasentinelle.dz\/#\/schema\/logo\/image\/","url":"https:\/\/lasentinelle.dz\/wp-content\/uploads\/2021\/09\/logo-sentinelleSLOGAN-1.png","contentUrl":"https:\/\/lasentinelle.dz\/wp-content\/uploads\/2021\/09\/logo-sentinelleSLOGAN-1.png","width":615,"height":142,"caption":"Quotidien La Sentinelle"},"image":{"@id":"https:\/\/lasentinelle.dz\/#\/schema\/logo\/image\/"},"sameAs":["https:\/\/www.facebook.com\/La-Sentinelle-104059864394773"]},{"@type":"Person","@id":"https:\/\/lasentinelle.dz\/#\/schema\/person\/d865044e22e70a75174ce8bcad3acfb3","name":"La Sentinelle","image":{"@type":"ImageObject","inLanguage":"fr-FR","@id":"https:\/\/secure.gravatar.com\/avatar\/57de8e5d4b15d43fb361a71fbb36338450fe67865b528a43dd10ef7c51a20392?s=96&d=mm&r=g","url":"https:\/\/secure.gravatar.com\/avatar\/57de8e5d4b15d43fb361a71fbb36338450fe67865b528a43dd10ef7c51a20392?s=96&d=mm&r=g","contentUrl":"https:\/\/secure.gravatar.com\/avatar\/57de8e5d4b15d43fb361a71fbb36338450fe67865b528a43dd10ef7c51a20392?s=96&d=mm&r=g","caption":"La Sentinelle"},"sameAs":["http:\/\/www.lasentinelle.dz"],"url":"https:\/\/lasentinelle.dz\/author\/redaction\/"}]}},"_links":{"self":[{"href":"https:\/\/lasentinelle.dz\/index.php\/wp-json\/wp\/v2\/posts\/45342","targetHints":{"allow":["GET"]}}],"collection":[{"href":"https:\/\/lasentinelle.dz\/index.php\/wp-json\/wp\/v2\/posts"}],"about":[{"href":"https:\/\/lasentinelle.dz\/index.php\/wp-json\/wp\/v2\/types\/post"}],"author":[{"embeddable":true,"href":"https:\/\/lasentinelle.dz\/index.php\/wp-json\/wp\/v2\/users\/3"}],"replies":[{"embeddable":true,"href":"https:\/\/lasentinelle.dz\/index.php\/wp-json\/wp\/v2\/comments?post=45342"}],"version-history":[{"count":1,"href":"https:\/\/lasentinelle.dz\/index.php\/wp-json\/wp\/v2\/posts\/45342\/revisions"}],"predecessor-version":[{"id":45344,"href":"https:\/\/lasentinelle.dz\/index.php\/wp-json\/wp\/v2\/posts\/45342\/revisions\/45344"}],"wp:featuredmedia":[{"embeddable":true,"href":"https:\/\/lasentinelle.dz\/index.php\/wp-json\/wp\/v2\/media\/45343"}],"wp:attachment":[{"href":"https:\/\/lasentinelle.dz\/index.php\/wp-json\/wp\/v2\/media?parent=45342"}],"wp:term":[{"taxonomy":"category","embeddable":true,"href":"https:\/\/lasentinelle.dz\/index.php\/wp-json\/wp\/v2\/categories?post=45342"},{"taxonomy":"post_tag","embeddable":true,"href":"https:\/\/lasentinelle.dz\/index.php\/wp-json\/wp\/v2\/tags?post=45342"}],"curies":[{"name":"wp","href":"https:\/\/api.w.org\/{rel}","templated":true}]}}