{"id":45381,"date":"2023-09-09T20:15:40","date_gmt":"2023-09-09T19:15:40","guid":{"rendered":"https:\/\/lasentinelle.dz\/?p=45381"},"modified":"2023-09-09T20:15:43","modified_gmt":"2023-09-09T19:15:43","slug":"pour-une-solution-juste-au-conflit-au-sahara-occidental","status":"publish","type":"post","link":"https:\/\/lasentinelle.dz\/index.php\/2023\/09\/09\/pour-une-solution-juste-au-conflit-au-sahara-occidental\/","title":{"rendered":"Pour une solution juste au conflit au Sahara occidental"},"content":{"rendered":"\n<p>Le pr\u00e9sident sahraoui, secr\u00e9taire g\u00e9n\u00e9ral du Front Polisario, Brahim Ghali, aura, &nbsp;lundi prochainau si\u00e8ge des Nations Unies \u00e0 New York, des entretiens avec le secr\u00e9taire g\u00e9n\u00e9ral (SG) de l&rsquo;ONU, Antonio Guterres, dans le cadre du dialogue permanent entre la partie sahraouie et le secr\u00e9tariat g\u00e9n\u00e9ral de l&rsquo;instance onusienne. Selon l&rsquo;agence de presse sahraouie (SPS), les entretiens devraient porter sur \u00ab\u00a0une s\u00e9rie de questions d&rsquo;int\u00e9r\u00eat commun, notamment l&rsquo;\u00e9tat et les perspectives du processus de paix parrain\u00e9 par les Nations Unies au Sahara Occidental et les moyens de le relancer et d&rsquo;acc\u00e9l\u00e9rer le parach\u00e8vement de la d\u00e9colonisation au Sahara occidental, inscrite \u00e0 l&rsquo;ordre du jour de l&rsquo;ONU depuis 1963, conform\u00e9ment aux r\u00e9solutions onusiennes pertinentes et aux principes du droit international\u00a0\u00bb. Les entretiens pr\u00e9vus, la semaine prochaine, entre le pr\u00e9sident de la R\u00e9publique sahraouie et le secr\u00e9taire g\u00e9n\u00e9ral des Nations Unies, en pr\u00e9sence de hauts responsables onusiens, \u00ab\u00a0interviennent dans le cadre du dialogue permanent entre la partie sahraouie et le secr\u00e9tariat g\u00e9n\u00e9ral de l&rsquo;ONU et ses organes\u00a0\u00bb, a d\u00e9clar\u00e9 aux m\u00e9dias sahraouis le repr\u00e9sentant du Front Polisario aupr\u00e8s de l&rsquo;ONU, coordonnateur de la Mission des Nations Unies pour l&rsquo;organisation d&rsquo;un r\u00e9f\u00e9rendum au Sahara occidental (MINURSO), Sidi Mohamed Omar.<\/p>\n\n\n\n<p>Ces entretiens interviennent apr\u00e8s&nbsp; la premi\u00e8re visite de l&rsquo;envoy\u00e9 personnel du SG des Nations Unies pour le Sahara occidental, Staffan de Mistura, dans les territoires sahraouis occup\u00e9s\u00a0\u00bb, apr\u00e8s le forcing et le pressing exerc\u00e9 par Washington qui a exprim\u00e9 son soutien total \u00e0 la mission de Staffan de Mistura au Sahara occidental. Un soutien r\u00e9affirm\u00e9 d\u2019ailleurs \u00e0 Rabat jeudi par le Sous-Secr\u00e9taire d&rsquo;Etat am\u00e9ricain adjoint, Joshua Harris, qui effectue une tourn\u00e9e en Afrique du Nord. Celui-ci a soulign\u00e9 le \u00ab\u00a0plein soutien\u00a0\u00bb des Etats Unis au processus politique des Nations Unies pour le Sahara Occidental et aux efforts de l&rsquo;envoy\u00e9 personnel du Secr\u00e9taire g\u00e9n\u00e9ral de l&rsquo;ONU, Staffan de Mistura, visant \u00e0 parvenir \u00e0 une solution politique durable \u00e0 la question sahraouie. M. Harris a r\u00e9affirm\u00e9 le plein soutien des Etats Unis \u00e0 l&rsquo;Envoy\u00e9 personnel des Nations Unies du secr\u00e9taire g\u00e9n\u00e9ral Staffan de Mistura et soulign\u00e9 l&rsquo;importance de l&rsquo;engagement avec ce dernier \u00ab\u00a0dans un esprit de r\u00e9alisme et de compromis, alors qu&rsquo;il intensifie ses efforts pour atteindre une solution politique durable et digne pour le Sahara Occidental\u00a0\u00bb.<\/p>\n\n\n\n<p>Notons que les entretiens entre Brahim Ghali et Antonio Guterres \u00ab\u00a0pr\u00e9c\u00e8deront la r\u00e9union du Conseil de s\u00e9curit\u00e9, pr\u00e9vue en octobre prochain, pour le renouvellement du mandat de la MINURSO, \u00e0 la lumi\u00e8re du rapport qui sera pr\u00e9sent\u00e9 par le SG sur la situation au Sahara occidental\u00a0\u00bb. Dans ses d\u00e9clarations successives, Antonio Guterres a appel\u00e9 \u00e0 une \u00ab\u00a0solution politique juste, durable et mutuellement acceptable (pour le Maroc et le Front Polisario), garantissant l&rsquo;autod\u00e9termination du peuple du Sahara occidental\u00a0\u00bb.<\/p>\n\n\n\n<p>R.N.<\/p>\n","protected":false},"excerpt":{"rendered":"<p>Le pr\u00e9sident sahraoui, secr\u00e9taire g\u00e9n\u00e9ral du Front Polisario, Brahim Ghali, aura, &nbsp;lundi prochainau si\u00e8ge des Nations Unies \u00e0 New York,<\/p>\n","protected":false},"author":3,"featured_media":45382,"comment_status":"open","ping_status":"closed","sticky":false,"template":"","format":"standard","meta":{"colormag_page_container_layout":"default_layout","colormag_page_sidebar_layout":"default_layout","om_disable_all_campaigns":false,"_monsterinsights_skip_tracking":false,"_monsterinsights_sitenote_active":false,"_monsterinsights_sitenote_note":"","_monsterinsights_sitenote_category":0,"footnotes":"","_wpscppro_dont_share_socialmedia":false,"_wpscppro_custom_social_share_image":0,"_facebook_share_type":"","_twitter_share_type":"","_linkedin_share_type":"","_pinterest_share_type":"","_linkedin_share_type_page":"","_instagram_share_type":"","_medium_share_type":"","_threads_share_type":"","_google_business_share_type":"","_selected_social_profile":[],"_wpsp_enable_custom_social_template":false,"_wpsp_social_scheduling":{"enabled":false,"datetime":null,"platforms":[],"status":"template_only","dateOption":"today","timeOption":"now","customDays":"","customHours":"","customDate":"","customTime":"","schedulingType":"absolute"},"_wpsp_active_default_template":true},"categories":[27],"tags":[],"class_list":["post-45381","post","type-post","status-publish","format-standard","has-post-thumbnail","hentry","category-actualite"],"aioseo_notices":[],"yoast_head":"<!-- This site is optimized with the Yoast SEO plugin v27.5 - https:\/\/yoast.com\/product\/yoast-seo-wordpress\/ -->\n<title>Pour une solution juste au conflit au Sahara occidental - La Sentinelle<\/title>\n<meta name=\"robots\" content=\"index, follow, max-snippet:-1, max-image-preview:large, max-video-preview:-1\" \/>\n<link rel=\"canonical\" href=\"https:\/\/lasentinelle.dz\/index.php\/2023\/09\/09\/pour-une-solution-juste-au-conflit-au-sahara-occidental\/\" \/>\n<meta property=\"og:locale\" content=\"fr_FR\" \/>\n<meta property=\"og:type\" content=\"article\" \/>\n<meta property=\"og:title\" content=\"Pour une solution juste au conflit au Sahara occidental - La Sentinelle\" \/>\n<meta property=\"og:description\" content=\"Le pr\u00e9sident sahraoui, secr\u00e9taire g\u00e9n\u00e9ral du Front Polisario, Brahim Ghali, aura, &nbsp;lundi prochainau si\u00e8ge des Nations Unies \u00e0 New York,\" \/>\n<meta property=\"og:url\" content=\"https:\/\/lasentinelle.dz\/index.php\/2023\/09\/09\/pour-une-solution-juste-au-conflit-au-sahara-occidental\/\" \/>\n<meta property=\"og:site_name\" content=\"La Sentinelle\" \/>\n<meta property=\"article:publisher\" content=\"https:\/\/www.facebook.com\/La-Sentinelle-104059864394773\" \/>\n<meta property=\"article:published_time\" content=\"2023-09-09T19:15:40+00:00\" \/>\n<meta property=\"article:modified_time\" content=\"2023-09-09T19:15:43+00:00\" \/>\n<meta property=\"og:image\" content=\"https:\/\/lasentinelle.dz\/wp-content\/uploads\/2023\/09\/ghali-guterres.jpeg\" \/>\n\t<meta property=\"og:image:width\" content=\"580\" \/>\n\t<meta property=\"og:image:height\" content=\"350\" \/>\n\t<meta property=\"og:image:type\" content=\"image\/jpeg\" \/>\n<meta name=\"author\" content=\"La Sentinelle\" \/>\n<meta name=\"twitter:card\" content=\"summary_large_image\" \/>\n<meta name=\"twitter:label1\" content=\"\u00c9crit par\" \/>\n\t<meta name=\"twitter:data1\" content=\"La Sentinelle\" \/>\n\t<meta name=\"twitter:label2\" content=\"Dur\u00e9e de lecture estim\u00e9e\" \/>\n\t<meta name=\"twitter:data2\" content=\"3 minutes\" \/>\n<script type=\"application\/ld+json\" class=\"yoast-schema-graph\">{\"@context\":\"https:\\\/\\\/schema.org\",\"@graph\":[{\"@type\":\"Article\",\"@id\":\"https:\\\/\\\/lasentinelle.dz\\\/index.php\\\/2023\\\/09\\\/09\\\/pour-une-solution-juste-au-conflit-au-sahara-occidental\\\/#article\",\"isPartOf\":{\"@id\":\"https:\\\/\\\/lasentinelle.dz\\\/index.php\\\/2023\\\/09\\\/09\\\/pour-une-solution-juste-au-conflit-au-sahara-occidental\\\/\"},\"author\":{\"name\":\"La Sentinelle\",\"@id\":\"https:\\\/\\\/lasentinelle.dz\\\/#\\\/schema\\\/person\\\/d865044e22e70a75174ce8bcad3acfb3\"},\"headline\":\"Pour une solution juste au conflit au Sahara occidental\",\"datePublished\":\"2023-09-09T19:15:40+00:00\",\"dateModified\":\"2023-09-09T19:15:43+00:00\",\"mainEntityOfPage\":{\"@id\":\"https:\\\/\\\/lasentinelle.dz\\\/index.php\\\/2023\\\/09\\\/09\\\/pour-une-solution-juste-au-conflit-au-sahara-occidental\\\/\"},\"wordCount\":532,\"commentCount\":0,\"publisher\":{\"@id\":\"https:\\\/\\\/lasentinelle.dz\\\/#organization\"},\"image\":{\"@id\":\"https:\\\/\\\/lasentinelle.dz\\\/index.php\\\/2023\\\/09\\\/09\\\/pour-une-solution-juste-au-conflit-au-sahara-occidental\\\/#primaryimage\"},\"thumbnailUrl\":\"https:\\\/\\\/lasentinelle.dz\\\/wp-content\\\/uploads\\\/2023\\\/09\\\/ghali-guterres.jpeg\",\"articleSection\":[\"Actualit\u00e9\"],\"inLanguage\":\"fr-FR\",\"potentialAction\":[{\"@type\":\"CommentAction\",\"name\":\"Comment\",\"target\":[\"https:\\\/\\\/lasentinelle.dz\\\/index.php\\\/2023\\\/09\\\/09\\\/pour-une-solution-juste-au-conflit-au-sahara-occidental\\\/#respond\"]}]},{\"@type\":\"WebPage\",\"@id\":\"https:\\\/\\\/lasentinelle.dz\\\/index.php\\\/2023\\\/09\\\/09\\\/pour-une-solution-juste-au-conflit-au-sahara-occidental\\\/\",\"url\":\"https:\\\/\\\/lasentinelle.dz\\\/index.php\\\/2023\\\/09\\\/09\\\/pour-une-solution-juste-au-conflit-au-sahara-occidental\\\/\",\"name\":\"Pour une solution juste au conflit au Sahara occidental - La Sentinelle\",\"isPartOf\":{\"@id\":\"https:\\\/\\\/lasentinelle.dz\\\/#website\"},\"primaryImageOfPage\":{\"@id\":\"https:\\\/\\\/lasentinelle.dz\\\/index.php\\\/2023\\\/09\\\/09\\\/pour-une-solution-juste-au-conflit-au-sahara-occidental\\\/#primaryimage\"},\"image\":{\"@id\":\"https:\\\/\\\/lasentinelle.dz\\\/index.php\\\/2023\\\/09\\\/09\\\/pour-une-solution-juste-au-conflit-au-sahara-occidental\\\/#primaryimage\"},\"thumbnailUrl\":\"https:\\\/\\\/lasentinelle.dz\\\/wp-content\\\/uploads\\\/2023\\\/09\\\/ghali-guterres.jpeg\",\"datePublished\":\"2023-09-09T19:15:40+00:00\",\"dateModified\":\"2023-09-09T19:15:43+00:00\",\"breadcrumb\":{\"@id\":\"https:\\\/\\\/lasentinelle.dz\\\/index.php\\\/2023\\\/09\\\/09\\\/pour-une-solution-juste-au-conflit-au-sahara-occidental\\\/#breadcrumb\"},\"inLanguage\":\"fr-FR\",\"potentialAction\":[{\"@type\":\"ReadAction\",\"target\":[\"https:\\\/\\\/lasentinelle.dz\\\/index.php\\\/2023\\\/09\\\/09\\\/pour-une-solution-juste-au-conflit-au-sahara-occidental\\\/\"]}]},{\"@type\":\"ImageObject\",\"inLanguage\":\"fr-FR\",\"@id\":\"https:\\\/\\\/lasentinelle.dz\\\/index.php\\\/2023\\\/09\\\/09\\\/pour-une-solution-juste-au-conflit-au-sahara-occidental\\\/#primaryimage\",\"url\":\"https:\\\/\\\/lasentinelle.dz\\\/wp-content\\\/uploads\\\/2023\\\/09\\\/ghali-guterres.jpeg\",\"contentUrl\":\"https:\\\/\\\/lasentinelle.dz\\\/wp-content\\\/uploads\\\/2023\\\/09\\\/ghali-guterres.jpeg\",\"width\":580,\"height\":350},{\"@type\":\"BreadcrumbList\",\"@id\":\"https:\\\/\\\/lasentinelle.dz\\\/index.php\\\/2023\\\/09\\\/09\\\/pour-une-solution-juste-au-conflit-au-sahara-occidental\\\/#breadcrumb\",\"itemListElement\":[{\"@type\":\"ListItem\",\"position\":1,\"name\":\"Accueil\",\"item\":\"https:\\\/\\\/lasentinelle.dz\\\/\"},{\"@type\":\"ListItem\",\"position\":2,\"name\":\"Pour une solution juste au conflit au Sahara occidental\"}]},{\"@type\":\"WebSite\",\"@id\":\"https:\\\/\\\/lasentinelle.dz\\\/#website\",\"url\":\"https:\\\/\\\/lasentinelle.dz\\\/\",\"name\":\"La Sentinelle\",\"description\":\"Quotidien national d&#039;information\",\"publisher\":{\"@id\":\"https:\\\/\\\/lasentinelle.dz\\\/#organization\"},\"potentialAction\":[{\"@type\":\"SearchAction\",\"target\":{\"@type\":\"EntryPoint\",\"urlTemplate\":\"https:\\\/\\\/lasentinelle.dz\\\/?s={search_term_string}\"},\"query-input\":{\"@type\":\"PropertyValueSpecification\",\"valueRequired\":true,\"valueName\":\"search_term_string\"}}],\"inLanguage\":\"fr-FR\"},{\"@type\":\"Organization\",\"@id\":\"https:\\\/\\\/lasentinelle.dz\\\/#organization\",\"name\":\"Quotidien La Sentinelle\",\"url\":\"https:\\\/\\\/lasentinelle.dz\\\/\",\"logo\":{\"@type\":\"ImageObject\",\"inLanguage\":\"fr-FR\",\"@id\":\"https:\\\/\\\/lasentinelle.dz\\\/#\\\/schema\\\/logo\\\/image\\\/\",\"url\":\"https:\\\/\\\/lasentinelle.dz\\\/wp-content\\\/uploads\\\/2021\\\/09\\\/logo-sentinelleSLOGAN-1.png\",\"contentUrl\":\"https:\\\/\\\/lasentinelle.dz\\\/wp-content\\\/uploads\\\/2021\\\/09\\\/logo-sentinelleSLOGAN-1.png\",\"width\":615,\"height\":142,\"caption\":\"Quotidien La Sentinelle\"},\"image\":{\"@id\":\"https:\\\/\\\/lasentinelle.dz\\\/#\\\/schema\\\/logo\\\/image\\\/\"},\"sameAs\":[\"https:\\\/\\\/www.facebook.com\\\/La-Sentinelle-104059864394773\"]},{\"@type\":\"Person\",\"@id\":\"https:\\\/\\\/lasentinelle.dz\\\/#\\\/schema\\\/person\\\/d865044e22e70a75174ce8bcad3acfb3\",\"name\":\"La Sentinelle\",\"image\":{\"@type\":\"ImageObject\",\"inLanguage\":\"fr-FR\",\"@id\":\"https:\\\/\\\/secure.gravatar.com\\\/avatar\\\/57de8e5d4b15d43fb361a71fbb36338450fe67865b528a43dd10ef7c51a20392?s=96&d=mm&r=g\",\"url\":\"https:\\\/\\\/secure.gravatar.com\\\/avatar\\\/57de8e5d4b15d43fb361a71fbb36338450fe67865b528a43dd10ef7c51a20392?s=96&d=mm&r=g\",\"contentUrl\":\"https:\\\/\\\/secure.gravatar.com\\\/avatar\\\/57de8e5d4b15d43fb361a71fbb36338450fe67865b528a43dd10ef7c51a20392?s=96&d=mm&r=g\",\"caption\":\"La Sentinelle\"},\"sameAs\":[\"http:\\\/\\\/www.lasentinelle.dz\"],\"url\":\"https:\\\/\\\/lasentinelle.dz\\\/author\\\/redaction\\\/\"}]}<\/script>\n<!-- \/ Yoast SEO plugin. -->","yoast_head_json":{"title":"Pour une solution juste au conflit au Sahara occidental - La Sentinelle","robots":{"index":"index","follow":"follow","max-snippet":"max-snippet:-1","max-image-preview":"max-image-preview:large","max-video-preview":"max-video-preview:-1"},"canonical":"https:\/\/lasentinelle.dz\/index.php\/2023\/09\/09\/pour-une-solution-juste-au-conflit-au-sahara-occidental\/","og_locale":"fr_FR","og_type":"article","og_title":"Pour une solution juste au conflit au Sahara occidental - La Sentinelle","og_description":"Le pr\u00e9sident sahraoui, secr\u00e9taire g\u00e9n\u00e9ral du Front Polisario, Brahim Ghali, aura, &nbsp;lundi prochainau si\u00e8ge des Nations Unies \u00e0 New York,","og_url":"https:\/\/lasentinelle.dz\/index.php\/2023\/09\/09\/pour-une-solution-juste-au-conflit-au-sahara-occidental\/","og_site_name":"La Sentinelle","article_publisher":"https:\/\/www.facebook.com\/La-Sentinelle-104059864394773","article_published_time":"2023-09-09T19:15:40+00:00","article_modified_time":"2023-09-09T19:15:43+00:00","og_image":[{"width":580,"height":350,"url":"https:\/\/lasentinelle.dz\/wp-content\/uploads\/2023\/09\/ghali-guterres.jpeg","type":"image\/jpeg"}],"author":"La Sentinelle","twitter_card":"summary_large_image","twitter_misc":{"\u00c9crit par":"La Sentinelle","Dur\u00e9e de lecture estim\u00e9e":"3 minutes"},"schema":{"@context":"https:\/\/schema.org","@graph":[{"@type":"Article","@id":"https:\/\/lasentinelle.dz\/index.php\/2023\/09\/09\/pour-une-solution-juste-au-conflit-au-sahara-occidental\/#article","isPartOf":{"@id":"https:\/\/lasentinelle.dz\/index.php\/2023\/09\/09\/pour-une-solution-juste-au-conflit-au-sahara-occidental\/"},"author":{"name":"La Sentinelle","@id":"https:\/\/lasentinelle.dz\/#\/schema\/person\/d865044e22e70a75174ce8bcad3acfb3"},"headline":"Pour une solution juste au conflit au Sahara occidental","datePublished":"2023-09-09T19:15:40+00:00","dateModified":"2023-09-09T19:15:43+00:00","mainEntityOfPage":{"@id":"https:\/\/lasentinelle.dz\/index.php\/2023\/09\/09\/pour-une-solution-juste-au-conflit-au-sahara-occidental\/"},"wordCount":532,"commentCount":0,"publisher":{"@id":"https:\/\/lasentinelle.dz\/#organization"},"image":{"@id":"https:\/\/lasentinelle.dz\/index.php\/2023\/09\/09\/pour-une-solution-juste-au-conflit-au-sahara-occidental\/#primaryimage"},"thumbnailUrl":"https:\/\/lasentinelle.dz\/wp-content\/uploads\/2023\/09\/ghali-guterres.jpeg","articleSection":["Actualit\u00e9"],"inLanguage":"fr-FR","potentialAction":[{"@type":"CommentAction","name":"Comment","target":["https:\/\/lasentinelle.dz\/index.php\/2023\/09\/09\/pour-une-solution-juste-au-conflit-au-sahara-occidental\/#respond"]}]},{"@type":"WebPage","@id":"https:\/\/lasentinelle.dz\/index.php\/2023\/09\/09\/pour-une-solution-juste-au-conflit-au-sahara-occidental\/","url":"https:\/\/lasentinelle.dz\/index.php\/2023\/09\/09\/pour-une-solution-juste-au-conflit-au-sahara-occidental\/","name":"Pour une solution juste au conflit au Sahara occidental - La Sentinelle","isPartOf":{"@id":"https:\/\/lasentinelle.dz\/#website"},"primaryImageOfPage":{"@id":"https:\/\/lasentinelle.dz\/index.php\/2023\/09\/09\/pour-une-solution-juste-au-conflit-au-sahara-occidental\/#primaryimage"},"image":{"@id":"https:\/\/lasentinelle.dz\/index.php\/2023\/09\/09\/pour-une-solution-juste-au-conflit-au-sahara-occidental\/#primaryimage"},"thumbnailUrl":"https:\/\/lasentinelle.dz\/wp-content\/uploads\/2023\/09\/ghali-guterres.jpeg","datePublished":"2023-09-09T19:15:40+00:00","dateModified":"2023-09-09T19:15:43+00:00","breadcrumb":{"@id":"https:\/\/lasentinelle.dz\/index.php\/2023\/09\/09\/pour-une-solution-juste-au-conflit-au-sahara-occidental\/#breadcrumb"},"inLanguage":"fr-FR","potentialAction":[{"@type":"ReadAction","target":["https:\/\/lasentinelle.dz\/index.php\/2023\/09\/09\/pour-une-solution-juste-au-conflit-au-sahara-occidental\/"]}]},{"@type":"ImageObject","inLanguage":"fr-FR","@id":"https:\/\/lasentinelle.dz\/index.php\/2023\/09\/09\/pour-une-solution-juste-au-conflit-au-sahara-occidental\/#primaryimage","url":"https:\/\/lasentinelle.dz\/wp-content\/uploads\/2023\/09\/ghali-guterres.jpeg","contentUrl":"https:\/\/lasentinelle.dz\/wp-content\/uploads\/2023\/09\/ghali-guterres.jpeg","width":580,"height":350},{"@type":"BreadcrumbList","@id":"https:\/\/lasentinelle.dz\/index.php\/2023\/09\/09\/pour-une-solution-juste-au-conflit-au-sahara-occidental\/#breadcrumb","itemListElement":[{"@type":"ListItem","position":1,"name":"Accueil","item":"https:\/\/lasentinelle.dz\/"},{"@type":"ListItem","position":2,"name":"Pour une solution juste au conflit au Sahara occidental"}]},{"@type":"WebSite","@id":"https:\/\/lasentinelle.dz\/#website","url":"https:\/\/lasentinelle.dz\/","name":"La Sentinelle","description":"Quotidien national d&#039;information","publisher":{"@id":"https:\/\/lasentinelle.dz\/#organization"},"potentialAction":[{"@type":"SearchAction","target":{"@type":"EntryPoint","urlTemplate":"https:\/\/lasentinelle.dz\/?s={search_term_string}"},"query-input":{"@type":"PropertyValueSpecification","valueRequired":true,"valueName":"search_term_string"}}],"inLanguage":"fr-FR"},{"@type":"Organization","@id":"https:\/\/lasentinelle.dz\/#organization","name":"Quotidien La Sentinelle","url":"https:\/\/lasentinelle.dz\/","logo":{"@type":"ImageObject","inLanguage":"fr-FR","@id":"https:\/\/lasentinelle.dz\/#\/schema\/logo\/image\/","url":"https:\/\/lasentinelle.dz\/wp-content\/uploads\/2021\/09\/logo-sentinelleSLOGAN-1.png","contentUrl":"https:\/\/lasentinelle.dz\/wp-content\/uploads\/2021\/09\/logo-sentinelleSLOGAN-1.png","width":615,"height":142,"caption":"Quotidien La Sentinelle"},"image":{"@id":"https:\/\/lasentinelle.dz\/#\/schema\/logo\/image\/"},"sameAs":["https:\/\/www.facebook.com\/La-Sentinelle-104059864394773"]},{"@type":"Person","@id":"https:\/\/lasentinelle.dz\/#\/schema\/person\/d865044e22e70a75174ce8bcad3acfb3","name":"La Sentinelle","image":{"@type":"ImageObject","inLanguage":"fr-FR","@id":"https:\/\/secure.gravatar.com\/avatar\/57de8e5d4b15d43fb361a71fbb36338450fe67865b528a43dd10ef7c51a20392?s=96&d=mm&r=g","url":"https:\/\/secure.gravatar.com\/avatar\/57de8e5d4b15d43fb361a71fbb36338450fe67865b528a43dd10ef7c51a20392?s=96&d=mm&r=g","contentUrl":"https:\/\/secure.gravatar.com\/avatar\/57de8e5d4b15d43fb361a71fbb36338450fe67865b528a43dd10ef7c51a20392?s=96&d=mm&r=g","caption":"La Sentinelle"},"sameAs":["http:\/\/www.lasentinelle.dz"],"url":"https:\/\/lasentinelle.dz\/author\/redaction\/"}]}},"_links":{"self":[{"href":"https:\/\/lasentinelle.dz\/index.php\/wp-json\/wp\/v2\/posts\/45381","targetHints":{"allow":["GET"]}}],"collection":[{"href":"https:\/\/lasentinelle.dz\/index.php\/wp-json\/wp\/v2\/posts"}],"about":[{"href":"https:\/\/lasentinelle.dz\/index.php\/wp-json\/wp\/v2\/types\/post"}],"author":[{"embeddable":true,"href":"https:\/\/lasentinelle.dz\/index.php\/wp-json\/wp\/v2\/users\/3"}],"replies":[{"embeddable":true,"href":"https:\/\/lasentinelle.dz\/index.php\/wp-json\/wp\/v2\/comments?post=45381"}],"version-history":[{"count":1,"href":"https:\/\/lasentinelle.dz\/index.php\/wp-json\/wp\/v2\/posts\/45381\/revisions"}],"predecessor-version":[{"id":45383,"href":"https:\/\/lasentinelle.dz\/index.php\/wp-json\/wp\/v2\/posts\/45381\/revisions\/45383"}],"wp:featuredmedia":[{"embeddable":true,"href":"https:\/\/lasentinelle.dz\/index.php\/wp-json\/wp\/v2\/media\/45382"}],"wp:attachment":[{"href":"https:\/\/lasentinelle.dz\/index.php\/wp-json\/wp\/v2\/media?parent=45381"}],"wp:term":[{"taxonomy":"category","embeddable":true,"href":"https:\/\/lasentinelle.dz\/index.php\/wp-json\/wp\/v2\/categories?post=45381"},{"taxonomy":"post_tag","embeddable":true,"href":"https:\/\/lasentinelle.dz\/index.php\/wp-json\/wp\/v2\/tags?post=45381"}],"curies":[{"name":"wp","href":"https:\/\/api.w.org\/{rel}","templated":true}]}}