{"id":45401,"date":"2023-09-10T20:56:25","date_gmt":"2023-09-10T19:56:25","guid":{"rendered":"https:\/\/lasentinelle.dz\/?p=45401"},"modified":"2023-09-10T20:56:26","modified_gmt":"2023-09-10T19:56:26","slug":"en-prevision-du-match-face-au-senegal-les-verts-aujourdhui-a-dakar","status":"publish","type":"post","link":"https:\/\/lasentinelle.dz\/index.php\/2023\/09\/10\/en-prevision-du-match-face-au-senegal-les-verts-aujourdhui-a-dakar\/","title":{"rendered":"En pr\u00e9vision du match face au S\u00e9n\u00e9gal\u00a0: Les Verts aujourd\u2019hui \u00e0 Dakar"},"content":{"rendered":"\n<p><strong>Les Verts pr\u00e9parent activement la rencontre avec le S\u00e9n\u00e9gal. Samedi, ils ont men\u00e9 leur 5<sup>e<\/sup> s\u00e9ance d\u2019entrainement et cette fois avec un groupe au complet. Ils se rendront aujourd\u2019hui \u00e0 Dakar en pr\u00e9vision de leur match amical face au S\u00e9n\u00e9gal pr\u00e9vu demain.<\/strong><\/p>\n\n\n\n<p>C\u2019est ce lundi matin que la d\u00e9l\u00e9gation alg\u00e9rienne devrait rallier la capitale du S\u00e9n\u00e9gal, \u00e0 bord d\u2019un avion sp\u00e9cial de la compagnie nationale, Air Alg\u00e9rie. Les Verts seront h\u00e9berg\u00e9s \u00e0 l\u2019h\u00f4tel Radison Blue \u00e0 Dakar et n\u2019auront droit qu\u2019\u00e0 une seule s\u00e9ance d\u2019entrainement sur le terrain principal du stade Abdoulaye Wade, th\u00e9\u00e2tre de la rencontre face aux Lions de la T\u00e9ranga. C\u2019est dans cette perspective que les Vert ont encha\u00een\u00e9 leur cinqui\u00e8me s\u00e9ance d\u2019entra\u00eenement avec un effectif au grand complet sur le terrain du stade du Chahid Hamlaoui de Constantine, apr\u00e8s les retours la veille de Rami Bensbaini et de Baghdad Bounedjah. Selon un communiqu\u00e9 de la F\u00e9d\u00e9ration alg\u00e9rienne de football (FAF), la s\u00e9ance a d\u00e9but\u00e9 avec des exercices d\u2019\u00e9chauffement vari\u00e9s (avec et sans ballon), et un travail sp\u00e9cifique pour Sofiane Feghouli avant qu\u2019il ne rejoigne le reste du groupe. Vers 18h45 (la s\u00e9ance avait d\u00e9but\u00e9 \u00e0 18h00), le coach national a invit\u00e9 les joueurs pour la premi\u00e8re opposition en deux groupes de 5 contre 5 puis \u00e0 une mise en place tactique entre carr\u00e9ment deux \u00e9quipes sur les deux-tiers du terrain.<\/p>\n\n\n\n<p>L&rsquo;\u00e9quipe alg\u00e9rienne affronte son homologue s\u00e9n\u00e9galaise en match amical, mardi \u00e0 20h00 (heure alg\u00e9rienne) au stade Abdoulaye-Wade de Diamniadio. Mais les S\u00e9n\u00e9galais accumulent les tuiles. Apr\u00e8s s\u2019\u00eatre faits surpris samedi par le Rwanda qui a impos\u00e9 le nul (1-1) lors de la derni\u00e8re journ\u00e9e des \u00c9liminatoires de la CAN-2023, les Lions de la Teranga connaissent des forfaits qui risquent de les handicaper face aux Verts. En effet, les internationaux s\u00e9n\u00e9galais Isma\u00efla Sarr et Formose Mendy sont forfaits pour le match amical contre l&rsquo;Alg\u00e9rie, a r\u00e9v\u00e9l\u00e9 dimanche le m\u00e9dia local Taggat. Bless\u00e9 au ischio-jambier, Isma\u00efla Sarr, \u00e9voluant \u00e0 l&rsquo;Olympique de Marseille, a rejoint le groupe s\u00e9n\u00e9galais depuis mardi dernier en rassemblement \u00e0 Diamniadio, mais il ne pourra pas prendre part au match de mardi, a expliqu\u00e9 la m\u00eame source, souvent bien inform\u00e9e. De son c\u00f4t\u00e9, la nouvelle recrue de Lorient en France, Formose Mendy, touch\u00e9 \u00e0 la cheville, ne pourra pas aussi prendre part \u00e0 la rencontre contre l&rsquo;Alg\u00e9rie. Le d\u00e9fenseur polyvalent de 22 ans a d\u00e9clar\u00e9 forfait et devra attendre pour honorer sa 5\u00e8me cape sous le maillot des Lions. Par contre, Youssouf Sabaly (Betis S\u00e9ville) serait incertain, selon certains m\u00e9dias. L&rsquo;absence Sabaly (30 ans), habituel titulaire au poste d&rsquo;arri\u00e8re droit, conjugu\u00e9e \u00e0 celle de Mendy poserait donc probl\u00e8me dans le couloir droit de la d\u00e9fense s\u00e9n\u00e9galaise. Entre Sarr, Mendy et peut-\u00eatre Sabaly, c&rsquo;est donc avec une \u00e9quipe amoindrie que les troupes d&rsquo;Aliou Ciss\u00e9 vont se pr\u00e9senter devant la s\u00e9lection alg\u00e9rienne, conduite par le capitaine Riyad Mahrez, mais elle aussi priv\u00e9e de plusieurs bons \u00e9l\u00e9ments, \u00e0 l&rsquo;image de Bennacer et Aouar (bless\u00e9s).<\/p>\n\n\n\n<p>Les deux \u00e9quipes vont jouer leur dixi\u00e8me match amical depuis 1977. Les S\u00e9n\u00e9galais ont perdu sur le m\u00eame score (0-1) contre les Verts leurs deux derniers matchs de la Coupe d\u2019Afrique des nations 2019. Lors de la CAN \u00e9gyptienne, ils \u00e9taient battus d\u2019entr\u00e9e en match de poule avant de s&rsquo;incliner de nouveau en finale (1-0) contre les hommes du coach Djamel Belmadi. Le match S\u00e9n\u00e9gal-Alg\u00e9rie aura &nbsp;donc l&rsquo;allure de revanche c\u00f4t\u00e9 s\u00e9n\u00e9galais). Cette semaine, en zone mixte, le capitaine des Lions de la Terranga, Sadio Man\u00e9 a toutefois tent\u00e9 d&rsquo;\u00e9vacuer cette notion de revanche, d\u00e9clarant: \u00ab\u00a0Ce n\u2019est pas forc\u00e9ment une revanche. On a perdu deux fois contre l\u2019Alg\u00e9rie et elle m\u00e9ritait de gagner. C\u2019\u00e9tait clair. Apr\u00e8s, je pense que depuis lors, on est redevenu une autre. Ils (les Alg\u00e9riens) le savent. C\u2019est un match important pour nous, d\u2019autant qu\u2019on joue \u00e0 domicile. On sait que cela ne sera pas facile mais on est capable de battre n\u2019importe quelle \u00e9quipe. On est bien pr\u00e9par\u00e9s. On attend juste le jour J\u00a0\u00bb. Pour rappel, les deux s\u00e9lections sont qualifi\u00e9es pour la prochaine Coupe d&rsquo;Afrique des nations pr\u00e9vue en C\u00f4te d&rsquo;Ivoire du 13 janvier au 11 f\u00e9vrier 2024.<\/p>\n\n\n\n<p>R.S.<\/p>\n","protected":false},"excerpt":{"rendered":"<p>Les Verts pr\u00e9parent activement la rencontre avec le S\u00e9n\u00e9gal. Samedi, ils ont men\u00e9 leur 5e s\u00e9ance d\u2019entrainement et cette fois<\/p>\n","protected":false},"author":3,"featured_media":45402,"comment_status":"open","ping_status":"closed","sticky":false,"template":"","format":"standard","meta":{"colormag_page_container_layout":"default_layout","colormag_page_sidebar_layout":"default_layout","om_disable_all_campaigns":false,"_monsterinsights_skip_tracking":false,"_monsterinsights_sitenote_active":false,"_monsterinsights_sitenote_note":"","_monsterinsights_sitenote_category":0,"footnotes":"","_wpscppro_dont_share_socialmedia":false,"_wpscppro_custom_social_share_image":0,"_facebook_share_type":"","_twitter_share_type":"","_linkedin_share_type":"","_pinterest_share_type":"","_linkedin_share_type_page":"","_instagram_share_type":"","_medium_share_type":"","_threads_share_type":"","_google_business_share_type":"","_selected_social_profile":[],"_wpsp_enable_custom_social_template":false,"_wpsp_social_scheduling":{"enabled":false,"datetime":null,"platforms":[],"status":"template_only","dateOption":"today","timeOption":"now","customDays":"","customHours":"","customDate":"","customTime":"","schedulingType":"absolute"},"_wpsp_active_default_template":true},"categories":[52,33],"tags":[],"class_list":["post-45401","post","type-post","status-publish","format-standard","has-post-thumbnail","hentry","category-a-la-une","category-sports"],"aioseo_notices":[],"yoast_head":"<!-- This site is optimized with the Yoast SEO plugin v27.4 - https:\/\/yoast.com\/product\/yoast-seo-wordpress\/ -->\n<title>En pr\u00e9vision du match face au S\u00e9n\u00e9gal\u00a0: Les Verts aujourd\u2019hui \u00e0 Dakar - La Sentinelle<\/title>\n<meta name=\"robots\" content=\"index, follow, max-snippet:-1, max-image-preview:large, max-video-preview:-1\" \/>\n<link rel=\"canonical\" href=\"https:\/\/lasentinelle.dz\/index.php\/2023\/09\/10\/en-prevision-du-match-face-au-senegal-les-verts-aujourdhui-a-dakar\/\" \/>\n<meta property=\"og:locale\" content=\"fr_FR\" \/>\n<meta property=\"og:type\" content=\"article\" \/>\n<meta property=\"og:title\" content=\"En pr\u00e9vision du match face au S\u00e9n\u00e9gal\u00a0: Les Verts aujourd\u2019hui \u00e0 Dakar - La Sentinelle\" \/>\n<meta property=\"og:description\" content=\"Les Verts pr\u00e9parent activement la rencontre avec le S\u00e9n\u00e9gal. Samedi, ils ont men\u00e9 leur 5e s\u00e9ance d\u2019entrainement et cette fois\" \/>\n<meta property=\"og:url\" content=\"https:\/\/lasentinelle.dz\/index.php\/2023\/09\/10\/en-prevision-du-match-face-au-senegal-les-verts-aujourdhui-a-dakar\/\" \/>\n<meta property=\"og:site_name\" content=\"La Sentinelle\" \/>\n<meta property=\"article:publisher\" content=\"https:\/\/www.facebook.com\/La-Sentinelle-104059864394773\" \/>\n<meta property=\"article:published_time\" content=\"2023-09-10T19:56:25+00:00\" \/>\n<meta property=\"article:modified_time\" content=\"2023-09-10T19:56:26+00:00\" \/>\n<meta property=\"og:image\" content=\"https:\/\/lasentinelle.dz\/wp-content\/uploads\/2023\/09\/EN-2.jpeg\" \/>\n\t<meta property=\"og:image:width\" content=\"2000\" \/>\n\t<meta property=\"og:image:height\" content=\"1333\" \/>\n\t<meta property=\"og:image:type\" content=\"image\/jpeg\" \/>\n<meta name=\"author\" content=\"La Sentinelle\" \/>\n<meta name=\"twitter:card\" content=\"summary_large_image\" \/>\n<meta name=\"twitter:label1\" content=\"\u00c9crit par\" \/>\n\t<meta name=\"twitter:data1\" content=\"La Sentinelle\" \/>\n\t<meta name=\"twitter:label2\" content=\"Dur\u00e9e de lecture estim\u00e9e\" \/>\n\t<meta name=\"twitter:data2\" content=\"4 minutes\" \/>\n<script type=\"application\/ld+json\" class=\"yoast-schema-graph\">{\"@context\":\"https:\\\/\\\/schema.org\",\"@graph\":[{\"@type\":\"Article\",\"@id\":\"https:\\\/\\\/lasentinelle.dz\\\/index.php\\\/2023\\\/09\\\/10\\\/en-prevision-du-match-face-au-senegal-les-verts-aujourdhui-a-dakar\\\/#article\",\"isPartOf\":{\"@id\":\"https:\\\/\\\/lasentinelle.dz\\\/index.php\\\/2023\\\/09\\\/10\\\/en-prevision-du-match-face-au-senegal-les-verts-aujourdhui-a-dakar\\\/\"},\"author\":{\"name\":\"La Sentinelle\",\"@id\":\"https:\\\/\\\/lasentinelle.dz\\\/#\\\/schema\\\/person\\\/d865044e22e70a75174ce8bcad3acfb3\"},\"headline\":\"En pr\u00e9vision du match face au S\u00e9n\u00e9gal\u00a0: Les Verts aujourd\u2019hui \u00e0 Dakar\",\"datePublished\":\"2023-09-10T19:56:25+00:00\",\"dateModified\":\"2023-09-10T19:56:26+00:00\",\"mainEntityOfPage\":{\"@id\":\"https:\\\/\\\/lasentinelle.dz\\\/index.php\\\/2023\\\/09\\\/10\\\/en-prevision-du-match-face-au-senegal-les-verts-aujourdhui-a-dakar\\\/\"},\"wordCount\":811,\"commentCount\":0,\"publisher\":{\"@id\":\"https:\\\/\\\/lasentinelle.dz\\\/#organization\"},\"image\":{\"@id\":\"https:\\\/\\\/lasentinelle.dz\\\/index.php\\\/2023\\\/09\\\/10\\\/en-prevision-du-match-face-au-senegal-les-verts-aujourdhui-a-dakar\\\/#primaryimage\"},\"thumbnailUrl\":\"https:\\\/\\\/lasentinelle.dz\\\/wp-content\\\/uploads\\\/2023\\\/09\\\/EN-2.jpeg\",\"articleSection\":[\"\u00c0 la Une\",\"Sports\"],\"inLanguage\":\"fr-FR\",\"potentialAction\":[{\"@type\":\"CommentAction\",\"name\":\"Comment\",\"target\":[\"https:\\\/\\\/lasentinelle.dz\\\/index.php\\\/2023\\\/09\\\/10\\\/en-prevision-du-match-face-au-senegal-les-verts-aujourdhui-a-dakar\\\/#respond\"]}]},{\"@type\":\"WebPage\",\"@id\":\"https:\\\/\\\/lasentinelle.dz\\\/index.php\\\/2023\\\/09\\\/10\\\/en-prevision-du-match-face-au-senegal-les-verts-aujourdhui-a-dakar\\\/\",\"url\":\"https:\\\/\\\/lasentinelle.dz\\\/index.php\\\/2023\\\/09\\\/10\\\/en-prevision-du-match-face-au-senegal-les-verts-aujourdhui-a-dakar\\\/\",\"name\":\"En pr\u00e9vision du match face au S\u00e9n\u00e9gal\u00a0: Les Verts aujourd\u2019hui \u00e0 Dakar - La Sentinelle\",\"isPartOf\":{\"@id\":\"https:\\\/\\\/lasentinelle.dz\\\/#website\"},\"primaryImageOfPage\":{\"@id\":\"https:\\\/\\\/lasentinelle.dz\\\/index.php\\\/2023\\\/09\\\/10\\\/en-prevision-du-match-face-au-senegal-les-verts-aujourdhui-a-dakar\\\/#primaryimage\"},\"image\":{\"@id\":\"https:\\\/\\\/lasentinelle.dz\\\/index.php\\\/2023\\\/09\\\/10\\\/en-prevision-du-match-face-au-senegal-les-verts-aujourdhui-a-dakar\\\/#primaryimage\"},\"thumbnailUrl\":\"https:\\\/\\\/lasentinelle.dz\\\/wp-content\\\/uploads\\\/2023\\\/09\\\/EN-2.jpeg\",\"datePublished\":\"2023-09-10T19:56:25+00:00\",\"dateModified\":\"2023-09-10T19:56:26+00:00\",\"breadcrumb\":{\"@id\":\"https:\\\/\\\/lasentinelle.dz\\\/index.php\\\/2023\\\/09\\\/10\\\/en-prevision-du-match-face-au-senegal-les-verts-aujourdhui-a-dakar\\\/#breadcrumb\"},\"inLanguage\":\"fr-FR\",\"potentialAction\":[{\"@type\":\"ReadAction\",\"target\":[\"https:\\\/\\\/lasentinelle.dz\\\/index.php\\\/2023\\\/09\\\/10\\\/en-prevision-du-match-face-au-senegal-les-verts-aujourdhui-a-dakar\\\/\"]}]},{\"@type\":\"ImageObject\",\"inLanguage\":\"fr-FR\",\"@id\":\"https:\\\/\\\/lasentinelle.dz\\\/index.php\\\/2023\\\/09\\\/10\\\/en-prevision-du-match-face-au-senegal-les-verts-aujourdhui-a-dakar\\\/#primaryimage\",\"url\":\"https:\\\/\\\/lasentinelle.dz\\\/wp-content\\\/uploads\\\/2023\\\/09\\\/EN-2.jpeg\",\"contentUrl\":\"https:\\\/\\\/lasentinelle.dz\\\/wp-content\\\/uploads\\\/2023\\\/09\\\/EN-2.jpeg\",\"width\":2000,\"height\":1333},{\"@type\":\"BreadcrumbList\",\"@id\":\"https:\\\/\\\/lasentinelle.dz\\\/index.php\\\/2023\\\/09\\\/10\\\/en-prevision-du-match-face-au-senegal-les-verts-aujourdhui-a-dakar\\\/#breadcrumb\",\"itemListElement\":[{\"@type\":\"ListItem\",\"position\":1,\"name\":\"Accueil\",\"item\":\"https:\\\/\\\/lasentinelle.dz\\\/\"},{\"@type\":\"ListItem\",\"position\":2,\"name\":\"En pr\u00e9vision du match face au S\u00e9n\u00e9gal\u00a0: Les Verts aujourd\u2019hui \u00e0 Dakar\"}]},{\"@type\":\"WebSite\",\"@id\":\"https:\\\/\\\/lasentinelle.dz\\\/#website\",\"url\":\"https:\\\/\\\/lasentinelle.dz\\\/\",\"name\":\"La Sentinelle\",\"description\":\"Quotidien national d&#039;information\",\"publisher\":{\"@id\":\"https:\\\/\\\/lasentinelle.dz\\\/#organization\"},\"potentialAction\":[{\"@type\":\"SearchAction\",\"target\":{\"@type\":\"EntryPoint\",\"urlTemplate\":\"https:\\\/\\\/lasentinelle.dz\\\/?s={search_term_string}\"},\"query-input\":{\"@type\":\"PropertyValueSpecification\",\"valueRequired\":true,\"valueName\":\"search_term_string\"}}],\"inLanguage\":\"fr-FR\"},{\"@type\":\"Organization\",\"@id\":\"https:\\\/\\\/lasentinelle.dz\\\/#organization\",\"name\":\"Quotidien La Sentinelle\",\"url\":\"https:\\\/\\\/lasentinelle.dz\\\/\",\"logo\":{\"@type\":\"ImageObject\",\"inLanguage\":\"fr-FR\",\"@id\":\"https:\\\/\\\/lasentinelle.dz\\\/#\\\/schema\\\/logo\\\/image\\\/\",\"url\":\"https:\\\/\\\/lasentinelle.dz\\\/wp-content\\\/uploads\\\/2021\\\/09\\\/logo-sentinelleSLOGAN-1.png\",\"contentUrl\":\"https:\\\/\\\/lasentinelle.dz\\\/wp-content\\\/uploads\\\/2021\\\/09\\\/logo-sentinelleSLOGAN-1.png\",\"width\":615,\"height\":142,\"caption\":\"Quotidien La Sentinelle\"},\"image\":{\"@id\":\"https:\\\/\\\/lasentinelle.dz\\\/#\\\/schema\\\/logo\\\/image\\\/\"},\"sameAs\":[\"https:\\\/\\\/www.facebook.com\\\/La-Sentinelle-104059864394773\"]},{\"@type\":\"Person\",\"@id\":\"https:\\\/\\\/lasentinelle.dz\\\/#\\\/schema\\\/person\\\/d865044e22e70a75174ce8bcad3acfb3\",\"name\":\"La Sentinelle\",\"image\":{\"@type\":\"ImageObject\",\"inLanguage\":\"fr-FR\",\"@id\":\"https:\\\/\\\/secure.gravatar.com\\\/avatar\\\/57de8e5d4b15d43fb361a71fbb36338450fe67865b528a43dd10ef7c51a20392?s=96&d=mm&r=g\",\"url\":\"https:\\\/\\\/secure.gravatar.com\\\/avatar\\\/57de8e5d4b15d43fb361a71fbb36338450fe67865b528a43dd10ef7c51a20392?s=96&d=mm&r=g\",\"contentUrl\":\"https:\\\/\\\/secure.gravatar.com\\\/avatar\\\/57de8e5d4b15d43fb361a71fbb36338450fe67865b528a43dd10ef7c51a20392?s=96&d=mm&r=g\",\"caption\":\"La Sentinelle\"},\"sameAs\":[\"http:\\\/\\\/www.lasentinelle.dz\"],\"url\":\"https:\\\/\\\/lasentinelle.dz\\\/author\\\/redaction\\\/\"}]}<\/script>\n<!-- \/ Yoast SEO plugin. -->","yoast_head_json":{"title":"En pr\u00e9vision du match face au S\u00e9n\u00e9gal\u00a0: Les Verts aujourd\u2019hui \u00e0 Dakar - La Sentinelle","robots":{"index":"index","follow":"follow","max-snippet":"max-snippet:-1","max-image-preview":"max-image-preview:large","max-video-preview":"max-video-preview:-1"},"canonical":"https:\/\/lasentinelle.dz\/index.php\/2023\/09\/10\/en-prevision-du-match-face-au-senegal-les-verts-aujourdhui-a-dakar\/","og_locale":"fr_FR","og_type":"article","og_title":"En pr\u00e9vision du match face au S\u00e9n\u00e9gal\u00a0: Les Verts aujourd\u2019hui \u00e0 Dakar - La Sentinelle","og_description":"Les Verts pr\u00e9parent activement la rencontre avec le S\u00e9n\u00e9gal. Samedi, ils ont men\u00e9 leur 5e s\u00e9ance d\u2019entrainement et cette fois","og_url":"https:\/\/lasentinelle.dz\/index.php\/2023\/09\/10\/en-prevision-du-match-face-au-senegal-les-verts-aujourdhui-a-dakar\/","og_site_name":"La Sentinelle","article_publisher":"https:\/\/www.facebook.com\/La-Sentinelle-104059864394773","article_published_time":"2023-09-10T19:56:25+00:00","article_modified_time":"2023-09-10T19:56:26+00:00","og_image":[{"width":2000,"height":1333,"url":"https:\/\/lasentinelle.dz\/wp-content\/uploads\/2023\/09\/EN-2.jpeg","type":"image\/jpeg"}],"author":"La Sentinelle","twitter_card":"summary_large_image","twitter_misc":{"\u00c9crit par":"La Sentinelle","Dur\u00e9e de lecture estim\u00e9e":"4 minutes"},"schema":{"@context":"https:\/\/schema.org","@graph":[{"@type":"Article","@id":"https:\/\/lasentinelle.dz\/index.php\/2023\/09\/10\/en-prevision-du-match-face-au-senegal-les-verts-aujourdhui-a-dakar\/#article","isPartOf":{"@id":"https:\/\/lasentinelle.dz\/index.php\/2023\/09\/10\/en-prevision-du-match-face-au-senegal-les-verts-aujourdhui-a-dakar\/"},"author":{"name":"La Sentinelle","@id":"https:\/\/lasentinelle.dz\/#\/schema\/person\/d865044e22e70a75174ce8bcad3acfb3"},"headline":"En pr\u00e9vision du match face au S\u00e9n\u00e9gal\u00a0: Les Verts aujourd\u2019hui \u00e0 Dakar","datePublished":"2023-09-10T19:56:25+00:00","dateModified":"2023-09-10T19:56:26+00:00","mainEntityOfPage":{"@id":"https:\/\/lasentinelle.dz\/index.php\/2023\/09\/10\/en-prevision-du-match-face-au-senegal-les-verts-aujourdhui-a-dakar\/"},"wordCount":811,"commentCount":0,"publisher":{"@id":"https:\/\/lasentinelle.dz\/#organization"},"image":{"@id":"https:\/\/lasentinelle.dz\/index.php\/2023\/09\/10\/en-prevision-du-match-face-au-senegal-les-verts-aujourdhui-a-dakar\/#primaryimage"},"thumbnailUrl":"https:\/\/lasentinelle.dz\/wp-content\/uploads\/2023\/09\/EN-2.jpeg","articleSection":["\u00c0 la Une","Sports"],"inLanguage":"fr-FR","potentialAction":[{"@type":"CommentAction","name":"Comment","target":["https:\/\/lasentinelle.dz\/index.php\/2023\/09\/10\/en-prevision-du-match-face-au-senegal-les-verts-aujourdhui-a-dakar\/#respond"]}]},{"@type":"WebPage","@id":"https:\/\/lasentinelle.dz\/index.php\/2023\/09\/10\/en-prevision-du-match-face-au-senegal-les-verts-aujourdhui-a-dakar\/","url":"https:\/\/lasentinelle.dz\/index.php\/2023\/09\/10\/en-prevision-du-match-face-au-senegal-les-verts-aujourdhui-a-dakar\/","name":"En pr\u00e9vision du match face au S\u00e9n\u00e9gal\u00a0: Les Verts aujourd\u2019hui \u00e0 Dakar - La Sentinelle","isPartOf":{"@id":"https:\/\/lasentinelle.dz\/#website"},"primaryImageOfPage":{"@id":"https:\/\/lasentinelle.dz\/index.php\/2023\/09\/10\/en-prevision-du-match-face-au-senegal-les-verts-aujourdhui-a-dakar\/#primaryimage"},"image":{"@id":"https:\/\/lasentinelle.dz\/index.php\/2023\/09\/10\/en-prevision-du-match-face-au-senegal-les-verts-aujourdhui-a-dakar\/#primaryimage"},"thumbnailUrl":"https:\/\/lasentinelle.dz\/wp-content\/uploads\/2023\/09\/EN-2.jpeg","datePublished":"2023-09-10T19:56:25+00:00","dateModified":"2023-09-10T19:56:26+00:00","breadcrumb":{"@id":"https:\/\/lasentinelle.dz\/index.php\/2023\/09\/10\/en-prevision-du-match-face-au-senegal-les-verts-aujourdhui-a-dakar\/#breadcrumb"},"inLanguage":"fr-FR","potentialAction":[{"@type":"ReadAction","target":["https:\/\/lasentinelle.dz\/index.php\/2023\/09\/10\/en-prevision-du-match-face-au-senegal-les-verts-aujourdhui-a-dakar\/"]}]},{"@type":"ImageObject","inLanguage":"fr-FR","@id":"https:\/\/lasentinelle.dz\/index.php\/2023\/09\/10\/en-prevision-du-match-face-au-senegal-les-verts-aujourdhui-a-dakar\/#primaryimage","url":"https:\/\/lasentinelle.dz\/wp-content\/uploads\/2023\/09\/EN-2.jpeg","contentUrl":"https:\/\/lasentinelle.dz\/wp-content\/uploads\/2023\/09\/EN-2.jpeg","width":2000,"height":1333},{"@type":"BreadcrumbList","@id":"https:\/\/lasentinelle.dz\/index.php\/2023\/09\/10\/en-prevision-du-match-face-au-senegal-les-verts-aujourdhui-a-dakar\/#breadcrumb","itemListElement":[{"@type":"ListItem","position":1,"name":"Accueil","item":"https:\/\/lasentinelle.dz\/"},{"@type":"ListItem","position":2,"name":"En pr\u00e9vision du match face au S\u00e9n\u00e9gal\u00a0: Les Verts aujourd\u2019hui \u00e0 Dakar"}]},{"@type":"WebSite","@id":"https:\/\/lasentinelle.dz\/#website","url":"https:\/\/lasentinelle.dz\/","name":"La Sentinelle","description":"Quotidien national d&#039;information","publisher":{"@id":"https:\/\/lasentinelle.dz\/#organization"},"potentialAction":[{"@type":"SearchAction","target":{"@type":"EntryPoint","urlTemplate":"https:\/\/lasentinelle.dz\/?s={search_term_string}"},"query-input":{"@type":"PropertyValueSpecification","valueRequired":true,"valueName":"search_term_string"}}],"inLanguage":"fr-FR"},{"@type":"Organization","@id":"https:\/\/lasentinelle.dz\/#organization","name":"Quotidien La Sentinelle","url":"https:\/\/lasentinelle.dz\/","logo":{"@type":"ImageObject","inLanguage":"fr-FR","@id":"https:\/\/lasentinelle.dz\/#\/schema\/logo\/image\/","url":"https:\/\/lasentinelle.dz\/wp-content\/uploads\/2021\/09\/logo-sentinelleSLOGAN-1.png","contentUrl":"https:\/\/lasentinelle.dz\/wp-content\/uploads\/2021\/09\/logo-sentinelleSLOGAN-1.png","width":615,"height":142,"caption":"Quotidien La Sentinelle"},"image":{"@id":"https:\/\/lasentinelle.dz\/#\/schema\/logo\/image\/"},"sameAs":["https:\/\/www.facebook.com\/La-Sentinelle-104059864394773"]},{"@type":"Person","@id":"https:\/\/lasentinelle.dz\/#\/schema\/person\/d865044e22e70a75174ce8bcad3acfb3","name":"La Sentinelle","image":{"@type":"ImageObject","inLanguage":"fr-FR","@id":"https:\/\/secure.gravatar.com\/avatar\/57de8e5d4b15d43fb361a71fbb36338450fe67865b528a43dd10ef7c51a20392?s=96&d=mm&r=g","url":"https:\/\/secure.gravatar.com\/avatar\/57de8e5d4b15d43fb361a71fbb36338450fe67865b528a43dd10ef7c51a20392?s=96&d=mm&r=g","contentUrl":"https:\/\/secure.gravatar.com\/avatar\/57de8e5d4b15d43fb361a71fbb36338450fe67865b528a43dd10ef7c51a20392?s=96&d=mm&r=g","caption":"La Sentinelle"},"sameAs":["http:\/\/www.lasentinelle.dz"],"url":"https:\/\/lasentinelle.dz\/author\/redaction\/"}]}},"_links":{"self":[{"href":"https:\/\/lasentinelle.dz\/index.php\/wp-json\/wp\/v2\/posts\/45401","targetHints":{"allow":["GET"]}}],"collection":[{"href":"https:\/\/lasentinelle.dz\/index.php\/wp-json\/wp\/v2\/posts"}],"about":[{"href":"https:\/\/lasentinelle.dz\/index.php\/wp-json\/wp\/v2\/types\/post"}],"author":[{"embeddable":true,"href":"https:\/\/lasentinelle.dz\/index.php\/wp-json\/wp\/v2\/users\/3"}],"replies":[{"embeddable":true,"href":"https:\/\/lasentinelle.dz\/index.php\/wp-json\/wp\/v2\/comments?post=45401"}],"version-history":[{"count":1,"href":"https:\/\/lasentinelle.dz\/index.php\/wp-json\/wp\/v2\/posts\/45401\/revisions"}],"predecessor-version":[{"id":45403,"href":"https:\/\/lasentinelle.dz\/index.php\/wp-json\/wp\/v2\/posts\/45401\/revisions\/45403"}],"wp:featuredmedia":[{"embeddable":true,"href":"https:\/\/lasentinelle.dz\/index.php\/wp-json\/wp\/v2\/media\/45402"}],"wp:attachment":[{"href":"https:\/\/lasentinelle.dz\/index.php\/wp-json\/wp\/v2\/media?parent=45401"}],"wp:term":[{"taxonomy":"category","embeddable":true,"href":"https:\/\/lasentinelle.dz\/index.php\/wp-json\/wp\/v2\/categories?post=45401"},{"taxonomy":"post_tag","embeddable":true,"href":"https:\/\/lasentinelle.dz\/index.php\/wp-json\/wp\/v2\/tags?post=45401"}],"curies":[{"name":"wp","href":"https:\/\/api.w.org\/{rel}","templated":true}]}}