{"id":45424,"date":"2023-09-11T09:52:13","date_gmt":"2023-09-11T08:52:13","guid":{"rendered":"https:\/\/lasentinelle.dz\/?p=45424"},"modified":"2023-09-11T09:52:14","modified_gmt":"2023-09-11T08:52:14","slug":"rentree-scolaire-1200-ecoles-seront-equipees-des-tablettes-numeriques","status":"publish","type":"post","link":"https:\/\/lasentinelle.dz\/index.php\/2023\/09\/11\/rentree-scolaire-1200-ecoles-seront-equipees-des-tablettes-numeriques\/","title":{"rendered":"Rentr\u00e9e scolaire\u00a0: 1200 \u00e9coles seront \u00e9quip\u00e9es des tablettes num\u00e9riques\u00a0\u00bb"},"content":{"rendered":"\n<p>Le directeur de l\u2019enseignement primaire au minist\u00e8re de l&rsquo;\u00c9ducation nationale, Mohammed Dhifallah, a indiqu\u00e9 hier que 1 200 \u00e9tablissements \u00e9ducatifs ont \u00e9t\u00e9 \u00e9quip\u00e9s de tablettes num\u00e9riques en pr\u00e9vision de la nouvelle ann\u00e9e scolaire 2023-2024, la rentr\u00e9e \u00e9tant pr\u00e9vue le 19 septembre en cours. Cette op\u00e9ration devrait \u00eatre g\u00e9n\u00e9ralis\u00e9e \u00e0 tous les \u00e9tablissements \u00e9ducatifs \u00e0 travers le territoire national au cours des prochaines ann\u00e9es, a-t-il ajout\u00e9. Invit\u00e9 \u00e0 s\u2019exprimer sur les ondes de la Radio alg\u00e9rienne, le m\u00eame responsable a rappel\u00e9 que la nouvelle ann\u00e9e scolaire sera marqu\u00e9e par plusieurs nouveaut\u00e9s, notamment par la modernisation des m\u00e9thodes d&rsquo;apprentissage des \u00e9l\u00e8ves, gr\u00e2ce \u00e0 l&rsquo;expansion de l&rsquo;utilisation des tablettes \u00e9lectroniques et \u00e0 la num\u00e9risation de toutes les d\u00e9cisions et programmes li\u00e9s \u00e0 la vie scolaire des \u00e9l\u00e8ves.<\/p>\n\n\n\n<p>Il a \u00e9galement d\u00e9clar\u00e9 que \u00ab\u00a0toutes les mesures ont \u00e9t\u00e9 prises pour fournir des manuels dans tous les \u00e9tablissements \u00e9ducatifs, y compris les manuels d&rsquo;anglais\u00a0\u00bb, et que \u00ab\u00a0toutes les installations sont pr\u00eates pour accueillir les \u00e9l\u00e8ves en classe\u00a0\u00bb.<\/p>\n\n\n\n<p>Par ailleurs, le directeur de l\u2019enseignement primaire au minist\u00e8re de l&rsquo;\u00c9ducation nationale a salu\u00e9 la d\u00e9cision d&rsquo;introduire l&rsquo;\u00e9ducation physique et sportive au niveau de l&rsquo;enseignement primaire, qui sera enseign\u00e9e par des enseignants sp\u00e9cialis\u00e9s et r\u00e9cemment recrut\u00e9s \u00e0 cette fin.<\/p>\n\n\n\n<p>Il a ajout\u00e9 que \u00ab\u00a0l&rsquo;\u00e9ducation physique et sportive n&rsquo;est pas nouvelle dans le syst\u00e8me \u00e9ducatif, car elle \u00e9tait pr\u00e9c\u00e9demment enseign\u00e9e par l&rsquo;enseignant de mati\u00e8res multiples, mais \u00e0 partir de la prochaine rentr\u00e9e scolaire, elle sera enseign\u00e9e par des enseignants sp\u00e9cialis\u00e9s dans ce domaine\u00a0\u00bb.<\/p>\n\n\n\n<p>Il a \u00e9galement indiqu\u00e9 que l&rsquo;objectif de cette mati\u00e8re est d&rsquo;aider les enfants \u00e0 s&rsquo;int\u00e9grer dans le syst\u00e8me social et \u00e9ducatif, de prendre en charge les \u00e9l\u00e8ves talentueux qui peuvent renforcer le sport d&rsquo;\u00e9lite, en plus de la capacit\u00e9 \u00e0 enseigner cette mati\u00e8re aux \u00e9l\u00e8ves ayant des besoins sp\u00e9ciaux int\u00e9gr\u00e9s dans le syst\u00e8me \u00e9ducatif.<\/p>\n\n\n\n<p>Concernant les espaces pour la pratique de l&rsquo;\u00e9ducation physique et sportive dans les \u00e9coles primaires, Dhifallah a indiqu\u00e9 que \u00ab\u00a0les \u00e9tablissements \u00e9ducatifs doivent utiliser les espaces disponibles au sein de l&rsquo;\u00e9cole primaire, quelle que soit leur nature, ainsi que les installations et espaces adjacents appartenant \u00e0 d&rsquo;autres \u00e9tablissements \u00e9ducatifs \u00e0 proximit\u00e9 de l&rsquo;\u00e9cole, voire m\u00eame ceux relevant d&rsquo;autres secteurs\u00a0\u00bb.<\/p>\n\n\n\n<p>Dans le m\u00eame contexte, l\u2019invit\u00e9 de la Radio a rappel\u00e9 \u00ab\u00a0la d\u00e9cision d&rsquo;introduire des cours de s\u00e9curit\u00e9 routi\u00e8re au niveau de l&rsquo;enseignement primaire \u00e0 partir de cette ann\u00e9e, avec une \u00e9ventuelle g\u00e9n\u00e9ralisation \u00e0 d&rsquo;autres niveaux, et laquelle vise \u00e0 inculquer de bonnes pratiques de pr\u00e9vention et de s\u00e9curit\u00e9 routi\u00e8re aux \u00e9l\u00e8ves, en leur apprenant les r\u00e8gles de la circulation et leur obligation de les respecter, ainsi que les diff\u00e9rents modes de transport et leur utilisation\u00a0\u00bb.<\/p>\n\n\n\n<p><strong>Samir Benisid<\/strong><\/p>\n","protected":false},"excerpt":{"rendered":"<p>Le directeur de l\u2019enseignement primaire au minist\u00e8re de l&rsquo;\u00c9ducation nationale, Mohammed Dhifallah, a indiqu\u00e9 hier que 1 200 \u00e9tablissements \u00e9ducatifs<\/p>\n","protected":false},"author":3,"featured_media":45425,"comment_status":"open","ping_status":"closed","sticky":false,"template":"","format":"standard","meta":{"colormag_page_container_layout":"default_layout","colormag_page_sidebar_layout":"default_layout","om_disable_all_campaigns":false,"_monsterinsights_skip_tracking":false,"_monsterinsights_sitenote_active":false,"_monsterinsights_sitenote_note":"","_monsterinsights_sitenote_category":0,"footnotes":"","_wpscppro_dont_share_socialmedia":false,"_wpscppro_custom_social_share_image":0,"_facebook_share_type":"","_twitter_share_type":"","_linkedin_share_type":"","_pinterest_share_type":"","_linkedin_share_type_page":"","_instagram_share_type":"","_medium_share_type":"","_threads_share_type":"","_google_business_share_type":"","_selected_social_profile":[],"_wpsp_enable_custom_social_template":false,"_wpsp_social_scheduling":{"enabled":false,"datetime":null,"platforms":[],"status":"template_only","dateOption":"today","timeOption":"now","customDays":"","customHours":"","customDate":"","customTime":"","schedulingType":"absolute"},"_wpsp_active_default_template":true},"categories":[27],"tags":[],"class_list":["post-45424","post","type-post","status-publish","format-standard","has-post-thumbnail","hentry","category-actualite"],"aioseo_notices":[],"yoast_head":"<!-- This site is optimized with the Yoast SEO plugin v27.5 - https:\/\/yoast.com\/product\/yoast-seo-wordpress\/ -->\n<title>Rentr\u00e9e scolaire\u00a0: 1200 \u00e9coles seront \u00e9quip\u00e9es des tablettes num\u00e9riques\u00a0\u00bb - La Sentinelle<\/title>\n<meta name=\"robots\" content=\"index, follow, max-snippet:-1, max-image-preview:large, max-video-preview:-1\" \/>\n<link rel=\"canonical\" href=\"https:\/\/lasentinelle.dz\/index.php\/2023\/09\/11\/rentree-scolaire-1200-ecoles-seront-equipees-des-tablettes-numeriques\/\" \/>\n<meta property=\"og:locale\" content=\"fr_FR\" \/>\n<meta property=\"og:type\" content=\"article\" \/>\n<meta property=\"og:title\" content=\"Rentr\u00e9e scolaire\u00a0: 1200 \u00e9coles seront \u00e9quip\u00e9es des tablettes num\u00e9riques\u00a0\u00bb - La Sentinelle\" \/>\n<meta property=\"og:description\" content=\"Le directeur de l\u2019enseignement primaire au minist\u00e8re de l&rsquo;\u00c9ducation nationale, Mohammed Dhifallah, a indiqu\u00e9 hier que 1 200 \u00e9tablissements \u00e9ducatifs\" \/>\n<meta property=\"og:url\" content=\"https:\/\/lasentinelle.dz\/index.php\/2023\/09\/11\/rentree-scolaire-1200-ecoles-seront-equipees-des-tablettes-numeriques\/\" \/>\n<meta property=\"og:site_name\" content=\"La Sentinelle\" \/>\n<meta property=\"article:publisher\" content=\"https:\/\/www.facebook.com\/La-Sentinelle-104059864394773\" \/>\n<meta property=\"article:published_time\" content=\"2023-09-11T08:52:13+00:00\" \/>\n<meta property=\"article:modified_time\" content=\"2023-09-11T08:52:14+00:00\" \/>\n<meta property=\"og:image\" content=\"https:\/\/lasentinelle.dz\/wp-content\/uploads\/2023\/09\/ecole-tablette.webp\" \/>\n\t<meta property=\"og:image:width\" content=\"500\" \/>\n\t<meta property=\"og:image:height\" content=\"320\" \/>\n\t<meta property=\"og:image:type\" content=\"image\/webp\" \/>\n<meta name=\"author\" content=\"La Sentinelle\" \/>\n<meta name=\"twitter:card\" content=\"summary_large_image\" \/>\n<meta name=\"twitter:label1\" content=\"\u00c9crit par\" \/>\n\t<meta name=\"twitter:data1\" content=\"La Sentinelle\" \/>\n\t<meta name=\"twitter:label2\" content=\"Dur\u00e9e de lecture estim\u00e9e\" \/>\n\t<meta name=\"twitter:data2\" content=\"3 minutes\" \/>\n<script type=\"application\/ld+json\" class=\"yoast-schema-graph\">{\"@context\":\"https:\\\/\\\/schema.org\",\"@graph\":[{\"@type\":\"Article\",\"@id\":\"https:\\\/\\\/lasentinelle.dz\\\/index.php\\\/2023\\\/09\\\/11\\\/rentree-scolaire-1200-ecoles-seront-equipees-des-tablettes-numeriques\\\/#article\",\"isPartOf\":{\"@id\":\"https:\\\/\\\/lasentinelle.dz\\\/index.php\\\/2023\\\/09\\\/11\\\/rentree-scolaire-1200-ecoles-seront-equipees-des-tablettes-numeriques\\\/\"},\"author\":{\"name\":\"La Sentinelle\",\"@id\":\"https:\\\/\\\/lasentinelle.dz\\\/#\\\/schema\\\/person\\\/d865044e22e70a75174ce8bcad3acfb3\"},\"headline\":\"Rentr\u00e9e scolaire\u00a0: 1200 \u00e9coles seront \u00e9quip\u00e9es des tablettes num\u00e9riques\u00a0\u00bb\",\"datePublished\":\"2023-09-11T08:52:13+00:00\",\"dateModified\":\"2023-09-11T08:52:14+00:00\",\"mainEntityOfPage\":{\"@id\":\"https:\\\/\\\/lasentinelle.dz\\\/index.php\\\/2023\\\/09\\\/11\\\/rentree-scolaire-1200-ecoles-seront-equipees-des-tablettes-numeriques\\\/\"},\"wordCount\":522,\"commentCount\":0,\"publisher\":{\"@id\":\"https:\\\/\\\/lasentinelle.dz\\\/#organization\"},\"image\":{\"@id\":\"https:\\\/\\\/lasentinelle.dz\\\/index.php\\\/2023\\\/09\\\/11\\\/rentree-scolaire-1200-ecoles-seront-equipees-des-tablettes-numeriques\\\/#primaryimage\"},\"thumbnailUrl\":\"https:\\\/\\\/lasentinelle.dz\\\/wp-content\\\/uploads\\\/2023\\\/09\\\/ecole-tablette.webp\",\"articleSection\":[\"Actualit\u00e9\"],\"inLanguage\":\"fr-FR\",\"potentialAction\":[{\"@type\":\"CommentAction\",\"name\":\"Comment\",\"target\":[\"https:\\\/\\\/lasentinelle.dz\\\/index.php\\\/2023\\\/09\\\/11\\\/rentree-scolaire-1200-ecoles-seront-equipees-des-tablettes-numeriques\\\/#respond\"]}]},{\"@type\":\"WebPage\",\"@id\":\"https:\\\/\\\/lasentinelle.dz\\\/index.php\\\/2023\\\/09\\\/11\\\/rentree-scolaire-1200-ecoles-seront-equipees-des-tablettes-numeriques\\\/\",\"url\":\"https:\\\/\\\/lasentinelle.dz\\\/index.php\\\/2023\\\/09\\\/11\\\/rentree-scolaire-1200-ecoles-seront-equipees-des-tablettes-numeriques\\\/\",\"name\":\"Rentr\u00e9e scolaire\u00a0: 1200 \u00e9coles seront \u00e9quip\u00e9es des tablettes num\u00e9riques\u00a0\u00bb - La Sentinelle\",\"isPartOf\":{\"@id\":\"https:\\\/\\\/lasentinelle.dz\\\/#website\"},\"primaryImageOfPage\":{\"@id\":\"https:\\\/\\\/lasentinelle.dz\\\/index.php\\\/2023\\\/09\\\/11\\\/rentree-scolaire-1200-ecoles-seront-equipees-des-tablettes-numeriques\\\/#primaryimage\"},\"image\":{\"@id\":\"https:\\\/\\\/lasentinelle.dz\\\/index.php\\\/2023\\\/09\\\/11\\\/rentree-scolaire-1200-ecoles-seront-equipees-des-tablettes-numeriques\\\/#primaryimage\"},\"thumbnailUrl\":\"https:\\\/\\\/lasentinelle.dz\\\/wp-content\\\/uploads\\\/2023\\\/09\\\/ecole-tablette.webp\",\"datePublished\":\"2023-09-11T08:52:13+00:00\",\"dateModified\":\"2023-09-11T08:52:14+00:00\",\"breadcrumb\":{\"@id\":\"https:\\\/\\\/lasentinelle.dz\\\/index.php\\\/2023\\\/09\\\/11\\\/rentree-scolaire-1200-ecoles-seront-equipees-des-tablettes-numeriques\\\/#breadcrumb\"},\"inLanguage\":\"fr-FR\",\"potentialAction\":[{\"@type\":\"ReadAction\",\"target\":[\"https:\\\/\\\/lasentinelle.dz\\\/index.php\\\/2023\\\/09\\\/11\\\/rentree-scolaire-1200-ecoles-seront-equipees-des-tablettes-numeriques\\\/\"]}]},{\"@type\":\"ImageObject\",\"inLanguage\":\"fr-FR\",\"@id\":\"https:\\\/\\\/lasentinelle.dz\\\/index.php\\\/2023\\\/09\\\/11\\\/rentree-scolaire-1200-ecoles-seront-equipees-des-tablettes-numeriques\\\/#primaryimage\",\"url\":\"https:\\\/\\\/lasentinelle.dz\\\/wp-content\\\/uploads\\\/2023\\\/09\\\/ecole-tablette.webp\",\"contentUrl\":\"https:\\\/\\\/lasentinelle.dz\\\/wp-content\\\/uploads\\\/2023\\\/09\\\/ecole-tablette.webp\",\"width\":500,\"height\":320},{\"@type\":\"BreadcrumbList\",\"@id\":\"https:\\\/\\\/lasentinelle.dz\\\/index.php\\\/2023\\\/09\\\/11\\\/rentree-scolaire-1200-ecoles-seront-equipees-des-tablettes-numeriques\\\/#breadcrumb\",\"itemListElement\":[{\"@type\":\"ListItem\",\"position\":1,\"name\":\"Accueil\",\"item\":\"https:\\\/\\\/lasentinelle.dz\\\/\"},{\"@type\":\"ListItem\",\"position\":2,\"name\":\"Rentr\u00e9e scolaire\u00a0: 1200 \u00e9coles seront \u00e9quip\u00e9es des tablettes num\u00e9riques\u00a0\u00bb\"}]},{\"@type\":\"WebSite\",\"@id\":\"https:\\\/\\\/lasentinelle.dz\\\/#website\",\"url\":\"https:\\\/\\\/lasentinelle.dz\\\/\",\"name\":\"La Sentinelle\",\"description\":\"Quotidien national d&#039;information\",\"publisher\":{\"@id\":\"https:\\\/\\\/lasentinelle.dz\\\/#organization\"},\"potentialAction\":[{\"@type\":\"SearchAction\",\"target\":{\"@type\":\"EntryPoint\",\"urlTemplate\":\"https:\\\/\\\/lasentinelle.dz\\\/?s={search_term_string}\"},\"query-input\":{\"@type\":\"PropertyValueSpecification\",\"valueRequired\":true,\"valueName\":\"search_term_string\"}}],\"inLanguage\":\"fr-FR\"},{\"@type\":\"Organization\",\"@id\":\"https:\\\/\\\/lasentinelle.dz\\\/#organization\",\"name\":\"Quotidien La Sentinelle\",\"url\":\"https:\\\/\\\/lasentinelle.dz\\\/\",\"logo\":{\"@type\":\"ImageObject\",\"inLanguage\":\"fr-FR\",\"@id\":\"https:\\\/\\\/lasentinelle.dz\\\/#\\\/schema\\\/logo\\\/image\\\/\",\"url\":\"https:\\\/\\\/lasentinelle.dz\\\/wp-content\\\/uploads\\\/2021\\\/09\\\/logo-sentinelleSLOGAN-1.png\",\"contentUrl\":\"https:\\\/\\\/lasentinelle.dz\\\/wp-content\\\/uploads\\\/2021\\\/09\\\/logo-sentinelleSLOGAN-1.png\",\"width\":615,\"height\":142,\"caption\":\"Quotidien La Sentinelle\"},\"image\":{\"@id\":\"https:\\\/\\\/lasentinelle.dz\\\/#\\\/schema\\\/logo\\\/image\\\/\"},\"sameAs\":[\"https:\\\/\\\/www.facebook.com\\\/La-Sentinelle-104059864394773\"]},{\"@type\":\"Person\",\"@id\":\"https:\\\/\\\/lasentinelle.dz\\\/#\\\/schema\\\/person\\\/d865044e22e70a75174ce8bcad3acfb3\",\"name\":\"La Sentinelle\",\"image\":{\"@type\":\"ImageObject\",\"inLanguage\":\"fr-FR\",\"@id\":\"https:\\\/\\\/secure.gravatar.com\\\/avatar\\\/57de8e5d4b15d43fb361a71fbb36338450fe67865b528a43dd10ef7c51a20392?s=96&d=mm&r=g\",\"url\":\"https:\\\/\\\/secure.gravatar.com\\\/avatar\\\/57de8e5d4b15d43fb361a71fbb36338450fe67865b528a43dd10ef7c51a20392?s=96&d=mm&r=g\",\"contentUrl\":\"https:\\\/\\\/secure.gravatar.com\\\/avatar\\\/57de8e5d4b15d43fb361a71fbb36338450fe67865b528a43dd10ef7c51a20392?s=96&d=mm&r=g\",\"caption\":\"La Sentinelle\"},\"sameAs\":[\"http:\\\/\\\/www.lasentinelle.dz\"],\"url\":\"https:\\\/\\\/lasentinelle.dz\\\/author\\\/redaction\\\/\"}]}<\/script>\n<!-- \/ Yoast SEO plugin. -->","yoast_head_json":{"title":"Rentr\u00e9e scolaire\u00a0: 1200 \u00e9coles seront \u00e9quip\u00e9es des tablettes num\u00e9riques\u00a0\u00bb - La Sentinelle","robots":{"index":"index","follow":"follow","max-snippet":"max-snippet:-1","max-image-preview":"max-image-preview:large","max-video-preview":"max-video-preview:-1"},"canonical":"https:\/\/lasentinelle.dz\/index.php\/2023\/09\/11\/rentree-scolaire-1200-ecoles-seront-equipees-des-tablettes-numeriques\/","og_locale":"fr_FR","og_type":"article","og_title":"Rentr\u00e9e scolaire\u00a0: 1200 \u00e9coles seront \u00e9quip\u00e9es des tablettes num\u00e9riques\u00a0\u00bb - La Sentinelle","og_description":"Le directeur de l\u2019enseignement primaire au minist\u00e8re de l&rsquo;\u00c9ducation nationale, Mohammed Dhifallah, a indiqu\u00e9 hier que 1 200 \u00e9tablissements \u00e9ducatifs","og_url":"https:\/\/lasentinelle.dz\/index.php\/2023\/09\/11\/rentree-scolaire-1200-ecoles-seront-equipees-des-tablettes-numeriques\/","og_site_name":"La Sentinelle","article_publisher":"https:\/\/www.facebook.com\/La-Sentinelle-104059864394773","article_published_time":"2023-09-11T08:52:13+00:00","article_modified_time":"2023-09-11T08:52:14+00:00","og_image":[{"width":500,"height":320,"url":"https:\/\/lasentinelle.dz\/wp-content\/uploads\/2023\/09\/ecole-tablette.webp","type":"image\/webp"}],"author":"La Sentinelle","twitter_card":"summary_large_image","twitter_misc":{"\u00c9crit par":"La Sentinelle","Dur\u00e9e de lecture estim\u00e9e":"3 minutes"},"schema":{"@context":"https:\/\/schema.org","@graph":[{"@type":"Article","@id":"https:\/\/lasentinelle.dz\/index.php\/2023\/09\/11\/rentree-scolaire-1200-ecoles-seront-equipees-des-tablettes-numeriques\/#article","isPartOf":{"@id":"https:\/\/lasentinelle.dz\/index.php\/2023\/09\/11\/rentree-scolaire-1200-ecoles-seront-equipees-des-tablettes-numeriques\/"},"author":{"name":"La Sentinelle","@id":"https:\/\/lasentinelle.dz\/#\/schema\/person\/d865044e22e70a75174ce8bcad3acfb3"},"headline":"Rentr\u00e9e scolaire\u00a0: 1200 \u00e9coles seront \u00e9quip\u00e9es des tablettes num\u00e9riques\u00a0\u00bb","datePublished":"2023-09-11T08:52:13+00:00","dateModified":"2023-09-11T08:52:14+00:00","mainEntityOfPage":{"@id":"https:\/\/lasentinelle.dz\/index.php\/2023\/09\/11\/rentree-scolaire-1200-ecoles-seront-equipees-des-tablettes-numeriques\/"},"wordCount":522,"commentCount":0,"publisher":{"@id":"https:\/\/lasentinelle.dz\/#organization"},"image":{"@id":"https:\/\/lasentinelle.dz\/index.php\/2023\/09\/11\/rentree-scolaire-1200-ecoles-seront-equipees-des-tablettes-numeriques\/#primaryimage"},"thumbnailUrl":"https:\/\/lasentinelle.dz\/wp-content\/uploads\/2023\/09\/ecole-tablette.webp","articleSection":["Actualit\u00e9"],"inLanguage":"fr-FR","potentialAction":[{"@type":"CommentAction","name":"Comment","target":["https:\/\/lasentinelle.dz\/index.php\/2023\/09\/11\/rentree-scolaire-1200-ecoles-seront-equipees-des-tablettes-numeriques\/#respond"]}]},{"@type":"WebPage","@id":"https:\/\/lasentinelle.dz\/index.php\/2023\/09\/11\/rentree-scolaire-1200-ecoles-seront-equipees-des-tablettes-numeriques\/","url":"https:\/\/lasentinelle.dz\/index.php\/2023\/09\/11\/rentree-scolaire-1200-ecoles-seront-equipees-des-tablettes-numeriques\/","name":"Rentr\u00e9e scolaire\u00a0: 1200 \u00e9coles seront \u00e9quip\u00e9es des tablettes num\u00e9riques\u00a0\u00bb - La Sentinelle","isPartOf":{"@id":"https:\/\/lasentinelle.dz\/#website"},"primaryImageOfPage":{"@id":"https:\/\/lasentinelle.dz\/index.php\/2023\/09\/11\/rentree-scolaire-1200-ecoles-seront-equipees-des-tablettes-numeriques\/#primaryimage"},"image":{"@id":"https:\/\/lasentinelle.dz\/index.php\/2023\/09\/11\/rentree-scolaire-1200-ecoles-seront-equipees-des-tablettes-numeriques\/#primaryimage"},"thumbnailUrl":"https:\/\/lasentinelle.dz\/wp-content\/uploads\/2023\/09\/ecole-tablette.webp","datePublished":"2023-09-11T08:52:13+00:00","dateModified":"2023-09-11T08:52:14+00:00","breadcrumb":{"@id":"https:\/\/lasentinelle.dz\/index.php\/2023\/09\/11\/rentree-scolaire-1200-ecoles-seront-equipees-des-tablettes-numeriques\/#breadcrumb"},"inLanguage":"fr-FR","potentialAction":[{"@type":"ReadAction","target":["https:\/\/lasentinelle.dz\/index.php\/2023\/09\/11\/rentree-scolaire-1200-ecoles-seront-equipees-des-tablettes-numeriques\/"]}]},{"@type":"ImageObject","inLanguage":"fr-FR","@id":"https:\/\/lasentinelle.dz\/index.php\/2023\/09\/11\/rentree-scolaire-1200-ecoles-seront-equipees-des-tablettes-numeriques\/#primaryimage","url":"https:\/\/lasentinelle.dz\/wp-content\/uploads\/2023\/09\/ecole-tablette.webp","contentUrl":"https:\/\/lasentinelle.dz\/wp-content\/uploads\/2023\/09\/ecole-tablette.webp","width":500,"height":320},{"@type":"BreadcrumbList","@id":"https:\/\/lasentinelle.dz\/index.php\/2023\/09\/11\/rentree-scolaire-1200-ecoles-seront-equipees-des-tablettes-numeriques\/#breadcrumb","itemListElement":[{"@type":"ListItem","position":1,"name":"Accueil","item":"https:\/\/lasentinelle.dz\/"},{"@type":"ListItem","position":2,"name":"Rentr\u00e9e scolaire\u00a0: 1200 \u00e9coles seront \u00e9quip\u00e9es des tablettes num\u00e9riques\u00a0\u00bb"}]},{"@type":"WebSite","@id":"https:\/\/lasentinelle.dz\/#website","url":"https:\/\/lasentinelle.dz\/","name":"La Sentinelle","description":"Quotidien national d&#039;information","publisher":{"@id":"https:\/\/lasentinelle.dz\/#organization"},"potentialAction":[{"@type":"SearchAction","target":{"@type":"EntryPoint","urlTemplate":"https:\/\/lasentinelle.dz\/?s={search_term_string}"},"query-input":{"@type":"PropertyValueSpecification","valueRequired":true,"valueName":"search_term_string"}}],"inLanguage":"fr-FR"},{"@type":"Organization","@id":"https:\/\/lasentinelle.dz\/#organization","name":"Quotidien La Sentinelle","url":"https:\/\/lasentinelle.dz\/","logo":{"@type":"ImageObject","inLanguage":"fr-FR","@id":"https:\/\/lasentinelle.dz\/#\/schema\/logo\/image\/","url":"https:\/\/lasentinelle.dz\/wp-content\/uploads\/2021\/09\/logo-sentinelleSLOGAN-1.png","contentUrl":"https:\/\/lasentinelle.dz\/wp-content\/uploads\/2021\/09\/logo-sentinelleSLOGAN-1.png","width":615,"height":142,"caption":"Quotidien La Sentinelle"},"image":{"@id":"https:\/\/lasentinelle.dz\/#\/schema\/logo\/image\/"},"sameAs":["https:\/\/www.facebook.com\/La-Sentinelle-104059864394773"]},{"@type":"Person","@id":"https:\/\/lasentinelle.dz\/#\/schema\/person\/d865044e22e70a75174ce8bcad3acfb3","name":"La Sentinelle","image":{"@type":"ImageObject","inLanguage":"fr-FR","@id":"https:\/\/secure.gravatar.com\/avatar\/57de8e5d4b15d43fb361a71fbb36338450fe67865b528a43dd10ef7c51a20392?s=96&d=mm&r=g","url":"https:\/\/secure.gravatar.com\/avatar\/57de8e5d4b15d43fb361a71fbb36338450fe67865b528a43dd10ef7c51a20392?s=96&d=mm&r=g","contentUrl":"https:\/\/secure.gravatar.com\/avatar\/57de8e5d4b15d43fb361a71fbb36338450fe67865b528a43dd10ef7c51a20392?s=96&d=mm&r=g","caption":"La Sentinelle"},"sameAs":["http:\/\/www.lasentinelle.dz"],"url":"https:\/\/lasentinelle.dz\/author\/redaction\/"}]}},"_links":{"self":[{"href":"https:\/\/lasentinelle.dz\/index.php\/wp-json\/wp\/v2\/posts\/45424","targetHints":{"allow":["GET"]}}],"collection":[{"href":"https:\/\/lasentinelle.dz\/index.php\/wp-json\/wp\/v2\/posts"}],"about":[{"href":"https:\/\/lasentinelle.dz\/index.php\/wp-json\/wp\/v2\/types\/post"}],"author":[{"embeddable":true,"href":"https:\/\/lasentinelle.dz\/index.php\/wp-json\/wp\/v2\/users\/3"}],"replies":[{"embeddable":true,"href":"https:\/\/lasentinelle.dz\/index.php\/wp-json\/wp\/v2\/comments?post=45424"}],"version-history":[{"count":1,"href":"https:\/\/lasentinelle.dz\/index.php\/wp-json\/wp\/v2\/posts\/45424\/revisions"}],"predecessor-version":[{"id":45426,"href":"https:\/\/lasentinelle.dz\/index.php\/wp-json\/wp\/v2\/posts\/45424\/revisions\/45426"}],"wp:featuredmedia":[{"embeddable":true,"href":"https:\/\/lasentinelle.dz\/index.php\/wp-json\/wp\/v2\/media\/45425"}],"wp:attachment":[{"href":"https:\/\/lasentinelle.dz\/index.php\/wp-json\/wp\/v2\/media?parent=45424"}],"wp:term":[{"taxonomy":"category","embeddable":true,"href":"https:\/\/lasentinelle.dz\/index.php\/wp-json\/wp\/v2\/categories?post=45424"},{"taxonomy":"post_tag","embeddable":true,"href":"https:\/\/lasentinelle.dz\/index.php\/wp-json\/wp\/v2\/tags?post=45424"}],"curies":[{"name":"wp","href":"https:\/\/api.w.org\/{rel}","templated":true}]}}