{"id":45430,"date":"2023-09-11T09:54:24","date_gmt":"2023-09-11T08:54:24","guid":{"rendered":"https:\/\/lasentinelle.dz\/?p=45430"},"modified":"2023-09-11T09:54:25","modified_gmt":"2023-09-11T08:54:25","slug":"sommet-du-g20-accord-pour-tripler-la-capacite-des-energies-renouvelables-dici-a-2030","status":"publish","type":"post","link":"https:\/\/lasentinelle.dz\/index.php\/2023\/09\/11\/sommet-du-g20-accord-pour-tripler-la-capacite-des-energies-renouvelables-dici-a-2030\/","title":{"rendered":"Sommet du G20\u00a0: Accord pour tripler la capacit\u00e9 des \u00e9nergies renouvelables d\u2019ici \u00e0 2030"},"content":{"rendered":"\n<p>Les dirigeants du Groupe des vingt, r\u00e9unis lors de leur Sommet tenu \u00e0 New Delhi (Inde), ont exprim\u00e9 leur soutien aux efforts visant \u00e0 tripler la capacit\u00e9 mondiale en \u00e9nergies renouvelables (EnR) d\u2019ici 2030, s\u2019engageant \u00e0 acc\u00e9l\u00e9rer l\u2019action de lutte contre le changement climatique. Dans le communiqu\u00e9 final ayant sanctionn\u00e9 samedi les travaux de ce Sommet, le G20 s\u2019engage \u00e0 \u00ab poursuivre et \u00e0 encourager les efforts visant \u00e0 tripler la capacit\u00e9 mondiale en \u00e9nergies renouvelables (EnR) d\u2019ici 2030, ainsi qu\u2019\u00e0 acc\u00e9l\u00e9rer les mesures face aux crises et d\u00e9fis environnementaux y compris le changement climatique \u00bb. Lors d\u2019une conf\u00e9rence de presse tenue peu apr\u00e8s l\u2019annonce de l\u2019accord par les dirigeants du G20, dont les pays \u00e9mettent 80 % des gaz responsables du r\u00e9chauffement de la plan\u00e8te, Amitabh Kant, haut fonctionnaire du gouvernement indien qui a dirig\u00e9 certaines des n\u00e9gociations du G20, a d\u00e9clar\u00e9 qu\u2019il s\u2019agissait \u00ab probablement du plus vibrant, dynamique et ambitieux document sur l\u2019action climatique \u00bb. La plupart des experts du climat et de l\u2019\u00e9nergie ne se sont pas montr\u00e9s aussi enthousiastes, mais ils ont convenu que les dirigeants du G20 avaient lanc\u00e9 un message fort en faveur de l\u2019action climatique, alors que le monde est confront\u00e9 \u00e0 des catastrophes naturelles de plus en plus fr\u00e9quentes, telles que des chaleurs extr\u00eames. M\u00eame lors de la derni\u00e8re r\u00e9union des ministres du climat du G20 avant le sommet, des d\u00e9saccords subsistaient. Les dirigeants mondiaux et les experts du climat affirment que la d\u00e9claration a largement fait avancer le d\u00e9bat, ouvrant la voie \u00e0 un accord climatique ambitieux lorsqu\u2019ils se r\u00e9uniront lors de la conf\u00e9rence mondiale sur le climat, la COP28, \u00e0 Duba\u00ef, plus tard cette ann\u00e9e. \u00ab Ces 20 pays repr\u00e9sentent 80 % des \u00e9missions mondiales, cette d\u00e9claration envoie donc un signal puissant en faveur du progr\u00e8s climatique \u00bb, a d\u00e9clar\u00e9 le sultan al-Jaber, qui pr\u00e9sidera le sommet sur le climat \u00e0 Duba\u00ef. &nbsp;Selon un rapport de Global Energy Monitor, une organisation qui suit divers projets \u00e9nerg\u00e9tiques dans le monde, les pays du G20 abritent 93 % des centrales \u00e9lectriques au charbon en activit\u00e9 dans le monde, et 88 % des nouveaux projets de centrales \u00e9lectriques au charbon qui ne disposent pas de technologies de captage du carbone. \u00ab Il est grand temps que les pays riches de ce groupe montrent l\u2019exemple, qu\u2019ils transforment leurs promesses en actions et qu\u2019ils contribuent \u00e0 forger un avenir plus vert et plus \u00e9quitable pour tous \u00bb, a plaid\u00e9 M. Singh, qui suit les n\u00e9gociations internationales sur le climat depuis plus de deux d\u00e9cennies. Pour la premi\u00e8re fois, les pays du G20 se sont mis d\u2019accord sur les montants n\u00e9cessaires pour faire la transition vers les \u00e9nergies propres. Le document indique que les pays en d\u00e9veloppement auront besoin de 5, 9 milliards de dollars, d\u2019ici 2030, pour atteindre leurs objectifs climatiques. Un montant suppl\u00e9mentaire de 4 milliards de dollars sera aussi n\u00e9cessaire chaque ann\u00e9e, jusqu\u2019\u00e0 la fin de la d\u00e9cennie, si les pays en d\u00e9veloppement veulent atteindre l\u2019objectif de z\u00e9ro \u00e9mission nette d\u2019ici 2050, indique le rapport.<\/p>\n\n\n\n<p>R.E.<\/p>\n","protected":false},"excerpt":{"rendered":"<p>Les dirigeants du Groupe des vingt, r\u00e9unis lors de leur Sommet tenu \u00e0 New Delhi (Inde), ont exprim\u00e9 leur soutien<\/p>\n","protected":false},"author":3,"featured_media":23844,"comment_status":"open","ping_status":"closed","sticky":false,"template":"","format":"standard","meta":{"colormag_page_container_layout":"default_layout","colormag_page_sidebar_layout":"default_layout","om_disable_all_campaigns":false,"_monsterinsights_skip_tracking":false,"_monsterinsights_sitenote_active":false,"_monsterinsights_sitenote_note":"","_monsterinsights_sitenote_category":0,"footnotes":"","_wpscppro_dont_share_socialmedia":false,"_wpscppro_custom_social_share_image":0,"_facebook_share_type":"","_twitter_share_type":"","_linkedin_share_type":"","_pinterest_share_type":"","_linkedin_share_type_page":"","_instagram_share_type":"","_medium_share_type":"","_threads_share_type":"","_google_business_share_type":"","_selected_social_profile":[],"_wpsp_enable_custom_social_template":false,"_wpsp_social_scheduling":{"enabled":false,"datetime":null,"platforms":[],"status":"template_only","dateOption":"today","timeOption":"now","customDays":"","customHours":"","customDate":"","customTime":"","schedulingType":"absolute"},"_wpsp_active_default_template":true},"categories":[29],"tags":[],"class_list":["post-45430","post","type-post","status-publish","format-standard","has-post-thumbnail","hentry","category-economie"],"aioseo_notices":[],"yoast_head":"<!-- This site is optimized with the Yoast SEO plugin v27.5 - https:\/\/yoast.com\/product\/yoast-seo-wordpress\/ -->\n<title>Sommet du G20\u00a0: Accord pour tripler la capacit\u00e9 des \u00e9nergies renouvelables d\u2019ici \u00e0 2030 - La Sentinelle<\/title>\n<meta name=\"robots\" content=\"index, follow, max-snippet:-1, max-image-preview:large, max-video-preview:-1\" \/>\n<link rel=\"canonical\" href=\"https:\/\/lasentinelle.dz\/index.php\/2023\/09\/11\/sommet-du-g20-accord-pour-tripler-la-capacite-des-energies-renouvelables-dici-a-2030\/\" \/>\n<meta property=\"og:locale\" content=\"fr_FR\" \/>\n<meta property=\"og:type\" content=\"article\" \/>\n<meta property=\"og:title\" content=\"Sommet du G20\u00a0: Accord pour tripler la capacit\u00e9 des \u00e9nergies renouvelables d\u2019ici \u00e0 2030 - La Sentinelle\" \/>\n<meta property=\"og:description\" content=\"Les dirigeants du Groupe des vingt, r\u00e9unis lors de leur Sommet tenu \u00e0 New Delhi (Inde), ont exprim\u00e9 leur soutien\" \/>\n<meta property=\"og:url\" content=\"https:\/\/lasentinelle.dz\/index.php\/2023\/09\/11\/sommet-du-g20-accord-pour-tripler-la-capacite-des-energies-renouvelables-dici-a-2030\/\" \/>\n<meta property=\"og:site_name\" content=\"La Sentinelle\" \/>\n<meta property=\"article:publisher\" content=\"https:\/\/www.facebook.com\/La-Sentinelle-104059864394773\" \/>\n<meta property=\"article:published_time\" content=\"2023-09-11T08:54:24+00:00\" \/>\n<meta property=\"article:modified_time\" content=\"2023-09-11T08:54:25+00:00\" \/>\n<meta property=\"og:image\" content=\"https:\/\/lasentinelle.dz\/wp-content\/uploads\/2022\/07\/ENR-1024x538.png\" \/>\n\t<meta property=\"og:image:width\" content=\"1024\" \/>\n\t<meta property=\"og:image:height\" content=\"538\" \/>\n\t<meta property=\"og:image:type\" content=\"image\/png\" \/>\n<meta name=\"author\" content=\"La Sentinelle\" \/>\n<meta name=\"twitter:card\" content=\"summary_large_image\" \/>\n<meta name=\"twitter:label1\" content=\"\u00c9crit par\" \/>\n\t<meta name=\"twitter:data1\" content=\"La Sentinelle\" \/>\n\t<meta name=\"twitter:label2\" content=\"Dur\u00e9e de lecture estim\u00e9e\" \/>\n\t<meta name=\"twitter:data2\" content=\"3 minutes\" \/>\n<script type=\"application\/ld+json\" class=\"yoast-schema-graph\">{\"@context\":\"https:\\\/\\\/schema.org\",\"@graph\":[{\"@type\":\"Article\",\"@id\":\"https:\\\/\\\/lasentinelle.dz\\\/index.php\\\/2023\\\/09\\\/11\\\/sommet-du-g20-accord-pour-tripler-la-capacite-des-energies-renouvelables-dici-a-2030\\\/#article\",\"isPartOf\":{\"@id\":\"https:\\\/\\\/lasentinelle.dz\\\/index.php\\\/2023\\\/09\\\/11\\\/sommet-du-g20-accord-pour-tripler-la-capacite-des-energies-renouvelables-dici-a-2030\\\/\"},\"author\":{\"name\":\"La Sentinelle\",\"@id\":\"https:\\\/\\\/lasentinelle.dz\\\/#\\\/schema\\\/person\\\/d865044e22e70a75174ce8bcad3acfb3\"},\"headline\":\"Sommet du G20\u00a0: Accord pour tripler la capacit\u00e9 des \u00e9nergies renouvelables d\u2019ici \u00e0 2030\",\"datePublished\":\"2023-09-11T08:54:24+00:00\",\"dateModified\":\"2023-09-11T08:54:25+00:00\",\"mainEntityOfPage\":{\"@id\":\"https:\\\/\\\/lasentinelle.dz\\\/index.php\\\/2023\\\/09\\\/11\\\/sommet-du-g20-accord-pour-tripler-la-capacite-des-energies-renouvelables-dici-a-2030\\\/\"},\"wordCount\":546,\"commentCount\":0,\"publisher\":{\"@id\":\"https:\\\/\\\/lasentinelle.dz\\\/#organization\"},\"image\":{\"@id\":\"https:\\\/\\\/lasentinelle.dz\\\/index.php\\\/2023\\\/09\\\/11\\\/sommet-du-g20-accord-pour-tripler-la-capacite-des-energies-renouvelables-dici-a-2030\\\/#primaryimage\"},\"thumbnailUrl\":\"https:\\\/\\\/lasentinelle.dz\\\/wp-content\\\/uploads\\\/2022\\\/07\\\/ENR.png\",\"articleSection\":[\"\u00c9conomie\"],\"inLanguage\":\"fr-FR\",\"potentialAction\":[{\"@type\":\"CommentAction\",\"name\":\"Comment\",\"target\":[\"https:\\\/\\\/lasentinelle.dz\\\/index.php\\\/2023\\\/09\\\/11\\\/sommet-du-g20-accord-pour-tripler-la-capacite-des-energies-renouvelables-dici-a-2030\\\/#respond\"]}]},{\"@type\":\"WebPage\",\"@id\":\"https:\\\/\\\/lasentinelle.dz\\\/index.php\\\/2023\\\/09\\\/11\\\/sommet-du-g20-accord-pour-tripler-la-capacite-des-energies-renouvelables-dici-a-2030\\\/\",\"url\":\"https:\\\/\\\/lasentinelle.dz\\\/index.php\\\/2023\\\/09\\\/11\\\/sommet-du-g20-accord-pour-tripler-la-capacite-des-energies-renouvelables-dici-a-2030\\\/\",\"name\":\"Sommet du G20\u00a0: Accord pour tripler la capacit\u00e9 des \u00e9nergies renouvelables d\u2019ici \u00e0 2030 - La Sentinelle\",\"isPartOf\":{\"@id\":\"https:\\\/\\\/lasentinelle.dz\\\/#website\"},\"primaryImageOfPage\":{\"@id\":\"https:\\\/\\\/lasentinelle.dz\\\/index.php\\\/2023\\\/09\\\/11\\\/sommet-du-g20-accord-pour-tripler-la-capacite-des-energies-renouvelables-dici-a-2030\\\/#primaryimage\"},\"image\":{\"@id\":\"https:\\\/\\\/lasentinelle.dz\\\/index.php\\\/2023\\\/09\\\/11\\\/sommet-du-g20-accord-pour-tripler-la-capacite-des-energies-renouvelables-dici-a-2030\\\/#primaryimage\"},\"thumbnailUrl\":\"https:\\\/\\\/lasentinelle.dz\\\/wp-content\\\/uploads\\\/2022\\\/07\\\/ENR.png\",\"datePublished\":\"2023-09-11T08:54:24+00:00\",\"dateModified\":\"2023-09-11T08:54:25+00:00\",\"breadcrumb\":{\"@id\":\"https:\\\/\\\/lasentinelle.dz\\\/index.php\\\/2023\\\/09\\\/11\\\/sommet-du-g20-accord-pour-tripler-la-capacite-des-energies-renouvelables-dici-a-2030\\\/#breadcrumb\"},\"inLanguage\":\"fr-FR\",\"potentialAction\":[{\"@type\":\"ReadAction\",\"target\":[\"https:\\\/\\\/lasentinelle.dz\\\/index.php\\\/2023\\\/09\\\/11\\\/sommet-du-g20-accord-pour-tripler-la-capacite-des-energies-renouvelables-dici-a-2030\\\/\"]}]},{\"@type\":\"ImageObject\",\"inLanguage\":\"fr-FR\",\"@id\":\"https:\\\/\\\/lasentinelle.dz\\\/index.php\\\/2023\\\/09\\\/11\\\/sommet-du-g20-accord-pour-tripler-la-capacite-des-energies-renouvelables-dici-a-2030\\\/#primaryimage\",\"url\":\"https:\\\/\\\/lasentinelle.dz\\\/wp-content\\\/uploads\\\/2022\\\/07\\\/ENR.png\",\"contentUrl\":\"https:\\\/\\\/lasentinelle.dz\\\/wp-content\\\/uploads\\\/2022\\\/07\\\/ENR.png\",\"width\":1714,\"height\":900},{\"@type\":\"BreadcrumbList\",\"@id\":\"https:\\\/\\\/lasentinelle.dz\\\/index.php\\\/2023\\\/09\\\/11\\\/sommet-du-g20-accord-pour-tripler-la-capacite-des-energies-renouvelables-dici-a-2030\\\/#breadcrumb\",\"itemListElement\":[{\"@type\":\"ListItem\",\"position\":1,\"name\":\"Accueil\",\"item\":\"https:\\\/\\\/lasentinelle.dz\\\/\"},{\"@type\":\"ListItem\",\"position\":2,\"name\":\"Sommet du G20\u00a0: Accord pour tripler la capacit\u00e9 des \u00e9nergies renouvelables d\u2019ici \u00e0 2030\"}]},{\"@type\":\"WebSite\",\"@id\":\"https:\\\/\\\/lasentinelle.dz\\\/#website\",\"url\":\"https:\\\/\\\/lasentinelle.dz\\\/\",\"name\":\"La Sentinelle\",\"description\":\"Quotidien national d&#039;information\",\"publisher\":{\"@id\":\"https:\\\/\\\/lasentinelle.dz\\\/#organization\"},\"potentialAction\":[{\"@type\":\"SearchAction\",\"target\":{\"@type\":\"EntryPoint\",\"urlTemplate\":\"https:\\\/\\\/lasentinelle.dz\\\/?s={search_term_string}\"},\"query-input\":{\"@type\":\"PropertyValueSpecification\",\"valueRequired\":true,\"valueName\":\"search_term_string\"}}],\"inLanguage\":\"fr-FR\"},{\"@type\":\"Organization\",\"@id\":\"https:\\\/\\\/lasentinelle.dz\\\/#organization\",\"name\":\"Quotidien La Sentinelle\",\"url\":\"https:\\\/\\\/lasentinelle.dz\\\/\",\"logo\":{\"@type\":\"ImageObject\",\"inLanguage\":\"fr-FR\",\"@id\":\"https:\\\/\\\/lasentinelle.dz\\\/#\\\/schema\\\/logo\\\/image\\\/\",\"url\":\"https:\\\/\\\/lasentinelle.dz\\\/wp-content\\\/uploads\\\/2021\\\/09\\\/logo-sentinelleSLOGAN-1.png\",\"contentUrl\":\"https:\\\/\\\/lasentinelle.dz\\\/wp-content\\\/uploads\\\/2021\\\/09\\\/logo-sentinelleSLOGAN-1.png\",\"width\":615,\"height\":142,\"caption\":\"Quotidien La Sentinelle\"},\"image\":{\"@id\":\"https:\\\/\\\/lasentinelle.dz\\\/#\\\/schema\\\/logo\\\/image\\\/\"},\"sameAs\":[\"https:\\\/\\\/www.facebook.com\\\/La-Sentinelle-104059864394773\"]},{\"@type\":\"Person\",\"@id\":\"https:\\\/\\\/lasentinelle.dz\\\/#\\\/schema\\\/person\\\/d865044e22e70a75174ce8bcad3acfb3\",\"name\":\"La Sentinelle\",\"image\":{\"@type\":\"ImageObject\",\"inLanguage\":\"fr-FR\",\"@id\":\"https:\\\/\\\/secure.gravatar.com\\\/avatar\\\/57de8e5d4b15d43fb361a71fbb36338450fe67865b528a43dd10ef7c51a20392?s=96&d=mm&r=g\",\"url\":\"https:\\\/\\\/secure.gravatar.com\\\/avatar\\\/57de8e5d4b15d43fb361a71fbb36338450fe67865b528a43dd10ef7c51a20392?s=96&d=mm&r=g\",\"contentUrl\":\"https:\\\/\\\/secure.gravatar.com\\\/avatar\\\/57de8e5d4b15d43fb361a71fbb36338450fe67865b528a43dd10ef7c51a20392?s=96&d=mm&r=g\",\"caption\":\"La Sentinelle\"},\"sameAs\":[\"http:\\\/\\\/www.lasentinelle.dz\"],\"url\":\"https:\\\/\\\/lasentinelle.dz\\\/author\\\/redaction\\\/\"}]}<\/script>\n<!-- \/ Yoast SEO plugin. -->","yoast_head_json":{"title":"Sommet du G20\u00a0: Accord pour tripler la capacit\u00e9 des \u00e9nergies renouvelables d\u2019ici \u00e0 2030 - La Sentinelle","robots":{"index":"index","follow":"follow","max-snippet":"max-snippet:-1","max-image-preview":"max-image-preview:large","max-video-preview":"max-video-preview:-1"},"canonical":"https:\/\/lasentinelle.dz\/index.php\/2023\/09\/11\/sommet-du-g20-accord-pour-tripler-la-capacite-des-energies-renouvelables-dici-a-2030\/","og_locale":"fr_FR","og_type":"article","og_title":"Sommet du G20\u00a0: Accord pour tripler la capacit\u00e9 des \u00e9nergies renouvelables d\u2019ici \u00e0 2030 - La Sentinelle","og_description":"Les dirigeants du Groupe des vingt, r\u00e9unis lors de leur Sommet tenu \u00e0 New Delhi (Inde), ont exprim\u00e9 leur soutien","og_url":"https:\/\/lasentinelle.dz\/index.php\/2023\/09\/11\/sommet-du-g20-accord-pour-tripler-la-capacite-des-energies-renouvelables-dici-a-2030\/","og_site_name":"La Sentinelle","article_publisher":"https:\/\/www.facebook.com\/La-Sentinelle-104059864394773","article_published_time":"2023-09-11T08:54:24+00:00","article_modified_time":"2023-09-11T08:54:25+00:00","og_image":[{"width":1024,"height":538,"url":"https:\/\/lasentinelle.dz\/wp-content\/uploads\/2022\/07\/ENR-1024x538.png","type":"image\/png"}],"author":"La Sentinelle","twitter_card":"summary_large_image","twitter_misc":{"\u00c9crit par":"La Sentinelle","Dur\u00e9e de lecture estim\u00e9e":"3 minutes"},"schema":{"@context":"https:\/\/schema.org","@graph":[{"@type":"Article","@id":"https:\/\/lasentinelle.dz\/index.php\/2023\/09\/11\/sommet-du-g20-accord-pour-tripler-la-capacite-des-energies-renouvelables-dici-a-2030\/#article","isPartOf":{"@id":"https:\/\/lasentinelle.dz\/index.php\/2023\/09\/11\/sommet-du-g20-accord-pour-tripler-la-capacite-des-energies-renouvelables-dici-a-2030\/"},"author":{"name":"La Sentinelle","@id":"https:\/\/lasentinelle.dz\/#\/schema\/person\/d865044e22e70a75174ce8bcad3acfb3"},"headline":"Sommet du G20\u00a0: Accord pour tripler la capacit\u00e9 des \u00e9nergies renouvelables d\u2019ici \u00e0 2030","datePublished":"2023-09-11T08:54:24+00:00","dateModified":"2023-09-11T08:54:25+00:00","mainEntityOfPage":{"@id":"https:\/\/lasentinelle.dz\/index.php\/2023\/09\/11\/sommet-du-g20-accord-pour-tripler-la-capacite-des-energies-renouvelables-dici-a-2030\/"},"wordCount":546,"commentCount":0,"publisher":{"@id":"https:\/\/lasentinelle.dz\/#organization"},"image":{"@id":"https:\/\/lasentinelle.dz\/index.php\/2023\/09\/11\/sommet-du-g20-accord-pour-tripler-la-capacite-des-energies-renouvelables-dici-a-2030\/#primaryimage"},"thumbnailUrl":"https:\/\/lasentinelle.dz\/wp-content\/uploads\/2022\/07\/ENR.png","articleSection":["\u00c9conomie"],"inLanguage":"fr-FR","potentialAction":[{"@type":"CommentAction","name":"Comment","target":["https:\/\/lasentinelle.dz\/index.php\/2023\/09\/11\/sommet-du-g20-accord-pour-tripler-la-capacite-des-energies-renouvelables-dici-a-2030\/#respond"]}]},{"@type":"WebPage","@id":"https:\/\/lasentinelle.dz\/index.php\/2023\/09\/11\/sommet-du-g20-accord-pour-tripler-la-capacite-des-energies-renouvelables-dici-a-2030\/","url":"https:\/\/lasentinelle.dz\/index.php\/2023\/09\/11\/sommet-du-g20-accord-pour-tripler-la-capacite-des-energies-renouvelables-dici-a-2030\/","name":"Sommet du G20\u00a0: Accord pour tripler la capacit\u00e9 des \u00e9nergies renouvelables d\u2019ici \u00e0 2030 - La Sentinelle","isPartOf":{"@id":"https:\/\/lasentinelle.dz\/#website"},"primaryImageOfPage":{"@id":"https:\/\/lasentinelle.dz\/index.php\/2023\/09\/11\/sommet-du-g20-accord-pour-tripler-la-capacite-des-energies-renouvelables-dici-a-2030\/#primaryimage"},"image":{"@id":"https:\/\/lasentinelle.dz\/index.php\/2023\/09\/11\/sommet-du-g20-accord-pour-tripler-la-capacite-des-energies-renouvelables-dici-a-2030\/#primaryimage"},"thumbnailUrl":"https:\/\/lasentinelle.dz\/wp-content\/uploads\/2022\/07\/ENR.png","datePublished":"2023-09-11T08:54:24+00:00","dateModified":"2023-09-11T08:54:25+00:00","breadcrumb":{"@id":"https:\/\/lasentinelle.dz\/index.php\/2023\/09\/11\/sommet-du-g20-accord-pour-tripler-la-capacite-des-energies-renouvelables-dici-a-2030\/#breadcrumb"},"inLanguage":"fr-FR","potentialAction":[{"@type":"ReadAction","target":["https:\/\/lasentinelle.dz\/index.php\/2023\/09\/11\/sommet-du-g20-accord-pour-tripler-la-capacite-des-energies-renouvelables-dici-a-2030\/"]}]},{"@type":"ImageObject","inLanguage":"fr-FR","@id":"https:\/\/lasentinelle.dz\/index.php\/2023\/09\/11\/sommet-du-g20-accord-pour-tripler-la-capacite-des-energies-renouvelables-dici-a-2030\/#primaryimage","url":"https:\/\/lasentinelle.dz\/wp-content\/uploads\/2022\/07\/ENR.png","contentUrl":"https:\/\/lasentinelle.dz\/wp-content\/uploads\/2022\/07\/ENR.png","width":1714,"height":900},{"@type":"BreadcrumbList","@id":"https:\/\/lasentinelle.dz\/index.php\/2023\/09\/11\/sommet-du-g20-accord-pour-tripler-la-capacite-des-energies-renouvelables-dici-a-2030\/#breadcrumb","itemListElement":[{"@type":"ListItem","position":1,"name":"Accueil","item":"https:\/\/lasentinelle.dz\/"},{"@type":"ListItem","position":2,"name":"Sommet du G20\u00a0: Accord pour tripler la capacit\u00e9 des \u00e9nergies renouvelables d\u2019ici \u00e0 2030"}]},{"@type":"WebSite","@id":"https:\/\/lasentinelle.dz\/#website","url":"https:\/\/lasentinelle.dz\/","name":"La Sentinelle","description":"Quotidien national d&#039;information","publisher":{"@id":"https:\/\/lasentinelle.dz\/#organization"},"potentialAction":[{"@type":"SearchAction","target":{"@type":"EntryPoint","urlTemplate":"https:\/\/lasentinelle.dz\/?s={search_term_string}"},"query-input":{"@type":"PropertyValueSpecification","valueRequired":true,"valueName":"search_term_string"}}],"inLanguage":"fr-FR"},{"@type":"Organization","@id":"https:\/\/lasentinelle.dz\/#organization","name":"Quotidien La Sentinelle","url":"https:\/\/lasentinelle.dz\/","logo":{"@type":"ImageObject","inLanguage":"fr-FR","@id":"https:\/\/lasentinelle.dz\/#\/schema\/logo\/image\/","url":"https:\/\/lasentinelle.dz\/wp-content\/uploads\/2021\/09\/logo-sentinelleSLOGAN-1.png","contentUrl":"https:\/\/lasentinelle.dz\/wp-content\/uploads\/2021\/09\/logo-sentinelleSLOGAN-1.png","width":615,"height":142,"caption":"Quotidien La Sentinelle"},"image":{"@id":"https:\/\/lasentinelle.dz\/#\/schema\/logo\/image\/"},"sameAs":["https:\/\/www.facebook.com\/La-Sentinelle-104059864394773"]},{"@type":"Person","@id":"https:\/\/lasentinelle.dz\/#\/schema\/person\/d865044e22e70a75174ce8bcad3acfb3","name":"La Sentinelle","image":{"@type":"ImageObject","inLanguage":"fr-FR","@id":"https:\/\/secure.gravatar.com\/avatar\/57de8e5d4b15d43fb361a71fbb36338450fe67865b528a43dd10ef7c51a20392?s=96&d=mm&r=g","url":"https:\/\/secure.gravatar.com\/avatar\/57de8e5d4b15d43fb361a71fbb36338450fe67865b528a43dd10ef7c51a20392?s=96&d=mm&r=g","contentUrl":"https:\/\/secure.gravatar.com\/avatar\/57de8e5d4b15d43fb361a71fbb36338450fe67865b528a43dd10ef7c51a20392?s=96&d=mm&r=g","caption":"La Sentinelle"},"sameAs":["http:\/\/www.lasentinelle.dz"],"url":"https:\/\/lasentinelle.dz\/author\/redaction\/"}]}},"_links":{"self":[{"href":"https:\/\/lasentinelle.dz\/index.php\/wp-json\/wp\/v2\/posts\/45430","targetHints":{"allow":["GET"]}}],"collection":[{"href":"https:\/\/lasentinelle.dz\/index.php\/wp-json\/wp\/v2\/posts"}],"about":[{"href":"https:\/\/lasentinelle.dz\/index.php\/wp-json\/wp\/v2\/types\/post"}],"author":[{"embeddable":true,"href":"https:\/\/lasentinelle.dz\/index.php\/wp-json\/wp\/v2\/users\/3"}],"replies":[{"embeddable":true,"href":"https:\/\/lasentinelle.dz\/index.php\/wp-json\/wp\/v2\/comments?post=45430"}],"version-history":[{"count":1,"href":"https:\/\/lasentinelle.dz\/index.php\/wp-json\/wp\/v2\/posts\/45430\/revisions"}],"predecessor-version":[{"id":45431,"href":"https:\/\/lasentinelle.dz\/index.php\/wp-json\/wp\/v2\/posts\/45430\/revisions\/45431"}],"wp:featuredmedia":[{"embeddable":true,"href":"https:\/\/lasentinelle.dz\/index.php\/wp-json\/wp\/v2\/media\/23844"}],"wp:attachment":[{"href":"https:\/\/lasentinelle.dz\/index.php\/wp-json\/wp\/v2\/media?parent=45430"}],"wp:term":[{"taxonomy":"category","embeddable":true,"href":"https:\/\/lasentinelle.dz\/index.php\/wp-json\/wp\/v2\/categories?post=45430"},{"taxonomy":"post_tag","embeddable":true,"href":"https:\/\/lasentinelle.dz\/index.php\/wp-json\/wp\/v2\/tags?post=45430"}],"curies":[{"name":"wp","href":"https:\/\/api.w.org\/{rel}","templated":true}]}}