{"id":45438,"date":"2023-09-11T20:14:27","date_gmt":"2023-09-11T19:14:27","guid":{"rendered":"https:\/\/lasentinelle.dz\/?p=45438"},"modified":"2023-09-11T20:14:32","modified_gmt":"2023-09-11T19:14:32","slug":"libye-plus-de-2-000-morts-dans-des-inondations-apres-des-pluies-torrentielles","status":"publish","type":"post","link":"https:\/\/lasentinelle.dz\/index.php\/2023\/09\/11\/libye-plus-de-2-000-morts-dans-des-inondations-apres-des-pluies-torrentielles\/","title":{"rendered":"Libye\u00a0: Plus de 2.000 morts dans des inondations apr\u00e8s des pluies torrentielles"},"content":{"rendered":"\n<p>Dimanche, la temp\u00eate m\u00e9diterran\u00e9enne \u00ab\u00a0Daniel\u00a0\u00bb a balay\u00e9 plusieurs r\u00e9gions de l\u2019est de la Libye, notamment les villes de Benghazi, Al-Bayda et Al-Marj, ainsi que Sousse et Derna, faisant plus de 2.000 morts.<\/p>\n\n\n\n<p>Dimanche, la temp\u00eate m\u00e9diterran\u00e9enne \u00ab\u00a0Daniel\u00a0\u00bb a balay\u00e9 plusieurs r\u00e9gions de l\u2019est de la Libye, notamment les villes de Benghazi, Al-Bayda et Al-Marj, ainsi que Sousse et Derna, faisant au moins de plus de 2030 et 1270 bless\u00e9s, selon le dernier bilan. &nbsp;la c\u00f4te m\u00e9diterran\u00e9enne, ont rapport\u00e9 lundi des m\u00e9dias locaux, citant les autorit\u00e9s locales. Dimanche, la temp\u00eate m\u00e9diterran\u00e9enne \u00ab\u00a0Daniel\u00a0\u00bb a balay\u00e9 plusieurs r\u00e9gions de l\u2019est de la Libye, notamment les villes de Benghazi, Al-Bayda et Al-Marj, ainsi que Sousse et Derna, faisant au moins 150 morts. Selon le portail d&rsquo;information Al Wasat, la ville d&rsquo;Al-Bayda a \u00e9t\u00e9 s\u00e9v\u00e8rement touch\u00e9e par le cyclone. Suite \u00e0 l&rsquo;op\u00e9ration d&rsquo;\u00e9vacuation des habitants men\u00e9e par l&rsquo;arm\u00e9e, le contact avec cinq militaires a \u00e9t\u00e9 perdu, a-t-on indiqu\u00e9 de m\u00eame source. Le gouvernement d&rsquo;union nationale libyen a annonc\u00e9, lundi, que toutes les municipalit\u00e9s touch\u00e9es par les pluies torrentielles et inondations dans l&rsquo;est du pays \u00e9taient des \u00ab\u00a0zones sinistr\u00e9es\u00a0\u00bb. Il a donn\u00e9 des instructions \u00ab\u00a0claires\u00a0\u00bb \u00e0 tous les minist\u00e8res, agences, \u00e9quipes de secours et h\u00f4pitaux afin de \u00ab\u00a0prendre des mesures urgentes et exceptionnelles pour faire face aux r\u00e9percussions des inondations\u00a0\u00bb. Le gouvernement a donn\u00e9 des instructions \u00ab\u00a0claires\u00a0\u00bb \u00e0 tous les minist\u00e8res, agences, \u00e9quipes de secours et h\u00f4pitaux afin de \u00ab\u00a0prendre des mesures urgentes et exceptionnelles pour faire face aux r\u00e9percussions des inondations\u00a0\u00bb. Tous sont appel\u00e9s \u00e0 \u00ab\u00a0suivre avec pr\u00e9cision la situation dans la r\u00e9gion de l&rsquo;est\u00a0\u00bb, d\u00e9clar\u00e9e \u00ab\u00a0zone sinistr\u00e9e\u00a0\u00bb, a-t-on ajout\u00e9. A son tour, la mission des Nations unies en L ibye a affirm\u00e9 qu&rsquo;elle suivait de pr\u00e8s la situation d&rsquo;urgence dans l&rsquo;est du pays, exprimant dans un communiqu\u00e9 \u00ab\u00a0sa disponibilit\u00e9 \u00e0 apporter son soutien aux personnes touch\u00e9es\u00a0\u00bb. &nbsp;Le Centre m\u00e9t\u00e9orologique libyen a \u00e9galement mis en garde, le m\u00eame jour, contre \u00ab\u00a0des fluctuations m\u00e9t\u00e9orologiques affectant dimanche les r\u00e9gions du nord-est de la Libye, accompagn\u00e9es de vents forts dans la plupart des r\u00e9gions, avec des vitesses d\u00e9passant parfois 70 kilom\u00e8tres par heure\u00a0\u00bb.<\/p>\n\n\n\n<p>R.I.<\/p>\n\n\n\n<p><strong>L&rsquo;Alg\u00e9rie pr\u00e9sente ses condol\u00e9ances \u00e0 la Libye<\/strong><\/p>\n\n\n\n<p>L&rsquo;Alg\u00e9rie a pr\u00e9sent\u00e9 ses sinc\u00e8res condol\u00e9ances et exprim\u00e9 sa profonde compassion \u00e0 la Libye suite aux pluies torrentielles et aux inondations ayant touch\u00e9 le pays, tout en affichant sa pleine disposition \u00e0 soutenir les Libyens et \u00e0 les aider en vue d&rsquo;att\u00e9nuer les effets de cette catastrophe naturelle, a indiqu\u00e9, lundi, un communiqu\u00e9 du minist\u00e8re des Affaires \u00e9trang\u00e8res et de la Communaut\u00e9 nationale \u00e0 l&rsquo;\u00e9tranger. \u00ab\u00a0Suite aux pluies torrentielles et aux inondations tragiques qui ont touch\u00e9 l&rsquo;Etat fr\u00e8re de Libye, l&rsquo;Alg\u00e9rie pr\u00e9sente ses sinc\u00e8res condol\u00e9ances et exprime sa compassion et ses profonds sentiments de sympathie ainsi que sa solidarit\u00e9 avec le gouvernement et le peuple libyens face aux effets de ce drame\u00a0\u00bb, souligne le communiqu\u00e9. L&rsquo;Alg\u00e9rie exprime \u00ab\u00a0sa pleine disposition \u00e0 \u00eatre aux c\u00f4t\u00e9s des fr\u00e8res libyens et \u00e0 leur pr\u00eater aide et assistance en vue d&rsquo;att\u00e9nuer les effets de cette catastrophe\u00a0\u00bb, conclut le communiqu\u00e9.<\/p>\n","protected":false},"excerpt":{"rendered":"<p>Dimanche, la temp\u00eate m\u00e9diterran\u00e9enne \u00ab\u00a0Daniel\u00a0\u00bb a balay\u00e9 plusieurs r\u00e9gions de l\u2019est de la Libye, notamment les villes de Benghazi, Al-Bayda<\/p>\n","protected":false},"author":3,"featured_media":45439,"comment_status":"open","ping_status":"closed","sticky":false,"template":"","format":"standard","meta":{"colormag_page_container_layout":"default_layout","colormag_page_sidebar_layout":"default_layout","om_disable_all_campaigns":false,"_monsterinsights_skip_tracking":false,"_monsterinsights_sitenote_active":false,"_monsterinsights_sitenote_note":"","_monsterinsights_sitenote_category":0,"footnotes":"","_wpscppro_dont_share_socialmedia":false,"_wpscppro_custom_social_share_image":0,"_facebook_share_type":"","_twitter_share_type":"","_linkedin_share_type":"","_pinterest_share_type":"","_linkedin_share_type_page":"","_instagram_share_type":"","_medium_share_type":"","_threads_share_type":"","_google_business_share_type":"","_selected_social_profile":[],"_wpsp_enable_custom_social_template":false,"_wpsp_social_scheduling":{"enabled":false,"datetime":null,"platforms":[],"status":"template_only","dateOption":"today","timeOption":"now","customDays":"","customHours":"","customDate":"","customTime":"","schedulingType":"absolute"},"_wpsp_active_default_template":true},"categories":[52,37],"tags":[],"class_list":["post-45438","post","type-post","status-publish","format-standard","has-post-thumbnail","hentry","category-a-la-une","category-monde"],"aioseo_notices":[],"yoast_head":"<!-- This site is optimized with the Yoast SEO plugin v27.5 - https:\/\/yoast.com\/product\/yoast-seo-wordpress\/ -->\n<title>Libye\u00a0: Plus de 2.000 morts dans des inondations apr\u00e8s des pluies torrentielles - La Sentinelle<\/title>\n<meta name=\"robots\" content=\"index, follow, max-snippet:-1, max-image-preview:large, max-video-preview:-1\" \/>\n<link rel=\"canonical\" href=\"https:\/\/lasentinelle.dz\/index.php\/2023\/09\/11\/libye-plus-de-2-000-morts-dans-des-inondations-apres-des-pluies-torrentielles\/\" \/>\n<meta property=\"og:locale\" content=\"fr_FR\" \/>\n<meta property=\"og:type\" content=\"article\" \/>\n<meta property=\"og:title\" content=\"Libye\u00a0: Plus de 2.000 morts dans des inondations apr\u00e8s des pluies torrentielles - La Sentinelle\" \/>\n<meta property=\"og:description\" content=\"Dimanche, la temp\u00eate m\u00e9diterran\u00e9enne \u00ab\u00a0Daniel\u00a0\u00bb a balay\u00e9 plusieurs r\u00e9gions de l\u2019est de la Libye, notamment les villes de Benghazi, Al-Bayda\" \/>\n<meta property=\"og:url\" content=\"https:\/\/lasentinelle.dz\/index.php\/2023\/09\/11\/libye-plus-de-2-000-morts-dans-des-inondations-apres-des-pluies-torrentielles\/\" \/>\n<meta property=\"og:site_name\" content=\"La Sentinelle\" \/>\n<meta property=\"article:publisher\" content=\"https:\/\/www.facebook.com\/La-Sentinelle-104059864394773\" \/>\n<meta property=\"article:published_time\" content=\"2023-09-11T19:14:27+00:00\" \/>\n<meta property=\"article:modified_time\" content=\"2023-09-11T19:14:32+00:00\" \/>\n<meta property=\"og:image\" content=\"https:\/\/lasentinelle.dz\/wp-content\/uploads\/2023\/09\/inondations-1024x576.png\" \/>\n\t<meta property=\"og:image:width\" content=\"1024\" \/>\n\t<meta property=\"og:image:height\" content=\"576\" \/>\n\t<meta property=\"og:image:type\" content=\"image\/png\" \/>\n<meta name=\"author\" content=\"La Sentinelle\" \/>\n<meta name=\"twitter:card\" content=\"summary_large_image\" \/>\n<meta name=\"twitter:label1\" content=\"\u00c9crit par\" \/>\n\t<meta name=\"twitter:data1\" content=\"La Sentinelle\" \/>\n\t<meta name=\"twitter:label2\" content=\"Dur\u00e9e de lecture estim\u00e9e\" \/>\n\t<meta name=\"twitter:data2\" content=\"3 minutes\" \/>\n<script type=\"application\/ld+json\" class=\"yoast-schema-graph\">{\"@context\":\"https:\\\/\\\/schema.org\",\"@graph\":[{\"@type\":\"Article\",\"@id\":\"https:\\\/\\\/lasentinelle.dz\\\/index.php\\\/2023\\\/09\\\/11\\\/libye-plus-de-2-000-morts-dans-des-inondations-apres-des-pluies-torrentielles\\\/#article\",\"isPartOf\":{\"@id\":\"https:\\\/\\\/lasentinelle.dz\\\/index.php\\\/2023\\\/09\\\/11\\\/libye-plus-de-2-000-morts-dans-des-inondations-apres-des-pluies-torrentielles\\\/\"},\"author\":{\"name\":\"La Sentinelle\",\"@id\":\"https:\\\/\\\/lasentinelle.dz\\\/#\\\/schema\\\/person\\\/d865044e22e70a75174ce8bcad3acfb3\"},\"headline\":\"Libye\u00a0: Plus de 2.000 morts dans des inondations apr\u00e8s des pluies torrentielles\",\"datePublished\":\"2023-09-11T19:14:27+00:00\",\"dateModified\":\"2023-09-11T19:14:32+00:00\",\"mainEntityOfPage\":{\"@id\":\"https:\\\/\\\/lasentinelle.dz\\\/index.php\\\/2023\\\/09\\\/11\\\/libye-plus-de-2-000-morts-dans-des-inondations-apres-des-pluies-torrentielles\\\/\"},\"wordCount\":591,\"commentCount\":0,\"publisher\":{\"@id\":\"https:\\\/\\\/lasentinelle.dz\\\/#organization\"},\"image\":{\"@id\":\"https:\\\/\\\/lasentinelle.dz\\\/index.php\\\/2023\\\/09\\\/11\\\/libye-plus-de-2-000-morts-dans-des-inondations-apres-des-pluies-torrentielles\\\/#primaryimage\"},\"thumbnailUrl\":\"https:\\\/\\\/lasentinelle.dz\\\/wp-content\\\/uploads\\\/2023\\\/09\\\/inondations.png\",\"articleSection\":[\"\u00c0 la Une\",\"Monde\"],\"inLanguage\":\"fr-FR\",\"potentialAction\":[{\"@type\":\"CommentAction\",\"name\":\"Comment\",\"target\":[\"https:\\\/\\\/lasentinelle.dz\\\/index.php\\\/2023\\\/09\\\/11\\\/libye-plus-de-2-000-morts-dans-des-inondations-apres-des-pluies-torrentielles\\\/#respond\"]}]},{\"@type\":\"WebPage\",\"@id\":\"https:\\\/\\\/lasentinelle.dz\\\/index.php\\\/2023\\\/09\\\/11\\\/libye-plus-de-2-000-morts-dans-des-inondations-apres-des-pluies-torrentielles\\\/\",\"url\":\"https:\\\/\\\/lasentinelle.dz\\\/index.php\\\/2023\\\/09\\\/11\\\/libye-plus-de-2-000-morts-dans-des-inondations-apres-des-pluies-torrentielles\\\/\",\"name\":\"Libye\u00a0: Plus de 2.000 morts dans des inondations apr\u00e8s des pluies torrentielles - La Sentinelle\",\"isPartOf\":{\"@id\":\"https:\\\/\\\/lasentinelle.dz\\\/#website\"},\"primaryImageOfPage\":{\"@id\":\"https:\\\/\\\/lasentinelle.dz\\\/index.php\\\/2023\\\/09\\\/11\\\/libye-plus-de-2-000-morts-dans-des-inondations-apres-des-pluies-torrentielles\\\/#primaryimage\"},\"image\":{\"@id\":\"https:\\\/\\\/lasentinelle.dz\\\/index.php\\\/2023\\\/09\\\/11\\\/libye-plus-de-2-000-morts-dans-des-inondations-apres-des-pluies-torrentielles\\\/#primaryimage\"},\"thumbnailUrl\":\"https:\\\/\\\/lasentinelle.dz\\\/wp-content\\\/uploads\\\/2023\\\/09\\\/inondations.png\",\"datePublished\":\"2023-09-11T19:14:27+00:00\",\"dateModified\":\"2023-09-11T19:14:32+00:00\",\"breadcrumb\":{\"@id\":\"https:\\\/\\\/lasentinelle.dz\\\/index.php\\\/2023\\\/09\\\/11\\\/libye-plus-de-2-000-morts-dans-des-inondations-apres-des-pluies-torrentielles\\\/#breadcrumb\"},\"inLanguage\":\"fr-FR\",\"potentialAction\":[{\"@type\":\"ReadAction\",\"target\":[\"https:\\\/\\\/lasentinelle.dz\\\/index.php\\\/2023\\\/09\\\/11\\\/libye-plus-de-2-000-morts-dans-des-inondations-apres-des-pluies-torrentielles\\\/\"]}]},{\"@type\":\"ImageObject\",\"inLanguage\":\"fr-FR\",\"@id\":\"https:\\\/\\\/lasentinelle.dz\\\/index.php\\\/2023\\\/09\\\/11\\\/libye-plus-de-2-000-morts-dans-des-inondations-apres-des-pluies-torrentielles\\\/#primaryimage\",\"url\":\"https:\\\/\\\/lasentinelle.dz\\\/wp-content\\\/uploads\\\/2023\\\/09\\\/inondations.png\",\"contentUrl\":\"https:\\\/\\\/lasentinelle.dz\\\/wp-content\\\/uploads\\\/2023\\\/09\\\/inondations.png\",\"width\":2656,\"height\":1494},{\"@type\":\"BreadcrumbList\",\"@id\":\"https:\\\/\\\/lasentinelle.dz\\\/index.php\\\/2023\\\/09\\\/11\\\/libye-plus-de-2-000-morts-dans-des-inondations-apres-des-pluies-torrentielles\\\/#breadcrumb\",\"itemListElement\":[{\"@type\":\"ListItem\",\"position\":1,\"name\":\"Accueil\",\"item\":\"https:\\\/\\\/lasentinelle.dz\\\/\"},{\"@type\":\"ListItem\",\"position\":2,\"name\":\"Libye\u00a0: Plus de 2.000 morts dans des inondations apr\u00e8s des pluies torrentielles\"}]},{\"@type\":\"WebSite\",\"@id\":\"https:\\\/\\\/lasentinelle.dz\\\/#website\",\"url\":\"https:\\\/\\\/lasentinelle.dz\\\/\",\"name\":\"La Sentinelle\",\"description\":\"Quotidien national d&#039;information\",\"publisher\":{\"@id\":\"https:\\\/\\\/lasentinelle.dz\\\/#organization\"},\"potentialAction\":[{\"@type\":\"SearchAction\",\"target\":{\"@type\":\"EntryPoint\",\"urlTemplate\":\"https:\\\/\\\/lasentinelle.dz\\\/?s={search_term_string}\"},\"query-input\":{\"@type\":\"PropertyValueSpecification\",\"valueRequired\":true,\"valueName\":\"search_term_string\"}}],\"inLanguage\":\"fr-FR\"},{\"@type\":\"Organization\",\"@id\":\"https:\\\/\\\/lasentinelle.dz\\\/#organization\",\"name\":\"Quotidien La Sentinelle\",\"url\":\"https:\\\/\\\/lasentinelle.dz\\\/\",\"logo\":{\"@type\":\"ImageObject\",\"inLanguage\":\"fr-FR\",\"@id\":\"https:\\\/\\\/lasentinelle.dz\\\/#\\\/schema\\\/logo\\\/image\\\/\",\"url\":\"https:\\\/\\\/lasentinelle.dz\\\/wp-content\\\/uploads\\\/2021\\\/09\\\/logo-sentinelleSLOGAN-1.png\",\"contentUrl\":\"https:\\\/\\\/lasentinelle.dz\\\/wp-content\\\/uploads\\\/2021\\\/09\\\/logo-sentinelleSLOGAN-1.png\",\"width\":615,\"height\":142,\"caption\":\"Quotidien La Sentinelle\"},\"image\":{\"@id\":\"https:\\\/\\\/lasentinelle.dz\\\/#\\\/schema\\\/logo\\\/image\\\/\"},\"sameAs\":[\"https:\\\/\\\/www.facebook.com\\\/La-Sentinelle-104059864394773\"]},{\"@type\":\"Person\",\"@id\":\"https:\\\/\\\/lasentinelle.dz\\\/#\\\/schema\\\/person\\\/d865044e22e70a75174ce8bcad3acfb3\",\"name\":\"La Sentinelle\",\"image\":{\"@type\":\"ImageObject\",\"inLanguage\":\"fr-FR\",\"@id\":\"https:\\\/\\\/secure.gravatar.com\\\/avatar\\\/57de8e5d4b15d43fb361a71fbb36338450fe67865b528a43dd10ef7c51a20392?s=96&d=mm&r=g\",\"url\":\"https:\\\/\\\/secure.gravatar.com\\\/avatar\\\/57de8e5d4b15d43fb361a71fbb36338450fe67865b528a43dd10ef7c51a20392?s=96&d=mm&r=g\",\"contentUrl\":\"https:\\\/\\\/secure.gravatar.com\\\/avatar\\\/57de8e5d4b15d43fb361a71fbb36338450fe67865b528a43dd10ef7c51a20392?s=96&d=mm&r=g\",\"caption\":\"La Sentinelle\"},\"sameAs\":[\"http:\\\/\\\/www.lasentinelle.dz\"],\"url\":\"https:\\\/\\\/lasentinelle.dz\\\/author\\\/redaction\\\/\"}]}<\/script>\n<!-- \/ Yoast SEO plugin. -->","yoast_head_json":{"title":"Libye\u00a0: Plus de 2.000 morts dans des inondations apr\u00e8s des pluies torrentielles - La Sentinelle","robots":{"index":"index","follow":"follow","max-snippet":"max-snippet:-1","max-image-preview":"max-image-preview:large","max-video-preview":"max-video-preview:-1"},"canonical":"https:\/\/lasentinelle.dz\/index.php\/2023\/09\/11\/libye-plus-de-2-000-morts-dans-des-inondations-apres-des-pluies-torrentielles\/","og_locale":"fr_FR","og_type":"article","og_title":"Libye\u00a0: Plus de 2.000 morts dans des inondations apr\u00e8s des pluies torrentielles - La Sentinelle","og_description":"Dimanche, la temp\u00eate m\u00e9diterran\u00e9enne \u00ab\u00a0Daniel\u00a0\u00bb a balay\u00e9 plusieurs r\u00e9gions de l\u2019est de la Libye, notamment les villes de Benghazi, Al-Bayda","og_url":"https:\/\/lasentinelle.dz\/index.php\/2023\/09\/11\/libye-plus-de-2-000-morts-dans-des-inondations-apres-des-pluies-torrentielles\/","og_site_name":"La Sentinelle","article_publisher":"https:\/\/www.facebook.com\/La-Sentinelle-104059864394773","article_published_time":"2023-09-11T19:14:27+00:00","article_modified_time":"2023-09-11T19:14:32+00:00","og_image":[{"width":1024,"height":576,"url":"https:\/\/lasentinelle.dz\/wp-content\/uploads\/2023\/09\/inondations-1024x576.png","type":"image\/png"}],"author":"La Sentinelle","twitter_card":"summary_large_image","twitter_misc":{"\u00c9crit par":"La Sentinelle","Dur\u00e9e de lecture estim\u00e9e":"3 minutes"},"schema":{"@context":"https:\/\/schema.org","@graph":[{"@type":"Article","@id":"https:\/\/lasentinelle.dz\/index.php\/2023\/09\/11\/libye-plus-de-2-000-morts-dans-des-inondations-apres-des-pluies-torrentielles\/#article","isPartOf":{"@id":"https:\/\/lasentinelle.dz\/index.php\/2023\/09\/11\/libye-plus-de-2-000-morts-dans-des-inondations-apres-des-pluies-torrentielles\/"},"author":{"name":"La Sentinelle","@id":"https:\/\/lasentinelle.dz\/#\/schema\/person\/d865044e22e70a75174ce8bcad3acfb3"},"headline":"Libye\u00a0: Plus de 2.000 morts dans des inondations apr\u00e8s des pluies torrentielles","datePublished":"2023-09-11T19:14:27+00:00","dateModified":"2023-09-11T19:14:32+00:00","mainEntityOfPage":{"@id":"https:\/\/lasentinelle.dz\/index.php\/2023\/09\/11\/libye-plus-de-2-000-morts-dans-des-inondations-apres-des-pluies-torrentielles\/"},"wordCount":591,"commentCount":0,"publisher":{"@id":"https:\/\/lasentinelle.dz\/#organization"},"image":{"@id":"https:\/\/lasentinelle.dz\/index.php\/2023\/09\/11\/libye-plus-de-2-000-morts-dans-des-inondations-apres-des-pluies-torrentielles\/#primaryimage"},"thumbnailUrl":"https:\/\/lasentinelle.dz\/wp-content\/uploads\/2023\/09\/inondations.png","articleSection":["\u00c0 la Une","Monde"],"inLanguage":"fr-FR","potentialAction":[{"@type":"CommentAction","name":"Comment","target":["https:\/\/lasentinelle.dz\/index.php\/2023\/09\/11\/libye-plus-de-2-000-morts-dans-des-inondations-apres-des-pluies-torrentielles\/#respond"]}]},{"@type":"WebPage","@id":"https:\/\/lasentinelle.dz\/index.php\/2023\/09\/11\/libye-plus-de-2-000-morts-dans-des-inondations-apres-des-pluies-torrentielles\/","url":"https:\/\/lasentinelle.dz\/index.php\/2023\/09\/11\/libye-plus-de-2-000-morts-dans-des-inondations-apres-des-pluies-torrentielles\/","name":"Libye\u00a0: Plus de 2.000 morts dans des inondations apr\u00e8s des pluies torrentielles - La Sentinelle","isPartOf":{"@id":"https:\/\/lasentinelle.dz\/#website"},"primaryImageOfPage":{"@id":"https:\/\/lasentinelle.dz\/index.php\/2023\/09\/11\/libye-plus-de-2-000-morts-dans-des-inondations-apres-des-pluies-torrentielles\/#primaryimage"},"image":{"@id":"https:\/\/lasentinelle.dz\/index.php\/2023\/09\/11\/libye-plus-de-2-000-morts-dans-des-inondations-apres-des-pluies-torrentielles\/#primaryimage"},"thumbnailUrl":"https:\/\/lasentinelle.dz\/wp-content\/uploads\/2023\/09\/inondations.png","datePublished":"2023-09-11T19:14:27+00:00","dateModified":"2023-09-11T19:14:32+00:00","breadcrumb":{"@id":"https:\/\/lasentinelle.dz\/index.php\/2023\/09\/11\/libye-plus-de-2-000-morts-dans-des-inondations-apres-des-pluies-torrentielles\/#breadcrumb"},"inLanguage":"fr-FR","potentialAction":[{"@type":"ReadAction","target":["https:\/\/lasentinelle.dz\/index.php\/2023\/09\/11\/libye-plus-de-2-000-morts-dans-des-inondations-apres-des-pluies-torrentielles\/"]}]},{"@type":"ImageObject","inLanguage":"fr-FR","@id":"https:\/\/lasentinelle.dz\/index.php\/2023\/09\/11\/libye-plus-de-2-000-morts-dans-des-inondations-apres-des-pluies-torrentielles\/#primaryimage","url":"https:\/\/lasentinelle.dz\/wp-content\/uploads\/2023\/09\/inondations.png","contentUrl":"https:\/\/lasentinelle.dz\/wp-content\/uploads\/2023\/09\/inondations.png","width":2656,"height":1494},{"@type":"BreadcrumbList","@id":"https:\/\/lasentinelle.dz\/index.php\/2023\/09\/11\/libye-plus-de-2-000-morts-dans-des-inondations-apres-des-pluies-torrentielles\/#breadcrumb","itemListElement":[{"@type":"ListItem","position":1,"name":"Accueil","item":"https:\/\/lasentinelle.dz\/"},{"@type":"ListItem","position":2,"name":"Libye\u00a0: Plus de 2.000 morts dans des inondations apr\u00e8s des pluies torrentielles"}]},{"@type":"WebSite","@id":"https:\/\/lasentinelle.dz\/#website","url":"https:\/\/lasentinelle.dz\/","name":"La Sentinelle","description":"Quotidien national d&#039;information","publisher":{"@id":"https:\/\/lasentinelle.dz\/#organization"},"potentialAction":[{"@type":"SearchAction","target":{"@type":"EntryPoint","urlTemplate":"https:\/\/lasentinelle.dz\/?s={search_term_string}"},"query-input":{"@type":"PropertyValueSpecification","valueRequired":true,"valueName":"search_term_string"}}],"inLanguage":"fr-FR"},{"@type":"Organization","@id":"https:\/\/lasentinelle.dz\/#organization","name":"Quotidien La Sentinelle","url":"https:\/\/lasentinelle.dz\/","logo":{"@type":"ImageObject","inLanguage":"fr-FR","@id":"https:\/\/lasentinelle.dz\/#\/schema\/logo\/image\/","url":"https:\/\/lasentinelle.dz\/wp-content\/uploads\/2021\/09\/logo-sentinelleSLOGAN-1.png","contentUrl":"https:\/\/lasentinelle.dz\/wp-content\/uploads\/2021\/09\/logo-sentinelleSLOGAN-1.png","width":615,"height":142,"caption":"Quotidien La Sentinelle"},"image":{"@id":"https:\/\/lasentinelle.dz\/#\/schema\/logo\/image\/"},"sameAs":["https:\/\/www.facebook.com\/La-Sentinelle-104059864394773"]},{"@type":"Person","@id":"https:\/\/lasentinelle.dz\/#\/schema\/person\/d865044e22e70a75174ce8bcad3acfb3","name":"La Sentinelle","image":{"@type":"ImageObject","inLanguage":"fr-FR","@id":"https:\/\/secure.gravatar.com\/avatar\/57de8e5d4b15d43fb361a71fbb36338450fe67865b528a43dd10ef7c51a20392?s=96&d=mm&r=g","url":"https:\/\/secure.gravatar.com\/avatar\/57de8e5d4b15d43fb361a71fbb36338450fe67865b528a43dd10ef7c51a20392?s=96&d=mm&r=g","contentUrl":"https:\/\/secure.gravatar.com\/avatar\/57de8e5d4b15d43fb361a71fbb36338450fe67865b528a43dd10ef7c51a20392?s=96&d=mm&r=g","caption":"La Sentinelle"},"sameAs":["http:\/\/www.lasentinelle.dz"],"url":"https:\/\/lasentinelle.dz\/author\/redaction\/"}]}},"_links":{"self":[{"href":"https:\/\/lasentinelle.dz\/index.php\/wp-json\/wp\/v2\/posts\/45438","targetHints":{"allow":["GET"]}}],"collection":[{"href":"https:\/\/lasentinelle.dz\/index.php\/wp-json\/wp\/v2\/posts"}],"about":[{"href":"https:\/\/lasentinelle.dz\/index.php\/wp-json\/wp\/v2\/types\/post"}],"author":[{"embeddable":true,"href":"https:\/\/lasentinelle.dz\/index.php\/wp-json\/wp\/v2\/users\/3"}],"replies":[{"embeddable":true,"href":"https:\/\/lasentinelle.dz\/index.php\/wp-json\/wp\/v2\/comments?post=45438"}],"version-history":[{"count":1,"href":"https:\/\/lasentinelle.dz\/index.php\/wp-json\/wp\/v2\/posts\/45438\/revisions"}],"predecessor-version":[{"id":45440,"href":"https:\/\/lasentinelle.dz\/index.php\/wp-json\/wp\/v2\/posts\/45438\/revisions\/45440"}],"wp:featuredmedia":[{"embeddable":true,"href":"https:\/\/lasentinelle.dz\/index.php\/wp-json\/wp\/v2\/media\/45439"}],"wp:attachment":[{"href":"https:\/\/lasentinelle.dz\/index.php\/wp-json\/wp\/v2\/media?parent=45438"}],"wp:term":[{"taxonomy":"category","embeddable":true,"href":"https:\/\/lasentinelle.dz\/index.php\/wp-json\/wp\/v2\/categories?post=45438"},{"taxonomy":"post_tag","embeddable":true,"href":"https:\/\/lasentinelle.dz\/index.php\/wp-json\/wp\/v2\/tags?post=45438"}],"curies":[{"name":"wp","href":"https:\/\/api.w.org\/{rel}","templated":true}]}}