{"id":45453,"date":"2023-09-11T20:23:32","date_gmt":"2023-09-11T19:23:32","guid":{"rendered":"https:\/\/lasentinelle.dz\/?p=45453"},"modified":"2023-09-11T20:23:33","modified_gmt":"2023-09-11T19:23:33","slug":"energie-le-gaz-naturel-monte-avec-la-greve-en-australie","status":"publish","type":"post","link":"https:\/\/lasentinelle.dz\/index.php\/2023\/09\/11\/energie-le-gaz-naturel-monte-avec-la-greve-en-australie\/","title":{"rendered":"Energie\u00a0: Le gaz naturel monte avec la gr\u00e8ve en Australie"},"content":{"rendered":"\n<p>Le cours du gaz naturel europ\u00e9en montait hier, pouss\u00e9 par les perturbations de l&rsquo;offre de gaz naturel liqu\u00e9fi\u00e9 venant d&rsquo;Australie en raison d&rsquo;une gr\u00e8ve.<\/p>\n\n\n\n<p>Vers 10H10 GMT, le contrat \u00e0 terme du TTF n\u00e9erlandais, consid\u00e9r\u00e9 comme la r\u00e9f\u00e9rence europ\u00e9enne, grimpait de plus de 8% \u00e0 37,505 euros le m\u00e9gawattheure (MWh).<\/p>\n\n\n\n<p>Les employ\u00e9s du g\u00e9ant am\u00e9ricain de l&rsquo;\u00e9nergie Chevron ont en effet entam\u00e9 vendredi des gr\u00e8ves tournantes pour une revalorisation de leurs salaires dans les sites de production de gaz du groupe am\u00e9ricain en Australie. \u00ab\u00a0Les installations de Chevron repr\u00e9sentent pr\u00e8s de 7% de l&rsquo;offre mondiale de GNL\u00a0\u00bb, expliquent les analystes de DNB. La guerre en Ukraine a entra\u00een\u00e9 une plus grande d\u00e9pendance de l&rsquo;Europe vis-\u00e0-vis du gaz naturel liqu\u00e9fi\u00e9, le Vieux continent s&rsquo;effor\u00e7ant de r\u00e9duire ses achats de gaz russe. Cette d\u00e9pendance a entra\u00een\u00e9 une \u00ab\u00a0plus grande volatilit\u00e9 des prix, le march\u00e9 \u00e9tant davantage expos\u00e9 aux perturbations de la demande et de l&rsquo;offre au niveau mondial\u00a0\u00bb, poursuivent les analystes de DNB.<\/p>\n\n\n\n<p>&nbsp;Or, les acheteurs asiatiques en mal de gaz naturel liqu\u00e9fi\u00e9 pourraient donc \u00eatre pouss\u00e9s \u00e0 surench\u00e9rir sur leurs homologues europ\u00e9ens et se tourner vers les \u00c9tats-Unis pour compenser le manque de l&rsquo;offre australienne, dopant la demande.&nbsp; En parall\u00e8le, \u00ab\u00a0la maintenance des infrastructures norv\u00e9giennes se poursuit\u00a0\u00bb, diminuant \u00e9galement l&rsquo;offre disponible sur le march\u00e9, poursuivent les analystes d&rsquo;Energi Danmark.<\/p>\n\n\n\n<p>C\u00f4t\u00e9 p\u00e9trole, le baril de Brent de la mer du Nord, pour livraison en novembre, perdait 0,33% \u00e0 90,35 dollars. Son \u00e9quivalent am\u00e9ricain, le baril de West Texas Intermediate (WTI), pour livraison en octobre, glissait de 0,61% \u00e0 86,98 dollars. Les prix du p\u00e9trole reprenaient leur souffle en raison de \u00ab\u00a0prises de b\u00e9n\u00e9fices apr\u00e8s les gains r\u00e9cents\u00a0\u00bb, expliquent les analystes de DNB. Les deux r\u00e9f\u00e9rences mondiales de l&rsquo;or noir se situent en effet \u00e0 des niveaux tr\u00e8s \u00e9lev\u00e9s, pouss\u00e9s par la prolongation des restrictions de production et d&rsquo;exportation de l&rsquo;Arabie saoudite et de la Russie jusqu&rsquo;\u00e0 la fin de l&rsquo;ann\u00e9e. Les inqui\u00e9tudes persistent cependant \u00ab\u00a0du c\u00f4t\u00e9 de la demande, en raison de la faiblesse de l&rsquo;\u00e9conomie chinoise\u00a0\u00bb, temp\u00e8re John Plassard, analyste de Mirabaud. Le march\u00e9 surveillera mercredi les donn\u00e9es sur l&rsquo;inflation en ao\u00fbt aux \u00c9tats-Unis, qui pourraient influencer la politique mon\u00e9taire de la R\u00e9serve f\u00e9d\u00e9rale am\u00e9ricaine (Fed), et donc influer sur la croissance et la demande du pays.<\/p>\n\n\n\n<p>R.E.<\/p>\n","protected":false},"excerpt":{"rendered":"<p>Le cours du gaz naturel europ\u00e9en montait hier, pouss\u00e9 par les perturbations de l&rsquo;offre de gaz naturel liqu\u00e9fi\u00e9 venant d&rsquo;Australie<\/p>\n","protected":false},"author":3,"featured_media":39797,"comment_status":"open","ping_status":"closed","sticky":false,"template":"","format":"standard","meta":{"colormag_page_container_layout":"default_layout","colormag_page_sidebar_layout":"default_layout","om_disable_all_campaigns":false,"_monsterinsights_skip_tracking":false,"_monsterinsights_sitenote_active":false,"_monsterinsights_sitenote_note":"","_monsterinsights_sitenote_category":0,"footnotes":"","_wpscppro_dont_share_socialmedia":false,"_wpscppro_custom_social_share_image":0,"_facebook_share_type":"","_twitter_share_type":"","_linkedin_share_type":"","_pinterest_share_type":"","_linkedin_share_type_page":"","_instagram_share_type":"","_medium_share_type":"","_threads_share_type":"","_google_business_share_type":"","_selected_social_profile":[],"_wpsp_enable_custom_social_template":false,"_wpsp_social_scheduling":{"enabled":false,"datetime":null,"platforms":[],"status":"template_only","dateOption":"today","timeOption":"now","customDays":"","customHours":"","customDate":"","customTime":"","schedulingType":"absolute"},"_wpsp_active_default_template":true},"categories":[29],"tags":[],"class_list":["post-45453","post","type-post","status-publish","format-standard","has-post-thumbnail","hentry","category-economie"],"aioseo_notices":[],"yoast_head":"<!-- This site is optimized with the Yoast SEO plugin v27.5 - https:\/\/yoast.com\/product\/yoast-seo-wordpress\/ -->\n<title>Energie\u00a0: Le gaz naturel monte avec la gr\u00e8ve en Australie - La Sentinelle<\/title>\n<meta name=\"robots\" content=\"index, follow, max-snippet:-1, max-image-preview:large, max-video-preview:-1\" \/>\n<link rel=\"canonical\" href=\"https:\/\/lasentinelle.dz\/index.php\/2023\/09\/11\/energie-le-gaz-naturel-monte-avec-la-greve-en-australie\/\" \/>\n<meta property=\"og:locale\" content=\"fr_FR\" \/>\n<meta property=\"og:type\" content=\"article\" \/>\n<meta property=\"og:title\" content=\"Energie\u00a0: Le gaz naturel monte avec la gr\u00e8ve en Australie - La Sentinelle\" \/>\n<meta property=\"og:description\" content=\"Le cours du gaz naturel europ\u00e9en montait hier, pouss\u00e9 par les perturbations de l&rsquo;offre de gaz naturel liqu\u00e9fi\u00e9 venant d&rsquo;Australie\" \/>\n<meta property=\"og:url\" content=\"https:\/\/lasentinelle.dz\/index.php\/2023\/09\/11\/energie-le-gaz-naturel-monte-avec-la-greve-en-australie\/\" \/>\n<meta property=\"og:site_name\" content=\"La Sentinelle\" \/>\n<meta property=\"article:publisher\" content=\"https:\/\/www.facebook.com\/La-Sentinelle-104059864394773\" \/>\n<meta property=\"article:published_time\" content=\"2023-09-11T19:23:32+00:00\" \/>\n<meta property=\"article:modified_time\" content=\"2023-09-11T19:23:33+00:00\" \/>\n<meta property=\"og:image\" content=\"https:\/\/lasentinelle.dz\/wp-content\/uploads\/2023\/04\/gnl-1.png\" \/>\n\t<meta property=\"og:image:width\" content=\"1342\" \/>\n\t<meta property=\"og:image:height\" content=\"900\" \/>\n\t<meta property=\"og:image:type\" content=\"image\/png\" \/>\n<meta name=\"author\" content=\"La Sentinelle\" \/>\n<meta name=\"twitter:card\" content=\"summary_large_image\" \/>\n<meta name=\"twitter:label1\" content=\"\u00c9crit par\" \/>\n\t<meta name=\"twitter:data1\" content=\"La Sentinelle\" \/>\n\t<meta name=\"twitter:label2\" content=\"Dur\u00e9e de lecture estim\u00e9e\" \/>\n\t<meta name=\"twitter:data2\" content=\"2 minutes\" \/>\n<script type=\"application\/ld+json\" class=\"yoast-schema-graph\">{\"@context\":\"https:\\\/\\\/schema.org\",\"@graph\":[{\"@type\":\"Article\",\"@id\":\"https:\\\/\\\/lasentinelle.dz\\\/index.php\\\/2023\\\/09\\\/11\\\/energie-le-gaz-naturel-monte-avec-la-greve-en-australie\\\/#article\",\"isPartOf\":{\"@id\":\"https:\\\/\\\/lasentinelle.dz\\\/index.php\\\/2023\\\/09\\\/11\\\/energie-le-gaz-naturel-monte-avec-la-greve-en-australie\\\/\"},\"author\":{\"name\":\"La Sentinelle\",\"@id\":\"https:\\\/\\\/lasentinelle.dz\\\/#\\\/schema\\\/person\\\/d865044e22e70a75174ce8bcad3acfb3\"},\"headline\":\"Energie\u00a0: Le gaz naturel monte avec la gr\u00e8ve en Australie\",\"datePublished\":\"2023-09-11T19:23:32+00:00\",\"dateModified\":\"2023-09-11T19:23:33+00:00\",\"mainEntityOfPage\":{\"@id\":\"https:\\\/\\\/lasentinelle.dz\\\/index.php\\\/2023\\\/09\\\/11\\\/energie-le-gaz-naturel-monte-avec-la-greve-en-australie\\\/\"},\"wordCount\":449,\"commentCount\":0,\"publisher\":{\"@id\":\"https:\\\/\\\/lasentinelle.dz\\\/#organization\"},\"image\":{\"@id\":\"https:\\\/\\\/lasentinelle.dz\\\/index.php\\\/2023\\\/09\\\/11\\\/energie-le-gaz-naturel-monte-avec-la-greve-en-australie\\\/#primaryimage\"},\"thumbnailUrl\":\"https:\\\/\\\/lasentinelle.dz\\\/wp-content\\\/uploads\\\/2023\\\/04\\\/gnl-1.png\",\"articleSection\":[\"\u00c9conomie\"],\"inLanguage\":\"fr-FR\",\"potentialAction\":[{\"@type\":\"CommentAction\",\"name\":\"Comment\",\"target\":[\"https:\\\/\\\/lasentinelle.dz\\\/index.php\\\/2023\\\/09\\\/11\\\/energie-le-gaz-naturel-monte-avec-la-greve-en-australie\\\/#respond\"]}]},{\"@type\":\"WebPage\",\"@id\":\"https:\\\/\\\/lasentinelle.dz\\\/index.php\\\/2023\\\/09\\\/11\\\/energie-le-gaz-naturel-monte-avec-la-greve-en-australie\\\/\",\"url\":\"https:\\\/\\\/lasentinelle.dz\\\/index.php\\\/2023\\\/09\\\/11\\\/energie-le-gaz-naturel-monte-avec-la-greve-en-australie\\\/\",\"name\":\"Energie\u00a0: Le gaz naturel monte avec la gr\u00e8ve en Australie - La Sentinelle\",\"isPartOf\":{\"@id\":\"https:\\\/\\\/lasentinelle.dz\\\/#website\"},\"primaryImageOfPage\":{\"@id\":\"https:\\\/\\\/lasentinelle.dz\\\/index.php\\\/2023\\\/09\\\/11\\\/energie-le-gaz-naturel-monte-avec-la-greve-en-australie\\\/#primaryimage\"},\"image\":{\"@id\":\"https:\\\/\\\/lasentinelle.dz\\\/index.php\\\/2023\\\/09\\\/11\\\/energie-le-gaz-naturel-monte-avec-la-greve-en-australie\\\/#primaryimage\"},\"thumbnailUrl\":\"https:\\\/\\\/lasentinelle.dz\\\/wp-content\\\/uploads\\\/2023\\\/04\\\/gnl-1.png\",\"datePublished\":\"2023-09-11T19:23:32+00:00\",\"dateModified\":\"2023-09-11T19:23:33+00:00\",\"breadcrumb\":{\"@id\":\"https:\\\/\\\/lasentinelle.dz\\\/index.php\\\/2023\\\/09\\\/11\\\/energie-le-gaz-naturel-monte-avec-la-greve-en-australie\\\/#breadcrumb\"},\"inLanguage\":\"fr-FR\",\"potentialAction\":[{\"@type\":\"ReadAction\",\"target\":[\"https:\\\/\\\/lasentinelle.dz\\\/index.php\\\/2023\\\/09\\\/11\\\/energie-le-gaz-naturel-monte-avec-la-greve-en-australie\\\/\"]}]},{\"@type\":\"ImageObject\",\"inLanguage\":\"fr-FR\",\"@id\":\"https:\\\/\\\/lasentinelle.dz\\\/index.php\\\/2023\\\/09\\\/11\\\/energie-le-gaz-naturel-monte-avec-la-greve-en-australie\\\/#primaryimage\",\"url\":\"https:\\\/\\\/lasentinelle.dz\\\/wp-content\\\/uploads\\\/2023\\\/04\\\/gnl-1.png\",\"contentUrl\":\"https:\\\/\\\/lasentinelle.dz\\\/wp-content\\\/uploads\\\/2023\\\/04\\\/gnl-1.png\",\"width\":1342,\"height\":900},{\"@type\":\"BreadcrumbList\",\"@id\":\"https:\\\/\\\/lasentinelle.dz\\\/index.php\\\/2023\\\/09\\\/11\\\/energie-le-gaz-naturel-monte-avec-la-greve-en-australie\\\/#breadcrumb\",\"itemListElement\":[{\"@type\":\"ListItem\",\"position\":1,\"name\":\"Accueil\",\"item\":\"https:\\\/\\\/lasentinelle.dz\\\/\"},{\"@type\":\"ListItem\",\"position\":2,\"name\":\"Energie\u00a0: Le gaz naturel monte avec la gr\u00e8ve en Australie\"}]},{\"@type\":\"WebSite\",\"@id\":\"https:\\\/\\\/lasentinelle.dz\\\/#website\",\"url\":\"https:\\\/\\\/lasentinelle.dz\\\/\",\"name\":\"La Sentinelle\",\"description\":\"Quotidien national d&#039;information\",\"publisher\":{\"@id\":\"https:\\\/\\\/lasentinelle.dz\\\/#organization\"},\"potentialAction\":[{\"@type\":\"SearchAction\",\"target\":{\"@type\":\"EntryPoint\",\"urlTemplate\":\"https:\\\/\\\/lasentinelle.dz\\\/?s={search_term_string}\"},\"query-input\":{\"@type\":\"PropertyValueSpecification\",\"valueRequired\":true,\"valueName\":\"search_term_string\"}}],\"inLanguage\":\"fr-FR\"},{\"@type\":\"Organization\",\"@id\":\"https:\\\/\\\/lasentinelle.dz\\\/#organization\",\"name\":\"Quotidien La Sentinelle\",\"url\":\"https:\\\/\\\/lasentinelle.dz\\\/\",\"logo\":{\"@type\":\"ImageObject\",\"inLanguage\":\"fr-FR\",\"@id\":\"https:\\\/\\\/lasentinelle.dz\\\/#\\\/schema\\\/logo\\\/image\\\/\",\"url\":\"https:\\\/\\\/lasentinelle.dz\\\/wp-content\\\/uploads\\\/2021\\\/09\\\/logo-sentinelleSLOGAN-1.png\",\"contentUrl\":\"https:\\\/\\\/lasentinelle.dz\\\/wp-content\\\/uploads\\\/2021\\\/09\\\/logo-sentinelleSLOGAN-1.png\",\"width\":615,\"height\":142,\"caption\":\"Quotidien La Sentinelle\"},\"image\":{\"@id\":\"https:\\\/\\\/lasentinelle.dz\\\/#\\\/schema\\\/logo\\\/image\\\/\"},\"sameAs\":[\"https:\\\/\\\/www.facebook.com\\\/La-Sentinelle-104059864394773\"]},{\"@type\":\"Person\",\"@id\":\"https:\\\/\\\/lasentinelle.dz\\\/#\\\/schema\\\/person\\\/d865044e22e70a75174ce8bcad3acfb3\",\"name\":\"La Sentinelle\",\"image\":{\"@type\":\"ImageObject\",\"inLanguage\":\"fr-FR\",\"@id\":\"https:\\\/\\\/secure.gravatar.com\\\/avatar\\\/57de8e5d4b15d43fb361a71fbb36338450fe67865b528a43dd10ef7c51a20392?s=96&d=mm&r=g\",\"url\":\"https:\\\/\\\/secure.gravatar.com\\\/avatar\\\/57de8e5d4b15d43fb361a71fbb36338450fe67865b528a43dd10ef7c51a20392?s=96&d=mm&r=g\",\"contentUrl\":\"https:\\\/\\\/secure.gravatar.com\\\/avatar\\\/57de8e5d4b15d43fb361a71fbb36338450fe67865b528a43dd10ef7c51a20392?s=96&d=mm&r=g\",\"caption\":\"La Sentinelle\"},\"sameAs\":[\"http:\\\/\\\/www.lasentinelle.dz\"],\"url\":\"https:\\\/\\\/lasentinelle.dz\\\/author\\\/redaction\\\/\"}]}<\/script>\n<!-- \/ Yoast SEO plugin. -->","yoast_head_json":{"title":"Energie\u00a0: Le gaz naturel monte avec la gr\u00e8ve en Australie - La Sentinelle","robots":{"index":"index","follow":"follow","max-snippet":"max-snippet:-1","max-image-preview":"max-image-preview:large","max-video-preview":"max-video-preview:-1"},"canonical":"https:\/\/lasentinelle.dz\/index.php\/2023\/09\/11\/energie-le-gaz-naturel-monte-avec-la-greve-en-australie\/","og_locale":"fr_FR","og_type":"article","og_title":"Energie\u00a0: Le gaz naturel monte avec la gr\u00e8ve en Australie - La Sentinelle","og_description":"Le cours du gaz naturel europ\u00e9en montait hier, pouss\u00e9 par les perturbations de l&rsquo;offre de gaz naturel liqu\u00e9fi\u00e9 venant d&rsquo;Australie","og_url":"https:\/\/lasentinelle.dz\/index.php\/2023\/09\/11\/energie-le-gaz-naturel-monte-avec-la-greve-en-australie\/","og_site_name":"La Sentinelle","article_publisher":"https:\/\/www.facebook.com\/La-Sentinelle-104059864394773","article_published_time":"2023-09-11T19:23:32+00:00","article_modified_time":"2023-09-11T19:23:33+00:00","og_image":[{"width":1342,"height":900,"url":"https:\/\/lasentinelle.dz\/wp-content\/uploads\/2023\/04\/gnl-1.png","type":"image\/png"}],"author":"La Sentinelle","twitter_card":"summary_large_image","twitter_misc":{"\u00c9crit par":"La Sentinelle","Dur\u00e9e de lecture estim\u00e9e":"2 minutes"},"schema":{"@context":"https:\/\/schema.org","@graph":[{"@type":"Article","@id":"https:\/\/lasentinelle.dz\/index.php\/2023\/09\/11\/energie-le-gaz-naturel-monte-avec-la-greve-en-australie\/#article","isPartOf":{"@id":"https:\/\/lasentinelle.dz\/index.php\/2023\/09\/11\/energie-le-gaz-naturel-monte-avec-la-greve-en-australie\/"},"author":{"name":"La Sentinelle","@id":"https:\/\/lasentinelle.dz\/#\/schema\/person\/d865044e22e70a75174ce8bcad3acfb3"},"headline":"Energie\u00a0: Le gaz naturel monte avec la gr\u00e8ve en Australie","datePublished":"2023-09-11T19:23:32+00:00","dateModified":"2023-09-11T19:23:33+00:00","mainEntityOfPage":{"@id":"https:\/\/lasentinelle.dz\/index.php\/2023\/09\/11\/energie-le-gaz-naturel-monte-avec-la-greve-en-australie\/"},"wordCount":449,"commentCount":0,"publisher":{"@id":"https:\/\/lasentinelle.dz\/#organization"},"image":{"@id":"https:\/\/lasentinelle.dz\/index.php\/2023\/09\/11\/energie-le-gaz-naturel-monte-avec-la-greve-en-australie\/#primaryimage"},"thumbnailUrl":"https:\/\/lasentinelle.dz\/wp-content\/uploads\/2023\/04\/gnl-1.png","articleSection":["\u00c9conomie"],"inLanguage":"fr-FR","potentialAction":[{"@type":"CommentAction","name":"Comment","target":["https:\/\/lasentinelle.dz\/index.php\/2023\/09\/11\/energie-le-gaz-naturel-monte-avec-la-greve-en-australie\/#respond"]}]},{"@type":"WebPage","@id":"https:\/\/lasentinelle.dz\/index.php\/2023\/09\/11\/energie-le-gaz-naturel-monte-avec-la-greve-en-australie\/","url":"https:\/\/lasentinelle.dz\/index.php\/2023\/09\/11\/energie-le-gaz-naturel-monte-avec-la-greve-en-australie\/","name":"Energie\u00a0: Le gaz naturel monte avec la gr\u00e8ve en Australie - La Sentinelle","isPartOf":{"@id":"https:\/\/lasentinelle.dz\/#website"},"primaryImageOfPage":{"@id":"https:\/\/lasentinelle.dz\/index.php\/2023\/09\/11\/energie-le-gaz-naturel-monte-avec-la-greve-en-australie\/#primaryimage"},"image":{"@id":"https:\/\/lasentinelle.dz\/index.php\/2023\/09\/11\/energie-le-gaz-naturel-monte-avec-la-greve-en-australie\/#primaryimage"},"thumbnailUrl":"https:\/\/lasentinelle.dz\/wp-content\/uploads\/2023\/04\/gnl-1.png","datePublished":"2023-09-11T19:23:32+00:00","dateModified":"2023-09-11T19:23:33+00:00","breadcrumb":{"@id":"https:\/\/lasentinelle.dz\/index.php\/2023\/09\/11\/energie-le-gaz-naturel-monte-avec-la-greve-en-australie\/#breadcrumb"},"inLanguage":"fr-FR","potentialAction":[{"@type":"ReadAction","target":["https:\/\/lasentinelle.dz\/index.php\/2023\/09\/11\/energie-le-gaz-naturel-monte-avec-la-greve-en-australie\/"]}]},{"@type":"ImageObject","inLanguage":"fr-FR","@id":"https:\/\/lasentinelle.dz\/index.php\/2023\/09\/11\/energie-le-gaz-naturel-monte-avec-la-greve-en-australie\/#primaryimage","url":"https:\/\/lasentinelle.dz\/wp-content\/uploads\/2023\/04\/gnl-1.png","contentUrl":"https:\/\/lasentinelle.dz\/wp-content\/uploads\/2023\/04\/gnl-1.png","width":1342,"height":900},{"@type":"BreadcrumbList","@id":"https:\/\/lasentinelle.dz\/index.php\/2023\/09\/11\/energie-le-gaz-naturel-monte-avec-la-greve-en-australie\/#breadcrumb","itemListElement":[{"@type":"ListItem","position":1,"name":"Accueil","item":"https:\/\/lasentinelle.dz\/"},{"@type":"ListItem","position":2,"name":"Energie\u00a0: Le gaz naturel monte avec la gr\u00e8ve en Australie"}]},{"@type":"WebSite","@id":"https:\/\/lasentinelle.dz\/#website","url":"https:\/\/lasentinelle.dz\/","name":"La Sentinelle","description":"Quotidien national d&#039;information","publisher":{"@id":"https:\/\/lasentinelle.dz\/#organization"},"potentialAction":[{"@type":"SearchAction","target":{"@type":"EntryPoint","urlTemplate":"https:\/\/lasentinelle.dz\/?s={search_term_string}"},"query-input":{"@type":"PropertyValueSpecification","valueRequired":true,"valueName":"search_term_string"}}],"inLanguage":"fr-FR"},{"@type":"Organization","@id":"https:\/\/lasentinelle.dz\/#organization","name":"Quotidien La Sentinelle","url":"https:\/\/lasentinelle.dz\/","logo":{"@type":"ImageObject","inLanguage":"fr-FR","@id":"https:\/\/lasentinelle.dz\/#\/schema\/logo\/image\/","url":"https:\/\/lasentinelle.dz\/wp-content\/uploads\/2021\/09\/logo-sentinelleSLOGAN-1.png","contentUrl":"https:\/\/lasentinelle.dz\/wp-content\/uploads\/2021\/09\/logo-sentinelleSLOGAN-1.png","width":615,"height":142,"caption":"Quotidien La Sentinelle"},"image":{"@id":"https:\/\/lasentinelle.dz\/#\/schema\/logo\/image\/"},"sameAs":["https:\/\/www.facebook.com\/La-Sentinelle-104059864394773"]},{"@type":"Person","@id":"https:\/\/lasentinelle.dz\/#\/schema\/person\/d865044e22e70a75174ce8bcad3acfb3","name":"La Sentinelle","image":{"@type":"ImageObject","inLanguage":"fr-FR","@id":"https:\/\/secure.gravatar.com\/avatar\/57de8e5d4b15d43fb361a71fbb36338450fe67865b528a43dd10ef7c51a20392?s=96&d=mm&r=g","url":"https:\/\/secure.gravatar.com\/avatar\/57de8e5d4b15d43fb361a71fbb36338450fe67865b528a43dd10ef7c51a20392?s=96&d=mm&r=g","contentUrl":"https:\/\/secure.gravatar.com\/avatar\/57de8e5d4b15d43fb361a71fbb36338450fe67865b528a43dd10ef7c51a20392?s=96&d=mm&r=g","caption":"La Sentinelle"},"sameAs":["http:\/\/www.lasentinelle.dz"],"url":"https:\/\/lasentinelle.dz\/author\/redaction\/"}]}},"_links":{"self":[{"href":"https:\/\/lasentinelle.dz\/index.php\/wp-json\/wp\/v2\/posts\/45453","targetHints":{"allow":["GET"]}}],"collection":[{"href":"https:\/\/lasentinelle.dz\/index.php\/wp-json\/wp\/v2\/posts"}],"about":[{"href":"https:\/\/lasentinelle.dz\/index.php\/wp-json\/wp\/v2\/types\/post"}],"author":[{"embeddable":true,"href":"https:\/\/lasentinelle.dz\/index.php\/wp-json\/wp\/v2\/users\/3"}],"replies":[{"embeddable":true,"href":"https:\/\/lasentinelle.dz\/index.php\/wp-json\/wp\/v2\/comments?post=45453"}],"version-history":[{"count":1,"href":"https:\/\/lasentinelle.dz\/index.php\/wp-json\/wp\/v2\/posts\/45453\/revisions"}],"predecessor-version":[{"id":45454,"href":"https:\/\/lasentinelle.dz\/index.php\/wp-json\/wp\/v2\/posts\/45453\/revisions\/45454"}],"wp:featuredmedia":[{"embeddable":true,"href":"https:\/\/lasentinelle.dz\/index.php\/wp-json\/wp\/v2\/media\/39797"}],"wp:attachment":[{"href":"https:\/\/lasentinelle.dz\/index.php\/wp-json\/wp\/v2\/media?parent=45453"}],"wp:term":[{"taxonomy":"category","embeddable":true,"href":"https:\/\/lasentinelle.dz\/index.php\/wp-json\/wp\/v2\/categories?post=45453"},{"taxonomy":"post_tag","embeddable":true,"href":"https:\/\/lasentinelle.dz\/index.php\/wp-json\/wp\/v2\/tags?post=45453"}],"curies":[{"name":"wp","href":"https:\/\/api.w.org\/{rel}","templated":true}]}}