{"id":45487,"date":"2023-09-12T21:27:48","date_gmt":"2023-09-12T20:27:48","guid":{"rendered":"https:\/\/lasentinelle.dz\/?p=45487"},"modified":"2023-09-12T21:27:50","modified_gmt":"2023-09-12T20:27:50","slug":"la-demande-de-petrole-gaz-et-charbon-devrait-atteindre-un-pic-dans-la-decennie","status":"publish","type":"post","link":"https:\/\/lasentinelle.dz\/index.php\/2023\/09\/12\/la-demande-de-petrole-gaz-et-charbon-devrait-atteindre-un-pic-dans-la-decennie\/","title":{"rendered":"La demande de p\u00e9trole, gaz et charbon devrait atteindre un pic dans la d\u00e9cennie"},"content":{"rendered":"\n<p>L&rsquo;Agence internationale de l&rsquo;\u00e9nergie (AIE) entrevoit un pic de la demande pour l&rsquo;ensemble des \u00e9nergies fossiles &#8211; p\u00e9trole, gaz et charbon &#8211; \u00abdans les prochaines ann\u00e9es\u00bb de la d\u00e9cennie. Le directeur ex\u00e9cutif de l&rsquo;institution de l&rsquo;OCDE, Fatih Birol a indiqu\u00e9, dans une tribune publi\u00e9e mardi par le Financial Times que sur la base de nouvelles projections, \u00abm\u00eame sans aucune nouvelle politique climatique, la demande pour chacun des trois combustibles fossiles devrait atteindre un sommet dans les ann\u00e9es \u00e0 venir\u00bb. Et d\u2019ajouter que \u00abc&rsquo;est la premi\u00e8re fois qu&rsquo;un pic de demande est visible pour chacun de ces carburants au cours de la d\u00e9cennie\u00bb, et plus t\u00f4t que pr\u00e9vu par de \u00abnombreux personnes\u00bb. Ces nouvelles perspectives sont bas\u00e9es sur de nouvelles projections du prochain rapport annuel 2023 de l&rsquo;AIE attendu le mois prochain. Jusqu&rsquo;ici l&rsquo;AIE, bas\u00e9e \u00e0 Paris, anticipait un pic de la demande globale du p\u00e9trole avant la fin de la d\u00e9cennie, mais elle inclut d\u00e9sormais, outre le charbon, le gaz naturel. L&rsquo;AIE estimait que la demande mondiale de p\u00e9trole allait continuer d&rsquo;augmenter, mais que la croissance de celle-ci \u00abdevrait significativement ralentir d&rsquo;ici 2028\u00bb, \u00e0 la faveur de l&rsquo;essor de la voiture \u00e9lectrique, selon son rapport 2023 sur cette \u00e9nergie fossile, vision \u00e0 cinq ans du march\u00e9, publi\u00e9 en juin dernier. Dans son pr\u00e9c\u00e9dent rapport \u00abWorld Energy Outlook\u00bb de 2022, l&rsquo;AIE voyait \u00abla demande mondiale de p\u00e9trole rebondir malgr\u00e9 des prix \u00e9lev\u00e9s, culminer et se stabiliser apr\u00e8s 2035\u00bb.<\/p>\n\n\n\n<p>R.E.<\/p>\n","protected":false},"excerpt":{"rendered":"<p>L&rsquo;Agence internationale de l&rsquo;\u00e9nergie (AIE) entrevoit un pic de la demande pour l&rsquo;ensemble des \u00e9nergies fossiles &#8211; p\u00e9trole, gaz et<\/p>\n","protected":false},"author":3,"featured_media":37885,"comment_status":"open","ping_status":"closed","sticky":false,"template":"","format":"standard","meta":{"colormag_page_container_layout":"default_layout","colormag_page_sidebar_layout":"default_layout","om_disable_all_campaigns":false,"_monsterinsights_skip_tracking":false,"_monsterinsights_sitenote_active":false,"_monsterinsights_sitenote_note":"","_monsterinsights_sitenote_category":0,"footnotes":"","_wpscppro_dont_share_socialmedia":false,"_wpscppro_custom_social_share_image":0,"_facebook_share_type":"","_twitter_share_type":"","_linkedin_share_type":"","_pinterest_share_type":"","_linkedin_share_type_page":"","_instagram_share_type":"","_medium_share_type":"","_threads_share_type":"","_google_business_share_type":"","_selected_social_profile":[],"_wpsp_enable_custom_social_template":false,"_wpsp_social_scheduling":{"enabled":false,"datetime":null,"platforms":[],"status":"template_only","dateOption":"today","timeOption":"now","customDays":"","customHours":"","customDate":"","customTime":"","schedulingType":"absolute"},"_wpsp_active_default_template":true},"categories":[29],"tags":[],"class_list":["post-45487","post","type-post","status-publish","format-standard","has-post-thumbnail","hentry","category-economie"],"aioseo_notices":[],"yoast_head":"<!-- This site is optimized with the Yoast SEO plugin v27.5 - https:\/\/yoast.com\/product\/yoast-seo-wordpress\/ -->\n<title>La demande de p\u00e9trole, gaz et charbon devrait atteindre un pic dans la d\u00e9cennie - La Sentinelle<\/title>\n<meta name=\"robots\" content=\"index, follow, max-snippet:-1, max-image-preview:large, max-video-preview:-1\" \/>\n<link rel=\"canonical\" href=\"https:\/\/lasentinelle.dz\/index.php\/2023\/09\/12\/la-demande-de-petrole-gaz-et-charbon-devrait-atteindre-un-pic-dans-la-decennie\/\" \/>\n<meta property=\"og:locale\" content=\"fr_FR\" \/>\n<meta property=\"og:type\" content=\"article\" \/>\n<meta property=\"og:title\" content=\"La demande de p\u00e9trole, gaz et charbon devrait atteindre un pic dans la d\u00e9cennie - La Sentinelle\" \/>\n<meta property=\"og:description\" content=\"L&rsquo;Agence internationale de l&rsquo;\u00e9nergie (AIE) entrevoit un pic de la demande pour l&rsquo;ensemble des \u00e9nergies fossiles &#8211; p\u00e9trole, gaz et\" \/>\n<meta property=\"og:url\" content=\"https:\/\/lasentinelle.dz\/index.php\/2023\/09\/12\/la-demande-de-petrole-gaz-et-charbon-devrait-atteindre-un-pic-dans-la-decennie\/\" \/>\n<meta property=\"og:site_name\" content=\"La Sentinelle\" \/>\n<meta property=\"article:publisher\" content=\"https:\/\/www.facebook.com\/La-Sentinelle-104059864394773\" \/>\n<meta property=\"article:published_time\" content=\"2023-09-12T20:27:48+00:00\" \/>\n<meta property=\"article:modified_time\" content=\"2023-09-12T20:27:50+00:00\" \/>\n<meta property=\"og:image\" content=\"https:\/\/lasentinelle.dz\/wp-content\/uploads\/2023\/03\/gaz.png\" \/>\n\t<meta property=\"og:image:width\" content=\"1406\" \/>\n\t<meta property=\"og:image:height\" content=\"900\" \/>\n\t<meta property=\"og:image:type\" content=\"image\/png\" \/>\n<meta name=\"author\" content=\"La Sentinelle\" \/>\n<meta name=\"twitter:card\" content=\"summary_large_image\" \/>\n<meta name=\"twitter:label1\" content=\"\u00c9crit par\" \/>\n\t<meta name=\"twitter:data1\" content=\"La Sentinelle\" \/>\n\t<meta name=\"twitter:label2\" content=\"Dur\u00e9e de lecture estim\u00e9e\" \/>\n\t<meta name=\"twitter:data2\" content=\"2 minutes\" \/>\n<script type=\"application\/ld+json\" class=\"yoast-schema-graph\">{\"@context\":\"https:\\\/\\\/schema.org\",\"@graph\":[{\"@type\":\"Article\",\"@id\":\"https:\\\/\\\/lasentinelle.dz\\\/index.php\\\/2023\\\/09\\\/12\\\/la-demande-de-petrole-gaz-et-charbon-devrait-atteindre-un-pic-dans-la-decennie\\\/#article\",\"isPartOf\":{\"@id\":\"https:\\\/\\\/lasentinelle.dz\\\/index.php\\\/2023\\\/09\\\/12\\\/la-demande-de-petrole-gaz-et-charbon-devrait-atteindre-un-pic-dans-la-decennie\\\/\"},\"author\":{\"name\":\"La Sentinelle\",\"@id\":\"https:\\\/\\\/lasentinelle.dz\\\/#\\\/schema\\\/person\\\/d865044e22e70a75174ce8bcad3acfb3\"},\"headline\":\"La demande de p\u00e9trole, gaz et charbon devrait atteindre un pic dans la d\u00e9cennie\",\"datePublished\":\"2023-09-12T20:27:48+00:00\",\"dateModified\":\"2023-09-12T20:27:50+00:00\",\"mainEntityOfPage\":{\"@id\":\"https:\\\/\\\/lasentinelle.dz\\\/index.php\\\/2023\\\/09\\\/12\\\/la-demande-de-petrole-gaz-et-charbon-devrait-atteindre-un-pic-dans-la-decennie\\\/\"},\"wordCount\":284,\"commentCount\":0,\"publisher\":{\"@id\":\"https:\\\/\\\/lasentinelle.dz\\\/#organization\"},\"image\":{\"@id\":\"https:\\\/\\\/lasentinelle.dz\\\/index.php\\\/2023\\\/09\\\/12\\\/la-demande-de-petrole-gaz-et-charbon-devrait-atteindre-un-pic-dans-la-decennie\\\/#primaryimage\"},\"thumbnailUrl\":\"https:\\\/\\\/lasentinelle.dz\\\/wp-content\\\/uploads\\\/2023\\\/03\\\/gaz.png\",\"articleSection\":[\"\u00c9conomie\"],\"inLanguage\":\"fr-FR\",\"potentialAction\":[{\"@type\":\"CommentAction\",\"name\":\"Comment\",\"target\":[\"https:\\\/\\\/lasentinelle.dz\\\/index.php\\\/2023\\\/09\\\/12\\\/la-demande-de-petrole-gaz-et-charbon-devrait-atteindre-un-pic-dans-la-decennie\\\/#respond\"]}]},{\"@type\":\"WebPage\",\"@id\":\"https:\\\/\\\/lasentinelle.dz\\\/index.php\\\/2023\\\/09\\\/12\\\/la-demande-de-petrole-gaz-et-charbon-devrait-atteindre-un-pic-dans-la-decennie\\\/\",\"url\":\"https:\\\/\\\/lasentinelle.dz\\\/index.php\\\/2023\\\/09\\\/12\\\/la-demande-de-petrole-gaz-et-charbon-devrait-atteindre-un-pic-dans-la-decennie\\\/\",\"name\":\"La demande de p\u00e9trole, gaz et charbon devrait atteindre un pic dans la d\u00e9cennie - La Sentinelle\",\"isPartOf\":{\"@id\":\"https:\\\/\\\/lasentinelle.dz\\\/#website\"},\"primaryImageOfPage\":{\"@id\":\"https:\\\/\\\/lasentinelle.dz\\\/index.php\\\/2023\\\/09\\\/12\\\/la-demande-de-petrole-gaz-et-charbon-devrait-atteindre-un-pic-dans-la-decennie\\\/#primaryimage\"},\"image\":{\"@id\":\"https:\\\/\\\/lasentinelle.dz\\\/index.php\\\/2023\\\/09\\\/12\\\/la-demande-de-petrole-gaz-et-charbon-devrait-atteindre-un-pic-dans-la-decennie\\\/#primaryimage\"},\"thumbnailUrl\":\"https:\\\/\\\/lasentinelle.dz\\\/wp-content\\\/uploads\\\/2023\\\/03\\\/gaz.png\",\"datePublished\":\"2023-09-12T20:27:48+00:00\",\"dateModified\":\"2023-09-12T20:27:50+00:00\",\"breadcrumb\":{\"@id\":\"https:\\\/\\\/lasentinelle.dz\\\/index.php\\\/2023\\\/09\\\/12\\\/la-demande-de-petrole-gaz-et-charbon-devrait-atteindre-un-pic-dans-la-decennie\\\/#breadcrumb\"},\"inLanguage\":\"fr-FR\",\"potentialAction\":[{\"@type\":\"ReadAction\",\"target\":[\"https:\\\/\\\/lasentinelle.dz\\\/index.php\\\/2023\\\/09\\\/12\\\/la-demande-de-petrole-gaz-et-charbon-devrait-atteindre-un-pic-dans-la-decennie\\\/\"]}]},{\"@type\":\"ImageObject\",\"inLanguage\":\"fr-FR\",\"@id\":\"https:\\\/\\\/lasentinelle.dz\\\/index.php\\\/2023\\\/09\\\/12\\\/la-demande-de-petrole-gaz-et-charbon-devrait-atteindre-un-pic-dans-la-decennie\\\/#primaryimage\",\"url\":\"https:\\\/\\\/lasentinelle.dz\\\/wp-content\\\/uploads\\\/2023\\\/03\\\/gaz.png\",\"contentUrl\":\"https:\\\/\\\/lasentinelle.dz\\\/wp-content\\\/uploads\\\/2023\\\/03\\\/gaz.png\",\"width\":1406,\"height\":900},{\"@type\":\"BreadcrumbList\",\"@id\":\"https:\\\/\\\/lasentinelle.dz\\\/index.php\\\/2023\\\/09\\\/12\\\/la-demande-de-petrole-gaz-et-charbon-devrait-atteindre-un-pic-dans-la-decennie\\\/#breadcrumb\",\"itemListElement\":[{\"@type\":\"ListItem\",\"position\":1,\"name\":\"Accueil\",\"item\":\"https:\\\/\\\/lasentinelle.dz\\\/\"},{\"@type\":\"ListItem\",\"position\":2,\"name\":\"La demande de p\u00e9trole, gaz et charbon devrait atteindre un pic dans la d\u00e9cennie\"}]},{\"@type\":\"WebSite\",\"@id\":\"https:\\\/\\\/lasentinelle.dz\\\/#website\",\"url\":\"https:\\\/\\\/lasentinelle.dz\\\/\",\"name\":\"La Sentinelle\",\"description\":\"Quotidien national d&#039;information\",\"publisher\":{\"@id\":\"https:\\\/\\\/lasentinelle.dz\\\/#organization\"},\"potentialAction\":[{\"@type\":\"SearchAction\",\"target\":{\"@type\":\"EntryPoint\",\"urlTemplate\":\"https:\\\/\\\/lasentinelle.dz\\\/?s={search_term_string}\"},\"query-input\":{\"@type\":\"PropertyValueSpecification\",\"valueRequired\":true,\"valueName\":\"search_term_string\"}}],\"inLanguage\":\"fr-FR\"},{\"@type\":\"Organization\",\"@id\":\"https:\\\/\\\/lasentinelle.dz\\\/#organization\",\"name\":\"Quotidien La Sentinelle\",\"url\":\"https:\\\/\\\/lasentinelle.dz\\\/\",\"logo\":{\"@type\":\"ImageObject\",\"inLanguage\":\"fr-FR\",\"@id\":\"https:\\\/\\\/lasentinelle.dz\\\/#\\\/schema\\\/logo\\\/image\\\/\",\"url\":\"https:\\\/\\\/lasentinelle.dz\\\/wp-content\\\/uploads\\\/2021\\\/09\\\/logo-sentinelleSLOGAN-1.png\",\"contentUrl\":\"https:\\\/\\\/lasentinelle.dz\\\/wp-content\\\/uploads\\\/2021\\\/09\\\/logo-sentinelleSLOGAN-1.png\",\"width\":615,\"height\":142,\"caption\":\"Quotidien La Sentinelle\"},\"image\":{\"@id\":\"https:\\\/\\\/lasentinelle.dz\\\/#\\\/schema\\\/logo\\\/image\\\/\"},\"sameAs\":[\"https:\\\/\\\/www.facebook.com\\\/La-Sentinelle-104059864394773\"]},{\"@type\":\"Person\",\"@id\":\"https:\\\/\\\/lasentinelle.dz\\\/#\\\/schema\\\/person\\\/d865044e22e70a75174ce8bcad3acfb3\",\"name\":\"La Sentinelle\",\"image\":{\"@type\":\"ImageObject\",\"inLanguage\":\"fr-FR\",\"@id\":\"https:\\\/\\\/secure.gravatar.com\\\/avatar\\\/57de8e5d4b15d43fb361a71fbb36338450fe67865b528a43dd10ef7c51a20392?s=96&d=mm&r=g\",\"url\":\"https:\\\/\\\/secure.gravatar.com\\\/avatar\\\/57de8e5d4b15d43fb361a71fbb36338450fe67865b528a43dd10ef7c51a20392?s=96&d=mm&r=g\",\"contentUrl\":\"https:\\\/\\\/secure.gravatar.com\\\/avatar\\\/57de8e5d4b15d43fb361a71fbb36338450fe67865b528a43dd10ef7c51a20392?s=96&d=mm&r=g\",\"caption\":\"La Sentinelle\"},\"sameAs\":[\"http:\\\/\\\/www.lasentinelle.dz\"],\"url\":\"https:\\\/\\\/lasentinelle.dz\\\/author\\\/redaction\\\/\"}]}<\/script>\n<!-- \/ Yoast SEO plugin. -->","yoast_head_json":{"title":"La demande de p\u00e9trole, gaz et charbon devrait atteindre un pic dans la d\u00e9cennie - La Sentinelle","robots":{"index":"index","follow":"follow","max-snippet":"max-snippet:-1","max-image-preview":"max-image-preview:large","max-video-preview":"max-video-preview:-1"},"canonical":"https:\/\/lasentinelle.dz\/index.php\/2023\/09\/12\/la-demande-de-petrole-gaz-et-charbon-devrait-atteindre-un-pic-dans-la-decennie\/","og_locale":"fr_FR","og_type":"article","og_title":"La demande de p\u00e9trole, gaz et charbon devrait atteindre un pic dans la d\u00e9cennie - La Sentinelle","og_description":"L&rsquo;Agence internationale de l&rsquo;\u00e9nergie (AIE) entrevoit un pic de la demande pour l&rsquo;ensemble des \u00e9nergies fossiles &#8211; p\u00e9trole, gaz et","og_url":"https:\/\/lasentinelle.dz\/index.php\/2023\/09\/12\/la-demande-de-petrole-gaz-et-charbon-devrait-atteindre-un-pic-dans-la-decennie\/","og_site_name":"La Sentinelle","article_publisher":"https:\/\/www.facebook.com\/La-Sentinelle-104059864394773","article_published_time":"2023-09-12T20:27:48+00:00","article_modified_time":"2023-09-12T20:27:50+00:00","og_image":[{"width":1406,"height":900,"url":"https:\/\/lasentinelle.dz\/wp-content\/uploads\/2023\/03\/gaz.png","type":"image\/png"}],"author":"La Sentinelle","twitter_card":"summary_large_image","twitter_misc":{"\u00c9crit par":"La Sentinelle","Dur\u00e9e de lecture estim\u00e9e":"2 minutes"},"schema":{"@context":"https:\/\/schema.org","@graph":[{"@type":"Article","@id":"https:\/\/lasentinelle.dz\/index.php\/2023\/09\/12\/la-demande-de-petrole-gaz-et-charbon-devrait-atteindre-un-pic-dans-la-decennie\/#article","isPartOf":{"@id":"https:\/\/lasentinelle.dz\/index.php\/2023\/09\/12\/la-demande-de-petrole-gaz-et-charbon-devrait-atteindre-un-pic-dans-la-decennie\/"},"author":{"name":"La Sentinelle","@id":"https:\/\/lasentinelle.dz\/#\/schema\/person\/d865044e22e70a75174ce8bcad3acfb3"},"headline":"La demande de p\u00e9trole, gaz et charbon devrait atteindre un pic dans la d\u00e9cennie","datePublished":"2023-09-12T20:27:48+00:00","dateModified":"2023-09-12T20:27:50+00:00","mainEntityOfPage":{"@id":"https:\/\/lasentinelle.dz\/index.php\/2023\/09\/12\/la-demande-de-petrole-gaz-et-charbon-devrait-atteindre-un-pic-dans-la-decennie\/"},"wordCount":284,"commentCount":0,"publisher":{"@id":"https:\/\/lasentinelle.dz\/#organization"},"image":{"@id":"https:\/\/lasentinelle.dz\/index.php\/2023\/09\/12\/la-demande-de-petrole-gaz-et-charbon-devrait-atteindre-un-pic-dans-la-decennie\/#primaryimage"},"thumbnailUrl":"https:\/\/lasentinelle.dz\/wp-content\/uploads\/2023\/03\/gaz.png","articleSection":["\u00c9conomie"],"inLanguage":"fr-FR","potentialAction":[{"@type":"CommentAction","name":"Comment","target":["https:\/\/lasentinelle.dz\/index.php\/2023\/09\/12\/la-demande-de-petrole-gaz-et-charbon-devrait-atteindre-un-pic-dans-la-decennie\/#respond"]}]},{"@type":"WebPage","@id":"https:\/\/lasentinelle.dz\/index.php\/2023\/09\/12\/la-demande-de-petrole-gaz-et-charbon-devrait-atteindre-un-pic-dans-la-decennie\/","url":"https:\/\/lasentinelle.dz\/index.php\/2023\/09\/12\/la-demande-de-petrole-gaz-et-charbon-devrait-atteindre-un-pic-dans-la-decennie\/","name":"La demande de p\u00e9trole, gaz et charbon devrait atteindre un pic dans la d\u00e9cennie - La Sentinelle","isPartOf":{"@id":"https:\/\/lasentinelle.dz\/#website"},"primaryImageOfPage":{"@id":"https:\/\/lasentinelle.dz\/index.php\/2023\/09\/12\/la-demande-de-petrole-gaz-et-charbon-devrait-atteindre-un-pic-dans-la-decennie\/#primaryimage"},"image":{"@id":"https:\/\/lasentinelle.dz\/index.php\/2023\/09\/12\/la-demande-de-petrole-gaz-et-charbon-devrait-atteindre-un-pic-dans-la-decennie\/#primaryimage"},"thumbnailUrl":"https:\/\/lasentinelle.dz\/wp-content\/uploads\/2023\/03\/gaz.png","datePublished":"2023-09-12T20:27:48+00:00","dateModified":"2023-09-12T20:27:50+00:00","breadcrumb":{"@id":"https:\/\/lasentinelle.dz\/index.php\/2023\/09\/12\/la-demande-de-petrole-gaz-et-charbon-devrait-atteindre-un-pic-dans-la-decennie\/#breadcrumb"},"inLanguage":"fr-FR","potentialAction":[{"@type":"ReadAction","target":["https:\/\/lasentinelle.dz\/index.php\/2023\/09\/12\/la-demande-de-petrole-gaz-et-charbon-devrait-atteindre-un-pic-dans-la-decennie\/"]}]},{"@type":"ImageObject","inLanguage":"fr-FR","@id":"https:\/\/lasentinelle.dz\/index.php\/2023\/09\/12\/la-demande-de-petrole-gaz-et-charbon-devrait-atteindre-un-pic-dans-la-decennie\/#primaryimage","url":"https:\/\/lasentinelle.dz\/wp-content\/uploads\/2023\/03\/gaz.png","contentUrl":"https:\/\/lasentinelle.dz\/wp-content\/uploads\/2023\/03\/gaz.png","width":1406,"height":900},{"@type":"BreadcrumbList","@id":"https:\/\/lasentinelle.dz\/index.php\/2023\/09\/12\/la-demande-de-petrole-gaz-et-charbon-devrait-atteindre-un-pic-dans-la-decennie\/#breadcrumb","itemListElement":[{"@type":"ListItem","position":1,"name":"Accueil","item":"https:\/\/lasentinelle.dz\/"},{"@type":"ListItem","position":2,"name":"La demande de p\u00e9trole, gaz et charbon devrait atteindre un pic dans la d\u00e9cennie"}]},{"@type":"WebSite","@id":"https:\/\/lasentinelle.dz\/#website","url":"https:\/\/lasentinelle.dz\/","name":"La Sentinelle","description":"Quotidien national d&#039;information","publisher":{"@id":"https:\/\/lasentinelle.dz\/#organization"},"potentialAction":[{"@type":"SearchAction","target":{"@type":"EntryPoint","urlTemplate":"https:\/\/lasentinelle.dz\/?s={search_term_string}"},"query-input":{"@type":"PropertyValueSpecification","valueRequired":true,"valueName":"search_term_string"}}],"inLanguage":"fr-FR"},{"@type":"Organization","@id":"https:\/\/lasentinelle.dz\/#organization","name":"Quotidien La Sentinelle","url":"https:\/\/lasentinelle.dz\/","logo":{"@type":"ImageObject","inLanguage":"fr-FR","@id":"https:\/\/lasentinelle.dz\/#\/schema\/logo\/image\/","url":"https:\/\/lasentinelle.dz\/wp-content\/uploads\/2021\/09\/logo-sentinelleSLOGAN-1.png","contentUrl":"https:\/\/lasentinelle.dz\/wp-content\/uploads\/2021\/09\/logo-sentinelleSLOGAN-1.png","width":615,"height":142,"caption":"Quotidien La Sentinelle"},"image":{"@id":"https:\/\/lasentinelle.dz\/#\/schema\/logo\/image\/"},"sameAs":["https:\/\/www.facebook.com\/La-Sentinelle-104059864394773"]},{"@type":"Person","@id":"https:\/\/lasentinelle.dz\/#\/schema\/person\/d865044e22e70a75174ce8bcad3acfb3","name":"La Sentinelle","image":{"@type":"ImageObject","inLanguage":"fr-FR","@id":"https:\/\/secure.gravatar.com\/avatar\/57de8e5d4b15d43fb361a71fbb36338450fe67865b528a43dd10ef7c51a20392?s=96&d=mm&r=g","url":"https:\/\/secure.gravatar.com\/avatar\/57de8e5d4b15d43fb361a71fbb36338450fe67865b528a43dd10ef7c51a20392?s=96&d=mm&r=g","contentUrl":"https:\/\/secure.gravatar.com\/avatar\/57de8e5d4b15d43fb361a71fbb36338450fe67865b528a43dd10ef7c51a20392?s=96&d=mm&r=g","caption":"La Sentinelle"},"sameAs":["http:\/\/www.lasentinelle.dz"],"url":"https:\/\/lasentinelle.dz\/author\/redaction\/"}]}},"_links":{"self":[{"href":"https:\/\/lasentinelle.dz\/index.php\/wp-json\/wp\/v2\/posts\/45487","targetHints":{"allow":["GET"]}}],"collection":[{"href":"https:\/\/lasentinelle.dz\/index.php\/wp-json\/wp\/v2\/posts"}],"about":[{"href":"https:\/\/lasentinelle.dz\/index.php\/wp-json\/wp\/v2\/types\/post"}],"author":[{"embeddable":true,"href":"https:\/\/lasentinelle.dz\/index.php\/wp-json\/wp\/v2\/users\/3"}],"replies":[{"embeddable":true,"href":"https:\/\/lasentinelle.dz\/index.php\/wp-json\/wp\/v2\/comments?post=45487"}],"version-history":[{"count":1,"href":"https:\/\/lasentinelle.dz\/index.php\/wp-json\/wp\/v2\/posts\/45487\/revisions"}],"predecessor-version":[{"id":45488,"href":"https:\/\/lasentinelle.dz\/index.php\/wp-json\/wp\/v2\/posts\/45487\/revisions\/45488"}],"wp:featuredmedia":[{"embeddable":true,"href":"https:\/\/lasentinelle.dz\/index.php\/wp-json\/wp\/v2\/media\/37885"}],"wp:attachment":[{"href":"https:\/\/lasentinelle.dz\/index.php\/wp-json\/wp\/v2\/media?parent=45487"}],"wp:term":[{"taxonomy":"category","embeddable":true,"href":"https:\/\/lasentinelle.dz\/index.php\/wp-json\/wp\/v2\/categories?post=45487"},{"taxonomy":"post_tag","embeddable":true,"href":"https:\/\/lasentinelle.dz\/index.php\/wp-json\/wp\/v2\/tags?post=45487"}],"curies":[{"name":"wp","href":"https:\/\/api.w.org\/{rel}","templated":true}]}}